{"id":74867,"date":"2021-12-23T19:00:00","date_gmt":"2021-12-23T22:00:00","guid":{"rendered":"http:\/\/patagoniambiental.com.ar\/info\/?p=74867"},"modified":"2021-12-23T21:39:50","modified_gmt":"2021-12-24T00:39:50","slug":"imagenes-satelitales-permiten-conocer-la-dinamica-del-fuego-en-lago-martin","status":"publish","type":"post","link":"https:\/\/patagoniambiental.com.ar\/info\/imagenes-satelitales-permiten-conocer-la-dinamica-del-fuego-en-lago-martin\/","title":{"rendered":"Im\u00e1genes satelitales permiten conocer la din\u00e1mica del fuego en Lago Martin"},"content":{"rendered":"\n<!--more-->\n\n\n\n<p><em>Bariloche, 23 de diciembre de 2021.-<\/em>&nbsp;El pasado martes 7 una tormenta el\u00e9ctrica desat\u00f3 un incendio en la zona del lago Martin,&nbsp;vecino al lago Steffen, entre Bariloche y El Bols\u00f3n. El lugar es de jurisdicci\u00f3n del Parque Nacional Nahuel Huapi y es un territorio de dif\u00edcil acceso, con vegetaci\u00f3n densa, donde predomina el bosque nativo. Desde la detecci\u00f3n del incendio se despleg\u00f3 un operativo de combate del fuego con diferentes estrategias, pero no se logr\u00f3 el control total y a\u00fan permanecen focos activos.<\/p>\n\n\n\n<p>Camilo Bagnato, investigador del Instituto de Investigaciones en Recursos Naturales, Agroecolog\u00eda y Desarrollo Rural de la Universidad Nacional de R\u00edo Negro y CONICET (IRNAD UNRN\/CONICET), analiz\u00f3 la situaci\u00f3n utilizando im\u00e1genes satelitales, que permiten analizar la din\u00e1mica del fuego. Us\u00f3 como insumo im\u00e1genes obtenidas a trav\u00e9s del sensor Sentinel-2, una misi\u00f3n de la Agencia Espacial Europea (ESA) para realizar observaciones en la Tierra, que brinda diferentes servicios como el seguimiento de la evoluci\u00f3n de los bosques, los cambios en la corteza terrestre o, como en este caso, la gesti\u00f3n de los desastres naturales.<\/p>\n\n\n\n<p>El monitoreo permite estimar el \u00e1rea afectada hasta el momento y hacer un seguimiento detallado de la evoluci\u00f3n del fuego.&nbsp;Las im\u00e1genes satelitales muestran que en los diez d\u00edas transcurridos entre el 6 y el 16 de diciembre el fuego afect\u00f3 gravemente las laderas que limitan con el extremo sur del Lago Martin. En las im\u00e1genes se puede ver el \u00e1rea afectada en color amarillo, con lo que se denomina \u201c\u00edndice espectral de severidad de incendios (NBR, por sus siglas en ingl\u00e9s)\u201d, que el d\u00eda 16 de diciembre ya alcanzaba las 496 hect\u00e1reas.<img fetchpriority=\"high\" decoding=\"async\" src=\"blob:http:\/\/patagoniambiental.com.ar\/0bbfa241-be1b-4657-beb5-a7a7cea139ba\" alt=\"AreaAfectada.png\" width=\"542\" height=\"339\"><\/p>\n\n\n\n<p>\u201cGracias a la capacidad de los sat\u00e9lites de poder observar la luz reflejada en el espectro&nbsp;infra-rojo, podemos estudiar el funcionamiento de los bosques, que en estas im\u00e1genes se aprecian en tonos rojizos\u201d, revela el investigador. En la imagen del 6 de diciembre (arriba) puede apreciarse la ladera del l\u00edmite sur del Lago Martin antes de ser afectada por el fuego. La imagen del 16 de diciembre evidencia claramente el \u00e1rea afectada por el fuego en tonalidades verdes y grises (abajo).<br><img decoding=\"async\" src=\"blob:http:\/\/patagoniambiental.com.ar\/b34643b6-2b8c-414d-9d9a-1a370abc5e34\" alt=\"Sentinel-6dic.png\" width=\"542\" height=\"321\"><img decoding=\"async\" src=\"blob:http:\/\/patagoniambiental.com.ar\/4eefdca6-df0d-4602-887a-4ad20b10ba8e\" alt=\"Sentinel-16dic.png\" width=\"542\" height=\"320\"><\/p>\n\n\n\n<p>Otras im\u00e1genes, en este caso provistas por la misi\u00f3n Planet Scope, proveen mayor detalle temporal que permite evaluar la din\u00e1mica del fuego en los \u00faltimos d\u00edas. El 15 de diciembre el fuego ya hab\u00eda afectado una porci\u00f3n importante sobre el l\u00edmite sur del Lago Martin. \u201cPor las im\u00e1genes podemos ver que el fuego, aparentemente controlado el d\u00eda 19, se reactiv\u00f3 el d\u00eda 20 y se intensific\u00f3 durante el 21 y 22, generando grandes columnas de humo que pudieron apreciarse desde la ciudad de Bariloche. La imagen del 22 de diciembre muestra la expansi\u00f3n del fuego hacia la zona del lago Steffen y evidencia que el \u00e1rea afectada supera la estimaci\u00f3n de casi 500 hect\u00e1reas realizada con las im\u00e1genes Sentinel-2. En los pr\u00f3ximos d\u00edas las nuevas capturas del sensor permitir\u00e1n estimar m\u00e1s precisamente el alcance del fuego luego del 16 de diciembre\u201d, detalla Bagnato.<img loading=\"lazy\" decoding=\"async\" src=\"blob:http:\/\/patagoniambiental.com.ar\/60290a39-710b-4b1b-9905-286fd0f0110e\" alt=\"Planet_22dic.png\" width=\"542\" height=\"268\"><\/p>\n\n\n\n<p>Bagnato es ingeniero agr\u00f3nomo y, aunque no se dedica a temas relacionados con el fuego, debido a su trabajo pudo ver las im\u00e1genes del incendio y pudo analizarlas. \u201cEn realidad trabajo en monitoreo de ecosistemas terrestres con sensores remotos. Los \u00faltimos trabajos en los que particip\u00e9 se basan principalmente en tres \u00e1reas: ampliaci\u00f3n y optimizaci\u00f3n del sistema de alerta temprana de deforestaci\u00f3n de la Argentina; sistema de pron\u00f3sticos forrajeros utilizando sensores remotos en Uruguay; y sistemas satelitales de certificaci\u00f3n de criterios de sustentabilidad para la exportaci\u00f3n de productos agr\u00edcolas\u201d, explica.<\/p>\n\n\n\n<p>A partir de estas im\u00e1genes se podr\u00e1 colaborar en los trabajos de restauraci\u00f3n del bosque, una vez que el fuego se haya extinguido.<\/p>\n\n\n\n<p><\/p>\n\n\n\n<p><\/p>\n\n\n\n<p><em>Fuente:<\/em><br>Departamento de Comunicaci\u00f3nUniversidad Nacional de R\u00edo Negro &#8211; Sede Andina\u00a0Mitre 630 1\u00ba \u00abB\u00bb &#8211; San Carlos de Bariloche(0294) 474 6118<a rel=\"noreferrer noopener\" href=\"mailto:comunicacion.andina@unrn.edu.ar\" target=\"_blank\">comunicacion.andina@unrn.edu.ar<\/a><a rel=\"noreferrer noopener\" href=\"http:\/\/www.unrn.edu.ar\/\" target=\"_blank\">www.unrn.edu.ar<\/a>Facebook: @<a rel=\"noreferrer noopener\" href=\"https:\/\/www.facebook.com\/unrnsedeandina\" target=\"_blank\">unrnsedeandina<\/a><br>Twitter: @unrnsedeandina<br>Instagram: Instagram\/@unrionegro<a rel=\"noreferrer noopener\" href=\"http:\/\/www.unrn.tv\/\" target=\"_blank\">www.unrn.tv<\/a><br>www.raund.media<\/p>\n","protected":false},"excerpt":{"rendered":"","protected":false},"author":6,"featured_media":74868,"comment_status":"open","ping_status":"open","sticky":false,"template":"","format":"standard","meta":{"site-sidebar-layout":"default","site-content-layout":"","ast-site-content-layout":"default","site-content-style":"default","site-sidebar-style":"default","ast-global-header-display":"","ast-banner-title-visibility":"","ast-main-header-display":"","ast-hfb-above-header-display":"","ast-hfb-below-header-display":"","ast-hfb-mobile-header-display":"","site-post-title":"","ast-breadcrumbs-content":"","ast-featured-img":"","footer-sml-layout":"","ast-disable-related-posts":"","theme-transparent-header-meta":"","adv-header-id-meta":"","stick-header-meta":"","header-above-stick-meta":"","header-main-stick-meta":"","header-below-stick-meta":"","astra-migrate-meta-layouts":"default","ast-page-background-enabled":"default","ast-page-background-meta":{"desktop":{"background-color":"var(--ast-global-color-5)","background-image":"","background-repeat":"repeat","background-position":"center center","background-size":"auto","background-attachment":"scroll","background-type":"","background-media":"","overlay-type":"","overlay-color":"","overlay-opacity":"","overlay-gradient":""},"tablet":{"background-color":"","background-image":"","background-repeat":"repeat","background-position":"center center","background-size":"auto","background-attachment":"scroll","background-type":"","background-media":"","overlay-type":"","overlay-color":"","overlay-opacity":"","overlay-gradient":""},"mobile":{"background-color":"","background-image":"","background-repeat":"repeat","background-position":"center center","background-size":"auto","background-attachment":"scroll","background-type":"","background-media":"","overlay-type":"","overlay-color":"","overlay-opacity":"","overlay-gradient":""}},"ast-content-background-meta":{"desktop":{"background-color":"var(--ast-global-color-4)","background-image":"","background-repeat":"repeat","background-position":"center center","background-size":"auto","background-attachment":"scroll","background-type":"","background-media":"","overlay-type":"","overlay-color":"","overlay-opacity":"","overlay-gradient":""},"tablet":{"background-color":"var(--ast-global-color-4)","background-image":"","background-repeat":"repeat","background-position":"center center","background-size":"auto","background-attachment":"scroll","background-type":"","background-media":"","overlay-type":"","overlay-color":"","overlay-opacity":"","overlay-gradient":""},"mobile":{"background-color":"var(--ast-global-color-4)","background-image":"","background-repeat":"repeat","background-position":"center center","background-size":"auto","background-attachment":"scroll","background-type":"","background-media":"","overlay-type":"","overlay-color":"","overlay-opacity":"","overlay-gradient":""}},"footnotes":""},"categories":[1,13,14],"tags":[],"class_list":["post-74867","post","type-post","status-publish","format-standard","has-post-thumbnail","hentry","category-noticias","category-provinciales","category-rio-negro"],"yoast_head":"<!-- This site is optimized with the Yoast SEO Premium plugin v23.0 (Yoast SEO v27.5) - https:\/\/yoast.com\/product\/yoast-seo-premium-wordpress\/ -->\n<title>Im\u00e1genes satelitales permiten conocer la din\u00e1mica del fuego en Lago Martin<\/title>\n<meta name=\"robots\" content=\"index, follow, max-snippet:-1, max-image-preview:large, max-video-preview:-1\" \/>\n<link rel=\"canonical\" href=\"https:\/\/patagoniambiental.com.ar\/info\/imagenes-satelitales-permiten-conocer-la-dinamica-del-fuego-en-lago-martin\/\" \/>\n<meta property=\"og:locale\" content=\"es_ES\" \/>\n<meta property=\"og:type\" content=\"article\" \/>\n<meta property=\"og:title\" content=\"Im\u00e1genes satelitales permiten conocer la din\u00e1mica del fuego en Lago Martin\" \/>\n<meta property=\"og:url\" content=\"https:\/\/patagoniambiental.com.ar\/info\/imagenes-satelitales-permiten-conocer-la-dinamica-del-fuego-en-lago-martin\/\" \/>\n<meta property=\"og:site_name\" content=\"Patagonia Ambiental\" \/>\n<meta property=\"article:publisher\" content=\"https:\/\/www.facebook.com\/patagonia.ambiental\" \/>\n<meta property=\"article:published_time\" content=\"2021-12-23T22:00:00+00:00\" \/>\n<meta property=\"article:modified_time\" content=\"2021-12-24T00:39:50+00:00\" \/>\n<meta property=\"og:image\" content=\"https:\/\/patagoniambiental.com.ar\/info\/wp-content\/uploads\/2021\/12\/thumbnail_AreaAfectada.png\" \/>\n\t<meta property=\"og:image:width\" content=\"963\" \/>\n\t<meta property=\"og:image:height\" content=\"603\" \/>\n\t<meta property=\"og:image:type\" content=\"image\/png\" \/>\n<meta name=\"author\" content=\"BRAIAN ESTEVEZ\" \/>\n<meta name=\"twitter:card\" content=\"summary_large_image\" \/>\n<meta name=\"twitter:creator\" content=\"@PatAmb\" \/>\n<meta name=\"twitter:site\" content=\"@PatAmb\" \/>\n<script type=\"application\/ld+json\" class=\"yoast-schema-graph\">{\"@context\":\"https:\\\/\\\/schema.org\",\"@graph\":[{\"@type\":\"Article\",\"@id\":\"https:\\\/\\\/patagoniambiental.com.ar\\\/info\\\/imagenes-satelitales-permiten-conocer-la-dinamica-del-fuego-en-lago-martin\\\/#article\",\"isPartOf\":{\"@id\":\"https:\\\/\\\/patagoniambiental.com.ar\\\/info\\\/imagenes-satelitales-permiten-conocer-la-dinamica-del-fuego-en-lago-martin\\\/\"},\"author\":{\"name\":\"BRAIAN ESTEVEZ\",\"@id\":\"https:\\\/\\\/patagoniambiental.com.ar\\\/info\\\/#\\\/schema\\\/person\\\/e5af09d700b2e82cb10c6b8800e0c691\"},\"headline\":\"Im\u00e1genes satelitales permiten conocer la din\u00e1mica del fuego en Lago Martin\",\"datePublished\":\"2021-12-23T22:00:00+00:00\",\"dateModified\":\"2021-12-24T00:39:50+00:00\",\"mainEntityOfPage\":{\"@id\":\"https:\\\/\\\/patagoniambiental.com.ar\\\/info\\\/imagenes-satelitales-permiten-conocer-la-dinamica-del-fuego-en-lago-martin\\\/\"},\"wordCount\":703,\"commentCount\":0,\"publisher\":{\"@id\":\"https:\\\/\\\/patagoniambiental.com.ar\\\/info\\\/#organization\"},\"image\":{\"@id\":\"https:\\\/\\\/patagoniambiental.com.ar\\\/info\\\/imagenes-satelitales-permiten-conocer-la-dinamica-del-fuego-en-lago-martin\\\/#primaryimage\"},\"thumbnailUrl\":\"https:\\\/\\\/patagoniambiental.com.ar\\\/info\\\/wp-content\\\/uploads\\\/2021\\\/12\\\/thumbnail_AreaAfectada.png\",\"articleSection\":[\"Noticias\",\"Provinciales\",\"R\u00edo Negro\"],\"inLanguage\":\"es\",\"potentialAction\":[{\"@type\":\"CommentAction\",\"name\":\"Comment\",\"target\":[\"https:\\\/\\\/patagoniambiental.com.ar\\\/info\\\/imagenes-satelitales-permiten-conocer-la-dinamica-del-fuego-en-lago-martin\\\/#respond\"]}]},{\"@type\":\"WebPage\",\"@id\":\"https:\\\/\\\/patagoniambiental.com.ar\\\/info\\\/imagenes-satelitales-permiten-conocer-la-dinamica-del-fuego-en-lago-martin\\\/\",\"url\":\"https:\\\/\\\/patagoniambiental.com.ar\\\/info\\\/imagenes-satelitales-permiten-conocer-la-dinamica-del-fuego-en-lago-martin\\\/\",\"name\":\"Im\u00e1genes satelitales permiten conocer la din\u00e1mica del fuego en Lago Martin\",\"isPartOf\":{\"@id\":\"https:\\\/\\\/patagoniambiental.com.ar\\\/info\\\/#website\"},\"primaryImageOfPage\":{\"@id\":\"https:\\\/\\\/patagoniambiental.com.ar\\\/info\\\/imagenes-satelitales-permiten-conocer-la-dinamica-del-fuego-en-lago-martin\\\/#primaryimage\"},\"image\":{\"@id\":\"https:\\\/\\\/patagoniambiental.com.ar\\\/info\\\/imagenes-satelitales-permiten-conocer-la-dinamica-del-fuego-en-lago-martin\\\/#primaryimage\"},\"thumbnailUrl\":\"https:\\\/\\\/patagoniambiental.com.ar\\\/info\\\/wp-content\\\/uploads\\\/2021\\\/12\\\/thumbnail_AreaAfectada.png\",\"datePublished\":\"2021-12-23T22:00:00+00:00\",\"dateModified\":\"2021-12-24T00:39:50+00:00\",\"breadcrumb\":{\"@id\":\"https:\\\/\\\/patagoniambiental.com.ar\\\/info\\\/imagenes-satelitales-permiten-conocer-la-dinamica-del-fuego-en-lago-martin\\\/#breadcrumb\"},\"inLanguage\":\"es\",\"potentialAction\":[{\"@type\":\"ReadAction\",\"target\":[\"https:\\\/\\\/patagoniambiental.com.ar\\\/info\\\/imagenes-satelitales-permiten-conocer-la-dinamica-del-fuego-en-lago-martin\\\/\"]}]},{\"@type\":\"ImageObject\",\"inLanguage\":\"es\",\"@id\":\"https:\\\/\\\/patagoniambiental.com.ar\\\/info\\\/imagenes-satelitales-permiten-conocer-la-dinamica-del-fuego-en-lago-martin\\\/#primaryimage\",\"url\":\"https:\\\/\\\/patagoniambiental.com.ar\\\/info\\\/wp-content\\\/uploads\\\/2021\\\/12\\\/thumbnail_AreaAfectada.png\",\"contentUrl\":\"https:\\\/\\\/patagoniambiental.com.ar\\\/info\\\/wp-content\\\/uploads\\\/2021\\\/12\\\/thumbnail_AreaAfectada.png\",\"width\":963,\"height\":603},{\"@type\":\"BreadcrumbList\",\"@id\":\"https:\\\/\\\/patagoniambiental.com.ar\\\/info\\\/imagenes-satelitales-permiten-conocer-la-dinamica-del-fuego-en-lago-martin\\\/#breadcrumb\",\"itemListElement\":[{\"@type\":\"ListItem\",\"position\":1,\"name\":\"Inicio\",\"item\":\"https:\\\/\\\/patagoniambiental.com.ar\\\/info\\\/\"},{\"@type\":\"ListItem\",\"position\":2,\"name\":\"Im\u00e1genes satelitales permiten conocer la din\u00e1mica del fuego en Lago Martin\"}]},{\"@type\":\"WebSite\",\"@id\":\"https:\\\/\\\/patagoniambiental.com.ar\\\/info\\\/#website\",\"url\":\"https:\\\/\\\/patagoniambiental.com.ar\\\/info\\\/\",\"name\":\"Patagonia Ambiental\",\"description\":\"Monitoreo y an\u00e1lisis de la situaci\u00f3n geopol\u00edtica en el mundo y su implicancia en la Patagonia\",\"publisher\":{\"@id\":\"https:\\\/\\\/patagoniambiental.com.ar\\\/info\\\/#organization\"},\"potentialAction\":[{\"@type\":\"SearchAction\",\"target\":{\"@type\":\"EntryPoint\",\"urlTemplate\":\"https:\\\/\\\/patagoniambiental.com.ar\\\/info\\\/?s={search_term_string}\"},\"query-input\":{\"@type\":\"PropertyValueSpecification\",\"valueRequired\":true,\"valueName\":\"search_term_string\"}}],\"inLanguage\":\"es\"},{\"@type\":\"Organization\",\"@id\":\"https:\\\/\\\/patagoniambiental.com.ar\\\/info\\\/#organization\",\"name\":\"Patagonia Ambiental\",\"url\":\"https:\\\/\\\/patagoniambiental.com.ar\\\/info\\\/\",\"logo\":{\"@type\":\"ImageObject\",\"inLanguage\":\"es\",\"@id\":\"https:\\\/\\\/patagoniambiental.com.ar\\\/info\\\/#\\\/schema\\\/logo\\\/image\\\/\",\"url\":\"https:\\\/\\\/patagoniambiental.com.ar\\\/info\\\/wp-content\\\/uploads\\\/2025\\\/05\\\/LOGO-PATAGONIA-AMBIENTAL.png\",\"contentUrl\":\"https:\\\/\\\/patagoniambiental.com.ar\\\/info\\\/wp-content\\\/uploads\\\/2025\\\/05\\\/LOGO-PATAGONIA-AMBIENTAL.png\",\"width\":433,\"height\":250,\"caption\":\"Patagonia Ambiental\"},\"image\":{\"@id\":\"https:\\\/\\\/patagoniambiental.com.ar\\\/info\\\/#\\\/schema\\\/logo\\\/image\\\/\"},\"sameAs\":[\"https:\\\/\\\/www.facebook.com\\\/patagonia.ambiental\",\"https:\\\/\\\/x.com\\\/PatAmb\"]},{\"@type\":\"Person\",\"@id\":\"https:\\\/\\\/patagoniambiental.com.ar\\\/info\\\/#\\\/schema\\\/person\\\/e5af09d700b2e82cb10c6b8800e0c691\",\"name\":\"BRAIAN ESTEVEZ\",\"sameAs\":[\"http:\\\/\\\/www.patagoniambiental.com.ar\"]}]}<\/script>\n<!-- \/ Yoast SEO Premium plugin. -->","yoast_head_json":{"title":"Im\u00e1genes satelitales permiten conocer la din\u00e1mica del fuego en Lago Martin","robots":{"index":"index","follow":"follow","max-snippet":"max-snippet:-1","max-image-preview":"max-image-preview:large","max-video-preview":"max-video-preview:-1"},"canonical":"https:\/\/patagoniambiental.com.ar\/info\/imagenes-satelitales-permiten-conocer-la-dinamica-del-fuego-en-lago-martin\/","og_locale":"es_ES","og_type":"article","og_title":"Im\u00e1genes satelitales permiten conocer la din\u00e1mica del fuego en Lago Martin","og_url":"https:\/\/patagoniambiental.com.ar\/info\/imagenes-satelitales-permiten-conocer-la-dinamica-del-fuego-en-lago-martin\/","og_site_name":"Patagonia Ambiental","article_publisher":"https:\/\/www.facebook.com\/patagonia.ambiental","article_published_time":"2021-12-23T22:00:00+00:00","article_modified_time":"2021-12-24T00:39:50+00:00","og_image":[{"width":963,"height":603,"url":"https:\/\/patagoniambiental.com.ar\/info\/wp-content\/uploads\/2021\/12\/thumbnail_AreaAfectada.png","type":"image\/png"}],"author":"BRAIAN ESTEVEZ","twitter_card":"summary_large_image","twitter_creator":"@PatAmb","twitter_site":"@PatAmb","schema":{"@context":"https:\/\/schema.org","@graph":[{"@type":"Article","@id":"https:\/\/patagoniambiental.com.ar\/info\/imagenes-satelitales-permiten-conocer-la-dinamica-del-fuego-en-lago-martin\/#article","isPartOf":{"@id":"https:\/\/patagoniambiental.com.ar\/info\/imagenes-satelitales-permiten-conocer-la-dinamica-del-fuego-en-lago-martin\/"},"author":{"name":"BRAIAN ESTEVEZ","@id":"https:\/\/patagoniambiental.com.ar\/info\/#\/schema\/person\/e5af09d700b2e82cb10c6b8800e0c691"},"headline":"Im\u00e1genes satelitales permiten conocer la din\u00e1mica del fuego en Lago Martin","datePublished":"2021-12-23T22:00:00+00:00","dateModified":"2021-12-24T00:39:50+00:00","mainEntityOfPage":{"@id":"https:\/\/patagoniambiental.com.ar\/info\/imagenes-satelitales-permiten-conocer-la-dinamica-del-fuego-en-lago-martin\/"},"wordCount":703,"commentCount":0,"publisher":{"@id":"https:\/\/patagoniambiental.com.ar\/info\/#organization"},"image":{"@id":"https:\/\/patagoniambiental.com.ar\/info\/imagenes-satelitales-permiten-conocer-la-dinamica-del-fuego-en-lago-martin\/#primaryimage"},"thumbnailUrl":"https:\/\/patagoniambiental.com.ar\/info\/wp-content\/uploads\/2021\/12\/thumbnail_AreaAfectada.png","articleSection":["Noticias","Provinciales","R\u00edo Negro"],"inLanguage":"es","potentialAction":[{"@type":"CommentAction","name":"Comment","target":["https:\/\/patagoniambiental.com.ar\/info\/imagenes-satelitales-permiten-conocer-la-dinamica-del-fuego-en-lago-martin\/#respond"]}]},{"@type":"WebPage","@id":"https:\/\/patagoniambiental.com.ar\/info\/imagenes-satelitales-permiten-conocer-la-dinamica-del-fuego-en-lago-martin\/","url":"https:\/\/patagoniambiental.com.ar\/info\/imagenes-satelitales-permiten-conocer-la-dinamica-del-fuego-en-lago-martin\/","name":"Im\u00e1genes satelitales permiten conocer la din\u00e1mica del fuego en Lago Martin","isPartOf":{"@id":"https:\/\/patagoniambiental.com.ar\/info\/#website"},"primaryImageOfPage":{"@id":"https:\/\/patagoniambiental.com.ar\/info\/imagenes-satelitales-permiten-conocer-la-dinamica-del-fuego-en-lago-martin\/#primaryimage"},"image":{"@id":"https:\/\/patagoniambiental.com.ar\/info\/imagenes-satelitales-permiten-conocer-la-dinamica-del-fuego-en-lago-martin\/#primaryimage"},"thumbnailUrl":"https:\/\/patagoniambiental.com.ar\/info\/wp-content\/uploads\/2021\/12\/thumbnail_AreaAfectada.png","datePublished":"2021-12-23T22:00:00+00:00","dateModified":"2021-12-24T00:39:50+00:00","breadcrumb":{"@id":"https:\/\/patagoniambiental.com.ar\/info\/imagenes-satelitales-permiten-conocer-la-dinamica-del-fuego-en-lago-martin\/#breadcrumb"},"inLanguage":"es","potentialAction":[{"@type":"ReadAction","target":["https:\/\/patagoniambiental.com.ar\/info\/imagenes-satelitales-permiten-conocer-la-dinamica-del-fuego-en-lago-martin\/"]}]},{"@type":"ImageObject","inLanguage":"es","@id":"https:\/\/patagoniambiental.com.ar\/info\/imagenes-satelitales-permiten-conocer-la-dinamica-del-fuego-en-lago-martin\/#primaryimage","url":"https:\/\/patagoniambiental.com.ar\/info\/wp-content\/uploads\/2021\/12\/thumbnail_AreaAfectada.png","contentUrl":"https:\/\/patagoniambiental.com.ar\/info\/wp-content\/uploads\/2021\/12\/thumbnail_AreaAfectada.png","width":963,"height":603},{"@type":"BreadcrumbList","@id":"https:\/\/patagoniambiental.com.ar\/info\/imagenes-satelitales-permiten-conocer-la-dinamica-del-fuego-en-lago-martin\/#breadcrumb","itemListElement":[{"@type":"ListItem","position":1,"name":"Inicio","item":"https:\/\/patagoniambiental.com.ar\/info\/"},{"@type":"ListItem","position":2,"name":"Im\u00e1genes satelitales permiten conocer la din\u00e1mica del fuego en Lago Martin"}]},{"@type":"WebSite","@id":"https:\/\/patagoniambiental.com.ar\/info\/#website","url":"https:\/\/patagoniambiental.com.ar\/info\/","name":"Patagonia Ambiental","description":"Monitoreo y an\u00e1lisis de la situaci\u00f3n geopol\u00edtica en el mundo y su implicancia en la Patagonia","publisher":{"@id":"https:\/\/patagoniambiental.com.ar\/info\/#organization"},"potentialAction":[{"@type":"SearchAction","target":{"@type":"EntryPoint","urlTemplate":"https:\/\/patagoniambiental.com.ar\/info\/?s={search_term_string}"},"query-input":{"@type":"PropertyValueSpecification","valueRequired":true,"valueName":"search_term_string"}}],"inLanguage":"es"},{"@type":"Organization","@id":"https:\/\/patagoniambiental.com.ar\/info\/#organization","name":"Patagonia Ambiental","url":"https:\/\/patagoniambiental.com.ar\/info\/","logo":{"@type":"ImageObject","inLanguage":"es","@id":"https:\/\/patagoniambiental.com.ar\/info\/#\/schema\/logo\/image\/","url":"https:\/\/patagoniambiental.com.ar\/info\/wp-content\/uploads\/2025\/05\/LOGO-PATAGONIA-AMBIENTAL.png","contentUrl":"https:\/\/patagoniambiental.com.ar\/info\/wp-content\/uploads\/2025\/05\/LOGO-PATAGONIA-AMBIENTAL.png","width":433,"height":250,"caption":"Patagonia Ambiental"},"image":{"@id":"https:\/\/patagoniambiental.com.ar\/info\/#\/schema\/logo\/image\/"},"sameAs":["https:\/\/www.facebook.com\/patagonia.ambiental","https:\/\/x.com\/PatAmb"]},{"@type":"Person","@id":"https:\/\/patagoniambiental.com.ar\/info\/#\/schema\/person\/e5af09d700b2e82cb10c6b8800e0c691","name":"BRAIAN ESTEVEZ","sameAs":["http:\/\/www.patagoniambiental.com.ar"]}]}},"_links":{"self":[{"href":"https:\/\/patagoniambiental.com.ar\/info\/wp-json\/wp\/v2\/posts\/74867","targetHints":{"allow":["GET"]}}],"collection":[{"href":"https:\/\/patagoniambiental.com.ar\/info\/wp-json\/wp\/v2\/posts"}],"about":[{"href":"https:\/\/patagoniambiental.com.ar\/info\/wp-json\/wp\/v2\/types\/post"}],"author":[{"embeddable":true,"href":"https:\/\/patagoniambiental.com.ar\/info\/wp-json\/wp\/v2\/users\/6"}],"replies":[{"embeddable":true,"href":"https:\/\/patagoniambiental.com.ar\/info\/wp-json\/wp\/v2\/comments?post=74867"}],"version-history":[{"count":0,"href":"https:\/\/patagoniambiental.com.ar\/info\/wp-json\/wp\/v2\/posts\/74867\/revisions"}],"wp:featuredmedia":[{"embeddable":true,"href":"https:\/\/patagoniambiental.com.ar\/info\/wp-json\/wp\/v2\/media\/74868"}],"wp:attachment":[{"href":"https:\/\/patagoniambiental.com.ar\/info\/wp-json\/wp\/v2\/media?parent=74867"}],"wp:term":[{"taxonomy":"category","embeddable":true,"href":"https:\/\/patagoniambiental.com.ar\/info\/wp-json\/wp\/v2\/categories?post=74867"},{"taxonomy":"post_tag","embeddable":true,"href":"https:\/\/patagoniambiental.com.ar\/info\/wp-json\/wp\/v2\/tags?post=74867"}],"curies":[{"name":"wp","href":"https:\/\/api.w.org\/{rel}","templated":true}]}}