{"id":74870,"date":"2021-12-22T19:00:00","date_gmt":"2021-12-22T22:00:00","guid":{"rendered":"http:\/\/patagoniambiental.com.ar\/info\/?p=74870"},"modified":"2021-12-23T21:49:39","modified_gmt":"2021-12-24T00:49:39","slug":"egresaron-los-dos-primeros-ingenieros-en-telecomunicaciones-de-la-unrn-sede-andina","status":"publish","type":"post","link":"https:\/\/patagoniambiental.com.ar\/info\/egresaron-los-dos-primeros-ingenieros-en-telecomunicaciones-de-la-unrn-sede-andina\/","title":{"rendered":"Egresaron los dos primeros Ingenieros en Telecomunicaciones de la UNRN Sede Andina"},"content":{"rendered":"\n<!--more-->\n\n\n\n<p><em>Bariloche, 22 de diciembre de 2021.<\/em>&nbsp;El lunes 20 de diciembre se realiz\u00f3 la defensa del trabajo final de los dos primeros egresados de la carrera de Ingenier\u00eda en Telecomunicaciones de la Sede Andina de la Universidad Nacional de R\u00edo Negro (UNRN).<\/p>\n\n\n\n<p>Se trata Lautaro Lobos y Diego Cejas, quienes defendieron su trabajo titulado \u201cDise\u00f1o e implementaci\u00f3n de una red privada para relevar balizas GPS y sistema de mensajer\u00eda\u201d, dirigidos por el ingeniero Guillermo Wiefling y codirigdo por el licenciado Rodrigo S\u00e1nchez. Obtuvieron como calificaci\u00f3n un 9. El jurado titular estuvo compuesto por Guillermo Wiefling, Jos\u00e9 Luis Roca y Guillermo G\u00f3mez.<\/p>\n\n\n\n<p>Para el Vicerrector, Diego Aguiar, \u00absi la Argentina quiere construir un modelo tecnoproductivo, con producci\u00f3n de alto valor agregado, debe obligatoriamente formar ingenieros. Actualmente hay una alta demanda de profesionales de estas disciplinas; con estos dos primeros graduados en Telecomunicaciones de la UNRN Sede Andina estamos contribuyendo a este modelo, en el que el desarrollo de la tecnolog\u00eda es fundamental para lograr un pa\u00eds con autonom\u00eda tecnol\u00f3gica\u00bb.<\/p>\n\n\n\n<p>En el trabajo, los egresados dise\u00f1aron una red para relevar balizas de GPS (balizas de geolocalizaci\u00f3n), con el objetivo de realizar e implementar una plataforma de monitoreo remoto para b\u00fasqueda de personas en zonas sin cobertura, como los senderos de monta\u00f1a, por ejemplo, o para buscar s\u00edntomas de COVID y rastrear a personas posiblemente contagiadas.<\/p>\n\n\n\n<p>\u201cBariloche es uno de los principales atractivos tur\u00edsticos de la Argentina, todos los a\u00f1os arriban alrededor de 700.000 turistas. La cantidad de gente que se adentra a los senderos monta\u00f1osos o decide dar un paseo en kayak por los lagos, sin tener los conocimientos m\u00ednimos necesarios de la zona, y se pierde es proporcional a la cantidad de turistas que visitan la ciudad, raz\u00f3n por la cual se decidi\u00f3 emprender esta Tesina, con el fin de armar amplias redes privadas de relevamiento de balizas GPS utilizando las tecnolog\u00edas que est\u00e1n en pleno auge, crecimiento e implementaci\u00f3n\u201d, explican los autores del trabajo.<\/p>\n\n\n\n<p>\u201cNuestro proyecto es una plataforma prototipo basada en Internet de las cosas (IoT) que realiza seguimiento a personas que transitan en lugares remotos mediante un GPS. Este proyecto puede ayudar a la conservaci\u00f3n ambiental, funcionar como seguro de vida en la monta\u00f1a, optimizar tiempos y recursos humanos disponibles para una emergencia y beneficiar al turismo y comercio en nuestra ciudad\u201d.<\/p>\n\n\n\n<p><em>Fuente: <\/em><br>Departamento de Comunicaci\u00f3nUniversidad Nacional de R\u00edo Negro &#8211; Sede Andina\u00a0Mitre 630 1\u00ba \u00abB\u00bb &#8211; San Carlos de Bariloche(0294) 474 6118<a rel=\"noreferrer noopener\" href=\"mailto:comunicacion.andina@unrn.edu.ar\" target=\"_blank\">comunicacion.andina@unrn.edu.ar<\/a><a rel=\"noreferrer noopener\" href=\"http:\/\/www.unrn.edu.ar\/\" target=\"_blank\">www.unrn.edu.ar<\/a>Facebook: @<a rel=\"noreferrer noopener\" href=\"https:\/\/www.facebook.com\/unrnsedeandina\" target=\"_blank\">unrnsedeandina<\/a><br>Twitter: @unrnsedeandina<br>Instagram: Instagram\/@unrionegro<a rel=\"noreferrer noopener\" href=\"http:\/\/www.unrn.tv\/\" target=\"_blank\">www.unrn.tv<\/a><br>www.raund.media<\/p>\n","protected":false},"excerpt":{"rendered":"","protected":false},"author":6,"featured_media":74871,"comment_status":"open","ping_status":"open","sticky":false,"template":"","format":"standard","meta":{"site-sidebar-layout":"default","site-content-layout":"","ast-site-content-layout":"default","site-content-style":"default","site-sidebar-style":"default","ast-global-header-display":"","ast-banner-title-visibility":"","ast-main-header-display":"","ast-hfb-above-header-display":"","ast-hfb-below-header-display":"","ast-hfb-mobile-header-display":"","site-post-title":"","ast-breadcrumbs-content":"","ast-featured-img":"","footer-sml-layout":"","ast-disable-related-posts":"","theme-transparent-header-meta":"","adv-header-id-meta":"","stick-header-meta":"","header-above-stick-meta":"","header-main-stick-meta":"","header-below-stick-meta":"","astra-migrate-meta-layouts":"default","ast-page-background-enabled":"default","ast-page-background-meta":{"desktop":{"background-color":"var(--ast-global-color-5)","background-image":"","background-repeat":"repeat","background-position":"center center","background-size":"auto","background-attachment":"scroll","background-type":"","background-media":"","overlay-type":"","overlay-color":"","overlay-opacity":"","overlay-gradient":""},"tablet":{"background-color":"","background-image":"","background-repeat":"repeat","background-position":"center center","background-size":"auto","background-attachment":"scroll","background-type":"","background-media":"","overlay-type":"","overlay-color":"","overlay-opacity":"","overlay-gradient":""},"mobile":{"background-color":"","background-image":"","background-repeat":"repeat","background-position":"center center","background-size":"auto","background-attachment":"scroll","background-type":"","background-media":"","overlay-type":"","overlay-color":"","overlay-opacity":"","overlay-gradient":""}},"ast-content-background-meta":{"desktop":{"background-color":"var(--ast-global-color-4)","background-image":"","background-repeat":"repeat","background-position":"center center","background-size":"auto","background-attachment":"scroll","background-type":"","background-media":"","overlay-type":"","overlay-color":"","overlay-opacity":"","overlay-gradient":""},"tablet":{"background-color":"var(--ast-global-color-4)","background-image":"","background-repeat":"repeat","background-position":"center center","background-size":"auto","background-attachment":"scroll","background-type":"","background-media":"","overlay-type":"","overlay-color":"","overlay-opacity":"","overlay-gradient":""},"mobile":{"background-color":"var(--ast-global-color-4)","background-image":"","background-repeat":"repeat","background-position":"center center","background-size":"auto","background-attachment":"scroll","background-type":"","background-media":"","overlay-type":"","overlay-color":"","overlay-opacity":"","overlay-gradient":""}},"footnotes":""},"categories":[11,1,13,14,10],"tags":[],"class_list":["post-74870","post","type-post","status-publish","format-standard","has-post-thumbnail","hentry","category-boletin","category-noticias","category-provinciales","category-rio-negro","category-rotador"],"yoast_head":"<!-- This site is optimized with the Yoast SEO Premium plugin v23.0 (Yoast SEO v27.5) - https:\/\/yoast.com\/product\/yoast-seo-premium-wordpress\/ -->\n<title>Egresaron los dos primeros Ingenieros en Telecomunicaciones de la UNRN Sede Andina<\/title>\n<meta name=\"robots\" content=\"index, follow, max-snippet:-1, max-image-preview:large, max-video-preview:-1\" \/>\n<link rel=\"canonical\" href=\"https:\/\/patagoniambiental.com.ar\/info\/egresaron-los-dos-primeros-ingenieros-en-telecomunicaciones-de-la-unrn-sede-andina\/\" \/>\n<meta property=\"og:locale\" content=\"es_ES\" \/>\n<meta property=\"og:type\" content=\"article\" \/>\n<meta property=\"og:title\" content=\"Egresaron los dos primeros Ingenieros en Telecomunicaciones de la UNRN Sede Andina\" \/>\n<meta property=\"og:url\" content=\"https:\/\/patagoniambiental.com.ar\/info\/egresaron-los-dos-primeros-ingenieros-en-telecomunicaciones-de-la-unrn-sede-andina\/\" \/>\n<meta property=\"og:site_name\" content=\"Patagonia Ambiental\" \/>\n<meta property=\"article:publisher\" content=\"https:\/\/www.facebook.com\/patagonia.ambiental\" \/>\n<meta property=\"article:published_time\" content=\"2021-12-22T22:00:00+00:00\" \/>\n<meta property=\"article:modified_time\" content=\"2021-12-24T00:49:39+00:00\" \/>\n<meta property=\"og:image\" content=\"https:\/\/patagoniambiental.com.ar\/info\/wp-content\/uploads\/2021\/12\/thumbnail_Primeros-egresados-teleco.jpg\" \/>\n\t<meta property=\"og:image:width\" content=\"1228\" \/>\n\t<meta property=\"og:image:height\" content=\"691\" \/>\n\t<meta property=\"og:image:type\" content=\"image\/jpeg\" \/>\n<meta name=\"author\" content=\"BRAIAN ESTEVEZ\" \/>\n<meta name=\"twitter:card\" content=\"summary_large_image\" \/>\n<meta name=\"twitter:creator\" content=\"@PatAmb\" \/>\n<meta name=\"twitter:site\" content=\"@PatAmb\" \/>\n<script type=\"application\/ld+json\" class=\"yoast-schema-graph\">{\"@context\":\"https:\\\/\\\/schema.org\",\"@graph\":[{\"@type\":\"Article\",\"@id\":\"https:\\\/\\\/patagoniambiental.com.ar\\\/info\\\/egresaron-los-dos-primeros-ingenieros-en-telecomunicaciones-de-la-unrn-sede-andina\\\/#article\",\"isPartOf\":{\"@id\":\"https:\\\/\\\/patagoniambiental.com.ar\\\/info\\\/egresaron-los-dos-primeros-ingenieros-en-telecomunicaciones-de-la-unrn-sede-andina\\\/\"},\"author\":{\"name\":\"BRAIAN ESTEVEZ\",\"@id\":\"https:\\\/\\\/patagoniambiental.com.ar\\\/info\\\/#\\\/schema\\\/person\\\/e5af09d700b2e82cb10c6b8800e0c691\"},\"headline\":\"Egresaron los dos primeros Ingenieros en Telecomunicaciones de la UNRN Sede Andina\",\"datePublished\":\"2021-12-22T22:00:00+00:00\",\"dateModified\":\"2021-12-24T00:49:39+00:00\",\"mainEntityOfPage\":{\"@id\":\"https:\\\/\\\/patagoniambiental.com.ar\\\/info\\\/egresaron-los-dos-primeros-ingenieros-en-telecomunicaciones-de-la-unrn-sede-andina\\\/\"},\"wordCount\":459,\"commentCount\":0,\"publisher\":{\"@id\":\"https:\\\/\\\/patagoniambiental.com.ar\\\/info\\\/#organization\"},\"image\":{\"@id\":\"https:\\\/\\\/patagoniambiental.com.ar\\\/info\\\/egresaron-los-dos-primeros-ingenieros-en-telecomunicaciones-de-la-unrn-sede-andina\\\/#primaryimage\"},\"thumbnailUrl\":\"https:\\\/\\\/patagoniambiental.com.ar\\\/info\\\/wp-content\\\/uploads\\\/2021\\\/12\\\/thumbnail_Primeros-egresados-teleco.jpg\",\"articleSection\":[\"Bolet\u00edn\",\"Noticias\",\"Provinciales\",\"R\u00edo Negro\",\"Rotador\"],\"inLanguage\":\"es\",\"potentialAction\":[{\"@type\":\"CommentAction\",\"name\":\"Comment\",\"target\":[\"https:\\\/\\\/patagoniambiental.com.ar\\\/info\\\/egresaron-los-dos-primeros-ingenieros-en-telecomunicaciones-de-la-unrn-sede-andina\\\/#respond\"]}]},{\"@type\":\"WebPage\",\"@id\":\"https:\\\/\\\/patagoniambiental.com.ar\\\/info\\\/egresaron-los-dos-primeros-ingenieros-en-telecomunicaciones-de-la-unrn-sede-andina\\\/\",\"url\":\"https:\\\/\\\/patagoniambiental.com.ar\\\/info\\\/egresaron-los-dos-primeros-ingenieros-en-telecomunicaciones-de-la-unrn-sede-andina\\\/\",\"name\":\"Egresaron los dos primeros Ingenieros en Telecomunicaciones de la UNRN Sede Andina\",\"isPartOf\":{\"@id\":\"https:\\\/\\\/patagoniambiental.com.ar\\\/info\\\/#website\"},\"primaryImageOfPage\":{\"@id\":\"https:\\\/\\\/patagoniambiental.com.ar\\\/info\\\/egresaron-los-dos-primeros-ingenieros-en-telecomunicaciones-de-la-unrn-sede-andina\\\/#primaryimage\"},\"image\":{\"@id\":\"https:\\\/\\\/patagoniambiental.com.ar\\\/info\\\/egresaron-los-dos-primeros-ingenieros-en-telecomunicaciones-de-la-unrn-sede-andina\\\/#primaryimage\"},\"thumbnailUrl\":\"https:\\\/\\\/patagoniambiental.com.ar\\\/info\\\/wp-content\\\/uploads\\\/2021\\\/12\\\/thumbnail_Primeros-egresados-teleco.jpg\",\"datePublished\":\"2021-12-22T22:00:00+00:00\",\"dateModified\":\"2021-12-24T00:49:39+00:00\",\"breadcrumb\":{\"@id\":\"https:\\\/\\\/patagoniambiental.com.ar\\\/info\\\/egresaron-los-dos-primeros-ingenieros-en-telecomunicaciones-de-la-unrn-sede-andina\\\/#breadcrumb\"},\"inLanguage\":\"es\",\"potentialAction\":[{\"@type\":\"ReadAction\",\"target\":[\"https:\\\/\\\/patagoniambiental.com.ar\\\/info\\\/egresaron-los-dos-primeros-ingenieros-en-telecomunicaciones-de-la-unrn-sede-andina\\\/\"]}]},{\"@type\":\"ImageObject\",\"inLanguage\":\"es\",\"@id\":\"https:\\\/\\\/patagoniambiental.com.ar\\\/info\\\/egresaron-los-dos-primeros-ingenieros-en-telecomunicaciones-de-la-unrn-sede-andina\\\/#primaryimage\",\"url\":\"https:\\\/\\\/patagoniambiental.com.ar\\\/info\\\/wp-content\\\/uploads\\\/2021\\\/12\\\/thumbnail_Primeros-egresados-teleco.jpg\",\"contentUrl\":\"https:\\\/\\\/patagoniambiental.com.ar\\\/info\\\/wp-content\\\/uploads\\\/2021\\\/12\\\/thumbnail_Primeros-egresados-teleco.jpg\",\"width\":1066,\"height\":600},{\"@type\":\"BreadcrumbList\",\"@id\":\"https:\\\/\\\/patagoniambiental.com.ar\\\/info\\\/egresaron-los-dos-primeros-ingenieros-en-telecomunicaciones-de-la-unrn-sede-andina\\\/#breadcrumb\",\"itemListElement\":[{\"@type\":\"ListItem\",\"position\":1,\"name\":\"Inicio\",\"item\":\"https:\\\/\\\/patagoniambiental.com.ar\\\/info\\\/\"},{\"@type\":\"ListItem\",\"position\":2,\"name\":\"Egresaron los dos primeros Ingenieros en Telecomunicaciones de la UNRN Sede Andina\"}]},{\"@type\":\"WebSite\",\"@id\":\"https:\\\/\\\/patagoniambiental.com.ar\\\/info\\\/#website\",\"url\":\"https:\\\/\\\/patagoniambiental.com.ar\\\/info\\\/\",\"name\":\"Patagonia Ambiental\",\"description\":\"Monitoreo y an\u00e1lisis de la situaci\u00f3n geopol\u00edtica en el mundo y su implicancia en la Patagonia\",\"publisher\":{\"@id\":\"https:\\\/\\\/patagoniambiental.com.ar\\\/info\\\/#organization\"},\"potentialAction\":[{\"@type\":\"SearchAction\",\"target\":{\"@type\":\"EntryPoint\",\"urlTemplate\":\"https:\\\/\\\/patagoniambiental.com.ar\\\/info\\\/?s={search_term_string}\"},\"query-input\":{\"@type\":\"PropertyValueSpecification\",\"valueRequired\":true,\"valueName\":\"search_term_string\"}}],\"inLanguage\":\"es\"},{\"@type\":\"Organization\",\"@id\":\"https:\\\/\\\/patagoniambiental.com.ar\\\/info\\\/#organization\",\"name\":\"Patagonia Ambiental\",\"url\":\"https:\\\/\\\/patagoniambiental.com.ar\\\/info\\\/\",\"logo\":{\"@type\":\"ImageObject\",\"inLanguage\":\"es\",\"@id\":\"https:\\\/\\\/patagoniambiental.com.ar\\\/info\\\/#\\\/schema\\\/logo\\\/image\\\/\",\"url\":\"https:\\\/\\\/patagoniambiental.com.ar\\\/info\\\/wp-content\\\/uploads\\\/2025\\\/05\\\/LOGO-PATAGONIA-AMBIENTAL.png\",\"contentUrl\":\"https:\\\/\\\/patagoniambiental.com.ar\\\/info\\\/wp-content\\\/uploads\\\/2025\\\/05\\\/LOGO-PATAGONIA-AMBIENTAL.png\",\"width\":433,\"height\":250,\"caption\":\"Patagonia Ambiental\"},\"image\":{\"@id\":\"https:\\\/\\\/patagoniambiental.com.ar\\\/info\\\/#\\\/schema\\\/logo\\\/image\\\/\"},\"sameAs\":[\"https:\\\/\\\/www.facebook.com\\\/patagonia.ambiental\",\"https:\\\/\\\/x.com\\\/PatAmb\"]},{\"@type\":\"Person\",\"@id\":\"https:\\\/\\\/patagoniambiental.com.ar\\\/info\\\/#\\\/schema\\\/person\\\/e5af09d700b2e82cb10c6b8800e0c691\",\"name\":\"BRAIAN ESTEVEZ\",\"sameAs\":[\"http:\\\/\\\/www.patagoniambiental.com.ar\"]}]}<\/script>\n<!-- \/ Yoast SEO Premium plugin. -->","yoast_head_json":{"title":"Egresaron los dos primeros Ingenieros en Telecomunicaciones de la UNRN Sede Andina","robots":{"index":"index","follow":"follow","max-snippet":"max-snippet:-1","max-image-preview":"max-image-preview:large","max-video-preview":"max-video-preview:-1"},"canonical":"https:\/\/patagoniambiental.com.ar\/info\/egresaron-los-dos-primeros-ingenieros-en-telecomunicaciones-de-la-unrn-sede-andina\/","og_locale":"es_ES","og_type":"article","og_title":"Egresaron los dos primeros Ingenieros en Telecomunicaciones de la UNRN Sede Andina","og_url":"https:\/\/patagoniambiental.com.ar\/info\/egresaron-los-dos-primeros-ingenieros-en-telecomunicaciones-de-la-unrn-sede-andina\/","og_site_name":"Patagonia Ambiental","article_publisher":"https:\/\/www.facebook.com\/patagonia.ambiental","article_published_time":"2021-12-22T22:00:00+00:00","article_modified_time":"2021-12-24T00:49:39+00:00","og_image":[{"width":1228,"height":691,"url":"https:\/\/patagoniambiental.com.ar\/info\/wp-content\/uploads\/2021\/12\/thumbnail_Primeros-egresados-teleco.jpg","type":"image\/jpeg"}],"author":"BRAIAN ESTEVEZ","twitter_card":"summary_large_image","twitter_creator":"@PatAmb","twitter_site":"@PatAmb","schema":{"@context":"https:\/\/schema.org","@graph":[{"@type":"Article","@id":"https:\/\/patagoniambiental.com.ar\/info\/egresaron-los-dos-primeros-ingenieros-en-telecomunicaciones-de-la-unrn-sede-andina\/#article","isPartOf":{"@id":"https:\/\/patagoniambiental.com.ar\/info\/egresaron-los-dos-primeros-ingenieros-en-telecomunicaciones-de-la-unrn-sede-andina\/"},"author":{"name":"BRAIAN ESTEVEZ","@id":"https:\/\/patagoniambiental.com.ar\/info\/#\/schema\/person\/e5af09d700b2e82cb10c6b8800e0c691"},"headline":"Egresaron los dos primeros Ingenieros en Telecomunicaciones de la UNRN Sede Andina","datePublished":"2021-12-22T22:00:00+00:00","dateModified":"2021-12-24T00:49:39+00:00","mainEntityOfPage":{"@id":"https:\/\/patagoniambiental.com.ar\/info\/egresaron-los-dos-primeros-ingenieros-en-telecomunicaciones-de-la-unrn-sede-andina\/"},"wordCount":459,"commentCount":0,"publisher":{"@id":"https:\/\/patagoniambiental.com.ar\/info\/#organization"},"image":{"@id":"https:\/\/patagoniambiental.com.ar\/info\/egresaron-los-dos-primeros-ingenieros-en-telecomunicaciones-de-la-unrn-sede-andina\/#primaryimage"},"thumbnailUrl":"https:\/\/patagoniambiental.com.ar\/info\/wp-content\/uploads\/2021\/12\/thumbnail_Primeros-egresados-teleco.jpg","articleSection":["Bolet\u00edn","Noticias","Provinciales","R\u00edo Negro","Rotador"],"inLanguage":"es","potentialAction":[{"@type":"CommentAction","name":"Comment","target":["https:\/\/patagoniambiental.com.ar\/info\/egresaron-los-dos-primeros-ingenieros-en-telecomunicaciones-de-la-unrn-sede-andina\/#respond"]}]},{"@type":"WebPage","@id":"https:\/\/patagoniambiental.com.ar\/info\/egresaron-los-dos-primeros-ingenieros-en-telecomunicaciones-de-la-unrn-sede-andina\/","url":"https:\/\/patagoniambiental.com.ar\/info\/egresaron-los-dos-primeros-ingenieros-en-telecomunicaciones-de-la-unrn-sede-andina\/","name":"Egresaron los dos primeros Ingenieros en Telecomunicaciones de la UNRN Sede Andina","isPartOf":{"@id":"https:\/\/patagoniambiental.com.ar\/info\/#website"},"primaryImageOfPage":{"@id":"https:\/\/patagoniambiental.com.ar\/info\/egresaron-los-dos-primeros-ingenieros-en-telecomunicaciones-de-la-unrn-sede-andina\/#primaryimage"},"image":{"@id":"https:\/\/patagoniambiental.com.ar\/info\/egresaron-los-dos-primeros-ingenieros-en-telecomunicaciones-de-la-unrn-sede-andina\/#primaryimage"},"thumbnailUrl":"https:\/\/patagoniambiental.com.ar\/info\/wp-content\/uploads\/2021\/12\/thumbnail_Primeros-egresados-teleco.jpg","datePublished":"2021-12-22T22:00:00+00:00","dateModified":"2021-12-24T00:49:39+00:00","breadcrumb":{"@id":"https:\/\/patagoniambiental.com.ar\/info\/egresaron-los-dos-primeros-ingenieros-en-telecomunicaciones-de-la-unrn-sede-andina\/#breadcrumb"},"inLanguage":"es","potentialAction":[{"@type":"ReadAction","target":["https:\/\/patagoniambiental.com.ar\/info\/egresaron-los-dos-primeros-ingenieros-en-telecomunicaciones-de-la-unrn-sede-andina\/"]}]},{"@type":"ImageObject","inLanguage":"es","@id":"https:\/\/patagoniambiental.com.ar\/info\/egresaron-los-dos-primeros-ingenieros-en-telecomunicaciones-de-la-unrn-sede-andina\/#primaryimage","url":"https:\/\/patagoniambiental.com.ar\/info\/wp-content\/uploads\/2021\/12\/thumbnail_Primeros-egresados-teleco.jpg","contentUrl":"https:\/\/patagoniambiental.com.ar\/info\/wp-content\/uploads\/2021\/12\/thumbnail_Primeros-egresados-teleco.jpg","width":1066,"height":600},{"@type":"BreadcrumbList","@id":"https:\/\/patagoniambiental.com.ar\/info\/egresaron-los-dos-primeros-ingenieros-en-telecomunicaciones-de-la-unrn-sede-andina\/#breadcrumb","itemListElement":[{"@type":"ListItem","position":1,"name":"Inicio","item":"https:\/\/patagoniambiental.com.ar\/info\/"},{"@type":"ListItem","position":2,"name":"Egresaron los dos primeros Ingenieros en Telecomunicaciones de la UNRN Sede Andina"}]},{"@type":"WebSite","@id":"https:\/\/patagoniambiental.com.ar\/info\/#website","url":"https:\/\/patagoniambiental.com.ar\/info\/","name":"Patagonia Ambiental","description":"Monitoreo y an\u00e1lisis de la situaci\u00f3n geopol\u00edtica en el mundo y su implicancia en la Patagonia","publisher":{"@id":"https:\/\/patagoniambiental.com.ar\/info\/#organization"},"potentialAction":[{"@type":"SearchAction","target":{"@type":"EntryPoint","urlTemplate":"https:\/\/patagoniambiental.com.ar\/info\/?s={search_term_string}"},"query-input":{"@type":"PropertyValueSpecification","valueRequired":true,"valueName":"search_term_string"}}],"inLanguage":"es"},{"@type":"Organization","@id":"https:\/\/patagoniambiental.com.ar\/info\/#organization","name":"Patagonia Ambiental","url":"https:\/\/patagoniambiental.com.ar\/info\/","logo":{"@type":"ImageObject","inLanguage":"es","@id":"https:\/\/patagoniambiental.com.ar\/info\/#\/schema\/logo\/image\/","url":"https:\/\/patagoniambiental.com.ar\/info\/wp-content\/uploads\/2025\/05\/LOGO-PATAGONIA-AMBIENTAL.png","contentUrl":"https:\/\/patagoniambiental.com.ar\/info\/wp-content\/uploads\/2025\/05\/LOGO-PATAGONIA-AMBIENTAL.png","width":433,"height":250,"caption":"Patagonia Ambiental"},"image":{"@id":"https:\/\/patagoniambiental.com.ar\/info\/#\/schema\/logo\/image\/"},"sameAs":["https:\/\/www.facebook.com\/patagonia.ambiental","https:\/\/x.com\/PatAmb"]},{"@type":"Person","@id":"https:\/\/patagoniambiental.com.ar\/info\/#\/schema\/person\/e5af09d700b2e82cb10c6b8800e0c691","name":"BRAIAN ESTEVEZ","sameAs":["http:\/\/www.patagoniambiental.com.ar"]}]}},"_links":{"self":[{"href":"https:\/\/patagoniambiental.com.ar\/info\/wp-json\/wp\/v2\/posts\/74870","targetHints":{"allow":["GET"]}}],"collection":[{"href":"https:\/\/patagoniambiental.com.ar\/info\/wp-json\/wp\/v2\/posts"}],"about":[{"href":"https:\/\/patagoniambiental.com.ar\/info\/wp-json\/wp\/v2\/types\/post"}],"author":[{"embeddable":true,"href":"https:\/\/patagoniambiental.com.ar\/info\/wp-json\/wp\/v2\/users\/6"}],"replies":[{"embeddable":true,"href":"https:\/\/patagoniambiental.com.ar\/info\/wp-json\/wp\/v2\/comments?post=74870"}],"version-history":[{"count":0,"href":"https:\/\/patagoniambiental.com.ar\/info\/wp-json\/wp\/v2\/posts\/74870\/revisions"}],"wp:featuredmedia":[{"embeddable":true,"href":"https:\/\/patagoniambiental.com.ar\/info\/wp-json\/wp\/v2\/media\/74871"}],"wp:attachment":[{"href":"https:\/\/patagoniambiental.com.ar\/info\/wp-json\/wp\/v2\/media?parent=74870"}],"wp:term":[{"taxonomy":"category","embeddable":true,"href":"https:\/\/patagoniambiental.com.ar\/info\/wp-json\/wp\/v2\/categories?post=74870"},{"taxonomy":"post_tag","embeddable":true,"href":"https:\/\/patagoniambiental.com.ar\/info\/wp-json\/wp\/v2\/tags?post=74870"}],"curies":[{"name":"wp","href":"https:\/\/api.w.org\/{rel}","templated":true}]}}