{"id":7488,"date":"2015-01-27T17:30:09","date_gmt":"2015-01-27T20:30:09","guid":{"rendered":"http:\/\/patagoniambiental.com.ar\/?p=7488"},"modified":"2015-01-27T17:30:09","modified_gmt":"2015-01-27T20:30:09","slug":"la-caru-monitorea-la-calidad-del-agua-del-rio-uruguay","status":"publish","type":"post","link":"https:\/\/patagoniambiental.com.ar\/info\/la-caru-monitorea-la-calidad-del-agua-del-rio-uruguay\/","title":{"rendered":"La CARU monitorea la calidad del agua del r\u00edo Uruguay"},"content":{"rendered":"<p style=\"text-align: justify;\">Corrientes &#8211; La Comisi\u00f3n Administradora del R\u00edo Uruguay (CARU) comenz\u00f3 a realizar, en el mes de diciembre de 2014, el monitoreo peri\u00f3dico de la calidad de las aguas del R\u00edo Uruguay en su ingreso al tramo compartido entre la Rep\u00fablica Argentina y la Rep\u00fablica Oriental del Uruguay.<!--more--><\/p>\n<p style=\"text-align: justify;\">La realizaci\u00f3n del monitoreo peri\u00f3dico, aguas arriba de las ciudades de Monte Caseros (RA) y Bella Uni\u00f3n (ROU), complementar\u00e1 los trabajos de monitoreo de calidad de aguas en el lugar, que viene desarrollando la CARU.<\/p>\n<p style=\"text-align: justify;\">La informaci\u00f3n del muestreo aporta nuevos datos relevantes sobre la calidad de las aguas en ese tramo y permitir\u00e1 intensificar los planes de control ambiental que viene desarrollando la Comisi\u00f3n. Los estudios fueron realizados por los T\u00e9cnicos de la CARU, Lic. Mariel Bazzalo, Lic. Pilar Ojeda, Lic. H\u00e9ctor Procura y el Ing. Alejandro Nard\u00edn.<\/p>\n<p style=\"text-align: justify;\">Los objetivos espec\u00edficos del monitoreo apuntan a la generaci\u00f3n de informaci\u00f3n de calidad necesaria para verificar cambios temporales, tendencias de largo plazo, evaluar el flujo m\u00e1sico (cantidad de materia que contiene el cuerpo acuoso) de las variables de calidad de agua que ingresan al sistema y verificar el cumplimiento de los est\u00e1ndares de calidad para los diferentes usos del agua ingresante al sistema. Como metodolog\u00eda de trabajo se realizaron tomas de muestras de agua y mediciones hidrol\u00f3gicas en una zona ubicada aguas arriba de las ciudades de Monte Caseros y Bella Uni\u00f3n.<\/p>\n<p style=\"text-align: justify;\">El prop\u00f3sito es verificar los cambios de variables de calidad generados por actividades aguas arriba y que tienen impacto en el tramo compartido por la Rep\u00fablica Oriental del Uruguay y la Rep\u00fablica Argentina. Las muestras de agua se tomaron en diez puntos equidistantes, en el punto medio entre el canal y margen derecha (RA) y el punto medio entre el canal y margen izquierda (ROU). El muestreo se llev\u00f3 a cabo siguiendo la metodolog\u00eda adoptada por la CARU, en el Manual de Procedimientos de los Planes de Monitoreo.<\/p>\n<p style=\"text-align: justify;\">Adem\u00e1s, se efectu\u00f3 un estudio batim\u00e9trico del tramo del R\u00edo que media entre la ciudad de Bella Uni\u00f3n y el sur de Isla Brasilera. El estudio hidrodin\u00e1mico del R\u00edo se hizo mediante el empleo de un \u201cperfilador de corriente ac\u00fastico con efecto Doppler\u201d. Esta labor permitir\u00e1 conocer el caudal instant\u00e1neo del R\u00edo, el ancho, el perfil de velocidades y la profundidad del punto de muestreo.<\/p>\n<p style=\"text-align: justify;\">Por \u00faltimo, cabe recordar que los Planes de Monitoreo de las aguas y los trabajos de investigaci\u00f3n en el R\u00edo Uruguay forman parte de las actividades que lleva a cabo la CARU, con el prop\u00f3sito de evaluar la situaci\u00f3n del recurso, su conservaci\u00f3n y uso racional, a lo largo de todo el tramo compartido por la Rep\u00fablica Oriental del Uruguay y la Rep\u00fablica Argentina.<\/p>\n<p style=\"text-align: justify;\">FUENTE: Corrienteshoy<\/p>\n","protected":false},"excerpt":{"rendered":"<p>Corrientes &#8211; La Comisi\u00f3n Administradora del R\u00edo Uruguay (CARU) comenz\u00f3 a realizar, en el mes de diciembre de 2014, el [&hellip;]<\/p>\n","protected":false},"author":2,"featured_media":7491,"comment_status":"closed","ping_status":"closed","sticky":false,"template":"","format":"standard","meta":{"site-sidebar-layout":"default","site-content-layout":"","ast-site-content-layout":"default","site-content-style":"default","site-sidebar-style":"default","ast-global-header-display":"","ast-banner-title-visibility":"","ast-main-header-display":"","ast-hfb-above-header-display":"","ast-hfb-below-header-display":"","ast-hfb-mobile-header-display":"","site-post-title":"","ast-breadcrumbs-content":"","ast-featured-img":"","footer-sml-layout":"","ast-disable-related-posts":"","theme-transparent-header-meta":"","adv-header-id-meta":"","stick-header-meta":"","header-above-stick-meta":"","header-main-stick-meta":"","header-below-stick-meta":"","astra-migrate-meta-layouts":"default","ast-page-background-enabled":"default","ast-page-background-meta":{"desktop":{"background-color":"var(--ast-global-color-5)","background-image":"","background-repeat":"repeat","background-position":"center center","background-size":"auto","background-attachment":"scroll","background-type":"","background-media":"","overlay-type":"","overlay-color":"","overlay-opacity":"","overlay-gradient":""},"tablet":{"background-color":"","background-image":"","background-repeat":"repeat","background-position":"center center","background-size":"auto","background-attachment":"scroll","background-type":"","background-media":"","overlay-type":"","overlay-color":"","overlay-opacity":"","overlay-gradient":""},"mobile":{"background-color":"","background-image":"","background-repeat":"repeat","background-position":"center center","background-size":"auto","background-attachment":"scroll","background-type":"","background-media":"","overlay-type":"","overlay-color":"","overlay-opacity":"","overlay-gradient":""}},"ast-content-background-meta":{"desktop":{"background-color":"var(--ast-global-color-4)","background-image":"","background-repeat":"repeat","background-position":"center center","background-size":"auto","background-attachment":"scroll","background-type":"","background-media":"","overlay-type":"","overlay-color":"","overlay-opacity":"","overlay-gradient":""},"tablet":{"background-color":"var(--ast-global-color-4)","background-image":"","background-repeat":"repeat","background-position":"center center","background-size":"auto","background-attachment":"scroll","background-type":"","background-media":"","overlay-type":"","overlay-color":"","overlay-opacity":"","overlay-gradient":""},"mobile":{"background-color":"var(--ast-global-color-4)","background-image":"","background-repeat":"repeat","background-position":"center center","background-size":"auto","background-attachment":"scroll","background-type":"","background-media":"","overlay-type":"","overlay-color":"","overlay-opacity":"","overlay-gradient":""}},"footnotes":""},"categories":[53,1],"tags":[981,2320,2321,1849,1558,2322],"class_list":["post-7488","post","type-post","status-publish","format-standard","has-post-thumbnail","hentry","category-general","category-noticias","tag-argentina","tag-calidad","tag-caru","tag-monitoreo","tag-rio","tag-uruguay"],"yoast_head":"<!-- This site is optimized with the Yoast SEO Premium plugin v23.0 (Yoast SEO v27.4) - https:\/\/yoast.com\/product\/yoast-seo-premium-wordpress\/ -->\n<title>La CARU monitorea la calidad del agua del r\u00edo Uruguay<\/title>\n<meta name=\"robots\" content=\"index, follow, max-snippet:-1, max-image-preview:large, max-video-preview:-1\" \/>\n<link rel=\"canonical\" href=\"https:\/\/patagoniambiental.com.ar\/info\/la-caru-monitorea-la-calidad-del-agua-del-rio-uruguay\/\" \/>\n<meta property=\"og:locale\" content=\"es_ES\" \/>\n<meta property=\"og:type\" content=\"article\" \/>\n<meta property=\"og:title\" content=\"La CARU monitorea la calidad del agua del r\u00edo Uruguay\" \/>\n<meta property=\"og:description\" content=\"Corrientes &#8211; La Comisi\u00f3n Administradora del R\u00edo Uruguay (CARU) comenz\u00f3 a realizar, en el mes de diciembre de 2014, el [&hellip;]\" \/>\n<meta property=\"og:url\" content=\"https:\/\/patagoniambiental.com.ar\/info\/la-caru-monitorea-la-calidad-del-agua-del-rio-uruguay\/\" \/>\n<meta property=\"og:site_name\" content=\"Patagonia Ambiental\" \/>\n<meta property=\"article:publisher\" content=\"https:\/\/www.facebook.com\/patagonia.ambiental\" \/>\n<meta property=\"article:author\" content=\"https:\/\/www.facebook.com\/share\/1C1V8Gv9BX\/?mibextid=qi2Omg\" \/>\n<meta property=\"article:published_time\" content=\"2015-01-27T20:30:09+00:00\" \/>\n<meta name=\"author\" content=\"Patagonia Ambiental\" \/>\n<meta name=\"twitter:card\" content=\"summary_large_image\" \/>\n<meta name=\"twitter:creator\" content=\"@PatAmb\" \/>\n<meta name=\"twitter:site\" content=\"@PatAmb\" \/>\n<script type=\"application\/ld+json\" class=\"yoast-schema-graph\">{\"@context\":\"https:\\\/\\\/schema.org\",\"@graph\":[{\"@type\":\"Article\",\"@id\":\"https:\\\/\\\/patagoniambiental.com.ar\\\/info\\\/la-caru-monitorea-la-calidad-del-agua-del-rio-uruguay\\\/#article\",\"isPartOf\":{\"@id\":\"https:\\\/\\\/patagoniambiental.com.ar\\\/info\\\/la-caru-monitorea-la-calidad-del-agua-del-rio-uruguay\\\/\"},\"author\":{\"name\":\"Patagonia Ambiental\",\"@id\":\"https:\\\/\\\/patagoniambiental.com.ar\\\/info\\\/#\\\/schema\\\/person\\\/db12bff64bbcbf6a253710bf0ea37b5d\"},\"headline\":\"La CARU monitorea la calidad del agua del r\u00edo Uruguay\",\"datePublished\":\"2015-01-27T20:30:09+00:00\",\"mainEntityOfPage\":{\"@id\":\"https:\\\/\\\/patagoniambiental.com.ar\\\/info\\\/la-caru-monitorea-la-calidad-del-agua-del-rio-uruguay\\\/\"},\"wordCount\":499,\"publisher\":{\"@id\":\"https:\\\/\\\/patagoniambiental.com.ar\\\/info\\\/#organization\"},\"image\":{\"@id\":\"https:\\\/\\\/patagoniambiental.com.ar\\\/info\\\/la-caru-monitorea-la-calidad-del-agua-del-rio-uruguay\\\/#primaryimage\"},\"thumbnailUrl\":\"\",\"keywords\":[\"Argentina\",\"calidad\",\"CARU\",\"monitoreo\",\"r\u00edo\",\"uruguay\"],\"articleSection\":[\"General\",\"Noticias\"],\"inLanguage\":\"es\"},{\"@type\":\"WebPage\",\"@id\":\"https:\\\/\\\/patagoniambiental.com.ar\\\/info\\\/la-caru-monitorea-la-calidad-del-agua-del-rio-uruguay\\\/\",\"url\":\"https:\\\/\\\/patagoniambiental.com.ar\\\/info\\\/la-caru-monitorea-la-calidad-del-agua-del-rio-uruguay\\\/\",\"name\":\"La CARU monitorea la calidad del agua del r\u00edo Uruguay\",\"isPartOf\":{\"@id\":\"https:\\\/\\\/patagoniambiental.com.ar\\\/info\\\/#website\"},\"primaryImageOfPage\":{\"@id\":\"https:\\\/\\\/patagoniambiental.com.ar\\\/info\\\/la-caru-monitorea-la-calidad-del-agua-del-rio-uruguay\\\/#primaryimage\"},\"image\":{\"@id\":\"https:\\\/\\\/patagoniambiental.com.ar\\\/info\\\/la-caru-monitorea-la-calidad-del-agua-del-rio-uruguay\\\/#primaryimage\"},\"thumbnailUrl\":\"\",\"datePublished\":\"2015-01-27T20:30:09+00:00\",\"breadcrumb\":{\"@id\":\"https:\\\/\\\/patagoniambiental.com.ar\\\/info\\\/la-caru-monitorea-la-calidad-del-agua-del-rio-uruguay\\\/#breadcrumb\"},\"inLanguage\":\"es\",\"potentialAction\":[{\"@type\":\"ReadAction\",\"target\":[\"https:\\\/\\\/patagoniambiental.com.ar\\\/info\\\/la-caru-monitorea-la-calidad-del-agua-del-rio-uruguay\\\/\"]}]},{\"@type\":\"ImageObject\",\"inLanguage\":\"es\",\"@id\":\"https:\\\/\\\/patagoniambiental.com.ar\\\/info\\\/la-caru-monitorea-la-calidad-del-agua-del-rio-uruguay\\\/#primaryimage\",\"url\":\"\",\"contentUrl\":\"\"},{\"@type\":\"BreadcrumbList\",\"@id\":\"https:\\\/\\\/patagoniambiental.com.ar\\\/info\\\/la-caru-monitorea-la-calidad-del-agua-del-rio-uruguay\\\/#breadcrumb\",\"itemListElement\":[{\"@type\":\"ListItem\",\"position\":1,\"name\":\"Inicio\",\"item\":\"https:\\\/\\\/patagoniambiental.com.ar\\\/info\\\/\"},{\"@type\":\"ListItem\",\"position\":2,\"name\":\"La CARU monitorea la calidad del agua del r\u00edo Uruguay\"}]},{\"@type\":\"WebSite\",\"@id\":\"https:\\\/\\\/patagoniambiental.com.ar\\\/info\\\/#website\",\"url\":\"https:\\\/\\\/patagoniambiental.com.ar\\\/info\\\/\",\"name\":\"Patagonia Ambiental\",\"description\":\"Monitoreo y an\u00e1lisis de la situaci\u00f3n geopol\u00edtica en el mundo y su implicancia en la Patagonia\",\"publisher\":{\"@id\":\"https:\\\/\\\/patagoniambiental.com.ar\\\/info\\\/#organization\"},\"potentialAction\":[{\"@type\":\"SearchAction\",\"target\":{\"@type\":\"EntryPoint\",\"urlTemplate\":\"https:\\\/\\\/patagoniambiental.com.ar\\\/info\\\/?s={search_term_string}\"},\"query-input\":{\"@type\":\"PropertyValueSpecification\",\"valueRequired\":true,\"valueName\":\"search_term_string\"}}],\"inLanguage\":\"es\"},{\"@type\":\"Organization\",\"@id\":\"https:\\\/\\\/patagoniambiental.com.ar\\\/info\\\/#organization\",\"name\":\"Patagonia Ambiental\",\"url\":\"https:\\\/\\\/patagoniambiental.com.ar\\\/info\\\/\",\"logo\":{\"@type\":\"ImageObject\",\"inLanguage\":\"es\",\"@id\":\"https:\\\/\\\/patagoniambiental.com.ar\\\/info\\\/#\\\/schema\\\/logo\\\/image\\\/\",\"url\":\"https:\\\/\\\/patagoniambiental.com.ar\\\/info\\\/wp-content\\\/uploads\\\/2025\\\/05\\\/LOGO-PATAGONIA-AMBIENTAL.png\",\"contentUrl\":\"https:\\\/\\\/patagoniambiental.com.ar\\\/info\\\/wp-content\\\/uploads\\\/2025\\\/05\\\/LOGO-PATAGONIA-AMBIENTAL.png\",\"width\":433,\"height\":250,\"caption\":\"Patagonia Ambiental\"},\"image\":{\"@id\":\"https:\\\/\\\/patagoniambiental.com.ar\\\/info\\\/#\\\/schema\\\/logo\\\/image\\\/\"},\"sameAs\":[\"https:\\\/\\\/www.facebook.com\\\/patagonia.ambiental\",\"https:\\\/\\\/x.com\\\/PatAmb\"]},{\"@type\":\"Person\",\"@id\":\"https:\\\/\\\/patagoniambiental.com.ar\\\/info\\\/#\\\/schema\\\/person\\\/db12bff64bbcbf6a253710bf0ea37b5d\",\"name\":\"Patagonia Ambiental\",\"description\":\"Andr\u00e9s Nievas T\u00e9cnico en manejo ambiental, consultor Ambiental y escritor para medios locales e internacionales sobre temas de geopolitica y medio ambiente.\",\"sameAs\":[\"http:\\\/\\\/www.patagoniambiental.com.ar\",\"https:\\\/\\\/www.facebook.com\\\/share\\\/1C1V8Gv9BX\\\/?mibextid=qi2Omg\",\"@patagoniambiental\",\"https:\\\/\\\/youtube.com\\\/@patagoniaambiental2023?si=BLt58t0wuXquxlYZ\"]}]}<\/script>\n<!-- \/ Yoast SEO Premium plugin. -->","yoast_head_json":{"title":"La CARU monitorea la calidad del agua del r\u00edo Uruguay","robots":{"index":"index","follow":"follow","max-snippet":"max-snippet:-1","max-image-preview":"max-image-preview:large","max-video-preview":"max-video-preview:-1"},"canonical":"https:\/\/patagoniambiental.com.ar\/info\/la-caru-monitorea-la-calidad-del-agua-del-rio-uruguay\/","og_locale":"es_ES","og_type":"article","og_title":"La CARU monitorea la calidad del agua del r\u00edo Uruguay","og_description":"Corrientes &#8211; La Comisi\u00f3n Administradora del R\u00edo Uruguay (CARU) comenz\u00f3 a realizar, en el mes de diciembre de 2014, el [&hellip;]","og_url":"https:\/\/patagoniambiental.com.ar\/info\/la-caru-monitorea-la-calidad-del-agua-del-rio-uruguay\/","og_site_name":"Patagonia Ambiental","article_publisher":"https:\/\/www.facebook.com\/patagonia.ambiental","article_author":"https:\/\/www.facebook.com\/share\/1C1V8Gv9BX\/?mibextid=qi2Omg","article_published_time":"2015-01-27T20:30:09+00:00","author":"Patagonia Ambiental","twitter_card":"summary_large_image","twitter_creator":"@PatAmb","twitter_site":"@PatAmb","schema":{"@context":"https:\/\/schema.org","@graph":[{"@type":"Article","@id":"https:\/\/patagoniambiental.com.ar\/info\/la-caru-monitorea-la-calidad-del-agua-del-rio-uruguay\/#article","isPartOf":{"@id":"https:\/\/patagoniambiental.com.ar\/info\/la-caru-monitorea-la-calidad-del-agua-del-rio-uruguay\/"},"author":{"name":"Patagonia Ambiental","@id":"https:\/\/patagoniambiental.com.ar\/info\/#\/schema\/person\/db12bff64bbcbf6a253710bf0ea37b5d"},"headline":"La CARU monitorea la calidad del agua del r\u00edo Uruguay","datePublished":"2015-01-27T20:30:09+00:00","mainEntityOfPage":{"@id":"https:\/\/patagoniambiental.com.ar\/info\/la-caru-monitorea-la-calidad-del-agua-del-rio-uruguay\/"},"wordCount":499,"publisher":{"@id":"https:\/\/patagoniambiental.com.ar\/info\/#organization"},"image":{"@id":"https:\/\/patagoniambiental.com.ar\/info\/la-caru-monitorea-la-calidad-del-agua-del-rio-uruguay\/#primaryimage"},"thumbnailUrl":"","keywords":["Argentina","calidad","CARU","monitoreo","r\u00edo","uruguay"],"articleSection":["General","Noticias"],"inLanguage":"es"},{"@type":"WebPage","@id":"https:\/\/patagoniambiental.com.ar\/info\/la-caru-monitorea-la-calidad-del-agua-del-rio-uruguay\/","url":"https:\/\/patagoniambiental.com.ar\/info\/la-caru-monitorea-la-calidad-del-agua-del-rio-uruguay\/","name":"La CARU monitorea la calidad del agua del r\u00edo Uruguay","isPartOf":{"@id":"https:\/\/patagoniambiental.com.ar\/info\/#website"},"primaryImageOfPage":{"@id":"https:\/\/patagoniambiental.com.ar\/info\/la-caru-monitorea-la-calidad-del-agua-del-rio-uruguay\/#primaryimage"},"image":{"@id":"https:\/\/patagoniambiental.com.ar\/info\/la-caru-monitorea-la-calidad-del-agua-del-rio-uruguay\/#primaryimage"},"thumbnailUrl":"","datePublished":"2015-01-27T20:30:09+00:00","breadcrumb":{"@id":"https:\/\/patagoniambiental.com.ar\/info\/la-caru-monitorea-la-calidad-del-agua-del-rio-uruguay\/#breadcrumb"},"inLanguage":"es","potentialAction":[{"@type":"ReadAction","target":["https:\/\/patagoniambiental.com.ar\/info\/la-caru-monitorea-la-calidad-del-agua-del-rio-uruguay\/"]}]},{"@type":"ImageObject","inLanguage":"es","@id":"https:\/\/patagoniambiental.com.ar\/info\/la-caru-monitorea-la-calidad-del-agua-del-rio-uruguay\/#primaryimage","url":"","contentUrl":""},{"@type":"BreadcrumbList","@id":"https:\/\/patagoniambiental.com.ar\/info\/la-caru-monitorea-la-calidad-del-agua-del-rio-uruguay\/#breadcrumb","itemListElement":[{"@type":"ListItem","position":1,"name":"Inicio","item":"https:\/\/patagoniambiental.com.ar\/info\/"},{"@type":"ListItem","position":2,"name":"La CARU monitorea la calidad del agua del r\u00edo Uruguay"}]},{"@type":"WebSite","@id":"https:\/\/patagoniambiental.com.ar\/info\/#website","url":"https:\/\/patagoniambiental.com.ar\/info\/","name":"Patagonia Ambiental","description":"Monitoreo y an\u00e1lisis de la situaci\u00f3n geopol\u00edtica en el mundo y su implicancia en la Patagonia","publisher":{"@id":"https:\/\/patagoniambiental.com.ar\/info\/#organization"},"potentialAction":[{"@type":"SearchAction","target":{"@type":"EntryPoint","urlTemplate":"https:\/\/patagoniambiental.com.ar\/info\/?s={search_term_string}"},"query-input":{"@type":"PropertyValueSpecification","valueRequired":true,"valueName":"search_term_string"}}],"inLanguage":"es"},{"@type":"Organization","@id":"https:\/\/patagoniambiental.com.ar\/info\/#organization","name":"Patagonia Ambiental","url":"https:\/\/patagoniambiental.com.ar\/info\/","logo":{"@type":"ImageObject","inLanguage":"es","@id":"https:\/\/patagoniambiental.com.ar\/info\/#\/schema\/logo\/image\/","url":"https:\/\/patagoniambiental.com.ar\/info\/wp-content\/uploads\/2025\/05\/LOGO-PATAGONIA-AMBIENTAL.png","contentUrl":"https:\/\/patagoniambiental.com.ar\/info\/wp-content\/uploads\/2025\/05\/LOGO-PATAGONIA-AMBIENTAL.png","width":433,"height":250,"caption":"Patagonia Ambiental"},"image":{"@id":"https:\/\/patagoniambiental.com.ar\/info\/#\/schema\/logo\/image\/"},"sameAs":["https:\/\/www.facebook.com\/patagonia.ambiental","https:\/\/x.com\/PatAmb"]},{"@type":"Person","@id":"https:\/\/patagoniambiental.com.ar\/info\/#\/schema\/person\/db12bff64bbcbf6a253710bf0ea37b5d","name":"Patagonia Ambiental","description":"Andr\u00e9s Nievas T\u00e9cnico en manejo ambiental, consultor Ambiental y escritor para medios locales e internacionales sobre temas de geopolitica y medio ambiente.","sameAs":["http:\/\/www.patagoniambiental.com.ar","https:\/\/www.facebook.com\/share\/1C1V8Gv9BX\/?mibextid=qi2Omg","@patagoniambiental","https:\/\/youtube.com\/@patagoniaambiental2023?si=BLt58t0wuXquxlYZ"]}]}},"_links":{"self":[{"href":"https:\/\/patagoniambiental.com.ar\/info\/wp-json\/wp\/v2\/posts\/7488","targetHints":{"allow":["GET"]}}],"collection":[{"href":"https:\/\/patagoniambiental.com.ar\/info\/wp-json\/wp\/v2\/posts"}],"about":[{"href":"https:\/\/patagoniambiental.com.ar\/info\/wp-json\/wp\/v2\/types\/post"}],"author":[{"embeddable":true,"href":"https:\/\/patagoniambiental.com.ar\/info\/wp-json\/wp\/v2\/users\/2"}],"replies":[{"embeddable":true,"href":"https:\/\/patagoniambiental.com.ar\/info\/wp-json\/wp\/v2\/comments?post=7488"}],"version-history":[{"count":0,"href":"https:\/\/patagoniambiental.com.ar\/info\/wp-json\/wp\/v2\/posts\/7488\/revisions"}],"wp:featuredmedia":[{"embeddable":true,"href":"https:\/\/patagoniambiental.com.ar\/info\/wp-json\/"}],"wp:attachment":[{"href":"https:\/\/patagoniambiental.com.ar\/info\/wp-json\/wp\/v2\/media?parent=7488"}],"wp:term":[{"taxonomy":"category","embeddable":true,"href":"https:\/\/patagoniambiental.com.ar\/info\/wp-json\/wp\/v2\/categories?post=7488"},{"taxonomy":"post_tag","embeddable":true,"href":"https:\/\/patagoniambiental.com.ar\/info\/wp-json\/wp\/v2\/tags?post=7488"}],"curies":[{"name":"wp","href":"https:\/\/api.w.org\/{rel}","templated":true}]}}