{"id":74892,"date":"2021-12-28T19:00:00","date_gmt":"2021-12-28T22:00:00","guid":{"rendered":"http:\/\/patagoniambiental.com.ar\/info\/?p=74892"},"modified":"2021-12-28T19:13:00","modified_gmt":"2021-12-28T22:13:00","slug":"garcia-larraburu-propone-declarar-zona-de-desastre-y-emergencia-forestal-a-las-provincias-de-rio-negro-chubut-y-neuquen-por-la-propagacion-de-los-incendios","status":"publish","type":"post","link":"https:\/\/patagoniambiental.com.ar\/info\/garcia-larraburu-propone-declarar-zona-de-desastre-y-emergencia-forestal-a-las-provincias-de-rio-negro-chubut-y-neuquen-por-la-propagacion-de-los-incendios\/","title":{"rendered":"Garc\u00eda Larraburu propone declarar Zona de Desastre y Emergencia Forestal a las provincias de R\u00edo Negro, Chubut y Neuqu\u00e9n por la propagaci\u00f3n de los incendios"},"content":{"rendered":"\n<!--more-->\n\n\n\n<p>La Senadora Silvina Garc\u00eda Larraburu present\u00f3 un Proyecto de Ley que declara Zona de Desastre y Emergencia Forestal, Econ\u00f3mica, Productiva y Social, a las provincias de R\u00edo Negro, Chubut y Neuqu\u00e9n. La misma, se establece por un plazo de 180 d\u00edas, prorrogables si contin\u00faa la situaci\u00f3n, y extendible a otras provincias, si se desencadenan nuevos incendios en los meses de verano del 2022.<\/p>\n\n\n\n<p>\u201cLos informes de estado de situaci\u00f3n y meteorol\u00f3gicos, se\u00f1alan que est\u00e1n dadas las condiciones para que se inicien nuevos focos en el futuro inmediato. Por otra parte, Parques Nacionales en sus informes remarca la complejidad log\u00edstica de acceder a las \u00e1reas afectadas, debido a las propias caracter\u00edsticas geogr\u00e1ficas de la zona; y la insuficiencia de recursos para combatir el fuego.\u201d, explic\u00f3.<\/p>\n\n\n\n<p>Agreg\u00f3: \u201cDesde que se desat\u00f3 el incendio el 7 de diciembre en inmediaciones del Lago Mart\u00edn, estoy en permanente comunicaci\u00f3n con damnificados y especialistas en la tem\u00e1tica. Conocemos el esfuerzo y compromiso de los hombres y mujeres que est\u00e1n combatiendo el fuego, pero los recursos son escasos. La Patagonia necesita m\u00e1s aviones hidrantes, m\u00e1s brigadistas, como as\u00ed tambi\u00e9n, asegurar la protecci\u00f3n y amparo de todos ellos y ellas\u201d.<\/p>\n\n\n\n<p>\u201cCon este proyecto buscamos determinar y establecer medidas espec\u00edficas para afrontar de manera urgente la situaci\u00f3n; prevenir, paliar y\/o neutralizar las consecuencias que pudieren derivarse de los incendios forestales; que el Estado Nacional asigne recursos econ\u00f3micos (ATN) a las Provincias que sufren incendios forestales cada vez que se considere \u201czona de desastre\u201d; y ayudar a la recuperaci\u00f3n de quienes resulten afectados\u201d, indic\u00f3.<\/p>\n\n\n\n<p>Concluy\u00f3: \u201cEn la Patagonia estamos presenciando las consecuencias del calentamiento global. 2021 fue un a\u00f1o de extrema sequ\u00eda, con temperaturas muy por encima del promedio, las tormentas el\u00e9ctricas pasaron de ser espor\u00e1dicas, a usuales. Tenemos que ser conscientes que el cambio clim\u00e1tico est\u00e1 alterando las caracter\u00edsticas de los recursos h\u00eddricos, &nbsp;y produce sequ\u00edas o inundaciones, dependiendo la regi\u00f3n. Por eso, luego de resolver la urgencia, es importante que nos aboquemos a incrementar los esfuerzos para restaurar los ecosistemas forestales da\u00f1ados y trabajemos en pos de la conservaci\u00f3n ambiental\u201d.&nbsp;<\/p>\n\n\n\n<p>Fuente: <strong>Equipo Senadora Silvina Garc\u00eda Larraburu<\/strong><\/p>\n","protected":false},"excerpt":{"rendered":"","protected":false},"author":6,"featured_media":74893,"comment_status":"open","ping_status":"open","sticky":false,"template":"","format":"standard","meta":{"site-sidebar-layout":"default","site-content-layout":"","ast-site-content-layout":"default","site-content-style":"default","site-sidebar-style":"default","ast-global-header-display":"","ast-banner-title-visibility":"","ast-main-header-display":"","ast-hfb-above-header-display":"","ast-hfb-below-header-display":"","ast-hfb-mobile-header-display":"","site-post-title":"","ast-breadcrumbs-content":"","ast-featured-img":"","footer-sml-layout":"","ast-disable-related-posts":"","theme-transparent-header-meta":"","adv-header-id-meta":"","stick-header-meta":"","header-above-stick-meta":"","header-main-stick-meta":"","header-below-stick-meta":"","astra-migrate-meta-layouts":"default","ast-page-background-enabled":"default","ast-page-background-meta":{"desktop":{"background-color":"var(--ast-global-color-5)","background-image":"","background-repeat":"repeat","background-position":"center center","background-size":"auto","background-attachment":"scroll","background-type":"","background-media":"","overlay-type":"","overlay-color":"","overlay-opacity":"","overlay-gradient":""},"tablet":{"background-color":"","background-image":"","background-repeat":"repeat","background-position":"center center","background-size":"auto","background-attachment":"scroll","background-type":"","background-media":"","overlay-type":"","overlay-color":"","overlay-opacity":"","overlay-gradient":""},"mobile":{"background-color":"","background-image":"","background-repeat":"repeat","background-position":"center center","background-size":"auto","background-attachment":"scroll","background-type":"","background-media":"","overlay-type":"","overlay-color":"","overlay-opacity":"","overlay-gradient":""}},"ast-content-background-meta":{"desktop":{"background-color":"var(--ast-global-color-4)","background-image":"","background-repeat":"repeat","background-position":"center center","background-size":"auto","background-attachment":"scroll","background-type":"","background-media":"","overlay-type":"","overlay-color":"","overlay-opacity":"","overlay-gradient":""},"tablet":{"background-color":"var(--ast-global-color-4)","background-image":"","background-repeat":"repeat","background-position":"center center","background-size":"auto","background-attachment":"scroll","background-type":"","background-media":"","overlay-type":"","overlay-color":"","overlay-opacity":"","overlay-gradient":""},"mobile":{"background-color":"var(--ast-global-color-4)","background-image":"","background-repeat":"repeat","background-position":"center center","background-size":"auto","background-attachment":"scroll","background-type":"","background-media":"","overlay-type":"","overlay-color":"","overlay-opacity":"","overlay-gradient":""}},"footnotes":""},"categories":[11,1,27,10],"tags":[],"class_list":["post-74892","post","type-post","status-publish","format-standard","has-post-thumbnail","hentry","category-boletin","category-noticias","category-patagonia","category-rotador"],"yoast_head":"<!-- This site is optimized with the Yoast SEO Premium plugin v23.0 (Yoast SEO v27.5) - https:\/\/yoast.com\/product\/yoast-seo-premium-wordpress\/ -->\n<title>Garc\u00eda Larraburu propone declarar Zona de Desastre y Emergencia Forestal a las provincias de R\u00edo Negro, Chubut y Neuqu\u00e9n por la propagaci\u00f3n de los incendios<\/title>\n<meta name=\"robots\" content=\"index, follow, max-snippet:-1, max-image-preview:large, max-video-preview:-1\" \/>\n<link rel=\"canonical\" href=\"https:\/\/patagoniambiental.com.ar\/info\/garcia-larraburu-propone-declarar-zona-de-desastre-y-emergencia-forestal-a-las-provincias-de-rio-negro-chubut-y-neuquen-por-la-propagacion-de-los-incendios\/\" \/>\n<meta property=\"og:locale\" content=\"es_ES\" \/>\n<meta property=\"og:type\" content=\"article\" \/>\n<meta property=\"og:title\" content=\"Garc\u00eda Larraburu propone declarar Zona de Desastre y Emergencia Forestal a las provincias de R\u00edo Negro, Chubut y Neuqu\u00e9n por la propagaci\u00f3n de los incendios\" \/>\n<meta property=\"og:url\" content=\"https:\/\/patagoniambiental.com.ar\/info\/garcia-larraburu-propone-declarar-zona-de-desastre-y-emergencia-forestal-a-las-provincias-de-rio-negro-chubut-y-neuquen-por-la-propagacion-de-los-incendios\/\" \/>\n<meta property=\"og:site_name\" content=\"Patagonia Ambiental\" \/>\n<meta property=\"article:publisher\" content=\"https:\/\/www.facebook.com\/patagonia.ambiental\" \/>\n<meta property=\"article:published_time\" content=\"2021-12-28T22:00:00+00:00\" \/>\n<meta property=\"article:modified_time\" content=\"2021-12-28T22:13:00+00:00\" \/>\n<meta property=\"og:image\" content=\"https:\/\/patagoniambiental.com.ar\/info\/wp-content\/uploads\/2021\/12\/thumbnail_FICHA-DECLARACION-EMERGENCIA-FINAL02.png\" \/>\n\t<meta property=\"og:image:width\" content=\"723\" \/>\n\t<meta property=\"og:image:height\" content=\"1280\" \/>\n\t<meta property=\"og:image:type\" content=\"image\/png\" \/>\n<meta name=\"author\" content=\"BRAIAN ESTEVEZ\" \/>\n<meta name=\"twitter:card\" content=\"summary_large_image\" \/>\n<meta name=\"twitter:creator\" content=\"@PatAmb\" \/>\n<meta name=\"twitter:site\" content=\"@PatAmb\" \/>\n<script type=\"application\/ld+json\" class=\"yoast-schema-graph\">{\"@context\":\"https:\\\/\\\/schema.org\",\"@graph\":[{\"@type\":\"Article\",\"@id\":\"https:\\\/\\\/patagoniambiental.com.ar\\\/info\\\/garcia-larraburu-propone-declarar-zona-de-desastre-y-emergencia-forestal-a-las-provincias-de-rio-negro-chubut-y-neuquen-por-la-propagacion-de-los-incendios\\\/#article\",\"isPartOf\":{\"@id\":\"https:\\\/\\\/patagoniambiental.com.ar\\\/info\\\/garcia-larraburu-propone-declarar-zona-de-desastre-y-emergencia-forestal-a-las-provincias-de-rio-negro-chubut-y-neuquen-por-la-propagacion-de-los-incendios\\\/\"},\"author\":{\"name\":\"BRAIAN ESTEVEZ\",\"@id\":\"https:\\\/\\\/patagoniambiental.com.ar\\\/info\\\/#\\\/schema\\\/person\\\/e5af09d700b2e82cb10c6b8800e0c691\"},\"headline\":\"Garc\u00eda Larraburu propone declarar Zona de Desastre y Emergencia Forestal a las provincias de R\u00edo Negro, Chubut y Neuqu\u00e9n por la propagaci\u00f3n de los incendios\",\"datePublished\":\"2021-12-28T22:00:00+00:00\",\"dateModified\":\"2021-12-28T22:13:00+00:00\",\"mainEntityOfPage\":{\"@id\":\"https:\\\/\\\/patagoniambiental.com.ar\\\/info\\\/garcia-larraburu-propone-declarar-zona-de-desastre-y-emergencia-forestal-a-las-provincias-de-rio-negro-chubut-y-neuquen-por-la-propagacion-de-los-incendios\\\/\"},\"wordCount\":414,\"commentCount\":0,\"publisher\":{\"@id\":\"https:\\\/\\\/patagoniambiental.com.ar\\\/info\\\/#organization\"},\"image\":{\"@id\":\"https:\\\/\\\/patagoniambiental.com.ar\\\/info\\\/garcia-larraburu-propone-declarar-zona-de-desastre-y-emergencia-forestal-a-las-provincias-de-rio-negro-chubut-y-neuquen-por-la-propagacion-de-los-incendios\\\/#primaryimage\"},\"thumbnailUrl\":\"https:\\\/\\\/patagoniambiental.com.ar\\\/info\\\/wp-content\\\/uploads\\\/2021\\\/12\\\/thumbnail_FICHA-DECLARACION-EMERGENCIA-FINAL02.png\",\"articleSection\":[\"Bolet\u00edn\",\"Noticias\",\"Patagonia\",\"Rotador\"],\"inLanguage\":\"es\",\"potentialAction\":[{\"@type\":\"CommentAction\",\"name\":\"Comment\",\"target\":[\"https:\\\/\\\/patagoniambiental.com.ar\\\/info\\\/garcia-larraburu-propone-declarar-zona-de-desastre-y-emergencia-forestal-a-las-provincias-de-rio-negro-chubut-y-neuquen-por-la-propagacion-de-los-incendios\\\/#respond\"]}]},{\"@type\":\"WebPage\",\"@id\":\"https:\\\/\\\/patagoniambiental.com.ar\\\/info\\\/garcia-larraburu-propone-declarar-zona-de-desastre-y-emergencia-forestal-a-las-provincias-de-rio-negro-chubut-y-neuquen-por-la-propagacion-de-los-incendios\\\/\",\"url\":\"https:\\\/\\\/patagoniambiental.com.ar\\\/info\\\/garcia-larraburu-propone-declarar-zona-de-desastre-y-emergencia-forestal-a-las-provincias-de-rio-negro-chubut-y-neuquen-por-la-propagacion-de-los-incendios\\\/\",\"name\":\"Garc\u00eda Larraburu propone declarar Zona de Desastre y Emergencia Forestal a las provincias de R\u00edo Negro, Chubut y Neuqu\u00e9n por la propagaci\u00f3n de los incendios\",\"isPartOf\":{\"@id\":\"https:\\\/\\\/patagoniambiental.com.ar\\\/info\\\/#website\"},\"primaryImageOfPage\":{\"@id\":\"https:\\\/\\\/patagoniambiental.com.ar\\\/info\\\/garcia-larraburu-propone-declarar-zona-de-desastre-y-emergencia-forestal-a-las-provincias-de-rio-negro-chubut-y-neuquen-por-la-propagacion-de-los-incendios\\\/#primaryimage\"},\"image\":{\"@id\":\"https:\\\/\\\/patagoniambiental.com.ar\\\/info\\\/garcia-larraburu-propone-declarar-zona-de-desastre-y-emergencia-forestal-a-las-provincias-de-rio-negro-chubut-y-neuquen-por-la-propagacion-de-los-incendios\\\/#primaryimage\"},\"thumbnailUrl\":\"https:\\\/\\\/patagoniambiental.com.ar\\\/info\\\/wp-content\\\/uploads\\\/2021\\\/12\\\/thumbnail_FICHA-DECLARACION-EMERGENCIA-FINAL02.png\",\"datePublished\":\"2021-12-28T22:00:00+00:00\",\"dateModified\":\"2021-12-28T22:13:00+00:00\",\"breadcrumb\":{\"@id\":\"https:\\\/\\\/patagoniambiental.com.ar\\\/info\\\/garcia-larraburu-propone-declarar-zona-de-desastre-y-emergencia-forestal-a-las-provincias-de-rio-negro-chubut-y-neuquen-por-la-propagacion-de-los-incendios\\\/#breadcrumb\"},\"inLanguage\":\"es\",\"potentialAction\":[{\"@type\":\"ReadAction\",\"target\":[\"https:\\\/\\\/patagoniambiental.com.ar\\\/info\\\/garcia-larraburu-propone-declarar-zona-de-desastre-y-emergencia-forestal-a-las-provincias-de-rio-negro-chubut-y-neuquen-por-la-propagacion-de-los-incendios\\\/\"]}]},{\"@type\":\"ImageObject\",\"inLanguage\":\"es\",\"@id\":\"https:\\\/\\\/patagoniambiental.com.ar\\\/info\\\/garcia-larraburu-propone-declarar-zona-de-desastre-y-emergencia-forestal-a-las-provincias-de-rio-negro-chubut-y-neuquen-por-la-propagacion-de-los-incendios\\\/#primaryimage\",\"url\":\"https:\\\/\\\/patagoniambiental.com.ar\\\/info\\\/wp-content\\\/uploads\\\/2021\\\/12\\\/thumbnail_FICHA-DECLARACION-EMERGENCIA-FINAL02.png\",\"contentUrl\":\"https:\\\/\\\/patagoniambiental.com.ar\\\/info\\\/wp-content\\\/uploads\\\/2021\\\/12\\\/thumbnail_FICHA-DECLARACION-EMERGENCIA-FINAL02.png\",\"width\":723,\"height\":1280},{\"@type\":\"BreadcrumbList\",\"@id\":\"https:\\\/\\\/patagoniambiental.com.ar\\\/info\\\/garcia-larraburu-propone-declarar-zona-de-desastre-y-emergencia-forestal-a-las-provincias-de-rio-negro-chubut-y-neuquen-por-la-propagacion-de-los-incendios\\\/#breadcrumb\",\"itemListElement\":[{\"@type\":\"ListItem\",\"position\":1,\"name\":\"Inicio\",\"item\":\"https:\\\/\\\/patagoniambiental.com.ar\\\/info\\\/\"},{\"@type\":\"ListItem\",\"position\":2,\"name\":\"Garc\u00eda Larraburu propone declarar Zona de Desastre y Emergencia Forestal a las provincias de R\u00edo Negro, Chubut y Neuqu\u00e9n por la propagaci\u00f3n de los incendios\"}]},{\"@type\":\"WebSite\",\"@id\":\"https:\\\/\\\/patagoniambiental.com.ar\\\/info\\\/#website\",\"url\":\"https:\\\/\\\/patagoniambiental.com.ar\\\/info\\\/\",\"name\":\"Patagonia Ambiental\",\"description\":\"Monitoreo y an\u00e1lisis de la situaci\u00f3n geopol\u00edtica en el mundo y su implicancia en la Patagonia\",\"publisher\":{\"@id\":\"https:\\\/\\\/patagoniambiental.com.ar\\\/info\\\/#organization\"},\"potentialAction\":[{\"@type\":\"SearchAction\",\"target\":{\"@type\":\"EntryPoint\",\"urlTemplate\":\"https:\\\/\\\/patagoniambiental.com.ar\\\/info\\\/?s={search_term_string}\"},\"query-input\":{\"@type\":\"PropertyValueSpecification\",\"valueRequired\":true,\"valueName\":\"search_term_string\"}}],\"inLanguage\":\"es\"},{\"@type\":\"Organization\",\"@id\":\"https:\\\/\\\/patagoniambiental.com.ar\\\/info\\\/#organization\",\"name\":\"Patagonia Ambiental\",\"url\":\"https:\\\/\\\/patagoniambiental.com.ar\\\/info\\\/\",\"logo\":{\"@type\":\"ImageObject\",\"inLanguage\":\"es\",\"@id\":\"https:\\\/\\\/patagoniambiental.com.ar\\\/info\\\/#\\\/schema\\\/logo\\\/image\\\/\",\"url\":\"https:\\\/\\\/patagoniambiental.com.ar\\\/info\\\/wp-content\\\/uploads\\\/2025\\\/05\\\/LOGO-PATAGONIA-AMBIENTAL.png\",\"contentUrl\":\"https:\\\/\\\/patagoniambiental.com.ar\\\/info\\\/wp-content\\\/uploads\\\/2025\\\/05\\\/LOGO-PATAGONIA-AMBIENTAL.png\",\"width\":433,\"height\":250,\"caption\":\"Patagonia Ambiental\"},\"image\":{\"@id\":\"https:\\\/\\\/patagoniambiental.com.ar\\\/info\\\/#\\\/schema\\\/logo\\\/image\\\/\"},\"sameAs\":[\"https:\\\/\\\/www.facebook.com\\\/patagonia.ambiental\",\"https:\\\/\\\/x.com\\\/PatAmb\"]},{\"@type\":\"Person\",\"@id\":\"https:\\\/\\\/patagoniambiental.com.ar\\\/info\\\/#\\\/schema\\\/person\\\/e5af09d700b2e82cb10c6b8800e0c691\",\"name\":\"BRAIAN ESTEVEZ\",\"sameAs\":[\"http:\\\/\\\/www.patagoniambiental.com.ar\"]}]}<\/script>\n<!-- \/ Yoast SEO Premium plugin. -->","yoast_head_json":{"title":"Garc\u00eda Larraburu propone declarar Zona de Desastre y Emergencia Forestal a las provincias de R\u00edo Negro, Chubut y Neuqu\u00e9n por la propagaci\u00f3n de los incendios","robots":{"index":"index","follow":"follow","max-snippet":"max-snippet:-1","max-image-preview":"max-image-preview:large","max-video-preview":"max-video-preview:-1"},"canonical":"https:\/\/patagoniambiental.com.ar\/info\/garcia-larraburu-propone-declarar-zona-de-desastre-y-emergencia-forestal-a-las-provincias-de-rio-negro-chubut-y-neuquen-por-la-propagacion-de-los-incendios\/","og_locale":"es_ES","og_type":"article","og_title":"Garc\u00eda Larraburu propone declarar Zona de Desastre y Emergencia Forestal a las provincias de R\u00edo Negro, Chubut y Neuqu\u00e9n por la propagaci\u00f3n de los incendios","og_url":"https:\/\/patagoniambiental.com.ar\/info\/garcia-larraburu-propone-declarar-zona-de-desastre-y-emergencia-forestal-a-las-provincias-de-rio-negro-chubut-y-neuquen-por-la-propagacion-de-los-incendios\/","og_site_name":"Patagonia Ambiental","article_publisher":"https:\/\/www.facebook.com\/patagonia.ambiental","article_published_time":"2021-12-28T22:00:00+00:00","article_modified_time":"2021-12-28T22:13:00+00:00","og_image":[{"width":723,"height":1280,"url":"https:\/\/patagoniambiental.com.ar\/info\/wp-content\/uploads\/2021\/12\/thumbnail_FICHA-DECLARACION-EMERGENCIA-FINAL02.png","type":"image\/png"}],"author":"BRAIAN ESTEVEZ","twitter_card":"summary_large_image","twitter_creator":"@PatAmb","twitter_site":"@PatAmb","schema":{"@context":"https:\/\/schema.org","@graph":[{"@type":"Article","@id":"https:\/\/patagoniambiental.com.ar\/info\/garcia-larraburu-propone-declarar-zona-de-desastre-y-emergencia-forestal-a-las-provincias-de-rio-negro-chubut-y-neuquen-por-la-propagacion-de-los-incendios\/#article","isPartOf":{"@id":"https:\/\/patagoniambiental.com.ar\/info\/garcia-larraburu-propone-declarar-zona-de-desastre-y-emergencia-forestal-a-las-provincias-de-rio-negro-chubut-y-neuquen-por-la-propagacion-de-los-incendios\/"},"author":{"name":"BRAIAN ESTEVEZ","@id":"https:\/\/patagoniambiental.com.ar\/info\/#\/schema\/person\/e5af09d700b2e82cb10c6b8800e0c691"},"headline":"Garc\u00eda Larraburu propone declarar Zona de Desastre y Emergencia Forestal a las provincias de R\u00edo Negro, Chubut y Neuqu\u00e9n por la propagaci\u00f3n de los incendios","datePublished":"2021-12-28T22:00:00+00:00","dateModified":"2021-12-28T22:13:00+00:00","mainEntityOfPage":{"@id":"https:\/\/patagoniambiental.com.ar\/info\/garcia-larraburu-propone-declarar-zona-de-desastre-y-emergencia-forestal-a-las-provincias-de-rio-negro-chubut-y-neuquen-por-la-propagacion-de-los-incendios\/"},"wordCount":414,"commentCount":0,"publisher":{"@id":"https:\/\/patagoniambiental.com.ar\/info\/#organization"},"image":{"@id":"https:\/\/patagoniambiental.com.ar\/info\/garcia-larraburu-propone-declarar-zona-de-desastre-y-emergencia-forestal-a-las-provincias-de-rio-negro-chubut-y-neuquen-por-la-propagacion-de-los-incendios\/#primaryimage"},"thumbnailUrl":"https:\/\/patagoniambiental.com.ar\/info\/wp-content\/uploads\/2021\/12\/thumbnail_FICHA-DECLARACION-EMERGENCIA-FINAL02.png","articleSection":["Bolet\u00edn","Noticias","Patagonia","Rotador"],"inLanguage":"es","potentialAction":[{"@type":"CommentAction","name":"Comment","target":["https:\/\/patagoniambiental.com.ar\/info\/garcia-larraburu-propone-declarar-zona-de-desastre-y-emergencia-forestal-a-las-provincias-de-rio-negro-chubut-y-neuquen-por-la-propagacion-de-los-incendios\/#respond"]}]},{"@type":"WebPage","@id":"https:\/\/patagoniambiental.com.ar\/info\/garcia-larraburu-propone-declarar-zona-de-desastre-y-emergencia-forestal-a-las-provincias-de-rio-negro-chubut-y-neuquen-por-la-propagacion-de-los-incendios\/","url":"https:\/\/patagoniambiental.com.ar\/info\/garcia-larraburu-propone-declarar-zona-de-desastre-y-emergencia-forestal-a-las-provincias-de-rio-negro-chubut-y-neuquen-por-la-propagacion-de-los-incendios\/","name":"Garc\u00eda Larraburu propone declarar Zona de Desastre y Emergencia Forestal a las provincias de R\u00edo Negro, Chubut y Neuqu\u00e9n por la propagaci\u00f3n de los incendios","isPartOf":{"@id":"https:\/\/patagoniambiental.com.ar\/info\/#website"},"primaryImageOfPage":{"@id":"https:\/\/patagoniambiental.com.ar\/info\/garcia-larraburu-propone-declarar-zona-de-desastre-y-emergencia-forestal-a-las-provincias-de-rio-negro-chubut-y-neuquen-por-la-propagacion-de-los-incendios\/#primaryimage"},"image":{"@id":"https:\/\/patagoniambiental.com.ar\/info\/garcia-larraburu-propone-declarar-zona-de-desastre-y-emergencia-forestal-a-las-provincias-de-rio-negro-chubut-y-neuquen-por-la-propagacion-de-los-incendios\/#primaryimage"},"thumbnailUrl":"https:\/\/patagoniambiental.com.ar\/info\/wp-content\/uploads\/2021\/12\/thumbnail_FICHA-DECLARACION-EMERGENCIA-FINAL02.png","datePublished":"2021-12-28T22:00:00+00:00","dateModified":"2021-12-28T22:13:00+00:00","breadcrumb":{"@id":"https:\/\/patagoniambiental.com.ar\/info\/garcia-larraburu-propone-declarar-zona-de-desastre-y-emergencia-forestal-a-las-provincias-de-rio-negro-chubut-y-neuquen-por-la-propagacion-de-los-incendios\/#breadcrumb"},"inLanguage":"es","potentialAction":[{"@type":"ReadAction","target":["https:\/\/patagoniambiental.com.ar\/info\/garcia-larraburu-propone-declarar-zona-de-desastre-y-emergencia-forestal-a-las-provincias-de-rio-negro-chubut-y-neuquen-por-la-propagacion-de-los-incendios\/"]}]},{"@type":"ImageObject","inLanguage":"es","@id":"https:\/\/patagoniambiental.com.ar\/info\/garcia-larraburu-propone-declarar-zona-de-desastre-y-emergencia-forestal-a-las-provincias-de-rio-negro-chubut-y-neuquen-por-la-propagacion-de-los-incendios\/#primaryimage","url":"https:\/\/patagoniambiental.com.ar\/info\/wp-content\/uploads\/2021\/12\/thumbnail_FICHA-DECLARACION-EMERGENCIA-FINAL02.png","contentUrl":"https:\/\/patagoniambiental.com.ar\/info\/wp-content\/uploads\/2021\/12\/thumbnail_FICHA-DECLARACION-EMERGENCIA-FINAL02.png","width":723,"height":1280},{"@type":"BreadcrumbList","@id":"https:\/\/patagoniambiental.com.ar\/info\/garcia-larraburu-propone-declarar-zona-de-desastre-y-emergencia-forestal-a-las-provincias-de-rio-negro-chubut-y-neuquen-por-la-propagacion-de-los-incendios\/#breadcrumb","itemListElement":[{"@type":"ListItem","position":1,"name":"Inicio","item":"https:\/\/patagoniambiental.com.ar\/info\/"},{"@type":"ListItem","position":2,"name":"Garc\u00eda Larraburu propone declarar Zona de Desastre y Emergencia Forestal a las provincias de R\u00edo Negro, Chubut y Neuqu\u00e9n por la propagaci\u00f3n de los incendios"}]},{"@type":"WebSite","@id":"https:\/\/patagoniambiental.com.ar\/info\/#website","url":"https:\/\/patagoniambiental.com.ar\/info\/","name":"Patagonia Ambiental","description":"Monitoreo y an\u00e1lisis de la situaci\u00f3n geopol\u00edtica en el mundo y su implicancia en la Patagonia","publisher":{"@id":"https:\/\/patagoniambiental.com.ar\/info\/#organization"},"potentialAction":[{"@type":"SearchAction","target":{"@type":"EntryPoint","urlTemplate":"https:\/\/patagoniambiental.com.ar\/info\/?s={search_term_string}"},"query-input":{"@type":"PropertyValueSpecification","valueRequired":true,"valueName":"search_term_string"}}],"inLanguage":"es"},{"@type":"Organization","@id":"https:\/\/patagoniambiental.com.ar\/info\/#organization","name":"Patagonia Ambiental","url":"https:\/\/patagoniambiental.com.ar\/info\/","logo":{"@type":"ImageObject","inLanguage":"es","@id":"https:\/\/patagoniambiental.com.ar\/info\/#\/schema\/logo\/image\/","url":"https:\/\/patagoniambiental.com.ar\/info\/wp-content\/uploads\/2025\/05\/LOGO-PATAGONIA-AMBIENTAL.png","contentUrl":"https:\/\/patagoniambiental.com.ar\/info\/wp-content\/uploads\/2025\/05\/LOGO-PATAGONIA-AMBIENTAL.png","width":433,"height":250,"caption":"Patagonia Ambiental"},"image":{"@id":"https:\/\/patagoniambiental.com.ar\/info\/#\/schema\/logo\/image\/"},"sameAs":["https:\/\/www.facebook.com\/patagonia.ambiental","https:\/\/x.com\/PatAmb"]},{"@type":"Person","@id":"https:\/\/patagoniambiental.com.ar\/info\/#\/schema\/person\/e5af09d700b2e82cb10c6b8800e0c691","name":"BRAIAN ESTEVEZ","sameAs":["http:\/\/www.patagoniambiental.com.ar"]}]}},"_links":{"self":[{"href":"https:\/\/patagoniambiental.com.ar\/info\/wp-json\/wp\/v2\/posts\/74892","targetHints":{"allow":["GET"]}}],"collection":[{"href":"https:\/\/patagoniambiental.com.ar\/info\/wp-json\/wp\/v2\/posts"}],"about":[{"href":"https:\/\/patagoniambiental.com.ar\/info\/wp-json\/wp\/v2\/types\/post"}],"author":[{"embeddable":true,"href":"https:\/\/patagoniambiental.com.ar\/info\/wp-json\/wp\/v2\/users\/6"}],"replies":[{"embeddable":true,"href":"https:\/\/patagoniambiental.com.ar\/info\/wp-json\/wp\/v2\/comments?post=74892"}],"version-history":[{"count":0,"href":"https:\/\/patagoniambiental.com.ar\/info\/wp-json\/wp\/v2\/posts\/74892\/revisions"}],"wp:featuredmedia":[{"embeddable":true,"href":"https:\/\/patagoniambiental.com.ar\/info\/wp-json\/wp\/v2\/media\/74893"}],"wp:attachment":[{"href":"https:\/\/patagoniambiental.com.ar\/info\/wp-json\/wp\/v2\/media?parent=74892"}],"wp:term":[{"taxonomy":"category","embeddable":true,"href":"https:\/\/patagoniambiental.com.ar\/info\/wp-json\/wp\/v2\/categories?post=74892"},{"taxonomy":"post_tag","embeddable":true,"href":"https:\/\/patagoniambiental.com.ar\/info\/wp-json\/wp\/v2\/tags?post=74892"}],"curies":[{"name":"wp","href":"https:\/\/api.w.org\/{rel}","templated":true}]}}