{"id":74914,"date":"2022-01-02T07:00:00","date_gmt":"2022-01-02T10:00:00","guid":{"rendered":"http:\/\/patagoniambiental.com.ar\/info\/?p=74914"},"modified":"2021-12-29T10:12:23","modified_gmt":"2021-12-29T13:12:23","slug":"con-el-lanzamiento-del-programa-amigos-del-parque-nacional-patagonia-se-celebro-el-3-aniversario-del-parque","status":"publish","type":"post","link":"https:\/\/patagoniambiental.com.ar\/info\/con-el-lanzamiento-del-programa-amigos-del-parque-nacional-patagonia-se-celebro-el-3-aniversario-del-parque\/","title":{"rendered":"CON EL LANZAMIENTO DEL PROGRAMA \u201cAMIGOS DEL PARQUE NACIONAL PATAGONIA\u201d SE CELEBR\u00d3 EL 3\u00b0 ANIVERSARIO DEL PARQUE"},"content":{"rendered":"\n<!--more-->\n\n\n\n<p>Ubicado en la Regi\u00f3n de Ays\u00e9n, el Parque Nacional Patagonia, uno de los 17 parques de la Ruta de los Parques de la Patagonia, cumpli\u00f3 tres a\u00f1os desde su creaci\u00f3n el 11 de diciembre de 2018, fecha en la que recibi\u00f3 la categor\u00eda m\u00e1s alta de protecci\u00f3n en el pa\u00eds. Para celebrar, la Fundaci\u00f3n Rewilding Chile, el legado de Tompkins Conservation, realiz\u00f3 diversas actividades junto a la colaboraci\u00f3n de CONAF y la Municipalidad de Chile Chico, dando inicio al Programa Comunitario \u201cAmigos del Parque Nacional Patagonia\u201d, que busca fortalecer el lazo de los habitantes de las localidades con esta \u00e1rea protegida.<\/p>\n\n\n\n<p>En el Centro Cultural de Chile Chico,&nbsp;se realiz\u00f3 una tarde de Encuentro y Documentales gracias a la colaboraci\u00f3n de Ays\u00e9n Films, Ladera Sur y los directores Crist\u00f3bal Santamar\u00eda y Mateo Barrenengoa. Adem\u00e1s, en esta actividad se profundiz\u00f3 sobre la importancia de la biodiversidad y el rol de los guardaparques junto a la compa\u00f1\u00eda del administrador del parque, Benjam\u00edn Molina, y el bi\u00f3logo local V\u00edctor Mercegue Rocco.&nbsp;Este \u00faltimo, fue tambi\u00e9n el especialista encargado de guiar el trekking naturalista, en el que diferentes vecinos y vecinas de la localidad pudieron recorrer el circuito cueva de las manos, en el sector de Jeinimeni y conocer m\u00e1s sobre la diversidad biol\u00f3gica y la historia geol\u00f3gica del lugar.<\/p>\n\n\n\n<figure class=\"wp-block-image\"><img decoding=\"async\" src=\"https:\/\/www.rutadelosparques.org\/web\/wp-content\/uploads\/2021\/12\/IMG_2466.jpg\" alt=\"\" class=\"wp-image-6470\"\/><\/figure>\n\n\n\n<p>\u201cQueremos potenciar el v\u00ednculo efectivo entre las comunidades y los parques nacionales fomentando el sentido de pertenencia con el territorio, a trav\u00e9s de actividades que promuevan el conocimiento del entorno natural y cultural\u201d, coment\u00f3 Carolina Cerda, directora del Programa de Vinculaci\u00f3n Comunitaria de Rewilding Chile. \u201cEstamos contentos de haber contado con una activa participaci\u00f3n de 25 vecinos y vecinas, una se\u00f1al del inter\u00e9s y compromiso con nuestras \u00e1reas protegidas\u201d, destac\u00f3 Carolina.<\/p>\n\n\n\n<p>El programa \u201cAmigos del Parque Nacional Patagonia\u201d estar\u00e1 realizando m\u00e1s actividades durante los pr\u00f3ximos tres a\u00f1os para continuar fortaleciendo el v\u00ednculo entre los vecinos de Chile Chico.&nbsp;De este modo, se busca empoderar a la comunidad para que sean guardianes de su parque nacional.<\/p>\n\n\n\n<figure class=\"wp-block-image\"><img decoding=\"async\" src=\"https:\/\/www.rutadelosparques.org\/web\/wp-content\/uploads\/2021\/12\/IMG_2393-1.jpg\" alt=\"\" class=\"wp-image-6461\"\/><\/figure>\n","protected":false},"excerpt":{"rendered":"","protected":false},"author":6,"featured_media":74915,"comment_status":"open","ping_status":"open","sticky":false,"template":"","format":"standard","meta":{"site-sidebar-layout":"default","site-content-layout":"","ast-site-content-layout":"default","site-content-style":"default","site-sidebar-style":"default","ast-global-header-display":"","ast-banner-title-visibility":"","ast-main-header-display":"","ast-hfb-above-header-display":"","ast-hfb-below-header-display":"","ast-hfb-mobile-header-display":"","site-post-title":"","ast-breadcrumbs-content":"","ast-featured-img":"","footer-sml-layout":"","ast-disable-related-posts":"","theme-transparent-header-meta":"","adv-header-id-meta":"","stick-header-meta":"","header-above-stick-meta":"","header-main-stick-meta":"","header-below-stick-meta":"","astra-migrate-meta-layouts":"default","ast-page-background-enabled":"default","ast-page-background-meta":{"desktop":{"background-color":"var(--ast-global-color-5)","background-image":"","background-repeat":"repeat","background-position":"center center","background-size":"auto","background-attachment":"scroll","background-type":"","background-media":"","overlay-type":"","overlay-color":"","overlay-opacity":"","overlay-gradient":""},"tablet":{"background-color":"","background-image":"","background-repeat":"repeat","background-position":"center center","background-size":"auto","background-attachment":"scroll","background-type":"","background-media":"","overlay-type":"","overlay-color":"","overlay-opacity":"","overlay-gradient":""},"mobile":{"background-color":"","background-image":"","background-repeat":"repeat","background-position":"center center","background-size":"auto","background-attachment":"scroll","background-type":"","background-media":"","overlay-type":"","overlay-color":"","overlay-opacity":"","overlay-gradient":""}},"ast-content-background-meta":{"desktop":{"background-color":"var(--ast-global-color-4)","background-image":"","background-repeat":"repeat","background-position":"center center","background-size":"auto","background-attachment":"scroll","background-type":"","background-media":"","overlay-type":"","overlay-color":"","overlay-opacity":"","overlay-gradient":""},"tablet":{"background-color":"var(--ast-global-color-4)","background-image":"","background-repeat":"repeat","background-position":"center center","background-size":"auto","background-attachment":"scroll","background-type":"","background-media":"","overlay-type":"","overlay-color":"","overlay-opacity":"","overlay-gradient":""},"mobile":{"background-color":"var(--ast-global-color-4)","background-image":"","background-repeat":"repeat","background-position":"center center","background-size":"auto","background-attachment":"scroll","background-type":"","background-media":"","overlay-type":"","overlay-color":"","overlay-opacity":"","overlay-gradient":""}},"footnotes":""},"categories":[1],"tags":[],"class_list":["post-74914","post","type-post","status-publish","format-standard","has-post-thumbnail","hentry","category-noticias"],"yoast_head":"<!-- This site is optimized with the Yoast SEO Premium plugin v23.0 (Yoast SEO v27.5) - https:\/\/yoast.com\/product\/yoast-seo-premium-wordpress\/ -->\n<title>CON EL LANZAMIENTO DEL PROGRAMA \u201cAMIGOS DEL PARQUE NACIONAL PATAGONIA\u201d SE CELEBR\u00d3 EL 3\u00b0 ANIVERSARIO DEL PARQUE<\/title>\n<meta name=\"robots\" content=\"index, follow, max-snippet:-1, max-image-preview:large, max-video-preview:-1\" \/>\n<link rel=\"canonical\" href=\"https:\/\/patagoniambiental.com.ar\/info\/con-el-lanzamiento-del-programa-amigos-del-parque-nacional-patagonia-se-celebro-el-3-aniversario-del-parque\/\" \/>\n<meta property=\"og:locale\" content=\"es_ES\" \/>\n<meta property=\"og:type\" content=\"article\" \/>\n<meta property=\"og:title\" content=\"CON EL LANZAMIENTO DEL PROGRAMA \u201cAMIGOS DEL PARQUE NACIONAL PATAGONIA\u201d SE CELEBR\u00d3 EL 3\u00b0 ANIVERSARIO DEL PARQUE\" \/>\n<meta property=\"og:url\" content=\"https:\/\/patagoniambiental.com.ar\/info\/con-el-lanzamiento-del-programa-amigos-del-parque-nacional-patagonia-se-celebro-el-3-aniversario-del-parque\/\" \/>\n<meta property=\"og:site_name\" content=\"Patagonia Ambiental\" \/>\n<meta property=\"article:publisher\" content=\"https:\/\/www.facebook.com\/patagonia.ambiental\" \/>\n<meta property=\"article:published_time\" content=\"2022-01-02T10:00:00+00:00\" \/>\n<meta property=\"og:image\" content=\"https:\/\/patagoniambiental.com.ar\/info\/wp-content\/uploads\/2021\/12\/IMG_2466.jpg\" \/>\n\t<meta property=\"og:image:width\" content=\"650\" \/>\n\t<meta property=\"og:image:height\" content=\"488\" \/>\n\t<meta property=\"og:image:type\" content=\"image\/jpeg\" \/>\n<meta name=\"author\" content=\"BRAIAN ESTEVEZ\" \/>\n<meta name=\"twitter:card\" content=\"summary_large_image\" \/>\n<meta name=\"twitter:creator\" content=\"@PatAmb\" \/>\n<meta name=\"twitter:site\" content=\"@PatAmb\" \/>\n<script type=\"application\/ld+json\" class=\"yoast-schema-graph\">{\"@context\":\"https:\\\/\\\/schema.org\",\"@graph\":[{\"@type\":\"Article\",\"@id\":\"https:\\\/\\\/patagoniambiental.com.ar\\\/info\\\/con-el-lanzamiento-del-programa-amigos-del-parque-nacional-patagonia-se-celebro-el-3-aniversario-del-parque\\\/#article\",\"isPartOf\":{\"@id\":\"https:\\\/\\\/patagoniambiental.com.ar\\\/info\\\/con-el-lanzamiento-del-programa-amigos-del-parque-nacional-patagonia-se-celebro-el-3-aniversario-del-parque\\\/\"},\"author\":{\"name\":\"BRAIAN ESTEVEZ\",\"@id\":\"https:\\\/\\\/patagoniambiental.com.ar\\\/info\\\/#\\\/schema\\\/person\\\/e5af09d700b2e82cb10c6b8800e0c691\"},\"headline\":\"CON EL LANZAMIENTO DEL PROGRAMA \u201cAMIGOS DEL PARQUE NACIONAL PATAGONIA\u201d SE CELEBR\u00d3 EL 3\u00b0 ANIVERSARIO DEL PARQUE\",\"datePublished\":\"2022-01-02T10:00:00+00:00\",\"mainEntityOfPage\":{\"@id\":\"https:\\\/\\\/patagoniambiental.com.ar\\\/info\\\/con-el-lanzamiento-del-programa-amigos-del-parque-nacional-patagonia-se-celebro-el-3-aniversario-del-parque\\\/\"},\"wordCount\":379,\"commentCount\":0,\"publisher\":{\"@id\":\"https:\\\/\\\/patagoniambiental.com.ar\\\/info\\\/#organization\"},\"image\":{\"@id\":\"https:\\\/\\\/patagoniambiental.com.ar\\\/info\\\/con-el-lanzamiento-del-programa-amigos-del-parque-nacional-patagonia-se-celebro-el-3-aniversario-del-parque\\\/#primaryimage\"},\"thumbnailUrl\":\"https:\\\/\\\/patagoniambiental.com.ar\\\/info\\\/wp-content\\\/uploads\\\/2021\\\/12\\\/IMG_2466.jpg\",\"articleSection\":[\"Noticias\"],\"inLanguage\":\"es\",\"potentialAction\":[{\"@type\":\"CommentAction\",\"name\":\"Comment\",\"target\":[\"https:\\\/\\\/patagoniambiental.com.ar\\\/info\\\/con-el-lanzamiento-del-programa-amigos-del-parque-nacional-patagonia-se-celebro-el-3-aniversario-del-parque\\\/#respond\"]}]},{\"@type\":\"WebPage\",\"@id\":\"https:\\\/\\\/patagoniambiental.com.ar\\\/info\\\/con-el-lanzamiento-del-programa-amigos-del-parque-nacional-patagonia-se-celebro-el-3-aniversario-del-parque\\\/\",\"url\":\"https:\\\/\\\/patagoniambiental.com.ar\\\/info\\\/con-el-lanzamiento-del-programa-amigos-del-parque-nacional-patagonia-se-celebro-el-3-aniversario-del-parque\\\/\",\"name\":\"CON EL LANZAMIENTO DEL PROGRAMA \u201cAMIGOS DEL PARQUE NACIONAL PATAGONIA\u201d SE CELEBR\u00d3 EL 3\u00b0 ANIVERSARIO DEL PARQUE\",\"isPartOf\":{\"@id\":\"https:\\\/\\\/patagoniambiental.com.ar\\\/info\\\/#website\"},\"primaryImageOfPage\":{\"@id\":\"https:\\\/\\\/patagoniambiental.com.ar\\\/info\\\/con-el-lanzamiento-del-programa-amigos-del-parque-nacional-patagonia-se-celebro-el-3-aniversario-del-parque\\\/#primaryimage\"},\"image\":{\"@id\":\"https:\\\/\\\/patagoniambiental.com.ar\\\/info\\\/con-el-lanzamiento-del-programa-amigos-del-parque-nacional-patagonia-se-celebro-el-3-aniversario-del-parque\\\/#primaryimage\"},\"thumbnailUrl\":\"https:\\\/\\\/patagoniambiental.com.ar\\\/info\\\/wp-content\\\/uploads\\\/2021\\\/12\\\/IMG_2466.jpg\",\"datePublished\":\"2022-01-02T10:00:00+00:00\",\"breadcrumb\":{\"@id\":\"https:\\\/\\\/patagoniambiental.com.ar\\\/info\\\/con-el-lanzamiento-del-programa-amigos-del-parque-nacional-patagonia-se-celebro-el-3-aniversario-del-parque\\\/#breadcrumb\"},\"inLanguage\":\"es\",\"potentialAction\":[{\"@type\":\"ReadAction\",\"target\":[\"https:\\\/\\\/patagoniambiental.com.ar\\\/info\\\/con-el-lanzamiento-del-programa-amigos-del-parque-nacional-patagonia-se-celebro-el-3-aniversario-del-parque\\\/\"]}]},{\"@type\":\"ImageObject\",\"inLanguage\":\"es\",\"@id\":\"https:\\\/\\\/patagoniambiental.com.ar\\\/info\\\/con-el-lanzamiento-del-programa-amigos-del-parque-nacional-patagonia-se-celebro-el-3-aniversario-del-parque\\\/#primaryimage\",\"url\":\"https:\\\/\\\/patagoniambiental.com.ar\\\/info\\\/wp-content\\\/uploads\\\/2021\\\/12\\\/IMG_2466.jpg\",\"contentUrl\":\"https:\\\/\\\/patagoniambiental.com.ar\\\/info\\\/wp-content\\\/uploads\\\/2021\\\/12\\\/IMG_2466.jpg\",\"width\":650,\"height\":488,\"caption\":\"Processed with VSCO with c6 preset\"},{\"@type\":\"BreadcrumbList\",\"@id\":\"https:\\\/\\\/patagoniambiental.com.ar\\\/info\\\/con-el-lanzamiento-del-programa-amigos-del-parque-nacional-patagonia-se-celebro-el-3-aniversario-del-parque\\\/#breadcrumb\",\"itemListElement\":[{\"@type\":\"ListItem\",\"position\":1,\"name\":\"Inicio\",\"item\":\"https:\\\/\\\/patagoniambiental.com.ar\\\/info\\\/\"},{\"@type\":\"ListItem\",\"position\":2,\"name\":\"CON EL LANZAMIENTO DEL PROGRAMA \u201cAMIGOS DEL PARQUE NACIONAL PATAGONIA\u201d SE CELEBR\u00d3 EL 3\u00b0 ANIVERSARIO DEL PARQUE\"}]},{\"@type\":\"WebSite\",\"@id\":\"https:\\\/\\\/patagoniambiental.com.ar\\\/info\\\/#website\",\"url\":\"https:\\\/\\\/patagoniambiental.com.ar\\\/info\\\/\",\"name\":\"Patagonia Ambiental\",\"description\":\"Monitoreo y an\u00e1lisis de la situaci\u00f3n geopol\u00edtica en el mundo y su implicancia en la Patagonia\",\"publisher\":{\"@id\":\"https:\\\/\\\/patagoniambiental.com.ar\\\/info\\\/#organization\"},\"potentialAction\":[{\"@type\":\"SearchAction\",\"target\":{\"@type\":\"EntryPoint\",\"urlTemplate\":\"https:\\\/\\\/patagoniambiental.com.ar\\\/info\\\/?s={search_term_string}\"},\"query-input\":{\"@type\":\"PropertyValueSpecification\",\"valueRequired\":true,\"valueName\":\"search_term_string\"}}],\"inLanguage\":\"es\"},{\"@type\":\"Organization\",\"@id\":\"https:\\\/\\\/patagoniambiental.com.ar\\\/info\\\/#organization\",\"name\":\"Patagonia Ambiental\",\"url\":\"https:\\\/\\\/patagoniambiental.com.ar\\\/info\\\/\",\"logo\":{\"@type\":\"ImageObject\",\"inLanguage\":\"es\",\"@id\":\"https:\\\/\\\/patagoniambiental.com.ar\\\/info\\\/#\\\/schema\\\/logo\\\/image\\\/\",\"url\":\"https:\\\/\\\/patagoniambiental.com.ar\\\/info\\\/wp-content\\\/uploads\\\/2025\\\/05\\\/LOGO-PATAGONIA-AMBIENTAL.png\",\"contentUrl\":\"https:\\\/\\\/patagoniambiental.com.ar\\\/info\\\/wp-content\\\/uploads\\\/2025\\\/05\\\/LOGO-PATAGONIA-AMBIENTAL.png\",\"width\":433,\"height\":250,\"caption\":\"Patagonia Ambiental\"},\"image\":{\"@id\":\"https:\\\/\\\/patagoniambiental.com.ar\\\/info\\\/#\\\/schema\\\/logo\\\/image\\\/\"},\"sameAs\":[\"https:\\\/\\\/www.facebook.com\\\/patagonia.ambiental\",\"https:\\\/\\\/x.com\\\/PatAmb\"]},{\"@type\":\"Person\",\"@id\":\"https:\\\/\\\/patagoniambiental.com.ar\\\/info\\\/#\\\/schema\\\/person\\\/e5af09d700b2e82cb10c6b8800e0c691\",\"name\":\"BRAIAN ESTEVEZ\",\"sameAs\":[\"http:\\\/\\\/www.patagoniambiental.com.ar\"]}]}<\/script>\n<!-- \/ Yoast SEO Premium plugin. -->","yoast_head_json":{"title":"CON EL LANZAMIENTO DEL PROGRAMA \u201cAMIGOS DEL PARQUE NACIONAL PATAGONIA\u201d SE CELEBR\u00d3 EL 3\u00b0 ANIVERSARIO DEL PARQUE","robots":{"index":"index","follow":"follow","max-snippet":"max-snippet:-1","max-image-preview":"max-image-preview:large","max-video-preview":"max-video-preview:-1"},"canonical":"https:\/\/patagoniambiental.com.ar\/info\/con-el-lanzamiento-del-programa-amigos-del-parque-nacional-patagonia-se-celebro-el-3-aniversario-del-parque\/","og_locale":"es_ES","og_type":"article","og_title":"CON EL LANZAMIENTO DEL PROGRAMA \u201cAMIGOS DEL PARQUE NACIONAL PATAGONIA\u201d SE CELEBR\u00d3 EL 3\u00b0 ANIVERSARIO DEL PARQUE","og_url":"https:\/\/patagoniambiental.com.ar\/info\/con-el-lanzamiento-del-programa-amigos-del-parque-nacional-patagonia-se-celebro-el-3-aniversario-del-parque\/","og_site_name":"Patagonia Ambiental","article_publisher":"https:\/\/www.facebook.com\/patagonia.ambiental","article_published_time":"2022-01-02T10:00:00+00:00","og_image":[{"width":650,"height":488,"url":"https:\/\/patagoniambiental.com.ar\/info\/wp-content\/uploads\/2021\/12\/IMG_2466.jpg","type":"image\/jpeg"}],"author":"BRAIAN ESTEVEZ","twitter_card":"summary_large_image","twitter_creator":"@PatAmb","twitter_site":"@PatAmb","schema":{"@context":"https:\/\/schema.org","@graph":[{"@type":"Article","@id":"https:\/\/patagoniambiental.com.ar\/info\/con-el-lanzamiento-del-programa-amigos-del-parque-nacional-patagonia-se-celebro-el-3-aniversario-del-parque\/#article","isPartOf":{"@id":"https:\/\/patagoniambiental.com.ar\/info\/con-el-lanzamiento-del-programa-amigos-del-parque-nacional-patagonia-se-celebro-el-3-aniversario-del-parque\/"},"author":{"name":"BRAIAN ESTEVEZ","@id":"https:\/\/patagoniambiental.com.ar\/info\/#\/schema\/person\/e5af09d700b2e82cb10c6b8800e0c691"},"headline":"CON EL LANZAMIENTO DEL PROGRAMA \u201cAMIGOS DEL PARQUE NACIONAL PATAGONIA\u201d SE CELEBR\u00d3 EL 3\u00b0 ANIVERSARIO DEL PARQUE","datePublished":"2022-01-02T10:00:00+00:00","mainEntityOfPage":{"@id":"https:\/\/patagoniambiental.com.ar\/info\/con-el-lanzamiento-del-programa-amigos-del-parque-nacional-patagonia-se-celebro-el-3-aniversario-del-parque\/"},"wordCount":379,"commentCount":0,"publisher":{"@id":"https:\/\/patagoniambiental.com.ar\/info\/#organization"},"image":{"@id":"https:\/\/patagoniambiental.com.ar\/info\/con-el-lanzamiento-del-programa-amigos-del-parque-nacional-patagonia-se-celebro-el-3-aniversario-del-parque\/#primaryimage"},"thumbnailUrl":"https:\/\/patagoniambiental.com.ar\/info\/wp-content\/uploads\/2021\/12\/IMG_2466.jpg","articleSection":["Noticias"],"inLanguage":"es","potentialAction":[{"@type":"CommentAction","name":"Comment","target":["https:\/\/patagoniambiental.com.ar\/info\/con-el-lanzamiento-del-programa-amigos-del-parque-nacional-patagonia-se-celebro-el-3-aniversario-del-parque\/#respond"]}]},{"@type":"WebPage","@id":"https:\/\/patagoniambiental.com.ar\/info\/con-el-lanzamiento-del-programa-amigos-del-parque-nacional-patagonia-se-celebro-el-3-aniversario-del-parque\/","url":"https:\/\/patagoniambiental.com.ar\/info\/con-el-lanzamiento-del-programa-amigos-del-parque-nacional-patagonia-se-celebro-el-3-aniversario-del-parque\/","name":"CON EL LANZAMIENTO DEL PROGRAMA \u201cAMIGOS DEL PARQUE NACIONAL PATAGONIA\u201d SE CELEBR\u00d3 EL 3\u00b0 ANIVERSARIO DEL PARQUE","isPartOf":{"@id":"https:\/\/patagoniambiental.com.ar\/info\/#website"},"primaryImageOfPage":{"@id":"https:\/\/patagoniambiental.com.ar\/info\/con-el-lanzamiento-del-programa-amigos-del-parque-nacional-patagonia-se-celebro-el-3-aniversario-del-parque\/#primaryimage"},"image":{"@id":"https:\/\/patagoniambiental.com.ar\/info\/con-el-lanzamiento-del-programa-amigos-del-parque-nacional-patagonia-se-celebro-el-3-aniversario-del-parque\/#primaryimage"},"thumbnailUrl":"https:\/\/patagoniambiental.com.ar\/info\/wp-content\/uploads\/2021\/12\/IMG_2466.jpg","datePublished":"2022-01-02T10:00:00+00:00","breadcrumb":{"@id":"https:\/\/patagoniambiental.com.ar\/info\/con-el-lanzamiento-del-programa-amigos-del-parque-nacional-patagonia-se-celebro-el-3-aniversario-del-parque\/#breadcrumb"},"inLanguage":"es","potentialAction":[{"@type":"ReadAction","target":["https:\/\/patagoniambiental.com.ar\/info\/con-el-lanzamiento-del-programa-amigos-del-parque-nacional-patagonia-se-celebro-el-3-aniversario-del-parque\/"]}]},{"@type":"ImageObject","inLanguage":"es","@id":"https:\/\/patagoniambiental.com.ar\/info\/con-el-lanzamiento-del-programa-amigos-del-parque-nacional-patagonia-se-celebro-el-3-aniversario-del-parque\/#primaryimage","url":"https:\/\/patagoniambiental.com.ar\/info\/wp-content\/uploads\/2021\/12\/IMG_2466.jpg","contentUrl":"https:\/\/patagoniambiental.com.ar\/info\/wp-content\/uploads\/2021\/12\/IMG_2466.jpg","width":650,"height":488,"caption":"Processed with VSCO with c6 preset"},{"@type":"BreadcrumbList","@id":"https:\/\/patagoniambiental.com.ar\/info\/con-el-lanzamiento-del-programa-amigos-del-parque-nacional-patagonia-se-celebro-el-3-aniversario-del-parque\/#breadcrumb","itemListElement":[{"@type":"ListItem","position":1,"name":"Inicio","item":"https:\/\/patagoniambiental.com.ar\/info\/"},{"@type":"ListItem","position":2,"name":"CON EL LANZAMIENTO DEL PROGRAMA \u201cAMIGOS DEL PARQUE NACIONAL PATAGONIA\u201d SE CELEBR\u00d3 EL 3\u00b0 ANIVERSARIO DEL PARQUE"}]},{"@type":"WebSite","@id":"https:\/\/patagoniambiental.com.ar\/info\/#website","url":"https:\/\/patagoniambiental.com.ar\/info\/","name":"Patagonia Ambiental","description":"Monitoreo y an\u00e1lisis de la situaci\u00f3n geopol\u00edtica en el mundo y su implicancia en la Patagonia","publisher":{"@id":"https:\/\/patagoniambiental.com.ar\/info\/#organization"},"potentialAction":[{"@type":"SearchAction","target":{"@type":"EntryPoint","urlTemplate":"https:\/\/patagoniambiental.com.ar\/info\/?s={search_term_string}"},"query-input":{"@type":"PropertyValueSpecification","valueRequired":true,"valueName":"search_term_string"}}],"inLanguage":"es"},{"@type":"Organization","@id":"https:\/\/patagoniambiental.com.ar\/info\/#organization","name":"Patagonia Ambiental","url":"https:\/\/patagoniambiental.com.ar\/info\/","logo":{"@type":"ImageObject","inLanguage":"es","@id":"https:\/\/patagoniambiental.com.ar\/info\/#\/schema\/logo\/image\/","url":"https:\/\/patagoniambiental.com.ar\/info\/wp-content\/uploads\/2025\/05\/LOGO-PATAGONIA-AMBIENTAL.png","contentUrl":"https:\/\/patagoniambiental.com.ar\/info\/wp-content\/uploads\/2025\/05\/LOGO-PATAGONIA-AMBIENTAL.png","width":433,"height":250,"caption":"Patagonia Ambiental"},"image":{"@id":"https:\/\/patagoniambiental.com.ar\/info\/#\/schema\/logo\/image\/"},"sameAs":["https:\/\/www.facebook.com\/patagonia.ambiental","https:\/\/x.com\/PatAmb"]},{"@type":"Person","@id":"https:\/\/patagoniambiental.com.ar\/info\/#\/schema\/person\/e5af09d700b2e82cb10c6b8800e0c691","name":"BRAIAN ESTEVEZ","sameAs":["http:\/\/www.patagoniambiental.com.ar"]}]}},"_links":{"self":[{"href":"https:\/\/patagoniambiental.com.ar\/info\/wp-json\/wp\/v2\/posts\/74914","targetHints":{"allow":["GET"]}}],"collection":[{"href":"https:\/\/patagoniambiental.com.ar\/info\/wp-json\/wp\/v2\/posts"}],"about":[{"href":"https:\/\/patagoniambiental.com.ar\/info\/wp-json\/wp\/v2\/types\/post"}],"author":[{"embeddable":true,"href":"https:\/\/patagoniambiental.com.ar\/info\/wp-json\/wp\/v2\/users\/6"}],"replies":[{"embeddable":true,"href":"https:\/\/patagoniambiental.com.ar\/info\/wp-json\/wp\/v2\/comments?post=74914"}],"version-history":[{"count":0,"href":"https:\/\/patagoniambiental.com.ar\/info\/wp-json\/wp\/v2\/posts\/74914\/revisions"}],"wp:featuredmedia":[{"embeddable":true,"href":"https:\/\/patagoniambiental.com.ar\/info\/wp-json\/wp\/v2\/media\/74915"}],"wp:attachment":[{"href":"https:\/\/patagoniambiental.com.ar\/info\/wp-json\/wp\/v2\/media?parent=74914"}],"wp:term":[{"taxonomy":"category","embeddable":true,"href":"https:\/\/patagoniambiental.com.ar\/info\/wp-json\/wp\/v2\/categories?post=74914"},{"taxonomy":"post_tag","embeddable":true,"href":"https:\/\/patagoniambiental.com.ar\/info\/wp-json\/wp\/v2\/tags?post=74914"}],"curies":[{"name":"wp","href":"https:\/\/api.w.org\/{rel}","templated":true}]}}