{"id":74923,"date":"2021-12-30T19:00:00","date_gmt":"2021-12-30T22:00:00","guid":{"rendered":"http:\/\/patagoniambiental.com.ar\/info\/?p=74923"},"modified":"2021-12-30T09:52:52","modified_gmt":"2021-12-30T12:52:52","slug":"los-chicos-y-chicas-de-neuquen-y-rio-negro-protagonistas-de-la-transicion-energetica","status":"publish","type":"post","link":"https:\/\/patagoniambiental.com.ar\/info\/los-chicos-y-chicas-de-neuquen-y-rio-negro-protagonistas-de-la-transicion-energetica\/","title":{"rendered":"Los chicos y chicas de Neuqu\u00e9n y R\u00edo Negro, protagonistas de la transici\u00f3n energ\u00e9tica"},"content":{"rendered":"\n<!--more-->\n\n\n\n<h2 class=\"wp-block-heading\">En el 2021 Fundaci\u00f3n YPF puso en marcha nuevas iniciativas educativas destinadas a las nuevas generaciones de las provincias productoras de energ\u00eda, para su formaci\u00f3n actual y pensando en su futuro.<\/h2>\n\n\n\n<ul class=\"wp-block-list\"><li><\/li><li><\/li><li><\/li><li><\/li><\/ul>\n\n\n\n<figure class=\"wp-block-image\"><img decoding=\"async\" src=\"https:\/\/media.lmneuquen.com\/p\/8fbab5e62d23346bf6118a4f35674d4d\/adjuntos\/195\/imagenes\/006\/987\/0006987357\/770x0\/smart\/plaza-huincul-talleres-la-energia-y-vos-mes_2554-1jpg.jpg\" alt=\"En Plaza Huincul\" title=\"En Plaza Huincul | LM Neuquen\"\/><figcaption>En Plaza Huincul, los chicos participaron del taller \u201cVos y la Energ\u00eda\u201d.&nbsp;&nbsp;<\/figcaption><\/figure>\n\n\n\n<p>\u201cNuestro compromiso con los estudiantes neuquinos y rionegrinos es que accedan a la formaci\u00f3n de la mejor calidad que demanda la industria hoy y demandar\u00e1 en los pr\u00f3ximos a\u00f1os. Los j\u00f3venes ser\u00e1n los l\u00edderes de la transici\u00f3n energ\u00e9tica y para eso nuestros programas educativos les acercan la innovaci\u00f3n tecnol\u00f3gica y el conocimiento de los m\u00e1s destacados profesionales\u201d, coment\u00f3 Ofelia C\u00e9dola, directora ejecutiva.<\/p>\n\n\n\n<p>Una acci\u00f3n nueva y muy potente que se comenz\u00f3 a realizar este a\u00f1o y que est\u00e1 en l\u00ednea con el fin de acercar la curva de aprendizaje de la industria energ\u00e9tica a las nuevas generaciones, son las pr\u00e1cticas profesionalizantes para escuelas t\u00e9cnicas orientadas en hidrocarburos de las localidades de la Cuenca Neuquina. Las chicas y chicos de Plaza Huincul, Centenario y A\u00f1elo fueron protagonistas de una experiencia in\u00e9dita en la que pudieron aprender en un entorno real de trabajo con las \u00faltimas tecnolog\u00edas y novedades que les servir\u00e1n para su futuro profesional. Como parte de las pr\u00e1cticas, experimentaron en los simuladores 3D de&nbsp;<a href=\"https:\/\/www.lmneuquen.com\/ypf-a138\">YPF<\/a>&nbsp;y de Nabors, en las plantas de bombas y laboratorios de Halliburton; y visitaron un equipo de perforaci\u00f3n y un set de fractura en las instalaciones de YPF en Loma Campana.<\/p>\n\n\n\n<p><\/p>\n\n\n\n<p>Tambi\u00e9n se realizaron seminarios a nivel universitario: junto a la UTN regional Neuqu\u00e9n sobre Perforaci\u00f3n y Terminaci\u00f3n de Pozos de Petr\u00f3leo y Gas; y con la Universidad Nacional de R\u00edo Negro, el curso intensivo en ambiente, higiene y seguridad laboral en la industria del petr\u00f3leo y gas, preparatorio de la Tecnicatura que se dictar\u00e1 en el 2022.<\/p>\n\n\n\n<figure class=\"wp-block-image\"><img decoding=\"async\" src=\"https:\/\/media.lmneuquen.com\/p\/ad7a204a029edee96e2712e67d757459\/adjuntos\/195\/imagenes\/006\/987\/0006987358\/770x0\/smart\/cutral-co-y-plaza-ofeliz-cedola-notbook-mes_3296-1jpg.jpg\" alt=\"La directora ejecutiva de la Fundaci\u00f3n YPF, Ofelia C\u00e9dola, junto a estudiantes de la comarca petrolera.   \"\/><\/figure>\n\n\n\n<p>La directora ejecutiva de la Fundaci\u00f3n YPF, Ofelia C\u00e9dola, junto a estudiantes de la comarca petrolera.<\/p>\n\n\n\n<p><strong><a href=\"https:\/\/www.lmneuquen.com\/educacion-a294\">Educaci\u00f3n<\/a>&nbsp;para la&nbsp;<a href=\"https:\/\/www.lmneuquen.com\/energia-a79\">energ\u00eda<\/a><\/strong><\/p>\n\n\n\n<p>Pensando en el presente y proyectando el futuro de los j\u00f3venes, para poder brindar a las instituciones educativas de la regi\u00f3n un mapa de las ocupaciones que anticipe las demandas de la operaci\u00f3n petrolera, se comenz\u00f3 a desarrollar una prospectiva. Esta ser\u00e1 una herramienta que les permitir\u00e1 adecuar la educaci\u00f3n t\u00e9cnica y formaci\u00f3n profesional a las necesidades actuales y futuras de profesionales del sector petrolero.<\/p>\n\n\n\n<p>Otra de las iniciativas que surgi\u00f3 este a\u00f1o, con el foco puesto en las provincias donde se produce la energ\u00eda, es la de apoyar el desarrollo de una red Patag\u00f3nica de Investigaci\u00f3n Orientada en Ciencia y Tecnolog\u00eda. Para eso se financiar\u00e1n junto con la Agencia I+D+i, proyectos de investigaci\u00f3n aplicada en las \u00e1reas de hidrocarburos convencionales y no convencionales. El financiamiento est\u00e1 destinado a los equipos de investigadoras e investigadores de las universidades regionales como la UTN, UNCO y UNRN; y algunos de los temas que cubrir\u00e1 ser\u00e1n la Mec\u00e1nica Computacional, Remediaci\u00f3n ambiental, f\u00edsica y qu\u00edmica, eficiencia Energ\u00e9tica y Ciencia de Datos, entre otros. La convocatoria finaliza el 4 de marzo y los que est\u00e9n interesados pueden aplicar ingresando a&nbsp;<a href=\"http:\/\/www.agencia.mincyt.gob.ar\/frontend\/agencia\/convocatoria\/475\" target=\"_blank\" rel=\"noreferrer noopener\">http:\/\/www.agencia.mincyt.gob.ar\/frontend\/agencia\/convocatoria\/475<\/a><\/p>\n\n\n\n<p>La educaci\u00f3n vinculada a la energ\u00eda, de la mano de la alfabetizaci\u00f3n cient\u00edfica, es un eje central del trabajo que viene realizando la Fundaci\u00f3n YPF, conactividades para todas las etapas educativas y que comienzan desde la m\u00e1s temprana edad. Bajo la premisa de ense\u00f1ar sobre energ\u00eda en el aula y despertar la curiosidad por la ciencia, se organizan talleres para docentes y estudiantes en los que se aprende experimentando, jugando, indagando y relacionando los contenidos de los aprendizajes con las situaciones de la vida cotidiana. Con este mismo fin se crearon juegos educativos y kits de laboratorio para primaria y juegos para crear proyectos para secundaria que se entregaron este a\u00f1o a 46 escuelas de Neuqu\u00e9n y 27 de R\u00edo Negro.<\/p>\n\n\n\n<p>Por su parte, el Programa de Becas de la Fundaci\u00f3n YPF acompa\u00f1a a estudiantes de universidades p\u00fablicas de carreras estrat\u00e9gicas para el desarrollo energ\u00e9tico y tecnol\u00f3gico del pa\u00eds vinculadas a las ingenier\u00edas, ciencias de la Tierra y del Ambiente.<\/p>\n\n\n\n<p>Este a\u00f1o, se hizo por primera vez en Neuqu\u00e9n el encuentro anual que re\u00fane a becarias y becarios, para que experimenten de primera mano c\u00f3mo es la operaci\u00f3n. Como parte de la experiencia formativa se incluyeron visitas t\u00e9cnicas al yacimiento Loma Campana y a la Refiner\u00eda Plaza Huincul. Previo al encuentro, se realiz\u00f3 un ideat\u00f3n en el que crearon soluciones para resolver desaf\u00edos de la industria energ\u00e9tica. Junto a sus mentores, que son profesionales de YPF, los estudiantes dise\u00f1aron proyectos innovadores y aplicables para transformar la realidad de las diversas \u00e1reas. De los 30 proyectos que se presentaron, el primer premio lo gan\u00f3 la propuesta \u201cBosques de algas contra el cambio clim\u00e1tico\u201d para la captura de carbono en la refiner\u00eda de Plaza Huincul. En este proyecto se integran la innovaci\u00f3n, haciendo uso de las tecnolog\u00edas emergentes para el tema de la descarbonizaci\u00f3n, la econom\u00eda circular y la sostenibilidad.<\/p>\n\n\n\n<figure class=\"wp-block-image\"><img decoding=\"async\" src=\"https:\/\/media.lmneuquen.com\/p\/1e5828f71ab50904327699b00be30d22\/adjuntos\/195\/imagenes\/006\/987\/0006987356\/770x0\/smart\/anelo-cierre-practicas-mes_2174-1jpg.jpg\" alt=\"El cierre de las pr\u00e1cticas profesionalizantes para escuelas t\u00e9cnicas, en la sede de YPF de A\u00f1elo.  \"\/><\/figure>\n\n\n\n<p>El cierre de las pr\u00e1cticas profesionalizantes para escuelas t\u00e9cnicas, en la sede de YPF de A\u00f1elo.<\/p>\n\n\n\n<p><strong>Innovaci\u00f3n y Sostenibilidad<\/strong><\/p>\n\n\n\n<p>\u201cFue una gran sorpresa ver c\u00f3mo las becarias y becarios tienen incorporado el tema de la sostenibilidad en sus tres dimensiones: social, econ\u00f3mica y ambiental, as\u00ed como la perspectiva de g\u00e9nero. Los proyectos que idearon constituyen hip\u00f3tesis s\u00f3lidas de investigaci\u00f3n y muchos de ellos ya est\u00e1n en agenda de YPF y de Y-TEC. Por lo que vamos a procurar acompa\u00f1ar su desarrollo\u201d, sostuvo la directora de la Fundaci\u00f3n.<\/p>\n\n\n\n<p>La agenda educativa de la Fundaci\u00f3n YPF incluye la apuesta de trabajar con los estudiantes y docentes, una mirada de mayor complejidad sobre la transici\u00f3n energ\u00e9tica hacia fuentes menos contaminantes, la acci\u00f3n por el clima y la disminuci\u00f3n de emisiones de gases de efecto invernadero, que son los grandes desaf\u00edos que tienen la industria y la sociedad. En relaci\u00f3n a esta tem\u00e1tica, se realiz\u00f3 un ciclo de Seminarios sobre sostenibilidad y transici\u00f3n energ\u00e9tica para educaci\u00f3n secundaria t\u00e9cnica, universitaria y p\u00fablico en general, dictados por especialistas de YPF, Y-TEC e YPF Luz, que trataron sobre el desarrollo y utilizaci\u00f3n del Hidr\u00f3geno, Litio, Renovables y energ\u00edas m\u00e1s amigables con el medio ambiente.<\/p>\n\n\n\n<p>Fuente: La Ma\u00f1ana Neuquen<\/p>\n","protected":false},"excerpt":{"rendered":"","protected":false},"author":6,"featured_media":74924,"comment_status":"open","ping_status":"open","sticky":false,"template":"","format":"standard","meta":{"site-sidebar-layout":"default","site-content-layout":"","ast-site-content-layout":"default","site-content-style":"default","site-sidebar-style":"default","ast-global-header-display":"","ast-banner-title-visibility":"","ast-main-header-display":"","ast-hfb-above-header-display":"","ast-hfb-below-header-display":"","ast-hfb-mobile-header-display":"","site-post-title":"","ast-breadcrumbs-content":"","ast-featured-img":"","footer-sml-layout":"","ast-disable-related-posts":"","theme-transparent-header-meta":"","adv-header-id-meta":"","stick-header-meta":"","header-above-stick-meta":"","header-main-stick-meta":"","header-below-stick-meta":"","astra-migrate-meta-layouts":"default","ast-page-background-enabled":"default","ast-page-background-meta":{"desktop":{"background-color":"var(--ast-global-color-5)","background-image":"","background-repeat":"repeat","background-position":"center center","background-size":"auto","background-attachment":"scroll","background-type":"","background-media":"","overlay-type":"","overlay-color":"","overlay-opacity":"","overlay-gradient":""},"tablet":{"background-color":"","background-image":"","background-repeat":"repeat","background-position":"center center","background-size":"auto","background-attachment":"scroll","background-type":"","background-media":"","overlay-type":"","overlay-color":"","overlay-opacity":"","overlay-gradient":""},"mobile":{"background-color":"","background-image":"","background-repeat":"repeat","background-position":"center center","background-size":"auto","background-attachment":"scroll","background-type":"","background-media":"","overlay-type":"","overlay-color":"","overlay-opacity":"","overlay-gradient":""}},"ast-content-background-meta":{"desktop":{"background-color":"var(--ast-global-color-4)","background-image":"","background-repeat":"repeat","background-position":"center center","background-size":"auto","background-attachment":"scroll","background-type":"","background-media":"","overlay-type":"","overlay-color":"","overlay-opacity":"","overlay-gradient":""},"tablet":{"background-color":"var(--ast-global-color-4)","background-image":"","background-repeat":"repeat","background-position":"center center","background-size":"auto","background-attachment":"scroll","background-type":"","background-media":"","overlay-type":"","overlay-color":"","overlay-opacity":"","overlay-gradient":""},"mobile":{"background-color":"var(--ast-global-color-4)","background-image":"","background-repeat":"repeat","background-position":"center center","background-size":"auto","background-attachment":"scroll","background-type":"","background-media":"","overlay-type":"","overlay-color":"","overlay-opacity":"","overlay-gradient":""}},"footnotes":""},"categories":[1],"tags":[],"class_list":["post-74923","post","type-post","status-publish","format-standard","has-post-thumbnail","hentry","category-noticias"],"yoast_head":"<!-- This site is optimized with the Yoast SEO Premium plugin v23.0 (Yoast SEO v27.5) - https:\/\/yoast.com\/product\/yoast-seo-premium-wordpress\/ -->\n<title>Los chicos y chicas de Neuqu\u00e9n y R\u00edo Negro, protagonistas de la transici\u00f3n energ\u00e9tica<\/title>\n<meta name=\"robots\" content=\"index, follow, max-snippet:-1, max-image-preview:large, max-video-preview:-1\" \/>\n<link rel=\"canonical\" href=\"https:\/\/patagoniambiental.com.ar\/info\/los-chicos-y-chicas-de-neuquen-y-rio-negro-protagonistas-de-la-transicion-energetica\/\" \/>\n<meta property=\"og:locale\" content=\"es_ES\" \/>\n<meta property=\"og:type\" content=\"article\" \/>\n<meta property=\"og:title\" content=\"Los chicos y chicas de Neuqu\u00e9n y R\u00edo Negro, protagonistas de la transici\u00f3n energ\u00e9tica\" \/>\n<meta property=\"og:url\" content=\"https:\/\/patagoniambiental.com.ar\/info\/los-chicos-y-chicas-de-neuquen-y-rio-negro-protagonistas-de-la-transicion-energetica\/\" \/>\n<meta property=\"og:site_name\" content=\"Patagonia Ambiental\" \/>\n<meta property=\"article:publisher\" content=\"https:\/\/www.facebook.com\/patagonia.ambiental\" \/>\n<meta property=\"article:published_time\" content=\"2021-12-30T22:00:00+00:00\" \/>\n<meta property=\"og:image\" content=\"https:\/\/patagoniambiental.com.ar\/info\/wp-content\/uploads\/2021\/12\/plaza-huincul-talleres-la-energia-y-vos-mes_2554-1jpg.jpg\" \/>\n\t<meta property=\"og:image:width\" content=\"770\" \/>\n\t<meta property=\"og:image:height\" content=\"514\" \/>\n\t<meta property=\"og:image:type\" content=\"image\/jpeg\" \/>\n<meta name=\"author\" content=\"BRAIAN ESTEVEZ\" \/>\n<meta name=\"twitter:card\" content=\"summary_large_image\" \/>\n<meta name=\"twitter:creator\" content=\"@PatAmb\" \/>\n<meta name=\"twitter:site\" content=\"@PatAmb\" \/>\n<script type=\"application\/ld+json\" class=\"yoast-schema-graph\">{\"@context\":\"https:\\\/\\\/schema.org\",\"@graph\":[{\"@type\":\"Article\",\"@id\":\"https:\\\/\\\/patagoniambiental.com.ar\\\/info\\\/los-chicos-y-chicas-de-neuquen-y-rio-negro-protagonistas-de-la-transicion-energetica\\\/#article\",\"isPartOf\":{\"@id\":\"https:\\\/\\\/patagoniambiental.com.ar\\\/info\\\/los-chicos-y-chicas-de-neuquen-y-rio-negro-protagonistas-de-la-transicion-energetica\\\/\"},\"author\":{\"name\":\"BRAIAN ESTEVEZ\",\"@id\":\"https:\\\/\\\/patagoniambiental.com.ar\\\/info\\\/#\\\/schema\\\/person\\\/e5af09d700b2e82cb10c6b8800e0c691\"},\"headline\":\"Los chicos y chicas de Neuqu\u00e9n y R\u00edo Negro, protagonistas de la transici\u00f3n energ\u00e9tica\",\"datePublished\":\"2021-12-30T22:00:00+00:00\",\"mainEntityOfPage\":{\"@id\":\"https:\\\/\\\/patagoniambiental.com.ar\\\/info\\\/los-chicos-y-chicas-de-neuquen-y-rio-negro-protagonistas-de-la-transicion-energetica\\\/\"},\"wordCount\":1167,\"commentCount\":0,\"publisher\":{\"@id\":\"https:\\\/\\\/patagoniambiental.com.ar\\\/info\\\/#organization\"},\"image\":{\"@id\":\"https:\\\/\\\/patagoniambiental.com.ar\\\/info\\\/los-chicos-y-chicas-de-neuquen-y-rio-negro-protagonistas-de-la-transicion-energetica\\\/#primaryimage\"},\"thumbnailUrl\":\"https:\\\/\\\/patagoniambiental.com.ar\\\/info\\\/wp-content\\\/uploads\\\/2021\\\/12\\\/plaza-huincul-talleres-la-energia-y-vos-mes_2554-1jpg.jpg\",\"articleSection\":[\"Noticias\"],\"inLanguage\":\"es\",\"potentialAction\":[{\"@type\":\"CommentAction\",\"name\":\"Comment\",\"target\":[\"https:\\\/\\\/patagoniambiental.com.ar\\\/info\\\/los-chicos-y-chicas-de-neuquen-y-rio-negro-protagonistas-de-la-transicion-energetica\\\/#respond\"]}]},{\"@type\":\"WebPage\",\"@id\":\"https:\\\/\\\/patagoniambiental.com.ar\\\/info\\\/los-chicos-y-chicas-de-neuquen-y-rio-negro-protagonistas-de-la-transicion-energetica\\\/\",\"url\":\"https:\\\/\\\/patagoniambiental.com.ar\\\/info\\\/los-chicos-y-chicas-de-neuquen-y-rio-negro-protagonistas-de-la-transicion-energetica\\\/\",\"name\":\"Los chicos y chicas de Neuqu\u00e9n y R\u00edo Negro, protagonistas de la transici\u00f3n energ\u00e9tica\",\"isPartOf\":{\"@id\":\"https:\\\/\\\/patagoniambiental.com.ar\\\/info\\\/#website\"},\"primaryImageOfPage\":{\"@id\":\"https:\\\/\\\/patagoniambiental.com.ar\\\/info\\\/los-chicos-y-chicas-de-neuquen-y-rio-negro-protagonistas-de-la-transicion-energetica\\\/#primaryimage\"},\"image\":{\"@id\":\"https:\\\/\\\/patagoniambiental.com.ar\\\/info\\\/los-chicos-y-chicas-de-neuquen-y-rio-negro-protagonistas-de-la-transicion-energetica\\\/#primaryimage\"},\"thumbnailUrl\":\"https:\\\/\\\/patagoniambiental.com.ar\\\/info\\\/wp-content\\\/uploads\\\/2021\\\/12\\\/plaza-huincul-talleres-la-energia-y-vos-mes_2554-1jpg.jpg\",\"datePublished\":\"2021-12-30T22:00:00+00:00\",\"breadcrumb\":{\"@id\":\"https:\\\/\\\/patagoniambiental.com.ar\\\/info\\\/los-chicos-y-chicas-de-neuquen-y-rio-negro-protagonistas-de-la-transicion-energetica\\\/#breadcrumb\"},\"inLanguage\":\"es\",\"potentialAction\":[{\"@type\":\"ReadAction\",\"target\":[\"https:\\\/\\\/patagoniambiental.com.ar\\\/info\\\/los-chicos-y-chicas-de-neuquen-y-rio-negro-protagonistas-de-la-transicion-energetica\\\/\"]}]},{\"@type\":\"ImageObject\",\"inLanguage\":\"es\",\"@id\":\"https:\\\/\\\/patagoniambiental.com.ar\\\/info\\\/los-chicos-y-chicas-de-neuquen-y-rio-negro-protagonistas-de-la-transicion-energetica\\\/#primaryimage\",\"url\":\"https:\\\/\\\/patagoniambiental.com.ar\\\/info\\\/wp-content\\\/uploads\\\/2021\\\/12\\\/plaza-huincul-talleres-la-energia-y-vos-mes_2554-1jpg.jpg\",\"contentUrl\":\"https:\\\/\\\/patagoniambiental.com.ar\\\/info\\\/wp-content\\\/uploads\\\/2021\\\/12\\\/plaza-huincul-talleres-la-energia-y-vos-mes_2554-1jpg.jpg\",\"width\":770,\"height\":514},{\"@type\":\"BreadcrumbList\",\"@id\":\"https:\\\/\\\/patagoniambiental.com.ar\\\/info\\\/los-chicos-y-chicas-de-neuquen-y-rio-negro-protagonistas-de-la-transicion-energetica\\\/#breadcrumb\",\"itemListElement\":[{\"@type\":\"ListItem\",\"position\":1,\"name\":\"Inicio\",\"item\":\"https:\\\/\\\/patagoniambiental.com.ar\\\/info\\\/\"},{\"@type\":\"ListItem\",\"position\":2,\"name\":\"Los chicos y chicas de Neuqu\u00e9n y R\u00edo Negro, protagonistas de la transici\u00f3n energ\u00e9tica\"}]},{\"@type\":\"WebSite\",\"@id\":\"https:\\\/\\\/patagoniambiental.com.ar\\\/info\\\/#website\",\"url\":\"https:\\\/\\\/patagoniambiental.com.ar\\\/info\\\/\",\"name\":\"Patagonia Ambiental\",\"description\":\"Monitoreo y an\u00e1lisis de la situaci\u00f3n geopol\u00edtica en el mundo y su implicancia en la Patagonia\",\"publisher\":{\"@id\":\"https:\\\/\\\/patagoniambiental.com.ar\\\/info\\\/#organization\"},\"potentialAction\":[{\"@type\":\"SearchAction\",\"target\":{\"@type\":\"EntryPoint\",\"urlTemplate\":\"https:\\\/\\\/patagoniambiental.com.ar\\\/info\\\/?s={search_term_string}\"},\"query-input\":{\"@type\":\"PropertyValueSpecification\",\"valueRequired\":true,\"valueName\":\"search_term_string\"}}],\"inLanguage\":\"es\"},{\"@type\":\"Organization\",\"@id\":\"https:\\\/\\\/patagoniambiental.com.ar\\\/info\\\/#organization\",\"name\":\"Patagonia Ambiental\",\"url\":\"https:\\\/\\\/patagoniambiental.com.ar\\\/info\\\/\",\"logo\":{\"@type\":\"ImageObject\",\"inLanguage\":\"es\",\"@id\":\"https:\\\/\\\/patagoniambiental.com.ar\\\/info\\\/#\\\/schema\\\/logo\\\/image\\\/\",\"url\":\"https:\\\/\\\/patagoniambiental.com.ar\\\/info\\\/wp-content\\\/uploads\\\/2025\\\/05\\\/LOGO-PATAGONIA-AMBIENTAL.png\",\"contentUrl\":\"https:\\\/\\\/patagoniambiental.com.ar\\\/info\\\/wp-content\\\/uploads\\\/2025\\\/05\\\/LOGO-PATAGONIA-AMBIENTAL.png\",\"width\":433,\"height\":250,\"caption\":\"Patagonia Ambiental\"},\"image\":{\"@id\":\"https:\\\/\\\/patagoniambiental.com.ar\\\/info\\\/#\\\/schema\\\/logo\\\/image\\\/\"},\"sameAs\":[\"https:\\\/\\\/www.facebook.com\\\/patagonia.ambiental\",\"https:\\\/\\\/x.com\\\/PatAmb\"]},{\"@type\":\"Person\",\"@id\":\"https:\\\/\\\/patagoniambiental.com.ar\\\/info\\\/#\\\/schema\\\/person\\\/e5af09d700b2e82cb10c6b8800e0c691\",\"name\":\"BRAIAN ESTEVEZ\",\"sameAs\":[\"http:\\\/\\\/www.patagoniambiental.com.ar\"]}]}<\/script>\n<!-- \/ Yoast SEO Premium plugin. -->","yoast_head_json":{"title":"Los chicos y chicas de Neuqu\u00e9n y R\u00edo Negro, protagonistas de la transici\u00f3n energ\u00e9tica","robots":{"index":"index","follow":"follow","max-snippet":"max-snippet:-1","max-image-preview":"max-image-preview:large","max-video-preview":"max-video-preview:-1"},"canonical":"https:\/\/patagoniambiental.com.ar\/info\/los-chicos-y-chicas-de-neuquen-y-rio-negro-protagonistas-de-la-transicion-energetica\/","og_locale":"es_ES","og_type":"article","og_title":"Los chicos y chicas de Neuqu\u00e9n y R\u00edo Negro, protagonistas de la transici\u00f3n energ\u00e9tica","og_url":"https:\/\/patagoniambiental.com.ar\/info\/los-chicos-y-chicas-de-neuquen-y-rio-negro-protagonistas-de-la-transicion-energetica\/","og_site_name":"Patagonia Ambiental","article_publisher":"https:\/\/www.facebook.com\/patagonia.ambiental","article_published_time":"2021-12-30T22:00:00+00:00","og_image":[{"width":770,"height":514,"url":"https:\/\/patagoniambiental.com.ar\/info\/wp-content\/uploads\/2021\/12\/plaza-huincul-talleres-la-energia-y-vos-mes_2554-1jpg.jpg","type":"image\/jpeg"}],"author":"BRAIAN ESTEVEZ","twitter_card":"summary_large_image","twitter_creator":"@PatAmb","twitter_site":"@PatAmb","schema":{"@context":"https:\/\/schema.org","@graph":[{"@type":"Article","@id":"https:\/\/patagoniambiental.com.ar\/info\/los-chicos-y-chicas-de-neuquen-y-rio-negro-protagonistas-de-la-transicion-energetica\/#article","isPartOf":{"@id":"https:\/\/patagoniambiental.com.ar\/info\/los-chicos-y-chicas-de-neuquen-y-rio-negro-protagonistas-de-la-transicion-energetica\/"},"author":{"name":"BRAIAN ESTEVEZ","@id":"https:\/\/patagoniambiental.com.ar\/info\/#\/schema\/person\/e5af09d700b2e82cb10c6b8800e0c691"},"headline":"Los chicos y chicas de Neuqu\u00e9n y R\u00edo Negro, protagonistas de la transici\u00f3n energ\u00e9tica","datePublished":"2021-12-30T22:00:00+00:00","mainEntityOfPage":{"@id":"https:\/\/patagoniambiental.com.ar\/info\/los-chicos-y-chicas-de-neuquen-y-rio-negro-protagonistas-de-la-transicion-energetica\/"},"wordCount":1167,"commentCount":0,"publisher":{"@id":"https:\/\/patagoniambiental.com.ar\/info\/#organization"},"image":{"@id":"https:\/\/patagoniambiental.com.ar\/info\/los-chicos-y-chicas-de-neuquen-y-rio-negro-protagonistas-de-la-transicion-energetica\/#primaryimage"},"thumbnailUrl":"https:\/\/patagoniambiental.com.ar\/info\/wp-content\/uploads\/2021\/12\/plaza-huincul-talleres-la-energia-y-vos-mes_2554-1jpg.jpg","articleSection":["Noticias"],"inLanguage":"es","potentialAction":[{"@type":"CommentAction","name":"Comment","target":["https:\/\/patagoniambiental.com.ar\/info\/los-chicos-y-chicas-de-neuquen-y-rio-negro-protagonistas-de-la-transicion-energetica\/#respond"]}]},{"@type":"WebPage","@id":"https:\/\/patagoniambiental.com.ar\/info\/los-chicos-y-chicas-de-neuquen-y-rio-negro-protagonistas-de-la-transicion-energetica\/","url":"https:\/\/patagoniambiental.com.ar\/info\/los-chicos-y-chicas-de-neuquen-y-rio-negro-protagonistas-de-la-transicion-energetica\/","name":"Los chicos y chicas de Neuqu\u00e9n y R\u00edo Negro, protagonistas de la transici\u00f3n energ\u00e9tica","isPartOf":{"@id":"https:\/\/patagoniambiental.com.ar\/info\/#website"},"primaryImageOfPage":{"@id":"https:\/\/patagoniambiental.com.ar\/info\/los-chicos-y-chicas-de-neuquen-y-rio-negro-protagonistas-de-la-transicion-energetica\/#primaryimage"},"image":{"@id":"https:\/\/patagoniambiental.com.ar\/info\/los-chicos-y-chicas-de-neuquen-y-rio-negro-protagonistas-de-la-transicion-energetica\/#primaryimage"},"thumbnailUrl":"https:\/\/patagoniambiental.com.ar\/info\/wp-content\/uploads\/2021\/12\/plaza-huincul-talleres-la-energia-y-vos-mes_2554-1jpg.jpg","datePublished":"2021-12-30T22:00:00+00:00","breadcrumb":{"@id":"https:\/\/patagoniambiental.com.ar\/info\/los-chicos-y-chicas-de-neuquen-y-rio-negro-protagonistas-de-la-transicion-energetica\/#breadcrumb"},"inLanguage":"es","potentialAction":[{"@type":"ReadAction","target":["https:\/\/patagoniambiental.com.ar\/info\/los-chicos-y-chicas-de-neuquen-y-rio-negro-protagonistas-de-la-transicion-energetica\/"]}]},{"@type":"ImageObject","inLanguage":"es","@id":"https:\/\/patagoniambiental.com.ar\/info\/los-chicos-y-chicas-de-neuquen-y-rio-negro-protagonistas-de-la-transicion-energetica\/#primaryimage","url":"https:\/\/patagoniambiental.com.ar\/info\/wp-content\/uploads\/2021\/12\/plaza-huincul-talleres-la-energia-y-vos-mes_2554-1jpg.jpg","contentUrl":"https:\/\/patagoniambiental.com.ar\/info\/wp-content\/uploads\/2021\/12\/plaza-huincul-talleres-la-energia-y-vos-mes_2554-1jpg.jpg","width":770,"height":514},{"@type":"BreadcrumbList","@id":"https:\/\/patagoniambiental.com.ar\/info\/los-chicos-y-chicas-de-neuquen-y-rio-negro-protagonistas-de-la-transicion-energetica\/#breadcrumb","itemListElement":[{"@type":"ListItem","position":1,"name":"Inicio","item":"https:\/\/patagoniambiental.com.ar\/info\/"},{"@type":"ListItem","position":2,"name":"Los chicos y chicas de Neuqu\u00e9n y R\u00edo Negro, protagonistas de la transici\u00f3n energ\u00e9tica"}]},{"@type":"WebSite","@id":"https:\/\/patagoniambiental.com.ar\/info\/#website","url":"https:\/\/patagoniambiental.com.ar\/info\/","name":"Patagonia Ambiental","description":"Monitoreo y an\u00e1lisis de la situaci\u00f3n geopol\u00edtica en el mundo y su implicancia en la Patagonia","publisher":{"@id":"https:\/\/patagoniambiental.com.ar\/info\/#organization"},"potentialAction":[{"@type":"SearchAction","target":{"@type":"EntryPoint","urlTemplate":"https:\/\/patagoniambiental.com.ar\/info\/?s={search_term_string}"},"query-input":{"@type":"PropertyValueSpecification","valueRequired":true,"valueName":"search_term_string"}}],"inLanguage":"es"},{"@type":"Organization","@id":"https:\/\/patagoniambiental.com.ar\/info\/#organization","name":"Patagonia Ambiental","url":"https:\/\/patagoniambiental.com.ar\/info\/","logo":{"@type":"ImageObject","inLanguage":"es","@id":"https:\/\/patagoniambiental.com.ar\/info\/#\/schema\/logo\/image\/","url":"https:\/\/patagoniambiental.com.ar\/info\/wp-content\/uploads\/2025\/05\/LOGO-PATAGONIA-AMBIENTAL.png","contentUrl":"https:\/\/patagoniambiental.com.ar\/info\/wp-content\/uploads\/2025\/05\/LOGO-PATAGONIA-AMBIENTAL.png","width":433,"height":250,"caption":"Patagonia Ambiental"},"image":{"@id":"https:\/\/patagoniambiental.com.ar\/info\/#\/schema\/logo\/image\/"},"sameAs":["https:\/\/www.facebook.com\/patagonia.ambiental","https:\/\/x.com\/PatAmb"]},{"@type":"Person","@id":"https:\/\/patagoniambiental.com.ar\/info\/#\/schema\/person\/e5af09d700b2e82cb10c6b8800e0c691","name":"BRAIAN ESTEVEZ","sameAs":["http:\/\/www.patagoniambiental.com.ar"]}]}},"_links":{"self":[{"href":"https:\/\/patagoniambiental.com.ar\/info\/wp-json\/wp\/v2\/posts\/74923","targetHints":{"allow":["GET"]}}],"collection":[{"href":"https:\/\/patagoniambiental.com.ar\/info\/wp-json\/wp\/v2\/posts"}],"about":[{"href":"https:\/\/patagoniambiental.com.ar\/info\/wp-json\/wp\/v2\/types\/post"}],"author":[{"embeddable":true,"href":"https:\/\/patagoniambiental.com.ar\/info\/wp-json\/wp\/v2\/users\/6"}],"replies":[{"embeddable":true,"href":"https:\/\/patagoniambiental.com.ar\/info\/wp-json\/wp\/v2\/comments?post=74923"}],"version-history":[{"count":0,"href":"https:\/\/patagoniambiental.com.ar\/info\/wp-json\/wp\/v2\/posts\/74923\/revisions"}],"wp:featuredmedia":[{"embeddable":true,"href":"https:\/\/patagoniambiental.com.ar\/info\/wp-json\/wp\/v2\/media\/74924"}],"wp:attachment":[{"href":"https:\/\/patagoniambiental.com.ar\/info\/wp-json\/wp\/v2\/media?parent=74923"}],"wp:term":[{"taxonomy":"category","embeddable":true,"href":"https:\/\/patagoniambiental.com.ar\/info\/wp-json\/wp\/v2\/categories?post=74923"},{"taxonomy":"post_tag","embeddable":true,"href":"https:\/\/patagoniambiental.com.ar\/info\/wp-json\/wp\/v2\/tags?post=74923"}],"curies":[{"name":"wp","href":"https:\/\/api.w.org\/{rel}","templated":true}]}}