{"id":74934,"date":"2021-12-30T10:00:57","date_gmt":"2021-12-30T13:00:57","guid":{"rendered":"http:\/\/patagoniambiental.com.ar\/info\/?p=74934"},"modified":"2021-12-30T10:00:58","modified_gmt":"2021-12-30T13:00:58","slug":"alistan-plan-de-contingencia-en-caso-de-tener-que-evacuar-a-pobladores-por-el-incendio-en-rio-negro","status":"publish","type":"post","link":"https:\/\/patagoniambiental.com.ar\/info\/alistan-plan-de-contingencia-en-caso-de-tener-que-evacuar-a-pobladores-por-el-incendio-en-rio-negro\/","title":{"rendered":"Alistan plan de contingencia en caso de tener que evacuar a pobladores por el incendio en R\u00edo Negro"},"content":{"rendered":"\n<!--more-->\n\n\n\n<p>El incendio, que avanza sobre los lagos Martin y Steffen, pone en riesgo a familias que viven en la zona, mientras los brigadistas repliegan las fuerzas en el valle El Manso por cuestiones de seguridad.Agencia Telam30 de Diciembre de 2021<\/p>\n\n\n\n<ul class=\"wp-block-list\"><li><a>0<\/a><\/li><li><a rel=\"noreferrer noopener\" href=\"https:\/\/twitter.com\/intent\/tweet?text=Alistan+plan+de+contingencia+en+caso+de+tener+que+evacuar+a+pobladores+por+el+incendio+en+R%C3%ADo+Negro&amp;url=https:\/\/www.revistachacra.com.ar\/nota\/44115-alistan-plan-de-contingencia-en-caso-de-tener-que-evacuar-a-pobladores-por-el-incendio-en-rio-negro\/&amp;lang=es\" target=\"_blank\">0<\/a><\/li><li><a href=\"https:\/\/api.whatsapp.com\/send?text=https%3A%2F%2Fwww.revistachacra.com.ar%2Fnota%2F44115-alistan-plan-de-contingencia-en-caso-de-tener-que-evacuar-a-pobladores-por-el-incendio-en-rio-negro%2F\" target=\"_blank\" rel=\"noreferrer noopener\">0<\/a><\/li><li><a>0<\/a><\/li><\/ul>\n\n\n\n<figure class=\"wp-block-image\"><img decoding=\"async\" src=\"https:\/\/www.revistachacra.com.ar\/files\/image\/44\/44299\/61cd92584d924_837_627!.jpg?s=3a474c819a192b2da059fa4246ec8c00&amp;d=1640862603\" alt=\"\"\/><\/figure>\n\n\n\n<p>Las autoridades nacionales y de R\u00edo Negro alistan un plan de contingencia en caso de que se decida evacuar las zonas pobladas en las proximidades del Lago Steffen, ante el avance del incendio forestal que se desat\u00f3 el 7 de diciembre, a donde lleg\u00f3 el ministro de Ambiente, Juan Cabandi\u00e9, para encabezar las acciones del Comit\u00e9 de Emergencia constituido.&nbsp;<\/p>\n\n\n\n<p>El incendio, que avanza sobre los lagos Martin y Steffen, en R\u00edo Negro, pone en riesgo a cuatro familias que viven en la zona, mientras los brigadistas repliegan las fuerzas en el valle El Manso por \u00abcuestiones de seguridad\u00bb, debido a fuertes r\u00e1fagas de viento, seg\u00fan inform\u00f3 a T\u00e9lam el director del Servicio Nacional de Manejo de Fuego, Patricio Seufferheld.&nbsp;<\/p>\n\n\n\n<p>El funcionario explic\u00f3 que en este momento \u00abse repleg\u00f3 a toda la gente por cuestiones de seguridad porque hay arriba de 30 nudos de viento constante\u00bb mientras se prev\u00e9 que ingresen precipitaciones esta noche \u00abcon humedad y baja del viento, permitiendo que las brigadas puedan ingresar a trabajar\u00bb. El incendio, que se inici\u00f3 el 7 de diciembre tras la ca\u00edda de un rayo, ya avanz\u00f3 sobre m\u00e1s de 4.000 hect\u00e1reas y la Polic\u00eda de R\u00edo Negro dispuso esta tarde, hasta nuevo aviso, el corte del transito de la ruta nacional 40, entre Bariloche y El Bols\u00f3n, a la altura del Ca\u00f1ad\u00f3n de la Mosca, debido a la presencia de humo de los incendios en toda la zona. Adem\u00e1s, vecinos de la zona informaron sobre cortes de luz debido al fuego y la falta de se\u00f1al de tel\u00e9fonos e Internet, lo que complica las comunicaciones.&nbsp;<\/p>\n\n\n\n<p>Actualmente, el fuego se concentra dentro de un Parque Nacional y avanza sobre las forestaciones nativas, y para Seufferheld \u00abtendr\u00edan que pasar un par de meses m\u00e1s para que llegue a las forestaciones que m\u00e1s cerca est\u00e1n, como Villegas\u00bb. A pesar de esto, vecinos del valle El Manso aseguraron a T\u00e9lam que Villegas, ubicada de 70 kil\u00f3metros de Bariloche, est\u00e1 \u00aben riesgo\u00bb y su preocupaci\u00f3n es que el fuego llegue al valle de \u00abmanera muy r\u00e1pida\u00bb.&nbsp;<\/p>\n\n\n\n<p>\u00abEstamos a principio de verano, esto reci\u00e9n empieza y ya no lo par\u00e1s, y nosotros tenemos alrededor miles de hect\u00e1reas de bosques nativos, esa es la magnitud de la situaci\u00f3n\u00bb, se\u00f1alaron. Por su parte, el ministro de Ambiente Cabandi\u00e9, que se reuni\u00f3 hoy con autoridades del Gobierno de R\u00edo Negro para evaluar las condiciones del incendio, mencion\u00f3 que \u00abpor el momento no hay evacuados\u00bb y a\u00f1adi\u00f3 que \u00aben este lugar hay tres poblaciones de aproximadamente 20 familias que por supuesto est\u00e1n en alerta\u00bb. \u00abEst\u00e1 el trabajo de la provincia de R\u00edo Negro, de la Administraci\u00f3n de Parques Nacionales y del Servicio Nacional del Manejo del Fuego.&nbsp;<\/p>\n\n\n\n<p>Estamos atentos para ultimar los detalles y realizar los hechos de log\u00edstica en caso de necesitar la evacuaci\u00f3n. Estamos pendientes de que no exista el fuego en estas poblaciones, en particular en Villegas y en El Manso, que son las zonas m\u00e1s afectadas\u00bb. En tanto, la secretaria de Estado y Seguridad y Justicia de R\u00edo Negro, Betiana Minor, detall\u00f3 que desde el Comit\u00e9 de Emergencias Regional -integrado por autoridades nacionales y provinciales- \u00abse defini\u00f3 que hoy los brigadistas y todos los integrantes del Servicio Nacional de Manejo del Fuego, Parques Nacionales, SPLIF, m\u00e1s de diez dotaciones de bomberos de la provincia y dem\u00e1s organismos, est\u00e9n dedicados al abordaje de interfase, es decir al resguardo de las viviendas\u00bb.&nbsp;<\/p>\n\n\n\n<p>Sobre la probable llegada del fuego a las zonas pobladas del Manzo y R\u00edo Villegas, en R\u00edo Negro, el jefe del departamento de Incendios Comunicaciones y Emergencias (ICE) del Parque Nacional Nahuel Huapi, Pedro Curruhual, le dijo a T\u00e9lam que \u00abes una probabilidad, no una certeza\u00bb. Cabandi\u00e9 lleg\u00f3 hoy acompa\u00f1ado por la secretaria de Coordinaci\u00f3n Militar en Emergencias del Ministerio de Defensa, In\u00e9s Barboza, y la secretaria de Articulaci\u00f3n Federal de la Seguridad del Ministerio de Seguridad, Silvia La Ruffa, seg\u00fan un comunicado de la cartera de Ambiente.&nbsp;<\/p>\n\n\n\n<p>Los funcionarios nacionales sostuvieron, in situ, reuniones operativas \u00abpara supervisar acciones, reforzar los recursos y elaborar nuevas estrategias para el combate de los incendios forestales en las provincias de R\u00edo Negro, Chubut y Neuqu\u00e9n, en una jornada que present\u00f3 condiciones clim\u00e1ticas adversas\u00bb, se inform\u00f3 a trav\u00e9s de un comunicado. Cabandi\u00e9, que se quedar\u00e1 en la zona hasta el 31 de diciembre, se refiri\u00f3 a la disposici\u00f3n de los medios a\u00e9reos y explic\u00f3: \u00abLos aviones hidrantes son un complemento muy importante, pero si no hay brigadistas en el terreno dando combate al fuego, un avi\u00f3n haciendo disparos solo no apaga el fuego\u00bb.&nbsp;<\/p>\n\n\n\n<p>A su vez, La Ruffa, explic\u00f3 que \u00abpor indicaci\u00f3n del ministro de Seguridad, An\u00edbal Fern\u00e1ndez, hemos dispuesto recursos humanos, materiales log\u00edsticos del \u00e1rea de Protecci\u00f3n Civil de la Polic\u00eda Federal, de la Prefectura Naval Argentina y de Gendarmer\u00eda para dar una respuesta eficaz a los incendios forestales de las provincias de Chubut, Neuqu\u00e9n y R\u00edo Negro y de otras zonas del pa\u00eds\u00bb. En los focos activos en Bariloche trabajan 135 brigadistas convocados por el Servicio Nacional del Manejo del Fuego (SNMF) y la Administraci\u00f3n de Parques Nacionales. Adem\u00e1s, operan tres aviones -un hidrante, un anfibio y un observador- y tres helic\u00f3pteros de este servicio nacional. Respecto a los medios terrestres, se utilizan seis autobombas, un cami\u00f3n de comunicaciones, nueve camionetas pick-up y una retroexcavadora.&nbsp;<\/p>\n\n\n\n<p>A su turno, el intendente del Parque Nacional Nahuel Huapi, Horacio Paradela, dijo a T\u00e9lam que \u00abse sigue trabajando en la defensa de las poblaciones que est\u00e1n afectadas en relaci\u00f3n al Lago Steffen\u00bb y precis\u00f3 que \u00abse est\u00e1 trabajando en focos secundarios que son productos del accionar del viento que transporta material encendido y lo deposita en lugares donde no hab\u00eda ning\u00fan avance\u00bb.&nbsp;<\/p>\n\n\n\n<p>En tanto, en otro frente de los incendios forestales, Neuqu\u00e9n, un helic\u00f3ptero hidrante cay\u00f3 esta ma\u00f1ana cerca de la localidad de Alumin\u00e9, lo que caus\u00f3 la muerte de sus dos ocupantes, informaron voceros oficiales. Los fallecidos son el piloto y el mec\u00e1nico del helic\u00f3ptero, que hab\u00eda sido contratado por el Gobierno provincial para sumarse al combate de los incendios que azotan regiones de la Patagonia, pero las v\u00edctimas aun no fueron identificadas, detallaron las fuentes. De inmediato se organiz\u00f3 un operativo con personal de Bomberos Voluntarios de Alumin\u00e9 y de los distintos organismos que fueron desplegados en la regi\u00f3n para combatir las llamas de un incendio declarado hace dos semanas en el lote 39 de la Corporaci\u00f3n Forestal de Neuqu\u00e9n (Corfone).&nbsp;<\/p>\n\n\n\n<p>El intendente de Alumin\u00e9, Gabriel \u00c1lamo, confirm\u00f3 a LU5 Radio Neuqu\u00e9n que el siniestro ocurri\u00f3 esta ma\u00f1ana a las 11 y provoc\u00f3 la muerte del piloto y el mec\u00e1nico de la m\u00e1quina, y que un equipo de brigadistas est\u00e1 en el lugar para identificar a las dos v\u00edctimas. La Junta de Seguridad en el Transporte de nuestro pa\u00eds, inform\u00f3 en Twitter: \u00abAccidente, impacto con el terreno del helic\u00f3ptero Bell 412 matr\u00edcula a confirmar, ocurrido a 40 millas al norte del Aer\u00f3dromo Chapelco (Neuqu\u00e9n). Investigan Sedes Neuqu\u00e9n y Puerto Madryn\u00bb.&nbsp;<\/p>\n\n\n\n<p>Tras el accidente se resolvi\u00f3 replegar a los brigadistas hasta que mejoren las condiciones debido al elevado calor y las fuertes r\u00e1fagas de viento registradas en horas de la tarde. El ministro Cabandi\u00e9 expres\u00f3 en Twitter: \u00abCon mucha tristeza, lamentamos el fallecimiento de los tripulantes del helic\u00f3ptero que cay\u00f3 esta ma\u00f1ana en Quill\u00e9n. La aeronave, contratada por la provincia de Neuqu\u00e9n, se encontraba combatiendo los incendios en la zona de Alumin\u00e9\u00bb.&nbsp;<\/p>\n\n\n\n<p>El incendio en la zona de Quill\u00e9n se declar\u00f3 hace dos semanas debido a tormentas el\u00e9ctricas tras d\u00edas de intenso calor que persiste en la zona. El fuego ya afect\u00f3 a 4.000 hect\u00e1reas de bosque nativo y es combatido por 150 brigadistas pertenecientes a organismos nacionales y provinciales con asistencia log\u00edstica del Ej\u00e9rcito.\u00a0<\/p>\n\n\n\n<p>Fuente: https:\/\/www.revistachacra.com.ar\/nota\/44115-alistan-plan-de-contingencia-en-caso-de-tener-que-evacuar-a-pobladores-por-el-incendio-en-rio-negro\/<\/p>\n","protected":false},"excerpt":{"rendered":"","protected":false},"author":6,"featured_media":74935,"comment_status":"open","ping_status":"open","sticky":false,"template":"","format":"standard","meta":{"site-sidebar-layout":"default","site-content-layout":"","ast-site-content-layout":"default","site-content-style":"default","site-sidebar-style":"default","ast-global-header-display":"","ast-banner-title-visibility":"","ast-main-header-display":"","ast-hfb-above-header-display":"","ast-hfb-below-header-display":"","ast-hfb-mobile-header-display":"","site-post-title":"","ast-breadcrumbs-content":"","ast-featured-img":"","footer-sml-layout":"","ast-disable-related-posts":"","theme-transparent-header-meta":"","adv-header-id-meta":"","stick-header-meta":"","header-above-stick-meta":"","header-main-stick-meta":"","header-below-stick-meta":"","astra-migrate-meta-layouts":"default","ast-page-background-enabled":"default","ast-page-background-meta":{"desktop":{"background-color":"var(--ast-global-color-5)","background-image":"","background-repeat":"repeat","background-position":"center center","background-size":"auto","background-attachment":"scroll","background-type":"","background-media":"","overlay-type":"","overlay-color":"","overlay-opacity":"","overlay-gradient":""},"tablet":{"background-color":"","background-image":"","background-repeat":"repeat","background-position":"center center","background-size":"auto","background-attachment":"scroll","background-type":"","background-media":"","overlay-type":"","overlay-color":"","overlay-opacity":"","overlay-gradient":""},"mobile":{"background-color":"","background-image":"","background-repeat":"repeat","background-position":"center center","background-size":"auto","background-attachment":"scroll","background-type":"","background-media":"","overlay-type":"","overlay-color":"","overlay-opacity":"","overlay-gradient":""}},"ast-content-background-meta":{"desktop":{"background-color":"var(--ast-global-color-4)","background-image":"","background-repeat":"repeat","background-position":"center center","background-size":"auto","background-attachment":"scroll","background-type":"","background-media":"","overlay-type":"","overlay-color":"","overlay-opacity":"","overlay-gradient":""},"tablet":{"background-color":"var(--ast-global-color-4)","background-image":"","background-repeat":"repeat","background-position":"center center","background-size":"auto","background-attachment":"scroll","background-type":"","background-media":"","overlay-type":"","overlay-color":"","overlay-opacity":"","overlay-gradient":""},"mobile":{"background-color":"var(--ast-global-color-4)","background-image":"","background-repeat":"repeat","background-position":"center center","background-size":"auto","background-attachment":"scroll","background-type":"","background-media":"","overlay-type":"","overlay-color":"","overlay-opacity":"","overlay-gradient":""}},"footnotes":""},"categories":[1],"tags":[],"class_list":["post-74934","post","type-post","status-publish","format-standard","has-post-thumbnail","hentry","category-noticias"],"yoast_head":"<!-- This site is optimized with the Yoast SEO Premium plugin v23.0 (Yoast SEO v27.5) - https:\/\/yoast.com\/product\/yoast-seo-premium-wordpress\/ -->\n<title>Alistan plan de contingencia en caso de tener que evacuar a pobladores por el incendio en R\u00edo Negro<\/title>\n<meta name=\"robots\" content=\"index, follow, max-snippet:-1, max-image-preview:large, max-video-preview:-1\" \/>\n<link rel=\"canonical\" href=\"https:\/\/patagoniambiental.com.ar\/info\/alistan-plan-de-contingencia-en-caso-de-tener-que-evacuar-a-pobladores-por-el-incendio-en-rio-negro\/\" \/>\n<meta property=\"og:locale\" content=\"es_ES\" \/>\n<meta property=\"og:type\" content=\"article\" \/>\n<meta property=\"og:title\" content=\"Alistan plan de contingencia en caso de tener que evacuar a pobladores por el incendio en R\u00edo Negro\" \/>\n<meta property=\"og:url\" content=\"https:\/\/patagoniambiental.com.ar\/info\/alistan-plan-de-contingencia-en-caso-de-tener-que-evacuar-a-pobladores-por-el-incendio-en-rio-negro\/\" \/>\n<meta property=\"og:site_name\" content=\"Patagonia Ambiental\" \/>\n<meta property=\"article:publisher\" content=\"https:\/\/www.facebook.com\/patagonia.ambiental\" \/>\n<meta property=\"article:published_time\" content=\"2021-12-30T13:00:57+00:00\" \/>\n<meta property=\"article:modified_time\" content=\"2021-12-30T13:00:58+00:00\" \/>\n<meta property=\"og:image\" content=\"https:\/\/patagoniambiental.com.ar\/info\/wp-content\/uploads\/2021\/12\/61cd92584d924_837_627.jpg\" \/>\n\t<meta property=\"og:image:width\" content=\"837\" \/>\n\t<meta property=\"og:image:height\" content=\"627\" \/>\n\t<meta property=\"og:image:type\" content=\"image\/jpeg\" \/>\n<meta name=\"author\" content=\"BRAIAN ESTEVEZ\" \/>\n<meta name=\"twitter:card\" content=\"summary_large_image\" \/>\n<meta name=\"twitter:creator\" content=\"@PatAmb\" \/>\n<meta name=\"twitter:site\" content=\"@PatAmb\" \/>\n<script type=\"application\/ld+json\" class=\"yoast-schema-graph\">{\"@context\":\"https:\\\/\\\/schema.org\",\"@graph\":[{\"@type\":\"Article\",\"@id\":\"https:\\\/\\\/patagoniambiental.com.ar\\\/info\\\/alistan-plan-de-contingencia-en-caso-de-tener-que-evacuar-a-pobladores-por-el-incendio-en-rio-negro\\\/#article\",\"isPartOf\":{\"@id\":\"https:\\\/\\\/patagoniambiental.com.ar\\\/info\\\/alistan-plan-de-contingencia-en-caso-de-tener-que-evacuar-a-pobladores-por-el-incendio-en-rio-negro\\\/\"},\"author\":{\"name\":\"BRAIAN ESTEVEZ\",\"@id\":\"https:\\\/\\\/patagoniambiental.com.ar\\\/info\\\/#\\\/schema\\\/person\\\/e5af09d700b2e82cb10c6b8800e0c691\"},\"headline\":\"Alistan plan de contingencia en caso de tener que evacuar a pobladores por el incendio en R\u00edo Negro\",\"datePublished\":\"2021-12-30T13:00:57+00:00\",\"dateModified\":\"2021-12-30T13:00:58+00:00\",\"mainEntityOfPage\":{\"@id\":\"https:\\\/\\\/patagoniambiental.com.ar\\\/info\\\/alistan-plan-de-contingencia-en-caso-de-tener-que-evacuar-a-pobladores-por-el-incendio-en-rio-negro\\\/\"},\"wordCount\":1444,\"commentCount\":0,\"publisher\":{\"@id\":\"https:\\\/\\\/patagoniambiental.com.ar\\\/info\\\/#organization\"},\"image\":{\"@id\":\"https:\\\/\\\/patagoniambiental.com.ar\\\/info\\\/alistan-plan-de-contingencia-en-caso-de-tener-que-evacuar-a-pobladores-por-el-incendio-en-rio-negro\\\/#primaryimage\"},\"thumbnailUrl\":\"https:\\\/\\\/patagoniambiental.com.ar\\\/info\\\/wp-content\\\/uploads\\\/2021\\\/12\\\/61cd92584d924_837_627.jpg\",\"articleSection\":[\"Noticias\"],\"inLanguage\":\"es\",\"potentialAction\":[{\"@type\":\"CommentAction\",\"name\":\"Comment\",\"target\":[\"https:\\\/\\\/patagoniambiental.com.ar\\\/info\\\/alistan-plan-de-contingencia-en-caso-de-tener-que-evacuar-a-pobladores-por-el-incendio-en-rio-negro\\\/#respond\"]}]},{\"@type\":\"WebPage\",\"@id\":\"https:\\\/\\\/patagoniambiental.com.ar\\\/info\\\/alistan-plan-de-contingencia-en-caso-de-tener-que-evacuar-a-pobladores-por-el-incendio-en-rio-negro\\\/\",\"url\":\"https:\\\/\\\/patagoniambiental.com.ar\\\/info\\\/alistan-plan-de-contingencia-en-caso-de-tener-que-evacuar-a-pobladores-por-el-incendio-en-rio-negro\\\/\",\"name\":\"Alistan plan de contingencia en caso de tener que evacuar a pobladores por el incendio en R\u00edo Negro\",\"isPartOf\":{\"@id\":\"https:\\\/\\\/patagoniambiental.com.ar\\\/info\\\/#website\"},\"primaryImageOfPage\":{\"@id\":\"https:\\\/\\\/patagoniambiental.com.ar\\\/info\\\/alistan-plan-de-contingencia-en-caso-de-tener-que-evacuar-a-pobladores-por-el-incendio-en-rio-negro\\\/#primaryimage\"},\"image\":{\"@id\":\"https:\\\/\\\/patagoniambiental.com.ar\\\/info\\\/alistan-plan-de-contingencia-en-caso-de-tener-que-evacuar-a-pobladores-por-el-incendio-en-rio-negro\\\/#primaryimage\"},\"thumbnailUrl\":\"https:\\\/\\\/patagoniambiental.com.ar\\\/info\\\/wp-content\\\/uploads\\\/2021\\\/12\\\/61cd92584d924_837_627.jpg\",\"datePublished\":\"2021-12-30T13:00:57+00:00\",\"dateModified\":\"2021-12-30T13:00:58+00:00\",\"breadcrumb\":{\"@id\":\"https:\\\/\\\/patagoniambiental.com.ar\\\/info\\\/alistan-plan-de-contingencia-en-caso-de-tener-que-evacuar-a-pobladores-por-el-incendio-en-rio-negro\\\/#breadcrumb\"},\"inLanguage\":\"es\",\"potentialAction\":[{\"@type\":\"ReadAction\",\"target\":[\"https:\\\/\\\/patagoniambiental.com.ar\\\/info\\\/alistan-plan-de-contingencia-en-caso-de-tener-que-evacuar-a-pobladores-por-el-incendio-en-rio-negro\\\/\"]}]},{\"@type\":\"ImageObject\",\"inLanguage\":\"es\",\"@id\":\"https:\\\/\\\/patagoniambiental.com.ar\\\/info\\\/alistan-plan-de-contingencia-en-caso-de-tener-que-evacuar-a-pobladores-por-el-incendio-en-rio-negro\\\/#primaryimage\",\"url\":\"https:\\\/\\\/patagoniambiental.com.ar\\\/info\\\/wp-content\\\/uploads\\\/2021\\\/12\\\/61cd92584d924_837_627.jpg\",\"contentUrl\":\"https:\\\/\\\/patagoniambiental.com.ar\\\/info\\\/wp-content\\\/uploads\\\/2021\\\/12\\\/61cd92584d924_837_627.jpg\",\"width\":801,\"height\":600},{\"@type\":\"BreadcrumbList\",\"@id\":\"https:\\\/\\\/patagoniambiental.com.ar\\\/info\\\/alistan-plan-de-contingencia-en-caso-de-tener-que-evacuar-a-pobladores-por-el-incendio-en-rio-negro\\\/#breadcrumb\",\"itemListElement\":[{\"@type\":\"ListItem\",\"position\":1,\"name\":\"Inicio\",\"item\":\"https:\\\/\\\/patagoniambiental.com.ar\\\/info\\\/\"},{\"@type\":\"ListItem\",\"position\":2,\"name\":\"Alistan plan de contingencia en caso de tener que evacuar a pobladores por el incendio en R\u00edo Negro\"}]},{\"@type\":\"WebSite\",\"@id\":\"https:\\\/\\\/patagoniambiental.com.ar\\\/info\\\/#website\",\"url\":\"https:\\\/\\\/patagoniambiental.com.ar\\\/info\\\/\",\"name\":\"Patagonia Ambiental\",\"description\":\"Monitoreo y an\u00e1lisis de la situaci\u00f3n geopol\u00edtica en el mundo y su implicancia en la Patagonia\",\"publisher\":{\"@id\":\"https:\\\/\\\/patagoniambiental.com.ar\\\/info\\\/#organization\"},\"potentialAction\":[{\"@type\":\"SearchAction\",\"target\":{\"@type\":\"EntryPoint\",\"urlTemplate\":\"https:\\\/\\\/patagoniambiental.com.ar\\\/info\\\/?s={search_term_string}\"},\"query-input\":{\"@type\":\"PropertyValueSpecification\",\"valueRequired\":true,\"valueName\":\"search_term_string\"}}],\"inLanguage\":\"es\"},{\"@type\":\"Organization\",\"@id\":\"https:\\\/\\\/patagoniambiental.com.ar\\\/info\\\/#organization\",\"name\":\"Patagonia Ambiental\",\"url\":\"https:\\\/\\\/patagoniambiental.com.ar\\\/info\\\/\",\"logo\":{\"@type\":\"ImageObject\",\"inLanguage\":\"es\",\"@id\":\"https:\\\/\\\/patagoniambiental.com.ar\\\/info\\\/#\\\/schema\\\/logo\\\/image\\\/\",\"url\":\"https:\\\/\\\/patagoniambiental.com.ar\\\/info\\\/wp-content\\\/uploads\\\/2025\\\/05\\\/LOGO-PATAGONIA-AMBIENTAL.png\",\"contentUrl\":\"https:\\\/\\\/patagoniambiental.com.ar\\\/info\\\/wp-content\\\/uploads\\\/2025\\\/05\\\/LOGO-PATAGONIA-AMBIENTAL.png\",\"width\":433,\"height\":250,\"caption\":\"Patagonia Ambiental\"},\"image\":{\"@id\":\"https:\\\/\\\/patagoniambiental.com.ar\\\/info\\\/#\\\/schema\\\/logo\\\/image\\\/\"},\"sameAs\":[\"https:\\\/\\\/www.facebook.com\\\/patagonia.ambiental\",\"https:\\\/\\\/x.com\\\/PatAmb\"]},{\"@type\":\"Person\",\"@id\":\"https:\\\/\\\/patagoniambiental.com.ar\\\/info\\\/#\\\/schema\\\/person\\\/e5af09d700b2e82cb10c6b8800e0c691\",\"name\":\"BRAIAN ESTEVEZ\",\"sameAs\":[\"http:\\\/\\\/www.patagoniambiental.com.ar\"]}]}<\/script>\n<!-- \/ Yoast SEO Premium plugin. -->","yoast_head_json":{"title":"Alistan plan de contingencia en caso de tener que evacuar a pobladores por el incendio en R\u00edo Negro","robots":{"index":"index","follow":"follow","max-snippet":"max-snippet:-1","max-image-preview":"max-image-preview:large","max-video-preview":"max-video-preview:-1"},"canonical":"https:\/\/patagoniambiental.com.ar\/info\/alistan-plan-de-contingencia-en-caso-de-tener-que-evacuar-a-pobladores-por-el-incendio-en-rio-negro\/","og_locale":"es_ES","og_type":"article","og_title":"Alistan plan de contingencia en caso de tener que evacuar a pobladores por el incendio en R\u00edo Negro","og_url":"https:\/\/patagoniambiental.com.ar\/info\/alistan-plan-de-contingencia-en-caso-de-tener-que-evacuar-a-pobladores-por-el-incendio-en-rio-negro\/","og_site_name":"Patagonia Ambiental","article_publisher":"https:\/\/www.facebook.com\/patagonia.ambiental","article_published_time":"2021-12-30T13:00:57+00:00","article_modified_time":"2021-12-30T13:00:58+00:00","og_image":[{"width":837,"height":627,"url":"https:\/\/patagoniambiental.com.ar\/info\/wp-content\/uploads\/2021\/12\/61cd92584d924_837_627.jpg","type":"image\/jpeg"}],"author":"BRAIAN ESTEVEZ","twitter_card":"summary_large_image","twitter_creator":"@PatAmb","twitter_site":"@PatAmb","schema":{"@context":"https:\/\/schema.org","@graph":[{"@type":"Article","@id":"https:\/\/patagoniambiental.com.ar\/info\/alistan-plan-de-contingencia-en-caso-de-tener-que-evacuar-a-pobladores-por-el-incendio-en-rio-negro\/#article","isPartOf":{"@id":"https:\/\/patagoniambiental.com.ar\/info\/alistan-plan-de-contingencia-en-caso-de-tener-que-evacuar-a-pobladores-por-el-incendio-en-rio-negro\/"},"author":{"name":"BRAIAN ESTEVEZ","@id":"https:\/\/patagoniambiental.com.ar\/info\/#\/schema\/person\/e5af09d700b2e82cb10c6b8800e0c691"},"headline":"Alistan plan de contingencia en caso de tener que evacuar a pobladores por el incendio en R\u00edo Negro","datePublished":"2021-12-30T13:00:57+00:00","dateModified":"2021-12-30T13:00:58+00:00","mainEntityOfPage":{"@id":"https:\/\/patagoniambiental.com.ar\/info\/alistan-plan-de-contingencia-en-caso-de-tener-que-evacuar-a-pobladores-por-el-incendio-en-rio-negro\/"},"wordCount":1444,"commentCount":0,"publisher":{"@id":"https:\/\/patagoniambiental.com.ar\/info\/#organization"},"image":{"@id":"https:\/\/patagoniambiental.com.ar\/info\/alistan-plan-de-contingencia-en-caso-de-tener-que-evacuar-a-pobladores-por-el-incendio-en-rio-negro\/#primaryimage"},"thumbnailUrl":"https:\/\/patagoniambiental.com.ar\/info\/wp-content\/uploads\/2021\/12\/61cd92584d924_837_627.jpg","articleSection":["Noticias"],"inLanguage":"es","potentialAction":[{"@type":"CommentAction","name":"Comment","target":["https:\/\/patagoniambiental.com.ar\/info\/alistan-plan-de-contingencia-en-caso-de-tener-que-evacuar-a-pobladores-por-el-incendio-en-rio-negro\/#respond"]}]},{"@type":"WebPage","@id":"https:\/\/patagoniambiental.com.ar\/info\/alistan-plan-de-contingencia-en-caso-de-tener-que-evacuar-a-pobladores-por-el-incendio-en-rio-negro\/","url":"https:\/\/patagoniambiental.com.ar\/info\/alistan-plan-de-contingencia-en-caso-de-tener-que-evacuar-a-pobladores-por-el-incendio-en-rio-negro\/","name":"Alistan plan de contingencia en caso de tener que evacuar a pobladores por el incendio en R\u00edo Negro","isPartOf":{"@id":"https:\/\/patagoniambiental.com.ar\/info\/#website"},"primaryImageOfPage":{"@id":"https:\/\/patagoniambiental.com.ar\/info\/alistan-plan-de-contingencia-en-caso-de-tener-que-evacuar-a-pobladores-por-el-incendio-en-rio-negro\/#primaryimage"},"image":{"@id":"https:\/\/patagoniambiental.com.ar\/info\/alistan-plan-de-contingencia-en-caso-de-tener-que-evacuar-a-pobladores-por-el-incendio-en-rio-negro\/#primaryimage"},"thumbnailUrl":"https:\/\/patagoniambiental.com.ar\/info\/wp-content\/uploads\/2021\/12\/61cd92584d924_837_627.jpg","datePublished":"2021-12-30T13:00:57+00:00","dateModified":"2021-12-30T13:00:58+00:00","breadcrumb":{"@id":"https:\/\/patagoniambiental.com.ar\/info\/alistan-plan-de-contingencia-en-caso-de-tener-que-evacuar-a-pobladores-por-el-incendio-en-rio-negro\/#breadcrumb"},"inLanguage":"es","potentialAction":[{"@type":"ReadAction","target":["https:\/\/patagoniambiental.com.ar\/info\/alistan-plan-de-contingencia-en-caso-de-tener-que-evacuar-a-pobladores-por-el-incendio-en-rio-negro\/"]}]},{"@type":"ImageObject","inLanguage":"es","@id":"https:\/\/patagoniambiental.com.ar\/info\/alistan-plan-de-contingencia-en-caso-de-tener-que-evacuar-a-pobladores-por-el-incendio-en-rio-negro\/#primaryimage","url":"https:\/\/patagoniambiental.com.ar\/info\/wp-content\/uploads\/2021\/12\/61cd92584d924_837_627.jpg","contentUrl":"https:\/\/patagoniambiental.com.ar\/info\/wp-content\/uploads\/2021\/12\/61cd92584d924_837_627.jpg","width":801,"height":600},{"@type":"BreadcrumbList","@id":"https:\/\/patagoniambiental.com.ar\/info\/alistan-plan-de-contingencia-en-caso-de-tener-que-evacuar-a-pobladores-por-el-incendio-en-rio-negro\/#breadcrumb","itemListElement":[{"@type":"ListItem","position":1,"name":"Inicio","item":"https:\/\/patagoniambiental.com.ar\/info\/"},{"@type":"ListItem","position":2,"name":"Alistan plan de contingencia en caso de tener que evacuar a pobladores por el incendio en R\u00edo Negro"}]},{"@type":"WebSite","@id":"https:\/\/patagoniambiental.com.ar\/info\/#website","url":"https:\/\/patagoniambiental.com.ar\/info\/","name":"Patagonia Ambiental","description":"Monitoreo y an\u00e1lisis de la situaci\u00f3n geopol\u00edtica en el mundo y su implicancia en la Patagonia","publisher":{"@id":"https:\/\/patagoniambiental.com.ar\/info\/#organization"},"potentialAction":[{"@type":"SearchAction","target":{"@type":"EntryPoint","urlTemplate":"https:\/\/patagoniambiental.com.ar\/info\/?s={search_term_string}"},"query-input":{"@type":"PropertyValueSpecification","valueRequired":true,"valueName":"search_term_string"}}],"inLanguage":"es"},{"@type":"Organization","@id":"https:\/\/patagoniambiental.com.ar\/info\/#organization","name":"Patagonia Ambiental","url":"https:\/\/patagoniambiental.com.ar\/info\/","logo":{"@type":"ImageObject","inLanguage":"es","@id":"https:\/\/patagoniambiental.com.ar\/info\/#\/schema\/logo\/image\/","url":"https:\/\/patagoniambiental.com.ar\/info\/wp-content\/uploads\/2025\/05\/LOGO-PATAGONIA-AMBIENTAL.png","contentUrl":"https:\/\/patagoniambiental.com.ar\/info\/wp-content\/uploads\/2025\/05\/LOGO-PATAGONIA-AMBIENTAL.png","width":433,"height":250,"caption":"Patagonia Ambiental"},"image":{"@id":"https:\/\/patagoniambiental.com.ar\/info\/#\/schema\/logo\/image\/"},"sameAs":["https:\/\/www.facebook.com\/patagonia.ambiental","https:\/\/x.com\/PatAmb"]},{"@type":"Person","@id":"https:\/\/patagoniambiental.com.ar\/info\/#\/schema\/person\/e5af09d700b2e82cb10c6b8800e0c691","name":"BRAIAN ESTEVEZ","sameAs":["http:\/\/www.patagoniambiental.com.ar"]}]}},"_links":{"self":[{"href":"https:\/\/patagoniambiental.com.ar\/info\/wp-json\/wp\/v2\/posts\/74934","targetHints":{"allow":["GET"]}}],"collection":[{"href":"https:\/\/patagoniambiental.com.ar\/info\/wp-json\/wp\/v2\/posts"}],"about":[{"href":"https:\/\/patagoniambiental.com.ar\/info\/wp-json\/wp\/v2\/types\/post"}],"author":[{"embeddable":true,"href":"https:\/\/patagoniambiental.com.ar\/info\/wp-json\/wp\/v2\/users\/6"}],"replies":[{"embeddable":true,"href":"https:\/\/patagoniambiental.com.ar\/info\/wp-json\/wp\/v2\/comments?post=74934"}],"version-history":[{"count":0,"href":"https:\/\/patagoniambiental.com.ar\/info\/wp-json\/wp\/v2\/posts\/74934\/revisions"}],"wp:featuredmedia":[{"embeddable":true,"href":"https:\/\/patagoniambiental.com.ar\/info\/wp-json\/wp\/v2\/media\/74935"}],"wp:attachment":[{"href":"https:\/\/patagoniambiental.com.ar\/info\/wp-json\/wp\/v2\/media?parent=74934"}],"wp:term":[{"taxonomy":"category","embeddable":true,"href":"https:\/\/patagoniambiental.com.ar\/info\/wp-json\/wp\/v2\/categories?post=74934"},{"taxonomy":"post_tag","embeddable":true,"href":"https:\/\/patagoniambiental.com.ar\/info\/wp-json\/wp\/v2\/tags?post=74934"}],"curies":[{"name":"wp","href":"https:\/\/api.w.org\/{rel}","templated":true}]}}