{"id":74944,"date":"2022-01-01T07:00:00","date_gmt":"2022-01-01T10:00:00","guid":{"rendered":"http:\/\/patagoniambiental.com.ar\/info\/?p=74944"},"modified":"2021-12-30T10:25:44","modified_gmt":"2021-12-30T13:25:44","slug":"futuros-licenciados-en-turismo-recorrieron-la-zona","status":"publish","type":"post","link":"https:\/\/patagoniambiental.com.ar\/info\/futuros-licenciados-en-turismo-recorrieron-la-zona\/","title":{"rendered":"Futuros licenciados en Turismo recorrieron la zona"},"content":{"rendered":"\n<!--more-->\n\n\n\n<p>Estudiantes del \u00faltimo a\u00f1o de la carrera de Licenciatura en Turismo de la Universidad Nacional de la Patagonia \u00abSan Juan Bosco\u00bb (UNPSJB), sede Puerto Madryn, visitaron distintos atractivos tur\u00edsticos de Equel y la zona cordillerana. La presencia de los futuros profesionales sirvi\u00f3 tambi\u00e9n para tomar contacto con prestadores y autoridades.<\/p>\n\n\n\n<figure class=\"wp-block-image\"><img decoding=\"async\" src=\"https:\/\/pxb.cdn.elchubut.com.ar\/chubut\/122021\/1640826700511.webp?cw=1315&amp;ch=749&amp;extw=jpg\" alt=\"Futuros licenciados en Turismo recorrieron la zona\" title=\"Futuros licenciados en Turismo recorrieron la zona\"\/><\/figure>\n\n\n\n<p>En ese marco, se hicieron presentes en la Secretar\u00eda de Turismo, donde se reunieron con el Secretario de Turismo Municipal, Gustavo Simieli, y el Ente Mixto de Promoci\u00f3n Tur\u00edstica de Esquel.<br>Los estudiantes pudieron recorrer el Parque Nacional Los Alerces, realizar la excursi\u00f3n lacustre al Alerce Milenario, el avistaje de aves en la Reserva Natural Urbana Laguna La Zeta, o conocer el Area Natural Protegida Provincial Cascadas Nant y Fall y los Vi\u00f1edos. Conocieron adem\u00e1s emprendimientos y empresas privadas. Dentro de la agenda pautada en Esquel, se reunieron con docentes de la UNPSJB y con el Delegado Regional del Ministerio de Turismo de la Provincia del Chubut.<br>Simieli, responsable del \u00e1rea de Turismo en Esquel, tras tomar contacto con los estudiantes destac\u00f3 que \u00aberan un total de siete alumnos acompa\u00f1ados por dos docentes de la carrera, hablamos de la oferta tur\u00edstica del destino y de las excursiones realizadas y el trabajo venidero\u00bb<\/p>\n\n\n\n<p>Fuente: https:\/\/www.elchubut.com.ar\/esquel\/2021-12-29-22-11-0-futuros-licenciados-en-turismo-recorrieron-la-zona<\/p>\n","protected":false},"excerpt":{"rendered":"","protected":false},"author":6,"featured_media":74945,"comment_status":"open","ping_status":"open","sticky":false,"template":"","format":"standard","meta":{"site-sidebar-layout":"default","site-content-layout":"","ast-site-content-layout":"default","site-content-style":"default","site-sidebar-style":"default","ast-global-header-display":"","ast-banner-title-visibility":"","ast-main-header-display":"","ast-hfb-above-header-display":"","ast-hfb-below-header-display":"","ast-hfb-mobile-header-display":"","site-post-title":"","ast-breadcrumbs-content":"","ast-featured-img":"","footer-sml-layout":"","ast-disable-related-posts":"","theme-transparent-header-meta":"","adv-header-id-meta":"","stick-header-meta":"","header-above-stick-meta":"","header-main-stick-meta":"","header-below-stick-meta":"","astra-migrate-meta-layouts":"default","ast-page-background-enabled":"default","ast-page-background-meta":{"desktop":{"background-color":"var(--ast-global-color-5)","background-image":"","background-repeat":"repeat","background-position":"center center","background-size":"auto","background-attachment":"scroll","background-type":"","background-media":"","overlay-type":"","overlay-color":"","overlay-opacity":"","overlay-gradient":""},"tablet":{"background-color":"","background-image":"","background-repeat":"repeat","background-position":"center center","background-size":"auto","background-attachment":"scroll","background-type":"","background-media":"","overlay-type":"","overlay-color":"","overlay-opacity":"","overlay-gradient":""},"mobile":{"background-color":"","background-image":"","background-repeat":"repeat","background-position":"center center","background-size":"auto","background-attachment":"scroll","background-type":"","background-media":"","overlay-type":"","overlay-color":"","overlay-opacity":"","overlay-gradient":""}},"ast-content-background-meta":{"desktop":{"background-color":"var(--ast-global-color-4)","background-image":"","background-repeat":"repeat","background-position":"center center","background-size":"auto","background-attachment":"scroll","background-type":"","background-media":"","overlay-type":"","overlay-color":"","overlay-opacity":"","overlay-gradient":""},"tablet":{"background-color":"var(--ast-global-color-4)","background-image":"","background-repeat":"repeat","background-position":"center center","background-size":"auto","background-attachment":"scroll","background-type":"","background-media":"","overlay-type":"","overlay-color":"","overlay-opacity":"","overlay-gradient":""},"mobile":{"background-color":"var(--ast-global-color-4)","background-image":"","background-repeat":"repeat","background-position":"center center","background-size":"auto","background-attachment":"scroll","background-type":"","background-media":"","overlay-type":"","overlay-color":"","overlay-opacity":"","overlay-gradient":""}},"footnotes":""},"categories":[1],"tags":[],"class_list":["post-74944","post","type-post","status-publish","format-standard","has-post-thumbnail","hentry","category-noticias"],"yoast_head":"<!-- This site is optimized with the Yoast SEO Premium plugin v23.0 (Yoast SEO v27.5) - https:\/\/yoast.com\/product\/yoast-seo-premium-wordpress\/ -->\n<title>Futuros licenciados en Turismo recorrieron la zona<\/title>\n<meta name=\"robots\" content=\"index, follow, max-snippet:-1, max-image-preview:large, max-video-preview:-1\" \/>\n<link rel=\"canonical\" href=\"https:\/\/patagoniambiental.com.ar\/info\/futuros-licenciados-en-turismo-recorrieron-la-zona\/\" \/>\n<meta property=\"og:locale\" content=\"es_ES\" \/>\n<meta property=\"og:type\" content=\"article\" \/>\n<meta property=\"og:title\" content=\"Futuros licenciados en Turismo recorrieron la zona\" \/>\n<meta property=\"og:url\" content=\"https:\/\/patagoniambiental.com.ar\/info\/futuros-licenciados-en-turismo-recorrieron-la-zona\/\" \/>\n<meta property=\"og:site_name\" content=\"Patagonia Ambiental\" \/>\n<meta property=\"article:publisher\" content=\"https:\/\/www.facebook.com\/patagonia.ambiental\" \/>\n<meta property=\"article:published_time\" content=\"2022-01-01T10:00:00+00:00\" \/>\n<meta property=\"og:image\" content=\"https:\/\/patagoniambiental.com.ar\/info\/wp-content\/uploads\/2021\/12\/Sin-titulo-10.jpg\" \/>\n\t<meta property=\"og:image:width\" content=\"892\" \/>\n\t<meta property=\"og:image:height\" content=\"391\" \/>\n\t<meta property=\"og:image:type\" content=\"image\/jpeg\" \/>\n<meta name=\"author\" content=\"BRAIAN ESTEVEZ\" \/>\n<meta name=\"twitter:card\" content=\"summary_large_image\" \/>\n<meta name=\"twitter:creator\" content=\"@PatAmb\" \/>\n<meta name=\"twitter:site\" content=\"@PatAmb\" \/>\n<script type=\"application\/ld+json\" class=\"yoast-schema-graph\">{\"@context\":\"https:\\\/\\\/schema.org\",\"@graph\":[{\"@type\":\"Article\",\"@id\":\"https:\\\/\\\/patagoniambiental.com.ar\\\/info\\\/futuros-licenciados-en-turismo-recorrieron-la-zona\\\/#article\",\"isPartOf\":{\"@id\":\"https:\\\/\\\/patagoniambiental.com.ar\\\/info\\\/futuros-licenciados-en-turismo-recorrieron-la-zona\\\/\"},\"author\":{\"name\":\"BRAIAN ESTEVEZ\",\"@id\":\"https:\\\/\\\/patagoniambiental.com.ar\\\/info\\\/#\\\/schema\\\/person\\\/e5af09d700b2e82cb10c6b8800e0c691\"},\"headline\":\"Futuros licenciados en Turismo recorrieron la zona\",\"datePublished\":\"2022-01-01T10:00:00+00:00\",\"mainEntityOfPage\":{\"@id\":\"https:\\\/\\\/patagoniambiental.com.ar\\\/info\\\/futuros-licenciados-en-turismo-recorrieron-la-zona\\\/\"},\"wordCount\":233,\"commentCount\":0,\"publisher\":{\"@id\":\"https:\\\/\\\/patagoniambiental.com.ar\\\/info\\\/#organization\"},\"image\":{\"@id\":\"https:\\\/\\\/patagoniambiental.com.ar\\\/info\\\/futuros-licenciados-en-turismo-recorrieron-la-zona\\\/#primaryimage\"},\"thumbnailUrl\":\"https:\\\/\\\/patagoniambiental.com.ar\\\/info\\\/wp-content\\\/uploads\\\/2021\\\/12\\\/Sin-titulo-10.jpg\",\"articleSection\":[\"Noticias\"],\"inLanguage\":\"es\",\"potentialAction\":[{\"@type\":\"CommentAction\",\"name\":\"Comment\",\"target\":[\"https:\\\/\\\/patagoniambiental.com.ar\\\/info\\\/futuros-licenciados-en-turismo-recorrieron-la-zona\\\/#respond\"]}]},{\"@type\":\"WebPage\",\"@id\":\"https:\\\/\\\/patagoniambiental.com.ar\\\/info\\\/futuros-licenciados-en-turismo-recorrieron-la-zona\\\/\",\"url\":\"https:\\\/\\\/patagoniambiental.com.ar\\\/info\\\/futuros-licenciados-en-turismo-recorrieron-la-zona\\\/\",\"name\":\"Futuros licenciados en Turismo recorrieron la zona\",\"isPartOf\":{\"@id\":\"https:\\\/\\\/patagoniambiental.com.ar\\\/info\\\/#website\"},\"primaryImageOfPage\":{\"@id\":\"https:\\\/\\\/patagoniambiental.com.ar\\\/info\\\/futuros-licenciados-en-turismo-recorrieron-la-zona\\\/#primaryimage\"},\"image\":{\"@id\":\"https:\\\/\\\/patagoniambiental.com.ar\\\/info\\\/futuros-licenciados-en-turismo-recorrieron-la-zona\\\/#primaryimage\"},\"thumbnailUrl\":\"https:\\\/\\\/patagoniambiental.com.ar\\\/info\\\/wp-content\\\/uploads\\\/2021\\\/12\\\/Sin-titulo-10.jpg\",\"datePublished\":\"2022-01-01T10:00:00+00:00\",\"breadcrumb\":{\"@id\":\"https:\\\/\\\/patagoniambiental.com.ar\\\/info\\\/futuros-licenciados-en-turismo-recorrieron-la-zona\\\/#breadcrumb\"},\"inLanguage\":\"es\",\"potentialAction\":[{\"@type\":\"ReadAction\",\"target\":[\"https:\\\/\\\/patagoniambiental.com.ar\\\/info\\\/futuros-licenciados-en-turismo-recorrieron-la-zona\\\/\"]}]},{\"@type\":\"ImageObject\",\"inLanguage\":\"es\",\"@id\":\"https:\\\/\\\/patagoniambiental.com.ar\\\/info\\\/futuros-licenciados-en-turismo-recorrieron-la-zona\\\/#primaryimage\",\"url\":\"https:\\\/\\\/patagoniambiental.com.ar\\\/info\\\/wp-content\\\/uploads\\\/2021\\\/12\\\/Sin-titulo-10.jpg\",\"contentUrl\":\"https:\\\/\\\/patagoniambiental.com.ar\\\/info\\\/wp-content\\\/uploads\\\/2021\\\/12\\\/Sin-titulo-10.jpg\",\"width\":892,\"height\":391},{\"@type\":\"BreadcrumbList\",\"@id\":\"https:\\\/\\\/patagoniambiental.com.ar\\\/info\\\/futuros-licenciados-en-turismo-recorrieron-la-zona\\\/#breadcrumb\",\"itemListElement\":[{\"@type\":\"ListItem\",\"position\":1,\"name\":\"Inicio\",\"item\":\"https:\\\/\\\/patagoniambiental.com.ar\\\/info\\\/\"},{\"@type\":\"ListItem\",\"position\":2,\"name\":\"Futuros licenciados en Turismo recorrieron la zona\"}]},{\"@type\":\"WebSite\",\"@id\":\"https:\\\/\\\/patagoniambiental.com.ar\\\/info\\\/#website\",\"url\":\"https:\\\/\\\/patagoniambiental.com.ar\\\/info\\\/\",\"name\":\"Patagonia Ambiental\",\"description\":\"Monitoreo y an\u00e1lisis de la situaci\u00f3n geopol\u00edtica en el mundo y su implicancia en la Patagonia\",\"publisher\":{\"@id\":\"https:\\\/\\\/patagoniambiental.com.ar\\\/info\\\/#organization\"},\"potentialAction\":[{\"@type\":\"SearchAction\",\"target\":{\"@type\":\"EntryPoint\",\"urlTemplate\":\"https:\\\/\\\/patagoniambiental.com.ar\\\/info\\\/?s={search_term_string}\"},\"query-input\":{\"@type\":\"PropertyValueSpecification\",\"valueRequired\":true,\"valueName\":\"search_term_string\"}}],\"inLanguage\":\"es\"},{\"@type\":\"Organization\",\"@id\":\"https:\\\/\\\/patagoniambiental.com.ar\\\/info\\\/#organization\",\"name\":\"Patagonia Ambiental\",\"url\":\"https:\\\/\\\/patagoniambiental.com.ar\\\/info\\\/\",\"logo\":{\"@type\":\"ImageObject\",\"inLanguage\":\"es\",\"@id\":\"https:\\\/\\\/patagoniambiental.com.ar\\\/info\\\/#\\\/schema\\\/logo\\\/image\\\/\",\"url\":\"https:\\\/\\\/patagoniambiental.com.ar\\\/info\\\/wp-content\\\/uploads\\\/2025\\\/05\\\/LOGO-PATAGONIA-AMBIENTAL.png\",\"contentUrl\":\"https:\\\/\\\/patagoniambiental.com.ar\\\/info\\\/wp-content\\\/uploads\\\/2025\\\/05\\\/LOGO-PATAGONIA-AMBIENTAL.png\",\"width\":433,\"height\":250,\"caption\":\"Patagonia Ambiental\"},\"image\":{\"@id\":\"https:\\\/\\\/patagoniambiental.com.ar\\\/info\\\/#\\\/schema\\\/logo\\\/image\\\/\"},\"sameAs\":[\"https:\\\/\\\/www.facebook.com\\\/patagonia.ambiental\",\"https:\\\/\\\/x.com\\\/PatAmb\"]},{\"@type\":\"Person\",\"@id\":\"https:\\\/\\\/patagoniambiental.com.ar\\\/info\\\/#\\\/schema\\\/person\\\/e5af09d700b2e82cb10c6b8800e0c691\",\"name\":\"BRAIAN ESTEVEZ\",\"sameAs\":[\"http:\\\/\\\/www.patagoniambiental.com.ar\"]}]}<\/script>\n<!-- \/ Yoast SEO Premium plugin. -->","yoast_head_json":{"title":"Futuros licenciados en Turismo recorrieron la zona","robots":{"index":"index","follow":"follow","max-snippet":"max-snippet:-1","max-image-preview":"max-image-preview:large","max-video-preview":"max-video-preview:-1"},"canonical":"https:\/\/patagoniambiental.com.ar\/info\/futuros-licenciados-en-turismo-recorrieron-la-zona\/","og_locale":"es_ES","og_type":"article","og_title":"Futuros licenciados en Turismo recorrieron la zona","og_url":"https:\/\/patagoniambiental.com.ar\/info\/futuros-licenciados-en-turismo-recorrieron-la-zona\/","og_site_name":"Patagonia Ambiental","article_publisher":"https:\/\/www.facebook.com\/patagonia.ambiental","article_published_time":"2022-01-01T10:00:00+00:00","og_image":[{"width":892,"height":391,"url":"https:\/\/patagoniambiental.com.ar\/info\/wp-content\/uploads\/2021\/12\/Sin-titulo-10.jpg","type":"image\/jpeg"}],"author":"BRAIAN ESTEVEZ","twitter_card":"summary_large_image","twitter_creator":"@PatAmb","twitter_site":"@PatAmb","schema":{"@context":"https:\/\/schema.org","@graph":[{"@type":"Article","@id":"https:\/\/patagoniambiental.com.ar\/info\/futuros-licenciados-en-turismo-recorrieron-la-zona\/#article","isPartOf":{"@id":"https:\/\/patagoniambiental.com.ar\/info\/futuros-licenciados-en-turismo-recorrieron-la-zona\/"},"author":{"name":"BRAIAN ESTEVEZ","@id":"https:\/\/patagoniambiental.com.ar\/info\/#\/schema\/person\/e5af09d700b2e82cb10c6b8800e0c691"},"headline":"Futuros licenciados en Turismo recorrieron la zona","datePublished":"2022-01-01T10:00:00+00:00","mainEntityOfPage":{"@id":"https:\/\/patagoniambiental.com.ar\/info\/futuros-licenciados-en-turismo-recorrieron-la-zona\/"},"wordCount":233,"commentCount":0,"publisher":{"@id":"https:\/\/patagoniambiental.com.ar\/info\/#organization"},"image":{"@id":"https:\/\/patagoniambiental.com.ar\/info\/futuros-licenciados-en-turismo-recorrieron-la-zona\/#primaryimage"},"thumbnailUrl":"https:\/\/patagoniambiental.com.ar\/info\/wp-content\/uploads\/2021\/12\/Sin-titulo-10.jpg","articleSection":["Noticias"],"inLanguage":"es","potentialAction":[{"@type":"CommentAction","name":"Comment","target":["https:\/\/patagoniambiental.com.ar\/info\/futuros-licenciados-en-turismo-recorrieron-la-zona\/#respond"]}]},{"@type":"WebPage","@id":"https:\/\/patagoniambiental.com.ar\/info\/futuros-licenciados-en-turismo-recorrieron-la-zona\/","url":"https:\/\/patagoniambiental.com.ar\/info\/futuros-licenciados-en-turismo-recorrieron-la-zona\/","name":"Futuros licenciados en Turismo recorrieron la zona","isPartOf":{"@id":"https:\/\/patagoniambiental.com.ar\/info\/#website"},"primaryImageOfPage":{"@id":"https:\/\/patagoniambiental.com.ar\/info\/futuros-licenciados-en-turismo-recorrieron-la-zona\/#primaryimage"},"image":{"@id":"https:\/\/patagoniambiental.com.ar\/info\/futuros-licenciados-en-turismo-recorrieron-la-zona\/#primaryimage"},"thumbnailUrl":"https:\/\/patagoniambiental.com.ar\/info\/wp-content\/uploads\/2021\/12\/Sin-titulo-10.jpg","datePublished":"2022-01-01T10:00:00+00:00","breadcrumb":{"@id":"https:\/\/patagoniambiental.com.ar\/info\/futuros-licenciados-en-turismo-recorrieron-la-zona\/#breadcrumb"},"inLanguage":"es","potentialAction":[{"@type":"ReadAction","target":["https:\/\/patagoniambiental.com.ar\/info\/futuros-licenciados-en-turismo-recorrieron-la-zona\/"]}]},{"@type":"ImageObject","inLanguage":"es","@id":"https:\/\/patagoniambiental.com.ar\/info\/futuros-licenciados-en-turismo-recorrieron-la-zona\/#primaryimage","url":"https:\/\/patagoniambiental.com.ar\/info\/wp-content\/uploads\/2021\/12\/Sin-titulo-10.jpg","contentUrl":"https:\/\/patagoniambiental.com.ar\/info\/wp-content\/uploads\/2021\/12\/Sin-titulo-10.jpg","width":892,"height":391},{"@type":"BreadcrumbList","@id":"https:\/\/patagoniambiental.com.ar\/info\/futuros-licenciados-en-turismo-recorrieron-la-zona\/#breadcrumb","itemListElement":[{"@type":"ListItem","position":1,"name":"Inicio","item":"https:\/\/patagoniambiental.com.ar\/info\/"},{"@type":"ListItem","position":2,"name":"Futuros licenciados en Turismo recorrieron la zona"}]},{"@type":"WebSite","@id":"https:\/\/patagoniambiental.com.ar\/info\/#website","url":"https:\/\/patagoniambiental.com.ar\/info\/","name":"Patagonia Ambiental","description":"Monitoreo y an\u00e1lisis de la situaci\u00f3n geopol\u00edtica en el mundo y su implicancia en la Patagonia","publisher":{"@id":"https:\/\/patagoniambiental.com.ar\/info\/#organization"},"potentialAction":[{"@type":"SearchAction","target":{"@type":"EntryPoint","urlTemplate":"https:\/\/patagoniambiental.com.ar\/info\/?s={search_term_string}"},"query-input":{"@type":"PropertyValueSpecification","valueRequired":true,"valueName":"search_term_string"}}],"inLanguage":"es"},{"@type":"Organization","@id":"https:\/\/patagoniambiental.com.ar\/info\/#organization","name":"Patagonia Ambiental","url":"https:\/\/patagoniambiental.com.ar\/info\/","logo":{"@type":"ImageObject","inLanguage":"es","@id":"https:\/\/patagoniambiental.com.ar\/info\/#\/schema\/logo\/image\/","url":"https:\/\/patagoniambiental.com.ar\/info\/wp-content\/uploads\/2025\/05\/LOGO-PATAGONIA-AMBIENTAL.png","contentUrl":"https:\/\/patagoniambiental.com.ar\/info\/wp-content\/uploads\/2025\/05\/LOGO-PATAGONIA-AMBIENTAL.png","width":433,"height":250,"caption":"Patagonia Ambiental"},"image":{"@id":"https:\/\/patagoniambiental.com.ar\/info\/#\/schema\/logo\/image\/"},"sameAs":["https:\/\/www.facebook.com\/patagonia.ambiental","https:\/\/x.com\/PatAmb"]},{"@type":"Person","@id":"https:\/\/patagoniambiental.com.ar\/info\/#\/schema\/person\/e5af09d700b2e82cb10c6b8800e0c691","name":"BRAIAN ESTEVEZ","sameAs":["http:\/\/www.patagoniambiental.com.ar"]}]}},"_links":{"self":[{"href":"https:\/\/patagoniambiental.com.ar\/info\/wp-json\/wp\/v2\/posts\/74944","targetHints":{"allow":["GET"]}}],"collection":[{"href":"https:\/\/patagoniambiental.com.ar\/info\/wp-json\/wp\/v2\/posts"}],"about":[{"href":"https:\/\/patagoniambiental.com.ar\/info\/wp-json\/wp\/v2\/types\/post"}],"author":[{"embeddable":true,"href":"https:\/\/patagoniambiental.com.ar\/info\/wp-json\/wp\/v2\/users\/6"}],"replies":[{"embeddable":true,"href":"https:\/\/patagoniambiental.com.ar\/info\/wp-json\/wp\/v2\/comments?post=74944"}],"version-history":[{"count":0,"href":"https:\/\/patagoniambiental.com.ar\/info\/wp-json\/wp\/v2\/posts\/74944\/revisions"}],"wp:featuredmedia":[{"embeddable":true,"href":"https:\/\/patagoniambiental.com.ar\/info\/wp-json\/wp\/v2\/media\/74945"}],"wp:attachment":[{"href":"https:\/\/patagoniambiental.com.ar\/info\/wp-json\/wp\/v2\/media?parent=74944"}],"wp:term":[{"taxonomy":"category","embeddable":true,"href":"https:\/\/patagoniambiental.com.ar\/info\/wp-json\/wp\/v2\/categories?post=74944"},{"taxonomy":"post_tag","embeddable":true,"href":"https:\/\/patagoniambiental.com.ar\/info\/wp-json\/wp\/v2\/tags?post=74944"}],"curies":[{"name":"wp","href":"https:\/\/api.w.org\/{rel}","templated":true}]}}