{"id":74961,"date":"2022-01-04T07:00:00","date_gmt":"2022-01-04T10:00:00","guid":{"rendered":"http:\/\/patagoniambiental.com.ar\/info\/?p=74961"},"modified":"2022-01-03T09:37:55","modified_gmt":"2022-01-03T12:37:55","slug":"mar-del-plata-teme-impacto-ambiental-de-pozos-petroleros-offshore","status":"publish","type":"post","link":"https:\/\/patagoniambiental.com.ar\/info\/mar-del-plata-teme-impacto-ambiental-de-pozos-petroleros-offshore\/","title":{"rendered":"Mar del Plata teme impacto ambiental de pozos petroleros offshore"},"content":{"rendered":"\n<!--more-->\n\n\n\n<p>Mar del Plata.-El Gobierno de Argentina emiti\u00f3 una declaraci\u00f3n de impacto ambiental para la perforaci\u00f3n petrolera en alta mar frente a la costa de Mar del Plata que ha provocado objeciones de los residentes locales, en particular el alcalde Guillermo Montenegro de la oposici\u00f3n Juntos por el Cambio (JxC), mientras que el secretario federal de Energ\u00eda, Dar\u00edo Mart\u00ednez, recibi\u00f3 con benepl\u00e1cito la decisi\u00f3n.<\/p>\n\n\n\n<p>Mart\u00ednez dijo que es \u201cun paso fundamental para poner en valor los recursos de hidrocarburos disponibles para el fondo marino argentino y la reafirmaci\u00f3n de la soberan\u00eda sobre nuestro territorio mar\u00edtimo\u201d.<\/p>\n\n\n\n<p>\u201cGracias a un esfuerzo conjunto con las agencias del gobierno nacional y una audiencia p\u00fablica, con un amplio margen de participaci\u00f3n, obtuvimos la declaraci\u00f3n de impacto ambiental\u201d, prosigui\u00f3 Mart\u00ednez.<\/p>\n\n\n\n<p>El gobierno argentino celebr\u00f3 el otorgamiento de la declaraci\u00f3n de impacto ambiental a las \u00e1reas de exploraci\u00f3n CAN 100, CAN 108 y CAN 114, frente a la costa de Mar del Plata, para el proyecto de adquisici\u00f3n s\u00edsmica presentado por Equinor en alianza con YPF y Shell. CAN 100 y 108 se ubican a 307 kil\u00f3metros de la costa de Mar del Plata, mientras que CAN 114 est\u00e1 a 443 kil\u00f3metros de distancia.<\/p>\n\n\n\n<p>Mart\u00ednez insisti\u00f3 en que se hab\u00eda dado \u201cun paso fundamental para una producci\u00f3n de gas m\u00e1s viable para los argentinos\u201d. La producci\u00f3n offshore se ha desarrollado en el pa\u00eds desde la d\u00e9cada de 1970, con 280 pozos.<\/p>\n\n\n\n<p>Esta declaraci\u00f3n de impacto ambiental, junto con la medida adoptada por el Estado nacional a trav\u00e9s del Decreto 870\/21 que prorroga por hasta dos a\u00f1os el primer per\u00edodo exploratorio de los permisos otorgados en el marco de la Ronda 1, que incluye las \u00c1reas CAN 100, CAN 108 y CAN 114, presagian \u201cun fuerte impulso en la actividad offshore\u201d.<\/p>\n\n\n\n<p>Mart\u00ednez tambi\u00e9n dijo que la producci\u00f3n offshore es \u201cuna fuente muy importante de reservas de gas, que representan el 18%\u201d del consumo interno. El funcionario subray\u00f3 adem\u00e1s que \u201cel desarrollo de \u00e1reas marinas es contar con una pol\u00edtica energ\u00e9tica federal que apuesta por potenciar todas las cuencas productivas del pa\u00eds y de esta manera entrelazar con el aparato productivo local los bienes y servicios que ser\u00e1n necesarios para llevar a cabo su producci\u00f3n\u201d.<\/p>\n\n\n\n<p>El Gobierno argentino tambi\u00e9n destac\u00f3 que \u201cno se han producido incidentes de car\u00e1cter ambiental o accidentes con da\u00f1o a la integridad f\u00edsica de los trabajadores en m\u00e1s de 50 a\u00f1os de desarrollo offshore en Argentina\u201d.<\/p>\n\n\n\n<p>Las declaraciones de Mart\u00ednez se produjeron luego de que el alcalde de Mar del Plata, Guillermo Montenegro, se pronunciara en contra de los pozos petrolero, que podr\u00edan tener un impacto ambiental en un mar tan apreciado por los turistas que ven la ciudad como un balneario. La pesca tambi\u00e9n puede verse afectada en caso de un derrame de petr\u00f3leo, lo que supondr\u00eda otro golpe para el desarrollo econ\u00f3mico de la ciudad.<\/p>\n\n\n\n<p>\u201cDesde el Ministerio de Energ\u00eda, y en sinton\u00eda con un gobierno nacional responsable y comprometido, vamos a verificar que todas las operaciones en el marco energ\u00e9tico se realicen con los m\u00e1s exigentes est\u00e1ndares internacionales de cuidado ambiental\u201d, dijo Mart\u00ednez, quien a\u00f1adi\u00f3 que \u201ceste es un paso fundamental para poner en valor los recursos de hidrocarburos que tiene el fondo marino argentino y, con ello, la reafirmaci\u00f3n de la soberan\u00eda sobre nuestro territorio mar\u00edtimo\u201d.<\/p>\n\n\n\n<p>Fuente: https:\/\/es.mercopress.com\/2022\/01\/03\/mar-del-plata-teme-impacto-ambiental-de-pozos-petroleros-offshore<\/p>\n","protected":false},"excerpt":{"rendered":"","protected":false},"author":6,"featured_media":0,"comment_status":"open","ping_status":"open","sticky":false,"template":"","format":"standard","meta":{"site-sidebar-layout":"default","site-content-layout":"","ast-site-content-layout":"default","site-content-style":"default","site-sidebar-style":"default","ast-global-header-display":"","ast-banner-title-visibility":"","ast-main-header-display":"","ast-hfb-above-header-display":"","ast-hfb-below-header-display":"","ast-hfb-mobile-header-display":"","site-post-title":"","ast-breadcrumbs-content":"","ast-featured-img":"","footer-sml-layout":"","ast-disable-related-posts":"","theme-transparent-header-meta":"","adv-header-id-meta":"","stick-header-meta":"","header-above-stick-meta":"","header-main-stick-meta":"","header-below-stick-meta":"","astra-migrate-meta-layouts":"default","ast-page-background-enabled":"default","ast-page-background-meta":{"desktop":{"background-color":"var(--ast-global-color-5)","background-image":"","background-repeat":"repeat","background-position":"center center","background-size":"auto","background-attachment":"scroll","background-type":"","background-media":"","overlay-type":"","overlay-color":"","overlay-opacity":"","overlay-gradient":""},"tablet":{"background-color":"","background-image":"","background-repeat":"repeat","background-position":"center center","background-size":"auto","background-attachment":"scroll","background-type":"","background-media":"","overlay-type":"","overlay-color":"","overlay-opacity":"","overlay-gradient":""},"mobile":{"background-color":"","background-image":"","background-repeat":"repeat","background-position":"center center","background-size":"auto","background-attachment":"scroll","background-type":"","background-media":"","overlay-type":"","overlay-color":"","overlay-opacity":"","overlay-gradient":""}},"ast-content-background-meta":{"desktop":{"background-color":"var(--ast-global-color-4)","background-image":"","background-repeat":"repeat","background-position":"center center","background-size":"auto","background-attachment":"scroll","background-type":"","background-media":"","overlay-type":"","overlay-color":"","overlay-opacity":"","overlay-gradient":""},"tablet":{"background-color":"var(--ast-global-color-4)","background-image":"","background-repeat":"repeat","background-position":"center center","background-size":"auto","background-attachment":"scroll","background-type":"","background-media":"","overlay-type":"","overlay-color":"","overlay-opacity":"","overlay-gradient":""},"mobile":{"background-color":"var(--ast-global-color-4)","background-image":"","background-repeat":"repeat","background-position":"center center","background-size":"auto","background-attachment":"scroll","background-type":"","background-media":"","overlay-type":"","overlay-color":"","overlay-opacity":"","overlay-gradient":""}},"footnotes":""},"categories":[1],"tags":[],"class_list":["post-74961","post","type-post","status-publish","format-standard","hentry","category-noticias"],"yoast_head":"<!-- This site is optimized with the Yoast SEO Premium plugin v23.0 (Yoast SEO v27.5) - https:\/\/yoast.com\/product\/yoast-seo-premium-wordpress\/ -->\n<title>Mar del Plata teme impacto ambiental de pozos petroleros offshore<\/title>\n<meta name=\"robots\" content=\"index, follow, max-snippet:-1, max-image-preview:large, max-video-preview:-1\" \/>\n<link rel=\"canonical\" href=\"https:\/\/patagoniambiental.com.ar\/info\/mar-del-plata-teme-impacto-ambiental-de-pozos-petroleros-offshore\/\" \/>\n<meta property=\"og:locale\" content=\"es_ES\" \/>\n<meta property=\"og:type\" content=\"article\" \/>\n<meta property=\"og:title\" content=\"Mar del Plata teme impacto ambiental de pozos petroleros offshore\" \/>\n<meta property=\"og:url\" content=\"https:\/\/patagoniambiental.com.ar\/info\/mar-del-plata-teme-impacto-ambiental-de-pozos-petroleros-offshore\/\" \/>\n<meta property=\"og:site_name\" content=\"Patagonia Ambiental\" \/>\n<meta property=\"article:publisher\" content=\"https:\/\/www.facebook.com\/patagonia.ambiental\" \/>\n<meta property=\"article:published_time\" content=\"2022-01-04T10:00:00+00:00\" \/>\n<meta name=\"author\" content=\"BRAIAN ESTEVEZ\" \/>\n<meta name=\"twitter:card\" content=\"summary_large_image\" \/>\n<meta name=\"twitter:creator\" content=\"@PatAmb\" \/>\n<meta name=\"twitter:site\" content=\"@PatAmb\" \/>\n<script type=\"application\/ld+json\" class=\"yoast-schema-graph\">{\"@context\":\"https:\\\/\\\/schema.org\",\"@graph\":[{\"@type\":\"Article\",\"@id\":\"https:\\\/\\\/patagoniambiental.com.ar\\\/info\\\/mar-del-plata-teme-impacto-ambiental-de-pozos-petroleros-offshore\\\/#article\",\"isPartOf\":{\"@id\":\"https:\\\/\\\/patagoniambiental.com.ar\\\/info\\\/mar-del-plata-teme-impacto-ambiental-de-pozos-petroleros-offshore\\\/\"},\"author\":{\"name\":\"BRAIAN ESTEVEZ\",\"@id\":\"https:\\\/\\\/patagoniambiental.com.ar\\\/info\\\/#\\\/schema\\\/person\\\/e5af09d700b2e82cb10c6b8800e0c691\"},\"headline\":\"Mar del Plata teme impacto ambiental de pozos petroleros offshore\",\"datePublished\":\"2022-01-04T10:00:00+00:00\",\"mainEntityOfPage\":{\"@id\":\"https:\\\/\\\/patagoniambiental.com.ar\\\/info\\\/mar-del-plata-teme-impacto-ambiental-de-pozos-petroleros-offshore\\\/\"},\"wordCount\":608,\"commentCount\":0,\"publisher\":{\"@id\":\"https:\\\/\\\/patagoniambiental.com.ar\\\/info\\\/#organization\"},\"articleSection\":[\"Noticias\"],\"inLanguage\":\"es\",\"potentialAction\":[{\"@type\":\"CommentAction\",\"name\":\"Comment\",\"target\":[\"https:\\\/\\\/patagoniambiental.com.ar\\\/info\\\/mar-del-plata-teme-impacto-ambiental-de-pozos-petroleros-offshore\\\/#respond\"]}]},{\"@type\":\"WebPage\",\"@id\":\"https:\\\/\\\/patagoniambiental.com.ar\\\/info\\\/mar-del-plata-teme-impacto-ambiental-de-pozos-petroleros-offshore\\\/\",\"url\":\"https:\\\/\\\/patagoniambiental.com.ar\\\/info\\\/mar-del-plata-teme-impacto-ambiental-de-pozos-petroleros-offshore\\\/\",\"name\":\"Mar del Plata teme impacto ambiental de pozos petroleros offshore\",\"isPartOf\":{\"@id\":\"https:\\\/\\\/patagoniambiental.com.ar\\\/info\\\/#website\"},\"datePublished\":\"2022-01-04T10:00:00+00:00\",\"breadcrumb\":{\"@id\":\"https:\\\/\\\/patagoniambiental.com.ar\\\/info\\\/mar-del-plata-teme-impacto-ambiental-de-pozos-petroleros-offshore\\\/#breadcrumb\"},\"inLanguage\":\"es\",\"potentialAction\":[{\"@type\":\"ReadAction\",\"target\":[\"https:\\\/\\\/patagoniambiental.com.ar\\\/info\\\/mar-del-plata-teme-impacto-ambiental-de-pozos-petroleros-offshore\\\/\"]}]},{\"@type\":\"BreadcrumbList\",\"@id\":\"https:\\\/\\\/patagoniambiental.com.ar\\\/info\\\/mar-del-plata-teme-impacto-ambiental-de-pozos-petroleros-offshore\\\/#breadcrumb\",\"itemListElement\":[{\"@type\":\"ListItem\",\"position\":1,\"name\":\"Inicio\",\"item\":\"https:\\\/\\\/patagoniambiental.com.ar\\\/info\\\/\"},{\"@type\":\"ListItem\",\"position\":2,\"name\":\"Mar del Plata teme impacto ambiental de pozos petroleros offshore\"}]},{\"@type\":\"WebSite\",\"@id\":\"https:\\\/\\\/patagoniambiental.com.ar\\\/info\\\/#website\",\"url\":\"https:\\\/\\\/patagoniambiental.com.ar\\\/info\\\/\",\"name\":\"Patagonia Ambiental\",\"description\":\"Monitoreo y an\u00e1lisis de la situaci\u00f3n geopol\u00edtica en el mundo y su implicancia en la Patagonia\",\"publisher\":{\"@id\":\"https:\\\/\\\/patagoniambiental.com.ar\\\/info\\\/#organization\"},\"potentialAction\":[{\"@type\":\"SearchAction\",\"target\":{\"@type\":\"EntryPoint\",\"urlTemplate\":\"https:\\\/\\\/patagoniambiental.com.ar\\\/info\\\/?s={search_term_string}\"},\"query-input\":{\"@type\":\"PropertyValueSpecification\",\"valueRequired\":true,\"valueName\":\"search_term_string\"}}],\"inLanguage\":\"es\"},{\"@type\":\"Organization\",\"@id\":\"https:\\\/\\\/patagoniambiental.com.ar\\\/info\\\/#organization\",\"name\":\"Patagonia Ambiental\",\"url\":\"https:\\\/\\\/patagoniambiental.com.ar\\\/info\\\/\",\"logo\":{\"@type\":\"ImageObject\",\"inLanguage\":\"es\",\"@id\":\"https:\\\/\\\/patagoniambiental.com.ar\\\/info\\\/#\\\/schema\\\/logo\\\/image\\\/\",\"url\":\"https:\\\/\\\/patagoniambiental.com.ar\\\/info\\\/wp-content\\\/uploads\\\/2025\\\/05\\\/LOGO-PATAGONIA-AMBIENTAL.png\",\"contentUrl\":\"https:\\\/\\\/patagoniambiental.com.ar\\\/info\\\/wp-content\\\/uploads\\\/2025\\\/05\\\/LOGO-PATAGONIA-AMBIENTAL.png\",\"width\":433,\"height\":250,\"caption\":\"Patagonia Ambiental\"},\"image\":{\"@id\":\"https:\\\/\\\/patagoniambiental.com.ar\\\/info\\\/#\\\/schema\\\/logo\\\/image\\\/\"},\"sameAs\":[\"https:\\\/\\\/www.facebook.com\\\/patagonia.ambiental\",\"https:\\\/\\\/x.com\\\/PatAmb\"]},{\"@type\":\"Person\",\"@id\":\"https:\\\/\\\/patagoniambiental.com.ar\\\/info\\\/#\\\/schema\\\/person\\\/e5af09d700b2e82cb10c6b8800e0c691\",\"name\":\"BRAIAN ESTEVEZ\",\"sameAs\":[\"http:\\\/\\\/www.patagoniambiental.com.ar\"]}]}<\/script>\n<!-- \/ Yoast SEO Premium plugin. -->","yoast_head_json":{"title":"Mar del Plata teme impacto ambiental de pozos petroleros offshore","robots":{"index":"index","follow":"follow","max-snippet":"max-snippet:-1","max-image-preview":"max-image-preview:large","max-video-preview":"max-video-preview:-1"},"canonical":"https:\/\/patagoniambiental.com.ar\/info\/mar-del-plata-teme-impacto-ambiental-de-pozos-petroleros-offshore\/","og_locale":"es_ES","og_type":"article","og_title":"Mar del Plata teme impacto ambiental de pozos petroleros offshore","og_url":"https:\/\/patagoniambiental.com.ar\/info\/mar-del-plata-teme-impacto-ambiental-de-pozos-petroleros-offshore\/","og_site_name":"Patagonia Ambiental","article_publisher":"https:\/\/www.facebook.com\/patagonia.ambiental","article_published_time":"2022-01-04T10:00:00+00:00","author":"BRAIAN ESTEVEZ","twitter_card":"summary_large_image","twitter_creator":"@PatAmb","twitter_site":"@PatAmb","schema":{"@context":"https:\/\/schema.org","@graph":[{"@type":"Article","@id":"https:\/\/patagoniambiental.com.ar\/info\/mar-del-plata-teme-impacto-ambiental-de-pozos-petroleros-offshore\/#article","isPartOf":{"@id":"https:\/\/patagoniambiental.com.ar\/info\/mar-del-plata-teme-impacto-ambiental-de-pozos-petroleros-offshore\/"},"author":{"name":"BRAIAN ESTEVEZ","@id":"https:\/\/patagoniambiental.com.ar\/info\/#\/schema\/person\/e5af09d700b2e82cb10c6b8800e0c691"},"headline":"Mar del Plata teme impacto ambiental de pozos petroleros offshore","datePublished":"2022-01-04T10:00:00+00:00","mainEntityOfPage":{"@id":"https:\/\/patagoniambiental.com.ar\/info\/mar-del-plata-teme-impacto-ambiental-de-pozos-petroleros-offshore\/"},"wordCount":608,"commentCount":0,"publisher":{"@id":"https:\/\/patagoniambiental.com.ar\/info\/#organization"},"articleSection":["Noticias"],"inLanguage":"es","potentialAction":[{"@type":"CommentAction","name":"Comment","target":["https:\/\/patagoniambiental.com.ar\/info\/mar-del-plata-teme-impacto-ambiental-de-pozos-petroleros-offshore\/#respond"]}]},{"@type":"WebPage","@id":"https:\/\/patagoniambiental.com.ar\/info\/mar-del-plata-teme-impacto-ambiental-de-pozos-petroleros-offshore\/","url":"https:\/\/patagoniambiental.com.ar\/info\/mar-del-plata-teme-impacto-ambiental-de-pozos-petroleros-offshore\/","name":"Mar del Plata teme impacto ambiental de pozos petroleros offshore","isPartOf":{"@id":"https:\/\/patagoniambiental.com.ar\/info\/#website"},"datePublished":"2022-01-04T10:00:00+00:00","breadcrumb":{"@id":"https:\/\/patagoniambiental.com.ar\/info\/mar-del-plata-teme-impacto-ambiental-de-pozos-petroleros-offshore\/#breadcrumb"},"inLanguage":"es","potentialAction":[{"@type":"ReadAction","target":["https:\/\/patagoniambiental.com.ar\/info\/mar-del-plata-teme-impacto-ambiental-de-pozos-petroleros-offshore\/"]}]},{"@type":"BreadcrumbList","@id":"https:\/\/patagoniambiental.com.ar\/info\/mar-del-plata-teme-impacto-ambiental-de-pozos-petroleros-offshore\/#breadcrumb","itemListElement":[{"@type":"ListItem","position":1,"name":"Inicio","item":"https:\/\/patagoniambiental.com.ar\/info\/"},{"@type":"ListItem","position":2,"name":"Mar del Plata teme impacto ambiental de pozos petroleros offshore"}]},{"@type":"WebSite","@id":"https:\/\/patagoniambiental.com.ar\/info\/#website","url":"https:\/\/patagoniambiental.com.ar\/info\/","name":"Patagonia Ambiental","description":"Monitoreo y an\u00e1lisis de la situaci\u00f3n geopol\u00edtica en el mundo y su implicancia en la Patagonia","publisher":{"@id":"https:\/\/patagoniambiental.com.ar\/info\/#organization"},"potentialAction":[{"@type":"SearchAction","target":{"@type":"EntryPoint","urlTemplate":"https:\/\/patagoniambiental.com.ar\/info\/?s={search_term_string}"},"query-input":{"@type":"PropertyValueSpecification","valueRequired":true,"valueName":"search_term_string"}}],"inLanguage":"es"},{"@type":"Organization","@id":"https:\/\/patagoniambiental.com.ar\/info\/#organization","name":"Patagonia Ambiental","url":"https:\/\/patagoniambiental.com.ar\/info\/","logo":{"@type":"ImageObject","inLanguage":"es","@id":"https:\/\/patagoniambiental.com.ar\/info\/#\/schema\/logo\/image\/","url":"https:\/\/patagoniambiental.com.ar\/info\/wp-content\/uploads\/2025\/05\/LOGO-PATAGONIA-AMBIENTAL.png","contentUrl":"https:\/\/patagoniambiental.com.ar\/info\/wp-content\/uploads\/2025\/05\/LOGO-PATAGONIA-AMBIENTAL.png","width":433,"height":250,"caption":"Patagonia Ambiental"},"image":{"@id":"https:\/\/patagoniambiental.com.ar\/info\/#\/schema\/logo\/image\/"},"sameAs":["https:\/\/www.facebook.com\/patagonia.ambiental","https:\/\/x.com\/PatAmb"]},{"@type":"Person","@id":"https:\/\/patagoniambiental.com.ar\/info\/#\/schema\/person\/e5af09d700b2e82cb10c6b8800e0c691","name":"BRAIAN ESTEVEZ","sameAs":["http:\/\/www.patagoniambiental.com.ar"]}]}},"_links":{"self":[{"href":"https:\/\/patagoniambiental.com.ar\/info\/wp-json\/wp\/v2\/posts\/74961","targetHints":{"allow":["GET"]}}],"collection":[{"href":"https:\/\/patagoniambiental.com.ar\/info\/wp-json\/wp\/v2\/posts"}],"about":[{"href":"https:\/\/patagoniambiental.com.ar\/info\/wp-json\/wp\/v2\/types\/post"}],"author":[{"embeddable":true,"href":"https:\/\/patagoniambiental.com.ar\/info\/wp-json\/wp\/v2\/users\/6"}],"replies":[{"embeddable":true,"href":"https:\/\/patagoniambiental.com.ar\/info\/wp-json\/wp\/v2\/comments?post=74961"}],"version-history":[{"count":0,"href":"https:\/\/patagoniambiental.com.ar\/info\/wp-json\/wp\/v2\/posts\/74961\/revisions"}],"wp:attachment":[{"href":"https:\/\/patagoniambiental.com.ar\/info\/wp-json\/wp\/v2\/media?parent=74961"}],"wp:term":[{"taxonomy":"category","embeddable":true,"href":"https:\/\/patagoniambiental.com.ar\/info\/wp-json\/wp\/v2\/categories?post=74961"},{"taxonomy":"post_tag","embeddable":true,"href":"https:\/\/patagoniambiental.com.ar\/info\/wp-json\/wp\/v2\/tags?post=74961"}],"curies":[{"name":"wp","href":"https:\/\/api.w.org\/{rel}","templated":true}]}}