{"id":74968,"date":"2022-01-05T07:00:00","date_gmt":"2022-01-05T10:00:00","guid":{"rendered":"http:\/\/patagoniambiental.com.ar\/info\/?p=74968"},"modified":"2022-01-03T09:45:20","modified_gmt":"2022-01-03T12:45:20","slug":"frente-a-la-crisis-climatica-organizaciones-reclaman-una-ley-de-humedales","status":"publish","type":"post","link":"https:\/\/patagoniambiental.com.ar\/info\/frente-a-la-crisis-climatica-organizaciones-reclaman-una-ley-de-humedales\/","title":{"rendered":"Frente a la crisis clim\u00e1tica, organizaciones reclaman una ley de humedales"},"content":{"rendered":"\n<!--more-->\n\n\n\n<p><strong>Se termin\u00f3 el 2021 y con \u00e9l los proyectos de Ley de Humedales perdieron estado parlamentario en el Congreso. Esto significa que toda nueva iniciativa deber\u00e1 comenzar de cero su recorrido por las c\u00e1maras legislativas.<\/strong><\/p>\n\n\n\n<p>A lo largo del a\u00f1o diversas organizaciones socioambientales, como Multisectorial Humedales, realizaron campa\u00f1as para pedir la sanci\u00f3n de una ley de \u201cPresupuestos M\u00ednimos Para la Conservaci\u00f3n, Protecci\u00f3n y Uso Racional y Sostenible de los Humedales\u201d.<\/p>\n\n\n\n<p>En nuestro pa\u00eds los humedales ocupan el 21,5% del territorio y tienen la funci\u00f3n primordial de ser reservorios de agua; es decir esponjas que por su capacidad absorbente mitigan las inundaciones durante las crecientes. Sin embargo, en lo que va del a\u00f1o solamente en el Delta del Paran\u00e1 se perdieron 153.000 hect\u00e1reas por quemas intencionales.https:\/\/platform.twitter.com\/embed\/Tweet.html?creatorScreenName=infpolitico&amp;dnt=true&amp;embedId=twitter-widget-0&amp;features=eyJ0ZndfZXhwZXJpbWVudHNfY29va2llX2V4cGlyYXRpb24iOnsiYnVja2V0IjoxMjA5NjAwLCJ2ZXJzaW9uIjpudWxsfSwidGZ3X2hvcml6b25fdHdlZXRfZW1iZWRfOTU1NSI6eyJidWNrZXQiOiJodGUiLCJ2ZXJzaW9uIjpudWxsfSwidGZ3X3NwYWNlX2NhcmQiOnsiYnVja2V0Ijoib2ZmIiwidmVyc2lvbiI6bnVsbH19&amp;frame=false&amp;hideCard=false&amp;hideThread=false&amp;id=1473414499847884803&amp;lang=es&amp;origin=https%3A%2F%2Finformepolitico.com.ar%2Ffrente-a-la-crisis-climatica-organizaciones-reclaman-una-ley-de-humedales%2F&amp;sessionId=2a35c750a26032074a97f1690dc6a11629d6ffad&amp;siteScreenName=infpolitico&amp;theme=light&amp;widgetsVersion=9fd78d5%3A1638479056965&amp;width=550px<\/p>\n\n\n\n<p>Julieta Bernab\u00e9, de la Multisectorial de Humedales, explic\u00f3 que el proyecto que perdi\u00f3 estado parlamentario naci\u00f3 de una serie de proyectos unificados por la comisi\u00f3n de ambiente que tiene su aprobaci\u00f3n en noviembre de 2020. Luego de ser aprobado en dicha comisi\u00f3n no obtuvo tratamiento en las comisiones restantes, por lo que nunca llego a ser votado en el recinto.<\/p>\n\n\n\n<p>\u201cLa primera comisi\u00f3n que recibe este proyecto de ley es la agricultura y ganader\u00eda la cual nunca le da tratamiento\u201d, explica Julieta. Las dos restantes son presupuesto y hacienda e intereses portuarios y pesqueros; pero ninguna le dio aval por lo que en diciembre perdi\u00f3 estado parlamentario.<\/p>\n\n\n\n<p>El proyecto de ley ya hab\u00eda sido presentado dos veces, en 2013 y en 2016, y en ambos casos no prosper\u00f3 en la C\u00e1mara de Diputados.&nbsp;Seg\u00fan denunci\u00f3 este mi\u00e9rcoles la coordinadora Basta de Falsas Soluciones, se registran incendios forestales en 11 provincias. \u201cChubut, R\u00edo Negro, Neuqu\u00e9n, Santa Cruz, Santa Fe, Entre R\u00edos, Buenos Aires, Tierra del Fuego, Formosa, Misiones, Corrientes todas prendidas fuego. Fuego extractivista. Hace 2 a\u00f1os que venimos quemas tras quemas, desmontes tras desmontes\u201d, denunci\u00f3 en sus redes sociales.https:\/\/www.instagram.com\/p\/CYFBoGDvZTW\/embed\/captioned\/?cr=1&amp;v=14&amp;wp=640&amp;rd=https%3A%2F%2Finformepolitico.com.ar&amp;rp=%2Ffrente-a-la-crisis-climatica-organizaciones-reclaman-una-ley-de-humedales%2F#%7B%22ci%22%3A0%2C%22os%22%3A5705.599999997765%7D<\/p>\n\n\n\n<p>Este martes por la tarde, el Consejo Federal de Medio Ambiente (Cofema) y el Ministerio de Ambiente y Desarrollo Sostenible, dirigido por Juan Cabandi\u00e9, declararon en todo el pa\u00eds la \u201cEmergencia \u00cdgnea\u201d durante 12 meses. El fuego ya alcanzaba a 7 provincias y hay algunas que reportan incendios desde hace semanas.<\/p>\n\n\n\n<p>Por su parte Julieta, tambi\u00e9n explic\u00f3 que la \u00fanica \u201cesperanza\u201d para no perder estado parlamentario es que sea tratada dentro de las sesiones extraordinarias del congreso nacional, pero si bien fue una informaci\u00f3n que circulo en distintos medios ellos no fueron informados hasta el momento.<\/p>\n\n\n\n<p>Seg\u00fan la activista, \u201cla sanci\u00f3n de una ley de humedales lo que har\u00eda es llevar a cabo un inventario de humedales a nivel nacional para saber qu\u00e9 tenemos y en qu\u00e9 estado est\u00e1n\u201d. Y luego \u201cse produce un ordenamiento de esos espacios otorgando distintos niveles de protecci\u00f3n\u201d teniendo en cuentas caracter\u00edsticas y biodiversidad.<\/p>\n\n\n\n<figure class=\"wp-block-embed\"><div class=\"wp-block-embed__wrapper\">\nhttps:\/\/informepolitico.com.ar\/pese-al-rechazo-popular-cabandie-autorizo-la-explotacion-petrolera-en-la-costa-de-mar-del-plata\/embed\/#?secret=dkBO2DSs7h\n<\/div><\/figure>\n\n\n\n<p>Julieta explica que el proyecto contempla una moratoria, lo que es el inventario y ordenamiento territorial se calcula podr\u00eda llevar entre 5 o 7 a\u00f1os. A su vez, indica que de aprobarse la ley no se prohibir\u00eda la producci\u00f3n o explotaci\u00f3n en territorio de humedales sino que se regular\u00eda para el cuidado del ecosistema.<\/p>\n\n\n\n<h3 class=\"wp-block-heading\">Fuente: https:\/\/informepolitico.com.ar\/frente-a-la-crisis-climatica-organizaciones-reclaman-una-ley-de-humedales\/<\/h3>\n","protected":false},"excerpt":{"rendered":"","protected":false},"author":6,"featured_media":74969,"comment_status":"open","ping_status":"open","sticky":false,"template":"","format":"standard","meta":{"site-sidebar-layout":"default","site-content-layout":"","ast-site-content-layout":"default","site-content-style":"default","site-sidebar-style":"default","ast-global-header-display":"","ast-banner-title-visibility":"","ast-main-header-display":"","ast-hfb-above-header-display":"","ast-hfb-below-header-display":"","ast-hfb-mobile-header-display":"","site-post-title":"","ast-breadcrumbs-content":"","ast-featured-img":"","footer-sml-layout":"","ast-disable-related-posts":"","theme-transparent-header-meta":"","adv-header-id-meta":"","stick-header-meta":"","header-above-stick-meta":"","header-main-stick-meta":"","header-below-stick-meta":"","astra-migrate-meta-layouts":"default","ast-page-background-enabled":"default","ast-page-background-meta":{"desktop":{"background-color":"var(--ast-global-color-5)","background-image":"","background-repeat":"repeat","background-position":"center center","background-size":"auto","background-attachment":"scroll","background-type":"","background-media":"","overlay-type":"","overlay-color":"","overlay-opacity":"","overlay-gradient":""},"tablet":{"background-color":"","background-image":"","background-repeat":"repeat","background-position":"center center","background-size":"auto","background-attachment":"scroll","background-type":"","background-media":"","overlay-type":"","overlay-color":"","overlay-opacity":"","overlay-gradient":""},"mobile":{"background-color":"","background-image":"","background-repeat":"repeat","background-position":"center center","background-size":"auto","background-attachment":"scroll","background-type":"","background-media":"","overlay-type":"","overlay-color":"","overlay-opacity":"","overlay-gradient":""}},"ast-content-background-meta":{"desktop":{"background-color":"var(--ast-global-color-4)","background-image":"","background-repeat":"repeat","background-position":"center center","background-size":"auto","background-attachment":"scroll","background-type":"","background-media":"","overlay-type":"","overlay-color":"","overlay-opacity":"","overlay-gradient":""},"tablet":{"background-color":"var(--ast-global-color-4)","background-image":"","background-repeat":"repeat","background-position":"center center","background-size":"auto","background-attachment":"scroll","background-type":"","background-media":"","overlay-type":"","overlay-color":"","overlay-opacity":"","overlay-gradient":""},"mobile":{"background-color":"var(--ast-global-color-4)","background-image":"","background-repeat":"repeat","background-position":"center center","background-size":"auto","background-attachment":"scroll","background-type":"","background-media":"","overlay-type":"","overlay-color":"","overlay-opacity":"","overlay-gradient":""}},"footnotes":""},"categories":[1],"tags":[],"class_list":["post-74968","post","type-post","status-publish","format-standard","has-post-thumbnail","hentry","category-noticias"],"yoast_head":"<!-- This site is optimized with the Yoast SEO Premium plugin v23.0 (Yoast SEO v27.5) - https:\/\/yoast.com\/product\/yoast-seo-premium-wordpress\/ -->\n<title>Frente a la crisis clim\u00e1tica, organizaciones reclaman una ley de humedales<\/title>\n<meta name=\"robots\" content=\"index, follow, max-snippet:-1, max-image-preview:large, max-video-preview:-1\" \/>\n<link rel=\"canonical\" href=\"https:\/\/patagoniambiental.com.ar\/info\/frente-a-la-crisis-climatica-organizaciones-reclaman-una-ley-de-humedales\/\" \/>\n<meta property=\"og:locale\" content=\"es_ES\" \/>\n<meta property=\"og:type\" content=\"article\" \/>\n<meta property=\"og:title\" content=\"Frente a la crisis clim\u00e1tica, organizaciones reclaman una ley de humedales\" \/>\n<meta property=\"og:url\" content=\"https:\/\/patagoniambiental.com.ar\/info\/frente-a-la-crisis-climatica-organizaciones-reclaman-una-ley-de-humedales\/\" \/>\n<meta property=\"og:site_name\" content=\"Patagonia Ambiental\" \/>\n<meta property=\"article:publisher\" content=\"https:\/\/www.facebook.com\/patagonia.ambiental\" \/>\n<meta property=\"article:published_time\" content=\"2022-01-05T10:00:00+00:00\" \/>\n<meta property=\"og:image\" content=\"https:\/\/patagoniambiental.com.ar\/info\/wp-content\/uploads\/2022\/01\/corte-puente-rosario-victoria-1jpg-696x392-1.jpg\" \/>\n\t<meta property=\"og:image:width\" content=\"696\" \/>\n\t<meta property=\"og:image:height\" content=\"392\" \/>\n\t<meta property=\"og:image:type\" content=\"image\/jpeg\" \/>\n<meta name=\"author\" content=\"BRAIAN ESTEVEZ\" \/>\n<meta name=\"twitter:card\" content=\"summary_large_image\" \/>\n<meta name=\"twitter:creator\" content=\"@PatAmb\" \/>\n<meta name=\"twitter:site\" content=\"@PatAmb\" \/>\n<script type=\"application\/ld+json\" class=\"yoast-schema-graph\">{\"@context\":\"https:\\\/\\\/schema.org\",\"@graph\":[{\"@type\":\"Article\",\"@id\":\"https:\\\/\\\/patagoniambiental.com.ar\\\/info\\\/frente-a-la-crisis-climatica-organizaciones-reclaman-una-ley-de-humedales\\\/#article\",\"isPartOf\":{\"@id\":\"https:\\\/\\\/patagoniambiental.com.ar\\\/info\\\/frente-a-la-crisis-climatica-organizaciones-reclaman-una-ley-de-humedales\\\/\"},\"author\":{\"name\":\"BRAIAN ESTEVEZ\",\"@id\":\"https:\\\/\\\/patagoniambiental.com.ar\\\/info\\\/#\\\/schema\\\/person\\\/e5af09d700b2e82cb10c6b8800e0c691\"},\"headline\":\"Frente a la crisis clim\u00e1tica, organizaciones reclaman una ley de humedales\",\"datePublished\":\"2022-01-05T10:00:00+00:00\",\"mainEntityOfPage\":{\"@id\":\"https:\\\/\\\/patagoniambiental.com.ar\\\/info\\\/frente-a-la-crisis-climatica-organizaciones-reclaman-una-ley-de-humedales\\\/\"},\"wordCount\":700,\"commentCount\":0,\"publisher\":{\"@id\":\"https:\\\/\\\/patagoniambiental.com.ar\\\/info\\\/#organization\"},\"image\":{\"@id\":\"https:\\\/\\\/patagoniambiental.com.ar\\\/info\\\/frente-a-la-crisis-climatica-organizaciones-reclaman-una-ley-de-humedales\\\/#primaryimage\"},\"thumbnailUrl\":\"https:\\\/\\\/patagoniambiental.com.ar\\\/info\\\/wp-content\\\/uploads\\\/2022\\\/01\\\/corte-puente-rosario-victoria-1jpg-696x392-1.jpg\",\"articleSection\":[\"Noticias\"],\"inLanguage\":\"es\",\"potentialAction\":[{\"@type\":\"CommentAction\",\"name\":\"Comment\",\"target\":[\"https:\\\/\\\/patagoniambiental.com.ar\\\/info\\\/frente-a-la-crisis-climatica-organizaciones-reclaman-una-ley-de-humedales\\\/#respond\"]}]},{\"@type\":\"WebPage\",\"@id\":\"https:\\\/\\\/patagoniambiental.com.ar\\\/info\\\/frente-a-la-crisis-climatica-organizaciones-reclaman-una-ley-de-humedales\\\/\",\"url\":\"https:\\\/\\\/patagoniambiental.com.ar\\\/info\\\/frente-a-la-crisis-climatica-organizaciones-reclaman-una-ley-de-humedales\\\/\",\"name\":\"Frente a la crisis clim\u00e1tica, organizaciones reclaman una ley de humedales\",\"isPartOf\":{\"@id\":\"https:\\\/\\\/patagoniambiental.com.ar\\\/info\\\/#website\"},\"primaryImageOfPage\":{\"@id\":\"https:\\\/\\\/patagoniambiental.com.ar\\\/info\\\/frente-a-la-crisis-climatica-organizaciones-reclaman-una-ley-de-humedales\\\/#primaryimage\"},\"image\":{\"@id\":\"https:\\\/\\\/patagoniambiental.com.ar\\\/info\\\/frente-a-la-crisis-climatica-organizaciones-reclaman-una-ley-de-humedales\\\/#primaryimage\"},\"thumbnailUrl\":\"https:\\\/\\\/patagoniambiental.com.ar\\\/info\\\/wp-content\\\/uploads\\\/2022\\\/01\\\/corte-puente-rosario-victoria-1jpg-696x392-1.jpg\",\"datePublished\":\"2022-01-05T10:00:00+00:00\",\"breadcrumb\":{\"@id\":\"https:\\\/\\\/patagoniambiental.com.ar\\\/info\\\/frente-a-la-crisis-climatica-organizaciones-reclaman-una-ley-de-humedales\\\/#breadcrumb\"},\"inLanguage\":\"es\",\"potentialAction\":[{\"@type\":\"ReadAction\",\"target\":[\"https:\\\/\\\/patagoniambiental.com.ar\\\/info\\\/frente-a-la-crisis-climatica-organizaciones-reclaman-una-ley-de-humedales\\\/\"]}]},{\"@type\":\"ImageObject\",\"inLanguage\":\"es\",\"@id\":\"https:\\\/\\\/patagoniambiental.com.ar\\\/info\\\/frente-a-la-crisis-climatica-organizaciones-reclaman-una-ley-de-humedales\\\/#primaryimage\",\"url\":\"https:\\\/\\\/patagoniambiental.com.ar\\\/info\\\/wp-content\\\/uploads\\\/2022\\\/01\\\/corte-puente-rosario-victoria-1jpg-696x392-1.jpg\",\"contentUrl\":\"https:\\\/\\\/patagoniambiental.com.ar\\\/info\\\/wp-content\\\/uploads\\\/2022\\\/01\\\/corte-puente-rosario-victoria-1jpg-696x392-1.jpg\",\"width\":696,\"height\":392},{\"@type\":\"BreadcrumbList\",\"@id\":\"https:\\\/\\\/patagoniambiental.com.ar\\\/info\\\/frente-a-la-crisis-climatica-organizaciones-reclaman-una-ley-de-humedales\\\/#breadcrumb\",\"itemListElement\":[{\"@type\":\"ListItem\",\"position\":1,\"name\":\"Inicio\",\"item\":\"https:\\\/\\\/patagoniambiental.com.ar\\\/info\\\/\"},{\"@type\":\"ListItem\",\"position\":2,\"name\":\"Frente a la crisis clim\u00e1tica, organizaciones reclaman una ley de humedales\"}]},{\"@type\":\"WebSite\",\"@id\":\"https:\\\/\\\/patagoniambiental.com.ar\\\/info\\\/#website\",\"url\":\"https:\\\/\\\/patagoniambiental.com.ar\\\/info\\\/\",\"name\":\"Patagonia Ambiental\",\"description\":\"Monitoreo y an\u00e1lisis de la situaci\u00f3n geopol\u00edtica en el mundo y su implicancia en la Patagonia\",\"publisher\":{\"@id\":\"https:\\\/\\\/patagoniambiental.com.ar\\\/info\\\/#organization\"},\"potentialAction\":[{\"@type\":\"SearchAction\",\"target\":{\"@type\":\"EntryPoint\",\"urlTemplate\":\"https:\\\/\\\/patagoniambiental.com.ar\\\/info\\\/?s={search_term_string}\"},\"query-input\":{\"@type\":\"PropertyValueSpecification\",\"valueRequired\":true,\"valueName\":\"search_term_string\"}}],\"inLanguage\":\"es\"},{\"@type\":\"Organization\",\"@id\":\"https:\\\/\\\/patagoniambiental.com.ar\\\/info\\\/#organization\",\"name\":\"Patagonia Ambiental\",\"url\":\"https:\\\/\\\/patagoniambiental.com.ar\\\/info\\\/\",\"logo\":{\"@type\":\"ImageObject\",\"inLanguage\":\"es\",\"@id\":\"https:\\\/\\\/patagoniambiental.com.ar\\\/info\\\/#\\\/schema\\\/logo\\\/image\\\/\",\"url\":\"https:\\\/\\\/patagoniambiental.com.ar\\\/info\\\/wp-content\\\/uploads\\\/2025\\\/05\\\/LOGO-PATAGONIA-AMBIENTAL.png\",\"contentUrl\":\"https:\\\/\\\/patagoniambiental.com.ar\\\/info\\\/wp-content\\\/uploads\\\/2025\\\/05\\\/LOGO-PATAGONIA-AMBIENTAL.png\",\"width\":433,\"height\":250,\"caption\":\"Patagonia Ambiental\"},\"image\":{\"@id\":\"https:\\\/\\\/patagoniambiental.com.ar\\\/info\\\/#\\\/schema\\\/logo\\\/image\\\/\"},\"sameAs\":[\"https:\\\/\\\/www.facebook.com\\\/patagonia.ambiental\",\"https:\\\/\\\/x.com\\\/PatAmb\"]},{\"@type\":\"Person\",\"@id\":\"https:\\\/\\\/patagoniambiental.com.ar\\\/info\\\/#\\\/schema\\\/person\\\/e5af09d700b2e82cb10c6b8800e0c691\",\"name\":\"BRAIAN ESTEVEZ\",\"sameAs\":[\"http:\\\/\\\/www.patagoniambiental.com.ar\"]}]}<\/script>\n<!-- \/ Yoast SEO Premium plugin. -->","yoast_head_json":{"title":"Frente a la crisis clim\u00e1tica, organizaciones reclaman una ley de humedales","robots":{"index":"index","follow":"follow","max-snippet":"max-snippet:-1","max-image-preview":"max-image-preview:large","max-video-preview":"max-video-preview:-1"},"canonical":"https:\/\/patagoniambiental.com.ar\/info\/frente-a-la-crisis-climatica-organizaciones-reclaman-una-ley-de-humedales\/","og_locale":"es_ES","og_type":"article","og_title":"Frente a la crisis clim\u00e1tica, organizaciones reclaman una ley de humedales","og_url":"https:\/\/patagoniambiental.com.ar\/info\/frente-a-la-crisis-climatica-organizaciones-reclaman-una-ley-de-humedales\/","og_site_name":"Patagonia Ambiental","article_publisher":"https:\/\/www.facebook.com\/patagonia.ambiental","article_published_time":"2022-01-05T10:00:00+00:00","og_image":[{"width":696,"height":392,"url":"https:\/\/patagoniambiental.com.ar\/info\/wp-content\/uploads\/2022\/01\/corte-puente-rosario-victoria-1jpg-696x392-1.jpg","type":"image\/jpeg"}],"author":"BRAIAN ESTEVEZ","twitter_card":"summary_large_image","twitter_creator":"@PatAmb","twitter_site":"@PatAmb","schema":{"@context":"https:\/\/schema.org","@graph":[{"@type":"Article","@id":"https:\/\/patagoniambiental.com.ar\/info\/frente-a-la-crisis-climatica-organizaciones-reclaman-una-ley-de-humedales\/#article","isPartOf":{"@id":"https:\/\/patagoniambiental.com.ar\/info\/frente-a-la-crisis-climatica-organizaciones-reclaman-una-ley-de-humedales\/"},"author":{"name":"BRAIAN ESTEVEZ","@id":"https:\/\/patagoniambiental.com.ar\/info\/#\/schema\/person\/e5af09d700b2e82cb10c6b8800e0c691"},"headline":"Frente a la crisis clim\u00e1tica, organizaciones reclaman una ley de humedales","datePublished":"2022-01-05T10:00:00+00:00","mainEntityOfPage":{"@id":"https:\/\/patagoniambiental.com.ar\/info\/frente-a-la-crisis-climatica-organizaciones-reclaman-una-ley-de-humedales\/"},"wordCount":700,"commentCount":0,"publisher":{"@id":"https:\/\/patagoniambiental.com.ar\/info\/#organization"},"image":{"@id":"https:\/\/patagoniambiental.com.ar\/info\/frente-a-la-crisis-climatica-organizaciones-reclaman-una-ley-de-humedales\/#primaryimage"},"thumbnailUrl":"https:\/\/patagoniambiental.com.ar\/info\/wp-content\/uploads\/2022\/01\/corte-puente-rosario-victoria-1jpg-696x392-1.jpg","articleSection":["Noticias"],"inLanguage":"es","potentialAction":[{"@type":"CommentAction","name":"Comment","target":["https:\/\/patagoniambiental.com.ar\/info\/frente-a-la-crisis-climatica-organizaciones-reclaman-una-ley-de-humedales\/#respond"]}]},{"@type":"WebPage","@id":"https:\/\/patagoniambiental.com.ar\/info\/frente-a-la-crisis-climatica-organizaciones-reclaman-una-ley-de-humedales\/","url":"https:\/\/patagoniambiental.com.ar\/info\/frente-a-la-crisis-climatica-organizaciones-reclaman-una-ley-de-humedales\/","name":"Frente a la crisis clim\u00e1tica, organizaciones reclaman una ley de humedales","isPartOf":{"@id":"https:\/\/patagoniambiental.com.ar\/info\/#website"},"primaryImageOfPage":{"@id":"https:\/\/patagoniambiental.com.ar\/info\/frente-a-la-crisis-climatica-organizaciones-reclaman-una-ley-de-humedales\/#primaryimage"},"image":{"@id":"https:\/\/patagoniambiental.com.ar\/info\/frente-a-la-crisis-climatica-organizaciones-reclaman-una-ley-de-humedales\/#primaryimage"},"thumbnailUrl":"https:\/\/patagoniambiental.com.ar\/info\/wp-content\/uploads\/2022\/01\/corte-puente-rosario-victoria-1jpg-696x392-1.jpg","datePublished":"2022-01-05T10:00:00+00:00","breadcrumb":{"@id":"https:\/\/patagoniambiental.com.ar\/info\/frente-a-la-crisis-climatica-organizaciones-reclaman-una-ley-de-humedales\/#breadcrumb"},"inLanguage":"es","potentialAction":[{"@type":"ReadAction","target":["https:\/\/patagoniambiental.com.ar\/info\/frente-a-la-crisis-climatica-organizaciones-reclaman-una-ley-de-humedales\/"]}]},{"@type":"ImageObject","inLanguage":"es","@id":"https:\/\/patagoniambiental.com.ar\/info\/frente-a-la-crisis-climatica-organizaciones-reclaman-una-ley-de-humedales\/#primaryimage","url":"https:\/\/patagoniambiental.com.ar\/info\/wp-content\/uploads\/2022\/01\/corte-puente-rosario-victoria-1jpg-696x392-1.jpg","contentUrl":"https:\/\/patagoniambiental.com.ar\/info\/wp-content\/uploads\/2022\/01\/corte-puente-rosario-victoria-1jpg-696x392-1.jpg","width":696,"height":392},{"@type":"BreadcrumbList","@id":"https:\/\/patagoniambiental.com.ar\/info\/frente-a-la-crisis-climatica-organizaciones-reclaman-una-ley-de-humedales\/#breadcrumb","itemListElement":[{"@type":"ListItem","position":1,"name":"Inicio","item":"https:\/\/patagoniambiental.com.ar\/info\/"},{"@type":"ListItem","position":2,"name":"Frente a la crisis clim\u00e1tica, organizaciones reclaman una ley de humedales"}]},{"@type":"WebSite","@id":"https:\/\/patagoniambiental.com.ar\/info\/#website","url":"https:\/\/patagoniambiental.com.ar\/info\/","name":"Patagonia Ambiental","description":"Monitoreo y an\u00e1lisis de la situaci\u00f3n geopol\u00edtica en el mundo y su implicancia en la Patagonia","publisher":{"@id":"https:\/\/patagoniambiental.com.ar\/info\/#organization"},"potentialAction":[{"@type":"SearchAction","target":{"@type":"EntryPoint","urlTemplate":"https:\/\/patagoniambiental.com.ar\/info\/?s={search_term_string}"},"query-input":{"@type":"PropertyValueSpecification","valueRequired":true,"valueName":"search_term_string"}}],"inLanguage":"es"},{"@type":"Organization","@id":"https:\/\/patagoniambiental.com.ar\/info\/#organization","name":"Patagonia Ambiental","url":"https:\/\/patagoniambiental.com.ar\/info\/","logo":{"@type":"ImageObject","inLanguage":"es","@id":"https:\/\/patagoniambiental.com.ar\/info\/#\/schema\/logo\/image\/","url":"https:\/\/patagoniambiental.com.ar\/info\/wp-content\/uploads\/2025\/05\/LOGO-PATAGONIA-AMBIENTAL.png","contentUrl":"https:\/\/patagoniambiental.com.ar\/info\/wp-content\/uploads\/2025\/05\/LOGO-PATAGONIA-AMBIENTAL.png","width":433,"height":250,"caption":"Patagonia Ambiental"},"image":{"@id":"https:\/\/patagoniambiental.com.ar\/info\/#\/schema\/logo\/image\/"},"sameAs":["https:\/\/www.facebook.com\/patagonia.ambiental","https:\/\/x.com\/PatAmb"]},{"@type":"Person","@id":"https:\/\/patagoniambiental.com.ar\/info\/#\/schema\/person\/e5af09d700b2e82cb10c6b8800e0c691","name":"BRAIAN ESTEVEZ","sameAs":["http:\/\/www.patagoniambiental.com.ar"]}]}},"_links":{"self":[{"href":"https:\/\/patagoniambiental.com.ar\/info\/wp-json\/wp\/v2\/posts\/74968","targetHints":{"allow":["GET"]}}],"collection":[{"href":"https:\/\/patagoniambiental.com.ar\/info\/wp-json\/wp\/v2\/posts"}],"about":[{"href":"https:\/\/patagoniambiental.com.ar\/info\/wp-json\/wp\/v2\/types\/post"}],"author":[{"embeddable":true,"href":"https:\/\/patagoniambiental.com.ar\/info\/wp-json\/wp\/v2\/users\/6"}],"replies":[{"embeddable":true,"href":"https:\/\/patagoniambiental.com.ar\/info\/wp-json\/wp\/v2\/comments?post=74968"}],"version-history":[{"count":0,"href":"https:\/\/patagoniambiental.com.ar\/info\/wp-json\/wp\/v2\/posts\/74968\/revisions"}],"wp:featuredmedia":[{"embeddable":true,"href":"https:\/\/patagoniambiental.com.ar\/info\/wp-json\/wp\/v2\/media\/74969"}],"wp:attachment":[{"href":"https:\/\/patagoniambiental.com.ar\/info\/wp-json\/wp\/v2\/media?parent=74968"}],"wp:term":[{"taxonomy":"category","embeddable":true,"href":"https:\/\/patagoniambiental.com.ar\/info\/wp-json\/wp\/v2\/categories?post=74968"},{"taxonomy":"post_tag","embeddable":true,"href":"https:\/\/patagoniambiental.com.ar\/info\/wp-json\/wp\/v2\/tags?post=74968"}],"curies":[{"name":"wp","href":"https:\/\/api.w.org\/{rel}","templated":true}]}}