{"id":74997,"date":"2022-01-17T07:00:00","date_gmt":"2022-01-17T10:00:00","guid":{"rendered":"http:\/\/patagoniambiental.com.ar\/info\/?p=74997"},"modified":"2022-01-08T13:43:34","modified_gmt":"2022-01-08T16:43:34","slug":"jueves-de-geocaminatas-en-caviahue","status":"publish","type":"post","link":"https:\/\/patagoniambiental.com.ar\/info\/jueves-de-geocaminatas-en-caviahue\/","title":{"rendered":"Jueves de Geocaminatas en Caviahue"},"content":{"rendered":"\n<!--more-->\n\n\n\n<p><em>Se trata de una iniciativa comunitaria gratuita para conocer los procesos geol\u00f3gicos que moldearon el paisaje, su&nbsp;&nbsp;valor ambiental y natural. Las Geocaminatas son todos los jueves a las 18 horas hasta el mes de marzo. La actividad cuenta con la participaci\u00f3n activa de gu\u00edas habilitados del destino.<\/em><\/p>\n\n\n\n<figure class=\"wp-block-image\"><img decoding=\"async\" src=\"http:\/\/neuquentur.gob.ar\/lab\/wp-content\/uploads\/2022\/01\/geo-caminatas2414535419210756459..jpg\" alt=\"\" class=\"wp-image-57657\"\/><\/figure>\n\n\n\n<p>Se trata de una invitaci\u00f3n de vecinos, profesionales y gu\u00edas habilitados de Caviahue \u2013 Copahue, para que los turistas y visitantes tengan una primera aproximaci\u00f3n a la sorprendente historia geol\u00f3gica del lugar, fortaleciendo la promoci\u00f3n no s\u00f3lo del geoturismo, sino del destino y todas las prestaciones tur\u00edsticas habilitadas que ofrece Caviahue \u2013 Copahue.<\/p>\n\n\n\n<p>La iniciativa se desprende de un proyecto comunitario denominado \u201cGeoturismo como herramienta para el desarrollo local sustentable\u201d, creado por la Licenciada Ver\u00f3nica Garc\u00eda, habitante de Caviahue y prestadora local de servicios tur\u00edsticos; y del doctor en Geolog\u00eda, Alberto Caselli, conocido en la regi\u00f3n por sus investigaciones vinculadas al Volc\u00e1n Copahue, en todas sus manifestaciones como fen\u00f3meno activo.&nbsp;&nbsp;Ambos profesionales desarrollaron durante el 2021 diversas charlas y conversatorios con la comunidad, a fin de difundir el potencial&nbsp;<em>geol\u00f3gico del destino a trav\u00e9s de la actividad tur\u00edstica.<\/em><\/p>\n\n\n\n<p>En este sentido, cuenta Ver\u00f3nica Garc\u00eda que&nbsp;<em>\u201cel objetivo de las caminatas es que los turistas y visitantes conozcan el valor ambiental y natural que tiene el espacio geogr\u00e1fico. Cu\u00e1les fueron los procesos geol\u00f3gicos que lo formaron e interpretarlos para poder modificar el v\u00ednculo, la relaci\u00f3n y la predisposici\u00f3n hacia el cuidado y la protecci\u00f3n del lugar\u201d<\/em>, y agrega que es&nbsp;<em>\u201cuna iniciativa comunitaria, en la b\u00fasqueda de la conservaci\u00f3n y el cuidado del ambiente, y adem\u00e1s como parte de las acciones que se realizan para posicionar al Geoturismo como uno de los productos del destino\u201d<\/em>&nbsp;.<\/p>\n\n\n\n<p>Adem\u00e1s, explica Ver\u00f3nica Garc\u00eda que la actividad comunitaria cuenta con&nbsp;<em>\u201cla participaci\u00f3n activa de gu\u00edas habilitados, quienes comparten el espacio y la propuesta, promocionando sus actividades, productos y servicios a los turistas que se acercan\u201d.<\/em><\/p>\n\n\n\n<figure class=\"wp-block-image\"><img decoding=\"async\" src=\"http:\/\/neuquentur.gob.ar\/lab\/wp-content\/uploads\/2022\/01\/lago-caviahue-ed-13853916594816117024.jpg\" alt=\"\" class=\"wp-image-57665\"\/><\/figure>\n\n\n\n<p>El destino tur\u00edstico se ubica en lo que fuera \u201c<em>una antigua mega caldera volc\u00e1nica<\/em>\u201d, explica Garc\u00eda, y destaca las caracter\u00edsticas destacadas y \u00fanicas como el&nbsp;<em>\u201cLago Caviahue, \u00fanico en argentina, solamente hay 9 lagos de este tipo en el mundo;&nbsp;&nbsp;la Araucaria Araucana como `dinosaurio vegetal\u00b4, especie tambi\u00e9n en peligro de extinci\u00f3n<\/em>\u201d.<\/p>\n\n\n\n<p>Las \u201cGeocaminatas\u201d son todos los jueves a las 18 horas, desde el final de la costanera (Arroyo Dulce).&nbsp;&nbsp;Son de dificultad baja, con una duraci\u00f3n de dos horas aproximadamente, se recorre un tramo del&nbsp;&nbsp;brazo norte del Lago, se explica el origen, las caracter\u00edsticas y su historia geol\u00f3gica. Se realiza un recorrido geol\u00f3gico de los procesos naturales que llevaron a la formaci\u00f3n del paisaje actual.<\/p>\n\n\n\n<p>Cabe mencionar que el proyecto comunitario sobre Geoturismo presentado en diciembre de 2020 por la Licenciada Ver\u00f3nica Garc\u00eda y el doctor en Geolog\u00eda, Alberto Caselli, fue aprobado por el Concejo municipal por unanimidad en marzo de 2021, brindando una herramienta fundamental para articular diferentes acciones de sensibilizaci\u00f3n con la participaci\u00f3n activa de la comunidad.<\/p>\n\n\n\n<p>Fuente: http:\/\/neuquentur.gob.ar\/es\/noticias-turisticas\/57669\/jueves-de-geocaminatas-en-caviahue\/<\/p>\n\n\n\n<p><\/p>\n","protected":false},"excerpt":{"rendered":"","protected":false},"author":6,"featured_media":74998,"comment_status":"open","ping_status":"open","sticky":false,"template":"","format":"standard","meta":{"site-sidebar-layout":"default","site-content-layout":"","ast-site-content-layout":"default","site-content-style":"default","site-sidebar-style":"default","ast-global-header-display":"","ast-banner-title-visibility":"","ast-main-header-display":"","ast-hfb-above-header-display":"","ast-hfb-below-header-display":"","ast-hfb-mobile-header-display":"","site-post-title":"","ast-breadcrumbs-content":"","ast-featured-img":"","footer-sml-layout":"","ast-disable-related-posts":"","theme-transparent-header-meta":"","adv-header-id-meta":"","stick-header-meta":"","header-above-stick-meta":"","header-main-stick-meta":"","header-below-stick-meta":"","astra-migrate-meta-layouts":"default","ast-page-background-enabled":"default","ast-page-background-meta":{"desktop":{"background-color":"var(--ast-global-color-5)","background-image":"","background-repeat":"repeat","background-position":"center center","background-size":"auto","background-attachment":"scroll","background-type":"","background-media":"","overlay-type":"","overlay-color":"","overlay-opacity":"","overlay-gradient":""},"tablet":{"background-color":"","background-image":"","background-repeat":"repeat","background-position":"center center","background-size":"auto","background-attachment":"scroll","background-type":"","background-media":"","overlay-type":"","overlay-color":"","overlay-opacity":"","overlay-gradient":""},"mobile":{"background-color":"","background-image":"","background-repeat":"repeat","background-position":"center center","background-size":"auto","background-attachment":"scroll","background-type":"","background-media":"","overlay-type":"","overlay-color":"","overlay-opacity":"","overlay-gradient":""}},"ast-content-background-meta":{"desktop":{"background-color":"var(--ast-global-color-4)","background-image":"","background-repeat":"repeat","background-position":"center center","background-size":"auto","background-attachment":"scroll","background-type":"","background-media":"","overlay-type":"","overlay-color":"","overlay-opacity":"","overlay-gradient":""},"tablet":{"background-color":"var(--ast-global-color-4)","background-image":"","background-repeat":"repeat","background-position":"center center","background-size":"auto","background-attachment":"scroll","background-type":"","background-media":"","overlay-type":"","overlay-color":"","overlay-opacity":"","overlay-gradient":""},"mobile":{"background-color":"var(--ast-global-color-4)","background-image":"","background-repeat":"repeat","background-position":"center center","background-size":"auto","background-attachment":"scroll","background-type":"","background-media":"","overlay-type":"","overlay-color":"","overlay-opacity":"","overlay-gradient":""}},"footnotes":""},"categories":[11,18,1,13,10],"tags":[],"class_list":["post-74997","post","type-post","status-publish","format-standard","has-post-thumbnail","hentry","category-boletin","category-neuquen","category-noticias","category-provinciales","category-rotador"],"yoast_head":"<!-- This site is optimized with the Yoast SEO Premium plugin v23.0 (Yoast SEO v27.5) - https:\/\/yoast.com\/product\/yoast-seo-premium-wordpress\/ -->\n<title>Jueves de Geocaminatas en Caviahue<\/title>\n<meta name=\"robots\" content=\"index, follow, max-snippet:-1, max-image-preview:large, max-video-preview:-1\" \/>\n<link rel=\"canonical\" href=\"https:\/\/patagoniambiental.com.ar\/info\/jueves-de-geocaminatas-en-caviahue\/\" \/>\n<meta property=\"og:locale\" content=\"es_ES\" \/>\n<meta property=\"og:type\" content=\"article\" \/>\n<meta property=\"og:title\" content=\"Jueves de Geocaminatas en Caviahue\" \/>\n<meta property=\"og:url\" content=\"https:\/\/patagoniambiental.com.ar\/info\/jueves-de-geocaminatas-en-caviahue\/\" \/>\n<meta property=\"og:site_name\" content=\"Patagonia Ambiental\" \/>\n<meta property=\"article:publisher\" content=\"https:\/\/www.facebook.com\/patagonia.ambiental\" \/>\n<meta property=\"article:published_time\" content=\"2022-01-17T10:00:00+00:00\" \/>\n<meta property=\"og:image\" content=\"https:\/\/patagoniambiental.com.ar\/info\/wp-content\/uploads\/2022\/01\/geo-caminatas2414535419210756459..jpg\" \/>\n\t<meta property=\"og:image:width\" content=\"1280\" \/>\n\t<meta property=\"og:image:height\" content=\"720\" \/>\n\t<meta property=\"og:image:type\" content=\"image\/jpeg\" \/>\n<meta name=\"author\" content=\"BRAIAN ESTEVEZ\" \/>\n<meta name=\"twitter:card\" content=\"summary_large_image\" \/>\n<meta name=\"twitter:creator\" content=\"@PatAmb\" \/>\n<meta name=\"twitter:site\" content=\"@PatAmb\" \/>\n<script type=\"application\/ld+json\" class=\"yoast-schema-graph\">{\"@context\":\"https:\\\/\\\/schema.org\",\"@graph\":[{\"@type\":\"Article\",\"@id\":\"https:\\\/\\\/patagoniambiental.com.ar\\\/info\\\/jueves-de-geocaminatas-en-caviahue\\\/#article\",\"isPartOf\":{\"@id\":\"https:\\\/\\\/patagoniambiental.com.ar\\\/info\\\/jueves-de-geocaminatas-en-caviahue\\\/\"},\"author\":{\"name\":\"BRAIAN ESTEVEZ\",\"@id\":\"https:\\\/\\\/patagoniambiental.com.ar\\\/info\\\/#\\\/schema\\\/person\\\/e5af09d700b2e82cb10c6b8800e0c691\"},\"headline\":\"Jueves de Geocaminatas en Caviahue\",\"datePublished\":\"2022-01-17T10:00:00+00:00\",\"mainEntityOfPage\":{\"@id\":\"https:\\\/\\\/patagoniambiental.com.ar\\\/info\\\/jueves-de-geocaminatas-en-caviahue\\\/\"},\"wordCount\":562,\"commentCount\":0,\"publisher\":{\"@id\":\"https:\\\/\\\/patagoniambiental.com.ar\\\/info\\\/#organization\"},\"image\":{\"@id\":\"https:\\\/\\\/patagoniambiental.com.ar\\\/info\\\/jueves-de-geocaminatas-en-caviahue\\\/#primaryimage\"},\"thumbnailUrl\":\"https:\\\/\\\/patagoniambiental.com.ar\\\/info\\\/wp-content\\\/uploads\\\/2022\\\/01\\\/geo-caminatas2414535419210756459..jpg\",\"articleSection\":[\"Bolet\u00edn\",\"Neuqu\u00e9n\",\"Noticias\",\"Provinciales\",\"Rotador\"],\"inLanguage\":\"es\",\"potentialAction\":[{\"@type\":\"CommentAction\",\"name\":\"Comment\",\"target\":[\"https:\\\/\\\/patagoniambiental.com.ar\\\/info\\\/jueves-de-geocaminatas-en-caviahue\\\/#respond\"]}]},{\"@type\":\"WebPage\",\"@id\":\"https:\\\/\\\/patagoniambiental.com.ar\\\/info\\\/jueves-de-geocaminatas-en-caviahue\\\/\",\"url\":\"https:\\\/\\\/patagoniambiental.com.ar\\\/info\\\/jueves-de-geocaminatas-en-caviahue\\\/\",\"name\":\"Jueves de Geocaminatas en Caviahue\",\"isPartOf\":{\"@id\":\"https:\\\/\\\/patagoniambiental.com.ar\\\/info\\\/#website\"},\"primaryImageOfPage\":{\"@id\":\"https:\\\/\\\/patagoniambiental.com.ar\\\/info\\\/jueves-de-geocaminatas-en-caviahue\\\/#primaryimage\"},\"image\":{\"@id\":\"https:\\\/\\\/patagoniambiental.com.ar\\\/info\\\/jueves-de-geocaminatas-en-caviahue\\\/#primaryimage\"},\"thumbnailUrl\":\"https:\\\/\\\/patagoniambiental.com.ar\\\/info\\\/wp-content\\\/uploads\\\/2022\\\/01\\\/geo-caminatas2414535419210756459..jpg\",\"datePublished\":\"2022-01-17T10:00:00+00:00\",\"breadcrumb\":{\"@id\":\"https:\\\/\\\/patagoniambiental.com.ar\\\/info\\\/jueves-de-geocaminatas-en-caviahue\\\/#breadcrumb\"},\"inLanguage\":\"es\",\"potentialAction\":[{\"@type\":\"ReadAction\",\"target\":[\"https:\\\/\\\/patagoniambiental.com.ar\\\/info\\\/jueves-de-geocaminatas-en-caviahue\\\/\"]}]},{\"@type\":\"ImageObject\",\"inLanguage\":\"es\",\"@id\":\"https:\\\/\\\/patagoniambiental.com.ar\\\/info\\\/jueves-de-geocaminatas-en-caviahue\\\/#primaryimage\",\"url\":\"https:\\\/\\\/patagoniambiental.com.ar\\\/info\\\/wp-content\\\/uploads\\\/2022\\\/01\\\/geo-caminatas2414535419210756459..jpg\",\"contentUrl\":\"https:\\\/\\\/patagoniambiental.com.ar\\\/info\\\/wp-content\\\/uploads\\\/2022\\\/01\\\/geo-caminatas2414535419210756459..jpg\",\"width\":1067,\"height\":600},{\"@type\":\"BreadcrumbList\",\"@id\":\"https:\\\/\\\/patagoniambiental.com.ar\\\/info\\\/jueves-de-geocaminatas-en-caviahue\\\/#breadcrumb\",\"itemListElement\":[{\"@type\":\"ListItem\",\"position\":1,\"name\":\"Inicio\",\"item\":\"https:\\\/\\\/patagoniambiental.com.ar\\\/info\\\/\"},{\"@type\":\"ListItem\",\"position\":2,\"name\":\"Jueves de Geocaminatas en Caviahue\"}]},{\"@type\":\"WebSite\",\"@id\":\"https:\\\/\\\/patagoniambiental.com.ar\\\/info\\\/#website\",\"url\":\"https:\\\/\\\/patagoniambiental.com.ar\\\/info\\\/\",\"name\":\"Patagonia Ambiental\",\"description\":\"Monitoreo y an\u00e1lisis de la situaci\u00f3n geopol\u00edtica en el mundo y su implicancia en la Patagonia\",\"publisher\":{\"@id\":\"https:\\\/\\\/patagoniambiental.com.ar\\\/info\\\/#organization\"},\"potentialAction\":[{\"@type\":\"SearchAction\",\"target\":{\"@type\":\"EntryPoint\",\"urlTemplate\":\"https:\\\/\\\/patagoniambiental.com.ar\\\/info\\\/?s={search_term_string}\"},\"query-input\":{\"@type\":\"PropertyValueSpecification\",\"valueRequired\":true,\"valueName\":\"search_term_string\"}}],\"inLanguage\":\"es\"},{\"@type\":\"Organization\",\"@id\":\"https:\\\/\\\/patagoniambiental.com.ar\\\/info\\\/#organization\",\"name\":\"Patagonia Ambiental\",\"url\":\"https:\\\/\\\/patagoniambiental.com.ar\\\/info\\\/\",\"logo\":{\"@type\":\"ImageObject\",\"inLanguage\":\"es\",\"@id\":\"https:\\\/\\\/patagoniambiental.com.ar\\\/info\\\/#\\\/schema\\\/logo\\\/image\\\/\",\"url\":\"https:\\\/\\\/patagoniambiental.com.ar\\\/info\\\/wp-content\\\/uploads\\\/2025\\\/05\\\/LOGO-PATAGONIA-AMBIENTAL.png\",\"contentUrl\":\"https:\\\/\\\/patagoniambiental.com.ar\\\/info\\\/wp-content\\\/uploads\\\/2025\\\/05\\\/LOGO-PATAGONIA-AMBIENTAL.png\",\"width\":433,\"height\":250,\"caption\":\"Patagonia Ambiental\"},\"image\":{\"@id\":\"https:\\\/\\\/patagoniambiental.com.ar\\\/info\\\/#\\\/schema\\\/logo\\\/image\\\/\"},\"sameAs\":[\"https:\\\/\\\/www.facebook.com\\\/patagonia.ambiental\",\"https:\\\/\\\/x.com\\\/PatAmb\"]},{\"@type\":\"Person\",\"@id\":\"https:\\\/\\\/patagoniambiental.com.ar\\\/info\\\/#\\\/schema\\\/person\\\/e5af09d700b2e82cb10c6b8800e0c691\",\"name\":\"BRAIAN ESTEVEZ\",\"sameAs\":[\"http:\\\/\\\/www.patagoniambiental.com.ar\"]}]}<\/script>\n<!-- \/ Yoast SEO Premium plugin. -->","yoast_head_json":{"title":"Jueves de Geocaminatas en Caviahue","robots":{"index":"index","follow":"follow","max-snippet":"max-snippet:-1","max-image-preview":"max-image-preview:large","max-video-preview":"max-video-preview:-1"},"canonical":"https:\/\/patagoniambiental.com.ar\/info\/jueves-de-geocaminatas-en-caviahue\/","og_locale":"es_ES","og_type":"article","og_title":"Jueves de Geocaminatas en Caviahue","og_url":"https:\/\/patagoniambiental.com.ar\/info\/jueves-de-geocaminatas-en-caviahue\/","og_site_name":"Patagonia Ambiental","article_publisher":"https:\/\/www.facebook.com\/patagonia.ambiental","article_published_time":"2022-01-17T10:00:00+00:00","og_image":[{"width":1280,"height":720,"url":"https:\/\/patagoniambiental.com.ar\/info\/wp-content\/uploads\/2022\/01\/geo-caminatas2414535419210756459..jpg","type":"image\/jpeg"}],"author":"BRAIAN ESTEVEZ","twitter_card":"summary_large_image","twitter_creator":"@PatAmb","twitter_site":"@PatAmb","schema":{"@context":"https:\/\/schema.org","@graph":[{"@type":"Article","@id":"https:\/\/patagoniambiental.com.ar\/info\/jueves-de-geocaminatas-en-caviahue\/#article","isPartOf":{"@id":"https:\/\/patagoniambiental.com.ar\/info\/jueves-de-geocaminatas-en-caviahue\/"},"author":{"name":"BRAIAN ESTEVEZ","@id":"https:\/\/patagoniambiental.com.ar\/info\/#\/schema\/person\/e5af09d700b2e82cb10c6b8800e0c691"},"headline":"Jueves de Geocaminatas en Caviahue","datePublished":"2022-01-17T10:00:00+00:00","mainEntityOfPage":{"@id":"https:\/\/patagoniambiental.com.ar\/info\/jueves-de-geocaminatas-en-caviahue\/"},"wordCount":562,"commentCount":0,"publisher":{"@id":"https:\/\/patagoniambiental.com.ar\/info\/#organization"},"image":{"@id":"https:\/\/patagoniambiental.com.ar\/info\/jueves-de-geocaminatas-en-caviahue\/#primaryimage"},"thumbnailUrl":"https:\/\/patagoniambiental.com.ar\/info\/wp-content\/uploads\/2022\/01\/geo-caminatas2414535419210756459..jpg","articleSection":["Bolet\u00edn","Neuqu\u00e9n","Noticias","Provinciales","Rotador"],"inLanguage":"es","potentialAction":[{"@type":"CommentAction","name":"Comment","target":["https:\/\/patagoniambiental.com.ar\/info\/jueves-de-geocaminatas-en-caviahue\/#respond"]}]},{"@type":"WebPage","@id":"https:\/\/patagoniambiental.com.ar\/info\/jueves-de-geocaminatas-en-caviahue\/","url":"https:\/\/patagoniambiental.com.ar\/info\/jueves-de-geocaminatas-en-caviahue\/","name":"Jueves de Geocaminatas en Caviahue","isPartOf":{"@id":"https:\/\/patagoniambiental.com.ar\/info\/#website"},"primaryImageOfPage":{"@id":"https:\/\/patagoniambiental.com.ar\/info\/jueves-de-geocaminatas-en-caviahue\/#primaryimage"},"image":{"@id":"https:\/\/patagoniambiental.com.ar\/info\/jueves-de-geocaminatas-en-caviahue\/#primaryimage"},"thumbnailUrl":"https:\/\/patagoniambiental.com.ar\/info\/wp-content\/uploads\/2022\/01\/geo-caminatas2414535419210756459..jpg","datePublished":"2022-01-17T10:00:00+00:00","breadcrumb":{"@id":"https:\/\/patagoniambiental.com.ar\/info\/jueves-de-geocaminatas-en-caviahue\/#breadcrumb"},"inLanguage":"es","potentialAction":[{"@type":"ReadAction","target":["https:\/\/patagoniambiental.com.ar\/info\/jueves-de-geocaminatas-en-caviahue\/"]}]},{"@type":"ImageObject","inLanguage":"es","@id":"https:\/\/patagoniambiental.com.ar\/info\/jueves-de-geocaminatas-en-caviahue\/#primaryimage","url":"https:\/\/patagoniambiental.com.ar\/info\/wp-content\/uploads\/2022\/01\/geo-caminatas2414535419210756459..jpg","contentUrl":"https:\/\/patagoniambiental.com.ar\/info\/wp-content\/uploads\/2022\/01\/geo-caminatas2414535419210756459..jpg","width":1067,"height":600},{"@type":"BreadcrumbList","@id":"https:\/\/patagoniambiental.com.ar\/info\/jueves-de-geocaminatas-en-caviahue\/#breadcrumb","itemListElement":[{"@type":"ListItem","position":1,"name":"Inicio","item":"https:\/\/patagoniambiental.com.ar\/info\/"},{"@type":"ListItem","position":2,"name":"Jueves de Geocaminatas en Caviahue"}]},{"@type":"WebSite","@id":"https:\/\/patagoniambiental.com.ar\/info\/#website","url":"https:\/\/patagoniambiental.com.ar\/info\/","name":"Patagonia Ambiental","description":"Monitoreo y an\u00e1lisis de la situaci\u00f3n geopol\u00edtica en el mundo y su implicancia en la Patagonia","publisher":{"@id":"https:\/\/patagoniambiental.com.ar\/info\/#organization"},"potentialAction":[{"@type":"SearchAction","target":{"@type":"EntryPoint","urlTemplate":"https:\/\/patagoniambiental.com.ar\/info\/?s={search_term_string}"},"query-input":{"@type":"PropertyValueSpecification","valueRequired":true,"valueName":"search_term_string"}}],"inLanguage":"es"},{"@type":"Organization","@id":"https:\/\/patagoniambiental.com.ar\/info\/#organization","name":"Patagonia Ambiental","url":"https:\/\/patagoniambiental.com.ar\/info\/","logo":{"@type":"ImageObject","inLanguage":"es","@id":"https:\/\/patagoniambiental.com.ar\/info\/#\/schema\/logo\/image\/","url":"https:\/\/patagoniambiental.com.ar\/info\/wp-content\/uploads\/2025\/05\/LOGO-PATAGONIA-AMBIENTAL.png","contentUrl":"https:\/\/patagoniambiental.com.ar\/info\/wp-content\/uploads\/2025\/05\/LOGO-PATAGONIA-AMBIENTAL.png","width":433,"height":250,"caption":"Patagonia Ambiental"},"image":{"@id":"https:\/\/patagoniambiental.com.ar\/info\/#\/schema\/logo\/image\/"},"sameAs":["https:\/\/www.facebook.com\/patagonia.ambiental","https:\/\/x.com\/PatAmb"]},{"@type":"Person","@id":"https:\/\/patagoniambiental.com.ar\/info\/#\/schema\/person\/e5af09d700b2e82cb10c6b8800e0c691","name":"BRAIAN ESTEVEZ","sameAs":["http:\/\/www.patagoniambiental.com.ar"]}]}},"_links":{"self":[{"href":"https:\/\/patagoniambiental.com.ar\/info\/wp-json\/wp\/v2\/posts\/74997","targetHints":{"allow":["GET"]}}],"collection":[{"href":"https:\/\/patagoniambiental.com.ar\/info\/wp-json\/wp\/v2\/posts"}],"about":[{"href":"https:\/\/patagoniambiental.com.ar\/info\/wp-json\/wp\/v2\/types\/post"}],"author":[{"embeddable":true,"href":"https:\/\/patagoniambiental.com.ar\/info\/wp-json\/wp\/v2\/users\/6"}],"replies":[{"embeddable":true,"href":"https:\/\/patagoniambiental.com.ar\/info\/wp-json\/wp\/v2\/comments?post=74997"}],"version-history":[{"count":0,"href":"https:\/\/patagoniambiental.com.ar\/info\/wp-json\/wp\/v2\/posts\/74997\/revisions"}],"wp:featuredmedia":[{"embeddable":true,"href":"https:\/\/patagoniambiental.com.ar\/info\/wp-json\/wp\/v2\/media\/74998"}],"wp:attachment":[{"href":"https:\/\/patagoniambiental.com.ar\/info\/wp-json\/wp\/v2\/media?parent=74997"}],"wp:term":[{"taxonomy":"category","embeddable":true,"href":"https:\/\/patagoniambiental.com.ar\/info\/wp-json\/wp\/v2\/categories?post=74997"},{"taxonomy":"post_tag","embeddable":true,"href":"https:\/\/patagoniambiental.com.ar\/info\/wp-json\/wp\/v2\/tags?post=74997"}],"curies":[{"name":"wp","href":"https:\/\/api.w.org\/{rel}","templated":true}]}}