{"id":75012,"date":"2022-01-07T19:00:00","date_gmt":"2022-01-07T22:00:00","guid":{"rendered":"http:\/\/patagoniambiental.com.ar\/info\/?p=75012"},"modified":"2022-01-08T14:07:05","modified_gmt":"2022-01-08T17:07:05","slug":"dia-historico-para-cipolletti-y-oro-se-inauguro-el-plan-director-que-tratara-el-100-de-los-liquidos-cloacales","status":"publish","type":"post","link":"https:\/\/patagoniambiental.com.ar\/info\/dia-historico-para-cipolletti-y-oro-se-inauguro-el-plan-director-que-tratara-el-100-de-los-liquidos-cloacales\/","title":{"rendered":"D\u00eda hist\u00f3rico para Cipolletti y Oro: se inaugur\u00f3 el Plan Director que tratar\u00e1 el 100% de los l\u00edquidos cloacales"},"content":{"rendered":"\n<!--more-->\n\n\n\n<h4 class=\"wp-block-heading\">Cipolletti y Fern\u00e1ndez Oro ya cuentan con su nuevo Plan Director de Desag\u00fces Cloacales que se construy\u00f3 partiendo de una clara premisa del Gobierno de R\u00edo Negro: \u201cSanear y cuidar las fuentes de agua, as\u00ed como el medio ambiente\u201d, tal como destac\u00f3 la Gobernadora, Arabela Carreras, quien presidi\u00f3 la inauguraci\u00f3n junto a los intendentes Claudio Di Tella y Mariano Lavin.<\/h4>\n\n\n\n<h6 class=\"wp-block-heading\">Fecha:&nbsp;<strong>7 de enero de 2022<\/strong><\/h6>\n\n\n\n<figure class=\"wp-block-image\"><img decoding=\"async\" src=\"https:\/\/prensa.rionegro.gov.ar\/_next\/image?url=https%3A%2F%2Fsilvercoder.rionegro.gov.ar%2Ffiles%2F1641574485_355bab67eefab8be4867.jpg&amp;w=3840&amp;q=75\" alt=\"\"\/><\/figure>\n\n\n\n<p>La inauguraci\u00f3n se realiz\u00f3 hoy en Cipolletti.Cr\u00e9dito:&nbsp;Jorge Badillo \/ Gobierno de R\u00edo Negro<\/p>\n\n\n\n<p>La obra permitir\u00e1 tratar el 100% de los l\u00edquidos cloacales, beneficiando a m\u00e1s de 128 mil vecinos y vecinas. Para ello la Provincia realiz\u00f3 una inversi\u00f3n de $554.541.782 y la empresa constructora fue Ecosur Bah\u00eda SA.<\/p>\n\n\n\n<p>\u201cEsta obra que surge a partir de la decisi\u00f3n de Alberto Weretilneck, es parte de una visi\u00f3n mucho m\u00e1s abarcadora del Gobierno Provincial para con las plantas depuradoras, que parte del objetivo de cuidar y sanear las fuentes de agua\u201d, sostuvo Carreras.https:\/\/platform.twitter.com\/embed\/Tweet.html?dnt=false&amp;embedId=twitter-widget-0&amp;features=eyJ0ZndfZXhwZXJpbWVudHNfY29va2llX2V4cGlyYXRpb24iOnsiYnVja2V0IjoxMjA5NjAwLCJ2ZXJzaW9uIjpudWxsfSwidGZ3X2hvcml6b25fdHdlZXRfZW1iZWRfOTU1NSI6eyJidWNrZXQiOiJodGUiLCJ2ZXJzaW9uIjpudWxsfSwidGZ3X3NwYWNlX2NhcmQiOnsiYnVja2V0Ijoib2ZmIiwidmVyc2lvbiI6bnVsbH19&amp;frame=false&amp;hideCard=false&amp;hideThread=false&amp;id=1479495127336898560&amp;lang=es&amp;origin=https%3A%2F%2Fprensa.rionegro.gov.ar%2Farticulo%2F40261%2Fdia-historico-para-cipolletti-y-oro-se-inauguro-el-plan-director-que-tratara-el-100-de-los-liquidos-cloacales%3Fn%3DOTE&amp;sessionId=74f897c3b5ce7f3916cf10c8529ee53199ec858d&amp;theme=light&amp;widgetsVersion=9fd78d5%3A1638479056965&amp;width=550px<\/p>\n\n\n\n<p>\u201cEl contexto del cambio clim\u00e1tico puso en evidencia el problema que tiene el mundo en relaci\u00f3n al agua, por eso por un lado estamos con planes de saneamiento y por el otro con planes de cuidado y aprovechamiento para la producci\u00f3n, adem\u00e1s de la importancia de ofrecer calidad en el agua para su uso cotidiano\u201d, complet\u00f3 la Gobernadora, que estuvo acompa\u00f1ada por el vicegobernador, Alejandro Palmieri; los ministros de Obras y Servicios P\u00fablicos, Carlos Valeri y de Producci\u00f3n y Agroindustria, Carlos Banacloy; la secretaria de Energ\u00eda, Andrea Confini, dem\u00e1s autoridades provinciales y municipales e integrantes de la escuela de canotaje de Cipolletti.<\/p>\n\n\n\n<p>Para el superintendente del DPA, Fernando Curetti, \u201ces una obra que entre otras cosas significa dejar de volcar los l\u00edquidos crudos al r\u00edo y el cuidado tan importante del medio ambiente y los recursos h\u00eddricos\u201d.<\/p>\n\n\n\n<p>\u201cEs un d\u00eda hist\u00f3rico para los cipole\u00f1os y cuando decimos que tenemos una pol\u00edtica de crecimiento y de desarrollo de la ciudad nos referimos a esto; hoy podremos volver a disfrutar de la Isla Jord\u00e1n y recuperar las costas del r\u00edo Negro y Neuqu\u00e9n\u201d, destac\u00f3 por su parte Di Tella.<\/p>\n\n\n\n<p>Para Lavin tambi\u00e9n es un d\u00eda para celebrar: \u201cUna gran manera de empezar el 2022. Significa que m\u00e1s de 20 mil habitantes de Fern\u00e1ndez Oro van a poder tener el saneamiento completo de sus l\u00edquidos cloacales; se podr\u00e1n eliminar dos piletas a cielo abierto; no va a haber m\u00e1s un retorno de l\u00edquidos por un pluvial que recorre muchos de los barrios y adem\u00e1s, nos permitir\u00e1 volver a disfrutar del r\u00edo\u201d.<\/p>\n\n\n\n<h4 class=\"wp-block-heading\">La nueva planta<\/h4>\n\n\n\n<figure class=\"wp-block-image\"><img decoding=\"async\" src=\"https:\/\/silvercoder.rionegro.gov.ar\/files\/1641574461_1b6700e1b0bc496e2318.jpg\" alt=\"\"\/><\/figure>\n\n\n\n<p>La planta se conforma de tres trenes en paralelo, consistente cada uno de ellos de una laguna anaer\u00f3bica en serie con una laguna de mezcla completa y finalmente una facultativa de afinamiento.<\/p>\n\n\n\n<p>Entre otras tareas, se reacondicion\u00f3 el sistema de recuperaci\u00f3n de gases y sala de quemado y se construy\u00f3 una nueva sala de medici\u00f3n de energ\u00eda el\u00e9ctrica, tableros de distribuci\u00f3n a cada l\u00ednea y sistema de iluminaci\u00f3n del predio; y una planta de tratamiento modular para la descarga de los camiones atmosf\u00e9ricos.<\/p>\n\n\n\n<figure class=\"wp-block-embed is-type-rich is-provider-gestor-del-servicio wp-block-embed-gestor-del-servicio wp-embed-aspect-16-9 wp-has-aspect-ratio\"><div class=\"wp-block-embed__wrapper\">\n<iframe title=\"Se inaugur\u00f3 en Cipolletti y Oro el Plan Director que tratar\u00e1 el 100% de los l\u00edquidos cloacales\" width=\"500\" height=\"281\" src=\"https:\/\/www.youtube.com\/embed\/A50hKCGuTYM?feature=oembed\" frameborder=\"0\" allow=\"accelerometer; autoplay; clipboard-write; encrypted-media; gyroscope; picture-in-picture; web-share\" referrerpolicy=\"strict-origin-when-cross-origin\" allowfullscreen><\/iframe>\n<\/div><\/figure>\n\n\n\n<p>Adem\u00e1s, se acondicion\u00f3 la estaci\u00f3n elevadora de Fern\u00e1ndez Oro, con provisi\u00f3n de equipos de bombeo nuevos con sus correspondientes tableros y se ejecut\u00f3 la ca\u00f1er\u00eda de impulsi\u00f3n para transportar los efluentes desde Fern\u00e1ndez Oro hasta la planta depuradora de Cipolletti, dejando fuera de servicio las antiguas lagunas.<\/p>\n\n\n\n<p>En la Estaci\u00f3n Elevadora 4, se reconstruyeron las subidas a la c\u00e1mara de carga de las ca\u00f1er\u00edas provenientes de las estaciones elevadoras y se provey\u00f3 materiales a Aguas Rionegrinas para reacondicionar ca\u00f1er\u00edas y eliminar vuelcos directos al r\u00edo Negro.<\/p>\n\n\n\n<p>Durante el acto, la Provincia entreg\u00f3 certificados a los trabajadores de Aguas Rionegrinas por su desempe\u00f1o y labor.<\/p>\n\n\n\n<p>Tambi\u00e9n otorg\u00f3 dos botes canoas a la escuela de canotaje de la ciudad.<\/p>\n\n\n\n<figure class=\"wp-block-image\"><img decoding=\"async\" src=\"https:\/\/silvercoder.rionegro.gov.ar\/files\/1641574723_c57c65c7d2e8bbe9834b.jpg\" alt=\"\"\/><figcaption>Fuente: Gobierno de Rio Negro<\/figcaption><\/figure>\n","protected":false},"excerpt":{"rendered":"","protected":false},"author":6,"featured_media":75014,"comment_status":"open","ping_status":"open","sticky":false,"template":"","format":"standard","meta":{"site-sidebar-layout":"default","site-content-layout":"","ast-site-content-layout":"default","site-content-style":"default","site-sidebar-style":"default","ast-global-header-display":"","ast-banner-title-visibility":"","ast-main-header-display":"","ast-hfb-above-header-display":"","ast-hfb-below-header-display":"","ast-hfb-mobile-header-display":"","site-post-title":"","ast-breadcrumbs-content":"","ast-featured-img":"","footer-sml-layout":"","ast-disable-related-posts":"","theme-transparent-header-meta":"","adv-header-id-meta":"","stick-header-meta":"","header-above-stick-meta":"","header-main-stick-meta":"","header-below-stick-meta":"","astra-migrate-meta-layouts":"default","ast-page-background-enabled":"default","ast-page-background-meta":{"desktop":{"background-color":"var(--ast-global-color-5)","background-image":"","background-repeat":"repeat","background-position":"center center","background-size":"auto","background-attachment":"scroll","background-type":"","background-media":"","overlay-type":"","overlay-color":"","overlay-opacity":"","overlay-gradient":""},"tablet":{"background-color":"","background-image":"","background-repeat":"repeat","background-position":"center center","background-size":"auto","background-attachment":"scroll","background-type":"","background-media":"","overlay-type":"","overlay-color":"","overlay-opacity":"","overlay-gradient":""},"mobile":{"background-color":"","background-image":"","background-repeat":"repeat","background-position":"center center","background-size":"auto","background-attachment":"scroll","background-type":"","background-media":"","overlay-type":"","overlay-color":"","overlay-opacity":"","overlay-gradient":""}},"ast-content-background-meta":{"desktop":{"background-color":"var(--ast-global-color-4)","background-image":"","background-repeat":"repeat","background-position":"center center","background-size":"auto","background-attachment":"scroll","background-type":"","background-media":"","overlay-type":"","overlay-color":"","overlay-opacity":"","overlay-gradient":""},"tablet":{"background-color":"var(--ast-global-color-4)","background-image":"","background-repeat":"repeat","background-position":"center center","background-size":"auto","background-attachment":"scroll","background-type":"","background-media":"","overlay-type":"","overlay-color":"","overlay-opacity":"","overlay-gradient":""},"mobile":{"background-color":"var(--ast-global-color-4)","background-image":"","background-repeat":"repeat","background-position":"center center","background-size":"auto","background-attachment":"scroll","background-type":"","background-media":"","overlay-type":"","overlay-color":"","overlay-opacity":"","overlay-gradient":""}},"footnotes":""},"categories":[1,13,14],"tags":[],"class_list":["post-75012","post","type-post","status-publish","format-standard","has-post-thumbnail","hentry","category-noticias","category-provinciales","category-rio-negro"],"yoast_head":"<!-- This site is optimized with the Yoast SEO Premium plugin v23.0 (Yoast SEO v27.5) - https:\/\/yoast.com\/product\/yoast-seo-premium-wordpress\/ -->\n<title>D\u00eda hist\u00f3rico para Cipolletti y Oro: se inaugur\u00f3 el Plan Director que tratar\u00e1 el 100% de los l\u00edquidos cloacales<\/title>\n<meta name=\"robots\" content=\"index, follow, max-snippet:-1, max-image-preview:large, max-video-preview:-1\" \/>\n<link rel=\"canonical\" href=\"https:\/\/patagoniambiental.com.ar\/info\/dia-historico-para-cipolletti-y-oro-se-inauguro-el-plan-director-que-tratara-el-100-de-los-liquidos-cloacales\/\" \/>\n<meta property=\"og:locale\" content=\"es_ES\" \/>\n<meta property=\"og:type\" content=\"article\" \/>\n<meta property=\"og:title\" content=\"D\u00eda hist\u00f3rico para Cipolletti y Oro: se inaugur\u00f3 el Plan Director que tratar\u00e1 el 100% de los l\u00edquidos cloacales\" \/>\n<meta property=\"og:url\" content=\"https:\/\/patagoniambiental.com.ar\/info\/dia-historico-para-cipolletti-y-oro-se-inauguro-el-plan-director-que-tratara-el-100-de-los-liquidos-cloacales\/\" \/>\n<meta property=\"og:site_name\" content=\"Patagonia Ambiental\" \/>\n<meta property=\"article:publisher\" content=\"https:\/\/www.facebook.com\/patagonia.ambiental\" \/>\n<meta property=\"article:published_time\" content=\"2022-01-07T22:00:00+00:00\" \/>\n<meta property=\"article:modified_time\" content=\"2022-01-08T17:07:05+00:00\" \/>\n<meta property=\"og:image\" content=\"https:\/\/patagoniambiental.com.ar\/info\/wp-content\/uploads\/2022\/01\/Sin-titulo-2.jpg\" \/>\n\t<meta property=\"og:image:width\" content=\"982\" \/>\n\t<meta property=\"og:image:height\" content=\"524\" \/>\n\t<meta property=\"og:image:type\" content=\"image\/jpeg\" \/>\n<meta name=\"author\" content=\"BRAIAN ESTEVEZ\" \/>\n<meta name=\"twitter:card\" content=\"summary_large_image\" \/>\n<meta name=\"twitter:creator\" content=\"@PatAmb\" \/>\n<meta name=\"twitter:site\" content=\"@PatAmb\" \/>\n<script type=\"application\/ld+json\" class=\"yoast-schema-graph\">{\"@context\":\"https:\\\/\\\/schema.org\",\"@graph\":[{\"@type\":\"Article\",\"@id\":\"https:\\\/\\\/patagoniambiental.com.ar\\\/info\\\/dia-historico-para-cipolletti-y-oro-se-inauguro-el-plan-director-que-tratara-el-100-de-los-liquidos-cloacales\\\/#article\",\"isPartOf\":{\"@id\":\"https:\\\/\\\/patagoniambiental.com.ar\\\/info\\\/dia-historico-para-cipolletti-y-oro-se-inauguro-el-plan-director-que-tratara-el-100-de-los-liquidos-cloacales\\\/\"},\"author\":{\"name\":\"BRAIAN ESTEVEZ\",\"@id\":\"https:\\\/\\\/patagoniambiental.com.ar\\\/info\\\/#\\\/schema\\\/person\\\/e5af09d700b2e82cb10c6b8800e0c691\"},\"headline\":\"D\u00eda hist\u00f3rico para Cipolletti y Oro: se inaugur\u00f3 el Plan Director que tratar\u00e1 el 100% de los l\u00edquidos cloacales\",\"datePublished\":\"2022-01-07T22:00:00+00:00\",\"dateModified\":\"2022-01-08T17:07:05+00:00\",\"mainEntityOfPage\":{\"@id\":\"https:\\\/\\\/patagoniambiental.com.ar\\\/info\\\/dia-historico-para-cipolletti-y-oro-se-inauguro-el-plan-director-que-tratara-el-100-de-los-liquidos-cloacales\\\/\"},\"wordCount\":810,\"commentCount\":0,\"publisher\":{\"@id\":\"https:\\\/\\\/patagoniambiental.com.ar\\\/info\\\/#organization\"},\"image\":{\"@id\":\"https:\\\/\\\/patagoniambiental.com.ar\\\/info\\\/dia-historico-para-cipolletti-y-oro-se-inauguro-el-plan-director-que-tratara-el-100-de-los-liquidos-cloacales\\\/#primaryimage\"},\"thumbnailUrl\":\"https:\\\/\\\/patagoniambiental.com.ar\\\/info\\\/wp-content\\\/uploads\\\/2022\\\/01\\\/Sin-titulo-2.jpg\",\"articleSection\":[\"Noticias\",\"Provinciales\",\"R\u00edo Negro\"],\"inLanguage\":\"es\",\"potentialAction\":[{\"@type\":\"CommentAction\",\"name\":\"Comment\",\"target\":[\"https:\\\/\\\/patagoniambiental.com.ar\\\/info\\\/dia-historico-para-cipolletti-y-oro-se-inauguro-el-plan-director-que-tratara-el-100-de-los-liquidos-cloacales\\\/#respond\"]}]},{\"@type\":\"WebPage\",\"@id\":\"https:\\\/\\\/patagoniambiental.com.ar\\\/info\\\/dia-historico-para-cipolletti-y-oro-se-inauguro-el-plan-director-que-tratara-el-100-de-los-liquidos-cloacales\\\/\",\"url\":\"https:\\\/\\\/patagoniambiental.com.ar\\\/info\\\/dia-historico-para-cipolletti-y-oro-se-inauguro-el-plan-director-que-tratara-el-100-de-los-liquidos-cloacales\\\/\",\"name\":\"D\u00eda hist\u00f3rico para Cipolletti y Oro: se inaugur\u00f3 el Plan Director que tratar\u00e1 el 100% de los l\u00edquidos cloacales\",\"isPartOf\":{\"@id\":\"https:\\\/\\\/patagoniambiental.com.ar\\\/info\\\/#website\"},\"primaryImageOfPage\":{\"@id\":\"https:\\\/\\\/patagoniambiental.com.ar\\\/info\\\/dia-historico-para-cipolletti-y-oro-se-inauguro-el-plan-director-que-tratara-el-100-de-los-liquidos-cloacales\\\/#primaryimage\"},\"image\":{\"@id\":\"https:\\\/\\\/patagoniambiental.com.ar\\\/info\\\/dia-historico-para-cipolletti-y-oro-se-inauguro-el-plan-director-que-tratara-el-100-de-los-liquidos-cloacales\\\/#primaryimage\"},\"thumbnailUrl\":\"https:\\\/\\\/patagoniambiental.com.ar\\\/info\\\/wp-content\\\/uploads\\\/2022\\\/01\\\/Sin-titulo-2.jpg\",\"datePublished\":\"2022-01-07T22:00:00+00:00\",\"dateModified\":\"2022-01-08T17:07:05+00:00\",\"breadcrumb\":{\"@id\":\"https:\\\/\\\/patagoniambiental.com.ar\\\/info\\\/dia-historico-para-cipolletti-y-oro-se-inauguro-el-plan-director-que-tratara-el-100-de-los-liquidos-cloacales\\\/#breadcrumb\"},\"inLanguage\":\"es\",\"potentialAction\":[{\"@type\":\"ReadAction\",\"target\":[\"https:\\\/\\\/patagoniambiental.com.ar\\\/info\\\/dia-historico-para-cipolletti-y-oro-se-inauguro-el-plan-director-que-tratara-el-100-de-los-liquidos-cloacales\\\/\"]}]},{\"@type\":\"ImageObject\",\"inLanguage\":\"es\",\"@id\":\"https:\\\/\\\/patagoniambiental.com.ar\\\/info\\\/dia-historico-para-cipolletti-y-oro-se-inauguro-el-plan-director-que-tratara-el-100-de-los-liquidos-cloacales\\\/#primaryimage\",\"url\":\"https:\\\/\\\/patagoniambiental.com.ar\\\/info\\\/wp-content\\\/uploads\\\/2022\\\/01\\\/Sin-titulo-2.jpg\",\"contentUrl\":\"https:\\\/\\\/patagoniambiental.com.ar\\\/info\\\/wp-content\\\/uploads\\\/2022\\\/01\\\/Sin-titulo-2.jpg\",\"width\":982,\"height\":524},{\"@type\":\"BreadcrumbList\",\"@id\":\"https:\\\/\\\/patagoniambiental.com.ar\\\/info\\\/dia-historico-para-cipolletti-y-oro-se-inauguro-el-plan-director-que-tratara-el-100-de-los-liquidos-cloacales\\\/#breadcrumb\",\"itemListElement\":[{\"@type\":\"ListItem\",\"position\":1,\"name\":\"Inicio\",\"item\":\"https:\\\/\\\/patagoniambiental.com.ar\\\/info\\\/\"},{\"@type\":\"ListItem\",\"position\":2,\"name\":\"D\u00eda hist\u00f3rico para Cipolletti y Oro: se inaugur\u00f3 el Plan Director que tratar\u00e1 el 100% de los l\u00edquidos cloacales\"}]},{\"@type\":\"WebSite\",\"@id\":\"https:\\\/\\\/patagoniambiental.com.ar\\\/info\\\/#website\",\"url\":\"https:\\\/\\\/patagoniambiental.com.ar\\\/info\\\/\",\"name\":\"Patagonia Ambiental\",\"description\":\"Monitoreo y an\u00e1lisis de la situaci\u00f3n geopol\u00edtica en el mundo y su implicancia en la Patagonia\",\"publisher\":{\"@id\":\"https:\\\/\\\/patagoniambiental.com.ar\\\/info\\\/#organization\"},\"potentialAction\":[{\"@type\":\"SearchAction\",\"target\":{\"@type\":\"EntryPoint\",\"urlTemplate\":\"https:\\\/\\\/patagoniambiental.com.ar\\\/info\\\/?s={search_term_string}\"},\"query-input\":{\"@type\":\"PropertyValueSpecification\",\"valueRequired\":true,\"valueName\":\"search_term_string\"}}],\"inLanguage\":\"es\"},{\"@type\":\"Organization\",\"@id\":\"https:\\\/\\\/patagoniambiental.com.ar\\\/info\\\/#organization\",\"name\":\"Patagonia Ambiental\",\"url\":\"https:\\\/\\\/patagoniambiental.com.ar\\\/info\\\/\",\"logo\":{\"@type\":\"ImageObject\",\"inLanguage\":\"es\",\"@id\":\"https:\\\/\\\/patagoniambiental.com.ar\\\/info\\\/#\\\/schema\\\/logo\\\/image\\\/\",\"url\":\"https:\\\/\\\/patagoniambiental.com.ar\\\/info\\\/wp-content\\\/uploads\\\/2025\\\/05\\\/LOGO-PATAGONIA-AMBIENTAL.png\",\"contentUrl\":\"https:\\\/\\\/patagoniambiental.com.ar\\\/info\\\/wp-content\\\/uploads\\\/2025\\\/05\\\/LOGO-PATAGONIA-AMBIENTAL.png\",\"width\":433,\"height\":250,\"caption\":\"Patagonia Ambiental\"},\"image\":{\"@id\":\"https:\\\/\\\/patagoniambiental.com.ar\\\/info\\\/#\\\/schema\\\/logo\\\/image\\\/\"},\"sameAs\":[\"https:\\\/\\\/www.facebook.com\\\/patagonia.ambiental\",\"https:\\\/\\\/x.com\\\/PatAmb\"]},{\"@type\":\"Person\",\"@id\":\"https:\\\/\\\/patagoniambiental.com.ar\\\/info\\\/#\\\/schema\\\/person\\\/e5af09d700b2e82cb10c6b8800e0c691\",\"name\":\"BRAIAN ESTEVEZ\",\"sameAs\":[\"http:\\\/\\\/www.patagoniambiental.com.ar\"]}]}<\/script>\n<!-- \/ Yoast SEO Premium plugin. -->","yoast_head_json":{"title":"D\u00eda hist\u00f3rico para Cipolletti y Oro: se inaugur\u00f3 el Plan Director que tratar\u00e1 el 100% de los l\u00edquidos cloacales","robots":{"index":"index","follow":"follow","max-snippet":"max-snippet:-1","max-image-preview":"max-image-preview:large","max-video-preview":"max-video-preview:-1"},"canonical":"https:\/\/patagoniambiental.com.ar\/info\/dia-historico-para-cipolletti-y-oro-se-inauguro-el-plan-director-que-tratara-el-100-de-los-liquidos-cloacales\/","og_locale":"es_ES","og_type":"article","og_title":"D\u00eda hist\u00f3rico para Cipolletti y Oro: se inaugur\u00f3 el Plan Director que tratar\u00e1 el 100% de los l\u00edquidos cloacales","og_url":"https:\/\/patagoniambiental.com.ar\/info\/dia-historico-para-cipolletti-y-oro-se-inauguro-el-plan-director-que-tratara-el-100-de-los-liquidos-cloacales\/","og_site_name":"Patagonia Ambiental","article_publisher":"https:\/\/www.facebook.com\/patagonia.ambiental","article_published_time":"2022-01-07T22:00:00+00:00","article_modified_time":"2022-01-08T17:07:05+00:00","og_image":[{"width":982,"height":524,"url":"https:\/\/patagoniambiental.com.ar\/info\/wp-content\/uploads\/2022\/01\/Sin-titulo-2.jpg","type":"image\/jpeg"}],"author":"BRAIAN ESTEVEZ","twitter_card":"summary_large_image","twitter_creator":"@PatAmb","twitter_site":"@PatAmb","schema":{"@context":"https:\/\/schema.org","@graph":[{"@type":"Article","@id":"https:\/\/patagoniambiental.com.ar\/info\/dia-historico-para-cipolletti-y-oro-se-inauguro-el-plan-director-que-tratara-el-100-de-los-liquidos-cloacales\/#article","isPartOf":{"@id":"https:\/\/patagoniambiental.com.ar\/info\/dia-historico-para-cipolletti-y-oro-se-inauguro-el-plan-director-que-tratara-el-100-de-los-liquidos-cloacales\/"},"author":{"name":"BRAIAN ESTEVEZ","@id":"https:\/\/patagoniambiental.com.ar\/info\/#\/schema\/person\/e5af09d700b2e82cb10c6b8800e0c691"},"headline":"D\u00eda hist\u00f3rico para Cipolletti y Oro: se inaugur\u00f3 el Plan Director que tratar\u00e1 el 100% de los l\u00edquidos cloacales","datePublished":"2022-01-07T22:00:00+00:00","dateModified":"2022-01-08T17:07:05+00:00","mainEntityOfPage":{"@id":"https:\/\/patagoniambiental.com.ar\/info\/dia-historico-para-cipolletti-y-oro-se-inauguro-el-plan-director-que-tratara-el-100-de-los-liquidos-cloacales\/"},"wordCount":810,"commentCount":0,"publisher":{"@id":"https:\/\/patagoniambiental.com.ar\/info\/#organization"},"image":{"@id":"https:\/\/patagoniambiental.com.ar\/info\/dia-historico-para-cipolletti-y-oro-se-inauguro-el-plan-director-que-tratara-el-100-de-los-liquidos-cloacales\/#primaryimage"},"thumbnailUrl":"https:\/\/patagoniambiental.com.ar\/info\/wp-content\/uploads\/2022\/01\/Sin-titulo-2.jpg","articleSection":["Noticias","Provinciales","R\u00edo Negro"],"inLanguage":"es","potentialAction":[{"@type":"CommentAction","name":"Comment","target":["https:\/\/patagoniambiental.com.ar\/info\/dia-historico-para-cipolletti-y-oro-se-inauguro-el-plan-director-que-tratara-el-100-de-los-liquidos-cloacales\/#respond"]}]},{"@type":"WebPage","@id":"https:\/\/patagoniambiental.com.ar\/info\/dia-historico-para-cipolletti-y-oro-se-inauguro-el-plan-director-que-tratara-el-100-de-los-liquidos-cloacales\/","url":"https:\/\/patagoniambiental.com.ar\/info\/dia-historico-para-cipolletti-y-oro-se-inauguro-el-plan-director-que-tratara-el-100-de-los-liquidos-cloacales\/","name":"D\u00eda hist\u00f3rico para Cipolletti y Oro: se inaugur\u00f3 el Plan Director que tratar\u00e1 el 100% de los l\u00edquidos cloacales","isPartOf":{"@id":"https:\/\/patagoniambiental.com.ar\/info\/#website"},"primaryImageOfPage":{"@id":"https:\/\/patagoniambiental.com.ar\/info\/dia-historico-para-cipolletti-y-oro-se-inauguro-el-plan-director-que-tratara-el-100-de-los-liquidos-cloacales\/#primaryimage"},"image":{"@id":"https:\/\/patagoniambiental.com.ar\/info\/dia-historico-para-cipolletti-y-oro-se-inauguro-el-plan-director-que-tratara-el-100-de-los-liquidos-cloacales\/#primaryimage"},"thumbnailUrl":"https:\/\/patagoniambiental.com.ar\/info\/wp-content\/uploads\/2022\/01\/Sin-titulo-2.jpg","datePublished":"2022-01-07T22:00:00+00:00","dateModified":"2022-01-08T17:07:05+00:00","breadcrumb":{"@id":"https:\/\/patagoniambiental.com.ar\/info\/dia-historico-para-cipolletti-y-oro-se-inauguro-el-plan-director-que-tratara-el-100-de-los-liquidos-cloacales\/#breadcrumb"},"inLanguage":"es","potentialAction":[{"@type":"ReadAction","target":["https:\/\/patagoniambiental.com.ar\/info\/dia-historico-para-cipolletti-y-oro-se-inauguro-el-plan-director-que-tratara-el-100-de-los-liquidos-cloacales\/"]}]},{"@type":"ImageObject","inLanguage":"es","@id":"https:\/\/patagoniambiental.com.ar\/info\/dia-historico-para-cipolletti-y-oro-se-inauguro-el-plan-director-que-tratara-el-100-de-los-liquidos-cloacales\/#primaryimage","url":"https:\/\/patagoniambiental.com.ar\/info\/wp-content\/uploads\/2022\/01\/Sin-titulo-2.jpg","contentUrl":"https:\/\/patagoniambiental.com.ar\/info\/wp-content\/uploads\/2022\/01\/Sin-titulo-2.jpg","width":982,"height":524},{"@type":"BreadcrumbList","@id":"https:\/\/patagoniambiental.com.ar\/info\/dia-historico-para-cipolletti-y-oro-se-inauguro-el-plan-director-que-tratara-el-100-de-los-liquidos-cloacales\/#breadcrumb","itemListElement":[{"@type":"ListItem","position":1,"name":"Inicio","item":"https:\/\/patagoniambiental.com.ar\/info\/"},{"@type":"ListItem","position":2,"name":"D\u00eda hist\u00f3rico para Cipolletti y Oro: se inaugur\u00f3 el Plan Director que tratar\u00e1 el 100% de los l\u00edquidos cloacales"}]},{"@type":"WebSite","@id":"https:\/\/patagoniambiental.com.ar\/info\/#website","url":"https:\/\/patagoniambiental.com.ar\/info\/","name":"Patagonia Ambiental","description":"Monitoreo y an\u00e1lisis de la situaci\u00f3n geopol\u00edtica en el mundo y su implicancia en la Patagonia","publisher":{"@id":"https:\/\/patagoniambiental.com.ar\/info\/#organization"},"potentialAction":[{"@type":"SearchAction","target":{"@type":"EntryPoint","urlTemplate":"https:\/\/patagoniambiental.com.ar\/info\/?s={search_term_string}"},"query-input":{"@type":"PropertyValueSpecification","valueRequired":true,"valueName":"search_term_string"}}],"inLanguage":"es"},{"@type":"Organization","@id":"https:\/\/patagoniambiental.com.ar\/info\/#organization","name":"Patagonia Ambiental","url":"https:\/\/patagoniambiental.com.ar\/info\/","logo":{"@type":"ImageObject","inLanguage":"es","@id":"https:\/\/patagoniambiental.com.ar\/info\/#\/schema\/logo\/image\/","url":"https:\/\/patagoniambiental.com.ar\/info\/wp-content\/uploads\/2025\/05\/LOGO-PATAGONIA-AMBIENTAL.png","contentUrl":"https:\/\/patagoniambiental.com.ar\/info\/wp-content\/uploads\/2025\/05\/LOGO-PATAGONIA-AMBIENTAL.png","width":433,"height":250,"caption":"Patagonia Ambiental"},"image":{"@id":"https:\/\/patagoniambiental.com.ar\/info\/#\/schema\/logo\/image\/"},"sameAs":["https:\/\/www.facebook.com\/patagonia.ambiental","https:\/\/x.com\/PatAmb"]},{"@type":"Person","@id":"https:\/\/patagoniambiental.com.ar\/info\/#\/schema\/person\/e5af09d700b2e82cb10c6b8800e0c691","name":"BRAIAN ESTEVEZ","sameAs":["http:\/\/www.patagoniambiental.com.ar"]}]}},"_links":{"self":[{"href":"https:\/\/patagoniambiental.com.ar\/info\/wp-json\/wp\/v2\/posts\/75012","targetHints":{"allow":["GET"]}}],"collection":[{"href":"https:\/\/patagoniambiental.com.ar\/info\/wp-json\/wp\/v2\/posts"}],"about":[{"href":"https:\/\/patagoniambiental.com.ar\/info\/wp-json\/wp\/v2\/types\/post"}],"author":[{"embeddable":true,"href":"https:\/\/patagoniambiental.com.ar\/info\/wp-json\/wp\/v2\/users\/6"}],"replies":[{"embeddable":true,"href":"https:\/\/patagoniambiental.com.ar\/info\/wp-json\/wp\/v2\/comments?post=75012"}],"version-history":[{"count":0,"href":"https:\/\/patagoniambiental.com.ar\/info\/wp-json\/wp\/v2\/posts\/75012\/revisions"}],"wp:featuredmedia":[{"embeddable":true,"href":"https:\/\/patagoniambiental.com.ar\/info\/wp-json\/wp\/v2\/media\/75014"}],"wp:attachment":[{"href":"https:\/\/patagoniambiental.com.ar\/info\/wp-json\/wp\/v2\/media?parent=75012"}],"wp:term":[{"taxonomy":"category","embeddable":true,"href":"https:\/\/patagoniambiental.com.ar\/info\/wp-json\/wp\/v2\/categories?post=75012"},{"taxonomy":"post_tag","embeddable":true,"href":"https:\/\/patagoniambiental.com.ar\/info\/wp-json\/wp\/v2\/tags?post=75012"}],"curies":[{"name":"wp","href":"https:\/\/api.w.org\/{rel}","templated":true}]}}