{"id":75080,"date":"2022-01-19T20:43:28","date_gmt":"2022-01-19T23:43:28","guid":{"rendered":"http:\/\/patagoniambiental.com.ar\/info\/?p=75080"},"modified":"2022-01-19T20:43:29","modified_gmt":"2022-01-19T23:43:29","slug":"un-ponton-autopropulsado-trasladara-los-materiales-para-la-reconstruccion-de-la-base-antartica-petrel","status":"publish","type":"post","link":"https:\/\/patagoniambiental.com.ar\/info\/un-ponton-autopropulsado-trasladara-los-materiales-para-la-reconstruccion-de-la-base-antartica-petrel\/","title":{"rendered":"Un pont\u00f3n autopropulsado trasladar\u00e1 los materiales para la reconstrucci\u00f3n de la base ant\u00e1rtica Petrel"},"content":{"rendered":"\n<!--more-->\n\n\n\n<p><strong>La embarcaci\u00f3n que partir\u00e1 rumbo a la Ant\u00e1rtida en el carguero ARA Canal Beagle, tiene capacidad para el transporte de cargas de hasta 20 toneladas con la posibilidad de trasladar un contenedor de 20 pies.<\/strong><\/p>\n\n\n\n<p><strong>BUENOS AIRES.-<\/strong>&nbsp;El ministro de Defensa, Jorge Taiana, present\u00f3 el pont\u00f3n autopropulsado construido en su totalidad en el astillero Tandanor, durante el lanzamiento oficial de la Campa\u00f1a Ant\u00e1rtica de Verano (CAV) 2021\/2022, al zarpar el rompehielos ARA \u201cAlmirante Ir\u00edzar\u201d desde el Apostadero Naval de la ciudad de Buenos Aires.<\/p>\n\n\n\n<p>\u201cEsta embarcaci\u00f3n es una herramienta de gran importancia log\u00edstica porque permite la descarga de contenedores que portan v\u00edveres, combustibles y equipamientos necesarios para las distintas bases que Argentina tiene en el continente blanco\u201d, sostuvo el funcionario.<\/p>\n\n\n\n<p>&nbsp;\u201cDe este modo, estamos ampliando el desarrollo de Tandanor y la industria para la defensa como dinamizadora de la econom\u00eda y el empleo; adem\u00e1s de robustecer las capacidades de nuestras Fuerzas Armadas\u201d, consider\u00f3 el titular de la cartera al explicar las bondades de este pont\u00f3n, que cumplir\u00e1 un rol destacado en el traslado de los materiales, equipamientos e insumos destinados a la reconstrucci\u00f3n de la base ant\u00e1rtica Petrel, la cual a partir de este a\u00f1o se convertir\u00e1 en un asiento permanente.<\/p>\n\n\n\n<p>El pont\u00f3n autopropulsado, que partir\u00e1 rumbo a la Ant\u00e1rtida en el carguero ARA Canal Beagle, tiene capacidad para el transporte de cargas de hasta 20 toneladas con la posibilidad de trasladar un contenedor de 20 pies fijado con sistema de traba para contenedores en la cubierta.<\/p>\n\n\n\n<p>Construido \u00edntegramente en aluminio naval, tiene subdivisi\u00f3n estanca y cuenta con una amplia cubierta cerrada de proa a popa. La propulsi\u00f3n comprende dos motores fuera de borda de 200 HP cada uno, ubicados en soportes externos al casco y de \u00faltima generaci\u00f3n cuya tecnolog\u00eda preserva el medio ambiente.Tags:\u00a0<a href=\"https:\/\/www.surenio.com.ar\/etiquetas\/antartida\/\">Ant\u00e1rtida<\/a>,\u00a0<a href=\"https:\/\/www.surenio.com.ar\/etiquetas\/base-antartica-petrel\/\">base ant\u00e1rtica Petrel<\/a>,\u00a0<a href=\"https:\/\/www.surenio.com.ar\/etiquetas\/ponton-autopropulsado\/\">pont\u00f3n autopropulsado<\/a><\/p>\n\n\n\n<p>Fuente: https:\/\/www.surenio.com.ar\/un-ponton-autopropulsado-trasladara-los-materiales-para-la-reconstruccion-de-la-base-antartica-petrel\/<\/p>\n","protected":false},"excerpt":{"rendered":"","protected":false},"author":6,"featured_media":75081,"comment_status":"open","ping_status":"open","sticky":false,"template":"","format":"standard","meta":{"site-sidebar-layout":"default","site-content-layout":"","ast-site-content-layout":"default","site-content-style":"default","site-sidebar-style":"default","ast-global-header-display":"","ast-banner-title-visibility":"","ast-main-header-display":"","ast-hfb-above-header-display":"","ast-hfb-below-header-display":"","ast-hfb-mobile-header-display":"","site-post-title":"","ast-breadcrumbs-content":"","ast-featured-img":"","footer-sml-layout":"","ast-disable-related-posts":"","theme-transparent-header-meta":"","adv-header-id-meta":"","stick-header-meta":"","header-above-stick-meta":"","header-main-stick-meta":"","header-below-stick-meta":"","astra-migrate-meta-layouts":"default","ast-page-background-enabled":"default","ast-page-background-meta":{"desktop":{"background-color":"var(--ast-global-color-5)","background-image":"","background-repeat":"repeat","background-position":"center center","background-size":"auto","background-attachment":"scroll","background-type":"","background-media":"","overlay-type":"","overlay-color":"","overlay-opacity":"","overlay-gradient":""},"tablet":{"background-color":"","background-image":"","background-repeat":"repeat","background-position":"center center","background-size":"auto","background-attachment":"scroll","background-type":"","background-media":"","overlay-type":"","overlay-color":"","overlay-opacity":"","overlay-gradient":""},"mobile":{"background-color":"","background-image":"","background-repeat":"repeat","background-position":"center center","background-size":"auto","background-attachment":"scroll","background-type":"","background-media":"","overlay-type":"","overlay-color":"","overlay-opacity":"","overlay-gradient":""}},"ast-content-background-meta":{"desktop":{"background-color":"var(--ast-global-color-4)","background-image":"","background-repeat":"repeat","background-position":"center center","background-size":"auto","background-attachment":"scroll","background-type":"","background-media":"","overlay-type":"","overlay-color":"","overlay-opacity":"","overlay-gradient":""},"tablet":{"background-color":"var(--ast-global-color-4)","background-image":"","background-repeat":"repeat","background-position":"center center","background-size":"auto","background-attachment":"scroll","background-type":"","background-media":"","overlay-type":"","overlay-color":"","overlay-opacity":"","overlay-gradient":""},"mobile":{"background-color":"var(--ast-global-color-4)","background-image":"","background-repeat":"repeat","background-position":"center center","background-size":"auto","background-attachment":"scroll","background-type":"","background-media":"","overlay-type":"","overlay-color":"","overlay-opacity":"","overlay-gradient":""}},"footnotes":""},"categories":[1],"tags":[],"class_list":["post-75080","post","type-post","status-publish","format-standard","has-post-thumbnail","hentry","category-noticias"],"yoast_head":"<!-- This site is optimized with the Yoast SEO Premium plugin v23.0 (Yoast SEO v27.5) - https:\/\/yoast.com\/product\/yoast-seo-premium-wordpress\/ -->\n<title>Un pont\u00f3n autopropulsado trasladar\u00e1 los materiales para la reconstrucci\u00f3n de la base ant\u00e1rtica Petrel<\/title>\n<meta name=\"robots\" content=\"index, follow, max-snippet:-1, max-image-preview:large, max-video-preview:-1\" \/>\n<link rel=\"canonical\" href=\"https:\/\/patagoniambiental.com.ar\/info\/un-ponton-autopropulsado-trasladara-los-materiales-para-la-reconstruccion-de-la-base-antartica-petrel\/\" \/>\n<meta property=\"og:locale\" content=\"es_ES\" \/>\n<meta property=\"og:type\" content=\"article\" \/>\n<meta property=\"og:title\" content=\"Un pont\u00f3n autopropulsado trasladar\u00e1 los materiales para la reconstrucci\u00f3n de la base ant\u00e1rtica Petrel\" \/>\n<meta property=\"og:url\" content=\"https:\/\/patagoniambiental.com.ar\/info\/un-ponton-autopropulsado-trasladara-los-materiales-para-la-reconstruccion-de-la-base-antartica-petrel\/\" \/>\n<meta property=\"og:site_name\" content=\"Patagonia Ambiental\" \/>\n<meta property=\"article:publisher\" content=\"https:\/\/www.facebook.com\/patagonia.ambiental\" \/>\n<meta property=\"article:published_time\" content=\"2022-01-19T23:43:28+00:00\" \/>\n<meta property=\"article:modified_time\" content=\"2022-01-19T23:43:29+00:00\" \/>\n<meta property=\"og:image\" content=\"https:\/\/patagoniambiental.com.ar\/info\/wp-content\/uploads\/2022\/01\/567.jpg\" \/>\n\t<meta property=\"og:image:width\" content=\"833\" \/>\n\t<meta property=\"og:image:height\" content=\"500\" \/>\n\t<meta property=\"og:image:type\" content=\"image\/jpeg\" \/>\n<meta name=\"author\" content=\"BRAIAN ESTEVEZ\" \/>\n<meta name=\"twitter:card\" content=\"summary_large_image\" \/>\n<meta name=\"twitter:creator\" content=\"@PatAmb\" \/>\n<meta name=\"twitter:site\" content=\"@PatAmb\" \/>\n<script type=\"application\/ld+json\" class=\"yoast-schema-graph\">{\"@context\":\"https:\\\/\\\/schema.org\",\"@graph\":[{\"@type\":\"Article\",\"@id\":\"https:\\\/\\\/patagoniambiental.com.ar\\\/info\\\/un-ponton-autopropulsado-trasladara-los-materiales-para-la-reconstruccion-de-la-base-antartica-petrel\\\/#article\",\"isPartOf\":{\"@id\":\"https:\\\/\\\/patagoniambiental.com.ar\\\/info\\\/un-ponton-autopropulsado-trasladara-los-materiales-para-la-reconstruccion-de-la-base-antartica-petrel\\\/\"},\"author\":{\"name\":\"BRAIAN ESTEVEZ\",\"@id\":\"https:\\\/\\\/patagoniambiental.com.ar\\\/info\\\/#\\\/schema\\\/person\\\/e5af09d700b2e82cb10c6b8800e0c691\"},\"headline\":\"Un pont\u00f3n autopropulsado trasladar\u00e1 los materiales para la reconstrucci\u00f3n de la base ant\u00e1rtica Petrel\",\"datePublished\":\"2022-01-19T23:43:28+00:00\",\"dateModified\":\"2022-01-19T23:43:29+00:00\",\"mainEntityOfPage\":{\"@id\":\"https:\\\/\\\/patagoniambiental.com.ar\\\/info\\\/un-ponton-autopropulsado-trasladara-los-materiales-para-la-reconstruccion-de-la-base-antartica-petrel\\\/\"},\"wordCount\":347,\"commentCount\":0,\"publisher\":{\"@id\":\"https:\\\/\\\/patagoniambiental.com.ar\\\/info\\\/#organization\"},\"image\":{\"@id\":\"https:\\\/\\\/patagoniambiental.com.ar\\\/info\\\/un-ponton-autopropulsado-trasladara-los-materiales-para-la-reconstruccion-de-la-base-antartica-petrel\\\/#primaryimage\"},\"thumbnailUrl\":\"https:\\\/\\\/patagoniambiental.com.ar\\\/info\\\/wp-content\\\/uploads\\\/2022\\\/01\\\/567.jpg\",\"articleSection\":[\"Noticias\"],\"inLanguage\":\"es\",\"potentialAction\":[{\"@type\":\"CommentAction\",\"name\":\"Comment\",\"target\":[\"https:\\\/\\\/patagoniambiental.com.ar\\\/info\\\/un-ponton-autopropulsado-trasladara-los-materiales-para-la-reconstruccion-de-la-base-antartica-petrel\\\/#respond\"]}]},{\"@type\":\"WebPage\",\"@id\":\"https:\\\/\\\/patagoniambiental.com.ar\\\/info\\\/un-ponton-autopropulsado-trasladara-los-materiales-para-la-reconstruccion-de-la-base-antartica-petrel\\\/\",\"url\":\"https:\\\/\\\/patagoniambiental.com.ar\\\/info\\\/un-ponton-autopropulsado-trasladara-los-materiales-para-la-reconstruccion-de-la-base-antartica-petrel\\\/\",\"name\":\"Un pont\u00f3n autopropulsado trasladar\u00e1 los materiales para la reconstrucci\u00f3n de la base ant\u00e1rtica Petrel\",\"isPartOf\":{\"@id\":\"https:\\\/\\\/patagoniambiental.com.ar\\\/info\\\/#website\"},\"primaryImageOfPage\":{\"@id\":\"https:\\\/\\\/patagoniambiental.com.ar\\\/info\\\/un-ponton-autopropulsado-trasladara-los-materiales-para-la-reconstruccion-de-la-base-antartica-petrel\\\/#primaryimage\"},\"image\":{\"@id\":\"https:\\\/\\\/patagoniambiental.com.ar\\\/info\\\/un-ponton-autopropulsado-trasladara-los-materiales-para-la-reconstruccion-de-la-base-antartica-petrel\\\/#primaryimage\"},\"thumbnailUrl\":\"https:\\\/\\\/patagoniambiental.com.ar\\\/info\\\/wp-content\\\/uploads\\\/2022\\\/01\\\/567.jpg\",\"datePublished\":\"2022-01-19T23:43:28+00:00\",\"dateModified\":\"2022-01-19T23:43:29+00:00\",\"breadcrumb\":{\"@id\":\"https:\\\/\\\/patagoniambiental.com.ar\\\/info\\\/un-ponton-autopropulsado-trasladara-los-materiales-para-la-reconstruccion-de-la-base-antartica-petrel\\\/#breadcrumb\"},\"inLanguage\":\"es\",\"potentialAction\":[{\"@type\":\"ReadAction\",\"target\":[\"https:\\\/\\\/patagoniambiental.com.ar\\\/info\\\/un-ponton-autopropulsado-trasladara-los-materiales-para-la-reconstruccion-de-la-base-antartica-petrel\\\/\"]}]},{\"@type\":\"ImageObject\",\"inLanguage\":\"es\",\"@id\":\"https:\\\/\\\/patagoniambiental.com.ar\\\/info\\\/un-ponton-autopropulsado-trasladara-los-materiales-para-la-reconstruccion-de-la-base-antartica-petrel\\\/#primaryimage\",\"url\":\"https:\\\/\\\/patagoniambiental.com.ar\\\/info\\\/wp-content\\\/uploads\\\/2022\\\/01\\\/567.jpg\",\"contentUrl\":\"https:\\\/\\\/patagoniambiental.com.ar\\\/info\\\/wp-content\\\/uploads\\\/2022\\\/01\\\/567.jpg\",\"width\":833,\"height\":500},{\"@type\":\"BreadcrumbList\",\"@id\":\"https:\\\/\\\/patagoniambiental.com.ar\\\/info\\\/un-ponton-autopropulsado-trasladara-los-materiales-para-la-reconstruccion-de-la-base-antartica-petrel\\\/#breadcrumb\",\"itemListElement\":[{\"@type\":\"ListItem\",\"position\":1,\"name\":\"Inicio\",\"item\":\"https:\\\/\\\/patagoniambiental.com.ar\\\/info\\\/\"},{\"@type\":\"ListItem\",\"position\":2,\"name\":\"Un pont\u00f3n autopropulsado trasladar\u00e1 los materiales para la reconstrucci\u00f3n de la base ant\u00e1rtica Petrel\"}]},{\"@type\":\"WebSite\",\"@id\":\"https:\\\/\\\/patagoniambiental.com.ar\\\/info\\\/#website\",\"url\":\"https:\\\/\\\/patagoniambiental.com.ar\\\/info\\\/\",\"name\":\"Patagonia Ambiental\",\"description\":\"Monitoreo y an\u00e1lisis de la situaci\u00f3n geopol\u00edtica en el mundo y su implicancia en la Patagonia\",\"publisher\":{\"@id\":\"https:\\\/\\\/patagoniambiental.com.ar\\\/info\\\/#organization\"},\"potentialAction\":[{\"@type\":\"SearchAction\",\"target\":{\"@type\":\"EntryPoint\",\"urlTemplate\":\"https:\\\/\\\/patagoniambiental.com.ar\\\/info\\\/?s={search_term_string}\"},\"query-input\":{\"@type\":\"PropertyValueSpecification\",\"valueRequired\":true,\"valueName\":\"search_term_string\"}}],\"inLanguage\":\"es\"},{\"@type\":\"Organization\",\"@id\":\"https:\\\/\\\/patagoniambiental.com.ar\\\/info\\\/#organization\",\"name\":\"Patagonia Ambiental\",\"url\":\"https:\\\/\\\/patagoniambiental.com.ar\\\/info\\\/\",\"logo\":{\"@type\":\"ImageObject\",\"inLanguage\":\"es\",\"@id\":\"https:\\\/\\\/patagoniambiental.com.ar\\\/info\\\/#\\\/schema\\\/logo\\\/image\\\/\",\"url\":\"https:\\\/\\\/patagoniambiental.com.ar\\\/info\\\/wp-content\\\/uploads\\\/2025\\\/05\\\/LOGO-PATAGONIA-AMBIENTAL.png\",\"contentUrl\":\"https:\\\/\\\/patagoniambiental.com.ar\\\/info\\\/wp-content\\\/uploads\\\/2025\\\/05\\\/LOGO-PATAGONIA-AMBIENTAL.png\",\"width\":433,\"height\":250,\"caption\":\"Patagonia Ambiental\"},\"image\":{\"@id\":\"https:\\\/\\\/patagoniambiental.com.ar\\\/info\\\/#\\\/schema\\\/logo\\\/image\\\/\"},\"sameAs\":[\"https:\\\/\\\/www.facebook.com\\\/patagonia.ambiental\",\"https:\\\/\\\/x.com\\\/PatAmb\"]},{\"@type\":\"Person\",\"@id\":\"https:\\\/\\\/patagoniambiental.com.ar\\\/info\\\/#\\\/schema\\\/person\\\/e5af09d700b2e82cb10c6b8800e0c691\",\"name\":\"BRAIAN ESTEVEZ\",\"sameAs\":[\"http:\\\/\\\/www.patagoniambiental.com.ar\"]}]}<\/script>\n<!-- \/ Yoast SEO Premium plugin. -->","yoast_head_json":{"title":"Un pont\u00f3n autopropulsado trasladar\u00e1 los materiales para la reconstrucci\u00f3n de la base ant\u00e1rtica Petrel","robots":{"index":"index","follow":"follow","max-snippet":"max-snippet:-1","max-image-preview":"max-image-preview:large","max-video-preview":"max-video-preview:-1"},"canonical":"https:\/\/patagoniambiental.com.ar\/info\/un-ponton-autopropulsado-trasladara-los-materiales-para-la-reconstruccion-de-la-base-antartica-petrel\/","og_locale":"es_ES","og_type":"article","og_title":"Un pont\u00f3n autopropulsado trasladar\u00e1 los materiales para la reconstrucci\u00f3n de la base ant\u00e1rtica Petrel","og_url":"https:\/\/patagoniambiental.com.ar\/info\/un-ponton-autopropulsado-trasladara-los-materiales-para-la-reconstruccion-de-la-base-antartica-petrel\/","og_site_name":"Patagonia Ambiental","article_publisher":"https:\/\/www.facebook.com\/patagonia.ambiental","article_published_time":"2022-01-19T23:43:28+00:00","article_modified_time":"2022-01-19T23:43:29+00:00","og_image":[{"width":833,"height":500,"url":"https:\/\/patagoniambiental.com.ar\/info\/wp-content\/uploads\/2022\/01\/567.jpg","type":"image\/jpeg"}],"author":"BRAIAN ESTEVEZ","twitter_card":"summary_large_image","twitter_creator":"@PatAmb","twitter_site":"@PatAmb","schema":{"@context":"https:\/\/schema.org","@graph":[{"@type":"Article","@id":"https:\/\/patagoniambiental.com.ar\/info\/un-ponton-autopropulsado-trasladara-los-materiales-para-la-reconstruccion-de-la-base-antartica-petrel\/#article","isPartOf":{"@id":"https:\/\/patagoniambiental.com.ar\/info\/un-ponton-autopropulsado-trasladara-los-materiales-para-la-reconstruccion-de-la-base-antartica-petrel\/"},"author":{"name":"BRAIAN ESTEVEZ","@id":"https:\/\/patagoniambiental.com.ar\/info\/#\/schema\/person\/e5af09d700b2e82cb10c6b8800e0c691"},"headline":"Un pont\u00f3n autopropulsado trasladar\u00e1 los materiales para la reconstrucci\u00f3n de la base ant\u00e1rtica Petrel","datePublished":"2022-01-19T23:43:28+00:00","dateModified":"2022-01-19T23:43:29+00:00","mainEntityOfPage":{"@id":"https:\/\/patagoniambiental.com.ar\/info\/un-ponton-autopropulsado-trasladara-los-materiales-para-la-reconstruccion-de-la-base-antartica-petrel\/"},"wordCount":347,"commentCount":0,"publisher":{"@id":"https:\/\/patagoniambiental.com.ar\/info\/#organization"},"image":{"@id":"https:\/\/patagoniambiental.com.ar\/info\/un-ponton-autopropulsado-trasladara-los-materiales-para-la-reconstruccion-de-la-base-antartica-petrel\/#primaryimage"},"thumbnailUrl":"https:\/\/patagoniambiental.com.ar\/info\/wp-content\/uploads\/2022\/01\/567.jpg","articleSection":["Noticias"],"inLanguage":"es","potentialAction":[{"@type":"CommentAction","name":"Comment","target":["https:\/\/patagoniambiental.com.ar\/info\/un-ponton-autopropulsado-trasladara-los-materiales-para-la-reconstruccion-de-la-base-antartica-petrel\/#respond"]}]},{"@type":"WebPage","@id":"https:\/\/patagoniambiental.com.ar\/info\/un-ponton-autopropulsado-trasladara-los-materiales-para-la-reconstruccion-de-la-base-antartica-petrel\/","url":"https:\/\/patagoniambiental.com.ar\/info\/un-ponton-autopropulsado-trasladara-los-materiales-para-la-reconstruccion-de-la-base-antartica-petrel\/","name":"Un pont\u00f3n autopropulsado trasladar\u00e1 los materiales para la reconstrucci\u00f3n de la base ant\u00e1rtica Petrel","isPartOf":{"@id":"https:\/\/patagoniambiental.com.ar\/info\/#website"},"primaryImageOfPage":{"@id":"https:\/\/patagoniambiental.com.ar\/info\/un-ponton-autopropulsado-trasladara-los-materiales-para-la-reconstruccion-de-la-base-antartica-petrel\/#primaryimage"},"image":{"@id":"https:\/\/patagoniambiental.com.ar\/info\/un-ponton-autopropulsado-trasladara-los-materiales-para-la-reconstruccion-de-la-base-antartica-petrel\/#primaryimage"},"thumbnailUrl":"https:\/\/patagoniambiental.com.ar\/info\/wp-content\/uploads\/2022\/01\/567.jpg","datePublished":"2022-01-19T23:43:28+00:00","dateModified":"2022-01-19T23:43:29+00:00","breadcrumb":{"@id":"https:\/\/patagoniambiental.com.ar\/info\/un-ponton-autopropulsado-trasladara-los-materiales-para-la-reconstruccion-de-la-base-antartica-petrel\/#breadcrumb"},"inLanguage":"es","potentialAction":[{"@type":"ReadAction","target":["https:\/\/patagoniambiental.com.ar\/info\/un-ponton-autopropulsado-trasladara-los-materiales-para-la-reconstruccion-de-la-base-antartica-petrel\/"]}]},{"@type":"ImageObject","inLanguage":"es","@id":"https:\/\/patagoniambiental.com.ar\/info\/un-ponton-autopropulsado-trasladara-los-materiales-para-la-reconstruccion-de-la-base-antartica-petrel\/#primaryimage","url":"https:\/\/patagoniambiental.com.ar\/info\/wp-content\/uploads\/2022\/01\/567.jpg","contentUrl":"https:\/\/patagoniambiental.com.ar\/info\/wp-content\/uploads\/2022\/01\/567.jpg","width":833,"height":500},{"@type":"BreadcrumbList","@id":"https:\/\/patagoniambiental.com.ar\/info\/un-ponton-autopropulsado-trasladara-los-materiales-para-la-reconstruccion-de-la-base-antartica-petrel\/#breadcrumb","itemListElement":[{"@type":"ListItem","position":1,"name":"Inicio","item":"https:\/\/patagoniambiental.com.ar\/info\/"},{"@type":"ListItem","position":2,"name":"Un pont\u00f3n autopropulsado trasladar\u00e1 los materiales para la reconstrucci\u00f3n de la base ant\u00e1rtica Petrel"}]},{"@type":"WebSite","@id":"https:\/\/patagoniambiental.com.ar\/info\/#website","url":"https:\/\/patagoniambiental.com.ar\/info\/","name":"Patagonia Ambiental","description":"Monitoreo y an\u00e1lisis de la situaci\u00f3n geopol\u00edtica en el mundo y su implicancia en la Patagonia","publisher":{"@id":"https:\/\/patagoniambiental.com.ar\/info\/#organization"},"potentialAction":[{"@type":"SearchAction","target":{"@type":"EntryPoint","urlTemplate":"https:\/\/patagoniambiental.com.ar\/info\/?s={search_term_string}"},"query-input":{"@type":"PropertyValueSpecification","valueRequired":true,"valueName":"search_term_string"}}],"inLanguage":"es"},{"@type":"Organization","@id":"https:\/\/patagoniambiental.com.ar\/info\/#organization","name":"Patagonia Ambiental","url":"https:\/\/patagoniambiental.com.ar\/info\/","logo":{"@type":"ImageObject","inLanguage":"es","@id":"https:\/\/patagoniambiental.com.ar\/info\/#\/schema\/logo\/image\/","url":"https:\/\/patagoniambiental.com.ar\/info\/wp-content\/uploads\/2025\/05\/LOGO-PATAGONIA-AMBIENTAL.png","contentUrl":"https:\/\/patagoniambiental.com.ar\/info\/wp-content\/uploads\/2025\/05\/LOGO-PATAGONIA-AMBIENTAL.png","width":433,"height":250,"caption":"Patagonia Ambiental"},"image":{"@id":"https:\/\/patagoniambiental.com.ar\/info\/#\/schema\/logo\/image\/"},"sameAs":["https:\/\/www.facebook.com\/patagonia.ambiental","https:\/\/x.com\/PatAmb"]},{"@type":"Person","@id":"https:\/\/patagoniambiental.com.ar\/info\/#\/schema\/person\/e5af09d700b2e82cb10c6b8800e0c691","name":"BRAIAN ESTEVEZ","sameAs":["http:\/\/www.patagoniambiental.com.ar"]}]}},"_links":{"self":[{"href":"https:\/\/patagoniambiental.com.ar\/info\/wp-json\/wp\/v2\/posts\/75080","targetHints":{"allow":["GET"]}}],"collection":[{"href":"https:\/\/patagoniambiental.com.ar\/info\/wp-json\/wp\/v2\/posts"}],"about":[{"href":"https:\/\/patagoniambiental.com.ar\/info\/wp-json\/wp\/v2\/types\/post"}],"author":[{"embeddable":true,"href":"https:\/\/patagoniambiental.com.ar\/info\/wp-json\/wp\/v2\/users\/6"}],"replies":[{"embeddable":true,"href":"https:\/\/patagoniambiental.com.ar\/info\/wp-json\/wp\/v2\/comments?post=75080"}],"version-history":[{"count":0,"href":"https:\/\/patagoniambiental.com.ar\/info\/wp-json\/wp\/v2\/posts\/75080\/revisions"}],"wp:featuredmedia":[{"embeddable":true,"href":"https:\/\/patagoniambiental.com.ar\/info\/wp-json\/wp\/v2\/media\/75081"}],"wp:attachment":[{"href":"https:\/\/patagoniambiental.com.ar\/info\/wp-json\/wp\/v2\/media?parent=75080"}],"wp:term":[{"taxonomy":"category","embeddable":true,"href":"https:\/\/patagoniambiental.com.ar\/info\/wp-json\/wp\/v2\/categories?post=75080"},{"taxonomy":"post_tag","embeddable":true,"href":"https:\/\/patagoniambiental.com.ar\/info\/wp-json\/wp\/v2\/tags?post=75080"}],"curies":[{"name":"wp","href":"https:\/\/api.w.org\/{rel}","templated":true}]}}