{"id":75086,"date":"2022-01-19T21:10:34","date_gmt":"2022-01-20T00:10:34","guid":{"rendered":"http:\/\/patagoniambiental.com.ar\/info\/?p=75086"},"modified":"2022-01-19T21:10:36","modified_gmt":"2022-01-20T00:10:36","slug":"el-sistema-pluvial-de-viedma-funciona-con-normalidad-gracias-a-un-intenso-trabajo-de-mantenimiento-previo","status":"publish","type":"post","link":"https:\/\/patagoniambiental.com.ar\/info\/el-sistema-pluvial-de-viedma-funciona-con-normalidad-gracias-a-un-intenso-trabajo-de-mantenimiento-previo\/","title":{"rendered":"El sistema pluvial de Viedma funciona con normalidad gracias a un intenso trabajo de mantenimiento previo"},"content":{"rendered":"\n<!--more-->\n\n\n\n<p>Viedma.-El gobierno de Viedma mantiene un continuo y coordinado trabajo para garantizar el normal funcionamiento del sistema pluvial, y atender situaciones que se puedan presentar, como consecuencia de las lluvias que se registran desde la madrugada de este mi\u00e9rcoles.<br>El funcionamiento de las estaciones y subestaciones de bombeo es normal, en virtud de un intenso trabajo de las cuadrillas del \u00e1rea de Servicios, Espacios P\u00fablicos y Ambiente, que previo a la lluvia, realizaron intensas tareas de limpieza de ductos y bombas.<br>Adem\u00e1s, se efectiviz\u00f3 un mantenimiento preventivo en las instalaciones el\u00e9ctricas, para anticiparse a las precipitaciones de la semana en curso.<br>La tarea se desarroll\u00f3 complementariamente con la limpieza y barrido de cordones cuneta, para evitar que los residuos obstruyan el escurrimiento de las aguas por las pendientes y el taponamiento de las bocas de tormenta y sumideros.<br>Tambi\u00e9n se sum\u00f3 al trabajo preventivo y anticipado, la limpieza de los canastos de retenci\u00f3n de residuos de Ituazaing\u00f3 y Costanera, y Ayacucho y Costanera, para su \u00f3ptimo funcionamiento.<br>\u00abLa subestaci\u00f3n del barrio Lavalle fue la que m\u00e1s trabajo extra requiri\u00f3, ya que tanto el ducto como el canal de evacuaci\u00f3n estaba obstruido por cubiertas, una puerta, un paragolpes, y bastante residuo de tipo voluminoso\u00bb, indic\u00f3 al respecto el secretario de Servicios, Espacios P\u00fablicos y Ambiente Gast\u00f3n Guti\u00e9rrez.<br>El funcionario indic\u00f3 adem\u00e1s que \u00abel esfuerzo y el compromiso de los trabajadores municipales permiti\u00f3 que todo est\u00e9 operando de manera correcta\u00bb.<br>\u00abEsperamos seguir en este camino de generar m\u00e1s y mejor conciencia respecto de los residuos y la higiene urbana, sabemos que es un trabajo de largo aliento y que los cambios culturales son procesos progresivos, pero no vamos a claudicar en seguir construyendo una ciudad cada vez m\u00e1s limpia\u00bb, finaliz\u00f3 Guti\u00e9rrez.<\/p>\n\n\n\n<p>Fuente: Municipalidad de Viedma <\/p>\n","protected":false},"excerpt":{"rendered":"","protected":false},"author":6,"featured_media":75087,"comment_status":"open","ping_status":"open","sticky":false,"template":"","format":"standard","meta":{"site-sidebar-layout":"default","site-content-layout":"","ast-site-content-layout":"default","site-content-style":"default","site-sidebar-style":"default","ast-global-header-display":"","ast-banner-title-visibility":"","ast-main-header-display":"","ast-hfb-above-header-display":"","ast-hfb-below-header-display":"","ast-hfb-mobile-header-display":"","site-post-title":"","ast-breadcrumbs-content":"","ast-featured-img":"","footer-sml-layout":"","ast-disable-related-posts":"","theme-transparent-header-meta":"","adv-header-id-meta":"","stick-header-meta":"","header-above-stick-meta":"","header-main-stick-meta":"","header-below-stick-meta":"","astra-migrate-meta-layouts":"default","ast-page-background-enabled":"default","ast-page-background-meta":{"desktop":{"background-color":"var(--ast-global-color-5)","background-image":"","background-repeat":"repeat","background-position":"center center","background-size":"auto","background-attachment":"scroll","background-type":"","background-media":"","overlay-type":"","overlay-color":"","overlay-opacity":"","overlay-gradient":""},"tablet":{"background-color":"","background-image":"","background-repeat":"repeat","background-position":"center center","background-size":"auto","background-attachment":"scroll","background-type":"","background-media":"","overlay-type":"","overlay-color":"","overlay-opacity":"","overlay-gradient":""},"mobile":{"background-color":"","background-image":"","background-repeat":"repeat","background-position":"center center","background-size":"auto","background-attachment":"scroll","background-type":"","background-media":"","overlay-type":"","overlay-color":"","overlay-opacity":"","overlay-gradient":""}},"ast-content-background-meta":{"desktop":{"background-color":"var(--ast-global-color-4)","background-image":"","background-repeat":"repeat","background-position":"center center","background-size":"auto","background-attachment":"scroll","background-type":"","background-media":"","overlay-type":"","overlay-color":"","overlay-opacity":"","overlay-gradient":""},"tablet":{"background-color":"var(--ast-global-color-4)","background-image":"","background-repeat":"repeat","background-position":"center center","background-size":"auto","background-attachment":"scroll","background-type":"","background-media":"","overlay-type":"","overlay-color":"","overlay-opacity":"","overlay-gradient":""},"mobile":{"background-color":"var(--ast-global-color-4)","background-image":"","background-repeat":"repeat","background-position":"center center","background-size":"auto","background-attachment":"scroll","background-type":"","background-media":"","overlay-type":"","overlay-color":"","overlay-opacity":"","overlay-gradient":""}},"footnotes":""},"categories":[1],"tags":[],"class_list":["post-75086","post","type-post","status-publish","format-standard","has-post-thumbnail","hentry","category-noticias"],"yoast_head":"<!-- This site is optimized with the Yoast SEO Premium plugin v23.0 (Yoast SEO v27.5) - https:\/\/yoast.com\/product\/yoast-seo-premium-wordpress\/ -->\n<title>El sistema pluvial de Viedma funciona con normalidad gracias a un intenso trabajo de mantenimiento previo<\/title>\n<meta name=\"robots\" content=\"index, follow, max-snippet:-1, max-image-preview:large, max-video-preview:-1\" \/>\n<link rel=\"canonical\" href=\"https:\/\/patagoniambiental.com.ar\/info\/el-sistema-pluvial-de-viedma-funciona-con-normalidad-gracias-a-un-intenso-trabajo-de-mantenimiento-previo\/\" \/>\n<meta property=\"og:locale\" content=\"es_ES\" \/>\n<meta property=\"og:type\" content=\"article\" \/>\n<meta property=\"og:title\" content=\"El sistema pluvial de Viedma funciona con normalidad gracias a un intenso trabajo de mantenimiento previo\" \/>\n<meta property=\"og:url\" content=\"https:\/\/patagoniambiental.com.ar\/info\/el-sistema-pluvial-de-viedma-funciona-con-normalidad-gracias-a-un-intenso-trabajo-de-mantenimiento-previo\/\" \/>\n<meta property=\"og:site_name\" content=\"Patagonia Ambiental\" \/>\n<meta property=\"article:publisher\" content=\"https:\/\/www.facebook.com\/patagonia.ambiental\" \/>\n<meta property=\"article:published_time\" content=\"2022-01-20T00:10:34+00:00\" \/>\n<meta property=\"article:modified_time\" content=\"2022-01-20T00:10:36+00:00\" \/>\n<meta property=\"og:image\" content=\"https:\/\/patagoniambiental.com.ar\/info\/wp-content\/uploads\/2022\/01\/thumbnail_WhatsApp-Image-2022-01-19-at-11.10.13-AM-1.jpg\" \/>\n\t<meta property=\"og:image:width\" content=\"1269\" \/>\n\t<meta property=\"og:image:height\" content=\"730\" \/>\n\t<meta property=\"og:image:type\" content=\"image\/jpeg\" \/>\n<meta name=\"author\" content=\"BRAIAN ESTEVEZ\" \/>\n<meta name=\"twitter:card\" content=\"summary_large_image\" \/>\n<meta name=\"twitter:creator\" content=\"@PatAmb\" \/>\n<meta name=\"twitter:site\" content=\"@PatAmb\" \/>\n<script type=\"application\/ld+json\" class=\"yoast-schema-graph\">{\"@context\":\"https:\\\/\\\/schema.org\",\"@graph\":[{\"@type\":\"Article\",\"@id\":\"https:\\\/\\\/patagoniambiental.com.ar\\\/info\\\/el-sistema-pluvial-de-viedma-funciona-con-normalidad-gracias-a-un-intenso-trabajo-de-mantenimiento-previo\\\/#article\",\"isPartOf\":{\"@id\":\"https:\\\/\\\/patagoniambiental.com.ar\\\/info\\\/el-sistema-pluvial-de-viedma-funciona-con-normalidad-gracias-a-un-intenso-trabajo-de-mantenimiento-previo\\\/\"},\"author\":{\"name\":\"BRAIAN ESTEVEZ\",\"@id\":\"https:\\\/\\\/patagoniambiental.com.ar\\\/info\\\/#\\\/schema\\\/person\\\/e5af09d700b2e82cb10c6b8800e0c691\"},\"headline\":\"El sistema pluvial de Viedma funciona con normalidad gracias a un intenso trabajo de mantenimiento previo\",\"datePublished\":\"2022-01-20T00:10:34+00:00\",\"dateModified\":\"2022-01-20T00:10:36+00:00\",\"mainEntityOfPage\":{\"@id\":\"https:\\\/\\\/patagoniambiental.com.ar\\\/info\\\/el-sistema-pluvial-de-viedma-funciona-con-normalidad-gracias-a-un-intenso-trabajo-de-mantenimiento-previo\\\/\"},\"wordCount\":326,\"commentCount\":0,\"publisher\":{\"@id\":\"https:\\\/\\\/patagoniambiental.com.ar\\\/info\\\/#organization\"},\"image\":{\"@id\":\"https:\\\/\\\/patagoniambiental.com.ar\\\/info\\\/el-sistema-pluvial-de-viedma-funciona-con-normalidad-gracias-a-un-intenso-trabajo-de-mantenimiento-previo\\\/#primaryimage\"},\"thumbnailUrl\":\"https:\\\/\\\/patagoniambiental.com.ar\\\/info\\\/wp-content\\\/uploads\\\/2022\\\/01\\\/thumbnail_WhatsApp-Image-2022-01-19-at-11.10.13-AM-1.jpg\",\"articleSection\":[\"Noticias\"],\"inLanguage\":\"es\",\"potentialAction\":[{\"@type\":\"CommentAction\",\"name\":\"Comment\",\"target\":[\"https:\\\/\\\/patagoniambiental.com.ar\\\/info\\\/el-sistema-pluvial-de-viedma-funciona-con-normalidad-gracias-a-un-intenso-trabajo-de-mantenimiento-previo\\\/#respond\"]}]},{\"@type\":\"WebPage\",\"@id\":\"https:\\\/\\\/patagoniambiental.com.ar\\\/info\\\/el-sistema-pluvial-de-viedma-funciona-con-normalidad-gracias-a-un-intenso-trabajo-de-mantenimiento-previo\\\/\",\"url\":\"https:\\\/\\\/patagoniambiental.com.ar\\\/info\\\/el-sistema-pluvial-de-viedma-funciona-con-normalidad-gracias-a-un-intenso-trabajo-de-mantenimiento-previo\\\/\",\"name\":\"El sistema pluvial de Viedma funciona con normalidad gracias a un intenso trabajo de mantenimiento previo\",\"isPartOf\":{\"@id\":\"https:\\\/\\\/patagoniambiental.com.ar\\\/info\\\/#website\"},\"primaryImageOfPage\":{\"@id\":\"https:\\\/\\\/patagoniambiental.com.ar\\\/info\\\/el-sistema-pluvial-de-viedma-funciona-con-normalidad-gracias-a-un-intenso-trabajo-de-mantenimiento-previo\\\/#primaryimage\"},\"image\":{\"@id\":\"https:\\\/\\\/patagoniambiental.com.ar\\\/info\\\/el-sistema-pluvial-de-viedma-funciona-con-normalidad-gracias-a-un-intenso-trabajo-de-mantenimiento-previo\\\/#primaryimage\"},\"thumbnailUrl\":\"https:\\\/\\\/patagoniambiental.com.ar\\\/info\\\/wp-content\\\/uploads\\\/2022\\\/01\\\/thumbnail_WhatsApp-Image-2022-01-19-at-11.10.13-AM-1.jpg\",\"datePublished\":\"2022-01-20T00:10:34+00:00\",\"dateModified\":\"2022-01-20T00:10:36+00:00\",\"breadcrumb\":{\"@id\":\"https:\\\/\\\/patagoniambiental.com.ar\\\/info\\\/el-sistema-pluvial-de-viedma-funciona-con-normalidad-gracias-a-un-intenso-trabajo-de-mantenimiento-previo\\\/#breadcrumb\"},\"inLanguage\":\"es\",\"potentialAction\":[{\"@type\":\"ReadAction\",\"target\":[\"https:\\\/\\\/patagoniambiental.com.ar\\\/info\\\/el-sistema-pluvial-de-viedma-funciona-con-normalidad-gracias-a-un-intenso-trabajo-de-mantenimiento-previo\\\/\"]}]},{\"@type\":\"ImageObject\",\"inLanguage\":\"es\",\"@id\":\"https:\\\/\\\/patagoniambiental.com.ar\\\/info\\\/el-sistema-pluvial-de-viedma-funciona-con-normalidad-gracias-a-un-intenso-trabajo-de-mantenimiento-previo\\\/#primaryimage\",\"url\":\"https:\\\/\\\/patagoniambiental.com.ar\\\/info\\\/wp-content\\\/uploads\\\/2022\\\/01\\\/thumbnail_WhatsApp-Image-2022-01-19-at-11.10.13-AM-1.jpg\",\"contentUrl\":\"https:\\\/\\\/patagoniambiental.com.ar\\\/info\\\/wp-content\\\/uploads\\\/2022\\\/01\\\/thumbnail_WhatsApp-Image-2022-01-19-at-11.10.13-AM-1.jpg\",\"width\":1043,\"height\":600},{\"@type\":\"BreadcrumbList\",\"@id\":\"https:\\\/\\\/patagoniambiental.com.ar\\\/info\\\/el-sistema-pluvial-de-viedma-funciona-con-normalidad-gracias-a-un-intenso-trabajo-de-mantenimiento-previo\\\/#breadcrumb\",\"itemListElement\":[{\"@type\":\"ListItem\",\"position\":1,\"name\":\"Inicio\",\"item\":\"https:\\\/\\\/patagoniambiental.com.ar\\\/info\\\/\"},{\"@type\":\"ListItem\",\"position\":2,\"name\":\"El sistema pluvial de Viedma funciona con normalidad gracias a un intenso trabajo de mantenimiento previo\"}]},{\"@type\":\"WebSite\",\"@id\":\"https:\\\/\\\/patagoniambiental.com.ar\\\/info\\\/#website\",\"url\":\"https:\\\/\\\/patagoniambiental.com.ar\\\/info\\\/\",\"name\":\"Patagonia Ambiental\",\"description\":\"Monitoreo y an\u00e1lisis de la situaci\u00f3n geopol\u00edtica en el mundo y su implicancia en la Patagonia\",\"publisher\":{\"@id\":\"https:\\\/\\\/patagoniambiental.com.ar\\\/info\\\/#organization\"},\"potentialAction\":[{\"@type\":\"SearchAction\",\"target\":{\"@type\":\"EntryPoint\",\"urlTemplate\":\"https:\\\/\\\/patagoniambiental.com.ar\\\/info\\\/?s={search_term_string}\"},\"query-input\":{\"@type\":\"PropertyValueSpecification\",\"valueRequired\":true,\"valueName\":\"search_term_string\"}}],\"inLanguage\":\"es\"},{\"@type\":\"Organization\",\"@id\":\"https:\\\/\\\/patagoniambiental.com.ar\\\/info\\\/#organization\",\"name\":\"Patagonia Ambiental\",\"url\":\"https:\\\/\\\/patagoniambiental.com.ar\\\/info\\\/\",\"logo\":{\"@type\":\"ImageObject\",\"inLanguage\":\"es\",\"@id\":\"https:\\\/\\\/patagoniambiental.com.ar\\\/info\\\/#\\\/schema\\\/logo\\\/image\\\/\",\"url\":\"https:\\\/\\\/patagoniambiental.com.ar\\\/info\\\/wp-content\\\/uploads\\\/2025\\\/05\\\/LOGO-PATAGONIA-AMBIENTAL.png\",\"contentUrl\":\"https:\\\/\\\/patagoniambiental.com.ar\\\/info\\\/wp-content\\\/uploads\\\/2025\\\/05\\\/LOGO-PATAGONIA-AMBIENTAL.png\",\"width\":433,\"height\":250,\"caption\":\"Patagonia Ambiental\"},\"image\":{\"@id\":\"https:\\\/\\\/patagoniambiental.com.ar\\\/info\\\/#\\\/schema\\\/logo\\\/image\\\/\"},\"sameAs\":[\"https:\\\/\\\/www.facebook.com\\\/patagonia.ambiental\",\"https:\\\/\\\/x.com\\\/PatAmb\"]},{\"@type\":\"Person\",\"@id\":\"https:\\\/\\\/patagoniambiental.com.ar\\\/info\\\/#\\\/schema\\\/person\\\/e5af09d700b2e82cb10c6b8800e0c691\",\"name\":\"BRAIAN ESTEVEZ\",\"sameAs\":[\"http:\\\/\\\/www.patagoniambiental.com.ar\"]}]}<\/script>\n<!-- \/ Yoast SEO Premium plugin. -->","yoast_head_json":{"title":"El sistema pluvial de Viedma funciona con normalidad gracias a un intenso trabajo de mantenimiento previo","robots":{"index":"index","follow":"follow","max-snippet":"max-snippet:-1","max-image-preview":"max-image-preview:large","max-video-preview":"max-video-preview:-1"},"canonical":"https:\/\/patagoniambiental.com.ar\/info\/el-sistema-pluvial-de-viedma-funciona-con-normalidad-gracias-a-un-intenso-trabajo-de-mantenimiento-previo\/","og_locale":"es_ES","og_type":"article","og_title":"El sistema pluvial de Viedma funciona con normalidad gracias a un intenso trabajo de mantenimiento previo","og_url":"https:\/\/patagoniambiental.com.ar\/info\/el-sistema-pluvial-de-viedma-funciona-con-normalidad-gracias-a-un-intenso-trabajo-de-mantenimiento-previo\/","og_site_name":"Patagonia Ambiental","article_publisher":"https:\/\/www.facebook.com\/patagonia.ambiental","article_published_time":"2022-01-20T00:10:34+00:00","article_modified_time":"2022-01-20T00:10:36+00:00","og_image":[{"width":1269,"height":730,"url":"https:\/\/patagoniambiental.com.ar\/info\/wp-content\/uploads\/2022\/01\/thumbnail_WhatsApp-Image-2022-01-19-at-11.10.13-AM-1.jpg","type":"image\/jpeg"}],"author":"BRAIAN ESTEVEZ","twitter_card":"summary_large_image","twitter_creator":"@PatAmb","twitter_site":"@PatAmb","schema":{"@context":"https:\/\/schema.org","@graph":[{"@type":"Article","@id":"https:\/\/patagoniambiental.com.ar\/info\/el-sistema-pluvial-de-viedma-funciona-con-normalidad-gracias-a-un-intenso-trabajo-de-mantenimiento-previo\/#article","isPartOf":{"@id":"https:\/\/patagoniambiental.com.ar\/info\/el-sistema-pluvial-de-viedma-funciona-con-normalidad-gracias-a-un-intenso-trabajo-de-mantenimiento-previo\/"},"author":{"name":"BRAIAN ESTEVEZ","@id":"https:\/\/patagoniambiental.com.ar\/info\/#\/schema\/person\/e5af09d700b2e82cb10c6b8800e0c691"},"headline":"El sistema pluvial de Viedma funciona con normalidad gracias a un intenso trabajo de mantenimiento previo","datePublished":"2022-01-20T00:10:34+00:00","dateModified":"2022-01-20T00:10:36+00:00","mainEntityOfPage":{"@id":"https:\/\/patagoniambiental.com.ar\/info\/el-sistema-pluvial-de-viedma-funciona-con-normalidad-gracias-a-un-intenso-trabajo-de-mantenimiento-previo\/"},"wordCount":326,"commentCount":0,"publisher":{"@id":"https:\/\/patagoniambiental.com.ar\/info\/#organization"},"image":{"@id":"https:\/\/patagoniambiental.com.ar\/info\/el-sistema-pluvial-de-viedma-funciona-con-normalidad-gracias-a-un-intenso-trabajo-de-mantenimiento-previo\/#primaryimage"},"thumbnailUrl":"https:\/\/patagoniambiental.com.ar\/info\/wp-content\/uploads\/2022\/01\/thumbnail_WhatsApp-Image-2022-01-19-at-11.10.13-AM-1.jpg","articleSection":["Noticias"],"inLanguage":"es","potentialAction":[{"@type":"CommentAction","name":"Comment","target":["https:\/\/patagoniambiental.com.ar\/info\/el-sistema-pluvial-de-viedma-funciona-con-normalidad-gracias-a-un-intenso-trabajo-de-mantenimiento-previo\/#respond"]}]},{"@type":"WebPage","@id":"https:\/\/patagoniambiental.com.ar\/info\/el-sistema-pluvial-de-viedma-funciona-con-normalidad-gracias-a-un-intenso-trabajo-de-mantenimiento-previo\/","url":"https:\/\/patagoniambiental.com.ar\/info\/el-sistema-pluvial-de-viedma-funciona-con-normalidad-gracias-a-un-intenso-trabajo-de-mantenimiento-previo\/","name":"El sistema pluvial de Viedma funciona con normalidad gracias a un intenso trabajo de mantenimiento previo","isPartOf":{"@id":"https:\/\/patagoniambiental.com.ar\/info\/#website"},"primaryImageOfPage":{"@id":"https:\/\/patagoniambiental.com.ar\/info\/el-sistema-pluvial-de-viedma-funciona-con-normalidad-gracias-a-un-intenso-trabajo-de-mantenimiento-previo\/#primaryimage"},"image":{"@id":"https:\/\/patagoniambiental.com.ar\/info\/el-sistema-pluvial-de-viedma-funciona-con-normalidad-gracias-a-un-intenso-trabajo-de-mantenimiento-previo\/#primaryimage"},"thumbnailUrl":"https:\/\/patagoniambiental.com.ar\/info\/wp-content\/uploads\/2022\/01\/thumbnail_WhatsApp-Image-2022-01-19-at-11.10.13-AM-1.jpg","datePublished":"2022-01-20T00:10:34+00:00","dateModified":"2022-01-20T00:10:36+00:00","breadcrumb":{"@id":"https:\/\/patagoniambiental.com.ar\/info\/el-sistema-pluvial-de-viedma-funciona-con-normalidad-gracias-a-un-intenso-trabajo-de-mantenimiento-previo\/#breadcrumb"},"inLanguage":"es","potentialAction":[{"@type":"ReadAction","target":["https:\/\/patagoniambiental.com.ar\/info\/el-sistema-pluvial-de-viedma-funciona-con-normalidad-gracias-a-un-intenso-trabajo-de-mantenimiento-previo\/"]}]},{"@type":"ImageObject","inLanguage":"es","@id":"https:\/\/patagoniambiental.com.ar\/info\/el-sistema-pluvial-de-viedma-funciona-con-normalidad-gracias-a-un-intenso-trabajo-de-mantenimiento-previo\/#primaryimage","url":"https:\/\/patagoniambiental.com.ar\/info\/wp-content\/uploads\/2022\/01\/thumbnail_WhatsApp-Image-2022-01-19-at-11.10.13-AM-1.jpg","contentUrl":"https:\/\/patagoniambiental.com.ar\/info\/wp-content\/uploads\/2022\/01\/thumbnail_WhatsApp-Image-2022-01-19-at-11.10.13-AM-1.jpg","width":1043,"height":600},{"@type":"BreadcrumbList","@id":"https:\/\/patagoniambiental.com.ar\/info\/el-sistema-pluvial-de-viedma-funciona-con-normalidad-gracias-a-un-intenso-trabajo-de-mantenimiento-previo\/#breadcrumb","itemListElement":[{"@type":"ListItem","position":1,"name":"Inicio","item":"https:\/\/patagoniambiental.com.ar\/info\/"},{"@type":"ListItem","position":2,"name":"El sistema pluvial de Viedma funciona con normalidad gracias a un intenso trabajo de mantenimiento previo"}]},{"@type":"WebSite","@id":"https:\/\/patagoniambiental.com.ar\/info\/#website","url":"https:\/\/patagoniambiental.com.ar\/info\/","name":"Patagonia Ambiental","description":"Monitoreo y an\u00e1lisis de la situaci\u00f3n geopol\u00edtica en el mundo y su implicancia en la Patagonia","publisher":{"@id":"https:\/\/patagoniambiental.com.ar\/info\/#organization"},"potentialAction":[{"@type":"SearchAction","target":{"@type":"EntryPoint","urlTemplate":"https:\/\/patagoniambiental.com.ar\/info\/?s={search_term_string}"},"query-input":{"@type":"PropertyValueSpecification","valueRequired":true,"valueName":"search_term_string"}}],"inLanguage":"es"},{"@type":"Organization","@id":"https:\/\/patagoniambiental.com.ar\/info\/#organization","name":"Patagonia Ambiental","url":"https:\/\/patagoniambiental.com.ar\/info\/","logo":{"@type":"ImageObject","inLanguage":"es","@id":"https:\/\/patagoniambiental.com.ar\/info\/#\/schema\/logo\/image\/","url":"https:\/\/patagoniambiental.com.ar\/info\/wp-content\/uploads\/2025\/05\/LOGO-PATAGONIA-AMBIENTAL.png","contentUrl":"https:\/\/patagoniambiental.com.ar\/info\/wp-content\/uploads\/2025\/05\/LOGO-PATAGONIA-AMBIENTAL.png","width":433,"height":250,"caption":"Patagonia Ambiental"},"image":{"@id":"https:\/\/patagoniambiental.com.ar\/info\/#\/schema\/logo\/image\/"},"sameAs":["https:\/\/www.facebook.com\/patagonia.ambiental","https:\/\/x.com\/PatAmb"]},{"@type":"Person","@id":"https:\/\/patagoniambiental.com.ar\/info\/#\/schema\/person\/e5af09d700b2e82cb10c6b8800e0c691","name":"BRAIAN ESTEVEZ","sameAs":["http:\/\/www.patagoniambiental.com.ar"]}]}},"_links":{"self":[{"href":"https:\/\/patagoniambiental.com.ar\/info\/wp-json\/wp\/v2\/posts\/75086","targetHints":{"allow":["GET"]}}],"collection":[{"href":"https:\/\/patagoniambiental.com.ar\/info\/wp-json\/wp\/v2\/posts"}],"about":[{"href":"https:\/\/patagoniambiental.com.ar\/info\/wp-json\/wp\/v2\/types\/post"}],"author":[{"embeddable":true,"href":"https:\/\/patagoniambiental.com.ar\/info\/wp-json\/wp\/v2\/users\/6"}],"replies":[{"embeddable":true,"href":"https:\/\/patagoniambiental.com.ar\/info\/wp-json\/wp\/v2\/comments?post=75086"}],"version-history":[{"count":0,"href":"https:\/\/patagoniambiental.com.ar\/info\/wp-json\/wp\/v2\/posts\/75086\/revisions"}],"wp:featuredmedia":[{"embeddable":true,"href":"https:\/\/patagoniambiental.com.ar\/info\/wp-json\/wp\/v2\/media\/75087"}],"wp:attachment":[{"href":"https:\/\/patagoniambiental.com.ar\/info\/wp-json\/wp\/v2\/media?parent=75086"}],"wp:term":[{"taxonomy":"category","embeddable":true,"href":"https:\/\/patagoniambiental.com.ar\/info\/wp-json\/wp\/v2\/categories?post=75086"},{"taxonomy":"post_tag","embeddable":true,"href":"https:\/\/patagoniambiental.com.ar\/info\/wp-json\/wp\/v2\/tags?post=75086"}],"curies":[{"name":"wp","href":"https:\/\/api.w.org\/{rel}","templated":true}]}}