{"id":75097,"date":"2022-01-22T07:00:00","date_gmt":"2022-01-22T10:00:00","guid":{"rendered":"http:\/\/patagoniambiental.com.ar\/info\/?p=75097"},"modified":"2022-01-21T08:52:52","modified_gmt":"2022-01-21T11:52:52","slug":"araucarias-sabias-un-estudio-demuestra-que-se-reproducen-mas-durante-las-sequias","status":"publish","type":"post","link":"https:\/\/patagoniambiental.com.ar\/info\/araucarias-sabias-un-estudio-demuestra-que-se-reproducen-mas-durante-las-sequias\/","title":{"rendered":"Araucarias sabias: un estudio demuestra que se reproducen m\u00e1s durante las sequ\u00edas"},"content":{"rendered":"\n<!--more-->\n\n\n\n<p>Investigadores del CONICET y el Parque Nacional Lan\u00edn comprobaron que estos \u00e1rboles producen m\u00e1s semillas con condiciones clim\u00e1ticas adversas.<\/p>\n\n\n\n<p>Por Sof\u00eda Sandoval<br>ssandoval@lmneuquen.com.ar<br>Araucarias sabias: un estudio demuestra que se reproducen m\u00e1s durante las sequ\u00edas<br>Milenarios, monumentales y emblem\u00e1ticos, los pehuenes o araucarias son el s\u00edmbolo de la provincia de Neuqu\u00e9n; tanto que uno de ellos se alza triunfal en medio del escudo provincial, y sus a\u00f1osos ejemplares salpican las laderas precordilleranas para transformarse en bosques majestuosos en las zonas m\u00e1s monta\u00f1osas de esta geograf\u00eda. Un reciente estudio cient\u00edfico tambi\u00e9n ofreci\u00f3 evidencia de su sabidur\u00eda, ya que estos \u00e1rboles se adaptan a las sequ\u00edas m\u00e1s extremas con producciones extraordinarias de semillas.<\/p>\n\n\n\n<p>El Consejo Nacional de Investigaciones Cient\u00edficas y T\u00e9cnicas (CONICET) y el Parque Nacional Lan\u00edn (PNL) se unieron en una investigaci\u00f3n para interpretar las caracter\u00edsticas de adaptabilidad de las araucarias, as\u00ed como sus procesos reproductivos. As\u00ed, los cient\u00edficos descubrieron que estos \u00e1rboles logran adaptarse a las condiciones clim\u00e1ticas adversas a trav\u00e9s de una producci\u00f3n de semillas superior a los promedios anuales durante los contextos de sequ\u00edas prolongadas.<\/p>\n\n\n\n<p><\/p>\n\n\n\n<p>turismo de cercania 2022: trekking nocturno y estrellas fugaces en paso cordoba<br>Turismo de Cercan\u00eda 2022: trekking nocturno y estrellas fugaces en Paso C\u00f3rdoba<\/p>\n\n\n\n<p>Esta cualidad del pehu\u00e9n se vuelven especialmente valiosa en estos tiempos, con m\u00e1s de 14 a\u00f1os de sequ\u00eda en la provincia y un riesgo de incendio forestal que las acecha de un modo cada vez m\u00e1s evidente. Frente a los violentos embates de la sequ\u00eda y el fuego, las araucarias se reproducen todav\u00eda m\u00e1s para seguir vigentes.<\/p>\n\n\n\n<p>\u00abNo todas las plantas se reproducen de forma continua, algunas utilizan estrategias evolutivas que les permiten maximizar el \u00e9xito de su descendencia cuando en el ambiente existen fuertes presiones de depredaci\u00f3n de semillas\u00bb, explica este estudio difundido por CONICET.<\/p>\n\n\n\n<p>El informe explica que aproximadamente en dos de cada diez a\u00f1os, las plantas generan una \u00absemillaz\u00f3n\u00bb; es decir, una producci\u00f3n de semillas superior al promedio que se intercalan con per\u00edodos de menos producci\u00f3n. \u00bb Al producirse, los depredadores presentes no alcanzan a consumir tal cantidad de semillas disponibles, por lo cual muchas de \u00e9stas logran sobrevivir a la depredaci\u00f3n, germinar, y convertirse en plantas adultas\u00bb, se\u00f1ala el estudio.<\/p>\n\n\n\n<p>\u00abLa pregunta que surge a partir de ellos es c\u00f3mo logran las plantas \u201cponerse de acuerdo\u201d y sincronizar su reproducci\u00f3n sobre tan amplias extensiones. La respuesta m\u00e1s consolidada hasta el momento es que esa sincronicidad tiene lugar ante eventos extraordinarios, por ejemplo, sequ\u00edas\u00bb, explica el documento, y aclara que las araucarias leen las claves del ambiente para generar mecanismos fisiol\u00f3gicos que les permitan sobrevivir.<\/p>\n\n\n\n<p>Las araucarias sobre la cordillera, un emblema de Neuqu\u00e9n.<br>Las araucarias sobre la cordillera, un emblema de Neuqu\u00e9n.<br>\u201cNuestras reconstrucciones de eventos de semillaz\u00f3n muestran que los ciclos o fases clim\u00e1ticas y las etapas del ciclo reproductivo est\u00e1n \u00edntimamente acoplados. En el caso del pewen o araucaria, los \u00e1rboles detectan las sequ\u00edas generadas durante la fase La Ni\u00f1a en el norte Patagonia e invierten recursos para garantizar una gran semillaz\u00f3n, que ocurre justo en el cambio de fase a El Ni\u00f1o, generalmente asociado a mayores precipitaciones. De esta forma las semillas encuentran las condiciones favorables de humedad para poder germinar y desarrollar las pl\u00e1ntulas\u201d, dijo Thomas Kitzberger, investigador de la UNCo.<\/p>\n\n\n\n<p>El estudio de los ciclos reproductivos del pewen o araucaria fue llevado a cabo por los cient\u00edficos Ignacio Mundo, investigador del CONICET en el Instituto Argentino de Nivolog\u00eda, Glaciolog\u00eda y Ciencias Ambientales (IANIGLA, CONICET-UNCuyo); Thomas Kitzberger, investigador del Consejo en el Instituto de Investigaciones en Biodiversidad y Medioambiente (INIBIOMA, CONICET-UNCo); y Javier Sanguinetti de la Administraci\u00f3n de Parques Nacionales (APN) en el Parque Nacional Lan\u00edn.<\/p>\n\n\n\n<p>El proceso de investigaci\u00f3n<\/p>\n\n\n\n<p>Durante a\u00f1os, los investigadores vienen intentado reconstruir estos eventos de semillaz\u00f3n a partir de anillos anuales de crecimiento de especies le\u00f1osas, ya que este fen\u00f3meno involucra un gasto energ\u00e9tico extraordinario que se puede traducir en una reducci\u00f3n en el crecimiento radial de la planta.<\/p>\n\n\n\n<p>Sin embargo, la dificultad que presenta este m\u00e9todo de medici\u00f3n es que no puede aislar otros factores que reducen el crecimiento, por lo que un anillo angosto puede representar tanto un agotamiento de recursos por la reproducci\u00f3n, como un menor acceso de la planta a recursos, por ejemplo, por una sequ\u00eda o ambos.<\/p>\n\n\n\n<p>Federico Soto<br>Los autores se preguntaron: \u00bfc\u00f3mo lograr separar los dem\u00e1s factores que influyen en el crecimiento de anillos y retener de manera m\u00e1s pura posible la se\u00f1al de la reproducci\u00f3n? Con el objetivo de acercarse a una respuesta a este interrogante, estudiaron el proceso la araucaria, un \u00e1rbol dioico, es decir, con sexos separados. A partir de tomar a los \u00e1rboles machos como controles y analizar el crecimiento anual de las hembras que realizan un mayor esfuerzo reproductivo, se obtuvo un \u00edndice de semillaz\u00f3n.<\/p>\n\n\n\n<p>Con esta t\u00e9cnica, los investigadores obtuvieron informaci\u00f3n de los procesos reproductivos de las araucarias durante siete siglos, lo que forma el registro m\u00e1s extenso en la tem\u00e1tica. As\u00ed, pudieron relacionarlo con los eventos clim\u00e1ticos de cada contexto y vincular ambas variables. Su estudio tiene tal importancia que ilustr\u00f3 la portada de la prestigiosa revista Nature Plants.<\/p>\n\n\n\n<p>\u00abEsto refleja la importancia de nuestro estudio, el cual est\u00e1 en sinton\u00eda con el creciente inter\u00e9s de la comunidad cient\u00edfica por estudiar c\u00f3mo el clima es un agente de suma importancia que afecta el ciclo reproductivo de las plantas\u201d, sostuvo Kitzberger.<\/p>\n\n\n\n<p>Seg\u00fan el CONICET, \u00abesta investigaci\u00f3n posibilita la apertura de nuevos interrogantes acerca del comportamiento reproductivo que tendr\u00e1n estas especies en el contexto de las ya perceptibles y crecientes alteraciones directas o indirectas de los seres humanos sobre el clima global, informaci\u00f3n clave para planificar la conservaci\u00f3n de largo plazo de los ecosistemas boscosos en escenarios cambiantes\u00bb.<\/p>\n\n\n\n<p>La informaci\u00f3n aportada por este nuevo estudio cobra especial relevancia en estos tiempos, cuando se desat\u00f3 una serie de incendios forestales que afect\u00f3 de manera cr\u00edtica a grandes superficies de bosques nativos e implantados en la provincia de Neuqu\u00e9n y cuando se atraviesa una prolongada sequ\u00eda que incrementa el riesgo de incendio y as\u00ed, de la supervivencia de estas plantas emblem\u00e1ticas.<\/p>\n\n\n\n<p>Fuente: https:\/\/www.lmneuquen.com\/araucarias-sabias-un-estudio-demuestra-que-se-reproducen-mas-las-sequias-n878623<\/p>\n","protected":false},"excerpt":{"rendered":"","protected":false},"author":6,"featured_media":75098,"comment_status":"open","ping_status":"open","sticky":false,"template":"","format":"standard","meta":{"site-sidebar-layout":"default","site-content-layout":"","ast-site-content-layout":"default","site-content-style":"default","site-sidebar-style":"default","ast-global-header-display":"","ast-banner-title-visibility":"","ast-main-header-display":"","ast-hfb-above-header-display":"","ast-hfb-below-header-display":"","ast-hfb-mobile-header-display":"","site-post-title":"","ast-breadcrumbs-content":"","ast-featured-img":"","footer-sml-layout":"","ast-disable-related-posts":"","theme-transparent-header-meta":"","adv-header-id-meta":"","stick-header-meta":"","header-above-stick-meta":"","header-main-stick-meta":"","header-below-stick-meta":"","astra-migrate-meta-layouts":"default","ast-page-background-enabled":"default","ast-page-background-meta":{"desktop":{"background-color":"var(--ast-global-color-5)","background-image":"","background-repeat":"repeat","background-position":"center center","background-size":"auto","background-attachment":"scroll","background-type":"","background-media":"","overlay-type":"","overlay-color":"","overlay-opacity":"","overlay-gradient":""},"tablet":{"background-color":"","background-image":"","background-repeat":"repeat","background-position":"center center","background-size":"auto","background-attachment":"scroll","background-type":"","background-media":"","overlay-type":"","overlay-color":"","overlay-opacity":"","overlay-gradient":""},"mobile":{"background-color":"","background-image":"","background-repeat":"repeat","background-position":"center center","background-size":"auto","background-attachment":"scroll","background-type":"","background-media":"","overlay-type":"","overlay-color":"","overlay-opacity":"","overlay-gradient":""}},"ast-content-background-meta":{"desktop":{"background-color":"var(--ast-global-color-4)","background-image":"","background-repeat":"repeat","background-position":"center center","background-size":"auto","background-attachment":"scroll","background-type":"","background-media":"","overlay-type":"","overlay-color":"","overlay-opacity":"","overlay-gradient":""},"tablet":{"background-color":"var(--ast-global-color-4)","background-image":"","background-repeat":"repeat","background-position":"center center","background-size":"auto","background-attachment":"scroll","background-type":"","background-media":"","overlay-type":"","overlay-color":"","overlay-opacity":"","overlay-gradient":""},"mobile":{"background-color":"var(--ast-global-color-4)","background-image":"","background-repeat":"repeat","background-position":"center center","background-size":"auto","background-attachment":"scroll","background-type":"","background-media":"","overlay-type":"","overlay-color":"","overlay-opacity":"","overlay-gradient":""}},"footnotes":""},"categories":[1],"tags":[],"class_list":["post-75097","post","type-post","status-publish","format-standard","has-post-thumbnail","hentry","category-noticias"],"yoast_head":"<!-- This site is optimized with the Yoast SEO Premium plugin v23.0 (Yoast SEO v27.5) - https:\/\/yoast.com\/product\/yoast-seo-premium-wordpress\/ -->\n<title>Araucarias sabias: un estudio demuestra que se reproducen m\u00e1s durante las sequ\u00edas<\/title>\n<meta name=\"robots\" content=\"index, follow, max-snippet:-1, max-image-preview:large, max-video-preview:-1\" \/>\n<link rel=\"canonical\" href=\"https:\/\/patagoniambiental.com.ar\/info\/araucarias-sabias-un-estudio-demuestra-que-se-reproducen-mas-durante-las-sequias\/\" \/>\n<meta property=\"og:locale\" content=\"es_ES\" \/>\n<meta property=\"og:type\" content=\"article\" \/>\n<meta property=\"og:title\" content=\"Araucarias sabias: un estudio demuestra que se reproducen m\u00e1s durante las sequ\u00edas\" \/>\n<meta property=\"og:url\" content=\"https:\/\/patagoniambiental.com.ar\/info\/araucarias-sabias-un-estudio-demuestra-que-se-reproducen-mas-durante-las-sequias\/\" \/>\n<meta property=\"og:site_name\" content=\"Patagonia Ambiental\" \/>\n<meta property=\"article:publisher\" content=\"https:\/\/www.facebook.com\/patagonia.ambiental\" \/>\n<meta property=\"article:published_time\" content=\"2022-01-22T10:00:00+00:00\" \/>\n<meta property=\"og:image\" content=\"https:\/\/patagoniambiental.com.ar\/info\/wp-content\/uploads\/2022\/01\/las-araucarias-son-las-plantas-mas-caracteristicas-neuquen.jpg\" \/>\n\t<meta property=\"og:image:width\" content=\"770\" \/>\n\t<meta property=\"og:image:height\" content=\"433\" \/>\n\t<meta property=\"og:image:type\" content=\"image\/jpeg\" \/>\n<meta name=\"author\" content=\"BRAIAN ESTEVEZ\" \/>\n<meta name=\"twitter:card\" content=\"summary_large_image\" \/>\n<meta name=\"twitter:creator\" content=\"@PatAmb\" \/>\n<meta name=\"twitter:site\" content=\"@PatAmb\" \/>\n<script type=\"application\/ld+json\" class=\"yoast-schema-graph\">{\"@context\":\"https:\\\/\\\/schema.org\",\"@graph\":[{\"@type\":\"Article\",\"@id\":\"https:\\\/\\\/patagoniambiental.com.ar\\\/info\\\/araucarias-sabias-un-estudio-demuestra-que-se-reproducen-mas-durante-las-sequias\\\/#article\",\"isPartOf\":{\"@id\":\"https:\\\/\\\/patagoniambiental.com.ar\\\/info\\\/araucarias-sabias-un-estudio-demuestra-que-se-reproducen-mas-durante-las-sequias\\\/\"},\"author\":{\"name\":\"BRAIAN ESTEVEZ\",\"@id\":\"https:\\\/\\\/patagoniambiental.com.ar\\\/info\\\/#\\\/schema\\\/person\\\/e5af09d700b2e82cb10c6b8800e0c691\"},\"headline\":\"Araucarias sabias: un estudio demuestra que se reproducen m\u00e1s durante las sequ\u00edas\",\"datePublished\":\"2022-01-22T10:00:00+00:00\",\"mainEntityOfPage\":{\"@id\":\"https:\\\/\\\/patagoniambiental.com.ar\\\/info\\\/araucarias-sabias-un-estudio-demuestra-que-se-reproducen-mas-durante-las-sequias\\\/\"},\"wordCount\":1121,\"commentCount\":0,\"publisher\":{\"@id\":\"https:\\\/\\\/patagoniambiental.com.ar\\\/info\\\/#organization\"},\"image\":{\"@id\":\"https:\\\/\\\/patagoniambiental.com.ar\\\/info\\\/araucarias-sabias-un-estudio-demuestra-que-se-reproducen-mas-durante-las-sequias\\\/#primaryimage\"},\"thumbnailUrl\":\"https:\\\/\\\/patagoniambiental.com.ar\\\/info\\\/wp-content\\\/uploads\\\/2022\\\/01\\\/las-araucarias-son-las-plantas-mas-caracteristicas-neuquen.jpg\",\"articleSection\":[\"Noticias\"],\"inLanguage\":\"es\",\"potentialAction\":[{\"@type\":\"CommentAction\",\"name\":\"Comment\",\"target\":[\"https:\\\/\\\/patagoniambiental.com.ar\\\/info\\\/araucarias-sabias-un-estudio-demuestra-que-se-reproducen-mas-durante-las-sequias\\\/#respond\"]}]},{\"@type\":\"WebPage\",\"@id\":\"https:\\\/\\\/patagoniambiental.com.ar\\\/info\\\/araucarias-sabias-un-estudio-demuestra-que-se-reproducen-mas-durante-las-sequias\\\/\",\"url\":\"https:\\\/\\\/patagoniambiental.com.ar\\\/info\\\/araucarias-sabias-un-estudio-demuestra-que-se-reproducen-mas-durante-las-sequias\\\/\",\"name\":\"Araucarias sabias: un estudio demuestra que se reproducen m\u00e1s durante las sequ\u00edas\",\"isPartOf\":{\"@id\":\"https:\\\/\\\/patagoniambiental.com.ar\\\/info\\\/#website\"},\"primaryImageOfPage\":{\"@id\":\"https:\\\/\\\/patagoniambiental.com.ar\\\/info\\\/araucarias-sabias-un-estudio-demuestra-que-se-reproducen-mas-durante-las-sequias\\\/#primaryimage\"},\"image\":{\"@id\":\"https:\\\/\\\/patagoniambiental.com.ar\\\/info\\\/araucarias-sabias-un-estudio-demuestra-que-se-reproducen-mas-durante-las-sequias\\\/#primaryimage\"},\"thumbnailUrl\":\"https:\\\/\\\/patagoniambiental.com.ar\\\/info\\\/wp-content\\\/uploads\\\/2022\\\/01\\\/las-araucarias-son-las-plantas-mas-caracteristicas-neuquen.jpg\",\"datePublished\":\"2022-01-22T10:00:00+00:00\",\"breadcrumb\":{\"@id\":\"https:\\\/\\\/patagoniambiental.com.ar\\\/info\\\/araucarias-sabias-un-estudio-demuestra-que-se-reproducen-mas-durante-las-sequias\\\/#breadcrumb\"},\"inLanguage\":\"es\",\"potentialAction\":[{\"@type\":\"ReadAction\",\"target\":[\"https:\\\/\\\/patagoniambiental.com.ar\\\/info\\\/araucarias-sabias-un-estudio-demuestra-que-se-reproducen-mas-durante-las-sequias\\\/\"]}]},{\"@type\":\"ImageObject\",\"inLanguage\":\"es\",\"@id\":\"https:\\\/\\\/patagoniambiental.com.ar\\\/info\\\/araucarias-sabias-un-estudio-demuestra-que-se-reproducen-mas-durante-las-sequias\\\/#primaryimage\",\"url\":\"https:\\\/\\\/patagoniambiental.com.ar\\\/info\\\/wp-content\\\/uploads\\\/2022\\\/01\\\/las-araucarias-son-las-plantas-mas-caracteristicas-neuquen.jpg\",\"contentUrl\":\"https:\\\/\\\/patagoniambiental.com.ar\\\/info\\\/wp-content\\\/uploads\\\/2022\\\/01\\\/las-araucarias-son-las-plantas-mas-caracteristicas-neuquen.jpg\",\"width\":770,\"height\":433},{\"@type\":\"BreadcrumbList\",\"@id\":\"https:\\\/\\\/patagoniambiental.com.ar\\\/info\\\/araucarias-sabias-un-estudio-demuestra-que-se-reproducen-mas-durante-las-sequias\\\/#breadcrumb\",\"itemListElement\":[{\"@type\":\"ListItem\",\"position\":1,\"name\":\"Inicio\",\"item\":\"https:\\\/\\\/patagoniambiental.com.ar\\\/info\\\/\"},{\"@type\":\"ListItem\",\"position\":2,\"name\":\"Araucarias sabias: un estudio demuestra que se reproducen m\u00e1s durante las sequ\u00edas\"}]},{\"@type\":\"WebSite\",\"@id\":\"https:\\\/\\\/patagoniambiental.com.ar\\\/info\\\/#website\",\"url\":\"https:\\\/\\\/patagoniambiental.com.ar\\\/info\\\/\",\"name\":\"Patagonia Ambiental\",\"description\":\"Monitoreo y an\u00e1lisis de la situaci\u00f3n geopol\u00edtica en el mundo y su implicancia en la Patagonia\",\"publisher\":{\"@id\":\"https:\\\/\\\/patagoniambiental.com.ar\\\/info\\\/#organization\"},\"potentialAction\":[{\"@type\":\"SearchAction\",\"target\":{\"@type\":\"EntryPoint\",\"urlTemplate\":\"https:\\\/\\\/patagoniambiental.com.ar\\\/info\\\/?s={search_term_string}\"},\"query-input\":{\"@type\":\"PropertyValueSpecification\",\"valueRequired\":true,\"valueName\":\"search_term_string\"}}],\"inLanguage\":\"es\"},{\"@type\":\"Organization\",\"@id\":\"https:\\\/\\\/patagoniambiental.com.ar\\\/info\\\/#organization\",\"name\":\"Patagonia Ambiental\",\"url\":\"https:\\\/\\\/patagoniambiental.com.ar\\\/info\\\/\",\"logo\":{\"@type\":\"ImageObject\",\"inLanguage\":\"es\",\"@id\":\"https:\\\/\\\/patagoniambiental.com.ar\\\/info\\\/#\\\/schema\\\/logo\\\/image\\\/\",\"url\":\"https:\\\/\\\/patagoniambiental.com.ar\\\/info\\\/wp-content\\\/uploads\\\/2025\\\/05\\\/LOGO-PATAGONIA-AMBIENTAL.png\",\"contentUrl\":\"https:\\\/\\\/patagoniambiental.com.ar\\\/info\\\/wp-content\\\/uploads\\\/2025\\\/05\\\/LOGO-PATAGONIA-AMBIENTAL.png\",\"width\":433,\"height\":250,\"caption\":\"Patagonia Ambiental\"},\"image\":{\"@id\":\"https:\\\/\\\/patagoniambiental.com.ar\\\/info\\\/#\\\/schema\\\/logo\\\/image\\\/\"},\"sameAs\":[\"https:\\\/\\\/www.facebook.com\\\/patagonia.ambiental\",\"https:\\\/\\\/x.com\\\/PatAmb\"]},{\"@type\":\"Person\",\"@id\":\"https:\\\/\\\/patagoniambiental.com.ar\\\/info\\\/#\\\/schema\\\/person\\\/e5af09d700b2e82cb10c6b8800e0c691\",\"name\":\"BRAIAN ESTEVEZ\",\"sameAs\":[\"http:\\\/\\\/www.patagoniambiental.com.ar\"]}]}<\/script>\n<!-- \/ Yoast SEO Premium plugin. -->","yoast_head_json":{"title":"Araucarias sabias: un estudio demuestra que se reproducen m\u00e1s durante las sequ\u00edas","robots":{"index":"index","follow":"follow","max-snippet":"max-snippet:-1","max-image-preview":"max-image-preview:large","max-video-preview":"max-video-preview:-1"},"canonical":"https:\/\/patagoniambiental.com.ar\/info\/araucarias-sabias-un-estudio-demuestra-que-se-reproducen-mas-durante-las-sequias\/","og_locale":"es_ES","og_type":"article","og_title":"Araucarias sabias: un estudio demuestra que se reproducen m\u00e1s durante las sequ\u00edas","og_url":"https:\/\/patagoniambiental.com.ar\/info\/araucarias-sabias-un-estudio-demuestra-que-se-reproducen-mas-durante-las-sequias\/","og_site_name":"Patagonia Ambiental","article_publisher":"https:\/\/www.facebook.com\/patagonia.ambiental","article_published_time":"2022-01-22T10:00:00+00:00","og_image":[{"width":770,"height":433,"url":"https:\/\/patagoniambiental.com.ar\/info\/wp-content\/uploads\/2022\/01\/las-araucarias-son-las-plantas-mas-caracteristicas-neuquen.jpg","type":"image\/jpeg"}],"author":"BRAIAN ESTEVEZ","twitter_card":"summary_large_image","twitter_creator":"@PatAmb","twitter_site":"@PatAmb","schema":{"@context":"https:\/\/schema.org","@graph":[{"@type":"Article","@id":"https:\/\/patagoniambiental.com.ar\/info\/araucarias-sabias-un-estudio-demuestra-que-se-reproducen-mas-durante-las-sequias\/#article","isPartOf":{"@id":"https:\/\/patagoniambiental.com.ar\/info\/araucarias-sabias-un-estudio-demuestra-que-se-reproducen-mas-durante-las-sequias\/"},"author":{"name":"BRAIAN ESTEVEZ","@id":"https:\/\/patagoniambiental.com.ar\/info\/#\/schema\/person\/e5af09d700b2e82cb10c6b8800e0c691"},"headline":"Araucarias sabias: un estudio demuestra que se reproducen m\u00e1s durante las sequ\u00edas","datePublished":"2022-01-22T10:00:00+00:00","mainEntityOfPage":{"@id":"https:\/\/patagoniambiental.com.ar\/info\/araucarias-sabias-un-estudio-demuestra-que-se-reproducen-mas-durante-las-sequias\/"},"wordCount":1121,"commentCount":0,"publisher":{"@id":"https:\/\/patagoniambiental.com.ar\/info\/#organization"},"image":{"@id":"https:\/\/patagoniambiental.com.ar\/info\/araucarias-sabias-un-estudio-demuestra-que-se-reproducen-mas-durante-las-sequias\/#primaryimage"},"thumbnailUrl":"https:\/\/patagoniambiental.com.ar\/info\/wp-content\/uploads\/2022\/01\/las-araucarias-son-las-plantas-mas-caracteristicas-neuquen.jpg","articleSection":["Noticias"],"inLanguage":"es","potentialAction":[{"@type":"CommentAction","name":"Comment","target":["https:\/\/patagoniambiental.com.ar\/info\/araucarias-sabias-un-estudio-demuestra-que-se-reproducen-mas-durante-las-sequias\/#respond"]}]},{"@type":"WebPage","@id":"https:\/\/patagoniambiental.com.ar\/info\/araucarias-sabias-un-estudio-demuestra-que-se-reproducen-mas-durante-las-sequias\/","url":"https:\/\/patagoniambiental.com.ar\/info\/araucarias-sabias-un-estudio-demuestra-que-se-reproducen-mas-durante-las-sequias\/","name":"Araucarias sabias: un estudio demuestra que se reproducen m\u00e1s durante las sequ\u00edas","isPartOf":{"@id":"https:\/\/patagoniambiental.com.ar\/info\/#website"},"primaryImageOfPage":{"@id":"https:\/\/patagoniambiental.com.ar\/info\/araucarias-sabias-un-estudio-demuestra-que-se-reproducen-mas-durante-las-sequias\/#primaryimage"},"image":{"@id":"https:\/\/patagoniambiental.com.ar\/info\/araucarias-sabias-un-estudio-demuestra-que-se-reproducen-mas-durante-las-sequias\/#primaryimage"},"thumbnailUrl":"https:\/\/patagoniambiental.com.ar\/info\/wp-content\/uploads\/2022\/01\/las-araucarias-son-las-plantas-mas-caracteristicas-neuquen.jpg","datePublished":"2022-01-22T10:00:00+00:00","breadcrumb":{"@id":"https:\/\/patagoniambiental.com.ar\/info\/araucarias-sabias-un-estudio-demuestra-que-se-reproducen-mas-durante-las-sequias\/#breadcrumb"},"inLanguage":"es","potentialAction":[{"@type":"ReadAction","target":["https:\/\/patagoniambiental.com.ar\/info\/araucarias-sabias-un-estudio-demuestra-que-se-reproducen-mas-durante-las-sequias\/"]}]},{"@type":"ImageObject","inLanguage":"es","@id":"https:\/\/patagoniambiental.com.ar\/info\/araucarias-sabias-un-estudio-demuestra-que-se-reproducen-mas-durante-las-sequias\/#primaryimage","url":"https:\/\/patagoniambiental.com.ar\/info\/wp-content\/uploads\/2022\/01\/las-araucarias-son-las-plantas-mas-caracteristicas-neuquen.jpg","contentUrl":"https:\/\/patagoniambiental.com.ar\/info\/wp-content\/uploads\/2022\/01\/las-araucarias-son-las-plantas-mas-caracteristicas-neuquen.jpg","width":770,"height":433},{"@type":"BreadcrumbList","@id":"https:\/\/patagoniambiental.com.ar\/info\/araucarias-sabias-un-estudio-demuestra-que-se-reproducen-mas-durante-las-sequias\/#breadcrumb","itemListElement":[{"@type":"ListItem","position":1,"name":"Inicio","item":"https:\/\/patagoniambiental.com.ar\/info\/"},{"@type":"ListItem","position":2,"name":"Araucarias sabias: un estudio demuestra que se reproducen m\u00e1s durante las sequ\u00edas"}]},{"@type":"WebSite","@id":"https:\/\/patagoniambiental.com.ar\/info\/#website","url":"https:\/\/patagoniambiental.com.ar\/info\/","name":"Patagonia Ambiental","description":"Monitoreo y an\u00e1lisis de la situaci\u00f3n geopol\u00edtica en el mundo y su implicancia en la Patagonia","publisher":{"@id":"https:\/\/patagoniambiental.com.ar\/info\/#organization"},"potentialAction":[{"@type":"SearchAction","target":{"@type":"EntryPoint","urlTemplate":"https:\/\/patagoniambiental.com.ar\/info\/?s={search_term_string}"},"query-input":{"@type":"PropertyValueSpecification","valueRequired":true,"valueName":"search_term_string"}}],"inLanguage":"es"},{"@type":"Organization","@id":"https:\/\/patagoniambiental.com.ar\/info\/#organization","name":"Patagonia Ambiental","url":"https:\/\/patagoniambiental.com.ar\/info\/","logo":{"@type":"ImageObject","inLanguage":"es","@id":"https:\/\/patagoniambiental.com.ar\/info\/#\/schema\/logo\/image\/","url":"https:\/\/patagoniambiental.com.ar\/info\/wp-content\/uploads\/2025\/05\/LOGO-PATAGONIA-AMBIENTAL.png","contentUrl":"https:\/\/patagoniambiental.com.ar\/info\/wp-content\/uploads\/2025\/05\/LOGO-PATAGONIA-AMBIENTAL.png","width":433,"height":250,"caption":"Patagonia Ambiental"},"image":{"@id":"https:\/\/patagoniambiental.com.ar\/info\/#\/schema\/logo\/image\/"},"sameAs":["https:\/\/www.facebook.com\/patagonia.ambiental","https:\/\/x.com\/PatAmb"]},{"@type":"Person","@id":"https:\/\/patagoniambiental.com.ar\/info\/#\/schema\/person\/e5af09d700b2e82cb10c6b8800e0c691","name":"BRAIAN ESTEVEZ","sameAs":["http:\/\/www.patagoniambiental.com.ar"]}]}},"_links":{"self":[{"href":"https:\/\/patagoniambiental.com.ar\/info\/wp-json\/wp\/v2\/posts\/75097","targetHints":{"allow":["GET"]}}],"collection":[{"href":"https:\/\/patagoniambiental.com.ar\/info\/wp-json\/wp\/v2\/posts"}],"about":[{"href":"https:\/\/patagoniambiental.com.ar\/info\/wp-json\/wp\/v2\/types\/post"}],"author":[{"embeddable":true,"href":"https:\/\/patagoniambiental.com.ar\/info\/wp-json\/wp\/v2\/users\/6"}],"replies":[{"embeddable":true,"href":"https:\/\/patagoniambiental.com.ar\/info\/wp-json\/wp\/v2\/comments?post=75097"}],"version-history":[{"count":0,"href":"https:\/\/patagoniambiental.com.ar\/info\/wp-json\/wp\/v2\/posts\/75097\/revisions"}],"wp:featuredmedia":[{"embeddable":true,"href":"https:\/\/patagoniambiental.com.ar\/info\/wp-json\/wp\/v2\/media\/75098"}],"wp:attachment":[{"href":"https:\/\/patagoniambiental.com.ar\/info\/wp-json\/wp\/v2\/media?parent=75097"}],"wp:term":[{"taxonomy":"category","embeddable":true,"href":"https:\/\/patagoniambiental.com.ar\/info\/wp-json\/wp\/v2\/categories?post=75097"},{"taxonomy":"post_tag","embeddable":true,"href":"https:\/\/patagoniambiental.com.ar\/info\/wp-json\/wp\/v2\/tags?post=75097"}],"curies":[{"name":"wp","href":"https:\/\/api.w.org\/{rel}","templated":true}]}}