{"id":75100,"date":"2022-01-23T07:00:00","date_gmt":"2022-01-23T10:00:00","guid":{"rendered":"http:\/\/patagoniambiental.com.ar\/info\/?p=75100"},"modified":"2022-01-21T08:55:55","modified_gmt":"2022-01-21T11:55:55","slug":"marisa-y-mirna-las-guardianas-ambientales-del-rio-nahueve","status":"publish","type":"post","link":"https:\/\/patagoniambiental.com.ar\/info\/marisa-y-mirna-las-guardianas-ambientales-del-rio-nahueve\/","title":{"rendered":"Marisa y Mirna, las guardianas ambientales del r\u00edo Nahueve"},"content":{"rendered":"\n<!--more-->\n\n\n\n<h2 class=\"wp-block-heading\">Son de Las Ovejas y durante sus vacaciones universitarias dedican los fines de semana a retirar la basura que vecinos y turistas dejan en los balnearios. Piden que m\u00e1s personas se sumen a la cruzada.<\/h2>\n\n\n\n<p>Por&nbsp;<strong><a href=\"https:\/\/www.lmneuquen.com\/perfil\/1614-fabian-cares\">Fabi\u00e1n Cares<\/a><\/strong><a href=\"mailto:Especial\">especial<\/a><\/p>\n\n\n\n<ul class=\"wp-block-list\"><li><\/li><li><\/li><li><\/li><li><\/li><\/ul>\n\n\n\n<figure class=\"wp-block-image\"><img decoding=\"async\" src=\"https:\/\/media.lmneuquen.com\/p\/9f86b178194a2ea31b5c612eb7aebd82\/adjuntos\/195\/imagenes\/007\/010\/0007010587\/770x0\/smart\/guardianas-ambientales-rio-nahueve.png\" alt=\"Marisa y Mirna, las guardianas ambientales del r\u00edo Nahueve\" title=\"Marisa y Mirna, las guardianas ambientales del r\u00edo Nahueve | LM Neuquen\"\/><\/figure>\n\n\n\n<p>El norte neuquino est\u00e1 repleto de lugares que maravillan a cualquiera por la variedad y lo prodigioso de sus paisajes. En los \u00faltimos a\u00f1os aquellos, lugares que permanec\u00edan pr\u00e1cticamente v\u00edrgenes del turismo, hoy est\u00e1n colmados de viajeros. Sin embargo la bonanza de esta industria sin chimeneas en esta regi\u00f3n se topa con la falta de conciencia ambiental. As\u00ed es que los r\u00edos, bosques, miradores, paseos y monta\u00f1as lentamente se fueron convirtiendo en peque\u00f1os basurales que afectan a la naturaleza del lugar.about:blank<\/p>\n\n\n\n<p>En este escenario y convertidas de manera voluntaria en guardianas de la ecolog\u00eda del&nbsp;<strong><a href=\"https:\/\/www.lmneuquen.com\/rio-a11896\">r\u00edo<\/a>&nbsp;<a href=\"https:\/\/www.lmneuquen.com\/nahueve-a13245\">Nahueve<\/a><\/strong>, las primas Marisa y Mirna Ormaz\u00e1bal de Las Ovejas se pusieron la 10 y se embarcaron en una valiosa iniciativa: limpiar las costas de uno de los cursos h\u00eddricos m\u00e1s importantes de esta zona.<\/p>\n\n\n\n<p>Te puede interesar&#8230;<\/p>\n\n\n\n<figure class=\"wp-block-image\"><a href=\"https:\/\/www.lmneuquen.com\/un-poema-neuquino-sorprende-los-turistas-que-visitan-el-cck-n878926\"><img decoding=\"async\" src=\"https:\/\/media.lmneuquen.com\/p\/727f157344668bfacdb5dd076a90c234\/adjuntos\/195\/imagenes\/007\/009\/0007009944\/350x197\/smart\/poema-neuquino-cckjpg.jpg\" alt=\"un poema neuquino sorprende a los turistas que visitan el cck\" title=\"un poema neuquino sorprende a los turistas que visitan el cck\"\/><\/a><\/figure>\n\n\n\n<p><a href=\"https:\/\/www.lmneuquen.com\/un-poema-neuquino-sorprende-los-turistas-que-visitan-el-cck-n878926\">Un poema neuquino sorprende a los turistas que visitan el CCK<\/a><\/p>\n\n\n\n<figure class=\"wp-block-image\"><a href=\"https:\/\/www.lmneuquen.com\/turismo-cercania-2022-trekking-nocturno-y-estrellas-fugaces-paso-cordoba-n879001\"><img decoding=\"async\" src=\"https:\/\/media.lmneuquen.com\/p\/01ef92a29449fcd057dc282e477c1d48\/adjuntos\/195\/imagenes\/007\/010\/0007010443\/350x197\/smart\/valle-la-luna-nocturnojpg.jpg\" alt=\"turismo de cercania 2022: trekking nocturno y estrellas fugaces en paso cordoba\" title=\"turismo de cercania 2022: trekking nocturno y estrellas fugaces en paso cordoba\"\/><\/a><\/figure>\n\n\n\n<p><\/p>\n\n\n\n<p>Los fines de semana, Marisa y Mirna unen sus propios recursos y voluntades para llevar adelante en solitario esta actividad solidaria con la naturaleza que las rodea. \u201cLa iniciativa se dio cuando vimos la publicaci\u00f3n de otros j\u00f3venes que limpiaron el Nahueve, en Andacollo. Ah\u00ed activamos la convocatoria en nuestro pueblo, si bien no hubo mucha repercusi\u00f3n, coordinamos las dos y fuimos directamente sin tantas vueltas\u201d, dijo Mirna en di\u00e1logo con&nbsp;<strong>LM Neuqu\u00e9n<\/strong>.<\/p>\n\n\n\n<p>Agreg\u00f3 que \u201csiempre vamos al r\u00edo a disfrutar de sus aguas, nos gusta mucho el campo, la monta\u00f1a, la naturaleza. Por eso creemos que cada d\u00eda tenemos la oportunidad de generar cambios en la sociedad, empezando por uno mismo y de a poco\u201d. En este sentido sentenci\u00f3 que \u201cayudar al medio ambiente es una tarea de todos, y de todos los d\u00edas\u201d.<\/p>\n\n\n\n<figure class=\"wp-block-image\"><img decoding=\"async\" src=\"https:\/\/media.lmneuquen.com\/p\/e986915d39792ce4d11ff2373c532c4d\/adjuntos\/195\/imagenes\/007\/009\/0007009312\/770x0\/smart\/nahueve-limpiezajpg.jpg\" alt=\"\"\/><\/figure>\n\n\n\n<h3 class=\"wp-block-heading\"><strong>Las guardianas del Nahueve<\/strong><\/h3>\n\n\n\n<p>Las dos j\u00f3venes viven en la localidad y son estudiantes de nivel universitario. Marisa se dedica a trabajar en la estaci\u00f3n de servicio del pueblo y adem\u00e1s estudia Psicolog\u00eda. Mirna, por su parte, trabaja en el botiqu\u00edn farmac\u00e9utico y es estudiante del Profesorado de M\u00fasica.<\/p>\n\n\n\n<p>Durante el fin de semana, las dos se pusieron al hombro esta actividad y recorrieron las costas del Nahueve, en especial en los parajes conocidos como La Laja, El Negrete y El Sauce. A pesar de que estos lugares no est\u00e1n habilitados como balnearios son, junto a la pasarela de Bella Vista, los m\u00e1s concurridos por los vecinos del pueblo y por numerosos&nbsp;<a href=\"https:\/\/www.lmneuquen.com\/turistas-a11567\">turistas<\/a>&nbsp;que buscan apaciguar las altas temperaturas y compartir los tradicionales asados en fogones con la compa\u00f1\u00eda de agua y sombra.<\/p>\n\n\n\n<p>Hasta esos lugares llegaron Marisa y Mirna. Con guantes y bolsas en mano, lograron recolectar todo tipos de basura, entre lo que se destacaron latas, botellas pl\u00e1sticas y de vidrio, papeles y todo tipo de bolsas. \u201cEs una verdadera l\u00e1stima porque todo esto que se trae se podr\u00eda llevar de vuelta y dejarlo en los lugares que corresponde. Es solo un poco de empat\u00eda por los que vienen despu\u00e9s a conocer nuestras bellezas\u201d, se\u00f1alaron.<\/p>\n\n\n\n<figure class=\"wp-block-image\"><img decoding=\"async\" src=\"https:\/\/media.lmneuquen.com\/p\/5fca065bae31cf7ebe170c0eb8ec3a2f\/adjuntos\/195\/imagenes\/007\/009\/0007009308\/770x0\/smart\/rio-nahueve-limpiezajpg.jpg\" alt=\"\"\/><\/figure>\n\n\n\n<p><strong>Reflexiones que inspiran<\/strong><\/p>\n\n\n\n<p>Las chicas esperan que su accionar se pueda replicar en m\u00e1s lugares y que se pueda contagiar el esp\u00edritu de cuidar los recursos tur\u00edsticos. \u201cHay muchos temas que podr\u00edamos tocar sobre el medio ambiente con este peque\u00f1o acto. Desde el cuidado del r\u00edo, el agua, las acciones que se pueden hacer para cuidarlo, hasta el consumismo desenfrenado que es parte de el sistema en el que vivimos\u201d, refiri\u00f3 Mirna. Adem\u00e1s, agreg\u00f3 que \u201cdesde la comida que llega a nuestra mesa, hasta la vestimenta, todos son temas que de alguna y otra forma afectan al medio ambiente\u201d.<\/p>\n\n\n\n<p>El rio Nahueve es uno de los atractivos tur\u00edsticos m\u00e1s significativos que tiene el norte neuquino y atraviesa varias localidades y parajes desde su nacimiento en las m\u00edticas Lagunas de Epulauquen. De cada de uno de estos lugares se desprenden paisajes maravillosos que cautivan a turistas de la provincia, del pa\u00eds y preferentemente de la vecina rep\u00fablica de Chile.<\/p>\n\n\n\n<p>Marisa y Mirna aseguraron que van a continuar haciendo estas salidas ecol\u00f3gicas y desde ya convocan a todos los que se quieran sumar a estas actividades. \u201cA los que no puedan salir, por lo menos que sirva de reflexi\u00f3n para hacer peque\u00f1os cambios en nuestra vida diaria y ojal\u00e1 se \u00abponga de moda\u00bb el cuidado ambiental, la salud mental, y la solidaridad social\u201d, finalizaron.<\/p>\n\n\n\n<p>Fuente: https:\/\/www.lmneuquen.com\/marisa-y-mirna-las-guardianas-ambientales-del-rio-nahueve-n878686<\/p>\n","protected":false},"excerpt":{"rendered":"","protected":false},"author":6,"featured_media":75101,"comment_status":"open","ping_status":"open","sticky":false,"template":"","format":"standard","meta":{"site-sidebar-layout":"default","site-content-layout":"","ast-site-content-layout":"default","site-content-style":"default","site-sidebar-style":"default","ast-global-header-display":"","ast-banner-title-visibility":"","ast-main-header-display":"","ast-hfb-above-header-display":"","ast-hfb-below-header-display":"","ast-hfb-mobile-header-display":"","site-post-title":"","ast-breadcrumbs-content":"","ast-featured-img":"","footer-sml-layout":"","ast-disable-related-posts":"","theme-transparent-header-meta":"","adv-header-id-meta":"","stick-header-meta":"","header-above-stick-meta":"","header-main-stick-meta":"","header-below-stick-meta":"","astra-migrate-meta-layouts":"default","ast-page-background-enabled":"default","ast-page-background-meta":{"desktop":{"background-color":"var(--ast-global-color-5)","background-image":"","background-repeat":"repeat","background-position":"center center","background-size":"auto","background-attachment":"scroll","background-type":"","background-media":"","overlay-type":"","overlay-color":"","overlay-opacity":"","overlay-gradient":""},"tablet":{"background-color":"","background-image":"","background-repeat":"repeat","background-position":"center center","background-size":"auto","background-attachment":"scroll","background-type":"","background-media":"","overlay-type":"","overlay-color":"","overlay-opacity":"","overlay-gradient":""},"mobile":{"background-color":"","background-image":"","background-repeat":"repeat","background-position":"center center","background-size":"auto","background-attachment":"scroll","background-type":"","background-media":"","overlay-type":"","overlay-color":"","overlay-opacity":"","overlay-gradient":""}},"ast-content-background-meta":{"desktop":{"background-color":"var(--ast-global-color-4)","background-image":"","background-repeat":"repeat","background-position":"center center","background-size":"auto","background-attachment":"scroll","background-type":"","background-media":"","overlay-type":"","overlay-color":"","overlay-opacity":"","overlay-gradient":""},"tablet":{"background-color":"var(--ast-global-color-4)","background-image":"","background-repeat":"repeat","background-position":"center center","background-size":"auto","background-attachment":"scroll","background-type":"","background-media":"","overlay-type":"","overlay-color":"","overlay-opacity":"","overlay-gradient":""},"mobile":{"background-color":"var(--ast-global-color-4)","background-image":"","background-repeat":"repeat","background-position":"center center","background-size":"auto","background-attachment":"scroll","background-type":"","background-media":"","overlay-type":"","overlay-color":"","overlay-opacity":"","overlay-gradient":""}},"footnotes":""},"categories":[1],"tags":[],"class_list":["post-75100","post","type-post","status-publish","format-standard","has-post-thumbnail","hentry","category-noticias"],"yoast_head":"<!-- This site is optimized with the Yoast SEO Premium plugin v23.0 (Yoast SEO v27.5) - https:\/\/yoast.com\/product\/yoast-seo-premium-wordpress\/ -->\n<title>Marisa y Mirna, las guardianas ambientales del r\u00edo Nahueve<\/title>\n<meta name=\"robots\" content=\"index, follow, max-snippet:-1, max-image-preview:large, max-video-preview:-1\" \/>\n<link rel=\"canonical\" href=\"https:\/\/patagoniambiental.com.ar\/info\/marisa-y-mirna-las-guardianas-ambientales-del-rio-nahueve\/\" \/>\n<meta property=\"og:locale\" content=\"es_ES\" \/>\n<meta property=\"og:type\" content=\"article\" \/>\n<meta property=\"og:title\" content=\"Marisa y Mirna, las guardianas ambientales del r\u00edo Nahueve\" \/>\n<meta property=\"og:url\" content=\"https:\/\/patagoniambiental.com.ar\/info\/marisa-y-mirna-las-guardianas-ambientales-del-rio-nahueve\/\" \/>\n<meta property=\"og:site_name\" content=\"Patagonia Ambiental\" \/>\n<meta property=\"article:publisher\" content=\"https:\/\/www.facebook.com\/patagonia.ambiental\" \/>\n<meta property=\"article:published_time\" content=\"2022-01-23T10:00:00+00:00\" \/>\n<meta property=\"og:image\" content=\"https:\/\/patagoniambiental.com.ar\/info\/wp-content\/uploads\/2022\/01\/guardianas-ambientales-rio-nahueve.png\" \/>\n\t<meta property=\"og:image:width\" content=\"770\" \/>\n\t<meta property=\"og:image:height\" content=\"578\" \/>\n\t<meta property=\"og:image:type\" content=\"image\/png\" \/>\n<meta name=\"author\" content=\"BRAIAN ESTEVEZ\" \/>\n<meta name=\"twitter:card\" content=\"summary_large_image\" \/>\n<meta name=\"twitter:creator\" content=\"@PatAmb\" \/>\n<meta name=\"twitter:site\" content=\"@PatAmb\" \/>\n<script type=\"application\/ld+json\" class=\"yoast-schema-graph\">{\"@context\":\"https:\\\/\\\/schema.org\",\"@graph\":[{\"@type\":\"Article\",\"@id\":\"https:\\\/\\\/patagoniambiental.com.ar\\\/info\\\/marisa-y-mirna-las-guardianas-ambientales-del-rio-nahueve\\\/#article\",\"isPartOf\":{\"@id\":\"https:\\\/\\\/patagoniambiental.com.ar\\\/info\\\/marisa-y-mirna-las-guardianas-ambientales-del-rio-nahueve\\\/\"},\"author\":{\"name\":\"BRAIAN ESTEVEZ\",\"@id\":\"https:\\\/\\\/patagoniambiental.com.ar\\\/info\\\/#\\\/schema\\\/person\\\/e5af09d700b2e82cb10c6b8800e0c691\"},\"headline\":\"Marisa y Mirna, las guardianas ambientales del r\u00edo Nahueve\",\"datePublished\":\"2022-01-23T10:00:00+00:00\",\"mainEntityOfPage\":{\"@id\":\"https:\\\/\\\/patagoniambiental.com.ar\\\/info\\\/marisa-y-mirna-las-guardianas-ambientales-del-rio-nahueve\\\/\"},\"wordCount\":827,\"commentCount\":0,\"publisher\":{\"@id\":\"https:\\\/\\\/patagoniambiental.com.ar\\\/info\\\/#organization\"},\"image\":{\"@id\":\"https:\\\/\\\/patagoniambiental.com.ar\\\/info\\\/marisa-y-mirna-las-guardianas-ambientales-del-rio-nahueve\\\/#primaryimage\"},\"thumbnailUrl\":\"https:\\\/\\\/patagoniambiental.com.ar\\\/info\\\/wp-content\\\/uploads\\\/2022\\\/01\\\/guardianas-ambientales-rio-nahueve.png\",\"articleSection\":[\"Noticias\"],\"inLanguage\":\"es\",\"potentialAction\":[{\"@type\":\"CommentAction\",\"name\":\"Comment\",\"target\":[\"https:\\\/\\\/patagoniambiental.com.ar\\\/info\\\/marisa-y-mirna-las-guardianas-ambientales-del-rio-nahueve\\\/#respond\"]}]},{\"@type\":\"WebPage\",\"@id\":\"https:\\\/\\\/patagoniambiental.com.ar\\\/info\\\/marisa-y-mirna-las-guardianas-ambientales-del-rio-nahueve\\\/\",\"url\":\"https:\\\/\\\/patagoniambiental.com.ar\\\/info\\\/marisa-y-mirna-las-guardianas-ambientales-del-rio-nahueve\\\/\",\"name\":\"Marisa y Mirna, las guardianas ambientales del r\u00edo Nahueve\",\"isPartOf\":{\"@id\":\"https:\\\/\\\/patagoniambiental.com.ar\\\/info\\\/#website\"},\"primaryImageOfPage\":{\"@id\":\"https:\\\/\\\/patagoniambiental.com.ar\\\/info\\\/marisa-y-mirna-las-guardianas-ambientales-del-rio-nahueve\\\/#primaryimage\"},\"image\":{\"@id\":\"https:\\\/\\\/patagoniambiental.com.ar\\\/info\\\/marisa-y-mirna-las-guardianas-ambientales-del-rio-nahueve\\\/#primaryimage\"},\"thumbnailUrl\":\"https:\\\/\\\/patagoniambiental.com.ar\\\/info\\\/wp-content\\\/uploads\\\/2022\\\/01\\\/guardianas-ambientales-rio-nahueve.png\",\"datePublished\":\"2022-01-23T10:00:00+00:00\",\"breadcrumb\":{\"@id\":\"https:\\\/\\\/patagoniambiental.com.ar\\\/info\\\/marisa-y-mirna-las-guardianas-ambientales-del-rio-nahueve\\\/#breadcrumb\"},\"inLanguage\":\"es\",\"potentialAction\":[{\"@type\":\"ReadAction\",\"target\":[\"https:\\\/\\\/patagoniambiental.com.ar\\\/info\\\/marisa-y-mirna-las-guardianas-ambientales-del-rio-nahueve\\\/\"]}]},{\"@type\":\"ImageObject\",\"inLanguage\":\"es\",\"@id\":\"https:\\\/\\\/patagoniambiental.com.ar\\\/info\\\/marisa-y-mirna-las-guardianas-ambientales-del-rio-nahueve\\\/#primaryimage\",\"url\":\"https:\\\/\\\/patagoniambiental.com.ar\\\/info\\\/wp-content\\\/uploads\\\/2022\\\/01\\\/guardianas-ambientales-rio-nahueve.png\",\"contentUrl\":\"https:\\\/\\\/patagoniambiental.com.ar\\\/info\\\/wp-content\\\/uploads\\\/2022\\\/01\\\/guardianas-ambientales-rio-nahueve.png\",\"width\":770,\"height\":578},{\"@type\":\"BreadcrumbList\",\"@id\":\"https:\\\/\\\/patagoniambiental.com.ar\\\/info\\\/marisa-y-mirna-las-guardianas-ambientales-del-rio-nahueve\\\/#breadcrumb\",\"itemListElement\":[{\"@type\":\"ListItem\",\"position\":1,\"name\":\"Inicio\",\"item\":\"https:\\\/\\\/patagoniambiental.com.ar\\\/info\\\/\"},{\"@type\":\"ListItem\",\"position\":2,\"name\":\"Marisa y Mirna, las guardianas ambientales del r\u00edo Nahueve\"}]},{\"@type\":\"WebSite\",\"@id\":\"https:\\\/\\\/patagoniambiental.com.ar\\\/info\\\/#website\",\"url\":\"https:\\\/\\\/patagoniambiental.com.ar\\\/info\\\/\",\"name\":\"Patagonia Ambiental\",\"description\":\"Monitoreo y an\u00e1lisis de la situaci\u00f3n geopol\u00edtica en el mundo y su implicancia en la Patagonia\",\"publisher\":{\"@id\":\"https:\\\/\\\/patagoniambiental.com.ar\\\/info\\\/#organization\"},\"potentialAction\":[{\"@type\":\"SearchAction\",\"target\":{\"@type\":\"EntryPoint\",\"urlTemplate\":\"https:\\\/\\\/patagoniambiental.com.ar\\\/info\\\/?s={search_term_string}\"},\"query-input\":{\"@type\":\"PropertyValueSpecification\",\"valueRequired\":true,\"valueName\":\"search_term_string\"}}],\"inLanguage\":\"es\"},{\"@type\":\"Organization\",\"@id\":\"https:\\\/\\\/patagoniambiental.com.ar\\\/info\\\/#organization\",\"name\":\"Patagonia Ambiental\",\"url\":\"https:\\\/\\\/patagoniambiental.com.ar\\\/info\\\/\",\"logo\":{\"@type\":\"ImageObject\",\"inLanguage\":\"es\",\"@id\":\"https:\\\/\\\/patagoniambiental.com.ar\\\/info\\\/#\\\/schema\\\/logo\\\/image\\\/\",\"url\":\"https:\\\/\\\/patagoniambiental.com.ar\\\/info\\\/wp-content\\\/uploads\\\/2025\\\/05\\\/LOGO-PATAGONIA-AMBIENTAL.png\",\"contentUrl\":\"https:\\\/\\\/patagoniambiental.com.ar\\\/info\\\/wp-content\\\/uploads\\\/2025\\\/05\\\/LOGO-PATAGONIA-AMBIENTAL.png\",\"width\":433,\"height\":250,\"caption\":\"Patagonia Ambiental\"},\"image\":{\"@id\":\"https:\\\/\\\/patagoniambiental.com.ar\\\/info\\\/#\\\/schema\\\/logo\\\/image\\\/\"},\"sameAs\":[\"https:\\\/\\\/www.facebook.com\\\/patagonia.ambiental\",\"https:\\\/\\\/x.com\\\/PatAmb\"]},{\"@type\":\"Person\",\"@id\":\"https:\\\/\\\/patagoniambiental.com.ar\\\/info\\\/#\\\/schema\\\/person\\\/e5af09d700b2e82cb10c6b8800e0c691\",\"name\":\"BRAIAN ESTEVEZ\",\"sameAs\":[\"http:\\\/\\\/www.patagoniambiental.com.ar\"]}]}<\/script>\n<!-- \/ Yoast SEO Premium plugin. -->","yoast_head_json":{"title":"Marisa y Mirna, las guardianas ambientales del r\u00edo Nahueve","robots":{"index":"index","follow":"follow","max-snippet":"max-snippet:-1","max-image-preview":"max-image-preview:large","max-video-preview":"max-video-preview:-1"},"canonical":"https:\/\/patagoniambiental.com.ar\/info\/marisa-y-mirna-las-guardianas-ambientales-del-rio-nahueve\/","og_locale":"es_ES","og_type":"article","og_title":"Marisa y Mirna, las guardianas ambientales del r\u00edo Nahueve","og_url":"https:\/\/patagoniambiental.com.ar\/info\/marisa-y-mirna-las-guardianas-ambientales-del-rio-nahueve\/","og_site_name":"Patagonia Ambiental","article_publisher":"https:\/\/www.facebook.com\/patagonia.ambiental","article_published_time":"2022-01-23T10:00:00+00:00","og_image":[{"width":770,"height":578,"url":"https:\/\/patagoniambiental.com.ar\/info\/wp-content\/uploads\/2022\/01\/guardianas-ambientales-rio-nahueve.png","type":"image\/png"}],"author":"BRAIAN ESTEVEZ","twitter_card":"summary_large_image","twitter_creator":"@PatAmb","twitter_site":"@PatAmb","schema":{"@context":"https:\/\/schema.org","@graph":[{"@type":"Article","@id":"https:\/\/patagoniambiental.com.ar\/info\/marisa-y-mirna-las-guardianas-ambientales-del-rio-nahueve\/#article","isPartOf":{"@id":"https:\/\/patagoniambiental.com.ar\/info\/marisa-y-mirna-las-guardianas-ambientales-del-rio-nahueve\/"},"author":{"name":"BRAIAN ESTEVEZ","@id":"https:\/\/patagoniambiental.com.ar\/info\/#\/schema\/person\/e5af09d700b2e82cb10c6b8800e0c691"},"headline":"Marisa y Mirna, las guardianas ambientales del r\u00edo Nahueve","datePublished":"2022-01-23T10:00:00+00:00","mainEntityOfPage":{"@id":"https:\/\/patagoniambiental.com.ar\/info\/marisa-y-mirna-las-guardianas-ambientales-del-rio-nahueve\/"},"wordCount":827,"commentCount":0,"publisher":{"@id":"https:\/\/patagoniambiental.com.ar\/info\/#organization"},"image":{"@id":"https:\/\/patagoniambiental.com.ar\/info\/marisa-y-mirna-las-guardianas-ambientales-del-rio-nahueve\/#primaryimage"},"thumbnailUrl":"https:\/\/patagoniambiental.com.ar\/info\/wp-content\/uploads\/2022\/01\/guardianas-ambientales-rio-nahueve.png","articleSection":["Noticias"],"inLanguage":"es","potentialAction":[{"@type":"CommentAction","name":"Comment","target":["https:\/\/patagoniambiental.com.ar\/info\/marisa-y-mirna-las-guardianas-ambientales-del-rio-nahueve\/#respond"]}]},{"@type":"WebPage","@id":"https:\/\/patagoniambiental.com.ar\/info\/marisa-y-mirna-las-guardianas-ambientales-del-rio-nahueve\/","url":"https:\/\/patagoniambiental.com.ar\/info\/marisa-y-mirna-las-guardianas-ambientales-del-rio-nahueve\/","name":"Marisa y Mirna, las guardianas ambientales del r\u00edo Nahueve","isPartOf":{"@id":"https:\/\/patagoniambiental.com.ar\/info\/#website"},"primaryImageOfPage":{"@id":"https:\/\/patagoniambiental.com.ar\/info\/marisa-y-mirna-las-guardianas-ambientales-del-rio-nahueve\/#primaryimage"},"image":{"@id":"https:\/\/patagoniambiental.com.ar\/info\/marisa-y-mirna-las-guardianas-ambientales-del-rio-nahueve\/#primaryimage"},"thumbnailUrl":"https:\/\/patagoniambiental.com.ar\/info\/wp-content\/uploads\/2022\/01\/guardianas-ambientales-rio-nahueve.png","datePublished":"2022-01-23T10:00:00+00:00","breadcrumb":{"@id":"https:\/\/patagoniambiental.com.ar\/info\/marisa-y-mirna-las-guardianas-ambientales-del-rio-nahueve\/#breadcrumb"},"inLanguage":"es","potentialAction":[{"@type":"ReadAction","target":["https:\/\/patagoniambiental.com.ar\/info\/marisa-y-mirna-las-guardianas-ambientales-del-rio-nahueve\/"]}]},{"@type":"ImageObject","inLanguage":"es","@id":"https:\/\/patagoniambiental.com.ar\/info\/marisa-y-mirna-las-guardianas-ambientales-del-rio-nahueve\/#primaryimage","url":"https:\/\/patagoniambiental.com.ar\/info\/wp-content\/uploads\/2022\/01\/guardianas-ambientales-rio-nahueve.png","contentUrl":"https:\/\/patagoniambiental.com.ar\/info\/wp-content\/uploads\/2022\/01\/guardianas-ambientales-rio-nahueve.png","width":770,"height":578},{"@type":"BreadcrumbList","@id":"https:\/\/patagoniambiental.com.ar\/info\/marisa-y-mirna-las-guardianas-ambientales-del-rio-nahueve\/#breadcrumb","itemListElement":[{"@type":"ListItem","position":1,"name":"Inicio","item":"https:\/\/patagoniambiental.com.ar\/info\/"},{"@type":"ListItem","position":2,"name":"Marisa y Mirna, las guardianas ambientales del r\u00edo Nahueve"}]},{"@type":"WebSite","@id":"https:\/\/patagoniambiental.com.ar\/info\/#website","url":"https:\/\/patagoniambiental.com.ar\/info\/","name":"Patagonia Ambiental","description":"Monitoreo y an\u00e1lisis de la situaci\u00f3n geopol\u00edtica en el mundo y su implicancia en la Patagonia","publisher":{"@id":"https:\/\/patagoniambiental.com.ar\/info\/#organization"},"potentialAction":[{"@type":"SearchAction","target":{"@type":"EntryPoint","urlTemplate":"https:\/\/patagoniambiental.com.ar\/info\/?s={search_term_string}"},"query-input":{"@type":"PropertyValueSpecification","valueRequired":true,"valueName":"search_term_string"}}],"inLanguage":"es"},{"@type":"Organization","@id":"https:\/\/patagoniambiental.com.ar\/info\/#organization","name":"Patagonia Ambiental","url":"https:\/\/patagoniambiental.com.ar\/info\/","logo":{"@type":"ImageObject","inLanguage":"es","@id":"https:\/\/patagoniambiental.com.ar\/info\/#\/schema\/logo\/image\/","url":"https:\/\/patagoniambiental.com.ar\/info\/wp-content\/uploads\/2025\/05\/LOGO-PATAGONIA-AMBIENTAL.png","contentUrl":"https:\/\/patagoniambiental.com.ar\/info\/wp-content\/uploads\/2025\/05\/LOGO-PATAGONIA-AMBIENTAL.png","width":433,"height":250,"caption":"Patagonia Ambiental"},"image":{"@id":"https:\/\/patagoniambiental.com.ar\/info\/#\/schema\/logo\/image\/"},"sameAs":["https:\/\/www.facebook.com\/patagonia.ambiental","https:\/\/x.com\/PatAmb"]},{"@type":"Person","@id":"https:\/\/patagoniambiental.com.ar\/info\/#\/schema\/person\/e5af09d700b2e82cb10c6b8800e0c691","name":"BRAIAN ESTEVEZ","sameAs":["http:\/\/www.patagoniambiental.com.ar"]}]}},"_links":{"self":[{"href":"https:\/\/patagoniambiental.com.ar\/info\/wp-json\/wp\/v2\/posts\/75100","targetHints":{"allow":["GET"]}}],"collection":[{"href":"https:\/\/patagoniambiental.com.ar\/info\/wp-json\/wp\/v2\/posts"}],"about":[{"href":"https:\/\/patagoniambiental.com.ar\/info\/wp-json\/wp\/v2\/types\/post"}],"author":[{"embeddable":true,"href":"https:\/\/patagoniambiental.com.ar\/info\/wp-json\/wp\/v2\/users\/6"}],"replies":[{"embeddable":true,"href":"https:\/\/patagoniambiental.com.ar\/info\/wp-json\/wp\/v2\/comments?post=75100"}],"version-history":[{"count":0,"href":"https:\/\/patagoniambiental.com.ar\/info\/wp-json\/wp\/v2\/posts\/75100\/revisions"}],"wp:featuredmedia":[{"embeddable":true,"href":"https:\/\/patagoniambiental.com.ar\/info\/wp-json\/wp\/v2\/media\/75101"}],"wp:attachment":[{"href":"https:\/\/patagoniambiental.com.ar\/info\/wp-json\/wp\/v2\/media?parent=75100"}],"wp:term":[{"taxonomy":"category","embeddable":true,"href":"https:\/\/patagoniambiental.com.ar\/info\/wp-json\/wp\/v2\/categories?post=75100"},{"taxonomy":"post_tag","embeddable":true,"href":"https:\/\/patagoniambiental.com.ar\/info\/wp-json\/wp\/v2\/tags?post=75100"}],"curies":[{"name":"wp","href":"https:\/\/api.w.org\/{rel}","templated":true}]}}