{"id":75116,"date":"2022-02-02T19:00:00","date_gmt":"2022-02-02T22:00:00","guid":{"rendered":"http:\/\/patagoniambiental.com.ar\/info\/?p=75116"},"modified":"2022-02-03T09:50:54","modified_gmt":"2022-02-03T12:50:54","slug":"polemica-intentaran-ingresar-al-lago-escondido-para-liberar-el-acceso","status":"publish","type":"post","link":"https:\/\/patagoniambiental.com.ar\/info\/polemica-intentaran-ingresar-al-lago-escondido-para-liberar-el-acceso\/","title":{"rendered":"Pol\u00e9mica: intentar\u00e1n ingresar al Lago Escondido para liberar el acceso"},"content":{"rendered":"\n<!--more-->\n\n\n\n<h2 class=\"wp-block-heading\">La convocatoria a la marcha la realiz\u00f3 la CTA Aut\u00f3noma local, liderada por Rodolfo Aguiar. Brindar\u00e1n una conferencia de prensa hoy para explicar los alcances de la movilizaci\u00f3n que pretende liberar el acceso al lago bloqueado desde mediados de lo &#8217;90 por el empresario ingl\u00e9s, Joe Lewis<\/h2>\n\n\n\n<figure class=\"wp-block-image\"><img decoding=\"async\" src=\"https:\/\/lateclapat-repos-dgf.aplinews.com\/archivos\/noticias\/fotografias\/70963_3.jpg\" alt=\"Pol\u00e9mica: intentar\u00e1n ingresar al Lago Escondido para liberar el acceso - La Tecla Patagonia\"\/><\/figure>\n\n\n\n<figure id=\"btnShare\" class=\"wp-block-table\"><table><tbody><tr><td><a href=\"https:\/\/www.facebook.com\/sharer.php?u=https%3A%2F%2Fwww.lateclapatagonia.com.ar%2F65525-polmica-intentarn-ingresar-al-lago-escondido-para-liberar-el-acceso&amp;t=Pol%C3%A9mica%3A+intentar%C3%A1n+ingresar+al+Lago+Escondido+para+liberar+el+acceso\" target=\"_blank\" rel=\"noreferrer noopener\"><\/a><a href=\"https:\/\/api.whatsapp.com\/send?text=https%3A%2F%2Fwww.lateclapatagonia.com.ar%2F65525-polmica-intentarn-ingresar-al-lago-escondido-para-liberar-el-acceso\" target=\"_blank\" rel=\"noreferrer noopener\"><\/a><a href=\"https:\/\/www.lateclapatagonia.com.ar\/include\/functions\/twitter_sharer.php?url=https%3A%2F%2Fwww.lateclapatagonia.com.ar%2F65525-polmica-intentarn-ingresar-al-lago-escondido-para-liberar-el-acceso&amp;txt=Pol%C3%A9mica:%20intentar%C3%A1n%20ingresar%20al%20Lago%20Escondido%20para%20liberar%20el%20acceso\" target=\"_blank\" rel=\"noreferrer noopener\"><\/a><a href=\"https:\/\/telegram.me\/share\/url?url=https%3A%2F%2Fwww.lateclapatagonia.com.ar%2F65525-polmica-intentarn-ingresar-al-lago-escondido-para-liberar-el-acceso\" target=\"_blank\" rel=\"noreferrer noopener\"><\/a><\/td><\/tr><\/tbody><\/table><\/figure>\n\n\n\n<figure class=\"wp-block-table\"><table><tbody><tr><td>La Central de Trabajadores de la Argentina (CTA) Aut\u00f3noma de R\u00edo Negro convoca para este jueves a las 10 a una conferencia de prensa en la sede de ATE en General Roca, donde brindar\u00e1 detalles de la marcha por el libre acceso a Lago Escondido, que se desarrollar\u00e1 la semana que viene 45 kil\u00f3metros al norte de El Bols\u00f3n.&nbsp;<br><br>Participar\u00e1 de la convocatoria el secretario adjunto nacional de ATE y secretario general de la CTA Aut\u00f3noma de Rio Negro, Rodolfo Aguiar, y referentes de las organizaciones sociales, pol\u00edticas y sindicales que encabezar\u00e1n la actividad, entre ellas la Fundaci\u00f3n Interactiva para Promover la Cultura del Agua (FIPCA).&nbsp;<br><br>El acceso a Lago Escondido est\u00e1 bloqueado desde mediados de los 90 por el empresario ingl\u00e9s Joe Lewis, propietario de 20 mil hect\u00e1reas en la Patagonia argentina. A pesar de un fallo del Supremo Tribunal de Justicia de R\u00edo Negro de 2013, el Camino de Tacuif\u00ed que une el espejo de agua y la Ruta 40 permanece intransitable.&nbsp;<br><br>A lo largo de m\u00e1s de 15 a\u00f1os desde los primeros tr\u00e1mites judiciales, han tomado intervenci\u00f3n en la causa m\u00e1s de 24 jueces de R\u00edo Negro, miembros del Superior Tribunal de Justicia, de la C\u00e1mara de Apelaciones en lo Civil, Comercial y Miner\u00eda de Bariloche, del Juzgado Civil, Comercial y de Miner\u00eda N\u00b0 3 de Bariloche, del Juzgado de Primera Instancia del Bols\u00f3n e incluso jueces miembros de juzgados de otros fueros. Ninguno se atrevi\u00f3 a ponerle freno a las acciones violentas y coloniales de Joe Lewis.<\/td><\/tr><\/tbody><\/table><figcaption>Fuente: https:\/\/www.lateclapatagonia.com.ar\/65525-polmica-intentarn-ingresar-al-lago-escondido-para-liberar-el-acceso<\/figcaption><\/figure>\n","protected":false},"excerpt":{"rendered":"","protected":false},"author":6,"featured_media":75117,"comment_status":"open","ping_status":"open","sticky":false,"template":"","format":"standard","meta":{"site-sidebar-layout":"default","site-content-layout":"","ast-site-content-layout":"default","site-content-style":"default","site-sidebar-style":"default","ast-global-header-display":"","ast-banner-title-visibility":"","ast-main-header-display":"","ast-hfb-above-header-display":"","ast-hfb-below-header-display":"","ast-hfb-mobile-header-display":"","site-post-title":"","ast-breadcrumbs-content":"","ast-featured-img":"","footer-sml-layout":"","ast-disable-related-posts":"","theme-transparent-header-meta":"","adv-header-id-meta":"","stick-header-meta":"","header-above-stick-meta":"","header-main-stick-meta":"","header-below-stick-meta":"","astra-migrate-meta-layouts":"default","ast-page-background-enabled":"default","ast-page-background-meta":{"desktop":{"background-color":"var(--ast-global-color-5)","background-image":"","background-repeat":"repeat","background-position":"center center","background-size":"auto","background-attachment":"scroll","background-type":"","background-media":"","overlay-type":"","overlay-color":"","overlay-opacity":"","overlay-gradient":""},"tablet":{"background-color":"","background-image":"","background-repeat":"repeat","background-position":"center center","background-size":"auto","background-attachment":"scroll","background-type":"","background-media":"","overlay-type":"","overlay-color":"","overlay-opacity":"","overlay-gradient":""},"mobile":{"background-color":"","background-image":"","background-repeat":"repeat","background-position":"center center","background-size":"auto","background-attachment":"scroll","background-type":"","background-media":"","overlay-type":"","overlay-color":"","overlay-opacity":"","overlay-gradient":""}},"ast-content-background-meta":{"desktop":{"background-color":"var(--ast-global-color-4)","background-image":"","background-repeat":"repeat","background-position":"center center","background-size":"auto","background-attachment":"scroll","background-type":"","background-media":"","overlay-type":"","overlay-color":"","overlay-opacity":"","overlay-gradient":""},"tablet":{"background-color":"var(--ast-global-color-4)","background-image":"","background-repeat":"repeat","background-position":"center center","background-size":"auto","background-attachment":"scroll","background-type":"","background-media":"","overlay-type":"","overlay-color":"","overlay-opacity":"","overlay-gradient":""},"mobile":{"background-color":"var(--ast-global-color-4)","background-image":"","background-repeat":"repeat","background-position":"center center","background-size":"auto","background-attachment":"scroll","background-type":"","background-media":"","overlay-type":"","overlay-color":"","overlay-opacity":"","overlay-gradient":""}},"footnotes":""},"categories":[1],"tags":[],"class_list":["post-75116","post","type-post","status-publish","format-standard","has-post-thumbnail","hentry","category-noticias"],"yoast_head":"<!-- This site is optimized with the Yoast SEO Premium plugin v23.0 (Yoast SEO v27.5) - https:\/\/yoast.com\/product\/yoast-seo-premium-wordpress\/ -->\n<title>Pol\u00e9mica: intentar\u00e1n ingresar al Lago Escondido para liberar el acceso<\/title>\n<meta name=\"robots\" content=\"index, follow, max-snippet:-1, max-image-preview:large, max-video-preview:-1\" \/>\n<link rel=\"canonical\" href=\"https:\/\/patagoniambiental.com.ar\/info\/polemica-intentaran-ingresar-al-lago-escondido-para-liberar-el-acceso\/\" \/>\n<meta property=\"og:locale\" content=\"es_ES\" \/>\n<meta property=\"og:type\" content=\"article\" \/>\n<meta property=\"og:title\" content=\"Pol\u00e9mica: intentar\u00e1n ingresar al Lago Escondido para liberar el acceso\" \/>\n<meta property=\"og:url\" content=\"https:\/\/patagoniambiental.com.ar\/info\/polemica-intentaran-ingresar-al-lago-escondido-para-liberar-el-acceso\/\" \/>\n<meta property=\"og:site_name\" content=\"Patagonia Ambiental\" \/>\n<meta property=\"article:publisher\" content=\"https:\/\/www.facebook.com\/patagonia.ambiental\" \/>\n<meta property=\"article:published_time\" content=\"2022-02-02T22:00:00+00:00\" \/>\n<meta property=\"article:modified_time\" content=\"2022-02-03T12:50:54+00:00\" \/>\n<meta property=\"og:image\" content=\"https:\/\/patagoniambiental.com.ar\/info\/wp-content\/uploads\/2022\/02\/Sin-titulo.jpg\" \/>\n\t<meta property=\"og:image:width\" content=\"920\" \/>\n\t<meta property=\"og:image:height\" content=\"461\" \/>\n\t<meta property=\"og:image:type\" content=\"image\/jpeg\" \/>\n<meta name=\"author\" content=\"BRAIAN ESTEVEZ\" \/>\n<meta name=\"twitter:card\" content=\"summary_large_image\" \/>\n<meta name=\"twitter:creator\" content=\"@PatAmb\" \/>\n<meta name=\"twitter:site\" content=\"@PatAmb\" \/>\n<script type=\"application\/ld+json\" class=\"yoast-schema-graph\">{\"@context\":\"https:\\\/\\\/schema.org\",\"@graph\":[{\"@type\":\"Article\",\"@id\":\"https:\\\/\\\/patagoniambiental.com.ar\\\/info\\\/polemica-intentaran-ingresar-al-lago-escondido-para-liberar-el-acceso\\\/#article\",\"isPartOf\":{\"@id\":\"https:\\\/\\\/patagoniambiental.com.ar\\\/info\\\/polemica-intentaran-ingresar-al-lago-escondido-para-liberar-el-acceso\\\/\"},\"author\":{\"name\":\"BRAIAN ESTEVEZ\",\"@id\":\"https:\\\/\\\/patagoniambiental.com.ar\\\/info\\\/#\\\/schema\\\/person\\\/e5af09d700b2e82cb10c6b8800e0c691\"},\"headline\":\"Pol\u00e9mica: intentar\u00e1n ingresar al Lago Escondido para liberar el acceso\",\"datePublished\":\"2022-02-02T22:00:00+00:00\",\"dateModified\":\"2022-02-03T12:50:54+00:00\",\"mainEntityOfPage\":{\"@id\":\"https:\\\/\\\/patagoniambiental.com.ar\\\/info\\\/polemica-intentaran-ingresar-al-lago-escondido-para-liberar-el-acceso\\\/\"},\"wordCount\":335,\"commentCount\":0,\"publisher\":{\"@id\":\"https:\\\/\\\/patagoniambiental.com.ar\\\/info\\\/#organization\"},\"image\":{\"@id\":\"https:\\\/\\\/patagoniambiental.com.ar\\\/info\\\/polemica-intentaran-ingresar-al-lago-escondido-para-liberar-el-acceso\\\/#primaryimage\"},\"thumbnailUrl\":\"https:\\\/\\\/patagoniambiental.com.ar\\\/info\\\/wp-content\\\/uploads\\\/2022\\\/02\\\/Sin-titulo.jpg\",\"articleSection\":[\"Noticias\"],\"inLanguage\":\"es\",\"potentialAction\":[{\"@type\":\"CommentAction\",\"name\":\"Comment\",\"target\":[\"https:\\\/\\\/patagoniambiental.com.ar\\\/info\\\/polemica-intentaran-ingresar-al-lago-escondido-para-liberar-el-acceso\\\/#respond\"]}]},{\"@type\":\"WebPage\",\"@id\":\"https:\\\/\\\/patagoniambiental.com.ar\\\/info\\\/polemica-intentaran-ingresar-al-lago-escondido-para-liberar-el-acceso\\\/\",\"url\":\"https:\\\/\\\/patagoniambiental.com.ar\\\/info\\\/polemica-intentaran-ingresar-al-lago-escondido-para-liberar-el-acceso\\\/\",\"name\":\"Pol\u00e9mica: intentar\u00e1n ingresar al Lago Escondido para liberar el acceso\",\"isPartOf\":{\"@id\":\"https:\\\/\\\/patagoniambiental.com.ar\\\/info\\\/#website\"},\"primaryImageOfPage\":{\"@id\":\"https:\\\/\\\/patagoniambiental.com.ar\\\/info\\\/polemica-intentaran-ingresar-al-lago-escondido-para-liberar-el-acceso\\\/#primaryimage\"},\"image\":{\"@id\":\"https:\\\/\\\/patagoniambiental.com.ar\\\/info\\\/polemica-intentaran-ingresar-al-lago-escondido-para-liberar-el-acceso\\\/#primaryimage\"},\"thumbnailUrl\":\"https:\\\/\\\/patagoniambiental.com.ar\\\/info\\\/wp-content\\\/uploads\\\/2022\\\/02\\\/Sin-titulo.jpg\",\"datePublished\":\"2022-02-02T22:00:00+00:00\",\"dateModified\":\"2022-02-03T12:50:54+00:00\",\"breadcrumb\":{\"@id\":\"https:\\\/\\\/patagoniambiental.com.ar\\\/info\\\/polemica-intentaran-ingresar-al-lago-escondido-para-liberar-el-acceso\\\/#breadcrumb\"},\"inLanguage\":\"es\",\"potentialAction\":[{\"@type\":\"ReadAction\",\"target\":[\"https:\\\/\\\/patagoniambiental.com.ar\\\/info\\\/polemica-intentaran-ingresar-al-lago-escondido-para-liberar-el-acceso\\\/\"]}]},{\"@type\":\"ImageObject\",\"inLanguage\":\"es\",\"@id\":\"https:\\\/\\\/patagoniambiental.com.ar\\\/info\\\/polemica-intentaran-ingresar-al-lago-escondido-para-liberar-el-acceso\\\/#primaryimage\",\"url\":\"https:\\\/\\\/patagoniambiental.com.ar\\\/info\\\/wp-content\\\/uploads\\\/2022\\\/02\\\/Sin-titulo.jpg\",\"contentUrl\":\"https:\\\/\\\/patagoniambiental.com.ar\\\/info\\\/wp-content\\\/uploads\\\/2022\\\/02\\\/Sin-titulo.jpg\",\"width\":920,\"height\":461},{\"@type\":\"BreadcrumbList\",\"@id\":\"https:\\\/\\\/patagoniambiental.com.ar\\\/info\\\/polemica-intentaran-ingresar-al-lago-escondido-para-liberar-el-acceso\\\/#breadcrumb\",\"itemListElement\":[{\"@type\":\"ListItem\",\"position\":1,\"name\":\"Inicio\",\"item\":\"https:\\\/\\\/patagoniambiental.com.ar\\\/info\\\/\"},{\"@type\":\"ListItem\",\"position\":2,\"name\":\"Pol\u00e9mica: intentar\u00e1n ingresar al Lago Escondido para liberar el acceso\"}]},{\"@type\":\"WebSite\",\"@id\":\"https:\\\/\\\/patagoniambiental.com.ar\\\/info\\\/#website\",\"url\":\"https:\\\/\\\/patagoniambiental.com.ar\\\/info\\\/\",\"name\":\"Patagonia Ambiental\",\"description\":\"Monitoreo y an\u00e1lisis de la situaci\u00f3n geopol\u00edtica en el mundo y su implicancia en la Patagonia\",\"publisher\":{\"@id\":\"https:\\\/\\\/patagoniambiental.com.ar\\\/info\\\/#organization\"},\"potentialAction\":[{\"@type\":\"SearchAction\",\"target\":{\"@type\":\"EntryPoint\",\"urlTemplate\":\"https:\\\/\\\/patagoniambiental.com.ar\\\/info\\\/?s={search_term_string}\"},\"query-input\":{\"@type\":\"PropertyValueSpecification\",\"valueRequired\":true,\"valueName\":\"search_term_string\"}}],\"inLanguage\":\"es\"},{\"@type\":\"Organization\",\"@id\":\"https:\\\/\\\/patagoniambiental.com.ar\\\/info\\\/#organization\",\"name\":\"Patagonia Ambiental\",\"url\":\"https:\\\/\\\/patagoniambiental.com.ar\\\/info\\\/\",\"logo\":{\"@type\":\"ImageObject\",\"inLanguage\":\"es\",\"@id\":\"https:\\\/\\\/patagoniambiental.com.ar\\\/info\\\/#\\\/schema\\\/logo\\\/image\\\/\",\"url\":\"https:\\\/\\\/patagoniambiental.com.ar\\\/info\\\/wp-content\\\/uploads\\\/2025\\\/05\\\/LOGO-PATAGONIA-AMBIENTAL.png\",\"contentUrl\":\"https:\\\/\\\/patagoniambiental.com.ar\\\/info\\\/wp-content\\\/uploads\\\/2025\\\/05\\\/LOGO-PATAGONIA-AMBIENTAL.png\",\"width\":433,\"height\":250,\"caption\":\"Patagonia Ambiental\"},\"image\":{\"@id\":\"https:\\\/\\\/patagoniambiental.com.ar\\\/info\\\/#\\\/schema\\\/logo\\\/image\\\/\"},\"sameAs\":[\"https:\\\/\\\/www.facebook.com\\\/patagonia.ambiental\",\"https:\\\/\\\/x.com\\\/PatAmb\"]},{\"@type\":\"Person\",\"@id\":\"https:\\\/\\\/patagoniambiental.com.ar\\\/info\\\/#\\\/schema\\\/person\\\/e5af09d700b2e82cb10c6b8800e0c691\",\"name\":\"BRAIAN ESTEVEZ\",\"sameAs\":[\"http:\\\/\\\/www.patagoniambiental.com.ar\"]}]}<\/script>\n<!-- \/ Yoast SEO Premium plugin. -->","yoast_head_json":{"title":"Pol\u00e9mica: intentar\u00e1n ingresar al Lago Escondido para liberar el acceso","robots":{"index":"index","follow":"follow","max-snippet":"max-snippet:-1","max-image-preview":"max-image-preview:large","max-video-preview":"max-video-preview:-1"},"canonical":"https:\/\/patagoniambiental.com.ar\/info\/polemica-intentaran-ingresar-al-lago-escondido-para-liberar-el-acceso\/","og_locale":"es_ES","og_type":"article","og_title":"Pol\u00e9mica: intentar\u00e1n ingresar al Lago Escondido para liberar el acceso","og_url":"https:\/\/patagoniambiental.com.ar\/info\/polemica-intentaran-ingresar-al-lago-escondido-para-liberar-el-acceso\/","og_site_name":"Patagonia Ambiental","article_publisher":"https:\/\/www.facebook.com\/patagonia.ambiental","article_published_time":"2022-02-02T22:00:00+00:00","article_modified_time":"2022-02-03T12:50:54+00:00","og_image":[{"width":920,"height":461,"url":"https:\/\/patagoniambiental.com.ar\/info\/wp-content\/uploads\/2022\/02\/Sin-titulo.jpg","type":"image\/jpeg"}],"author":"BRAIAN ESTEVEZ","twitter_card":"summary_large_image","twitter_creator":"@PatAmb","twitter_site":"@PatAmb","schema":{"@context":"https:\/\/schema.org","@graph":[{"@type":"Article","@id":"https:\/\/patagoniambiental.com.ar\/info\/polemica-intentaran-ingresar-al-lago-escondido-para-liberar-el-acceso\/#article","isPartOf":{"@id":"https:\/\/patagoniambiental.com.ar\/info\/polemica-intentaran-ingresar-al-lago-escondido-para-liberar-el-acceso\/"},"author":{"name":"BRAIAN ESTEVEZ","@id":"https:\/\/patagoniambiental.com.ar\/info\/#\/schema\/person\/e5af09d700b2e82cb10c6b8800e0c691"},"headline":"Pol\u00e9mica: intentar\u00e1n ingresar al Lago Escondido para liberar el acceso","datePublished":"2022-02-02T22:00:00+00:00","dateModified":"2022-02-03T12:50:54+00:00","mainEntityOfPage":{"@id":"https:\/\/patagoniambiental.com.ar\/info\/polemica-intentaran-ingresar-al-lago-escondido-para-liberar-el-acceso\/"},"wordCount":335,"commentCount":0,"publisher":{"@id":"https:\/\/patagoniambiental.com.ar\/info\/#organization"},"image":{"@id":"https:\/\/patagoniambiental.com.ar\/info\/polemica-intentaran-ingresar-al-lago-escondido-para-liberar-el-acceso\/#primaryimage"},"thumbnailUrl":"https:\/\/patagoniambiental.com.ar\/info\/wp-content\/uploads\/2022\/02\/Sin-titulo.jpg","articleSection":["Noticias"],"inLanguage":"es","potentialAction":[{"@type":"CommentAction","name":"Comment","target":["https:\/\/patagoniambiental.com.ar\/info\/polemica-intentaran-ingresar-al-lago-escondido-para-liberar-el-acceso\/#respond"]}]},{"@type":"WebPage","@id":"https:\/\/patagoniambiental.com.ar\/info\/polemica-intentaran-ingresar-al-lago-escondido-para-liberar-el-acceso\/","url":"https:\/\/patagoniambiental.com.ar\/info\/polemica-intentaran-ingresar-al-lago-escondido-para-liberar-el-acceso\/","name":"Pol\u00e9mica: intentar\u00e1n ingresar al Lago Escondido para liberar el acceso","isPartOf":{"@id":"https:\/\/patagoniambiental.com.ar\/info\/#website"},"primaryImageOfPage":{"@id":"https:\/\/patagoniambiental.com.ar\/info\/polemica-intentaran-ingresar-al-lago-escondido-para-liberar-el-acceso\/#primaryimage"},"image":{"@id":"https:\/\/patagoniambiental.com.ar\/info\/polemica-intentaran-ingresar-al-lago-escondido-para-liberar-el-acceso\/#primaryimage"},"thumbnailUrl":"https:\/\/patagoniambiental.com.ar\/info\/wp-content\/uploads\/2022\/02\/Sin-titulo.jpg","datePublished":"2022-02-02T22:00:00+00:00","dateModified":"2022-02-03T12:50:54+00:00","breadcrumb":{"@id":"https:\/\/patagoniambiental.com.ar\/info\/polemica-intentaran-ingresar-al-lago-escondido-para-liberar-el-acceso\/#breadcrumb"},"inLanguage":"es","potentialAction":[{"@type":"ReadAction","target":["https:\/\/patagoniambiental.com.ar\/info\/polemica-intentaran-ingresar-al-lago-escondido-para-liberar-el-acceso\/"]}]},{"@type":"ImageObject","inLanguage":"es","@id":"https:\/\/patagoniambiental.com.ar\/info\/polemica-intentaran-ingresar-al-lago-escondido-para-liberar-el-acceso\/#primaryimage","url":"https:\/\/patagoniambiental.com.ar\/info\/wp-content\/uploads\/2022\/02\/Sin-titulo.jpg","contentUrl":"https:\/\/patagoniambiental.com.ar\/info\/wp-content\/uploads\/2022\/02\/Sin-titulo.jpg","width":920,"height":461},{"@type":"BreadcrumbList","@id":"https:\/\/patagoniambiental.com.ar\/info\/polemica-intentaran-ingresar-al-lago-escondido-para-liberar-el-acceso\/#breadcrumb","itemListElement":[{"@type":"ListItem","position":1,"name":"Inicio","item":"https:\/\/patagoniambiental.com.ar\/info\/"},{"@type":"ListItem","position":2,"name":"Pol\u00e9mica: intentar\u00e1n ingresar al Lago Escondido para liberar el acceso"}]},{"@type":"WebSite","@id":"https:\/\/patagoniambiental.com.ar\/info\/#website","url":"https:\/\/patagoniambiental.com.ar\/info\/","name":"Patagonia Ambiental","description":"Monitoreo y an\u00e1lisis de la situaci\u00f3n geopol\u00edtica en el mundo y su implicancia en la Patagonia","publisher":{"@id":"https:\/\/patagoniambiental.com.ar\/info\/#organization"},"potentialAction":[{"@type":"SearchAction","target":{"@type":"EntryPoint","urlTemplate":"https:\/\/patagoniambiental.com.ar\/info\/?s={search_term_string}"},"query-input":{"@type":"PropertyValueSpecification","valueRequired":true,"valueName":"search_term_string"}}],"inLanguage":"es"},{"@type":"Organization","@id":"https:\/\/patagoniambiental.com.ar\/info\/#organization","name":"Patagonia Ambiental","url":"https:\/\/patagoniambiental.com.ar\/info\/","logo":{"@type":"ImageObject","inLanguage":"es","@id":"https:\/\/patagoniambiental.com.ar\/info\/#\/schema\/logo\/image\/","url":"https:\/\/patagoniambiental.com.ar\/info\/wp-content\/uploads\/2025\/05\/LOGO-PATAGONIA-AMBIENTAL.png","contentUrl":"https:\/\/patagoniambiental.com.ar\/info\/wp-content\/uploads\/2025\/05\/LOGO-PATAGONIA-AMBIENTAL.png","width":433,"height":250,"caption":"Patagonia Ambiental"},"image":{"@id":"https:\/\/patagoniambiental.com.ar\/info\/#\/schema\/logo\/image\/"},"sameAs":["https:\/\/www.facebook.com\/patagonia.ambiental","https:\/\/x.com\/PatAmb"]},{"@type":"Person","@id":"https:\/\/patagoniambiental.com.ar\/info\/#\/schema\/person\/e5af09d700b2e82cb10c6b8800e0c691","name":"BRAIAN ESTEVEZ","sameAs":["http:\/\/www.patagoniambiental.com.ar"]}]}},"_links":{"self":[{"href":"https:\/\/patagoniambiental.com.ar\/info\/wp-json\/wp\/v2\/posts\/75116","targetHints":{"allow":["GET"]}}],"collection":[{"href":"https:\/\/patagoniambiental.com.ar\/info\/wp-json\/wp\/v2\/posts"}],"about":[{"href":"https:\/\/patagoniambiental.com.ar\/info\/wp-json\/wp\/v2\/types\/post"}],"author":[{"embeddable":true,"href":"https:\/\/patagoniambiental.com.ar\/info\/wp-json\/wp\/v2\/users\/6"}],"replies":[{"embeddable":true,"href":"https:\/\/patagoniambiental.com.ar\/info\/wp-json\/wp\/v2\/comments?post=75116"}],"version-history":[{"count":0,"href":"https:\/\/patagoniambiental.com.ar\/info\/wp-json\/wp\/v2\/posts\/75116\/revisions"}],"wp:featuredmedia":[{"embeddable":true,"href":"https:\/\/patagoniambiental.com.ar\/info\/wp-json\/wp\/v2\/media\/75117"}],"wp:attachment":[{"href":"https:\/\/patagoniambiental.com.ar\/info\/wp-json\/wp\/v2\/media?parent=75116"}],"wp:term":[{"taxonomy":"category","embeddable":true,"href":"https:\/\/patagoniambiental.com.ar\/info\/wp-json\/wp\/v2\/categories?post=75116"},{"taxonomy":"post_tag","embeddable":true,"href":"https:\/\/patagoniambiental.com.ar\/info\/wp-json\/wp\/v2\/tags?post=75116"}],"curies":[{"name":"wp","href":"https:\/\/api.w.org\/{rel}","templated":true}]}}