{"id":75119,"date":"2022-02-03T07:00:00","date_gmt":"2022-02-03T10:00:00","guid":{"rendered":"http:\/\/patagoniambiental.com.ar\/info\/?p=75119"},"modified":"2022-02-03T09:53:00","modified_gmt":"2022-02-03T12:53:00","slug":"tierra-del-fuego-participara-en-la-elaboracion-de-un-nuevo-proyecto-de-ley-de-humedales","status":"publish","type":"post","link":"https:\/\/patagoniambiental.com.ar\/info\/tierra-del-fuego-participara-en-la-elaboracion-de-un-nuevo-proyecto-de-ley-de-humedales\/","title":{"rendered":"Tierra del Fuego participar\u00e1 en la elaboraci\u00f3n de un nuevo proyecto de ley de humedales"},"content":{"rendered":"\n<!--more-->\n\n\n\n<h2 class=\"wp-block-heading\">El ministro de Ambiente y Desarrollo Sostenible, Juan Cabandi\u00e9, confirm\u00f3 que se comenzar\u00e1 a trabajar en un nuevo proyecto de ley para la conservaci\u00f3n y uso sostenible de humedales. Tierra del Fuego participar\u00e1 activamente en el nuevo proceso.<\/h2>\n\n\n\n<hr class=\"wp-block-separator\"\/>\n\n\n\n<figure class=\"wp-block-image\"><img decoding=\"async\" src=\"https:\/\/criticasur.com.ar\/uploads\/noticias\/5\/20220203042048_22_02_02_reunion_cofema_dia_mundial_de_los_humedales_6.jpeg\" alt=\"\" title=\"\"\/><\/figure>\n\n\n\n<figure class=\"wp-block-image\"><img decoding=\"async\" src=\"https:\/\/criticasur.com.ar\/uploads\/noticias\/5\/20220203042048_22_02_02_reunion_cofema_dia_mundial_de_los_humedales_6.jpeg\" alt=\"\" title=\"\"\/><\/figure>\n\n\n\n<figure class=\"wp-block-image\"><img decoding=\"async\" src=\"https:\/\/criticasur.com.ar\/uploads\/noticias\/5\/20220203042048_22_02_02_reunion_cofema_dia_mundial_de_los_humedales_6.jpeg\" alt=\"\" title=\"\"\/><\/figure>\n\n\n\n<ul class=\"wp-block-list\"><li><\/li><\/ul>\n\n\n\n<p><a>Facebook<\/a><a>Twitter<\/a><a>WhatsApp<\/a><a>Telegram<\/a><a>Correo<\/a><\/p>\n\n\n\n<p>El ministro de Ambiente y Desarrollo Sostenible de la Naci\u00f3n, Juan Cabandi\u00e9, confirm\u00f3 que se comenzar\u00e1 a trabajar en un nuevo proyecto de ley para la conservaci\u00f3n y uso sostenible de humedales consensuado, con perspectiva federal y en di\u00e1logo con las ONG y los sectores productivo, cient\u00edfico y acad\u00e9mico.<\/p>\n\n\n\n<p>Lo hizo durante una reuni\u00f3n organizada junto al Consejo Federal de Medio Ambiente (COFEMA) para la construcci\u00f3n de inventarios provinciales de humedales, en el \u00e1mbito del proceso del inventario nacional, la que tuvo lugar en la sede de la cartera de Ambiente, en sinton\u00eda con el D\u00eda Mundial de los Humedales.<\/p>\n\n\n\n<p>Cabandi\u00e9 asegur\u00f3 en la apertura del encuentro: \u201cComo Estado nacional, nos comprometemos a asumir esa responsabilidad, a acudir a esa demanda para presentar el proyecto de ley, como lo expresamos en la campa\u00f1a electoral\u201d, luego de afirmar que el tema hab\u00eda sido un reclamo de \u201cdistintos sectores de la sociedad\u201d. Tambi\u00e9n dijo que se trabajar\u00e1 para asignarle recursos.<\/p>\n\n\n\n<p>El ministro expres\u00f3 adem\u00e1s que \u201cla mejor manera de tener una ley de protecci\u00f3n de humedales es con di\u00e1logo y con una visi\u00f3n federal\u201d, y tambi\u00e9n explic\u00f3 que el proceso ser\u00e1 desarrollado desde el Ministerio \u201cen articulaci\u00f3n con otras agencias estatales\u201d y sum\u00f3: \u201cExiste una voluntad desde nuestro Gobierno de poder armonizar a los distintos sectores para tener un proyecto de ley que se apruebe\u201d.<\/p>\n\n\n\n<p>A su vez, el funcionario reconoci\u00f3 que si bien \u201cla ley no est\u00e1, ya hay provincias que est\u00e1n trabajando en el inventario, que es uno de los eslabones fundamentales para tener un proyecto\u201d. En esa sinton\u00eda, indic\u00f3: \u201cVenimos trabajando en pos de la protecci\u00f3n de distintos humedales a partir de poner en valor y restituir algo que estaba olvidado, como el PIECAS en toda la regi\u00f3n del Delta del Paran\u00e1\u201d, y record\u00f3 la inauguraci\u00f3n en d\u00edas pasados de los primeros cinco faros de conservaci\u00f3n en la zona del Delta, red que seguir\u00e1 increment\u00e1ndose.<\/p>\n\n\n\n<p>El proyecto apuntar\u00e1 a la protecci\u00f3n y a la gesti\u00f3n de los ecosistemas bajo lineamientos ambientales con un enfoque socioambiental, es decir, que contemple una gesti\u00f3n adecuada del ecosistema de manera que se pueda hacer un uso sostenible del mismo. Se espera que la iniciativa final surja del trabajo y la participaci\u00f3n de los diversos sectores de la sociedad civil y las provincias representadas en el COFEMA.<\/p>\n\n\n\n<p>En la reuni\u00f3n, el presidente del COFEMA y secretario de Ambiente de La Rioja, Santiago Azulay, se\u00f1al\u00f3 sobre el proyecto de ley buscado que \u201ces un desaf\u00edo de mucho estudio, an\u00e1lisis y de b\u00fasqueda de consenso\u201d. \u201cDesde COFEMA tenemos el deber y la obligaci\u00f3n de gestionar el ambiente, y esa obligaci\u00f3n comprende tambi\u00e9n la b\u00fasqueda del justo equilibrio entre los intereses en tensi\u00f3n\u201d, agreg\u00f3. Por \u00faltimo, manifest\u00f3 la voluntad de \u201ctratar de generar los consensos, no solo a nivel interno sino con todos los actores que est\u00e1n en condiciones de aportar seriamente a la conformaci\u00f3n de una ley de humedales\u201d.<br>La reuni\u00f3n busc\u00f3 generar un \u00e1mbito de intercambio entre los equipos t\u00e9cnicos que llevan adelante inventarios de humedales, as\u00ed como tambi\u00e9n debatir sobre el marco t\u00e9cnico e institucional para el desarrollo del inventario nacional y los contextos locales donde estos se implementan. Participaron especialistas de las provincias y organismos que llevan adelante inventarios de humedales o que suscribieron convenios de colaboraci\u00f3n t\u00e9cnica con la cartera de Ambiente nacional como Santa Fe, R\u00edo Negro, Tierra del Fuego, Chaco, Buenos Aires, Mendoza, Corrientes y la Autoridad de Cuenca Matanza Riachuelo (ACUMAR).<\/p>\n\n\n\n<p>En el marco del encuentro, fue presentada, adem\u00e1s, Beatriz Domingorena, quien asumir\u00e1 funciones como secretaria de Pol\u00edtica Ambiental en Recursos Naturales en el Ministerio de Ambiente de la Naci\u00f3n. En la apertura, tambi\u00e9n participaron: la directora nacional de Gesti\u00f3n Ambiental del Agua y los Ecosistemas Acu\u00e1ticos de la misma cartera, Gabriela Gonz\u00e1lez Trilla; la ministra de Ambiente y Cambio Clim\u00e1tico de Santa Fe, Erika Gonnet; la secretaria de Ambiente de Tierra del Fuego, Eugenia \u00c1lvarez; junto a las autoridades ambientales del pa\u00eds que participan del COFEMA y representantes de ACUMAR .<\/p>\n\n\n\n<p>Vale recordar que el D\u00eda Mundial de los Humedales, celebrado el 2 de febrero de cada a\u00f1o, busca crear conciencia sobre el papel vital de estos ecosistemas para las personas y el planeta. La fecha recuerda el momento de la adopci\u00f3n de la Convenci\u00f3n de Ramsar sobre los Humedales en 1971, en la hom\u00f3nima ciudad iran\u00ed.<\/p>\n\n\n\n<p>Fuente: https:\/\/criticasur.com.ar\/nota\/36645\/tierra_del_fuego_participara_en_la_elaboracion_de_un_nuevo_proyecto_de_ley_de_humedales\/<\/p>\n","protected":false},"excerpt":{"rendered":"","protected":false},"author":6,"featured_media":75120,"comment_status":"open","ping_status":"open","sticky":false,"template":"","format":"standard","meta":{"site-sidebar-layout":"default","site-content-layout":"","ast-site-content-layout":"default","site-content-style":"default","site-sidebar-style":"default","ast-global-header-display":"","ast-banner-title-visibility":"","ast-main-header-display":"","ast-hfb-above-header-display":"","ast-hfb-below-header-display":"","ast-hfb-mobile-header-display":"","site-post-title":"","ast-breadcrumbs-content":"","ast-featured-img":"","footer-sml-layout":"","ast-disable-related-posts":"","theme-transparent-header-meta":"","adv-header-id-meta":"","stick-header-meta":"","header-above-stick-meta":"","header-main-stick-meta":"","header-below-stick-meta":"","astra-migrate-meta-layouts":"default","ast-page-background-enabled":"default","ast-page-background-meta":{"desktop":{"background-color":"var(--ast-global-color-5)","background-image":"","background-repeat":"repeat","background-position":"center center","background-size":"auto","background-attachment":"scroll","background-type":"","background-media":"","overlay-type":"","overlay-color":"","overlay-opacity":"","overlay-gradient":""},"tablet":{"background-color":"","background-image":"","background-repeat":"repeat","background-position":"center center","background-size":"auto","background-attachment":"scroll","background-type":"","background-media":"","overlay-type":"","overlay-color":"","overlay-opacity":"","overlay-gradient":""},"mobile":{"background-color":"","background-image":"","background-repeat":"repeat","background-position":"center center","background-size":"auto","background-attachment":"scroll","background-type":"","background-media":"","overlay-type":"","overlay-color":"","overlay-opacity":"","overlay-gradient":""}},"ast-content-background-meta":{"desktop":{"background-color":"var(--ast-global-color-4)","background-image":"","background-repeat":"repeat","background-position":"center center","background-size":"auto","background-attachment":"scroll","background-type":"","background-media":"","overlay-type":"","overlay-color":"","overlay-opacity":"","overlay-gradient":""},"tablet":{"background-color":"var(--ast-global-color-4)","background-image":"","background-repeat":"repeat","background-position":"center center","background-size":"auto","background-attachment":"scroll","background-type":"","background-media":"","overlay-type":"","overlay-color":"","overlay-opacity":"","overlay-gradient":""},"mobile":{"background-color":"var(--ast-global-color-4)","background-image":"","background-repeat":"repeat","background-position":"center center","background-size":"auto","background-attachment":"scroll","background-type":"","background-media":"","overlay-type":"","overlay-color":"","overlay-opacity":"","overlay-gradient":""}},"footnotes":""},"categories":[1],"tags":[],"class_list":["post-75119","post","type-post","status-publish","format-standard","has-post-thumbnail","hentry","category-noticias"],"yoast_head":"<!-- This site is optimized with the Yoast SEO Premium plugin v23.0 (Yoast SEO v27.5) - https:\/\/yoast.com\/product\/yoast-seo-premium-wordpress\/ -->\n<title>Tierra del Fuego participar\u00e1 en la elaboraci\u00f3n de un nuevo proyecto de ley de humedales<\/title>\n<meta name=\"robots\" content=\"index, follow, max-snippet:-1, max-image-preview:large, max-video-preview:-1\" \/>\n<link rel=\"canonical\" href=\"https:\/\/patagoniambiental.com.ar\/info\/tierra-del-fuego-participara-en-la-elaboracion-de-un-nuevo-proyecto-de-ley-de-humedales\/\" \/>\n<meta property=\"og:locale\" content=\"es_ES\" \/>\n<meta property=\"og:type\" content=\"article\" \/>\n<meta property=\"og:title\" content=\"Tierra del Fuego participar\u00e1 en la elaboraci\u00f3n de un nuevo proyecto de ley de humedales\" \/>\n<meta property=\"og:url\" content=\"https:\/\/patagoniambiental.com.ar\/info\/tierra-del-fuego-participara-en-la-elaboracion-de-un-nuevo-proyecto-de-ley-de-humedales\/\" \/>\n<meta property=\"og:site_name\" content=\"Patagonia Ambiental\" \/>\n<meta property=\"article:publisher\" content=\"https:\/\/www.facebook.com\/patagonia.ambiental\" \/>\n<meta property=\"article:published_time\" content=\"2022-02-03T10:00:00+00:00\" \/>\n<meta property=\"article:modified_time\" content=\"2022-02-03T12:53:00+00:00\" \/>\n<meta property=\"og:image\" content=\"https:\/\/patagoniambiental.com.ar\/info\/wp-content\/uploads\/2022\/02\/eertr.jpeg\" \/>\n\t<meta property=\"og:image:width\" content=\"880\" \/>\n\t<meta property=\"og:image:height\" content=\"586\" \/>\n\t<meta property=\"og:image:type\" content=\"image\/jpeg\" \/>\n<meta name=\"author\" content=\"BRAIAN ESTEVEZ\" \/>\n<meta name=\"twitter:card\" content=\"summary_large_image\" \/>\n<meta name=\"twitter:creator\" content=\"@PatAmb\" \/>\n<meta name=\"twitter:site\" content=\"@PatAmb\" \/>\n<script type=\"application\/ld+json\" class=\"yoast-schema-graph\">{\"@context\":\"https:\\\/\\\/schema.org\",\"@graph\":[{\"@type\":\"Article\",\"@id\":\"https:\\\/\\\/patagoniambiental.com.ar\\\/info\\\/tierra-del-fuego-participara-en-la-elaboracion-de-un-nuevo-proyecto-de-ley-de-humedales\\\/#article\",\"isPartOf\":{\"@id\":\"https:\\\/\\\/patagoniambiental.com.ar\\\/info\\\/tierra-del-fuego-participara-en-la-elaboracion-de-un-nuevo-proyecto-de-ley-de-humedales\\\/\"},\"author\":{\"name\":\"BRAIAN ESTEVEZ\",\"@id\":\"https:\\\/\\\/patagoniambiental.com.ar\\\/info\\\/#\\\/schema\\\/person\\\/e5af09d700b2e82cb10c6b8800e0c691\"},\"headline\":\"Tierra del Fuego participar\u00e1 en la elaboraci\u00f3n de un nuevo proyecto de ley de humedales\",\"datePublished\":\"2022-02-03T10:00:00+00:00\",\"dateModified\":\"2022-02-03T12:53:00+00:00\",\"mainEntityOfPage\":{\"@id\":\"https:\\\/\\\/patagoniambiental.com.ar\\\/info\\\/tierra-del-fuego-participara-en-la-elaboracion-de-un-nuevo-proyecto-de-ley-de-humedales\\\/\"},\"wordCount\":860,\"commentCount\":0,\"publisher\":{\"@id\":\"https:\\\/\\\/patagoniambiental.com.ar\\\/info\\\/#organization\"},\"image\":{\"@id\":\"https:\\\/\\\/patagoniambiental.com.ar\\\/info\\\/tierra-del-fuego-participara-en-la-elaboracion-de-un-nuevo-proyecto-de-ley-de-humedales\\\/#primaryimage\"},\"thumbnailUrl\":\"https:\\\/\\\/patagoniambiental.com.ar\\\/info\\\/wp-content\\\/uploads\\\/2022\\\/02\\\/eertr.jpeg\",\"articleSection\":[\"Noticias\"],\"inLanguage\":\"es\",\"potentialAction\":[{\"@type\":\"CommentAction\",\"name\":\"Comment\",\"target\":[\"https:\\\/\\\/patagoniambiental.com.ar\\\/info\\\/tierra-del-fuego-participara-en-la-elaboracion-de-un-nuevo-proyecto-de-ley-de-humedales\\\/#respond\"]}]},{\"@type\":\"WebPage\",\"@id\":\"https:\\\/\\\/patagoniambiental.com.ar\\\/info\\\/tierra-del-fuego-participara-en-la-elaboracion-de-un-nuevo-proyecto-de-ley-de-humedales\\\/\",\"url\":\"https:\\\/\\\/patagoniambiental.com.ar\\\/info\\\/tierra-del-fuego-participara-en-la-elaboracion-de-un-nuevo-proyecto-de-ley-de-humedales\\\/\",\"name\":\"Tierra del Fuego participar\u00e1 en la elaboraci\u00f3n de un nuevo proyecto de ley de humedales\",\"isPartOf\":{\"@id\":\"https:\\\/\\\/patagoniambiental.com.ar\\\/info\\\/#website\"},\"primaryImageOfPage\":{\"@id\":\"https:\\\/\\\/patagoniambiental.com.ar\\\/info\\\/tierra-del-fuego-participara-en-la-elaboracion-de-un-nuevo-proyecto-de-ley-de-humedales\\\/#primaryimage\"},\"image\":{\"@id\":\"https:\\\/\\\/patagoniambiental.com.ar\\\/info\\\/tierra-del-fuego-participara-en-la-elaboracion-de-un-nuevo-proyecto-de-ley-de-humedales\\\/#primaryimage\"},\"thumbnailUrl\":\"https:\\\/\\\/patagoniambiental.com.ar\\\/info\\\/wp-content\\\/uploads\\\/2022\\\/02\\\/eertr.jpeg\",\"datePublished\":\"2022-02-03T10:00:00+00:00\",\"dateModified\":\"2022-02-03T12:53:00+00:00\",\"breadcrumb\":{\"@id\":\"https:\\\/\\\/patagoniambiental.com.ar\\\/info\\\/tierra-del-fuego-participara-en-la-elaboracion-de-un-nuevo-proyecto-de-ley-de-humedales\\\/#breadcrumb\"},\"inLanguage\":\"es\",\"potentialAction\":[{\"@type\":\"ReadAction\",\"target\":[\"https:\\\/\\\/patagoniambiental.com.ar\\\/info\\\/tierra-del-fuego-participara-en-la-elaboracion-de-un-nuevo-proyecto-de-ley-de-humedales\\\/\"]}]},{\"@type\":\"ImageObject\",\"inLanguage\":\"es\",\"@id\":\"https:\\\/\\\/patagoniambiental.com.ar\\\/info\\\/tierra-del-fuego-participara-en-la-elaboracion-de-un-nuevo-proyecto-de-ley-de-humedales\\\/#primaryimage\",\"url\":\"https:\\\/\\\/patagoniambiental.com.ar\\\/info\\\/wp-content\\\/uploads\\\/2022\\\/02\\\/eertr.jpeg\",\"contentUrl\":\"https:\\\/\\\/patagoniambiental.com.ar\\\/info\\\/wp-content\\\/uploads\\\/2022\\\/02\\\/eertr.jpeg\",\"width\":880,\"height\":586},{\"@type\":\"BreadcrumbList\",\"@id\":\"https:\\\/\\\/patagoniambiental.com.ar\\\/info\\\/tierra-del-fuego-participara-en-la-elaboracion-de-un-nuevo-proyecto-de-ley-de-humedales\\\/#breadcrumb\",\"itemListElement\":[{\"@type\":\"ListItem\",\"position\":1,\"name\":\"Inicio\",\"item\":\"https:\\\/\\\/patagoniambiental.com.ar\\\/info\\\/\"},{\"@type\":\"ListItem\",\"position\":2,\"name\":\"Tierra del Fuego participar\u00e1 en la elaboraci\u00f3n de un nuevo proyecto de ley de humedales\"}]},{\"@type\":\"WebSite\",\"@id\":\"https:\\\/\\\/patagoniambiental.com.ar\\\/info\\\/#website\",\"url\":\"https:\\\/\\\/patagoniambiental.com.ar\\\/info\\\/\",\"name\":\"Patagonia Ambiental\",\"description\":\"Monitoreo y an\u00e1lisis de la situaci\u00f3n geopol\u00edtica en el mundo y su implicancia en la Patagonia\",\"publisher\":{\"@id\":\"https:\\\/\\\/patagoniambiental.com.ar\\\/info\\\/#organization\"},\"potentialAction\":[{\"@type\":\"SearchAction\",\"target\":{\"@type\":\"EntryPoint\",\"urlTemplate\":\"https:\\\/\\\/patagoniambiental.com.ar\\\/info\\\/?s={search_term_string}\"},\"query-input\":{\"@type\":\"PropertyValueSpecification\",\"valueRequired\":true,\"valueName\":\"search_term_string\"}}],\"inLanguage\":\"es\"},{\"@type\":\"Organization\",\"@id\":\"https:\\\/\\\/patagoniambiental.com.ar\\\/info\\\/#organization\",\"name\":\"Patagonia Ambiental\",\"url\":\"https:\\\/\\\/patagoniambiental.com.ar\\\/info\\\/\",\"logo\":{\"@type\":\"ImageObject\",\"inLanguage\":\"es\",\"@id\":\"https:\\\/\\\/patagoniambiental.com.ar\\\/info\\\/#\\\/schema\\\/logo\\\/image\\\/\",\"url\":\"https:\\\/\\\/patagoniambiental.com.ar\\\/info\\\/wp-content\\\/uploads\\\/2025\\\/05\\\/LOGO-PATAGONIA-AMBIENTAL.png\",\"contentUrl\":\"https:\\\/\\\/patagoniambiental.com.ar\\\/info\\\/wp-content\\\/uploads\\\/2025\\\/05\\\/LOGO-PATAGONIA-AMBIENTAL.png\",\"width\":433,\"height\":250,\"caption\":\"Patagonia Ambiental\"},\"image\":{\"@id\":\"https:\\\/\\\/patagoniambiental.com.ar\\\/info\\\/#\\\/schema\\\/logo\\\/image\\\/\"},\"sameAs\":[\"https:\\\/\\\/www.facebook.com\\\/patagonia.ambiental\",\"https:\\\/\\\/x.com\\\/PatAmb\"]},{\"@type\":\"Person\",\"@id\":\"https:\\\/\\\/patagoniambiental.com.ar\\\/info\\\/#\\\/schema\\\/person\\\/e5af09d700b2e82cb10c6b8800e0c691\",\"name\":\"BRAIAN ESTEVEZ\",\"sameAs\":[\"http:\\\/\\\/www.patagoniambiental.com.ar\"]}]}<\/script>\n<!-- \/ Yoast SEO Premium plugin. -->","yoast_head_json":{"title":"Tierra del Fuego participar\u00e1 en la elaboraci\u00f3n de un nuevo proyecto de ley de humedales","robots":{"index":"index","follow":"follow","max-snippet":"max-snippet:-1","max-image-preview":"max-image-preview:large","max-video-preview":"max-video-preview:-1"},"canonical":"https:\/\/patagoniambiental.com.ar\/info\/tierra-del-fuego-participara-en-la-elaboracion-de-un-nuevo-proyecto-de-ley-de-humedales\/","og_locale":"es_ES","og_type":"article","og_title":"Tierra del Fuego participar\u00e1 en la elaboraci\u00f3n de un nuevo proyecto de ley de humedales","og_url":"https:\/\/patagoniambiental.com.ar\/info\/tierra-del-fuego-participara-en-la-elaboracion-de-un-nuevo-proyecto-de-ley-de-humedales\/","og_site_name":"Patagonia Ambiental","article_publisher":"https:\/\/www.facebook.com\/patagonia.ambiental","article_published_time":"2022-02-03T10:00:00+00:00","article_modified_time":"2022-02-03T12:53:00+00:00","og_image":[{"width":880,"height":586,"url":"https:\/\/patagoniambiental.com.ar\/info\/wp-content\/uploads\/2022\/02\/eertr.jpeg","type":"image\/jpeg"}],"author":"BRAIAN ESTEVEZ","twitter_card":"summary_large_image","twitter_creator":"@PatAmb","twitter_site":"@PatAmb","schema":{"@context":"https:\/\/schema.org","@graph":[{"@type":"Article","@id":"https:\/\/patagoniambiental.com.ar\/info\/tierra-del-fuego-participara-en-la-elaboracion-de-un-nuevo-proyecto-de-ley-de-humedales\/#article","isPartOf":{"@id":"https:\/\/patagoniambiental.com.ar\/info\/tierra-del-fuego-participara-en-la-elaboracion-de-un-nuevo-proyecto-de-ley-de-humedales\/"},"author":{"name":"BRAIAN ESTEVEZ","@id":"https:\/\/patagoniambiental.com.ar\/info\/#\/schema\/person\/e5af09d700b2e82cb10c6b8800e0c691"},"headline":"Tierra del Fuego participar\u00e1 en la elaboraci\u00f3n de un nuevo proyecto de ley de humedales","datePublished":"2022-02-03T10:00:00+00:00","dateModified":"2022-02-03T12:53:00+00:00","mainEntityOfPage":{"@id":"https:\/\/patagoniambiental.com.ar\/info\/tierra-del-fuego-participara-en-la-elaboracion-de-un-nuevo-proyecto-de-ley-de-humedales\/"},"wordCount":860,"commentCount":0,"publisher":{"@id":"https:\/\/patagoniambiental.com.ar\/info\/#organization"},"image":{"@id":"https:\/\/patagoniambiental.com.ar\/info\/tierra-del-fuego-participara-en-la-elaboracion-de-un-nuevo-proyecto-de-ley-de-humedales\/#primaryimage"},"thumbnailUrl":"https:\/\/patagoniambiental.com.ar\/info\/wp-content\/uploads\/2022\/02\/eertr.jpeg","articleSection":["Noticias"],"inLanguage":"es","potentialAction":[{"@type":"CommentAction","name":"Comment","target":["https:\/\/patagoniambiental.com.ar\/info\/tierra-del-fuego-participara-en-la-elaboracion-de-un-nuevo-proyecto-de-ley-de-humedales\/#respond"]}]},{"@type":"WebPage","@id":"https:\/\/patagoniambiental.com.ar\/info\/tierra-del-fuego-participara-en-la-elaboracion-de-un-nuevo-proyecto-de-ley-de-humedales\/","url":"https:\/\/patagoniambiental.com.ar\/info\/tierra-del-fuego-participara-en-la-elaboracion-de-un-nuevo-proyecto-de-ley-de-humedales\/","name":"Tierra del Fuego participar\u00e1 en la elaboraci\u00f3n de un nuevo proyecto de ley de humedales","isPartOf":{"@id":"https:\/\/patagoniambiental.com.ar\/info\/#website"},"primaryImageOfPage":{"@id":"https:\/\/patagoniambiental.com.ar\/info\/tierra-del-fuego-participara-en-la-elaboracion-de-un-nuevo-proyecto-de-ley-de-humedales\/#primaryimage"},"image":{"@id":"https:\/\/patagoniambiental.com.ar\/info\/tierra-del-fuego-participara-en-la-elaboracion-de-un-nuevo-proyecto-de-ley-de-humedales\/#primaryimage"},"thumbnailUrl":"https:\/\/patagoniambiental.com.ar\/info\/wp-content\/uploads\/2022\/02\/eertr.jpeg","datePublished":"2022-02-03T10:00:00+00:00","dateModified":"2022-02-03T12:53:00+00:00","breadcrumb":{"@id":"https:\/\/patagoniambiental.com.ar\/info\/tierra-del-fuego-participara-en-la-elaboracion-de-un-nuevo-proyecto-de-ley-de-humedales\/#breadcrumb"},"inLanguage":"es","potentialAction":[{"@type":"ReadAction","target":["https:\/\/patagoniambiental.com.ar\/info\/tierra-del-fuego-participara-en-la-elaboracion-de-un-nuevo-proyecto-de-ley-de-humedales\/"]}]},{"@type":"ImageObject","inLanguage":"es","@id":"https:\/\/patagoniambiental.com.ar\/info\/tierra-del-fuego-participara-en-la-elaboracion-de-un-nuevo-proyecto-de-ley-de-humedales\/#primaryimage","url":"https:\/\/patagoniambiental.com.ar\/info\/wp-content\/uploads\/2022\/02\/eertr.jpeg","contentUrl":"https:\/\/patagoniambiental.com.ar\/info\/wp-content\/uploads\/2022\/02\/eertr.jpeg","width":880,"height":586},{"@type":"BreadcrumbList","@id":"https:\/\/patagoniambiental.com.ar\/info\/tierra-del-fuego-participara-en-la-elaboracion-de-un-nuevo-proyecto-de-ley-de-humedales\/#breadcrumb","itemListElement":[{"@type":"ListItem","position":1,"name":"Inicio","item":"https:\/\/patagoniambiental.com.ar\/info\/"},{"@type":"ListItem","position":2,"name":"Tierra del Fuego participar\u00e1 en la elaboraci\u00f3n de un nuevo proyecto de ley de humedales"}]},{"@type":"WebSite","@id":"https:\/\/patagoniambiental.com.ar\/info\/#website","url":"https:\/\/patagoniambiental.com.ar\/info\/","name":"Patagonia Ambiental","description":"Monitoreo y an\u00e1lisis de la situaci\u00f3n geopol\u00edtica en el mundo y su implicancia en la Patagonia","publisher":{"@id":"https:\/\/patagoniambiental.com.ar\/info\/#organization"},"potentialAction":[{"@type":"SearchAction","target":{"@type":"EntryPoint","urlTemplate":"https:\/\/patagoniambiental.com.ar\/info\/?s={search_term_string}"},"query-input":{"@type":"PropertyValueSpecification","valueRequired":true,"valueName":"search_term_string"}}],"inLanguage":"es"},{"@type":"Organization","@id":"https:\/\/patagoniambiental.com.ar\/info\/#organization","name":"Patagonia Ambiental","url":"https:\/\/patagoniambiental.com.ar\/info\/","logo":{"@type":"ImageObject","inLanguage":"es","@id":"https:\/\/patagoniambiental.com.ar\/info\/#\/schema\/logo\/image\/","url":"https:\/\/patagoniambiental.com.ar\/info\/wp-content\/uploads\/2025\/05\/LOGO-PATAGONIA-AMBIENTAL.png","contentUrl":"https:\/\/patagoniambiental.com.ar\/info\/wp-content\/uploads\/2025\/05\/LOGO-PATAGONIA-AMBIENTAL.png","width":433,"height":250,"caption":"Patagonia Ambiental"},"image":{"@id":"https:\/\/patagoniambiental.com.ar\/info\/#\/schema\/logo\/image\/"},"sameAs":["https:\/\/www.facebook.com\/patagonia.ambiental","https:\/\/x.com\/PatAmb"]},{"@type":"Person","@id":"https:\/\/patagoniambiental.com.ar\/info\/#\/schema\/person\/e5af09d700b2e82cb10c6b8800e0c691","name":"BRAIAN ESTEVEZ","sameAs":["http:\/\/www.patagoniambiental.com.ar"]}]}},"_links":{"self":[{"href":"https:\/\/patagoniambiental.com.ar\/info\/wp-json\/wp\/v2\/posts\/75119","targetHints":{"allow":["GET"]}}],"collection":[{"href":"https:\/\/patagoniambiental.com.ar\/info\/wp-json\/wp\/v2\/posts"}],"about":[{"href":"https:\/\/patagoniambiental.com.ar\/info\/wp-json\/wp\/v2\/types\/post"}],"author":[{"embeddable":true,"href":"https:\/\/patagoniambiental.com.ar\/info\/wp-json\/wp\/v2\/users\/6"}],"replies":[{"embeddable":true,"href":"https:\/\/patagoniambiental.com.ar\/info\/wp-json\/wp\/v2\/comments?post=75119"}],"version-history":[{"count":0,"href":"https:\/\/patagoniambiental.com.ar\/info\/wp-json\/wp\/v2\/posts\/75119\/revisions"}],"wp:featuredmedia":[{"embeddable":true,"href":"https:\/\/patagoniambiental.com.ar\/info\/wp-json\/wp\/v2\/media\/75120"}],"wp:attachment":[{"href":"https:\/\/patagoniambiental.com.ar\/info\/wp-json\/wp\/v2\/media?parent=75119"}],"wp:term":[{"taxonomy":"category","embeddable":true,"href":"https:\/\/patagoniambiental.com.ar\/info\/wp-json\/wp\/v2\/categories?post=75119"},{"taxonomy":"post_tag","embeddable":true,"href":"https:\/\/patagoniambiental.com.ar\/info\/wp-json\/wp\/v2\/tags?post=75119"}],"curies":[{"name":"wp","href":"https:\/\/api.w.org\/{rel}","templated":true}]}}