{"id":75131,"date":"2022-02-05T07:00:00","date_gmt":"2022-02-05T10:00:00","guid":{"rendered":"http:\/\/patagoniambiental.com.ar\/info\/?p=75131"},"modified":"2022-02-04T09:27:10","modified_gmt":"2022-02-04T12:27:10","slug":"parque-patagonia-se-viene-el-3o-festival-de-fotografia-de-naturaleza","status":"publish","type":"post","link":"https:\/\/patagoniambiental.com.ar\/info\/parque-patagonia-se-viene-el-3o-festival-de-fotografia-de-naturaleza\/","title":{"rendered":"PARQUE PATAGONIA. Se viene el 3\u00ba Festival de Fotograf\u00eda de Naturaleza"},"content":{"rendered":"\n<!--more-->\n\n\n\n<p>El viernes 11 y s\u00e1bado 12 de febrero Parque Patagonia invita a los apasionados de fotograf\u00eda de naturaleza a participar de dos jornadas gratuitas en el Portal Ca\u00f1ad\u00f3n Pinturas, con el acompa\u00f1amiento de experimentados fot\u00f3grafos.<strong><a href=\"https:\/\/ahoracalafate.com.ar\/categoria\/9\/naturaleza\">General &#8211; Naturaleza<\/a><\/strong>03\/02\/2022<\/p>\n\n\n\n<figure class=\"wp-block-image\"><img decoding=\"async\" src=\"https:\/\/ahoracalafate.com.ar\/download\/publicidades.imagen.9e2c742559d6f9b1.696d6167656e2e676966.gif\" alt=\"\"\/><\/figure>\n\n\n\n<figure class=\"wp-block-image\"><img decoding=\"async\" src=\"https:\/\/ahoracalafate.com.ar\/download\/multimedia.normal.91ba0116d2c0813e.62353731353838662d316335622d343336632d616232372d63613138376364395f6e6f726d616c2e6a7067.jpg\" alt=\"b571588f-1c5b-436c-ab27-ca187cd92cde\"\/><\/figure>\n\n\n\n<figure class=\"wp-block-image\"><img decoding=\"async\" src=\"https:\/\/ahoracalafate.com.ar\/download\/publicidades.imagen.820a5b9912581a32.696d6167656e2e676966.gif\" alt=\"\"\/><\/figure>\n\n\n\n<p>Entre una variedad \u00fanica de paisajes, fauna y flora nativa y sitios arqueol\u00f3gicos como fuente inagotable de inspiraci\u00f3n. Quienes se sumen tendr\u00e1n la oportunidad de compartir la experiencia con fot\u00f3grafos de amplia y reconocida trayectoria en el arte de plasmar la naturaleza a trav\u00e9s de sus lentes.&nbsp;<\/p>\n\n\n\n<p>Ser\u00e1n de la partida el porte\u00f1o Lepe Olmedo, el uruguayo Mat\u00edas Villegas, el neuquino Dar\u00edo Podest\u00e1 &nbsp;y el bahiense Guillermo Giagante, una comitiva de lujo que ser\u00e1 recibida por Franco Bucci, el fot\u00f3grafo \u201cbaqueano\u201d y anfitri\u00f3n de Parque Patagonia\u00bb.<\/p>\n\n\n\n<p>La actividad es libre y gratuita y est\u00e1 abierta a todas las personas afines a la fotograf\u00eda, ya sean amateurs o profesionales. Deber\u00e1n asistir con su propio equipo fotogr\u00e1fico e inscribirse por mail hasta el 8 de febrero en:&nbsp;encuentrofotoparquepatagonia@gmail.com&nbsp;<\/p>\n\n\n\n<figure class=\"wp-block-image\"><img decoding=\"async\" src=\"http:\/\/ahoracalafate.com.ar\/download\/multimedia.normal.8efe9ef5bde888c5.39393239363862632d306538332d346439652d396336322d31316233643764315f6e6f726d616c2e6a7067.jpg\" alt=\"992968bc-0e83-4d9e-9c62-11b3d7d1300c\"\/><\/figure>\n\n\n\n<p>\u201cEsta actividad se enmarca en la agenda de verano del Parque Patagonia pensando en un p\u00fablico tur\u00edstico que se increment\u00f3 notablemente desde fines de diciembre y nos sorprendi\u00f3 gratamente en enero, pero tambi\u00e9n para los interesados en la fotograf\u00eda de las comunidades locales cercanas al Portal\u201d, cuenta Camila Miloslavsky, gestora cultural del Portal Ca\u00f1ad\u00f3n Pinturas.<\/p>\n\n\n\n<p>Los interesados podr\u00e1n hacer noche dentro del Portal Ca\u00f1ad\u00f3n Pinturas o en las localidades vecinas. Dentro del portal, el \u00e1rea de camping agreste \u201cLa Se\u00f1alada\u201d es libre y gratuita y cuenta con proveedur\u00eda. Otra opci\u00f3n es hospedarse en el Refugio \u201cLa Posta de los Toldos\u201d que cuenta con hoster\u00eda y zona de acampe \u201cEl Mollar\u201d, con servicios y habilitado para motorhome y campers.<\/p>\n\n\n\n<p>El programa del evento comenzar\u00e1 el 11 de febrero a las 15 hs con la presentaci\u00f3n de Juli\u00e1n Olmedo, quien abordar\u00e1 la tem\u00e1tica de fotograf\u00eda-paisaje en el sendero La Guanaca, que lleva a los caminantes hasta la cima del Cerro Amarillo, y ofrece impresionantes vistas hacia la estepa y los Ca\u00f1adones Caracoles y Pinturas. Por la noche, los participantes podr\u00e1n disfrutar de un fog\u00f3n inaugural a cargo del grupo folcl\u00f3rico \u201cLa Se\u00f1alada\u201d que junto a la cantora Mariana Mallada, vecina de Perito Moreno, alegrar\u00e1n la velada.<\/p>\n\n\n\n<figure class=\"wp-block-image\"><img decoding=\"async\" src=\"http:\/\/ahoracalafate.com.ar\/download\/multimedia.normal.b765223c559fac9e.63356335353131362d396361302d343563342d613661642d35643261633231625f6e6f726d616c2e6a7067.jpg\" alt=\"c5c55116-9ca0-45c4-a6ad-5d2ac21bca5d\"\/><\/figure>\n\n\n\n<p>Si bien la fotograf\u00eda est\u00e1 asociada a la luz y parecer\u00eda que la noche significa la ausencia de ella, la jornada seguir\u00e1 de la mano de Mat\u00edas Villegas quien compartir\u00e1 los secretos y herramientas b\u00e1sicas de la particular experiencia de fotograf\u00eda nocturna en los alrededores del Ca\u00f1ad\u00f3n Pinturas.&nbsp;<\/p>\n\n\n\n<p>&nbsp;La segunda jornada comenzar\u00e1 bien temprano, con una salida de fotograf\u00eda de fauna con Dar\u00edo Podest\u00e1. En esta \u00e1rea protegida abundan las especies nativas de la estepa y el bi\u00f3logo y fot\u00f3grafo ense\u00f1ar\u00e1 a los participantes c\u00f3mo capturar las mejores escenas de vida silvestre. Por la tarde, Guillermo Giagante invitar\u00e1 a una recorrida por el sendero \u201cTierra de Colores\u201d para profundizar sobre fotograf\u00eda de paisaje.<\/p>\n\n\n\n<figure class=\"wp-block-image\"><img decoding=\"async\" src=\"http:\/\/ahoracalafate.com.ar\/download\/multimedia.normal.bf627b70504707fb.63666632623837342d353765622d346662632d623931352d30663632376233395f6e6f726d616c2e6a7067.jpg\" alt=\"cff2b874-57eb-4fbc-b915-0f627b393aa5\"\/><\/figure>\n\n\n\n<p>El encuentro est\u00e1 pensado \u201cpara que las comunidades locales y los visitantes de otros lugares venga a conocer y aprender de nuestra naturaleza y aprovechar el arte como un puente para conectarnos con ello, y qu\u00e9 mejor manera que hacerlo con el nivel de disertantes que tenemos, fot\u00f3grafos de gran trayectoria que van a estar brindando su conocimiento en estos dos d\u00edas y, sobre todo, darles un sentido de pertenencia a quienes nos visitan\u201d.<\/p>\n\n\n\n<p>El cierre del evento se har\u00e1 con fog\u00f3n y guitarreada en el puesto \u201cLa Se\u00f1alada\u201d.<\/p>\n\n\n\n<figure class=\"wp-block-image\"><img decoding=\"async\" src=\"http:\/\/ahoracalafate.com.ar\/download\/multimedia.normal.bf7706e741766d4b.38643463396362642d356463372d343039622d383839622d66303539343137625f6e6f726d616c2e6a7067.jpg\" alt=\"8d4c9cbd-5dc7-409b-889b-f059417b0049\"\/><\/figure>\n\n\n\n<p>Fuente: https:\/\/ahoracalafate.com.ar\/contenido\/9722\/parque-patagonia-se-viene-el-3o-festival-de-fotografia-de-naturaleza<\/p>\n","protected":false},"excerpt":{"rendered":"","protected":false},"author":6,"featured_media":75132,"comment_status":"open","ping_status":"open","sticky":false,"template":"","format":"standard","meta":{"site-sidebar-layout":"default","site-content-layout":"","ast-site-content-layout":"default","site-content-style":"default","site-sidebar-style":"default","ast-global-header-display":"","ast-banner-title-visibility":"","ast-main-header-display":"","ast-hfb-above-header-display":"","ast-hfb-below-header-display":"","ast-hfb-mobile-header-display":"","site-post-title":"","ast-breadcrumbs-content":"","ast-featured-img":"","footer-sml-layout":"","ast-disable-related-posts":"","theme-transparent-header-meta":"","adv-header-id-meta":"","stick-header-meta":"","header-above-stick-meta":"","header-main-stick-meta":"","header-below-stick-meta":"","astra-migrate-meta-layouts":"default","ast-page-background-enabled":"default","ast-page-background-meta":{"desktop":{"background-color":"var(--ast-global-color-5)","background-image":"","background-repeat":"repeat","background-position":"center center","background-size":"auto","background-attachment":"scroll","background-type":"","background-media":"","overlay-type":"","overlay-color":"","overlay-opacity":"","overlay-gradient":""},"tablet":{"background-color":"","background-image":"","background-repeat":"repeat","background-position":"center center","background-size":"auto","background-attachment":"scroll","background-type":"","background-media":"","overlay-type":"","overlay-color":"","overlay-opacity":"","overlay-gradient":""},"mobile":{"background-color":"","background-image":"","background-repeat":"repeat","background-position":"center center","background-size":"auto","background-attachment":"scroll","background-type":"","background-media":"","overlay-type":"","overlay-color":"","overlay-opacity":"","overlay-gradient":""}},"ast-content-background-meta":{"desktop":{"background-color":"var(--ast-global-color-4)","background-image":"","background-repeat":"repeat","background-position":"center center","background-size":"auto","background-attachment":"scroll","background-type":"","background-media":"","overlay-type":"","overlay-color":"","overlay-opacity":"","overlay-gradient":""},"tablet":{"background-color":"var(--ast-global-color-4)","background-image":"","background-repeat":"repeat","background-position":"center center","background-size":"auto","background-attachment":"scroll","background-type":"","background-media":"","overlay-type":"","overlay-color":"","overlay-opacity":"","overlay-gradient":""},"mobile":{"background-color":"var(--ast-global-color-4)","background-image":"","background-repeat":"repeat","background-position":"center center","background-size":"auto","background-attachment":"scroll","background-type":"","background-media":"","overlay-type":"","overlay-color":"","overlay-opacity":"","overlay-gradient":""}},"footnotes":""},"categories":[1],"tags":[],"class_list":["post-75131","post","type-post","status-publish","format-standard","has-post-thumbnail","hentry","category-noticias"],"yoast_head":"<!-- This site is optimized with the Yoast SEO Premium plugin v23.0 (Yoast SEO v27.5) - https:\/\/yoast.com\/product\/yoast-seo-premium-wordpress\/ -->\n<title>PARQUE PATAGONIA. Se viene el 3\u00ba Festival de Fotograf\u00eda de Naturaleza<\/title>\n<meta name=\"robots\" content=\"index, follow, max-snippet:-1, max-image-preview:large, max-video-preview:-1\" \/>\n<link rel=\"canonical\" href=\"https:\/\/patagoniambiental.com.ar\/info\/parque-patagonia-se-viene-el-3o-festival-de-fotografia-de-naturaleza\/\" \/>\n<meta property=\"og:locale\" content=\"es_ES\" \/>\n<meta property=\"og:type\" content=\"article\" \/>\n<meta property=\"og:title\" content=\"PARQUE PATAGONIA. Se viene el 3\u00ba Festival de Fotograf\u00eda de Naturaleza\" \/>\n<meta property=\"og:url\" content=\"https:\/\/patagoniambiental.com.ar\/info\/parque-patagonia-se-viene-el-3o-festival-de-fotografia-de-naturaleza\/\" \/>\n<meta property=\"og:site_name\" content=\"Patagonia Ambiental\" \/>\n<meta property=\"article:publisher\" content=\"https:\/\/www.facebook.com\/patagonia.ambiental\" \/>\n<meta property=\"article:published_time\" content=\"2022-02-05T10:00:00+00:00\" \/>\n<meta property=\"og:image\" content=\"https:\/\/patagoniambiental.com.ar\/info\/wp-content\/uploads\/2022\/02\/multimedia.normal.91ba0116d2c0813e.62353731353838662d316335622d343336632d616232372d63613138376364395f6e6f726d616c2e6a7067.jpg\" \/>\n\t<meta property=\"og:image:width\" content=\"1280\" \/>\n\t<meta property=\"og:image:height\" content=\"853\" \/>\n\t<meta property=\"og:image:type\" content=\"image\/jpeg\" \/>\n<meta name=\"author\" content=\"BRAIAN ESTEVEZ\" \/>\n<meta name=\"twitter:card\" content=\"summary_large_image\" \/>\n<meta name=\"twitter:creator\" content=\"@PatAmb\" \/>\n<meta name=\"twitter:site\" content=\"@PatAmb\" \/>\n<script type=\"application\/ld+json\" class=\"yoast-schema-graph\">{\"@context\":\"https:\\\/\\\/schema.org\",\"@graph\":[{\"@type\":\"Article\",\"@id\":\"https:\\\/\\\/patagoniambiental.com.ar\\\/info\\\/parque-patagonia-se-viene-el-3o-festival-de-fotografia-de-naturaleza\\\/#article\",\"isPartOf\":{\"@id\":\"https:\\\/\\\/patagoniambiental.com.ar\\\/info\\\/parque-patagonia-se-viene-el-3o-festival-de-fotografia-de-naturaleza\\\/\"},\"author\":{\"name\":\"BRAIAN ESTEVEZ\",\"@id\":\"https:\\\/\\\/patagoniambiental.com.ar\\\/info\\\/#\\\/schema\\\/person\\\/e5af09d700b2e82cb10c6b8800e0c691\"},\"headline\":\"PARQUE PATAGONIA. Se viene el 3\u00ba Festival de Fotograf\u00eda de Naturaleza\",\"datePublished\":\"2022-02-05T10:00:00+00:00\",\"mainEntityOfPage\":{\"@id\":\"https:\\\/\\\/patagoniambiental.com.ar\\\/info\\\/parque-patagonia-se-viene-el-3o-festival-de-fotografia-de-naturaleza\\\/\"},\"wordCount\":653,\"commentCount\":0,\"publisher\":{\"@id\":\"https:\\\/\\\/patagoniambiental.com.ar\\\/info\\\/#organization\"},\"image\":{\"@id\":\"https:\\\/\\\/patagoniambiental.com.ar\\\/info\\\/parque-patagonia-se-viene-el-3o-festival-de-fotografia-de-naturaleza\\\/#primaryimage\"},\"thumbnailUrl\":\"https:\\\/\\\/patagoniambiental.com.ar\\\/info\\\/wp-content\\\/uploads\\\/2022\\\/02\\\/multimedia.normal.91ba0116d2c0813e.62353731353838662d316335622d343336632d616232372d63613138376364395f6e6f726d616c2e6a7067.jpg\",\"articleSection\":[\"Noticias\"],\"inLanguage\":\"es\",\"potentialAction\":[{\"@type\":\"CommentAction\",\"name\":\"Comment\",\"target\":[\"https:\\\/\\\/patagoniambiental.com.ar\\\/info\\\/parque-patagonia-se-viene-el-3o-festival-de-fotografia-de-naturaleza\\\/#respond\"]}]},{\"@type\":\"WebPage\",\"@id\":\"https:\\\/\\\/patagoniambiental.com.ar\\\/info\\\/parque-patagonia-se-viene-el-3o-festival-de-fotografia-de-naturaleza\\\/\",\"url\":\"https:\\\/\\\/patagoniambiental.com.ar\\\/info\\\/parque-patagonia-se-viene-el-3o-festival-de-fotografia-de-naturaleza\\\/\",\"name\":\"PARQUE PATAGONIA. Se viene el 3\u00ba Festival de Fotograf\u00eda de Naturaleza\",\"isPartOf\":{\"@id\":\"https:\\\/\\\/patagoniambiental.com.ar\\\/info\\\/#website\"},\"primaryImageOfPage\":{\"@id\":\"https:\\\/\\\/patagoniambiental.com.ar\\\/info\\\/parque-patagonia-se-viene-el-3o-festival-de-fotografia-de-naturaleza\\\/#primaryimage\"},\"image\":{\"@id\":\"https:\\\/\\\/patagoniambiental.com.ar\\\/info\\\/parque-patagonia-se-viene-el-3o-festival-de-fotografia-de-naturaleza\\\/#primaryimage\"},\"thumbnailUrl\":\"https:\\\/\\\/patagoniambiental.com.ar\\\/info\\\/wp-content\\\/uploads\\\/2022\\\/02\\\/multimedia.normal.91ba0116d2c0813e.62353731353838662d316335622d343336632d616232372d63613138376364395f6e6f726d616c2e6a7067.jpg\",\"datePublished\":\"2022-02-05T10:00:00+00:00\",\"breadcrumb\":{\"@id\":\"https:\\\/\\\/patagoniambiental.com.ar\\\/info\\\/parque-patagonia-se-viene-el-3o-festival-de-fotografia-de-naturaleza\\\/#breadcrumb\"},\"inLanguage\":\"es\",\"potentialAction\":[{\"@type\":\"ReadAction\",\"target\":[\"https:\\\/\\\/patagoniambiental.com.ar\\\/info\\\/parque-patagonia-se-viene-el-3o-festival-de-fotografia-de-naturaleza\\\/\"]}]},{\"@type\":\"ImageObject\",\"inLanguage\":\"es\",\"@id\":\"https:\\\/\\\/patagoniambiental.com.ar\\\/info\\\/parque-patagonia-se-viene-el-3o-festival-de-fotografia-de-naturaleza\\\/#primaryimage\",\"url\":\"https:\\\/\\\/patagoniambiental.com.ar\\\/info\\\/wp-content\\\/uploads\\\/2022\\\/02\\\/multimedia.normal.91ba0116d2c0813e.62353731353838662d316335622d343336632d616232372d63613138376364395f6e6f726d616c2e6a7067.jpg\",\"contentUrl\":\"https:\\\/\\\/patagoniambiental.com.ar\\\/info\\\/wp-content\\\/uploads\\\/2022\\\/02\\\/multimedia.normal.91ba0116d2c0813e.62353731353838662d316335622d343336632d616232372d63613138376364395f6e6f726d616c2e6a7067.jpg\",\"width\":900,\"height\":600},{\"@type\":\"BreadcrumbList\",\"@id\":\"https:\\\/\\\/patagoniambiental.com.ar\\\/info\\\/parque-patagonia-se-viene-el-3o-festival-de-fotografia-de-naturaleza\\\/#breadcrumb\",\"itemListElement\":[{\"@type\":\"ListItem\",\"position\":1,\"name\":\"Inicio\",\"item\":\"https:\\\/\\\/patagoniambiental.com.ar\\\/info\\\/\"},{\"@type\":\"ListItem\",\"position\":2,\"name\":\"PARQUE PATAGONIA. Se viene el 3\u00ba Festival de Fotograf\u00eda de Naturaleza\"}]},{\"@type\":\"WebSite\",\"@id\":\"https:\\\/\\\/patagoniambiental.com.ar\\\/info\\\/#website\",\"url\":\"https:\\\/\\\/patagoniambiental.com.ar\\\/info\\\/\",\"name\":\"Patagonia Ambiental\",\"description\":\"Monitoreo y an\u00e1lisis de la situaci\u00f3n geopol\u00edtica en el mundo y su implicancia en la Patagonia\",\"publisher\":{\"@id\":\"https:\\\/\\\/patagoniambiental.com.ar\\\/info\\\/#organization\"},\"potentialAction\":[{\"@type\":\"SearchAction\",\"target\":{\"@type\":\"EntryPoint\",\"urlTemplate\":\"https:\\\/\\\/patagoniambiental.com.ar\\\/info\\\/?s={search_term_string}\"},\"query-input\":{\"@type\":\"PropertyValueSpecification\",\"valueRequired\":true,\"valueName\":\"search_term_string\"}}],\"inLanguage\":\"es\"},{\"@type\":\"Organization\",\"@id\":\"https:\\\/\\\/patagoniambiental.com.ar\\\/info\\\/#organization\",\"name\":\"Patagonia Ambiental\",\"url\":\"https:\\\/\\\/patagoniambiental.com.ar\\\/info\\\/\",\"logo\":{\"@type\":\"ImageObject\",\"inLanguage\":\"es\",\"@id\":\"https:\\\/\\\/patagoniambiental.com.ar\\\/info\\\/#\\\/schema\\\/logo\\\/image\\\/\",\"url\":\"https:\\\/\\\/patagoniambiental.com.ar\\\/info\\\/wp-content\\\/uploads\\\/2025\\\/05\\\/LOGO-PATAGONIA-AMBIENTAL.png\",\"contentUrl\":\"https:\\\/\\\/patagoniambiental.com.ar\\\/info\\\/wp-content\\\/uploads\\\/2025\\\/05\\\/LOGO-PATAGONIA-AMBIENTAL.png\",\"width\":433,\"height\":250,\"caption\":\"Patagonia Ambiental\"},\"image\":{\"@id\":\"https:\\\/\\\/patagoniambiental.com.ar\\\/info\\\/#\\\/schema\\\/logo\\\/image\\\/\"},\"sameAs\":[\"https:\\\/\\\/www.facebook.com\\\/patagonia.ambiental\",\"https:\\\/\\\/x.com\\\/PatAmb\"]},{\"@type\":\"Person\",\"@id\":\"https:\\\/\\\/patagoniambiental.com.ar\\\/info\\\/#\\\/schema\\\/person\\\/e5af09d700b2e82cb10c6b8800e0c691\",\"name\":\"BRAIAN ESTEVEZ\",\"sameAs\":[\"http:\\\/\\\/www.patagoniambiental.com.ar\"]}]}<\/script>\n<!-- \/ Yoast SEO Premium plugin. -->","yoast_head_json":{"title":"PARQUE PATAGONIA. Se viene el 3\u00ba Festival de Fotograf\u00eda de Naturaleza","robots":{"index":"index","follow":"follow","max-snippet":"max-snippet:-1","max-image-preview":"max-image-preview:large","max-video-preview":"max-video-preview:-1"},"canonical":"https:\/\/patagoniambiental.com.ar\/info\/parque-patagonia-se-viene-el-3o-festival-de-fotografia-de-naturaleza\/","og_locale":"es_ES","og_type":"article","og_title":"PARQUE PATAGONIA. Se viene el 3\u00ba Festival de Fotograf\u00eda de Naturaleza","og_url":"https:\/\/patagoniambiental.com.ar\/info\/parque-patagonia-se-viene-el-3o-festival-de-fotografia-de-naturaleza\/","og_site_name":"Patagonia Ambiental","article_publisher":"https:\/\/www.facebook.com\/patagonia.ambiental","article_published_time":"2022-02-05T10:00:00+00:00","og_image":[{"width":1280,"height":853,"url":"https:\/\/patagoniambiental.com.ar\/info\/wp-content\/uploads\/2022\/02\/multimedia.normal.91ba0116d2c0813e.62353731353838662d316335622d343336632d616232372d63613138376364395f6e6f726d616c2e6a7067.jpg","type":"image\/jpeg"}],"author":"BRAIAN ESTEVEZ","twitter_card":"summary_large_image","twitter_creator":"@PatAmb","twitter_site":"@PatAmb","schema":{"@context":"https:\/\/schema.org","@graph":[{"@type":"Article","@id":"https:\/\/patagoniambiental.com.ar\/info\/parque-patagonia-se-viene-el-3o-festival-de-fotografia-de-naturaleza\/#article","isPartOf":{"@id":"https:\/\/patagoniambiental.com.ar\/info\/parque-patagonia-se-viene-el-3o-festival-de-fotografia-de-naturaleza\/"},"author":{"name":"BRAIAN ESTEVEZ","@id":"https:\/\/patagoniambiental.com.ar\/info\/#\/schema\/person\/e5af09d700b2e82cb10c6b8800e0c691"},"headline":"PARQUE PATAGONIA. Se viene el 3\u00ba Festival de Fotograf\u00eda de Naturaleza","datePublished":"2022-02-05T10:00:00+00:00","mainEntityOfPage":{"@id":"https:\/\/patagoniambiental.com.ar\/info\/parque-patagonia-se-viene-el-3o-festival-de-fotografia-de-naturaleza\/"},"wordCount":653,"commentCount":0,"publisher":{"@id":"https:\/\/patagoniambiental.com.ar\/info\/#organization"},"image":{"@id":"https:\/\/patagoniambiental.com.ar\/info\/parque-patagonia-se-viene-el-3o-festival-de-fotografia-de-naturaleza\/#primaryimage"},"thumbnailUrl":"https:\/\/patagoniambiental.com.ar\/info\/wp-content\/uploads\/2022\/02\/multimedia.normal.91ba0116d2c0813e.62353731353838662d316335622d343336632d616232372d63613138376364395f6e6f726d616c2e6a7067.jpg","articleSection":["Noticias"],"inLanguage":"es","potentialAction":[{"@type":"CommentAction","name":"Comment","target":["https:\/\/patagoniambiental.com.ar\/info\/parque-patagonia-se-viene-el-3o-festival-de-fotografia-de-naturaleza\/#respond"]}]},{"@type":"WebPage","@id":"https:\/\/patagoniambiental.com.ar\/info\/parque-patagonia-se-viene-el-3o-festival-de-fotografia-de-naturaleza\/","url":"https:\/\/patagoniambiental.com.ar\/info\/parque-patagonia-se-viene-el-3o-festival-de-fotografia-de-naturaleza\/","name":"PARQUE PATAGONIA. Se viene el 3\u00ba Festival de Fotograf\u00eda de Naturaleza","isPartOf":{"@id":"https:\/\/patagoniambiental.com.ar\/info\/#website"},"primaryImageOfPage":{"@id":"https:\/\/patagoniambiental.com.ar\/info\/parque-patagonia-se-viene-el-3o-festival-de-fotografia-de-naturaleza\/#primaryimage"},"image":{"@id":"https:\/\/patagoniambiental.com.ar\/info\/parque-patagonia-se-viene-el-3o-festival-de-fotografia-de-naturaleza\/#primaryimage"},"thumbnailUrl":"https:\/\/patagoniambiental.com.ar\/info\/wp-content\/uploads\/2022\/02\/multimedia.normal.91ba0116d2c0813e.62353731353838662d316335622d343336632d616232372d63613138376364395f6e6f726d616c2e6a7067.jpg","datePublished":"2022-02-05T10:00:00+00:00","breadcrumb":{"@id":"https:\/\/patagoniambiental.com.ar\/info\/parque-patagonia-se-viene-el-3o-festival-de-fotografia-de-naturaleza\/#breadcrumb"},"inLanguage":"es","potentialAction":[{"@type":"ReadAction","target":["https:\/\/patagoniambiental.com.ar\/info\/parque-patagonia-se-viene-el-3o-festival-de-fotografia-de-naturaleza\/"]}]},{"@type":"ImageObject","inLanguage":"es","@id":"https:\/\/patagoniambiental.com.ar\/info\/parque-patagonia-se-viene-el-3o-festival-de-fotografia-de-naturaleza\/#primaryimage","url":"https:\/\/patagoniambiental.com.ar\/info\/wp-content\/uploads\/2022\/02\/multimedia.normal.91ba0116d2c0813e.62353731353838662d316335622d343336632d616232372d63613138376364395f6e6f726d616c2e6a7067.jpg","contentUrl":"https:\/\/patagoniambiental.com.ar\/info\/wp-content\/uploads\/2022\/02\/multimedia.normal.91ba0116d2c0813e.62353731353838662d316335622d343336632d616232372d63613138376364395f6e6f726d616c2e6a7067.jpg","width":900,"height":600},{"@type":"BreadcrumbList","@id":"https:\/\/patagoniambiental.com.ar\/info\/parque-patagonia-se-viene-el-3o-festival-de-fotografia-de-naturaleza\/#breadcrumb","itemListElement":[{"@type":"ListItem","position":1,"name":"Inicio","item":"https:\/\/patagoniambiental.com.ar\/info\/"},{"@type":"ListItem","position":2,"name":"PARQUE PATAGONIA. Se viene el 3\u00ba Festival de Fotograf\u00eda de Naturaleza"}]},{"@type":"WebSite","@id":"https:\/\/patagoniambiental.com.ar\/info\/#website","url":"https:\/\/patagoniambiental.com.ar\/info\/","name":"Patagonia Ambiental","description":"Monitoreo y an\u00e1lisis de la situaci\u00f3n geopol\u00edtica en el mundo y su implicancia en la Patagonia","publisher":{"@id":"https:\/\/patagoniambiental.com.ar\/info\/#organization"},"potentialAction":[{"@type":"SearchAction","target":{"@type":"EntryPoint","urlTemplate":"https:\/\/patagoniambiental.com.ar\/info\/?s={search_term_string}"},"query-input":{"@type":"PropertyValueSpecification","valueRequired":true,"valueName":"search_term_string"}}],"inLanguage":"es"},{"@type":"Organization","@id":"https:\/\/patagoniambiental.com.ar\/info\/#organization","name":"Patagonia Ambiental","url":"https:\/\/patagoniambiental.com.ar\/info\/","logo":{"@type":"ImageObject","inLanguage":"es","@id":"https:\/\/patagoniambiental.com.ar\/info\/#\/schema\/logo\/image\/","url":"https:\/\/patagoniambiental.com.ar\/info\/wp-content\/uploads\/2025\/05\/LOGO-PATAGONIA-AMBIENTAL.png","contentUrl":"https:\/\/patagoniambiental.com.ar\/info\/wp-content\/uploads\/2025\/05\/LOGO-PATAGONIA-AMBIENTAL.png","width":433,"height":250,"caption":"Patagonia Ambiental"},"image":{"@id":"https:\/\/patagoniambiental.com.ar\/info\/#\/schema\/logo\/image\/"},"sameAs":["https:\/\/www.facebook.com\/patagonia.ambiental","https:\/\/x.com\/PatAmb"]},{"@type":"Person","@id":"https:\/\/patagoniambiental.com.ar\/info\/#\/schema\/person\/e5af09d700b2e82cb10c6b8800e0c691","name":"BRAIAN ESTEVEZ","sameAs":["http:\/\/www.patagoniambiental.com.ar"]}]}},"_links":{"self":[{"href":"https:\/\/patagoniambiental.com.ar\/info\/wp-json\/wp\/v2\/posts\/75131","targetHints":{"allow":["GET"]}}],"collection":[{"href":"https:\/\/patagoniambiental.com.ar\/info\/wp-json\/wp\/v2\/posts"}],"about":[{"href":"https:\/\/patagoniambiental.com.ar\/info\/wp-json\/wp\/v2\/types\/post"}],"author":[{"embeddable":true,"href":"https:\/\/patagoniambiental.com.ar\/info\/wp-json\/wp\/v2\/users\/6"}],"replies":[{"embeddable":true,"href":"https:\/\/patagoniambiental.com.ar\/info\/wp-json\/wp\/v2\/comments?post=75131"}],"version-history":[{"count":0,"href":"https:\/\/patagoniambiental.com.ar\/info\/wp-json\/wp\/v2\/posts\/75131\/revisions"}],"wp:featuredmedia":[{"embeddable":true,"href":"https:\/\/patagoniambiental.com.ar\/info\/wp-json\/wp\/v2\/media\/75132"}],"wp:attachment":[{"href":"https:\/\/patagoniambiental.com.ar\/info\/wp-json\/wp\/v2\/media?parent=75131"}],"wp:term":[{"taxonomy":"category","embeddable":true,"href":"https:\/\/patagoniambiental.com.ar\/info\/wp-json\/wp\/v2\/categories?post=75131"},{"taxonomy":"post_tag","embeddable":true,"href":"https:\/\/patagoniambiental.com.ar\/info\/wp-json\/wp\/v2\/tags?post=75131"}],"curies":[{"name":"wp","href":"https:\/\/api.w.org\/{rel}","templated":true}]}}