{"id":75140,"date":"2022-02-04T10:14:14","date_gmt":"2022-02-04T13:14:14","guid":{"rendered":"http:\/\/patagoniambiental.com.ar\/info\/?p=75140"},"modified":"2022-02-04T10:14:17","modified_gmt":"2022-02-04T13:14:17","slug":"tierra-del-fuego-participo-del-encuentro-por-el-dia-mundial-de-los-humedales","status":"publish","type":"post","link":"https:\/\/patagoniambiental.com.ar\/info\/tierra-del-fuego-participo-del-encuentro-por-el-dia-mundial-de-los-humedales\/","title":{"rendered":"Tierra del Fuego particip\u00f3 del encuentro por el D\u00eda Mundial de los Humedales"},"content":{"rendered":"\n<!--more-->\n\n\n\n<p>Fue en el marco del Consejo Federal de Medio Ambiente, donde se expuso la importancia de estos ambientes, como as\u00ed tambi\u00e9n en la necesidad de avanzar con su inventario, modelos de gesti\u00f3n sostenibles y armonizados con el desarrollo.<\/p>\n\n\n\n<figure class=\"wp-block-image\"><a href=\"https:\/\/www.fmfuego.com.ar\/galeria\/fotos\/2022\/02\/03\/o_1643885086.jpeg\" target=\"_blank\" rel=\"noreferrer noopener\"><img decoding=\"async\" src=\"https:\/\/www.fmfuego.com.ar\/galeria\/fotos\/2022\/02\/03\/l_1643885086.jpeg\" alt=\"\" title=\"\"\/><\/a><\/figure>\n\n\n\n<p><ins><\/ins><a href=\"https:\/\/www.fmfuego.com.ar\/provinciales\/tierra-del-fuego-participo-del-encuentro-por-el-dia-mundial-de-los-humedales.htm#comentarios\"><\/a><a href=\"https:\/\/www.fmfuego.com.ar\/extras\/notas\/enviar.php?id=127095\">Enviar<\/a><a>Imprimir<\/a><\/p>\n\n\n\n<p>La secretaria de Ambiente de la Provincia, Eugenia \u00c1lvarez y la directora de Aprovechamientos H\u00eddricos, Mabel V\u00e1zquez participaron de la actividad en celebraci\u00f3n del D\u00eda Mundial de Los Humedales, propuesta por el Consejo Federal de Medio Ambiente (COFEMA) con el objetivo de generar un \u00e1mbito de encuentro e intercambio entre los equipos t\u00e9cnicos que llevan adelante los inventarios de humedales.<\/p>\n\n\n\n<p>Durante la jornada, se expuso y debati\u00f3 sobre el marco t\u00e9cnico e institucional para el desarrollo del Inventario Nacional y los contextos locales donde se implementan los inventarios.<ins><\/ins><\/p>\n\n\n\n<p>En Julio de 2021, Tierra del Fuego firm\u00f3 un convenio para dar comienzo al desarrollo del Inventario Provincial de Humedales en el marco del proceso del Inventario Nacional en el Ministerio de Ambiente y Desarrollo Sostenible de la Naci\u00f3n junto a otras provincias. El objetivo de este inventario es generar una herramienta estrat\u00e9gica para el ordenamiento ambiental del territorio y la gesti\u00f3n de estos ecosistemas, de acuerdo a lo establecido por la Ley General del Ambiente &#8211; N\u00b0 25.675 y la normativa provincial &#8211; y la Convenci\u00f3n RAMSAR sobre los Humedales.<\/p>\n\n\n\n<p>Al respecto, la Secretaria de Ambiente asegur\u00f3 que \u201cTierra del Fuego posee una gran superficie y variedad de humedales en el contexto de la Argentina y, en este sentido, una de las zonas de la provincia con mayor superficie de humedales como Pen\u00ednsula Mitre, sitio declarado de inter\u00e9s provincial y que est\u00e1 a la espera pronto de ocupar la categor\u00eda de \u00e1rea protegida provincial\u201d.<\/p>\n\n\n\n<p>\u201cLos humedales son vitales para el equilibrio ambiental del pa\u00eds y nuestra provincia, por lo que debemos abordar el desaf\u00edo de gestionarlos de forma sostenible y conjunta con los actores y actividades del territorio\u201d concluy\u00f3 la funcionaria fueguina.<\/p>\n\n\n\n<p>Los humedales son ecosistemas con gran diversidad biol\u00f3gica, reguladores del ciclo del agua y del clima, generadores de recursos h\u00eddricos para abastecimiento de agua dulce y constituyen zonas para actividades humanas como la pesca y el turismo. Estos, contribuyen en la regulaci\u00f3n del ciclo del agua, en el control de inundaciones y sequ\u00edas, y tambi\u00e9n como refugio de vida silvestre, motivos por los cuales su conservaci\u00f3n es tan importante e imprescindible.<\/p>\n\n\n\n<p>Como parte de las actividades de la Provincia por el D\u00eda Mundial de los Humedales, se recuerda a la poblaci\u00f3n que a\u00fan quedan lugares disponibles para formar parte de las caminatas interpretativas en la ciudad de Tolhuin y R\u00edo Grande para aprender y conocer acerca de este importante recurso:<\/p>\n\n\n\n<p>\u25cfS\u00e1bado 12 de febrero a Reserva Laguna Negra:&nbsp;<a href=\"https:\/\/forms.gle\/XyfAQNopjuYsdtVm6\" target=\"_blank\" rel=\"noreferrer noopener\">https:\/\/forms.gle\/XyfAQNopjuYsdtVm6<\/a><\/p>\n\n\n\n<p>\u25cfDomingo 13 de febrero a Reserva Costa Atl\u00e1ntica:\u00a0<a rel=\"noreferrer noopener\" href=\"https:\/\/forms.gle\/RMt5UffSber2ihHy7\" target=\"_blank\">https:\/\/forms.gle\/RMt5UffSber2ihHy7<\/a><\/p>\n\n\n\n<figure class=\"wp-block-embed\"><div class=\"wp-block-embed__wrapper\">\nhttps:\/\/www.fmfuego.com.ar\/provinciales\/tierra-del-fuego-participo-del-encuentro-por-el-dia-mundial-de-los-humedales.htm\n<\/div><\/figure>\n","protected":false},"excerpt":{"rendered":"","protected":false},"author":6,"featured_media":75141,"comment_status":"open","ping_status":"open","sticky":false,"template":"","format":"standard","meta":{"site-sidebar-layout":"default","site-content-layout":"","ast-site-content-layout":"default","site-content-style":"default","site-sidebar-style":"default","ast-global-header-display":"","ast-banner-title-visibility":"","ast-main-header-display":"","ast-hfb-above-header-display":"","ast-hfb-below-header-display":"","ast-hfb-mobile-header-display":"","site-post-title":"","ast-breadcrumbs-content":"","ast-featured-img":"","footer-sml-layout":"","ast-disable-related-posts":"","theme-transparent-header-meta":"","adv-header-id-meta":"","stick-header-meta":"","header-above-stick-meta":"","header-main-stick-meta":"","header-below-stick-meta":"","astra-migrate-meta-layouts":"default","ast-page-background-enabled":"default","ast-page-background-meta":{"desktop":{"background-color":"var(--ast-global-color-5)","background-image":"","background-repeat":"repeat","background-position":"center center","background-size":"auto","background-attachment":"scroll","background-type":"","background-media":"","overlay-type":"","overlay-color":"","overlay-opacity":"","overlay-gradient":""},"tablet":{"background-color":"","background-image":"","background-repeat":"repeat","background-position":"center center","background-size":"auto","background-attachment":"scroll","background-type":"","background-media":"","overlay-type":"","overlay-color":"","overlay-opacity":"","overlay-gradient":""},"mobile":{"background-color":"","background-image":"","background-repeat":"repeat","background-position":"center center","background-size":"auto","background-attachment":"scroll","background-type":"","background-media":"","overlay-type":"","overlay-color":"","overlay-opacity":"","overlay-gradient":""}},"ast-content-background-meta":{"desktop":{"background-color":"var(--ast-global-color-4)","background-image":"","background-repeat":"repeat","background-position":"center center","background-size":"auto","background-attachment":"scroll","background-type":"","background-media":"","overlay-type":"","overlay-color":"","overlay-opacity":"","overlay-gradient":""},"tablet":{"background-color":"var(--ast-global-color-4)","background-image":"","background-repeat":"repeat","background-position":"center center","background-size":"auto","background-attachment":"scroll","background-type":"","background-media":"","overlay-type":"","overlay-color":"","overlay-opacity":"","overlay-gradient":""},"mobile":{"background-color":"var(--ast-global-color-4)","background-image":"","background-repeat":"repeat","background-position":"center center","background-size":"auto","background-attachment":"scroll","background-type":"","background-media":"","overlay-type":"","overlay-color":"","overlay-opacity":"","overlay-gradient":""}},"footnotes":""},"categories":[1],"tags":[],"class_list":["post-75140","post","type-post","status-publish","format-standard","has-post-thumbnail","hentry","category-noticias"],"yoast_head":"<!-- This site is optimized with the Yoast SEO Premium plugin v23.0 (Yoast SEO v27.5) - https:\/\/yoast.com\/product\/yoast-seo-premium-wordpress\/ -->\n<title>Tierra del Fuego particip\u00f3 del encuentro por el D\u00eda Mundial de los Humedales<\/title>\n<meta name=\"robots\" content=\"index, follow, max-snippet:-1, max-image-preview:large, max-video-preview:-1\" \/>\n<link rel=\"canonical\" href=\"https:\/\/patagoniambiental.com.ar\/info\/tierra-del-fuego-participo-del-encuentro-por-el-dia-mundial-de-los-humedales\/\" \/>\n<meta property=\"og:locale\" content=\"es_ES\" \/>\n<meta property=\"og:type\" content=\"article\" \/>\n<meta property=\"og:title\" content=\"Tierra del Fuego particip\u00f3 del encuentro por el D\u00eda Mundial de los Humedales\" \/>\n<meta property=\"og:url\" content=\"https:\/\/patagoniambiental.com.ar\/info\/tierra-del-fuego-participo-del-encuentro-por-el-dia-mundial-de-los-humedales\/\" \/>\n<meta property=\"og:site_name\" content=\"Patagonia Ambiental\" \/>\n<meta property=\"article:publisher\" content=\"https:\/\/www.facebook.com\/patagonia.ambiental\" \/>\n<meta property=\"article:published_time\" content=\"2022-02-04T13:14:14+00:00\" \/>\n<meta property=\"article:modified_time\" content=\"2022-02-04T13:14:17+00:00\" \/>\n<meta property=\"og:image\" content=\"https:\/\/patagoniambiental.com.ar\/info\/wp-content\/uploads\/2022\/02\/l_1643885086.jpeg\" \/>\n\t<meta property=\"og:image:width\" content=\"900\" \/>\n\t<meta property=\"og:image:height\" content=\"600\" \/>\n\t<meta property=\"og:image:type\" content=\"image\/jpeg\" \/>\n<meta name=\"author\" content=\"BRAIAN ESTEVEZ\" \/>\n<meta name=\"twitter:card\" content=\"summary_large_image\" \/>\n<meta name=\"twitter:creator\" content=\"@PatAmb\" \/>\n<meta name=\"twitter:site\" content=\"@PatAmb\" \/>\n<script type=\"application\/ld+json\" class=\"yoast-schema-graph\">{\"@context\":\"https:\\\/\\\/schema.org\",\"@graph\":[{\"@type\":\"Article\",\"@id\":\"https:\\\/\\\/patagoniambiental.com.ar\\\/info\\\/tierra-del-fuego-participo-del-encuentro-por-el-dia-mundial-de-los-humedales\\\/#article\",\"isPartOf\":{\"@id\":\"https:\\\/\\\/patagoniambiental.com.ar\\\/info\\\/tierra-del-fuego-participo-del-encuentro-por-el-dia-mundial-de-los-humedales\\\/\"},\"author\":{\"name\":\"BRAIAN ESTEVEZ\",\"@id\":\"https:\\\/\\\/patagoniambiental.com.ar\\\/info\\\/#\\\/schema\\\/person\\\/e5af09d700b2e82cb10c6b8800e0c691\"},\"headline\":\"Tierra del Fuego particip\u00f3 del encuentro por el D\u00eda Mundial de los Humedales\",\"datePublished\":\"2022-02-04T13:14:14+00:00\",\"dateModified\":\"2022-02-04T13:14:17+00:00\",\"mainEntityOfPage\":{\"@id\":\"https:\\\/\\\/patagoniambiental.com.ar\\\/info\\\/tierra-del-fuego-participo-del-encuentro-por-el-dia-mundial-de-los-humedales\\\/\"},\"wordCount\":515,\"commentCount\":0,\"publisher\":{\"@id\":\"https:\\\/\\\/patagoniambiental.com.ar\\\/info\\\/#organization\"},\"image\":{\"@id\":\"https:\\\/\\\/patagoniambiental.com.ar\\\/info\\\/tierra-del-fuego-participo-del-encuentro-por-el-dia-mundial-de-los-humedales\\\/#primaryimage\"},\"thumbnailUrl\":\"https:\\\/\\\/patagoniambiental.com.ar\\\/info\\\/wp-content\\\/uploads\\\/2022\\\/02\\\/l_1643885086.jpeg\",\"articleSection\":[\"Noticias\"],\"inLanguage\":\"es\",\"potentialAction\":[{\"@type\":\"CommentAction\",\"name\":\"Comment\",\"target\":[\"https:\\\/\\\/patagoniambiental.com.ar\\\/info\\\/tierra-del-fuego-participo-del-encuentro-por-el-dia-mundial-de-los-humedales\\\/#respond\"]}]},{\"@type\":\"WebPage\",\"@id\":\"https:\\\/\\\/patagoniambiental.com.ar\\\/info\\\/tierra-del-fuego-participo-del-encuentro-por-el-dia-mundial-de-los-humedales\\\/\",\"url\":\"https:\\\/\\\/patagoniambiental.com.ar\\\/info\\\/tierra-del-fuego-participo-del-encuentro-por-el-dia-mundial-de-los-humedales\\\/\",\"name\":\"Tierra del Fuego particip\u00f3 del encuentro por el D\u00eda Mundial de los Humedales\",\"isPartOf\":{\"@id\":\"https:\\\/\\\/patagoniambiental.com.ar\\\/info\\\/#website\"},\"primaryImageOfPage\":{\"@id\":\"https:\\\/\\\/patagoniambiental.com.ar\\\/info\\\/tierra-del-fuego-participo-del-encuentro-por-el-dia-mundial-de-los-humedales\\\/#primaryimage\"},\"image\":{\"@id\":\"https:\\\/\\\/patagoniambiental.com.ar\\\/info\\\/tierra-del-fuego-participo-del-encuentro-por-el-dia-mundial-de-los-humedales\\\/#primaryimage\"},\"thumbnailUrl\":\"https:\\\/\\\/patagoniambiental.com.ar\\\/info\\\/wp-content\\\/uploads\\\/2022\\\/02\\\/l_1643885086.jpeg\",\"datePublished\":\"2022-02-04T13:14:14+00:00\",\"dateModified\":\"2022-02-04T13:14:17+00:00\",\"breadcrumb\":{\"@id\":\"https:\\\/\\\/patagoniambiental.com.ar\\\/info\\\/tierra-del-fuego-participo-del-encuentro-por-el-dia-mundial-de-los-humedales\\\/#breadcrumb\"},\"inLanguage\":\"es\",\"potentialAction\":[{\"@type\":\"ReadAction\",\"target\":[\"https:\\\/\\\/patagoniambiental.com.ar\\\/info\\\/tierra-del-fuego-participo-del-encuentro-por-el-dia-mundial-de-los-humedales\\\/\"]}]},{\"@type\":\"ImageObject\",\"inLanguage\":\"es\",\"@id\":\"https:\\\/\\\/patagoniambiental.com.ar\\\/info\\\/tierra-del-fuego-participo-del-encuentro-por-el-dia-mundial-de-los-humedales\\\/#primaryimage\",\"url\":\"https:\\\/\\\/patagoniambiental.com.ar\\\/info\\\/wp-content\\\/uploads\\\/2022\\\/02\\\/l_1643885086.jpeg\",\"contentUrl\":\"https:\\\/\\\/patagoniambiental.com.ar\\\/info\\\/wp-content\\\/uploads\\\/2022\\\/02\\\/l_1643885086.jpeg\",\"width\":900,\"height\":600},{\"@type\":\"BreadcrumbList\",\"@id\":\"https:\\\/\\\/patagoniambiental.com.ar\\\/info\\\/tierra-del-fuego-participo-del-encuentro-por-el-dia-mundial-de-los-humedales\\\/#breadcrumb\",\"itemListElement\":[{\"@type\":\"ListItem\",\"position\":1,\"name\":\"Inicio\",\"item\":\"https:\\\/\\\/patagoniambiental.com.ar\\\/info\\\/\"},{\"@type\":\"ListItem\",\"position\":2,\"name\":\"Tierra del Fuego particip\u00f3 del encuentro por el D\u00eda Mundial de los Humedales\"}]},{\"@type\":\"WebSite\",\"@id\":\"https:\\\/\\\/patagoniambiental.com.ar\\\/info\\\/#website\",\"url\":\"https:\\\/\\\/patagoniambiental.com.ar\\\/info\\\/\",\"name\":\"Patagonia Ambiental\",\"description\":\"Monitoreo y an\u00e1lisis de la situaci\u00f3n geopol\u00edtica en el mundo y su implicancia en la Patagonia\",\"publisher\":{\"@id\":\"https:\\\/\\\/patagoniambiental.com.ar\\\/info\\\/#organization\"},\"potentialAction\":[{\"@type\":\"SearchAction\",\"target\":{\"@type\":\"EntryPoint\",\"urlTemplate\":\"https:\\\/\\\/patagoniambiental.com.ar\\\/info\\\/?s={search_term_string}\"},\"query-input\":{\"@type\":\"PropertyValueSpecification\",\"valueRequired\":true,\"valueName\":\"search_term_string\"}}],\"inLanguage\":\"es\"},{\"@type\":\"Organization\",\"@id\":\"https:\\\/\\\/patagoniambiental.com.ar\\\/info\\\/#organization\",\"name\":\"Patagonia Ambiental\",\"url\":\"https:\\\/\\\/patagoniambiental.com.ar\\\/info\\\/\",\"logo\":{\"@type\":\"ImageObject\",\"inLanguage\":\"es\",\"@id\":\"https:\\\/\\\/patagoniambiental.com.ar\\\/info\\\/#\\\/schema\\\/logo\\\/image\\\/\",\"url\":\"https:\\\/\\\/patagoniambiental.com.ar\\\/info\\\/wp-content\\\/uploads\\\/2025\\\/05\\\/LOGO-PATAGONIA-AMBIENTAL.png\",\"contentUrl\":\"https:\\\/\\\/patagoniambiental.com.ar\\\/info\\\/wp-content\\\/uploads\\\/2025\\\/05\\\/LOGO-PATAGONIA-AMBIENTAL.png\",\"width\":433,\"height\":250,\"caption\":\"Patagonia Ambiental\"},\"image\":{\"@id\":\"https:\\\/\\\/patagoniambiental.com.ar\\\/info\\\/#\\\/schema\\\/logo\\\/image\\\/\"},\"sameAs\":[\"https:\\\/\\\/www.facebook.com\\\/patagonia.ambiental\",\"https:\\\/\\\/x.com\\\/PatAmb\"]},{\"@type\":\"Person\",\"@id\":\"https:\\\/\\\/patagoniambiental.com.ar\\\/info\\\/#\\\/schema\\\/person\\\/e5af09d700b2e82cb10c6b8800e0c691\",\"name\":\"BRAIAN ESTEVEZ\",\"sameAs\":[\"http:\\\/\\\/www.patagoniambiental.com.ar\"]}]}<\/script>\n<!-- \/ Yoast SEO Premium plugin. -->","yoast_head_json":{"title":"Tierra del Fuego particip\u00f3 del encuentro por el D\u00eda Mundial de los Humedales","robots":{"index":"index","follow":"follow","max-snippet":"max-snippet:-1","max-image-preview":"max-image-preview:large","max-video-preview":"max-video-preview:-1"},"canonical":"https:\/\/patagoniambiental.com.ar\/info\/tierra-del-fuego-participo-del-encuentro-por-el-dia-mundial-de-los-humedales\/","og_locale":"es_ES","og_type":"article","og_title":"Tierra del Fuego particip\u00f3 del encuentro por el D\u00eda Mundial de los Humedales","og_url":"https:\/\/patagoniambiental.com.ar\/info\/tierra-del-fuego-participo-del-encuentro-por-el-dia-mundial-de-los-humedales\/","og_site_name":"Patagonia Ambiental","article_publisher":"https:\/\/www.facebook.com\/patagonia.ambiental","article_published_time":"2022-02-04T13:14:14+00:00","article_modified_time":"2022-02-04T13:14:17+00:00","og_image":[{"width":900,"height":600,"url":"https:\/\/patagoniambiental.com.ar\/info\/wp-content\/uploads\/2022\/02\/l_1643885086.jpeg","type":"image\/jpeg"}],"author":"BRAIAN ESTEVEZ","twitter_card":"summary_large_image","twitter_creator":"@PatAmb","twitter_site":"@PatAmb","schema":{"@context":"https:\/\/schema.org","@graph":[{"@type":"Article","@id":"https:\/\/patagoniambiental.com.ar\/info\/tierra-del-fuego-participo-del-encuentro-por-el-dia-mundial-de-los-humedales\/#article","isPartOf":{"@id":"https:\/\/patagoniambiental.com.ar\/info\/tierra-del-fuego-participo-del-encuentro-por-el-dia-mundial-de-los-humedales\/"},"author":{"name":"BRAIAN ESTEVEZ","@id":"https:\/\/patagoniambiental.com.ar\/info\/#\/schema\/person\/e5af09d700b2e82cb10c6b8800e0c691"},"headline":"Tierra del Fuego particip\u00f3 del encuentro por el D\u00eda Mundial de los Humedales","datePublished":"2022-02-04T13:14:14+00:00","dateModified":"2022-02-04T13:14:17+00:00","mainEntityOfPage":{"@id":"https:\/\/patagoniambiental.com.ar\/info\/tierra-del-fuego-participo-del-encuentro-por-el-dia-mundial-de-los-humedales\/"},"wordCount":515,"commentCount":0,"publisher":{"@id":"https:\/\/patagoniambiental.com.ar\/info\/#organization"},"image":{"@id":"https:\/\/patagoniambiental.com.ar\/info\/tierra-del-fuego-participo-del-encuentro-por-el-dia-mundial-de-los-humedales\/#primaryimage"},"thumbnailUrl":"https:\/\/patagoniambiental.com.ar\/info\/wp-content\/uploads\/2022\/02\/l_1643885086.jpeg","articleSection":["Noticias"],"inLanguage":"es","potentialAction":[{"@type":"CommentAction","name":"Comment","target":["https:\/\/patagoniambiental.com.ar\/info\/tierra-del-fuego-participo-del-encuentro-por-el-dia-mundial-de-los-humedales\/#respond"]}]},{"@type":"WebPage","@id":"https:\/\/patagoniambiental.com.ar\/info\/tierra-del-fuego-participo-del-encuentro-por-el-dia-mundial-de-los-humedales\/","url":"https:\/\/patagoniambiental.com.ar\/info\/tierra-del-fuego-participo-del-encuentro-por-el-dia-mundial-de-los-humedales\/","name":"Tierra del Fuego particip\u00f3 del encuentro por el D\u00eda Mundial de los Humedales","isPartOf":{"@id":"https:\/\/patagoniambiental.com.ar\/info\/#website"},"primaryImageOfPage":{"@id":"https:\/\/patagoniambiental.com.ar\/info\/tierra-del-fuego-participo-del-encuentro-por-el-dia-mundial-de-los-humedales\/#primaryimage"},"image":{"@id":"https:\/\/patagoniambiental.com.ar\/info\/tierra-del-fuego-participo-del-encuentro-por-el-dia-mundial-de-los-humedales\/#primaryimage"},"thumbnailUrl":"https:\/\/patagoniambiental.com.ar\/info\/wp-content\/uploads\/2022\/02\/l_1643885086.jpeg","datePublished":"2022-02-04T13:14:14+00:00","dateModified":"2022-02-04T13:14:17+00:00","breadcrumb":{"@id":"https:\/\/patagoniambiental.com.ar\/info\/tierra-del-fuego-participo-del-encuentro-por-el-dia-mundial-de-los-humedales\/#breadcrumb"},"inLanguage":"es","potentialAction":[{"@type":"ReadAction","target":["https:\/\/patagoniambiental.com.ar\/info\/tierra-del-fuego-participo-del-encuentro-por-el-dia-mundial-de-los-humedales\/"]}]},{"@type":"ImageObject","inLanguage":"es","@id":"https:\/\/patagoniambiental.com.ar\/info\/tierra-del-fuego-participo-del-encuentro-por-el-dia-mundial-de-los-humedales\/#primaryimage","url":"https:\/\/patagoniambiental.com.ar\/info\/wp-content\/uploads\/2022\/02\/l_1643885086.jpeg","contentUrl":"https:\/\/patagoniambiental.com.ar\/info\/wp-content\/uploads\/2022\/02\/l_1643885086.jpeg","width":900,"height":600},{"@type":"BreadcrumbList","@id":"https:\/\/patagoniambiental.com.ar\/info\/tierra-del-fuego-participo-del-encuentro-por-el-dia-mundial-de-los-humedales\/#breadcrumb","itemListElement":[{"@type":"ListItem","position":1,"name":"Inicio","item":"https:\/\/patagoniambiental.com.ar\/info\/"},{"@type":"ListItem","position":2,"name":"Tierra del Fuego particip\u00f3 del encuentro por el D\u00eda Mundial de los Humedales"}]},{"@type":"WebSite","@id":"https:\/\/patagoniambiental.com.ar\/info\/#website","url":"https:\/\/patagoniambiental.com.ar\/info\/","name":"Patagonia Ambiental","description":"Monitoreo y an\u00e1lisis de la situaci\u00f3n geopol\u00edtica en el mundo y su implicancia en la Patagonia","publisher":{"@id":"https:\/\/patagoniambiental.com.ar\/info\/#organization"},"potentialAction":[{"@type":"SearchAction","target":{"@type":"EntryPoint","urlTemplate":"https:\/\/patagoniambiental.com.ar\/info\/?s={search_term_string}"},"query-input":{"@type":"PropertyValueSpecification","valueRequired":true,"valueName":"search_term_string"}}],"inLanguage":"es"},{"@type":"Organization","@id":"https:\/\/patagoniambiental.com.ar\/info\/#organization","name":"Patagonia Ambiental","url":"https:\/\/patagoniambiental.com.ar\/info\/","logo":{"@type":"ImageObject","inLanguage":"es","@id":"https:\/\/patagoniambiental.com.ar\/info\/#\/schema\/logo\/image\/","url":"https:\/\/patagoniambiental.com.ar\/info\/wp-content\/uploads\/2025\/05\/LOGO-PATAGONIA-AMBIENTAL.png","contentUrl":"https:\/\/patagoniambiental.com.ar\/info\/wp-content\/uploads\/2025\/05\/LOGO-PATAGONIA-AMBIENTAL.png","width":433,"height":250,"caption":"Patagonia Ambiental"},"image":{"@id":"https:\/\/patagoniambiental.com.ar\/info\/#\/schema\/logo\/image\/"},"sameAs":["https:\/\/www.facebook.com\/patagonia.ambiental","https:\/\/x.com\/PatAmb"]},{"@type":"Person","@id":"https:\/\/patagoniambiental.com.ar\/info\/#\/schema\/person\/e5af09d700b2e82cb10c6b8800e0c691","name":"BRAIAN ESTEVEZ","sameAs":["http:\/\/www.patagoniambiental.com.ar"]}]}},"_links":{"self":[{"href":"https:\/\/patagoniambiental.com.ar\/info\/wp-json\/wp\/v2\/posts\/75140","targetHints":{"allow":["GET"]}}],"collection":[{"href":"https:\/\/patagoniambiental.com.ar\/info\/wp-json\/wp\/v2\/posts"}],"about":[{"href":"https:\/\/patagoniambiental.com.ar\/info\/wp-json\/wp\/v2\/types\/post"}],"author":[{"embeddable":true,"href":"https:\/\/patagoniambiental.com.ar\/info\/wp-json\/wp\/v2\/users\/6"}],"replies":[{"embeddable":true,"href":"https:\/\/patagoniambiental.com.ar\/info\/wp-json\/wp\/v2\/comments?post=75140"}],"version-history":[{"count":0,"href":"https:\/\/patagoniambiental.com.ar\/info\/wp-json\/wp\/v2\/posts\/75140\/revisions"}],"wp:featuredmedia":[{"embeddable":true,"href":"https:\/\/patagoniambiental.com.ar\/info\/wp-json\/wp\/v2\/media\/75141"}],"wp:attachment":[{"href":"https:\/\/patagoniambiental.com.ar\/info\/wp-json\/wp\/v2\/media?parent=75140"}],"wp:term":[{"taxonomy":"category","embeddable":true,"href":"https:\/\/patagoniambiental.com.ar\/info\/wp-json\/wp\/v2\/categories?post=75140"},{"taxonomy":"post_tag","embeddable":true,"href":"https:\/\/patagoniambiental.com.ar\/info\/wp-json\/wp\/v2\/tags?post=75140"}],"curies":[{"name":"wp","href":"https:\/\/api.w.org\/{rel}","templated":true}]}}