{"id":75143,"date":"2022-02-07T07:00:00","date_gmt":"2022-02-07T10:00:00","guid":{"rendered":"http:\/\/patagoniambiental.com.ar\/info\/?p=75143"},"modified":"2022-02-04T10:21:17","modified_gmt":"2022-02-04T13:21:17","slug":"pedido-internacional-para-proteger-peninsula-mitre-en-tierra-del-fuego","status":"publish","type":"post","link":"https:\/\/patagoniambiental.com.ar\/info\/pedido-internacional-para-proteger-peninsula-mitre-en-tierra-del-fuego\/","title":{"rendered":"Pedido internacional para proteger Pen\u00ednsula Mitre, en Tierra del Fuego"},"content":{"rendered":"\n<!--more-->\n\n\n\n<h2 class=\"wp-block-heading\">Desde Naciones Unidas llamaron a proteger un \u00e1rea de humedales de Tierra del Fuego. Pen\u00ednsula Mitre es el mayor punto de captura de carbono del pa\u00eds, y donde se concentran el 84,4 % de las turberas de Argentina<\/h2>\n\n\n\n<p>03 DE FEBRERO DE 2022 &#8211; 10:20Por Pablo Albornoz<ins>https:\/\/googleads.g.doubleclick.net\/pagead\/ads?client=ca-pub-7163242922731593&amp;output=html&amp;h=182&amp;slotname=7098816420&amp;adk=38655933&amp;adf=1521493626&amp;pi=t.ma~as.7098816420&amp;w=728&amp;fwrn=4&amp;lmt=1643980435&amp;rafmt=11&amp;psa=0&amp;format=728&#215;182&amp;url=https%3A%2F%2Finfonews.com%2Fpedido-internacional-para-proteger-peninsula-mitre-en-tierra-del-fuego.html&amp;flash=0&amp;wgl=1&amp;uach=WyJMaW51eCIsIjUuNC4wIiwieDg2IiwiIiwiOTYuMC40NjY0LjQ1IixbXSxudWxsLG51bGwsIjY0Il0.&amp;dt=1643979331374&amp;bpp=74&amp;bdt=573&amp;idt=13230&amp;shv=r20220201&amp;mjsv=m202201240101&amp;ptt=9&amp;saldr=aa&amp;abxe=1&amp;cookie=ID%3D8abbbf15a6565e4e-22a0cad4efb30062%3AT%3D1643979395%3ART%3D1643979395%3AS%3DALNI_MYVPgjsUlygDpAnTllxpID-SzrDJg&amp;prev_fmts=0x0%2C1351x550&amp;nras=2&amp;correlator=3373076646451&amp;frm=20&amp;pv=1&amp;ga_vid=866034512.1643979345&amp;ga_sid=1643979345&amp;ga_hid=1415191991&amp;ga_fc=1&amp;rplot=4&amp;u_tz=-180&amp;u_his=1&amp;u_h=768&amp;u_w=1366&amp;u_ah=712&amp;u_aw=1366&amp;u_cd=24&amp;u_sd=1&amp;dmc=4&amp;adx=140&amp;ady=710&amp;biw=1351&amp;bih=550&amp;scr_x=0&amp;scr_y=0&amp;eid=42531398%2C31064528%2C21067496&amp;oid=2&amp;pvsid=2843036681581123&amp;pem=285&amp;tmod=1213218302&amp;uas=0&amp;nvt=1&amp;ref=https%3A%2F%2Fwww.google.com%2F&amp;eae=0&amp;fc=1920&amp;brdim=0%2C0%2C0%2C0%2C1366%2C28%2C0%2C0%2C1366%2C550&amp;vis=1&amp;rsz=%7C%7CpeEbr%7C&amp;abl=CS&amp;pfx=0&amp;fu=128&amp;bc=31&amp;ifi=2&amp;uci=a!2&amp;btvi=1&amp;fsb=1&amp;xpc=eRSM9PbMqu&amp;p=https%3A\/\/infonews.com&amp;dtd=M<\/ins><\/p>\n\n\n\n<figure class=\"wp-block-image\"><img decoding=\"async\" src=\"https:\/\/infonews.com\/datos\/fotos\/2022\/02\/02\/400389-10\/imagen_3050.jpg\" alt=\"Desde Naciones Unidas piden proteger Pen\u00ednsula Mitre. Foto de Joel Reyero. \"\/><figcaption>Desde Naciones Unidas piden proteger Pen\u00ednsula Mitre. Foto de Joel Reyero.<\/figcaption><\/figure>\n\n\n\n<p><strong>Desde Naciones Unidas llamaron a proteger un \u00e1rea de humedales de Tierra del Fuego<\/strong>.<em>&nbsp;Pen\u00ednsula Mitre<\/em>&nbsp;es el mayor punto de captura de carbono del pa\u00eds y&nbsp;donde se concentra&nbsp;el 84,4 % de las turberas de Argentina. Las turberas son un tipo de humedal&nbsp;y&nbsp;<strong>son la mayor reserva de carbono org\u00e1nico terrestre del planeta<\/strong>. El Programa de las Naciones Unidas para el Medio Ambiente (PNUMA) y la Iniciativa Global de Turberas (GPI)&nbsp;resaltaron la necesidad de proteger este ecosistema.<\/p>\n\n\n\n<p><a target=\"_blank\" href=\"https:\/\/infonews.com\/dia-de-los-humedales-y-una-ley-que-forma-parte-de-una-deuda-de-la-democracia.html\" rel=\"noreferrer noopener\">D\u00eda de los humedales y una ley que es una deuda de la democracia<\/a><ins>https:\/\/googleads.g.doubleclick.net\/pagead\/ads?client=ca-pub-7163242922731593&amp;output=html&amp;h=280&amp;adk=3749792741&amp;adf=2240266797&amp;pi=t.aa~a.3622095972~i.12~rp.4&amp;w=728&amp;fwrn=4&amp;fwrnh=100&amp;lmt=1643980435&amp;num_ads=1&amp;rafmt=1&amp;armr=3&amp;sem=mc&amp;pwprc=4847955109&amp;psa=0&amp;ad_type=text_image&amp;format=728&#215;280&amp;url=https%3A%2F%2Finfonews.com%2Fpedido-internacional-para-proteger-peninsula-mitre-en-tierra-del-fuego.html&amp;flash=0&amp;fwr=0&amp;pra=3&amp;rh=182&amp;rw=728&amp;rpe=1&amp;resp_fmts=3&amp;wgl=1&amp;fa=27&amp;uach=WyJMaW51eCIsIjUuNC4wIiwieDg2IiwiIiwiOTYuMC40NjY0LjQ1IixbXSxudWxsLG51bGwsIjY0Il0.&amp;dt=1643979345154&amp;bpp=6&amp;bdt=14353&amp;idt=6&amp;shv=r20220201&amp;mjsv=m202201240101&amp;ptt=9&amp;saldr=aa&amp;abxe=1&amp;cookie=ID%3D8abbbf15a6565e4e-22a0cad4efb30062%3AT%3D1643979395%3ART%3D1643979395%3AS%3DALNI_MYVPgjsUlygDpAnTllxpID-SzrDJg&amp;prev_fmts=0x0%2C1351x550%2C728x182%2C313x250&amp;nras=3&amp;correlator=3373076646451&amp;frm=20&amp;pv=1&amp;ga_vid=866034512.1643979345&amp;ga_sid=1643979345&amp;ga_hid=1415191991&amp;ga_fc=1&amp;u_tz=-180&amp;u_his=1&amp;u_h=768&amp;u_w=1366&amp;u_ah=712&amp;u_aw=1366&amp;u_cd=24&amp;u_sd=1&amp;dmc=4&amp;adx=140&amp;ady=1876&amp;biw=1351&amp;bih=550&amp;scr_x=0&amp;scr_y=0&amp;eid=42531398%2C31064528%2C21067496&amp;oid=2&amp;pvsid=2843036681581123&amp;pem=285&amp;tmod=1213218302&amp;uas=0&amp;nvt=1&amp;ref=https%3A%2F%2Fwww.google.com%2F&amp;eae=0&amp;fc=1408&amp;brdim=0%2C0%2C0%2C0%2C1366%2C28%2C0%2C0%2C1366%2C550&amp;vis=1&amp;rsz=%7C%7Cs%7C&amp;abl=NS&amp;fu=128&amp;bc=31&amp;ifi=5&amp;uci=a!5&amp;btvi=3&amp;fsb=1&amp;xpc=bMO7oUKnQP&amp;p=https%3A\/\/infonews.com&amp;dtd=M<\/ins><\/p>\n\n\n\n<p>Pero \u00bfqu\u00e9 es un humedal? \u00bfQu\u00e9 funci\u00f3n cumple? \u00bfCu\u00e1l es su importancia? \u00bfEn qu\u00e9 se destaca Pen\u00ednsula Mitre? Para sacarnos estas dudas, desde&nbsp;<strong>Infonews&nbsp;<\/strong>hablamos con&nbsp;<strong>\u00c1ngeles De la Pe\u00f1a, coordinadora de Proyecto, Pen\u00ednsula Mitre de Rewilding Argentina.<\/strong><\/p>\n\n\n\n<p>\u201cA grandes rasgos los humedales podr\u00edan describirse como&nbsp;<strong>\u00e1reas que permanecen en condiciones de inundaci\u00f3n o, por lo menos, con su suelo saturado con agua durante considerables per\u00edodos de tiempo<\/strong>. El agua puede provenir del mar, de los r\u00edos, las lluvias o de napas subterr\u00e1neas. Hist\u00f3ricamente, se los ha considerado ecosistemas marginales, pero&nbsp;<strong>se encuentran entre los ecosistemas de mayor productividad biol\u00f3gica y diversidad ecol\u00f3gica del mundo<\/strong>. Aunque no lo parezca a simple vista, son tan productivos como las selvas tropicales\u201d, destac\u00f3 De la Pe\u00f1a.<\/p>\n\n\n\n<p>Al respecto, agreg\u00f3: \u201cTodos los ecosistemas cumplen un rol diferente pero a la vez est\u00e1n interconectados. En Argentina tenemos distintos tipos de humedales a lo largo del pa\u00eds, cada uno con sus particularidades.<strong>&nbsp;Uno de los m\u00e1s relevantes son las turberas de Tierra del Fuego, m\u00e1s espec\u00edficamente las de Pen\u00ednsula Mitre<\/strong>&nbsp;porque se encuentran sin fragmentar, sus grandes extensiones hacen que haya sido declarada&nbsp;<strong>el mayor punto de captura de carbono de toda la Argentina.<\/strong>&nbsp;Aproximadamente el 80% de toda la turba de nuestro pa\u00eds se encuentra en Mitre\u201d.<\/p>\n\n\n\n<figure class=\"wp-block-image\"><img decoding=\"async\" src=\"https:\/\/infonews.com\/datos\/fotos\/2022\/02\/02\/400389-10\/imagen_3051.jpg\" alt=\"Pen\u00ednsula Mitre es el mayor punto de captura de carbono del pa\u00eds. Foto de Joel Reyero. \"\/><figcaption>Pen\u00ednsula Mitre es el mayor punto de captura de carbono del pa\u00eds. Foto de Joel Reyero.<\/figcaption><\/figure>\n\n\n\n<p>Sobre la importancia de proteger estas \u00e1reas con leyes que salgan desde el sector pol\u00edtico, remarc\u00f3: \u201c<strong>Las leyes son necesarias para establecer un marco de regulaci\u00f3n, fiscalizaci\u00f3n y correcta gesti\u00f3n de los ecosistemas<\/strong>. Sino contamos con esto muy dif\u00edcilmente podamos preservarlos, y son fundamentales para la regulaci\u00f3n de las cuencas h\u00eddricas como reservorios de agua dulce y como sumideros de carbono, m\u00e1s en el contexto de crisis clim\u00e1tica que estamos atravesando\u201d.<\/p>\n\n\n\n<p>En el mismo sentido, advirti\u00f3: \u201c<strong>Estamos atravesando una re-evaluaci\u00f3n de los modelos econ\u00f3micos y productivos actuales<\/strong>, en general hasta el momento la naturaleza se vio como un medio para producir, explotar, extraer. Hoyde a poco se entiende que hay muchos ecosistemas que hemos destruido causando da\u00f1os irreparables y que si realmente queremos sobrevivir necesitamos poder contar con un planeta sano y funcional.<strong>Muchas veces los intereses econ\u00f3micos de algunas personas o sectores o inclusive los gobiernos hacen que se tomen decisiones poco prudentes y poco estrat\u00e9gicas para el desarrollo a largo plazo de nuestra comunidad.<\/strong>&nbsp;El proyecto de ley de humedales tiene mucho trabajo, muchas propuestas distintas que deber\u00edan poder ser analizadas y unificadas para contar un con texto superador\u201d.<\/p>\n\n\n\n<figure class=\"wp-block-image\"><img decoding=\"async\" src=\"https:\/\/infonews.com\/datos\/fotos\/2022\/02\/02\/400389-10\/imagen_3052.jpg\" alt=\"Pen\u00ednsula Mitre es la mayor reserva de turba de Sudam\u00e9rica. Foto de Joel Reyero. \"\/><figcaption>Pen\u00ednsula Mitre es la mayor reserva de turba de Sudam\u00e9rica. Foto de Joel Reyero.<\/figcaption><\/figure>\n\n\n\n<p>Argentina, a diferencia de otros pa\u00edses, cuenta con una gran ventaj<strong>a: m\u00e1s del 20% de su superficie est\u00e1 cubierta por humedales,<\/strong>&nbsp;se podr\u00eda decir que es un pa\u00eds beneficiado en ese sentido. \u201cEs un gran privilegio, m\u00e1s teniendo en cuenta que por ejemplo, con respecto a las turberas alrededor del mundo muchas han desaparecido. E<strong>n Europa se perdieron y hoy se est\u00e1 investigando c\u00f3mo recuperarlas.&nbsp;<\/strong>Nosotros<strong>&nbsp;tenemos la oportunidad de adelantarnos y protegerlas antes de que sea demasiado tarde&nbsp;<\/strong>y tengamos que invertir fortunas en poder restablecer algo con lo que siempre pudimos contar\u201d, sostuvo De la Pe\u00f1a.<\/p>\n\n\n\n<p>En Tierra del Fuego, la iniciativa para crear un \u00e1rea natural protegida en Pen\u00ednsula Mitre<strong>&nbsp;lleva 32 a\u00f1os intentando convertirse en ley<\/strong>. \u201cLa propuesta para proteger la pen\u00ednsula tiene m\u00e1s de 30 a\u00f1os y los proyectos de ley que se presentaron para poder lograrlo llevan m\u00e1s de 17 a\u00f1os, esto nos demuestra por un lado la gran voluntad que hay detr\u00e1s del \u00e1rea para su conservaci\u00f3n pero por otro lado las complejidades para lograrlo.&nbsp;<strong>\u00bfC\u00f3mo puede ser que un lugar tan importante y que ha acumulado tantos fundamentos cient\u00edficos para su protecci\u00f3n todav\u00eda siga en riesgo por su falta de regulaci\u00f3n?\u201d<\/strong>, cuestion\u00f3.<\/p>\n\n\n\n<figure class=\"wp-block-image\"><img decoding=\"async\" src=\"https:\/\/infonews.com\/datos\/fotos\/2022\/02\/02\/400389-10\/imagen_3053.jpg\" alt=\"El reclamo por convertir en \u00c1rea protegida a esta zona lleva m\u00e1s de 30 a\u00f1os. Foto de Joel Reyero. \"\/><figcaption>El reclamo por convertir en \u00c1rea protegida a esta zona lleva m\u00e1s de 30 a\u00f1os. Foto de Joel Reyero.<\/figcaption><\/figure>\n\n\n\n<p>En esta pen\u00ednsula fueguina se encuentra&nbsp;<strong>la mayor reserva de turba de Sudam\u00e9rica,<\/strong>&nbsp;concentrando tambi\u00e9n el 84,4 % de los turbales de Argentina. Este tipo de humedales<strong>, cubren solo el 3% de la superficie terrestre del planeta<\/strong>&nbsp;y se encuentran entre los ecosistemas m\u00e1s complejos<strong>. Contienen el 30% del carbono almacenado en el suelo, el doble que todos los bosques del mundo<\/strong>.&nbsp; La protecci\u00f3n de la Pen\u00ednsula es necesaria para poder asegurar la continuidad del ciclo de carbono de sus turberas y la biodiversidad del \u00e1rea, pero tambi\u00e9n para evitar que todo el carbono almacenado en sus turberas durante m\u00e1s de 5 mil a\u00f1os vuelva a la atm\u00f3sfera.<\/p>\n\n\n\n<p><strong>El di\u00f3xido de carbono es el mayor impulsor del cambio clim\u00e1tico, a cuanto m\u00e1s concentraci\u00f3n en la atm\u00f3sfera, m\u00e1s calor queda atrapado. Las turberas, y la pen\u00ednsula Mitre en este caso, permite que el carbono cumpla su proceso en la tierra y no vuelva a la atm\u00f3sfera.<\/strong>&nbsp;Es por esto que es urgente declarar la protecci\u00f3n de esta zona.<ins>https:\/\/googleads.g.doubleclick.net\/pagead\/ads?client=ca-pub-7163242922731593&amp;output=html&amp;h=280&amp;adk=3749792741&amp;adf=700496394&amp;pi=t.aa~a.3622095972~i.69~rp.4&amp;w=728&amp;fwrn=4&amp;fwrnh=100&amp;lmt=1643980629&amp;num_ads=1&amp;rafmt=1&amp;armr=3&amp;sem=mc&amp;pwprc=4847955109&amp;psa=0&amp;ad_type=text_image&amp;format=728&#215;280&amp;url=https%3A%2F%2Finfonews.com%2Fpedido-internacional-para-proteger-peninsula-mitre-en-tierra-del-fuego.html&amp;flash=0&amp;fwr=0&amp;pra=3&amp;rh=182&amp;rw=728&amp;rpe=1&amp;resp_fmts=3&amp;wgl=1&amp;fa=27&amp;adsid=ChAIgLrzjwYQyOaN96_l-rgrEjkAU0xr0bskAZriGET18duqbIE7OU26oEcQpF_Tci_7RomWn8kzDRb8JuPg5l0quiTD52cUy2mIt24&amp;uach=WyJMaW51eCIsIjUuNC4wIiwieDg2IiwiIiwiOTYuMC40NjY0LjQ1IixbXSxudWxsLG51bGwsIjY0Il0.&amp;dt=1643979345172&amp;bpp=3&amp;bdt=14371&amp;idt=4&amp;shv=r20220201&amp;mjsv=m202201240101&amp;ptt=9&amp;saldr=aa&amp;abxe=1&amp;cookie=ID%3D8abbbf15a6565e4e-22a0cad4efb30062%3AT%3D1643979395%3ART%3D1643979395%3AS%3DALNI_MYVPgjsUlygDpAnTllxpID-SzrDJg&amp;prev_fmts=0x0%2C1351x550%2C728x182%2C313x250%2C728x280&amp;nras=4&amp;correlator=3373076646451&amp;frm=20&amp;pv=1&amp;ga_vid=866034512.1643979345&amp;ga_sid=1643979345&amp;ga_hid=1415191991&amp;ga_fc=1&amp;u_tz=-180&amp;u_his=1&amp;u_h=768&amp;u_w=1366&amp;u_ah=712&amp;u_aw=1366&amp;u_cd=24&amp;u_sd=1&amp;dmc=4&amp;adx=140&amp;ady=6272&amp;biw=1351&amp;bih=550&amp;scr_x=0&amp;scr_y=4092&amp;eid=42531398%2C31064528%2C21067496&amp;oid=2&amp;psts=AGkb-H8dIEjjuijuKRqK_i6zqEQRoStalKWxZSU9TrOK2QllVGrCl_umStHpldqu9L4fdKH08XfaVWvTv48RGA%2CAGkb-H8TDctbDwIVJrElYm7llK1HlR6fOXIdsH1hG_B3kAsh3V3wHoREXIcSWcnGlsZs_oZ3pZ3NqEkE5qw%2CAGkb-H9j-of1THgz6_pajMeXny_k1DrboYRymKHv38AIJCUZjCIZwuF6wlWL26KrJI0IygglarYbla7BM7zFmg&amp;pvsid=2843036681581123&amp;pem=285&amp;tmod=1213218302&amp;uas=3&amp;nvt=1&amp;ref=https%3A%2F%2Fwww.google.com%2F&amp;eae=0&amp;fc=1408&amp;brdim=0%2C56%2C0%2C56%2C1366%2C28%2C1366%2C684%2C1366%2C550&amp;vis=1&amp;rsz=%7C%7Cs%7C&amp;abl=NS&amp;fu=128&amp;bc=31&amp;jar=2022-02-04-12&amp;ifi=6&amp;uci=a!6&amp;btvi=4&amp;fsb=1&amp;xpc=yVJWk7qCUS&amp;p=https%3A\/\/infonews.com&amp;dtd=M<\/ins><\/p>\n\n\n\n<p>\u201cEn diciembre del 2020 el gobierno provincial declar\u00f3 por Decreto al \u00e1rea de Inter\u00e9s Ambiental, Natural y Cultural otorg\u00e1ndole un cierto marco de protecci\u00f3n temporaria, pero la realidad es que&nbsp;<strong>hasta que no sea declarada \u00e1rea protegida formalmente dentro del Sistema Provincial de \u00c1reas Protegidas, el lugar no se encuentra protegido.<\/strong>&nbsp;El a\u00f1o pasado se hicieron muchas declaraciones demostrando inter\u00e9s en avanzar con el proyecto pero finalmente perdi\u00f3 estado parlamentario al finalizar el periodo legislativo del 2021. Este a\u00f1o el proyecto fue representado y esperamos que sea tratado en los pr\u00f3ximos meses como fue anunciado a fin de a\u00f1o por varios funcionarios del gobierno y legisladores provinciales\u201d, concluy\u00f3 De la Pe\u00f1a.<\/p>\n\n\n\n<figure class=\"wp-block-image\"><img decoding=\"async\" src=\"https:\/\/infonews.com\/datos\/fotos\/2022\/02\/02\/400389-10\/imagen_3054.jpg\" alt=\"Mapa de Pen\u00edsula Mitre. Foto de Rewilding Argentina.\"\/><figcaption>Mapa de Pen\u00edsula Mitre. Foto de Rewilding Argentina.<\/figcaption><\/figure>\n\n\n\n<p>La comunidad fueguina espera que con el comienzo de la actividad parlamentaria en 2022 finalmente se declare como \u00e1rea natural a este ecosistema y quede protegido\u00a0<strong>para el bien de toda la sociedad, de Tierra del Fuego y del mundo.<\/strong><\/p>\n\n\n\n<p>Fuente: https:\/\/infonews.com\/pedido-internacional-para-proteger-peninsula-mitre-en-tierra-del-fuego.html<\/p>\n","protected":false},"excerpt":{"rendered":"","protected":false},"author":6,"featured_media":75144,"comment_status":"open","ping_status":"open","sticky":false,"template":"","format":"standard","meta":{"site-sidebar-layout":"default","site-content-layout":"","ast-site-content-layout":"default","site-content-style":"default","site-sidebar-style":"default","ast-global-header-display":"","ast-banner-title-visibility":"","ast-main-header-display":"","ast-hfb-above-header-display":"","ast-hfb-below-header-display":"","ast-hfb-mobile-header-display":"","site-post-title":"","ast-breadcrumbs-content":"","ast-featured-img":"","footer-sml-layout":"","ast-disable-related-posts":"","theme-transparent-header-meta":"","adv-header-id-meta":"","stick-header-meta":"","header-above-stick-meta":"","header-main-stick-meta":"","header-below-stick-meta":"","astra-migrate-meta-layouts":"default","ast-page-background-enabled":"default","ast-page-background-meta":{"desktop":{"background-color":"var(--ast-global-color-5)","background-image":"","background-repeat":"repeat","background-position":"center center","background-size":"auto","background-attachment":"scroll","background-type":"","background-media":"","overlay-type":"","overlay-color":"","overlay-opacity":"","overlay-gradient":""},"tablet":{"background-color":"","background-image":"","background-repeat":"repeat","background-position":"center center","background-size":"auto","background-attachment":"scroll","background-type":"","background-media":"","overlay-type":"","overlay-color":"","overlay-opacity":"","overlay-gradient":""},"mobile":{"background-color":"","background-image":"","background-repeat":"repeat","background-position":"center center","background-size":"auto","background-attachment":"scroll","background-type":"","background-media":"","overlay-type":"","overlay-color":"","overlay-opacity":"","overlay-gradient":""}},"ast-content-background-meta":{"desktop":{"background-color":"var(--ast-global-color-4)","background-image":"","background-repeat":"repeat","background-position":"center center","background-size":"auto","background-attachment":"scroll","background-type":"","background-media":"","overlay-type":"","overlay-color":"","overlay-opacity":"","overlay-gradient":""},"tablet":{"background-color":"var(--ast-global-color-4)","background-image":"","background-repeat":"repeat","background-position":"center center","background-size":"auto","background-attachment":"scroll","background-type":"","background-media":"","overlay-type":"","overlay-color":"","overlay-opacity":"","overlay-gradient":""},"mobile":{"background-color":"var(--ast-global-color-4)","background-image":"","background-repeat":"repeat","background-position":"center center","background-size":"auto","background-attachment":"scroll","background-type":"","background-media":"","overlay-type":"","overlay-color":"","overlay-opacity":"","overlay-gradient":""}},"footnotes":""},"categories":[1],"tags":[],"class_list":["post-75143","post","type-post","status-publish","format-standard","has-post-thumbnail","hentry","category-noticias"],"yoast_head":"<!-- This site is optimized with the Yoast SEO Premium plugin v23.0 (Yoast SEO v27.5) - https:\/\/yoast.com\/product\/yoast-seo-premium-wordpress\/ -->\n<title>Pedido internacional para proteger Pen\u00ednsula Mitre, en Tierra del Fuego<\/title>\n<meta name=\"robots\" content=\"index, follow, max-snippet:-1, max-image-preview:large, max-video-preview:-1\" \/>\n<link rel=\"canonical\" href=\"https:\/\/patagoniambiental.com.ar\/info\/pedido-internacional-para-proteger-peninsula-mitre-en-tierra-del-fuego\/\" \/>\n<meta property=\"og:locale\" content=\"es_ES\" \/>\n<meta property=\"og:type\" content=\"article\" \/>\n<meta property=\"og:title\" content=\"Pedido internacional para proteger Pen\u00ednsula Mitre, en Tierra del Fuego\" \/>\n<meta property=\"og:url\" content=\"https:\/\/patagoniambiental.com.ar\/info\/pedido-internacional-para-proteger-peninsula-mitre-en-tierra-del-fuego\/\" \/>\n<meta property=\"og:site_name\" content=\"Patagonia Ambiental\" \/>\n<meta property=\"article:publisher\" content=\"https:\/\/www.facebook.com\/patagonia.ambiental\" \/>\n<meta property=\"article:published_time\" content=\"2022-02-07T10:00:00+00:00\" \/>\n<meta property=\"og:image\" content=\"https:\/\/patagoniambiental.com.ar\/info\/wp-content\/uploads\/2022\/02\/imagen_3050.jpg\" \/>\n\t<meta property=\"og:image:width\" content=\"1800\" \/>\n\t<meta property=\"og:image:height\" content=\"1348\" \/>\n\t<meta property=\"og:image:type\" content=\"image\/jpeg\" \/>\n<meta name=\"author\" content=\"BRAIAN ESTEVEZ\" \/>\n<meta name=\"twitter:card\" content=\"summary_large_image\" \/>\n<meta name=\"twitter:creator\" content=\"@PatAmb\" \/>\n<meta name=\"twitter:site\" content=\"@PatAmb\" \/>\n<script type=\"application\/ld+json\" class=\"yoast-schema-graph\">{\"@context\":\"https:\\\/\\\/schema.org\",\"@graph\":[{\"@type\":\"Article\",\"@id\":\"https:\\\/\\\/patagoniambiental.com.ar\\\/info\\\/pedido-internacional-para-proteger-peninsula-mitre-en-tierra-del-fuego\\\/#article\",\"isPartOf\":{\"@id\":\"https:\\\/\\\/patagoniambiental.com.ar\\\/info\\\/pedido-internacional-para-proteger-peninsula-mitre-en-tierra-del-fuego\\\/\"},\"author\":{\"name\":\"BRAIAN ESTEVEZ\",\"@id\":\"https:\\\/\\\/patagoniambiental.com.ar\\\/info\\\/#\\\/schema\\\/person\\\/e5af09d700b2e82cb10c6b8800e0c691\"},\"headline\":\"Pedido internacional para proteger Pen\u00ednsula Mitre, en Tierra del Fuego\",\"datePublished\":\"2022-02-07T10:00:00+00:00\",\"mainEntityOfPage\":{\"@id\":\"https:\\\/\\\/patagoniambiental.com.ar\\\/info\\\/pedido-internacional-para-proteger-peninsula-mitre-en-tierra-del-fuego\\\/\"},\"wordCount\":2127,\"commentCount\":0,\"publisher\":{\"@id\":\"https:\\\/\\\/patagoniambiental.com.ar\\\/info\\\/#organization\"},\"image\":{\"@id\":\"https:\\\/\\\/patagoniambiental.com.ar\\\/info\\\/pedido-internacional-para-proteger-peninsula-mitre-en-tierra-del-fuego\\\/#primaryimage\"},\"thumbnailUrl\":\"https:\\\/\\\/patagoniambiental.com.ar\\\/info\\\/wp-content\\\/uploads\\\/2022\\\/02\\\/imagen_3050.jpg\",\"articleSection\":[\"Noticias\"],\"inLanguage\":\"es\",\"potentialAction\":[{\"@type\":\"CommentAction\",\"name\":\"Comment\",\"target\":[\"https:\\\/\\\/patagoniambiental.com.ar\\\/info\\\/pedido-internacional-para-proteger-peninsula-mitre-en-tierra-del-fuego\\\/#respond\"]}]},{\"@type\":\"WebPage\",\"@id\":\"https:\\\/\\\/patagoniambiental.com.ar\\\/info\\\/pedido-internacional-para-proteger-peninsula-mitre-en-tierra-del-fuego\\\/\",\"url\":\"https:\\\/\\\/patagoniambiental.com.ar\\\/info\\\/pedido-internacional-para-proteger-peninsula-mitre-en-tierra-del-fuego\\\/\",\"name\":\"Pedido internacional para proteger Pen\u00ednsula Mitre, en Tierra del Fuego\",\"isPartOf\":{\"@id\":\"https:\\\/\\\/patagoniambiental.com.ar\\\/info\\\/#website\"},\"primaryImageOfPage\":{\"@id\":\"https:\\\/\\\/patagoniambiental.com.ar\\\/info\\\/pedido-internacional-para-proteger-peninsula-mitre-en-tierra-del-fuego\\\/#primaryimage\"},\"image\":{\"@id\":\"https:\\\/\\\/patagoniambiental.com.ar\\\/info\\\/pedido-internacional-para-proteger-peninsula-mitre-en-tierra-del-fuego\\\/#primaryimage\"},\"thumbnailUrl\":\"https:\\\/\\\/patagoniambiental.com.ar\\\/info\\\/wp-content\\\/uploads\\\/2022\\\/02\\\/imagen_3050.jpg\",\"datePublished\":\"2022-02-07T10:00:00+00:00\",\"breadcrumb\":{\"@id\":\"https:\\\/\\\/patagoniambiental.com.ar\\\/info\\\/pedido-internacional-para-proteger-peninsula-mitre-en-tierra-del-fuego\\\/#breadcrumb\"},\"inLanguage\":\"es\",\"potentialAction\":[{\"@type\":\"ReadAction\",\"target\":[\"https:\\\/\\\/patagoniambiental.com.ar\\\/info\\\/pedido-internacional-para-proteger-peninsula-mitre-en-tierra-del-fuego\\\/\"]}]},{\"@type\":\"ImageObject\",\"inLanguage\":\"es\",\"@id\":\"https:\\\/\\\/patagoniambiental.com.ar\\\/info\\\/pedido-internacional-para-proteger-peninsula-mitre-en-tierra-del-fuego\\\/#primaryimage\",\"url\":\"https:\\\/\\\/patagoniambiental.com.ar\\\/info\\\/wp-content\\\/uploads\\\/2022\\\/02\\\/imagen_3050.jpg\",\"contentUrl\":\"https:\\\/\\\/patagoniambiental.com.ar\\\/info\\\/wp-content\\\/uploads\\\/2022\\\/02\\\/imagen_3050.jpg\",\"width\":801,\"height\":600},{\"@type\":\"BreadcrumbList\",\"@id\":\"https:\\\/\\\/patagoniambiental.com.ar\\\/info\\\/pedido-internacional-para-proteger-peninsula-mitre-en-tierra-del-fuego\\\/#breadcrumb\",\"itemListElement\":[{\"@type\":\"ListItem\",\"position\":1,\"name\":\"Inicio\",\"item\":\"https:\\\/\\\/patagoniambiental.com.ar\\\/info\\\/\"},{\"@type\":\"ListItem\",\"position\":2,\"name\":\"Pedido internacional para proteger Pen\u00ednsula Mitre, en Tierra del Fuego\"}]},{\"@type\":\"WebSite\",\"@id\":\"https:\\\/\\\/patagoniambiental.com.ar\\\/info\\\/#website\",\"url\":\"https:\\\/\\\/patagoniambiental.com.ar\\\/info\\\/\",\"name\":\"Patagonia Ambiental\",\"description\":\"Monitoreo y an\u00e1lisis de la situaci\u00f3n geopol\u00edtica en el mundo y su implicancia en la Patagonia\",\"publisher\":{\"@id\":\"https:\\\/\\\/patagoniambiental.com.ar\\\/info\\\/#organization\"},\"potentialAction\":[{\"@type\":\"SearchAction\",\"target\":{\"@type\":\"EntryPoint\",\"urlTemplate\":\"https:\\\/\\\/patagoniambiental.com.ar\\\/info\\\/?s={search_term_string}\"},\"query-input\":{\"@type\":\"PropertyValueSpecification\",\"valueRequired\":true,\"valueName\":\"search_term_string\"}}],\"inLanguage\":\"es\"},{\"@type\":\"Organization\",\"@id\":\"https:\\\/\\\/patagoniambiental.com.ar\\\/info\\\/#organization\",\"name\":\"Patagonia Ambiental\",\"url\":\"https:\\\/\\\/patagoniambiental.com.ar\\\/info\\\/\",\"logo\":{\"@type\":\"ImageObject\",\"inLanguage\":\"es\",\"@id\":\"https:\\\/\\\/patagoniambiental.com.ar\\\/info\\\/#\\\/schema\\\/logo\\\/image\\\/\",\"url\":\"https:\\\/\\\/patagoniambiental.com.ar\\\/info\\\/wp-content\\\/uploads\\\/2025\\\/05\\\/LOGO-PATAGONIA-AMBIENTAL.png\",\"contentUrl\":\"https:\\\/\\\/patagoniambiental.com.ar\\\/info\\\/wp-content\\\/uploads\\\/2025\\\/05\\\/LOGO-PATAGONIA-AMBIENTAL.png\",\"width\":433,\"height\":250,\"caption\":\"Patagonia Ambiental\"},\"image\":{\"@id\":\"https:\\\/\\\/patagoniambiental.com.ar\\\/info\\\/#\\\/schema\\\/logo\\\/image\\\/\"},\"sameAs\":[\"https:\\\/\\\/www.facebook.com\\\/patagonia.ambiental\",\"https:\\\/\\\/x.com\\\/PatAmb\"]},{\"@type\":\"Person\",\"@id\":\"https:\\\/\\\/patagoniambiental.com.ar\\\/info\\\/#\\\/schema\\\/person\\\/e5af09d700b2e82cb10c6b8800e0c691\",\"name\":\"BRAIAN ESTEVEZ\",\"sameAs\":[\"http:\\\/\\\/www.patagoniambiental.com.ar\"]}]}<\/script>\n<!-- \/ Yoast SEO Premium plugin. -->","yoast_head_json":{"title":"Pedido internacional para proteger Pen\u00ednsula Mitre, en Tierra del Fuego","robots":{"index":"index","follow":"follow","max-snippet":"max-snippet:-1","max-image-preview":"max-image-preview:large","max-video-preview":"max-video-preview:-1"},"canonical":"https:\/\/patagoniambiental.com.ar\/info\/pedido-internacional-para-proteger-peninsula-mitre-en-tierra-del-fuego\/","og_locale":"es_ES","og_type":"article","og_title":"Pedido internacional para proteger Pen\u00ednsula Mitre, en Tierra del Fuego","og_url":"https:\/\/patagoniambiental.com.ar\/info\/pedido-internacional-para-proteger-peninsula-mitre-en-tierra-del-fuego\/","og_site_name":"Patagonia Ambiental","article_publisher":"https:\/\/www.facebook.com\/patagonia.ambiental","article_published_time":"2022-02-07T10:00:00+00:00","og_image":[{"width":1800,"height":1348,"url":"https:\/\/patagoniambiental.com.ar\/info\/wp-content\/uploads\/2022\/02\/imagen_3050.jpg","type":"image\/jpeg"}],"author":"BRAIAN ESTEVEZ","twitter_card":"summary_large_image","twitter_creator":"@PatAmb","twitter_site":"@PatAmb","schema":{"@context":"https:\/\/schema.org","@graph":[{"@type":"Article","@id":"https:\/\/patagoniambiental.com.ar\/info\/pedido-internacional-para-proteger-peninsula-mitre-en-tierra-del-fuego\/#article","isPartOf":{"@id":"https:\/\/patagoniambiental.com.ar\/info\/pedido-internacional-para-proteger-peninsula-mitre-en-tierra-del-fuego\/"},"author":{"name":"BRAIAN ESTEVEZ","@id":"https:\/\/patagoniambiental.com.ar\/info\/#\/schema\/person\/e5af09d700b2e82cb10c6b8800e0c691"},"headline":"Pedido internacional para proteger Pen\u00ednsula Mitre, en Tierra del Fuego","datePublished":"2022-02-07T10:00:00+00:00","mainEntityOfPage":{"@id":"https:\/\/patagoniambiental.com.ar\/info\/pedido-internacional-para-proteger-peninsula-mitre-en-tierra-del-fuego\/"},"wordCount":2127,"commentCount":0,"publisher":{"@id":"https:\/\/patagoniambiental.com.ar\/info\/#organization"},"image":{"@id":"https:\/\/patagoniambiental.com.ar\/info\/pedido-internacional-para-proteger-peninsula-mitre-en-tierra-del-fuego\/#primaryimage"},"thumbnailUrl":"https:\/\/patagoniambiental.com.ar\/info\/wp-content\/uploads\/2022\/02\/imagen_3050.jpg","articleSection":["Noticias"],"inLanguage":"es","potentialAction":[{"@type":"CommentAction","name":"Comment","target":["https:\/\/patagoniambiental.com.ar\/info\/pedido-internacional-para-proteger-peninsula-mitre-en-tierra-del-fuego\/#respond"]}]},{"@type":"WebPage","@id":"https:\/\/patagoniambiental.com.ar\/info\/pedido-internacional-para-proteger-peninsula-mitre-en-tierra-del-fuego\/","url":"https:\/\/patagoniambiental.com.ar\/info\/pedido-internacional-para-proteger-peninsula-mitre-en-tierra-del-fuego\/","name":"Pedido internacional para proteger Pen\u00ednsula Mitre, en Tierra del Fuego","isPartOf":{"@id":"https:\/\/patagoniambiental.com.ar\/info\/#website"},"primaryImageOfPage":{"@id":"https:\/\/patagoniambiental.com.ar\/info\/pedido-internacional-para-proteger-peninsula-mitre-en-tierra-del-fuego\/#primaryimage"},"image":{"@id":"https:\/\/patagoniambiental.com.ar\/info\/pedido-internacional-para-proteger-peninsula-mitre-en-tierra-del-fuego\/#primaryimage"},"thumbnailUrl":"https:\/\/patagoniambiental.com.ar\/info\/wp-content\/uploads\/2022\/02\/imagen_3050.jpg","datePublished":"2022-02-07T10:00:00+00:00","breadcrumb":{"@id":"https:\/\/patagoniambiental.com.ar\/info\/pedido-internacional-para-proteger-peninsula-mitre-en-tierra-del-fuego\/#breadcrumb"},"inLanguage":"es","potentialAction":[{"@type":"ReadAction","target":["https:\/\/patagoniambiental.com.ar\/info\/pedido-internacional-para-proteger-peninsula-mitre-en-tierra-del-fuego\/"]}]},{"@type":"ImageObject","inLanguage":"es","@id":"https:\/\/patagoniambiental.com.ar\/info\/pedido-internacional-para-proteger-peninsula-mitre-en-tierra-del-fuego\/#primaryimage","url":"https:\/\/patagoniambiental.com.ar\/info\/wp-content\/uploads\/2022\/02\/imagen_3050.jpg","contentUrl":"https:\/\/patagoniambiental.com.ar\/info\/wp-content\/uploads\/2022\/02\/imagen_3050.jpg","width":801,"height":600},{"@type":"BreadcrumbList","@id":"https:\/\/patagoniambiental.com.ar\/info\/pedido-internacional-para-proteger-peninsula-mitre-en-tierra-del-fuego\/#breadcrumb","itemListElement":[{"@type":"ListItem","position":1,"name":"Inicio","item":"https:\/\/patagoniambiental.com.ar\/info\/"},{"@type":"ListItem","position":2,"name":"Pedido internacional para proteger Pen\u00ednsula Mitre, en Tierra del Fuego"}]},{"@type":"WebSite","@id":"https:\/\/patagoniambiental.com.ar\/info\/#website","url":"https:\/\/patagoniambiental.com.ar\/info\/","name":"Patagonia Ambiental","description":"Monitoreo y an\u00e1lisis de la situaci\u00f3n geopol\u00edtica en el mundo y su implicancia en la Patagonia","publisher":{"@id":"https:\/\/patagoniambiental.com.ar\/info\/#organization"},"potentialAction":[{"@type":"SearchAction","target":{"@type":"EntryPoint","urlTemplate":"https:\/\/patagoniambiental.com.ar\/info\/?s={search_term_string}"},"query-input":{"@type":"PropertyValueSpecification","valueRequired":true,"valueName":"search_term_string"}}],"inLanguage":"es"},{"@type":"Organization","@id":"https:\/\/patagoniambiental.com.ar\/info\/#organization","name":"Patagonia Ambiental","url":"https:\/\/patagoniambiental.com.ar\/info\/","logo":{"@type":"ImageObject","inLanguage":"es","@id":"https:\/\/patagoniambiental.com.ar\/info\/#\/schema\/logo\/image\/","url":"https:\/\/patagoniambiental.com.ar\/info\/wp-content\/uploads\/2025\/05\/LOGO-PATAGONIA-AMBIENTAL.png","contentUrl":"https:\/\/patagoniambiental.com.ar\/info\/wp-content\/uploads\/2025\/05\/LOGO-PATAGONIA-AMBIENTAL.png","width":433,"height":250,"caption":"Patagonia Ambiental"},"image":{"@id":"https:\/\/patagoniambiental.com.ar\/info\/#\/schema\/logo\/image\/"},"sameAs":["https:\/\/www.facebook.com\/patagonia.ambiental","https:\/\/x.com\/PatAmb"]},{"@type":"Person","@id":"https:\/\/patagoniambiental.com.ar\/info\/#\/schema\/person\/e5af09d700b2e82cb10c6b8800e0c691","name":"BRAIAN ESTEVEZ","sameAs":["http:\/\/www.patagoniambiental.com.ar"]}]}},"_links":{"self":[{"href":"https:\/\/patagoniambiental.com.ar\/info\/wp-json\/wp\/v2\/posts\/75143","targetHints":{"allow":["GET"]}}],"collection":[{"href":"https:\/\/patagoniambiental.com.ar\/info\/wp-json\/wp\/v2\/posts"}],"about":[{"href":"https:\/\/patagoniambiental.com.ar\/info\/wp-json\/wp\/v2\/types\/post"}],"author":[{"embeddable":true,"href":"https:\/\/patagoniambiental.com.ar\/info\/wp-json\/wp\/v2\/users\/6"}],"replies":[{"embeddable":true,"href":"https:\/\/patagoniambiental.com.ar\/info\/wp-json\/wp\/v2\/comments?post=75143"}],"version-history":[{"count":0,"href":"https:\/\/patagoniambiental.com.ar\/info\/wp-json\/wp\/v2\/posts\/75143\/revisions"}],"wp:featuredmedia":[{"embeddable":true,"href":"https:\/\/patagoniambiental.com.ar\/info\/wp-json\/wp\/v2\/media\/75144"}],"wp:attachment":[{"href":"https:\/\/patagoniambiental.com.ar\/info\/wp-json\/wp\/v2\/media?parent=75143"}],"wp:term":[{"taxonomy":"category","embeddable":true,"href":"https:\/\/patagoniambiental.com.ar\/info\/wp-json\/wp\/v2\/categories?post=75143"},{"taxonomy":"post_tag","embeddable":true,"href":"https:\/\/patagoniambiental.com.ar\/info\/wp-json\/wp\/v2\/tags?post=75143"}],"curies":[{"name":"wp","href":"https:\/\/api.w.org\/{rel}","templated":true}]}}