{"id":75146,"date":"2022-02-04T10:32:22","date_gmt":"2022-02-04T13:32:22","guid":{"rendered":"http:\/\/patagoniambiental.com.ar\/info\/?p=75146"},"modified":"2022-02-04T10:32:23","modified_gmt":"2022-02-04T13:32:23","slug":"ziliotto-pidio-que-se-apruebe-una-ley-de-humedales","status":"publish","type":"post","link":"https:\/\/patagoniambiental.com.ar\/info\/ziliotto-pidio-que-se-apruebe-una-ley-de-humedales\/","title":{"rendered":"Ziliotto pidi\u00f3 que se apruebe una Ley de Humedales"},"content":{"rendered":"\n<!--more-->\n\n\n\n<p>El gobernador Ziliotto pidi\u00f3 que el Congreso Nacional sancione una Ley de Humedales para la preservaci\u00f3n de los ecosistemas que son un refugio para la fauna y flora.<\/p>\n\n\n\n<p>En coincidencia con la conmemoraci\u00f3n del D\u00eda Mundial de los Humedales, el gobernador dijo que \u00aben esta fecha tan especial seguimos reclamando por la restituci\u00f3n de nuestro r\u00edo Atuel. Con sus aguas formaba importantes humedales en La Pampa que constitu\u00edan una fuente inagotable de vida, como as\u00ed tambi\u00e9n de servicios esenciales para la poblaci\u00f3n\u00bb.<\/p>\n\n\n\n<p>Afirm\u00f3 que \u00abes fundamental que el Congreso de la Naci\u00f3n apruebe una Ley de Humedales y se instituya una pol\u00edtica p\u00fablica destinada a garantizar la conservaci\u00f3n de estos ecosistemas y los beneficios que brindan a la sociedad\u00bb y que \u00absu protecci\u00f3n y restauraci\u00f3n son acciones impostergables\u00bb.<\/p>\n\n\n\n<p>En el Congreso hab\u00eda en tratamiento un proyecto de ley de humedales que hab\u00eda obtenido dictamen de la comisi\u00f3n en 2020, con el apoyo de la mayor\u00eda de los bloques parlamentarios. Pero el mismo nunca fue tratado y perdi\u00f3 estado parlamentario, al no haber ingresado en el temario de sesiones extraordinarias.<\/p>\n\n\n\n<p>El diputado nacional Hern\u00e1n P\u00e9rez Araujo dijo que \u00abdesde La Pampa seguiremos trabajando por una Ley de Humedales que establezca presupuestos m\u00ednimos, para la protecci\u00f3n, recuperaci\u00f3n y el uso racional y sostenible de los mismos\u00bb.<\/p>\n\n\n\n<p>Adem\u00e1s de la cuenca del Atuel, La Pampa tambi\u00e9n tiene humedales en la cuenca del Desaguadero-Salado-Chadileuv\u00fa-Curac\u00f3, que tambi\u00e9n est\u00e1n en peligro de desaparecer por la disminuci\u00f3n en el cauce de los r\u00edos y la falta de legislaci\u00f3n que los proteja.<\/p>\n\n\n\n<p><strong>Nuevo proyecto<\/strong><\/p>\n\n\n\n<p>El ministro de Ambiente y Desarrollo Sostenible, Juan Cabandi\u00e9, confirm\u00f3 durante una reuni\u00f3n organizada junto al Consejo Federal de Medio Ambiente (COFEMA) que se comenzar\u00e1 a trabajar en un nuevo proyecto de ley para la conservaci\u00f3n y uso sostenible de Humedales.<\/p>\n\n\n\n<p>El funcionario asegur\u00f3 que el proyecto ser\u00e1 \u00abconsensuado, con perspectiva federal y en di\u00e1logo con las ONG y los sectores productivo, cient\u00edfico y acad\u00e9mico\u00bb.<\/p>\n\n\n\n<p>El ministro afirm\u00f3: \u00abComo Estado nacional, nos comprometemos a asumir esa responsabilidad, a acudir a esa demanda para presentar el proyecto de ley, como lo expresamos en la campa\u00f1a electoral\u00bb, luego de afirmar que el tema hab\u00eda sido un reclamo de \u00abdistintos sectores de la sociedad\u00bb.<\/p>\n\n\n\n<p>Cabandi\u00e9 expres\u00f3 adem\u00e1s que \u00abla mejor manera de tener una ley de protecci\u00f3n de humedales es con di\u00e1logo y con una visi\u00f3n federal\u00bb, explicando que se buscar\u00e1 asignarle recursos y que ya se est\u00e1 trabajando junto a las provincias para tener un inventario, \u00abque es uno de los eslabones fundamentales para tener un proyecto.<\/p>\n\n\n\n<p>Seg\u00fan el Programa de las Naciones Unidas para el Medio Ambiente (UNEP) \u00ablos humedales constituyen uno de los ecosistemas m\u00e1s importantes del planeta. Son un refugio para la fauna, filtran la contaminaci\u00f3n y son importantes dep\u00f3sitos de carbono\u00bb.<\/p>\n\n\n\n<p>Cubren solo el 6% de la superficie terrestre, pero, sin embargo, el 40% de todas las especies vegetales y animales viven o se reproducen en ellos.<\/p>\n\n\n\n<p>La ONU se\u00f1ala adem\u00e1s que \u00ablos humedales tambi\u00e9n son vitales para el bienestar y la seguridad de los seres humanos. M\u00e1s de mil millones de personas en todo el mundo dependen de ellos para su subsistencia, aproximadamente una de cada ocho personas en la Tierra\u00bb.<\/p>\n\n\n\n<p>Fuente: https:\/\/www.eldiariodelapampa.com.ar\/la-pampa\/27196-ziliotto-pidio-que-se-apruebe-una-ley-de-humedales<\/p>\n","protected":false},"excerpt":{"rendered":"","protected":false},"author":6,"featured_media":75147,"comment_status":"open","ping_status":"open","sticky":false,"template":"","format":"standard","meta":{"site-sidebar-layout":"default","site-content-layout":"","ast-site-content-layout":"default","site-content-style":"default","site-sidebar-style":"default","ast-global-header-display":"","ast-banner-title-visibility":"","ast-main-header-display":"","ast-hfb-above-header-display":"","ast-hfb-below-header-display":"","ast-hfb-mobile-header-display":"","site-post-title":"","ast-breadcrumbs-content":"","ast-featured-img":"","footer-sml-layout":"","ast-disable-related-posts":"","theme-transparent-header-meta":"","adv-header-id-meta":"","stick-header-meta":"","header-above-stick-meta":"","header-main-stick-meta":"","header-below-stick-meta":"","astra-migrate-meta-layouts":"default","ast-page-background-enabled":"default","ast-page-background-meta":{"desktop":{"background-color":"var(--ast-global-color-5)","background-image":"","background-repeat":"repeat","background-position":"center center","background-size":"auto","background-attachment":"scroll","background-type":"","background-media":"","overlay-type":"","overlay-color":"","overlay-opacity":"","overlay-gradient":""},"tablet":{"background-color":"","background-image":"","background-repeat":"repeat","background-position":"center center","background-size":"auto","background-attachment":"scroll","background-type":"","background-media":"","overlay-type":"","overlay-color":"","overlay-opacity":"","overlay-gradient":""},"mobile":{"background-color":"","background-image":"","background-repeat":"repeat","background-position":"center center","background-size":"auto","background-attachment":"scroll","background-type":"","background-media":"","overlay-type":"","overlay-color":"","overlay-opacity":"","overlay-gradient":""}},"ast-content-background-meta":{"desktop":{"background-color":"var(--ast-global-color-4)","background-image":"","background-repeat":"repeat","background-position":"center center","background-size":"auto","background-attachment":"scroll","background-type":"","background-media":"","overlay-type":"","overlay-color":"","overlay-opacity":"","overlay-gradient":""},"tablet":{"background-color":"var(--ast-global-color-4)","background-image":"","background-repeat":"repeat","background-position":"center center","background-size":"auto","background-attachment":"scroll","background-type":"","background-media":"","overlay-type":"","overlay-color":"","overlay-opacity":"","overlay-gradient":""},"mobile":{"background-color":"var(--ast-global-color-4)","background-image":"","background-repeat":"repeat","background-position":"center center","background-size":"auto","background-attachment":"scroll","background-type":"","background-media":"","overlay-type":"","overlay-color":"","overlay-opacity":"","overlay-gradient":""}},"footnotes":""},"categories":[1],"tags":[],"class_list":["post-75146","post","type-post","status-publish","format-standard","has-post-thumbnail","hentry","category-noticias"],"yoast_head":"<!-- This site is optimized with the Yoast SEO Premium plugin v23.0 (Yoast SEO v27.5) - https:\/\/yoast.com\/product\/yoast-seo-premium-wordpress\/ -->\n<title>Ziliotto pidi\u00f3 que se apruebe una Ley de Humedales<\/title>\n<meta name=\"robots\" content=\"index, follow, max-snippet:-1, max-image-preview:large, max-video-preview:-1\" \/>\n<link rel=\"canonical\" href=\"https:\/\/patagoniambiental.com.ar\/info\/ziliotto-pidio-que-se-apruebe-una-ley-de-humedales\/\" \/>\n<meta property=\"og:locale\" content=\"es_ES\" \/>\n<meta property=\"og:type\" content=\"article\" \/>\n<meta property=\"og:title\" content=\"Ziliotto pidi\u00f3 que se apruebe una Ley de Humedales\" \/>\n<meta property=\"og:url\" content=\"https:\/\/patagoniambiental.com.ar\/info\/ziliotto-pidio-que-se-apruebe-una-ley-de-humedales\/\" \/>\n<meta property=\"og:site_name\" content=\"Patagonia Ambiental\" \/>\n<meta property=\"article:publisher\" content=\"https:\/\/www.facebook.com\/patagonia.ambiental\" \/>\n<meta property=\"article:published_time\" content=\"2022-02-04T13:32:22+00:00\" \/>\n<meta property=\"article:modified_time\" content=\"2022-02-04T13:32:23+00:00\" \/>\n<meta property=\"og:image\" content=\"https:\/\/patagoniambiental.com.ar\/info\/wp-content\/uploads\/2022\/02\/ziliotto-franco-presupuesto-23-1.jpg\" \/>\n\t<meta property=\"og:image:width\" content=\"1000\" \/>\n\t<meta property=\"og:image:height\" content=\"607\" \/>\n\t<meta property=\"og:image:type\" content=\"image\/jpeg\" \/>\n<meta name=\"author\" content=\"BRAIAN ESTEVEZ\" \/>\n<meta name=\"twitter:card\" content=\"summary_large_image\" \/>\n<meta name=\"twitter:creator\" content=\"@PatAmb\" \/>\n<meta name=\"twitter:site\" content=\"@PatAmb\" \/>\n<script type=\"application\/ld+json\" class=\"yoast-schema-graph\">{\"@context\":\"https:\\\/\\\/schema.org\",\"@graph\":[{\"@type\":\"Article\",\"@id\":\"https:\\\/\\\/patagoniambiental.com.ar\\\/info\\\/ziliotto-pidio-que-se-apruebe-una-ley-de-humedales\\\/#article\",\"isPartOf\":{\"@id\":\"https:\\\/\\\/patagoniambiental.com.ar\\\/info\\\/ziliotto-pidio-que-se-apruebe-una-ley-de-humedales\\\/\"},\"author\":{\"name\":\"BRAIAN ESTEVEZ\",\"@id\":\"https:\\\/\\\/patagoniambiental.com.ar\\\/info\\\/#\\\/schema\\\/person\\\/e5af09d700b2e82cb10c6b8800e0c691\"},\"headline\":\"Ziliotto pidi\u00f3 que se apruebe una Ley de Humedales\",\"datePublished\":\"2022-02-04T13:32:22+00:00\",\"dateModified\":\"2022-02-04T13:32:23+00:00\",\"mainEntityOfPage\":{\"@id\":\"https:\\\/\\\/patagoniambiental.com.ar\\\/info\\\/ziliotto-pidio-que-se-apruebe-una-ley-de-humedales\\\/\"},\"wordCount\":594,\"commentCount\":0,\"publisher\":{\"@id\":\"https:\\\/\\\/patagoniambiental.com.ar\\\/info\\\/#organization\"},\"image\":{\"@id\":\"https:\\\/\\\/patagoniambiental.com.ar\\\/info\\\/ziliotto-pidio-que-se-apruebe-una-ley-de-humedales\\\/#primaryimage\"},\"thumbnailUrl\":\"https:\\\/\\\/patagoniambiental.com.ar\\\/info\\\/wp-content\\\/uploads\\\/2022\\\/02\\\/ziliotto-franco-presupuesto-23-1.jpg\",\"articleSection\":[\"Noticias\"],\"inLanguage\":\"es\",\"potentialAction\":[{\"@type\":\"CommentAction\",\"name\":\"Comment\",\"target\":[\"https:\\\/\\\/patagoniambiental.com.ar\\\/info\\\/ziliotto-pidio-que-se-apruebe-una-ley-de-humedales\\\/#respond\"]}]},{\"@type\":\"WebPage\",\"@id\":\"https:\\\/\\\/patagoniambiental.com.ar\\\/info\\\/ziliotto-pidio-que-se-apruebe-una-ley-de-humedales\\\/\",\"url\":\"https:\\\/\\\/patagoniambiental.com.ar\\\/info\\\/ziliotto-pidio-que-se-apruebe-una-ley-de-humedales\\\/\",\"name\":\"Ziliotto pidi\u00f3 que se apruebe una Ley de Humedales\",\"isPartOf\":{\"@id\":\"https:\\\/\\\/patagoniambiental.com.ar\\\/info\\\/#website\"},\"primaryImageOfPage\":{\"@id\":\"https:\\\/\\\/patagoniambiental.com.ar\\\/info\\\/ziliotto-pidio-que-se-apruebe-una-ley-de-humedales\\\/#primaryimage\"},\"image\":{\"@id\":\"https:\\\/\\\/patagoniambiental.com.ar\\\/info\\\/ziliotto-pidio-que-se-apruebe-una-ley-de-humedales\\\/#primaryimage\"},\"thumbnailUrl\":\"https:\\\/\\\/patagoniambiental.com.ar\\\/info\\\/wp-content\\\/uploads\\\/2022\\\/02\\\/ziliotto-franco-presupuesto-23-1.jpg\",\"datePublished\":\"2022-02-04T13:32:22+00:00\",\"dateModified\":\"2022-02-04T13:32:23+00:00\",\"breadcrumb\":{\"@id\":\"https:\\\/\\\/patagoniambiental.com.ar\\\/info\\\/ziliotto-pidio-que-se-apruebe-una-ley-de-humedales\\\/#breadcrumb\"},\"inLanguage\":\"es\",\"potentialAction\":[{\"@type\":\"ReadAction\",\"target\":[\"https:\\\/\\\/patagoniambiental.com.ar\\\/info\\\/ziliotto-pidio-que-se-apruebe-una-ley-de-humedales\\\/\"]}]},{\"@type\":\"ImageObject\",\"inLanguage\":\"es\",\"@id\":\"https:\\\/\\\/patagoniambiental.com.ar\\\/info\\\/ziliotto-pidio-que-se-apruebe-una-ley-de-humedales\\\/#primaryimage\",\"url\":\"https:\\\/\\\/patagoniambiental.com.ar\\\/info\\\/wp-content\\\/uploads\\\/2022\\\/02\\\/ziliotto-franco-presupuesto-23-1.jpg\",\"contentUrl\":\"https:\\\/\\\/patagoniambiental.com.ar\\\/info\\\/wp-content\\\/uploads\\\/2022\\\/02\\\/ziliotto-franco-presupuesto-23-1.jpg\",\"width\":988,\"height\":600},{\"@type\":\"BreadcrumbList\",\"@id\":\"https:\\\/\\\/patagoniambiental.com.ar\\\/info\\\/ziliotto-pidio-que-se-apruebe-una-ley-de-humedales\\\/#breadcrumb\",\"itemListElement\":[{\"@type\":\"ListItem\",\"position\":1,\"name\":\"Inicio\",\"item\":\"https:\\\/\\\/patagoniambiental.com.ar\\\/info\\\/\"},{\"@type\":\"ListItem\",\"position\":2,\"name\":\"Ziliotto pidi\u00f3 que se apruebe una Ley de Humedales\"}]},{\"@type\":\"WebSite\",\"@id\":\"https:\\\/\\\/patagoniambiental.com.ar\\\/info\\\/#website\",\"url\":\"https:\\\/\\\/patagoniambiental.com.ar\\\/info\\\/\",\"name\":\"Patagonia Ambiental\",\"description\":\"Monitoreo y an\u00e1lisis de la situaci\u00f3n geopol\u00edtica en el mundo y su implicancia en la Patagonia\",\"publisher\":{\"@id\":\"https:\\\/\\\/patagoniambiental.com.ar\\\/info\\\/#organization\"},\"potentialAction\":[{\"@type\":\"SearchAction\",\"target\":{\"@type\":\"EntryPoint\",\"urlTemplate\":\"https:\\\/\\\/patagoniambiental.com.ar\\\/info\\\/?s={search_term_string}\"},\"query-input\":{\"@type\":\"PropertyValueSpecification\",\"valueRequired\":true,\"valueName\":\"search_term_string\"}}],\"inLanguage\":\"es\"},{\"@type\":\"Organization\",\"@id\":\"https:\\\/\\\/patagoniambiental.com.ar\\\/info\\\/#organization\",\"name\":\"Patagonia Ambiental\",\"url\":\"https:\\\/\\\/patagoniambiental.com.ar\\\/info\\\/\",\"logo\":{\"@type\":\"ImageObject\",\"inLanguage\":\"es\",\"@id\":\"https:\\\/\\\/patagoniambiental.com.ar\\\/info\\\/#\\\/schema\\\/logo\\\/image\\\/\",\"url\":\"https:\\\/\\\/patagoniambiental.com.ar\\\/info\\\/wp-content\\\/uploads\\\/2025\\\/05\\\/LOGO-PATAGONIA-AMBIENTAL.png\",\"contentUrl\":\"https:\\\/\\\/patagoniambiental.com.ar\\\/info\\\/wp-content\\\/uploads\\\/2025\\\/05\\\/LOGO-PATAGONIA-AMBIENTAL.png\",\"width\":433,\"height\":250,\"caption\":\"Patagonia Ambiental\"},\"image\":{\"@id\":\"https:\\\/\\\/patagoniambiental.com.ar\\\/info\\\/#\\\/schema\\\/logo\\\/image\\\/\"},\"sameAs\":[\"https:\\\/\\\/www.facebook.com\\\/patagonia.ambiental\",\"https:\\\/\\\/x.com\\\/PatAmb\"]},{\"@type\":\"Person\",\"@id\":\"https:\\\/\\\/patagoniambiental.com.ar\\\/info\\\/#\\\/schema\\\/person\\\/e5af09d700b2e82cb10c6b8800e0c691\",\"name\":\"BRAIAN ESTEVEZ\",\"sameAs\":[\"http:\\\/\\\/www.patagoniambiental.com.ar\"]}]}<\/script>\n<!-- \/ Yoast SEO Premium plugin. -->","yoast_head_json":{"title":"Ziliotto pidi\u00f3 que se apruebe una Ley de Humedales","robots":{"index":"index","follow":"follow","max-snippet":"max-snippet:-1","max-image-preview":"max-image-preview:large","max-video-preview":"max-video-preview:-1"},"canonical":"https:\/\/patagoniambiental.com.ar\/info\/ziliotto-pidio-que-se-apruebe-una-ley-de-humedales\/","og_locale":"es_ES","og_type":"article","og_title":"Ziliotto pidi\u00f3 que se apruebe una Ley de Humedales","og_url":"https:\/\/patagoniambiental.com.ar\/info\/ziliotto-pidio-que-se-apruebe-una-ley-de-humedales\/","og_site_name":"Patagonia Ambiental","article_publisher":"https:\/\/www.facebook.com\/patagonia.ambiental","article_published_time":"2022-02-04T13:32:22+00:00","article_modified_time":"2022-02-04T13:32:23+00:00","og_image":[{"width":1000,"height":607,"url":"https:\/\/patagoniambiental.com.ar\/info\/wp-content\/uploads\/2022\/02\/ziliotto-franco-presupuesto-23-1.jpg","type":"image\/jpeg"}],"author":"BRAIAN ESTEVEZ","twitter_card":"summary_large_image","twitter_creator":"@PatAmb","twitter_site":"@PatAmb","schema":{"@context":"https:\/\/schema.org","@graph":[{"@type":"Article","@id":"https:\/\/patagoniambiental.com.ar\/info\/ziliotto-pidio-que-se-apruebe-una-ley-de-humedales\/#article","isPartOf":{"@id":"https:\/\/patagoniambiental.com.ar\/info\/ziliotto-pidio-que-se-apruebe-una-ley-de-humedales\/"},"author":{"name":"BRAIAN ESTEVEZ","@id":"https:\/\/patagoniambiental.com.ar\/info\/#\/schema\/person\/e5af09d700b2e82cb10c6b8800e0c691"},"headline":"Ziliotto pidi\u00f3 que se apruebe una Ley de Humedales","datePublished":"2022-02-04T13:32:22+00:00","dateModified":"2022-02-04T13:32:23+00:00","mainEntityOfPage":{"@id":"https:\/\/patagoniambiental.com.ar\/info\/ziliotto-pidio-que-se-apruebe-una-ley-de-humedales\/"},"wordCount":594,"commentCount":0,"publisher":{"@id":"https:\/\/patagoniambiental.com.ar\/info\/#organization"},"image":{"@id":"https:\/\/patagoniambiental.com.ar\/info\/ziliotto-pidio-que-se-apruebe-una-ley-de-humedales\/#primaryimage"},"thumbnailUrl":"https:\/\/patagoniambiental.com.ar\/info\/wp-content\/uploads\/2022\/02\/ziliotto-franco-presupuesto-23-1.jpg","articleSection":["Noticias"],"inLanguage":"es","potentialAction":[{"@type":"CommentAction","name":"Comment","target":["https:\/\/patagoniambiental.com.ar\/info\/ziliotto-pidio-que-se-apruebe-una-ley-de-humedales\/#respond"]}]},{"@type":"WebPage","@id":"https:\/\/patagoniambiental.com.ar\/info\/ziliotto-pidio-que-se-apruebe-una-ley-de-humedales\/","url":"https:\/\/patagoniambiental.com.ar\/info\/ziliotto-pidio-que-se-apruebe-una-ley-de-humedales\/","name":"Ziliotto pidi\u00f3 que se apruebe una Ley de Humedales","isPartOf":{"@id":"https:\/\/patagoniambiental.com.ar\/info\/#website"},"primaryImageOfPage":{"@id":"https:\/\/patagoniambiental.com.ar\/info\/ziliotto-pidio-que-se-apruebe-una-ley-de-humedales\/#primaryimage"},"image":{"@id":"https:\/\/patagoniambiental.com.ar\/info\/ziliotto-pidio-que-se-apruebe-una-ley-de-humedales\/#primaryimage"},"thumbnailUrl":"https:\/\/patagoniambiental.com.ar\/info\/wp-content\/uploads\/2022\/02\/ziliotto-franco-presupuesto-23-1.jpg","datePublished":"2022-02-04T13:32:22+00:00","dateModified":"2022-02-04T13:32:23+00:00","breadcrumb":{"@id":"https:\/\/patagoniambiental.com.ar\/info\/ziliotto-pidio-que-se-apruebe-una-ley-de-humedales\/#breadcrumb"},"inLanguage":"es","potentialAction":[{"@type":"ReadAction","target":["https:\/\/patagoniambiental.com.ar\/info\/ziliotto-pidio-que-se-apruebe-una-ley-de-humedales\/"]}]},{"@type":"ImageObject","inLanguage":"es","@id":"https:\/\/patagoniambiental.com.ar\/info\/ziliotto-pidio-que-se-apruebe-una-ley-de-humedales\/#primaryimage","url":"https:\/\/patagoniambiental.com.ar\/info\/wp-content\/uploads\/2022\/02\/ziliotto-franco-presupuesto-23-1.jpg","contentUrl":"https:\/\/patagoniambiental.com.ar\/info\/wp-content\/uploads\/2022\/02\/ziliotto-franco-presupuesto-23-1.jpg","width":988,"height":600},{"@type":"BreadcrumbList","@id":"https:\/\/patagoniambiental.com.ar\/info\/ziliotto-pidio-que-se-apruebe-una-ley-de-humedales\/#breadcrumb","itemListElement":[{"@type":"ListItem","position":1,"name":"Inicio","item":"https:\/\/patagoniambiental.com.ar\/info\/"},{"@type":"ListItem","position":2,"name":"Ziliotto pidi\u00f3 que se apruebe una Ley de Humedales"}]},{"@type":"WebSite","@id":"https:\/\/patagoniambiental.com.ar\/info\/#website","url":"https:\/\/patagoniambiental.com.ar\/info\/","name":"Patagonia Ambiental","description":"Monitoreo y an\u00e1lisis de la situaci\u00f3n geopol\u00edtica en el mundo y su implicancia en la Patagonia","publisher":{"@id":"https:\/\/patagoniambiental.com.ar\/info\/#organization"},"potentialAction":[{"@type":"SearchAction","target":{"@type":"EntryPoint","urlTemplate":"https:\/\/patagoniambiental.com.ar\/info\/?s={search_term_string}"},"query-input":{"@type":"PropertyValueSpecification","valueRequired":true,"valueName":"search_term_string"}}],"inLanguage":"es"},{"@type":"Organization","@id":"https:\/\/patagoniambiental.com.ar\/info\/#organization","name":"Patagonia Ambiental","url":"https:\/\/patagoniambiental.com.ar\/info\/","logo":{"@type":"ImageObject","inLanguage":"es","@id":"https:\/\/patagoniambiental.com.ar\/info\/#\/schema\/logo\/image\/","url":"https:\/\/patagoniambiental.com.ar\/info\/wp-content\/uploads\/2025\/05\/LOGO-PATAGONIA-AMBIENTAL.png","contentUrl":"https:\/\/patagoniambiental.com.ar\/info\/wp-content\/uploads\/2025\/05\/LOGO-PATAGONIA-AMBIENTAL.png","width":433,"height":250,"caption":"Patagonia Ambiental"},"image":{"@id":"https:\/\/patagoniambiental.com.ar\/info\/#\/schema\/logo\/image\/"},"sameAs":["https:\/\/www.facebook.com\/patagonia.ambiental","https:\/\/x.com\/PatAmb"]},{"@type":"Person","@id":"https:\/\/patagoniambiental.com.ar\/info\/#\/schema\/person\/e5af09d700b2e82cb10c6b8800e0c691","name":"BRAIAN ESTEVEZ","sameAs":["http:\/\/www.patagoniambiental.com.ar"]}]}},"_links":{"self":[{"href":"https:\/\/patagoniambiental.com.ar\/info\/wp-json\/wp\/v2\/posts\/75146","targetHints":{"allow":["GET"]}}],"collection":[{"href":"https:\/\/patagoniambiental.com.ar\/info\/wp-json\/wp\/v2\/posts"}],"about":[{"href":"https:\/\/patagoniambiental.com.ar\/info\/wp-json\/wp\/v2\/types\/post"}],"author":[{"embeddable":true,"href":"https:\/\/patagoniambiental.com.ar\/info\/wp-json\/wp\/v2\/users\/6"}],"replies":[{"embeddable":true,"href":"https:\/\/patagoniambiental.com.ar\/info\/wp-json\/wp\/v2\/comments?post=75146"}],"version-history":[{"count":0,"href":"https:\/\/patagoniambiental.com.ar\/info\/wp-json\/wp\/v2\/posts\/75146\/revisions"}],"wp:featuredmedia":[{"embeddable":true,"href":"https:\/\/patagoniambiental.com.ar\/info\/wp-json\/wp\/v2\/media\/75147"}],"wp:attachment":[{"href":"https:\/\/patagoniambiental.com.ar\/info\/wp-json\/wp\/v2\/media?parent=75146"}],"wp:term":[{"taxonomy":"category","embeddable":true,"href":"https:\/\/patagoniambiental.com.ar\/info\/wp-json\/wp\/v2\/categories?post=75146"},{"taxonomy":"post_tag","embeddable":true,"href":"https:\/\/patagoniambiental.com.ar\/info\/wp-json\/wp\/v2\/tags?post=75146"}],"curies":[{"name":"wp","href":"https:\/\/api.w.org\/{rel}","templated":true}]}}