{"id":75155,"date":"2022-02-04T13:45:56","date_gmt":"2022-02-04T16:45:56","guid":{"rendered":"http:\/\/patagoniambiental.com.ar\/info\/?p=75155"},"modified":"2022-02-04T13:45:57","modified_gmt":"2022-02-04T16:45:57","slug":"sanchez-observo-en-tierra-del-fuego-la-experiencia-sobre-fertilizantes-ecologicos","status":"publish","type":"post","link":"https:\/\/patagoniambiental.com.ar\/info\/sanchez-observo-en-tierra-del-fuego-la-experiencia-sobre-fertilizantes-ecologicos\/","title":{"rendered":"S\u00e1nchez observ\u00f3 en Tierra del Fuego la experiencia sobre fertilizantes ecol\u00f3gicos"},"content":{"rendered":"\n<!--more-->\n\n\n\n<p id=\"noticia-content\">El intendente Carlos S\u00e1nchez, tras acceder a una invitaci\u00f3n realizada oportunamente por el productor fueguino An\u00edbal C\u00e9sar Cardoso, viaj\u00f3 a Tierra del Fuego para tomar contacto y visitar una zona de turberas, a trav\u00e9s de las cuales se produce un fertilizante con proyecci\u00f3n de venta internacional, cuyo m\u00e9todo de recolecci\u00f3n es generada por la empresa tresarroyense Tenaglia, una maquinaria creada exclusivamente para esta producci\u00f3n, realizada con materiales y mano de obra de nuestro distrito.&nbsp;<br>El jefe comunal, quien viaj\u00f3 acompa\u00f1ado por el delegado de Copetonas Mariano Hern\u00e1ndez, aprovech\u00f3 su estad\u00eda en el sur argentino para recorrer algunos campos encargados de producir este inoculante de origen vegetal como as\u00ed tambi\u00e9n accedi\u00f3 a la invitaci\u00f3n para visitar al intendente de R\u00edo Grande. All\u00ed fue recibido por su par Mart\u00edn P\u00e9rez.<\/p>\n\n\n\n<figure class=\"wp-block-image\"><img decoding=\"async\" src=\"https:\/\/www.lavozdelpueblo.com.ar\/recursos\/fotos\/2022\/02\/03\/lvp.4833b5a7-9b0d-4b95-b753-18ab2c9d1a0f.jpg\" alt=\"\"\/><\/figure>\n\n\n\n<p>Se aprovech\u00f3 la ocasi\u00f3n para intercambiar distintas experiencias, sobre todo en materia del cuidado del medio ambiente, haciendo hincapi\u00e9 en los rellenos sanitarios y las metodolog\u00edas sobre el desguace de las cubiertas de los veh\u00edculos, tema preocupante.<\/p>\n\n\n\n<figure class=\"wp-block-image\"><img decoding=\"async\" src=\"https:\/\/www.lavozdelpueblo.com.ar\/recursos\/fotos\/2022\/02\/03\/lvp.05b1e501-8b2f-4aa7-9261-55a007ddf1f4.jpg\" alt=\"\"\/><\/figure>\n\n\n\n<p>Al respecto, se comprometieron a cruzar experiencias sobre lo que se viene realizando en Tres Arroyos con gran \u00e9xito. Tambi\u00e9n fue tema de conversaci\u00f3n los Parques Industriales de ambas localidades, teniendo en cuenta las regal\u00edas que por la zona austral le corresponde a R\u00edo Grande, pero que sin dudas el factor clim\u00e1tico es muchas veces un escollo en el normal desarrollo para la industria.&nbsp;<\/p>\n\n\n\n<figure class=\"wp-block-image\"><img decoding=\"async\" src=\"https:\/\/www.lavozdelpueblo.com.ar\/recursos\/fotos\/2022\/02\/03\/lvp.0993dccb-74f9-4373-be16-cacf2397cb1c.jpg\" alt=\"\"\/><\/figure>\n\n\n\n<p>En ese marco, S\u00e1nchez aprovech\u00f3 la oportunidad para dejar planos y extensiones del Parque Industrial de Tres Arroyos, atento al inter\u00e9s de algunos empresarios oriundos de todo el pa\u00eds.\u00a0<br>S\u00e1nchez fue adem\u00e1s recibido por Jeannette del Carmen Alderete, presidenta del Concejo Deliberante de la localidad de Toulhin, zona rica en turbales y que, por ende, cuenta con un gran n\u00famero de m\u00e1quinas de la firma Tenaglia.\u00a0<br>El intendente S\u00e1nchez agradeci\u00f3 la deferencia de cada anfitri\u00f3n por el trato recibido y por su parte reconoci\u00f3 el orgullo de poder contar con una empresa enteramente tresarroyense como es Tenaglia.\u00a0<\/p>\n\n\n\n<p>Fuente: https:\/\/www.lavozdelpueblo.com.ar\/web\/noticia\/116793-S%C3%A1nchez-observ%C3%B3-en-Tierra-del-Fuego-la-experiencia-sobre-fertilizantes-ecol%C3%B3gicos%0A<\/p>\n","protected":false},"excerpt":{"rendered":"","protected":false},"author":6,"featured_media":75156,"comment_status":"open","ping_status":"open","sticky":false,"template":"","format":"standard","meta":{"site-sidebar-layout":"default","site-content-layout":"","ast-site-content-layout":"default","site-content-style":"default","site-sidebar-style":"default","ast-global-header-display":"","ast-banner-title-visibility":"","ast-main-header-display":"","ast-hfb-above-header-display":"","ast-hfb-below-header-display":"","ast-hfb-mobile-header-display":"","site-post-title":"","ast-breadcrumbs-content":"","ast-featured-img":"","footer-sml-layout":"","ast-disable-related-posts":"","theme-transparent-header-meta":"","adv-header-id-meta":"","stick-header-meta":"","header-above-stick-meta":"","header-main-stick-meta":"","header-below-stick-meta":"","astra-migrate-meta-layouts":"default","ast-page-background-enabled":"default","ast-page-background-meta":{"desktop":{"background-color":"var(--ast-global-color-5)","background-image":"","background-repeat":"repeat","background-position":"center center","background-size":"auto","background-attachment":"scroll","background-type":"","background-media":"","overlay-type":"","overlay-color":"","overlay-opacity":"","overlay-gradient":""},"tablet":{"background-color":"","background-image":"","background-repeat":"repeat","background-position":"center center","background-size":"auto","background-attachment":"scroll","background-type":"","background-media":"","overlay-type":"","overlay-color":"","overlay-opacity":"","overlay-gradient":""},"mobile":{"background-color":"","background-image":"","background-repeat":"repeat","background-position":"center center","background-size":"auto","background-attachment":"scroll","background-type":"","background-media":"","overlay-type":"","overlay-color":"","overlay-opacity":"","overlay-gradient":""}},"ast-content-background-meta":{"desktop":{"background-color":"var(--ast-global-color-4)","background-image":"","background-repeat":"repeat","background-position":"center center","background-size":"auto","background-attachment":"scroll","background-type":"","background-media":"","overlay-type":"","overlay-color":"","overlay-opacity":"","overlay-gradient":""},"tablet":{"background-color":"var(--ast-global-color-4)","background-image":"","background-repeat":"repeat","background-position":"center center","background-size":"auto","background-attachment":"scroll","background-type":"","background-media":"","overlay-type":"","overlay-color":"","overlay-opacity":"","overlay-gradient":""},"mobile":{"background-color":"var(--ast-global-color-4)","background-image":"","background-repeat":"repeat","background-position":"center center","background-size":"auto","background-attachment":"scroll","background-type":"","background-media":"","overlay-type":"","overlay-color":"","overlay-opacity":"","overlay-gradient":""}},"footnotes":""},"categories":[1],"tags":[],"class_list":["post-75155","post","type-post","status-publish","format-standard","has-post-thumbnail","hentry","category-noticias"],"yoast_head":"<!-- This site is optimized with the Yoast SEO Premium plugin v23.0 (Yoast SEO v27.5) - https:\/\/yoast.com\/product\/yoast-seo-premium-wordpress\/ -->\n<title>S\u00e1nchez observ\u00f3 en Tierra del Fuego la experiencia sobre fertilizantes ecol\u00f3gicos<\/title>\n<meta name=\"robots\" content=\"index, follow, max-snippet:-1, max-image-preview:large, max-video-preview:-1\" \/>\n<link rel=\"canonical\" href=\"https:\/\/patagoniambiental.com.ar\/info\/sanchez-observo-en-tierra-del-fuego-la-experiencia-sobre-fertilizantes-ecologicos\/\" \/>\n<meta property=\"og:locale\" content=\"es_ES\" \/>\n<meta property=\"og:type\" content=\"article\" \/>\n<meta property=\"og:title\" content=\"S\u00e1nchez observ\u00f3 en Tierra del Fuego la experiencia sobre fertilizantes ecol\u00f3gicos\" \/>\n<meta property=\"og:url\" content=\"https:\/\/patagoniambiental.com.ar\/info\/sanchez-observo-en-tierra-del-fuego-la-experiencia-sobre-fertilizantes-ecologicos\/\" \/>\n<meta property=\"og:site_name\" content=\"Patagonia Ambiental\" \/>\n<meta property=\"article:publisher\" content=\"https:\/\/www.facebook.com\/patagonia.ambiental\" \/>\n<meta property=\"article:published_time\" content=\"2022-02-04T16:45:56+00:00\" \/>\n<meta property=\"article:modified_time\" content=\"2022-02-04T16:45:57+00:00\" \/>\n<meta property=\"og:image\" content=\"https:\/\/patagoniambiental.com.ar\/info\/wp-content\/uploads\/2022\/02\/lvp.4833b5a7-9b0d-4b95-b753-18ab2c9d1a0f.jpg\" \/>\n\t<meta property=\"og:image:width\" content=\"1200\" \/>\n\t<meta property=\"og:image:height\" content=\"1600\" \/>\n\t<meta property=\"og:image:type\" content=\"image\/jpeg\" \/>\n<meta name=\"author\" content=\"BRAIAN ESTEVEZ\" \/>\n<meta name=\"twitter:card\" content=\"summary_large_image\" \/>\n<meta name=\"twitter:creator\" content=\"@PatAmb\" \/>\n<meta name=\"twitter:site\" content=\"@PatAmb\" \/>\n<script type=\"application\/ld+json\" class=\"yoast-schema-graph\">{\"@context\":\"https:\\\/\\\/schema.org\",\"@graph\":[{\"@type\":\"Article\",\"@id\":\"https:\\\/\\\/patagoniambiental.com.ar\\\/info\\\/sanchez-observo-en-tierra-del-fuego-la-experiencia-sobre-fertilizantes-ecologicos\\\/#article\",\"isPartOf\":{\"@id\":\"https:\\\/\\\/patagoniambiental.com.ar\\\/info\\\/sanchez-observo-en-tierra-del-fuego-la-experiencia-sobre-fertilizantes-ecologicos\\\/\"},\"author\":{\"name\":\"BRAIAN ESTEVEZ\",\"@id\":\"https:\\\/\\\/patagoniambiental.com.ar\\\/info\\\/#\\\/schema\\\/person\\\/e5af09d700b2e82cb10c6b8800e0c691\"},\"headline\":\"S\u00e1nchez observ\u00f3 en Tierra del Fuego la experiencia sobre fertilizantes ecol\u00f3gicos\",\"datePublished\":\"2022-02-04T16:45:56+00:00\",\"dateModified\":\"2022-02-04T16:45:57+00:00\",\"mainEntityOfPage\":{\"@id\":\"https:\\\/\\\/patagoniambiental.com.ar\\\/info\\\/sanchez-observo-en-tierra-del-fuego-la-experiencia-sobre-fertilizantes-ecologicos\\\/\"},\"wordCount\":394,\"commentCount\":0,\"publisher\":{\"@id\":\"https:\\\/\\\/patagoniambiental.com.ar\\\/info\\\/#organization\"},\"image\":{\"@id\":\"https:\\\/\\\/patagoniambiental.com.ar\\\/info\\\/sanchez-observo-en-tierra-del-fuego-la-experiencia-sobre-fertilizantes-ecologicos\\\/#primaryimage\"},\"thumbnailUrl\":\"https:\\\/\\\/patagoniambiental.com.ar\\\/info\\\/wp-content\\\/uploads\\\/2022\\\/02\\\/lvp.4833b5a7-9b0d-4b95-b753-18ab2c9d1a0f.jpg\",\"articleSection\":[\"Noticias\"],\"inLanguage\":\"es\",\"potentialAction\":[{\"@type\":\"CommentAction\",\"name\":\"Comment\",\"target\":[\"https:\\\/\\\/patagoniambiental.com.ar\\\/info\\\/sanchez-observo-en-tierra-del-fuego-la-experiencia-sobre-fertilizantes-ecologicos\\\/#respond\"]}]},{\"@type\":\"WebPage\",\"@id\":\"https:\\\/\\\/patagoniambiental.com.ar\\\/info\\\/sanchez-observo-en-tierra-del-fuego-la-experiencia-sobre-fertilizantes-ecologicos\\\/\",\"url\":\"https:\\\/\\\/patagoniambiental.com.ar\\\/info\\\/sanchez-observo-en-tierra-del-fuego-la-experiencia-sobre-fertilizantes-ecologicos\\\/\",\"name\":\"S\u00e1nchez observ\u00f3 en Tierra del Fuego la experiencia sobre fertilizantes ecol\u00f3gicos\",\"isPartOf\":{\"@id\":\"https:\\\/\\\/patagoniambiental.com.ar\\\/info\\\/#website\"},\"primaryImageOfPage\":{\"@id\":\"https:\\\/\\\/patagoniambiental.com.ar\\\/info\\\/sanchez-observo-en-tierra-del-fuego-la-experiencia-sobre-fertilizantes-ecologicos\\\/#primaryimage\"},\"image\":{\"@id\":\"https:\\\/\\\/patagoniambiental.com.ar\\\/info\\\/sanchez-observo-en-tierra-del-fuego-la-experiencia-sobre-fertilizantes-ecologicos\\\/#primaryimage\"},\"thumbnailUrl\":\"https:\\\/\\\/patagoniambiental.com.ar\\\/info\\\/wp-content\\\/uploads\\\/2022\\\/02\\\/lvp.4833b5a7-9b0d-4b95-b753-18ab2c9d1a0f.jpg\",\"datePublished\":\"2022-02-04T16:45:56+00:00\",\"dateModified\":\"2022-02-04T16:45:57+00:00\",\"breadcrumb\":{\"@id\":\"https:\\\/\\\/patagoniambiental.com.ar\\\/info\\\/sanchez-observo-en-tierra-del-fuego-la-experiencia-sobre-fertilizantes-ecologicos\\\/#breadcrumb\"},\"inLanguage\":\"es\",\"potentialAction\":[{\"@type\":\"ReadAction\",\"target\":[\"https:\\\/\\\/patagoniambiental.com.ar\\\/info\\\/sanchez-observo-en-tierra-del-fuego-la-experiencia-sobre-fertilizantes-ecologicos\\\/\"]}]},{\"@type\":\"ImageObject\",\"inLanguage\":\"es\",\"@id\":\"https:\\\/\\\/patagoniambiental.com.ar\\\/info\\\/sanchez-observo-en-tierra-del-fuego-la-experiencia-sobre-fertilizantes-ecologicos\\\/#primaryimage\",\"url\":\"https:\\\/\\\/patagoniambiental.com.ar\\\/info\\\/wp-content\\\/uploads\\\/2022\\\/02\\\/lvp.4833b5a7-9b0d-4b95-b753-18ab2c9d1a0f.jpg\",\"contentUrl\":\"https:\\\/\\\/patagoniambiental.com.ar\\\/info\\\/wp-content\\\/uploads\\\/2022\\\/02\\\/lvp.4833b5a7-9b0d-4b95-b753-18ab2c9d1a0f.jpg\",\"width\":450,\"height\":600},{\"@type\":\"BreadcrumbList\",\"@id\":\"https:\\\/\\\/patagoniambiental.com.ar\\\/info\\\/sanchez-observo-en-tierra-del-fuego-la-experiencia-sobre-fertilizantes-ecologicos\\\/#breadcrumb\",\"itemListElement\":[{\"@type\":\"ListItem\",\"position\":1,\"name\":\"Inicio\",\"item\":\"https:\\\/\\\/patagoniambiental.com.ar\\\/info\\\/\"},{\"@type\":\"ListItem\",\"position\":2,\"name\":\"S\u00e1nchez observ\u00f3 en Tierra del Fuego la experiencia sobre fertilizantes ecol\u00f3gicos\"}]},{\"@type\":\"WebSite\",\"@id\":\"https:\\\/\\\/patagoniambiental.com.ar\\\/info\\\/#website\",\"url\":\"https:\\\/\\\/patagoniambiental.com.ar\\\/info\\\/\",\"name\":\"Patagonia Ambiental\",\"description\":\"Monitoreo y an\u00e1lisis de la situaci\u00f3n geopol\u00edtica en el mundo y su implicancia en la Patagonia\",\"publisher\":{\"@id\":\"https:\\\/\\\/patagoniambiental.com.ar\\\/info\\\/#organization\"},\"potentialAction\":[{\"@type\":\"SearchAction\",\"target\":{\"@type\":\"EntryPoint\",\"urlTemplate\":\"https:\\\/\\\/patagoniambiental.com.ar\\\/info\\\/?s={search_term_string}\"},\"query-input\":{\"@type\":\"PropertyValueSpecification\",\"valueRequired\":true,\"valueName\":\"search_term_string\"}}],\"inLanguage\":\"es\"},{\"@type\":\"Organization\",\"@id\":\"https:\\\/\\\/patagoniambiental.com.ar\\\/info\\\/#organization\",\"name\":\"Patagonia Ambiental\",\"url\":\"https:\\\/\\\/patagoniambiental.com.ar\\\/info\\\/\",\"logo\":{\"@type\":\"ImageObject\",\"inLanguage\":\"es\",\"@id\":\"https:\\\/\\\/patagoniambiental.com.ar\\\/info\\\/#\\\/schema\\\/logo\\\/image\\\/\",\"url\":\"https:\\\/\\\/patagoniambiental.com.ar\\\/info\\\/wp-content\\\/uploads\\\/2025\\\/05\\\/LOGO-PATAGONIA-AMBIENTAL.png\",\"contentUrl\":\"https:\\\/\\\/patagoniambiental.com.ar\\\/info\\\/wp-content\\\/uploads\\\/2025\\\/05\\\/LOGO-PATAGONIA-AMBIENTAL.png\",\"width\":433,\"height\":250,\"caption\":\"Patagonia Ambiental\"},\"image\":{\"@id\":\"https:\\\/\\\/patagoniambiental.com.ar\\\/info\\\/#\\\/schema\\\/logo\\\/image\\\/\"},\"sameAs\":[\"https:\\\/\\\/www.facebook.com\\\/patagonia.ambiental\",\"https:\\\/\\\/x.com\\\/PatAmb\"]},{\"@type\":\"Person\",\"@id\":\"https:\\\/\\\/patagoniambiental.com.ar\\\/info\\\/#\\\/schema\\\/person\\\/e5af09d700b2e82cb10c6b8800e0c691\",\"name\":\"BRAIAN ESTEVEZ\",\"sameAs\":[\"http:\\\/\\\/www.patagoniambiental.com.ar\"]}]}<\/script>\n<!-- \/ Yoast SEO Premium plugin. -->","yoast_head_json":{"title":"S\u00e1nchez observ\u00f3 en Tierra del Fuego la experiencia sobre fertilizantes ecol\u00f3gicos","robots":{"index":"index","follow":"follow","max-snippet":"max-snippet:-1","max-image-preview":"max-image-preview:large","max-video-preview":"max-video-preview:-1"},"canonical":"https:\/\/patagoniambiental.com.ar\/info\/sanchez-observo-en-tierra-del-fuego-la-experiencia-sobre-fertilizantes-ecologicos\/","og_locale":"es_ES","og_type":"article","og_title":"S\u00e1nchez observ\u00f3 en Tierra del Fuego la experiencia sobre fertilizantes ecol\u00f3gicos","og_url":"https:\/\/patagoniambiental.com.ar\/info\/sanchez-observo-en-tierra-del-fuego-la-experiencia-sobre-fertilizantes-ecologicos\/","og_site_name":"Patagonia Ambiental","article_publisher":"https:\/\/www.facebook.com\/patagonia.ambiental","article_published_time":"2022-02-04T16:45:56+00:00","article_modified_time":"2022-02-04T16:45:57+00:00","og_image":[{"width":1200,"height":1600,"url":"https:\/\/patagoniambiental.com.ar\/info\/wp-content\/uploads\/2022\/02\/lvp.4833b5a7-9b0d-4b95-b753-18ab2c9d1a0f.jpg","type":"image\/jpeg"}],"author":"BRAIAN ESTEVEZ","twitter_card":"summary_large_image","twitter_creator":"@PatAmb","twitter_site":"@PatAmb","schema":{"@context":"https:\/\/schema.org","@graph":[{"@type":"Article","@id":"https:\/\/patagoniambiental.com.ar\/info\/sanchez-observo-en-tierra-del-fuego-la-experiencia-sobre-fertilizantes-ecologicos\/#article","isPartOf":{"@id":"https:\/\/patagoniambiental.com.ar\/info\/sanchez-observo-en-tierra-del-fuego-la-experiencia-sobre-fertilizantes-ecologicos\/"},"author":{"name":"BRAIAN ESTEVEZ","@id":"https:\/\/patagoniambiental.com.ar\/info\/#\/schema\/person\/e5af09d700b2e82cb10c6b8800e0c691"},"headline":"S\u00e1nchez observ\u00f3 en Tierra del Fuego la experiencia sobre fertilizantes ecol\u00f3gicos","datePublished":"2022-02-04T16:45:56+00:00","dateModified":"2022-02-04T16:45:57+00:00","mainEntityOfPage":{"@id":"https:\/\/patagoniambiental.com.ar\/info\/sanchez-observo-en-tierra-del-fuego-la-experiencia-sobre-fertilizantes-ecologicos\/"},"wordCount":394,"commentCount":0,"publisher":{"@id":"https:\/\/patagoniambiental.com.ar\/info\/#organization"},"image":{"@id":"https:\/\/patagoniambiental.com.ar\/info\/sanchez-observo-en-tierra-del-fuego-la-experiencia-sobre-fertilizantes-ecologicos\/#primaryimage"},"thumbnailUrl":"https:\/\/patagoniambiental.com.ar\/info\/wp-content\/uploads\/2022\/02\/lvp.4833b5a7-9b0d-4b95-b753-18ab2c9d1a0f.jpg","articleSection":["Noticias"],"inLanguage":"es","potentialAction":[{"@type":"CommentAction","name":"Comment","target":["https:\/\/patagoniambiental.com.ar\/info\/sanchez-observo-en-tierra-del-fuego-la-experiencia-sobre-fertilizantes-ecologicos\/#respond"]}]},{"@type":"WebPage","@id":"https:\/\/patagoniambiental.com.ar\/info\/sanchez-observo-en-tierra-del-fuego-la-experiencia-sobre-fertilizantes-ecologicos\/","url":"https:\/\/patagoniambiental.com.ar\/info\/sanchez-observo-en-tierra-del-fuego-la-experiencia-sobre-fertilizantes-ecologicos\/","name":"S\u00e1nchez observ\u00f3 en Tierra del Fuego la experiencia sobre fertilizantes ecol\u00f3gicos","isPartOf":{"@id":"https:\/\/patagoniambiental.com.ar\/info\/#website"},"primaryImageOfPage":{"@id":"https:\/\/patagoniambiental.com.ar\/info\/sanchez-observo-en-tierra-del-fuego-la-experiencia-sobre-fertilizantes-ecologicos\/#primaryimage"},"image":{"@id":"https:\/\/patagoniambiental.com.ar\/info\/sanchez-observo-en-tierra-del-fuego-la-experiencia-sobre-fertilizantes-ecologicos\/#primaryimage"},"thumbnailUrl":"https:\/\/patagoniambiental.com.ar\/info\/wp-content\/uploads\/2022\/02\/lvp.4833b5a7-9b0d-4b95-b753-18ab2c9d1a0f.jpg","datePublished":"2022-02-04T16:45:56+00:00","dateModified":"2022-02-04T16:45:57+00:00","breadcrumb":{"@id":"https:\/\/patagoniambiental.com.ar\/info\/sanchez-observo-en-tierra-del-fuego-la-experiencia-sobre-fertilizantes-ecologicos\/#breadcrumb"},"inLanguage":"es","potentialAction":[{"@type":"ReadAction","target":["https:\/\/patagoniambiental.com.ar\/info\/sanchez-observo-en-tierra-del-fuego-la-experiencia-sobre-fertilizantes-ecologicos\/"]}]},{"@type":"ImageObject","inLanguage":"es","@id":"https:\/\/patagoniambiental.com.ar\/info\/sanchez-observo-en-tierra-del-fuego-la-experiencia-sobre-fertilizantes-ecologicos\/#primaryimage","url":"https:\/\/patagoniambiental.com.ar\/info\/wp-content\/uploads\/2022\/02\/lvp.4833b5a7-9b0d-4b95-b753-18ab2c9d1a0f.jpg","contentUrl":"https:\/\/patagoniambiental.com.ar\/info\/wp-content\/uploads\/2022\/02\/lvp.4833b5a7-9b0d-4b95-b753-18ab2c9d1a0f.jpg","width":450,"height":600},{"@type":"BreadcrumbList","@id":"https:\/\/patagoniambiental.com.ar\/info\/sanchez-observo-en-tierra-del-fuego-la-experiencia-sobre-fertilizantes-ecologicos\/#breadcrumb","itemListElement":[{"@type":"ListItem","position":1,"name":"Inicio","item":"https:\/\/patagoniambiental.com.ar\/info\/"},{"@type":"ListItem","position":2,"name":"S\u00e1nchez observ\u00f3 en Tierra del Fuego la experiencia sobre fertilizantes ecol\u00f3gicos"}]},{"@type":"WebSite","@id":"https:\/\/patagoniambiental.com.ar\/info\/#website","url":"https:\/\/patagoniambiental.com.ar\/info\/","name":"Patagonia Ambiental","description":"Monitoreo y an\u00e1lisis de la situaci\u00f3n geopol\u00edtica en el mundo y su implicancia en la Patagonia","publisher":{"@id":"https:\/\/patagoniambiental.com.ar\/info\/#organization"},"potentialAction":[{"@type":"SearchAction","target":{"@type":"EntryPoint","urlTemplate":"https:\/\/patagoniambiental.com.ar\/info\/?s={search_term_string}"},"query-input":{"@type":"PropertyValueSpecification","valueRequired":true,"valueName":"search_term_string"}}],"inLanguage":"es"},{"@type":"Organization","@id":"https:\/\/patagoniambiental.com.ar\/info\/#organization","name":"Patagonia Ambiental","url":"https:\/\/patagoniambiental.com.ar\/info\/","logo":{"@type":"ImageObject","inLanguage":"es","@id":"https:\/\/patagoniambiental.com.ar\/info\/#\/schema\/logo\/image\/","url":"https:\/\/patagoniambiental.com.ar\/info\/wp-content\/uploads\/2025\/05\/LOGO-PATAGONIA-AMBIENTAL.png","contentUrl":"https:\/\/patagoniambiental.com.ar\/info\/wp-content\/uploads\/2025\/05\/LOGO-PATAGONIA-AMBIENTAL.png","width":433,"height":250,"caption":"Patagonia Ambiental"},"image":{"@id":"https:\/\/patagoniambiental.com.ar\/info\/#\/schema\/logo\/image\/"},"sameAs":["https:\/\/www.facebook.com\/patagonia.ambiental","https:\/\/x.com\/PatAmb"]},{"@type":"Person","@id":"https:\/\/patagoniambiental.com.ar\/info\/#\/schema\/person\/e5af09d700b2e82cb10c6b8800e0c691","name":"BRAIAN ESTEVEZ","sameAs":["http:\/\/www.patagoniambiental.com.ar"]}]}},"_links":{"self":[{"href":"https:\/\/patagoniambiental.com.ar\/info\/wp-json\/wp\/v2\/posts\/75155","targetHints":{"allow":["GET"]}}],"collection":[{"href":"https:\/\/patagoniambiental.com.ar\/info\/wp-json\/wp\/v2\/posts"}],"about":[{"href":"https:\/\/patagoniambiental.com.ar\/info\/wp-json\/wp\/v2\/types\/post"}],"author":[{"embeddable":true,"href":"https:\/\/patagoniambiental.com.ar\/info\/wp-json\/wp\/v2\/users\/6"}],"replies":[{"embeddable":true,"href":"https:\/\/patagoniambiental.com.ar\/info\/wp-json\/wp\/v2\/comments?post=75155"}],"version-history":[{"count":0,"href":"https:\/\/patagoniambiental.com.ar\/info\/wp-json\/wp\/v2\/posts\/75155\/revisions"}],"wp:featuredmedia":[{"embeddable":true,"href":"https:\/\/patagoniambiental.com.ar\/info\/wp-json\/wp\/v2\/media\/75156"}],"wp:attachment":[{"href":"https:\/\/patagoniambiental.com.ar\/info\/wp-json\/wp\/v2\/media?parent=75155"}],"wp:term":[{"taxonomy":"category","embeddable":true,"href":"https:\/\/patagoniambiental.com.ar\/info\/wp-json\/wp\/v2\/categories?post=75155"},{"taxonomy":"post_tag","embeddable":true,"href":"https:\/\/patagoniambiental.com.ar\/info\/wp-json\/wp\/v2\/tags?post=75155"}],"curies":[{"name":"wp","href":"https:\/\/api.w.org\/{rel}","templated":true}]}}