{"id":75161,"date":"2022-02-07T07:00:00","date_gmt":"2022-02-07T10:00:00","guid":{"rendered":"http:\/\/patagoniambiental.com.ar\/info\/?p=75161"},"modified":"2022-02-08T12:34:51","modified_gmt":"2022-02-08T15:34:51","slug":"estan-destruyendo-el-patrimonio-historico-y-ambiental-de-plottier","status":"publish","type":"post","link":"https:\/\/patagoniambiental.com.ar\/info\/estan-destruyendo-el-patrimonio-historico-y-ambiental-de-plottier\/","title":{"rendered":"\u201cEst\u00e1n destruyendo el patrimonio hist\u00f3rico y ambiental de Plottier\u201d"},"content":{"rendered":"\n<!--more-->\n\n\n\n<p>Plottier.-Los trabajadores de Piscicultura de Plottier advierten que, desde la Secretar\u00eda de desarrollo territorial y ambiente provincial y la Municipalidad de Plottier quieren expropiar parte del terreno que fue donado por el Dr. Plottier al Estado Nacional para abrir una calle de acceso al barrio.<\/p>\n\n\n\n<figure class=\"wp-block-image\"><img decoding=\"async\" src=\"https:\/\/nqn3.com\/galeria\/fotos\/2022\/02\/07\/e_1644272874.jpeg\" alt=\"\" title=\"\"\/><\/figure>\n\n\n\n<p><a href=\"https:\/\/www.limaynoticias.com.ar\/extras\/notas\/enviar.php?id=53848\">Enviar<\/a><a>Imprimir<\/a><\/p>\n\n\n\n<p>\u201cNo tuvimos la oportunidad de expresarnos a diferentes autoridades ya sean municipales o provinciales, a trav\u00e9s de mesas de trabajo interinstitucionales e interdisciplinarias involucradas en un proceso participativo\u201d advirti\u00f3 \u00c1lvaro Villegas, Ingeniero Agr\u00f3nomo Director de Educaci\u00f3n Ambiental de Piscicultura de Plottier respecto a la toma de decisiones sobre la obra de la apertura de calle dentro de las instalaciones de Piscicultura.<br><br>Como es de p\u00fablico conocimiento, el a\u00f1o pasado la Justicia orden\u00f3 que se cerrara la calle Don Bosco -la cual se usaba para ingresar al barrio Piscicultura- debido a que es propiedad privada.<br><br>Si se lleva adelante la obra ser\u00e1 un da\u00f1o irreparable para la historia, la cultura y la identidad de la ciudad, adem\u00e1s del gran impacto ambiental ya que se destruir\u00eda el humedal que se encuentra en un antiguo brazo del R\u00edo Limay, lo cual es una laguna natural.<br><br>\u201cAl modificar las din\u00e1micas del humedal lo que se hace en definitiva es modificar el humedal, por ende a las especies que viven ah\u00ed porque se les cambiar\u00e1 el ecosistema\u201d dijo Marcelo Valdivia, t\u00e9cnico de la Piscicultura.<br><br>C\u00f3mo alternativa, proponemos que se mejore el ingreso a los barrios La Herradura y N\u00e1utico, y\/o se genere un acceso por la calle Constituyentes paralelo al Centro Empleados de Comercio.<br><br>Este accionar es una falta de respeto al Dr. Plottier y a la primera estaci\u00f3n de bombeo que tuvo Neuqu\u00e9n en 1908, en la cual desde 1941, hace 80 a\u00f1os, funciona la Piscicultura. Creemos que esto es una lucha de poder y egos pol\u00edticos sin inter\u00e9s de buscar una soluci\u00f3n definitiva de acceso al barrio.<\/p>\n\n\n\n<p>Fuente: https:\/\/www.limaynoticias.com.ar\/actualidad\/estan-destruyendo-el-patrimonio-historico-y-ambiental-de-plottier.htm<\/p>\n","protected":false},"excerpt":{"rendered":"","protected":false},"author":6,"featured_media":75162,"comment_status":"open","ping_status":"open","sticky":false,"template":"","format":"standard","meta":{"site-sidebar-layout":"default","site-content-layout":"","ast-site-content-layout":"default","site-content-style":"default","site-sidebar-style":"default","ast-global-header-display":"","ast-banner-title-visibility":"","ast-main-header-display":"","ast-hfb-above-header-display":"","ast-hfb-below-header-display":"","ast-hfb-mobile-header-display":"","site-post-title":"","ast-breadcrumbs-content":"","ast-featured-img":"","footer-sml-layout":"","ast-disable-related-posts":"","theme-transparent-header-meta":"","adv-header-id-meta":"","stick-header-meta":"","header-above-stick-meta":"","header-main-stick-meta":"","header-below-stick-meta":"","astra-migrate-meta-layouts":"default","ast-page-background-enabled":"default","ast-page-background-meta":{"desktop":{"background-color":"var(--ast-global-color-5)","background-image":"","background-repeat":"repeat","background-position":"center center","background-size":"auto","background-attachment":"scroll","background-type":"","background-media":"","overlay-type":"","overlay-color":"","overlay-opacity":"","overlay-gradient":""},"tablet":{"background-color":"","background-image":"","background-repeat":"repeat","background-position":"center center","background-size":"auto","background-attachment":"scroll","background-type":"","background-media":"","overlay-type":"","overlay-color":"","overlay-opacity":"","overlay-gradient":""},"mobile":{"background-color":"","background-image":"","background-repeat":"repeat","background-position":"center center","background-size":"auto","background-attachment":"scroll","background-type":"","background-media":"","overlay-type":"","overlay-color":"","overlay-opacity":"","overlay-gradient":""}},"ast-content-background-meta":{"desktop":{"background-color":"var(--ast-global-color-4)","background-image":"","background-repeat":"repeat","background-position":"center center","background-size":"auto","background-attachment":"scroll","background-type":"","background-media":"","overlay-type":"","overlay-color":"","overlay-opacity":"","overlay-gradient":""},"tablet":{"background-color":"var(--ast-global-color-4)","background-image":"","background-repeat":"repeat","background-position":"center center","background-size":"auto","background-attachment":"scroll","background-type":"","background-media":"","overlay-type":"","overlay-color":"","overlay-opacity":"","overlay-gradient":""},"mobile":{"background-color":"var(--ast-global-color-4)","background-image":"","background-repeat":"repeat","background-position":"center center","background-size":"auto","background-attachment":"scroll","background-type":"","background-media":"","overlay-type":"","overlay-color":"","overlay-opacity":"","overlay-gradient":""}},"footnotes":""},"categories":[1],"tags":[],"class_list":["post-75161","post","type-post","status-publish","format-standard","has-post-thumbnail","hentry","category-noticias"],"yoast_head":"<!-- This site is optimized with the Yoast SEO Premium plugin v23.0 (Yoast SEO v27.5) - https:\/\/yoast.com\/product\/yoast-seo-premium-wordpress\/ -->\n<title>\u201cEst\u00e1n destruyendo el patrimonio hist\u00f3rico y ambiental de Plottier\u201d<\/title>\n<meta name=\"robots\" content=\"index, follow, max-snippet:-1, max-image-preview:large, max-video-preview:-1\" \/>\n<link rel=\"canonical\" href=\"https:\/\/patagoniambiental.com.ar\/info\/estan-destruyendo-el-patrimonio-historico-y-ambiental-de-plottier\/\" \/>\n<meta property=\"og:locale\" content=\"es_ES\" \/>\n<meta property=\"og:type\" content=\"article\" \/>\n<meta property=\"og:title\" content=\"\u201cEst\u00e1n destruyendo el patrimonio hist\u00f3rico y ambiental de Plottier\u201d\" \/>\n<meta property=\"og:url\" content=\"https:\/\/patagoniambiental.com.ar\/info\/estan-destruyendo-el-patrimonio-historico-y-ambiental-de-plottier\/\" \/>\n<meta property=\"og:site_name\" content=\"Patagonia Ambiental\" \/>\n<meta property=\"article:publisher\" content=\"https:\/\/www.facebook.com\/patagonia.ambiental\" \/>\n<meta property=\"article:published_time\" content=\"2022-02-07T10:00:00+00:00\" \/>\n<meta property=\"article:modified_time\" content=\"2022-02-08T15:34:51+00:00\" \/>\n<meta property=\"og:image\" content=\"https:\/\/patagoniambiental.com.ar\/info\/wp-content\/uploads\/2022\/02\/e_1644272874.jpeg\" \/>\n\t<meta property=\"og:image:width\" content=\"900\" \/>\n\t<meta property=\"og:image:height\" content=\"675\" \/>\n\t<meta property=\"og:image:type\" content=\"image\/jpeg\" \/>\n<meta name=\"author\" content=\"BRAIAN ESTEVEZ\" \/>\n<meta name=\"twitter:card\" content=\"summary_large_image\" \/>\n<meta name=\"twitter:creator\" content=\"@PatAmb\" \/>\n<meta name=\"twitter:site\" content=\"@PatAmb\" \/>\n<script type=\"application\/ld+json\" class=\"yoast-schema-graph\">{\"@context\":\"https:\\\/\\\/schema.org\",\"@graph\":[{\"@type\":\"Article\",\"@id\":\"https:\\\/\\\/patagoniambiental.com.ar\\\/info\\\/estan-destruyendo-el-patrimonio-historico-y-ambiental-de-plottier\\\/#article\",\"isPartOf\":{\"@id\":\"https:\\\/\\\/patagoniambiental.com.ar\\\/info\\\/estan-destruyendo-el-patrimonio-historico-y-ambiental-de-plottier\\\/\"},\"author\":{\"name\":\"BRAIAN ESTEVEZ\",\"@id\":\"https:\\\/\\\/patagoniambiental.com.ar\\\/info\\\/#\\\/schema\\\/person\\\/e5af09d700b2e82cb10c6b8800e0c691\"},\"headline\":\"\u201cEst\u00e1n destruyendo el patrimonio hist\u00f3rico y ambiental de Plottier\u201d\",\"datePublished\":\"2022-02-07T10:00:00+00:00\",\"dateModified\":\"2022-02-08T15:34:51+00:00\",\"mainEntityOfPage\":{\"@id\":\"https:\\\/\\\/patagoniambiental.com.ar\\\/info\\\/estan-destruyendo-el-patrimonio-historico-y-ambiental-de-plottier\\\/\"},\"wordCount\":350,\"commentCount\":0,\"publisher\":{\"@id\":\"https:\\\/\\\/patagoniambiental.com.ar\\\/info\\\/#organization\"},\"image\":{\"@id\":\"https:\\\/\\\/patagoniambiental.com.ar\\\/info\\\/estan-destruyendo-el-patrimonio-historico-y-ambiental-de-plottier\\\/#primaryimage\"},\"thumbnailUrl\":\"https:\\\/\\\/patagoniambiental.com.ar\\\/info\\\/wp-content\\\/uploads\\\/2022\\\/02\\\/e_1644272874.jpeg\",\"articleSection\":[\"Noticias\"],\"inLanguage\":\"es\",\"potentialAction\":[{\"@type\":\"CommentAction\",\"name\":\"Comment\",\"target\":[\"https:\\\/\\\/patagoniambiental.com.ar\\\/info\\\/estan-destruyendo-el-patrimonio-historico-y-ambiental-de-plottier\\\/#respond\"]}]},{\"@type\":\"WebPage\",\"@id\":\"https:\\\/\\\/patagoniambiental.com.ar\\\/info\\\/estan-destruyendo-el-patrimonio-historico-y-ambiental-de-plottier\\\/\",\"url\":\"https:\\\/\\\/patagoniambiental.com.ar\\\/info\\\/estan-destruyendo-el-patrimonio-historico-y-ambiental-de-plottier\\\/\",\"name\":\"\u201cEst\u00e1n destruyendo el patrimonio hist\u00f3rico y ambiental de Plottier\u201d\",\"isPartOf\":{\"@id\":\"https:\\\/\\\/patagoniambiental.com.ar\\\/info\\\/#website\"},\"primaryImageOfPage\":{\"@id\":\"https:\\\/\\\/patagoniambiental.com.ar\\\/info\\\/estan-destruyendo-el-patrimonio-historico-y-ambiental-de-plottier\\\/#primaryimage\"},\"image\":{\"@id\":\"https:\\\/\\\/patagoniambiental.com.ar\\\/info\\\/estan-destruyendo-el-patrimonio-historico-y-ambiental-de-plottier\\\/#primaryimage\"},\"thumbnailUrl\":\"https:\\\/\\\/patagoniambiental.com.ar\\\/info\\\/wp-content\\\/uploads\\\/2022\\\/02\\\/e_1644272874.jpeg\",\"datePublished\":\"2022-02-07T10:00:00+00:00\",\"dateModified\":\"2022-02-08T15:34:51+00:00\",\"breadcrumb\":{\"@id\":\"https:\\\/\\\/patagoniambiental.com.ar\\\/info\\\/estan-destruyendo-el-patrimonio-historico-y-ambiental-de-plottier\\\/#breadcrumb\"},\"inLanguage\":\"es\",\"potentialAction\":[{\"@type\":\"ReadAction\",\"target\":[\"https:\\\/\\\/patagoniambiental.com.ar\\\/info\\\/estan-destruyendo-el-patrimonio-historico-y-ambiental-de-plottier\\\/\"]}]},{\"@type\":\"ImageObject\",\"inLanguage\":\"es\",\"@id\":\"https:\\\/\\\/patagoniambiental.com.ar\\\/info\\\/estan-destruyendo-el-patrimonio-historico-y-ambiental-de-plottier\\\/#primaryimage\",\"url\":\"https:\\\/\\\/patagoniambiental.com.ar\\\/info\\\/wp-content\\\/uploads\\\/2022\\\/02\\\/e_1644272874.jpeg\",\"contentUrl\":\"https:\\\/\\\/patagoniambiental.com.ar\\\/info\\\/wp-content\\\/uploads\\\/2022\\\/02\\\/e_1644272874.jpeg\",\"width\":800,\"height\":600},{\"@type\":\"BreadcrumbList\",\"@id\":\"https:\\\/\\\/patagoniambiental.com.ar\\\/info\\\/estan-destruyendo-el-patrimonio-historico-y-ambiental-de-plottier\\\/#breadcrumb\",\"itemListElement\":[{\"@type\":\"ListItem\",\"position\":1,\"name\":\"Inicio\",\"item\":\"https:\\\/\\\/patagoniambiental.com.ar\\\/info\\\/\"},{\"@type\":\"ListItem\",\"position\":2,\"name\":\"\u201cEst\u00e1n destruyendo el patrimonio hist\u00f3rico y ambiental de Plottier\u201d\"}]},{\"@type\":\"WebSite\",\"@id\":\"https:\\\/\\\/patagoniambiental.com.ar\\\/info\\\/#website\",\"url\":\"https:\\\/\\\/patagoniambiental.com.ar\\\/info\\\/\",\"name\":\"Patagonia Ambiental\",\"description\":\"Monitoreo y an\u00e1lisis de la situaci\u00f3n geopol\u00edtica en el mundo y su implicancia en la Patagonia\",\"publisher\":{\"@id\":\"https:\\\/\\\/patagoniambiental.com.ar\\\/info\\\/#organization\"},\"potentialAction\":[{\"@type\":\"SearchAction\",\"target\":{\"@type\":\"EntryPoint\",\"urlTemplate\":\"https:\\\/\\\/patagoniambiental.com.ar\\\/info\\\/?s={search_term_string}\"},\"query-input\":{\"@type\":\"PropertyValueSpecification\",\"valueRequired\":true,\"valueName\":\"search_term_string\"}}],\"inLanguage\":\"es\"},{\"@type\":\"Organization\",\"@id\":\"https:\\\/\\\/patagoniambiental.com.ar\\\/info\\\/#organization\",\"name\":\"Patagonia Ambiental\",\"url\":\"https:\\\/\\\/patagoniambiental.com.ar\\\/info\\\/\",\"logo\":{\"@type\":\"ImageObject\",\"inLanguage\":\"es\",\"@id\":\"https:\\\/\\\/patagoniambiental.com.ar\\\/info\\\/#\\\/schema\\\/logo\\\/image\\\/\",\"url\":\"https:\\\/\\\/patagoniambiental.com.ar\\\/info\\\/wp-content\\\/uploads\\\/2025\\\/05\\\/LOGO-PATAGONIA-AMBIENTAL.png\",\"contentUrl\":\"https:\\\/\\\/patagoniambiental.com.ar\\\/info\\\/wp-content\\\/uploads\\\/2025\\\/05\\\/LOGO-PATAGONIA-AMBIENTAL.png\",\"width\":433,\"height\":250,\"caption\":\"Patagonia Ambiental\"},\"image\":{\"@id\":\"https:\\\/\\\/patagoniambiental.com.ar\\\/info\\\/#\\\/schema\\\/logo\\\/image\\\/\"},\"sameAs\":[\"https:\\\/\\\/www.facebook.com\\\/patagonia.ambiental\",\"https:\\\/\\\/x.com\\\/PatAmb\"]},{\"@type\":\"Person\",\"@id\":\"https:\\\/\\\/patagoniambiental.com.ar\\\/info\\\/#\\\/schema\\\/person\\\/e5af09d700b2e82cb10c6b8800e0c691\",\"name\":\"BRAIAN ESTEVEZ\",\"sameAs\":[\"http:\\\/\\\/www.patagoniambiental.com.ar\"]}]}<\/script>\n<!-- \/ Yoast SEO Premium plugin. -->","yoast_head_json":{"title":"\u201cEst\u00e1n destruyendo el patrimonio hist\u00f3rico y ambiental de Plottier\u201d","robots":{"index":"index","follow":"follow","max-snippet":"max-snippet:-1","max-image-preview":"max-image-preview:large","max-video-preview":"max-video-preview:-1"},"canonical":"https:\/\/patagoniambiental.com.ar\/info\/estan-destruyendo-el-patrimonio-historico-y-ambiental-de-plottier\/","og_locale":"es_ES","og_type":"article","og_title":"\u201cEst\u00e1n destruyendo el patrimonio hist\u00f3rico y ambiental de Plottier\u201d","og_url":"https:\/\/patagoniambiental.com.ar\/info\/estan-destruyendo-el-patrimonio-historico-y-ambiental-de-plottier\/","og_site_name":"Patagonia Ambiental","article_publisher":"https:\/\/www.facebook.com\/patagonia.ambiental","article_published_time":"2022-02-07T10:00:00+00:00","article_modified_time":"2022-02-08T15:34:51+00:00","og_image":[{"width":900,"height":675,"url":"https:\/\/patagoniambiental.com.ar\/info\/wp-content\/uploads\/2022\/02\/e_1644272874.jpeg","type":"image\/jpeg"}],"author":"BRAIAN ESTEVEZ","twitter_card":"summary_large_image","twitter_creator":"@PatAmb","twitter_site":"@PatAmb","schema":{"@context":"https:\/\/schema.org","@graph":[{"@type":"Article","@id":"https:\/\/patagoniambiental.com.ar\/info\/estan-destruyendo-el-patrimonio-historico-y-ambiental-de-plottier\/#article","isPartOf":{"@id":"https:\/\/patagoniambiental.com.ar\/info\/estan-destruyendo-el-patrimonio-historico-y-ambiental-de-plottier\/"},"author":{"name":"BRAIAN ESTEVEZ","@id":"https:\/\/patagoniambiental.com.ar\/info\/#\/schema\/person\/e5af09d700b2e82cb10c6b8800e0c691"},"headline":"\u201cEst\u00e1n destruyendo el patrimonio hist\u00f3rico y ambiental de Plottier\u201d","datePublished":"2022-02-07T10:00:00+00:00","dateModified":"2022-02-08T15:34:51+00:00","mainEntityOfPage":{"@id":"https:\/\/patagoniambiental.com.ar\/info\/estan-destruyendo-el-patrimonio-historico-y-ambiental-de-plottier\/"},"wordCount":350,"commentCount":0,"publisher":{"@id":"https:\/\/patagoniambiental.com.ar\/info\/#organization"},"image":{"@id":"https:\/\/patagoniambiental.com.ar\/info\/estan-destruyendo-el-patrimonio-historico-y-ambiental-de-plottier\/#primaryimage"},"thumbnailUrl":"https:\/\/patagoniambiental.com.ar\/info\/wp-content\/uploads\/2022\/02\/e_1644272874.jpeg","articleSection":["Noticias"],"inLanguage":"es","potentialAction":[{"@type":"CommentAction","name":"Comment","target":["https:\/\/patagoniambiental.com.ar\/info\/estan-destruyendo-el-patrimonio-historico-y-ambiental-de-plottier\/#respond"]}]},{"@type":"WebPage","@id":"https:\/\/patagoniambiental.com.ar\/info\/estan-destruyendo-el-patrimonio-historico-y-ambiental-de-plottier\/","url":"https:\/\/patagoniambiental.com.ar\/info\/estan-destruyendo-el-patrimonio-historico-y-ambiental-de-plottier\/","name":"\u201cEst\u00e1n destruyendo el patrimonio hist\u00f3rico y ambiental de Plottier\u201d","isPartOf":{"@id":"https:\/\/patagoniambiental.com.ar\/info\/#website"},"primaryImageOfPage":{"@id":"https:\/\/patagoniambiental.com.ar\/info\/estan-destruyendo-el-patrimonio-historico-y-ambiental-de-plottier\/#primaryimage"},"image":{"@id":"https:\/\/patagoniambiental.com.ar\/info\/estan-destruyendo-el-patrimonio-historico-y-ambiental-de-plottier\/#primaryimage"},"thumbnailUrl":"https:\/\/patagoniambiental.com.ar\/info\/wp-content\/uploads\/2022\/02\/e_1644272874.jpeg","datePublished":"2022-02-07T10:00:00+00:00","dateModified":"2022-02-08T15:34:51+00:00","breadcrumb":{"@id":"https:\/\/patagoniambiental.com.ar\/info\/estan-destruyendo-el-patrimonio-historico-y-ambiental-de-plottier\/#breadcrumb"},"inLanguage":"es","potentialAction":[{"@type":"ReadAction","target":["https:\/\/patagoniambiental.com.ar\/info\/estan-destruyendo-el-patrimonio-historico-y-ambiental-de-plottier\/"]}]},{"@type":"ImageObject","inLanguage":"es","@id":"https:\/\/patagoniambiental.com.ar\/info\/estan-destruyendo-el-patrimonio-historico-y-ambiental-de-plottier\/#primaryimage","url":"https:\/\/patagoniambiental.com.ar\/info\/wp-content\/uploads\/2022\/02\/e_1644272874.jpeg","contentUrl":"https:\/\/patagoniambiental.com.ar\/info\/wp-content\/uploads\/2022\/02\/e_1644272874.jpeg","width":800,"height":600},{"@type":"BreadcrumbList","@id":"https:\/\/patagoniambiental.com.ar\/info\/estan-destruyendo-el-patrimonio-historico-y-ambiental-de-plottier\/#breadcrumb","itemListElement":[{"@type":"ListItem","position":1,"name":"Inicio","item":"https:\/\/patagoniambiental.com.ar\/info\/"},{"@type":"ListItem","position":2,"name":"\u201cEst\u00e1n destruyendo el patrimonio hist\u00f3rico y ambiental de Plottier\u201d"}]},{"@type":"WebSite","@id":"https:\/\/patagoniambiental.com.ar\/info\/#website","url":"https:\/\/patagoniambiental.com.ar\/info\/","name":"Patagonia Ambiental","description":"Monitoreo y an\u00e1lisis de la situaci\u00f3n geopol\u00edtica en el mundo y su implicancia en la Patagonia","publisher":{"@id":"https:\/\/patagoniambiental.com.ar\/info\/#organization"},"potentialAction":[{"@type":"SearchAction","target":{"@type":"EntryPoint","urlTemplate":"https:\/\/patagoniambiental.com.ar\/info\/?s={search_term_string}"},"query-input":{"@type":"PropertyValueSpecification","valueRequired":true,"valueName":"search_term_string"}}],"inLanguage":"es"},{"@type":"Organization","@id":"https:\/\/patagoniambiental.com.ar\/info\/#organization","name":"Patagonia Ambiental","url":"https:\/\/patagoniambiental.com.ar\/info\/","logo":{"@type":"ImageObject","inLanguage":"es","@id":"https:\/\/patagoniambiental.com.ar\/info\/#\/schema\/logo\/image\/","url":"https:\/\/patagoniambiental.com.ar\/info\/wp-content\/uploads\/2025\/05\/LOGO-PATAGONIA-AMBIENTAL.png","contentUrl":"https:\/\/patagoniambiental.com.ar\/info\/wp-content\/uploads\/2025\/05\/LOGO-PATAGONIA-AMBIENTAL.png","width":433,"height":250,"caption":"Patagonia Ambiental"},"image":{"@id":"https:\/\/patagoniambiental.com.ar\/info\/#\/schema\/logo\/image\/"},"sameAs":["https:\/\/www.facebook.com\/patagonia.ambiental","https:\/\/x.com\/PatAmb"]},{"@type":"Person","@id":"https:\/\/patagoniambiental.com.ar\/info\/#\/schema\/person\/e5af09d700b2e82cb10c6b8800e0c691","name":"BRAIAN ESTEVEZ","sameAs":["http:\/\/www.patagoniambiental.com.ar"]}]}},"_links":{"self":[{"href":"https:\/\/patagoniambiental.com.ar\/info\/wp-json\/wp\/v2\/posts\/75161","targetHints":{"allow":["GET"]}}],"collection":[{"href":"https:\/\/patagoniambiental.com.ar\/info\/wp-json\/wp\/v2\/posts"}],"about":[{"href":"https:\/\/patagoniambiental.com.ar\/info\/wp-json\/wp\/v2\/types\/post"}],"author":[{"embeddable":true,"href":"https:\/\/patagoniambiental.com.ar\/info\/wp-json\/wp\/v2\/users\/6"}],"replies":[{"embeddable":true,"href":"https:\/\/patagoniambiental.com.ar\/info\/wp-json\/wp\/v2\/comments?post=75161"}],"version-history":[{"count":0,"href":"https:\/\/patagoniambiental.com.ar\/info\/wp-json\/wp\/v2\/posts\/75161\/revisions"}],"wp:featuredmedia":[{"embeddable":true,"href":"https:\/\/patagoniambiental.com.ar\/info\/wp-json\/wp\/v2\/media\/75162"}],"wp:attachment":[{"href":"https:\/\/patagoniambiental.com.ar\/info\/wp-json\/wp\/v2\/media?parent=75161"}],"wp:term":[{"taxonomy":"category","embeddable":true,"href":"https:\/\/patagoniambiental.com.ar\/info\/wp-json\/wp\/v2\/categories?post=75161"},{"taxonomy":"post_tag","embeddable":true,"href":"https:\/\/patagoniambiental.com.ar\/info\/wp-json\/wp\/v2\/tags?post=75161"}],"curies":[{"name":"wp","href":"https:\/\/api.w.org\/{rel}","templated":true}]}}