{"id":75164,"date":"2022-02-08T12:36:43","date_gmt":"2022-02-08T15:36:43","guid":{"rendered":"http:\/\/patagoniambiental.com.ar\/info\/?p=75164"},"modified":"2022-02-08T12:36:44","modified_gmt":"2022-02-08T15:36:44","slug":"tras-los-incendios-forestales-plantaron-500-arboles-en-caviahue","status":"publish","type":"post","link":"https:\/\/patagoniambiental.com.ar\/info\/tras-los-incendios-forestales-plantaron-500-arboles-en-caviahue\/","title":{"rendered":"Tras los incendios forestales, plantaron 500 \u00e1rboles en Caviahue"},"content":{"rendered":"\n<!--more-->\n\n\n\n<h2 class=\"wp-block-heading\">A partir de la iniciativa de la empresa Allu, viajaron desde distintas ciudades para plantar araucarias, \u00f1ires y lengas que fueron donados por la comunidad.<\/h2>\n\n\n\n<ul class=\"wp-block-list\"><li><\/li><li><\/li><li><\/li><li><\/li><\/ul>\n\n\n\n<figure class=\"wp-block-image\"><img decoding=\"async\" src=\"https:\/\/media.lmneuquen.com\/p\/1d7e9583c7d0ed664c04bc8853bb8800\/adjuntos\/195\/imagenes\/007\/028\/0007028700\/770x0\/smart\/reforestacion-arboles-araucariasjpg.jpg\" alt=\"Tras los incendios forestales, plantaron 500 \u00e1rboles en Caviahue\" title=\"Tras los incendios forestales, plantaron 500 \u00e1rboles en Caviahue | LM Neuquen\"\/><\/figure>\n\n\n\n<p>Mientras un tr\u00e1gico incendio devoraba el&nbsp;<strong><a href=\"https:\/\/www.lmneuquen.com\/bosque-a19940\">bosque<\/a>&nbsp;nativo<\/strong>&nbsp;en Quill\u00e9n, los emprendedores detr\u00e1s de Allu comenzaron un trabajo de hormiga para recolectar&nbsp;<strong><a href=\"https:\/\/www.lmneuquen.com\/araucarias-a30795\">araucarias<\/a><\/strong>&nbsp;que hoy mostr\u00f3 sus primeros resultados. El fin de semana, m\u00e1s de 60 voluntarios se congregaron en<strong>&nbsp;<a href=\"https:\/\/www.lmneuquen.com\/caviahue-a1531\">Caviahue<\/a>&nbsp;para plantar 500 \u00e1rboles nativos<\/strong>&nbsp;dentro del ejido urbano.<\/p>\n\n\n\n<figure class=\"wp-block-image\"><a href=\"https:\/\/a-iad04.e-planning.net\/ei\/3\/568d\/Notas\/NotasIN?rnd=0.43343816503330523&amp;pb=8b76dc709e09729f&amp;fi=3079a0ea63eb9f95&amp;ur=https%3A\/\/www.lmneuquen.com\/tras-los-incendios-forestales-plantaron-500-arboles-caviahue-n883888\" target=\"_blank\" rel=\"noreferrer noopener\"><img decoding=\"async\" src=\"https:\/\/s.e-planning.net\/esb\/4\/1\/5676\/027e3c71c941aa09.jpg\" alt=\"SAN VALENTIN DESK\"\/><\/a><\/figure>\n\n\n\n<p>Lucas Campomori es uno de los socios fundadores de Allu, una empresa neuquina que se dedica a la venta de cera org\u00e1nica para las tablas de esqu\u00ed y snowboard que no deja residuos en la nieve. Con su compromiso ambiental intacto, se propusieron iniciar una cruzada para reforestar los bosques nativos de la provincia, de una araucaria a la vez.<\/p>\n\n\n\n<p>Te puede interesar&#8230;<\/p>\n\n\n\n<figure class=\"wp-block-image\"><a href=\"https:\/\/www.lmneuquen.com\/repusieron-la-senalizacion-el-acceso-al-barrio-rincon-emilio-n884126\"><img decoding=\"async\" src=\"https:\/\/media.lmneuquen.com\/p\/329a15ed6c489e49ac14511af760ff3a\/adjuntos\/195\/imagenes\/007\/028\/0007028618\/am-obra-rincon-emilio-9jpg.jpg\" alt=\"repusieron senalizacion en el acceso al barrio rincon de emilio\" title=\"repusieron senalizacion en el acceso al barrio rincon de emilio\"\/><\/a><\/figure>\n\n\n\n<p><a href=\"https:\/\/www.lmneuquen.com\/repusieron-la-senalizacion-el-acceso-al-barrio-rincon-emilio-n884126\">Repusieron se\u00f1alizaci\u00f3n en el acceso al barrio Rinc\u00f3n de Emilio<\/a><\/p>\n\n\n\n<figure class=\"wp-block-image\"><a href=\"https:\/\/www.lmneuquen.com\/organizaciones-sociales-amenazan-volver-las-rutas-n884136\"><img decoding=\"async\" src=\"https:\/\/media.lmneuquen.com\/p\/12b46ad52a695941e75efeaf936fc126\/adjuntos\/195\/imagenes\/005\/482\/0005482931\/corte-rutas-organizaciones-socialesjpeg.jpeg\" alt=\"organizaciones sociales amenazan con volver a las rutas\" title=\"organizaciones sociales amenazan con volver a las rutas\"\/><\/a><\/figure>\n\n\n\n<p><a href=\"https:\/\/www.lmneuquen.com\/organizaciones-sociales-amenazan-volver-las-rutas-n884136\">Organizaciones sociales amenazan con volver a las rutas<\/a><\/p>\n\n\n\n<p>A trav\u00e9s de una campa\u00f1a digital, comprometieron a cientos de personas a hacer una donaci\u00f3n de 250 pesos para comprar un plant\u00edn de alguna especie nativa, que inclu\u00eda araucarias, \u00f1ires o lengas, y as\u00ed reforestar las zonas afectadas por el fuego. Si bien el incendio m\u00e1s reciente se dio en la zona de Quill\u00e9n, la cercan\u00eda de los emprendedores con Caviahue los hizo comenzar en una parte del bosque cercana al centro de la localidad.<\/p>\n\n\n\n<figure class=\"wp-block-image\"><img decoding=\"async\" src=\"https:\/\/media.lmneuquen.com\/p\/a2be364aa414613cea0025b573ff1164\/adjuntos\/195\/imagenes\/007\/028\/0007028676\/770x0\/smart\/policia-plantando-arbol-araucaria-bosque-quemadojpg.jpg\" alt=\"\"\/><\/figure>\n\n\n\n<p>En pocas semanas, y gracias al apoyo de la comunidad, consiguieron los fondos suficientes para comprar 600 \u00e1rboles. Las donaciones vinieron desde Neuqu\u00e9n pero tambi\u00e9n de Tierra del Fuego, de C\u00f3rdoba o de Mendoza. Incluso llegaron aportes desde Espa\u00f1a y Estados Unidos para conseguir la mayor cantidad de ejemplares y recuperar en parte la cobertura del antiguo bosque.<\/p>\n\n\n\n<p>Gracias al aporte de un transporte por parte de la Legislatura de Neuqu\u00e9n, llevaron 200 ejemplares de \u00f1ires y 200 de lengas hasta Caviahue. Tambi\u00e9n llevaron otras 100 araucarias, pero dejaron otros 100 plantines reservados porque no ten\u00edan la madurez suficiente para ser plantados.<\/p>\n\n\n\n<figure class=\"wp-block-image\"><img decoding=\"async\" src=\"https:\/\/media.lmneuquen.com\/p\/6292d71d386fde6d45e712bfb6d287e0\/adjuntos\/195\/imagenes\/007\/028\/0007028670\/770x0\/smart\/ninos-araucarias-arboles-reforestacionjpg.jpg\" alt=\"\"\/><\/figure>\n\n\n\n<p>M\u00e1s all\u00e1 del trabajo duro, la reforestaci\u00f3n se vivi\u00f3 como una verdadera fiesta. Llegaron voluntarios desde Neuqu\u00e9n capital, Centenario y otras ciudades de la provincia, y se alojaron todos juntos en un pabell\u00f3n del ej\u00e9rcito. Recibieron agua y viandas por parte de la Municipalidad de Caviahue durante las jornadas de trabajo, y el propio intendente, Hugo Volpe, plant\u00f3 un chivo en el asador para compartir un asado de camarader\u00eda.<\/p>\n\n\n\n<figure class=\"wp-block-image\"><img decoding=\"async\" src=\"https:\/\/media.lmneuquen.com\/p\/9f1b73376b116a59bf77ce1912183238\/adjuntos\/195\/imagenes\/007\/028\/0007028699\/770x0\/smart\/plantando-arbolesjpg.jpg\" alt=\"\"\/><\/figure>\n\n\n\n<p>En total, unas 60 personas participaron de la actividad, que busca sembrar conciencia ambiental en toda la poblaci\u00f3n. Entre ellos se cont\u00f3 a ni\u00f1os, polic\u00edas y hasta el vicegobernador, Marcos Koopmann, que tambi\u00e9n plant\u00f3 un ejemplar. \u00abDec\u00edamos que se necesita de un loco que lo empiece para que mucha gente se sume, porque hay mucha gente con ganas de ayudar al medio ambiente\u00bb, afirm\u00f3 el emprendedor de Allu.<\/p>\n\n\n\n<p>Esta actividad fue s\u00f3lo el inicio de una campa\u00f1a que es todav\u00eda m\u00e1s ambiciosa. En agosto, los socios de Allu quieren celebrar el D\u00eda del \u00c1rbol con una plantaci\u00f3n de dos mil ejemplares en Villa Pehuenia. Como buscar\u00e1n nuevas donaciones, afirmaron que las araucarias reservadas quedar\u00e1n para los estudiantes de las escuelas, que podr\u00e1n plantar los \u00e1rboles en<\/p>\n\n\n\n<p>Fuente: https:\/\/www.lmneuquen.com\/tras-los-incendios-forestales-plantaron-500-arboles-caviahue-n883888<\/p>\n","protected":false},"excerpt":{"rendered":"","protected":false},"author":6,"featured_media":75165,"comment_status":"open","ping_status":"open","sticky":false,"template":"","format":"standard","meta":{"site-sidebar-layout":"default","site-content-layout":"","ast-site-content-layout":"default","site-content-style":"default","site-sidebar-style":"default","ast-global-header-display":"","ast-banner-title-visibility":"","ast-main-header-display":"","ast-hfb-above-header-display":"","ast-hfb-below-header-display":"","ast-hfb-mobile-header-display":"","site-post-title":"","ast-breadcrumbs-content":"","ast-featured-img":"","footer-sml-layout":"","ast-disable-related-posts":"","theme-transparent-header-meta":"","adv-header-id-meta":"","stick-header-meta":"","header-above-stick-meta":"","header-main-stick-meta":"","header-below-stick-meta":"","astra-migrate-meta-layouts":"default","ast-page-background-enabled":"default","ast-page-background-meta":{"desktop":{"background-color":"var(--ast-global-color-5)","background-image":"","background-repeat":"repeat","background-position":"center center","background-size":"auto","background-attachment":"scroll","background-type":"","background-media":"","overlay-type":"","overlay-color":"","overlay-opacity":"","overlay-gradient":""},"tablet":{"background-color":"","background-image":"","background-repeat":"repeat","background-position":"center center","background-size":"auto","background-attachment":"scroll","background-type":"","background-media":"","overlay-type":"","overlay-color":"","overlay-opacity":"","overlay-gradient":""},"mobile":{"background-color":"","background-image":"","background-repeat":"repeat","background-position":"center center","background-size":"auto","background-attachment":"scroll","background-type":"","background-media":"","overlay-type":"","overlay-color":"","overlay-opacity":"","overlay-gradient":""}},"ast-content-background-meta":{"desktop":{"background-color":"var(--ast-global-color-4)","background-image":"","background-repeat":"repeat","background-position":"center center","background-size":"auto","background-attachment":"scroll","background-type":"","background-media":"","overlay-type":"","overlay-color":"","overlay-opacity":"","overlay-gradient":""},"tablet":{"background-color":"var(--ast-global-color-4)","background-image":"","background-repeat":"repeat","background-position":"center center","background-size":"auto","background-attachment":"scroll","background-type":"","background-media":"","overlay-type":"","overlay-color":"","overlay-opacity":"","overlay-gradient":""},"mobile":{"background-color":"var(--ast-global-color-4)","background-image":"","background-repeat":"repeat","background-position":"center center","background-size":"auto","background-attachment":"scroll","background-type":"","background-media":"","overlay-type":"","overlay-color":"","overlay-opacity":"","overlay-gradient":""}},"footnotes":""},"categories":[1],"tags":[],"class_list":["post-75164","post","type-post","status-publish","format-standard","has-post-thumbnail","hentry","category-noticias"],"yoast_head":"<!-- This site is optimized with the Yoast SEO Premium plugin v23.0 (Yoast SEO v27.5) - https:\/\/yoast.com\/product\/yoast-seo-premium-wordpress\/ -->\n<title>Tras los incendios forestales, plantaron 500 \u00e1rboles en Caviahue<\/title>\n<meta name=\"robots\" content=\"index, follow, max-snippet:-1, max-image-preview:large, max-video-preview:-1\" \/>\n<link rel=\"canonical\" href=\"https:\/\/patagoniambiental.com.ar\/info\/tras-los-incendios-forestales-plantaron-500-arboles-en-caviahue\/\" \/>\n<meta property=\"og:locale\" content=\"es_ES\" \/>\n<meta property=\"og:type\" content=\"article\" \/>\n<meta property=\"og:title\" content=\"Tras los incendios forestales, plantaron 500 \u00e1rboles en Caviahue\" \/>\n<meta property=\"og:url\" content=\"https:\/\/patagoniambiental.com.ar\/info\/tras-los-incendios-forestales-plantaron-500-arboles-en-caviahue\/\" \/>\n<meta property=\"og:site_name\" content=\"Patagonia Ambiental\" \/>\n<meta property=\"article:publisher\" content=\"https:\/\/www.facebook.com\/patagonia.ambiental\" \/>\n<meta property=\"article:published_time\" content=\"2022-02-08T15:36:43+00:00\" \/>\n<meta property=\"article:modified_time\" content=\"2022-02-08T15:36:44+00:00\" \/>\n<meta property=\"og:image\" content=\"https:\/\/patagoniambiental.com.ar\/info\/wp-content\/uploads\/2022\/02\/ninos-araucarias-arboles-reforestacionjpg.jpg\" \/>\n\t<meta property=\"og:image:width\" content=\"770\" \/>\n\t<meta property=\"og:image:height\" content=\"435\" \/>\n\t<meta property=\"og:image:type\" content=\"image\/jpeg\" \/>\n<meta name=\"author\" content=\"BRAIAN ESTEVEZ\" \/>\n<meta name=\"twitter:card\" content=\"summary_large_image\" \/>\n<meta name=\"twitter:creator\" content=\"@PatAmb\" \/>\n<meta name=\"twitter:site\" content=\"@PatAmb\" \/>\n<script type=\"application\/ld+json\" class=\"yoast-schema-graph\">{\"@context\":\"https:\\\/\\\/schema.org\",\"@graph\":[{\"@type\":\"Article\",\"@id\":\"https:\\\/\\\/patagoniambiental.com.ar\\\/info\\\/tras-los-incendios-forestales-plantaron-500-arboles-en-caviahue\\\/#article\",\"isPartOf\":{\"@id\":\"https:\\\/\\\/patagoniambiental.com.ar\\\/info\\\/tras-los-incendios-forestales-plantaron-500-arboles-en-caviahue\\\/\"},\"author\":{\"name\":\"BRAIAN ESTEVEZ\",\"@id\":\"https:\\\/\\\/patagoniambiental.com.ar\\\/info\\\/#\\\/schema\\\/person\\\/e5af09d700b2e82cb10c6b8800e0c691\"},\"headline\":\"Tras los incendios forestales, plantaron 500 \u00e1rboles en Caviahue\",\"datePublished\":\"2022-02-08T15:36:43+00:00\",\"dateModified\":\"2022-02-08T15:36:44+00:00\",\"mainEntityOfPage\":{\"@id\":\"https:\\\/\\\/patagoniambiental.com.ar\\\/info\\\/tras-los-incendios-forestales-plantaron-500-arboles-en-caviahue\\\/\"},\"wordCount\":585,\"commentCount\":0,\"publisher\":{\"@id\":\"https:\\\/\\\/patagoniambiental.com.ar\\\/info\\\/#organization\"},\"image\":{\"@id\":\"https:\\\/\\\/patagoniambiental.com.ar\\\/info\\\/tras-los-incendios-forestales-plantaron-500-arboles-en-caviahue\\\/#primaryimage\"},\"thumbnailUrl\":\"https:\\\/\\\/patagoniambiental.com.ar\\\/info\\\/wp-content\\\/uploads\\\/2022\\\/02\\\/ninos-araucarias-arboles-reforestacionjpg.jpg\",\"articleSection\":[\"Noticias\"],\"inLanguage\":\"es\",\"potentialAction\":[{\"@type\":\"CommentAction\",\"name\":\"Comment\",\"target\":[\"https:\\\/\\\/patagoniambiental.com.ar\\\/info\\\/tras-los-incendios-forestales-plantaron-500-arboles-en-caviahue\\\/#respond\"]}]},{\"@type\":\"WebPage\",\"@id\":\"https:\\\/\\\/patagoniambiental.com.ar\\\/info\\\/tras-los-incendios-forestales-plantaron-500-arboles-en-caviahue\\\/\",\"url\":\"https:\\\/\\\/patagoniambiental.com.ar\\\/info\\\/tras-los-incendios-forestales-plantaron-500-arboles-en-caviahue\\\/\",\"name\":\"Tras los incendios forestales, plantaron 500 \u00e1rboles en Caviahue\",\"isPartOf\":{\"@id\":\"https:\\\/\\\/patagoniambiental.com.ar\\\/info\\\/#website\"},\"primaryImageOfPage\":{\"@id\":\"https:\\\/\\\/patagoniambiental.com.ar\\\/info\\\/tras-los-incendios-forestales-plantaron-500-arboles-en-caviahue\\\/#primaryimage\"},\"image\":{\"@id\":\"https:\\\/\\\/patagoniambiental.com.ar\\\/info\\\/tras-los-incendios-forestales-plantaron-500-arboles-en-caviahue\\\/#primaryimage\"},\"thumbnailUrl\":\"https:\\\/\\\/patagoniambiental.com.ar\\\/info\\\/wp-content\\\/uploads\\\/2022\\\/02\\\/ninos-araucarias-arboles-reforestacionjpg.jpg\",\"datePublished\":\"2022-02-08T15:36:43+00:00\",\"dateModified\":\"2022-02-08T15:36:44+00:00\",\"breadcrumb\":{\"@id\":\"https:\\\/\\\/patagoniambiental.com.ar\\\/info\\\/tras-los-incendios-forestales-plantaron-500-arboles-en-caviahue\\\/#breadcrumb\"},\"inLanguage\":\"es\",\"potentialAction\":[{\"@type\":\"ReadAction\",\"target\":[\"https:\\\/\\\/patagoniambiental.com.ar\\\/info\\\/tras-los-incendios-forestales-plantaron-500-arboles-en-caviahue\\\/\"]}]},{\"@type\":\"ImageObject\",\"inLanguage\":\"es\",\"@id\":\"https:\\\/\\\/patagoniambiental.com.ar\\\/info\\\/tras-los-incendios-forestales-plantaron-500-arboles-en-caviahue\\\/#primaryimage\",\"url\":\"https:\\\/\\\/patagoniambiental.com.ar\\\/info\\\/wp-content\\\/uploads\\\/2022\\\/02\\\/ninos-araucarias-arboles-reforestacionjpg.jpg\",\"contentUrl\":\"https:\\\/\\\/patagoniambiental.com.ar\\\/info\\\/wp-content\\\/uploads\\\/2022\\\/02\\\/ninos-araucarias-arboles-reforestacionjpg.jpg\",\"width\":770,\"height\":435},{\"@type\":\"BreadcrumbList\",\"@id\":\"https:\\\/\\\/patagoniambiental.com.ar\\\/info\\\/tras-los-incendios-forestales-plantaron-500-arboles-en-caviahue\\\/#breadcrumb\",\"itemListElement\":[{\"@type\":\"ListItem\",\"position\":1,\"name\":\"Inicio\",\"item\":\"https:\\\/\\\/patagoniambiental.com.ar\\\/info\\\/\"},{\"@type\":\"ListItem\",\"position\":2,\"name\":\"Tras los incendios forestales, plantaron 500 \u00e1rboles en Caviahue\"}]},{\"@type\":\"WebSite\",\"@id\":\"https:\\\/\\\/patagoniambiental.com.ar\\\/info\\\/#website\",\"url\":\"https:\\\/\\\/patagoniambiental.com.ar\\\/info\\\/\",\"name\":\"Patagonia Ambiental\",\"description\":\"Monitoreo y an\u00e1lisis de la situaci\u00f3n geopol\u00edtica en el mundo y su implicancia en la Patagonia\",\"publisher\":{\"@id\":\"https:\\\/\\\/patagoniambiental.com.ar\\\/info\\\/#organization\"},\"potentialAction\":[{\"@type\":\"SearchAction\",\"target\":{\"@type\":\"EntryPoint\",\"urlTemplate\":\"https:\\\/\\\/patagoniambiental.com.ar\\\/info\\\/?s={search_term_string}\"},\"query-input\":{\"@type\":\"PropertyValueSpecification\",\"valueRequired\":true,\"valueName\":\"search_term_string\"}}],\"inLanguage\":\"es\"},{\"@type\":\"Organization\",\"@id\":\"https:\\\/\\\/patagoniambiental.com.ar\\\/info\\\/#organization\",\"name\":\"Patagonia Ambiental\",\"url\":\"https:\\\/\\\/patagoniambiental.com.ar\\\/info\\\/\",\"logo\":{\"@type\":\"ImageObject\",\"inLanguage\":\"es\",\"@id\":\"https:\\\/\\\/patagoniambiental.com.ar\\\/info\\\/#\\\/schema\\\/logo\\\/image\\\/\",\"url\":\"https:\\\/\\\/patagoniambiental.com.ar\\\/info\\\/wp-content\\\/uploads\\\/2025\\\/05\\\/LOGO-PATAGONIA-AMBIENTAL.png\",\"contentUrl\":\"https:\\\/\\\/patagoniambiental.com.ar\\\/info\\\/wp-content\\\/uploads\\\/2025\\\/05\\\/LOGO-PATAGONIA-AMBIENTAL.png\",\"width\":433,\"height\":250,\"caption\":\"Patagonia Ambiental\"},\"image\":{\"@id\":\"https:\\\/\\\/patagoniambiental.com.ar\\\/info\\\/#\\\/schema\\\/logo\\\/image\\\/\"},\"sameAs\":[\"https:\\\/\\\/www.facebook.com\\\/patagonia.ambiental\",\"https:\\\/\\\/x.com\\\/PatAmb\"]},{\"@type\":\"Person\",\"@id\":\"https:\\\/\\\/patagoniambiental.com.ar\\\/info\\\/#\\\/schema\\\/person\\\/e5af09d700b2e82cb10c6b8800e0c691\",\"name\":\"BRAIAN ESTEVEZ\",\"sameAs\":[\"http:\\\/\\\/www.patagoniambiental.com.ar\"]}]}<\/script>\n<!-- \/ Yoast SEO Premium plugin. -->","yoast_head_json":{"title":"Tras los incendios forestales, plantaron 500 \u00e1rboles en Caviahue","robots":{"index":"index","follow":"follow","max-snippet":"max-snippet:-1","max-image-preview":"max-image-preview:large","max-video-preview":"max-video-preview:-1"},"canonical":"https:\/\/patagoniambiental.com.ar\/info\/tras-los-incendios-forestales-plantaron-500-arboles-en-caviahue\/","og_locale":"es_ES","og_type":"article","og_title":"Tras los incendios forestales, plantaron 500 \u00e1rboles en Caviahue","og_url":"https:\/\/patagoniambiental.com.ar\/info\/tras-los-incendios-forestales-plantaron-500-arboles-en-caviahue\/","og_site_name":"Patagonia Ambiental","article_publisher":"https:\/\/www.facebook.com\/patagonia.ambiental","article_published_time":"2022-02-08T15:36:43+00:00","article_modified_time":"2022-02-08T15:36:44+00:00","og_image":[{"width":770,"height":435,"url":"https:\/\/patagoniambiental.com.ar\/info\/wp-content\/uploads\/2022\/02\/ninos-araucarias-arboles-reforestacionjpg.jpg","type":"image\/jpeg"}],"author":"BRAIAN ESTEVEZ","twitter_card":"summary_large_image","twitter_creator":"@PatAmb","twitter_site":"@PatAmb","schema":{"@context":"https:\/\/schema.org","@graph":[{"@type":"Article","@id":"https:\/\/patagoniambiental.com.ar\/info\/tras-los-incendios-forestales-plantaron-500-arboles-en-caviahue\/#article","isPartOf":{"@id":"https:\/\/patagoniambiental.com.ar\/info\/tras-los-incendios-forestales-plantaron-500-arboles-en-caviahue\/"},"author":{"name":"BRAIAN ESTEVEZ","@id":"https:\/\/patagoniambiental.com.ar\/info\/#\/schema\/person\/e5af09d700b2e82cb10c6b8800e0c691"},"headline":"Tras los incendios forestales, plantaron 500 \u00e1rboles en Caviahue","datePublished":"2022-02-08T15:36:43+00:00","dateModified":"2022-02-08T15:36:44+00:00","mainEntityOfPage":{"@id":"https:\/\/patagoniambiental.com.ar\/info\/tras-los-incendios-forestales-plantaron-500-arboles-en-caviahue\/"},"wordCount":585,"commentCount":0,"publisher":{"@id":"https:\/\/patagoniambiental.com.ar\/info\/#organization"},"image":{"@id":"https:\/\/patagoniambiental.com.ar\/info\/tras-los-incendios-forestales-plantaron-500-arboles-en-caviahue\/#primaryimage"},"thumbnailUrl":"https:\/\/patagoniambiental.com.ar\/info\/wp-content\/uploads\/2022\/02\/ninos-araucarias-arboles-reforestacionjpg.jpg","articleSection":["Noticias"],"inLanguage":"es","potentialAction":[{"@type":"CommentAction","name":"Comment","target":["https:\/\/patagoniambiental.com.ar\/info\/tras-los-incendios-forestales-plantaron-500-arboles-en-caviahue\/#respond"]}]},{"@type":"WebPage","@id":"https:\/\/patagoniambiental.com.ar\/info\/tras-los-incendios-forestales-plantaron-500-arboles-en-caviahue\/","url":"https:\/\/patagoniambiental.com.ar\/info\/tras-los-incendios-forestales-plantaron-500-arboles-en-caviahue\/","name":"Tras los incendios forestales, plantaron 500 \u00e1rboles en Caviahue","isPartOf":{"@id":"https:\/\/patagoniambiental.com.ar\/info\/#website"},"primaryImageOfPage":{"@id":"https:\/\/patagoniambiental.com.ar\/info\/tras-los-incendios-forestales-plantaron-500-arboles-en-caviahue\/#primaryimage"},"image":{"@id":"https:\/\/patagoniambiental.com.ar\/info\/tras-los-incendios-forestales-plantaron-500-arboles-en-caviahue\/#primaryimage"},"thumbnailUrl":"https:\/\/patagoniambiental.com.ar\/info\/wp-content\/uploads\/2022\/02\/ninos-araucarias-arboles-reforestacionjpg.jpg","datePublished":"2022-02-08T15:36:43+00:00","dateModified":"2022-02-08T15:36:44+00:00","breadcrumb":{"@id":"https:\/\/patagoniambiental.com.ar\/info\/tras-los-incendios-forestales-plantaron-500-arboles-en-caviahue\/#breadcrumb"},"inLanguage":"es","potentialAction":[{"@type":"ReadAction","target":["https:\/\/patagoniambiental.com.ar\/info\/tras-los-incendios-forestales-plantaron-500-arboles-en-caviahue\/"]}]},{"@type":"ImageObject","inLanguage":"es","@id":"https:\/\/patagoniambiental.com.ar\/info\/tras-los-incendios-forestales-plantaron-500-arboles-en-caviahue\/#primaryimage","url":"https:\/\/patagoniambiental.com.ar\/info\/wp-content\/uploads\/2022\/02\/ninos-araucarias-arboles-reforestacionjpg.jpg","contentUrl":"https:\/\/patagoniambiental.com.ar\/info\/wp-content\/uploads\/2022\/02\/ninos-araucarias-arboles-reforestacionjpg.jpg","width":770,"height":435},{"@type":"BreadcrumbList","@id":"https:\/\/patagoniambiental.com.ar\/info\/tras-los-incendios-forestales-plantaron-500-arboles-en-caviahue\/#breadcrumb","itemListElement":[{"@type":"ListItem","position":1,"name":"Inicio","item":"https:\/\/patagoniambiental.com.ar\/info\/"},{"@type":"ListItem","position":2,"name":"Tras los incendios forestales, plantaron 500 \u00e1rboles en Caviahue"}]},{"@type":"WebSite","@id":"https:\/\/patagoniambiental.com.ar\/info\/#website","url":"https:\/\/patagoniambiental.com.ar\/info\/","name":"Patagonia Ambiental","description":"Monitoreo y an\u00e1lisis de la situaci\u00f3n geopol\u00edtica en el mundo y su implicancia en la Patagonia","publisher":{"@id":"https:\/\/patagoniambiental.com.ar\/info\/#organization"},"potentialAction":[{"@type":"SearchAction","target":{"@type":"EntryPoint","urlTemplate":"https:\/\/patagoniambiental.com.ar\/info\/?s={search_term_string}"},"query-input":{"@type":"PropertyValueSpecification","valueRequired":true,"valueName":"search_term_string"}}],"inLanguage":"es"},{"@type":"Organization","@id":"https:\/\/patagoniambiental.com.ar\/info\/#organization","name":"Patagonia Ambiental","url":"https:\/\/patagoniambiental.com.ar\/info\/","logo":{"@type":"ImageObject","inLanguage":"es","@id":"https:\/\/patagoniambiental.com.ar\/info\/#\/schema\/logo\/image\/","url":"https:\/\/patagoniambiental.com.ar\/info\/wp-content\/uploads\/2025\/05\/LOGO-PATAGONIA-AMBIENTAL.png","contentUrl":"https:\/\/patagoniambiental.com.ar\/info\/wp-content\/uploads\/2025\/05\/LOGO-PATAGONIA-AMBIENTAL.png","width":433,"height":250,"caption":"Patagonia Ambiental"},"image":{"@id":"https:\/\/patagoniambiental.com.ar\/info\/#\/schema\/logo\/image\/"},"sameAs":["https:\/\/www.facebook.com\/patagonia.ambiental","https:\/\/x.com\/PatAmb"]},{"@type":"Person","@id":"https:\/\/patagoniambiental.com.ar\/info\/#\/schema\/person\/e5af09d700b2e82cb10c6b8800e0c691","name":"BRAIAN ESTEVEZ","sameAs":["http:\/\/www.patagoniambiental.com.ar"]}]}},"_links":{"self":[{"href":"https:\/\/patagoniambiental.com.ar\/info\/wp-json\/wp\/v2\/posts\/75164","targetHints":{"allow":["GET"]}}],"collection":[{"href":"https:\/\/patagoniambiental.com.ar\/info\/wp-json\/wp\/v2\/posts"}],"about":[{"href":"https:\/\/patagoniambiental.com.ar\/info\/wp-json\/wp\/v2\/types\/post"}],"author":[{"embeddable":true,"href":"https:\/\/patagoniambiental.com.ar\/info\/wp-json\/wp\/v2\/users\/6"}],"replies":[{"embeddable":true,"href":"https:\/\/patagoniambiental.com.ar\/info\/wp-json\/wp\/v2\/comments?post=75164"}],"version-history":[{"count":0,"href":"https:\/\/patagoniambiental.com.ar\/info\/wp-json\/wp\/v2\/posts\/75164\/revisions"}],"wp:featuredmedia":[{"embeddable":true,"href":"https:\/\/patagoniambiental.com.ar\/info\/wp-json\/wp\/v2\/media\/75165"}],"wp:attachment":[{"href":"https:\/\/patagoniambiental.com.ar\/info\/wp-json\/wp\/v2\/media?parent=75164"}],"wp:term":[{"taxonomy":"category","embeddable":true,"href":"https:\/\/patagoniambiental.com.ar\/info\/wp-json\/wp\/v2\/categories?post=75164"},{"taxonomy":"post_tag","embeddable":true,"href":"https:\/\/patagoniambiental.com.ar\/info\/wp-json\/wp\/v2\/tags?post=75164"}],"curies":[{"name":"wp","href":"https:\/\/api.w.org\/{rel}","templated":true}]}}