{"id":75167,"date":"2022-02-08T19:00:00","date_gmt":"2022-02-08T22:00:00","guid":{"rendered":"http:\/\/patagoniambiental.com.ar\/info\/?p=75167"},"modified":"2022-02-08T12:47:46","modified_gmt":"2022-02-08T15:47:46","slug":"el-lobito-de-rio-correntino-desperto-el-interes-de-una-fundacion-britanica","status":"publish","type":"post","link":"https:\/\/patagoniambiental.com.ar\/info\/el-lobito-de-rio-correntino-desperto-el-interes-de-una-fundacion-britanica\/","title":{"rendered":"El lobito de r\u00edo correntino despert\u00f3 el inter\u00e9s de una fundaci\u00f3n brit\u00e1nica"},"content":{"rendered":"\n<!--more-->\n\n\n\n<p>Elaborar\u00e1n una tesina sobre la distribuci\u00f3n de estos mam\u00edferos en el arroyo Riachuelo y as\u00ed plantear\u00e1n un puntapi\u00e9 inicial para otros estudios a largo plazo sobre nutrias en el nordeste argentino.&nbsp;<\/p>\n\n\n\n<figure class=\"wp-block-image\"><img decoding=\"async\" src=\"https:\/\/pxc.cdn.ellitoral.com.ar\/litoral\/022022\/1644291529184.webp?cw=770&amp;ch=440&amp;extw=jpg\" alt=\"El lobito de r\u00edo correntino despert\u00f3 el inter\u00e9s de una fundaci\u00f3n brit\u00e1nica \"\/><\/figure>\n\n\n\n<figure class=\"wp-block-embed\"><div class=\"wp-block-embed__wrapper\">\nhttps:\/\/85c02b66b2b12d7ebbf078d39b44e8fe.safeframe.googlesyndication.com\/safeframe\/1-0-38\/html\/container.html?n=0\n<\/div><\/figure>\n\n\n\n<p>La Estaci\u00f3n Biol\u00f3gica Corrientes (EBCo) inici\u00f3 este mes la investigaci\u00f3n de campo sobre un mam\u00edfero aut\u00f3ctono de la regi\u00f3n litoral: el lobito de r\u00edo.&nbsp;Es una especie protegida, Monumento Natural de Corrientes (por decreto provincial N\u00b01555\/92) y de la cual no hay informaci\u00f3n nueva disponible desde el 2003.<\/p>\n\n\n\n<p>Para este trabajo, los cient\u00edficos de la EBCo cuentan con el apoyo del Fondo Internacional para la Supervivencia de las Nutrias (Iosf). Es una de las principales organizaciones ben\u00e9ficas de nutrias del mundo.&nbsp;<\/p>\n\n\n\n<p>En el Reino Unido, Iosf es la \u00fanica organizaci\u00f3n ben\u00e9fica dedicada exclusivamente a la conservaci\u00f3n, protecci\u00f3n y cuidado de las nutrias, basada en a\u00f1os de investigaci\u00f3n cient\u00edfica all\u00ed y en todo el mundo.&nbsp;<\/p>\n\n\n\n<p>\u201cEs un subsidio que recib\u00ed de esa fundaci\u00f3n, un premio que dieron para desarrollar diferentes actividades de investigaci\u00f3n y educativas sobre nutrias\u201d, explic\u00f3 a El Litoral la guardaparques Adriana Vallejos.&nbsp;<\/p>\n\n\n\n<p>El objetivo de su tesina en desarrollo es conocer la distribuci\u00f3n de lobitos en el arroyo Riachuelo y en un \u00e1rea protegida, y as\u00ed dar un puntapi\u00e9 inicial para otros estudios a largo plazo en el Nordeste argentino.<\/p>\n\n\n\n<p>El Proyecto de Conservaci\u00f3n Lobito de R\u00edo (Lontra longicaudis) incluy\u00f3 tambi\u00e9n la realizaci\u00f3n de un mural en el colegio Jos\u00e9 Hern\u00e1ndez, de Laguna Brava, a fines de noviembre del a\u00f1o pasado.<\/p>\n\n\n\n<p>El premio para Vallejos fue otorgado en abril del 2021, para un proyecto que \u201caumentar\u00e1 la conciencia y el conocimiento de las nutrias en el \u00e1rea y continuar\u00e1 el trabajo que ya ha sido realizado por Adriana y el resto del equipo de la Estaci\u00f3n Biol\u00f3gica Corrientes\u201d.<\/p>\n\n\n\n<p>El trabajo vincula a diferentes intituciones cient\u00edficas, bajo la direcci\u00f3n de los doctores Mart\u00edn Kowalewski &nbsp;(Estaci\u00f3n Biol\u00f3gica, Conicet &#8211; Cecoal) y Alejandro Valenzuela (Universidad Nacional de Tierra del Fuego, Instituto de Ciencias Polares, Ambiente y Recursos Naturales). Tambi\u00e9n con participaci\u00f3n de la Direcci\u00f3n de Parques y Reservas de la Provincia.<\/p>\n\n\n\n<p>Ciencia ciudadana<\/p>\n\n\n\n<p>Quienes visualicen lobitos de r\u00edo en Corrientes pueden colaborar con esta investigaci\u00f3n. Solicitaron la toma de fotograf\u00edas y el registro de la ubicaci\u00f3n geogr\u00e1fica del ejemplar.&nbsp;<\/p>\n\n\n\n<p>La informaci\u00f3n se puede enviar a:<\/p>\n\n\n\n<p>lobitocorrientes@gmail.com<\/p>\n\n\n\n<p>(IB)<\/p>\n\n\n\n<p>Fuente: https:\/\/www.ellitoral.com.ar\/corrientes\/2022-2-8-0-37-0-el-lobito-de-rio-correntino-desperto-el-interes-de-una-fundacion-britanica<\/p>\n","protected":false},"excerpt":{"rendered":"","protected":false},"author":6,"featured_media":75168,"comment_status":"open","ping_status":"open","sticky":false,"template":"","format":"standard","meta":{"site-sidebar-layout":"default","site-content-layout":"","ast-site-content-layout":"default","site-content-style":"default","site-sidebar-style":"default","ast-global-header-display":"","ast-banner-title-visibility":"","ast-main-header-display":"","ast-hfb-above-header-display":"","ast-hfb-below-header-display":"","ast-hfb-mobile-header-display":"","site-post-title":"","ast-breadcrumbs-content":"","ast-featured-img":"","footer-sml-layout":"","ast-disable-related-posts":"","theme-transparent-header-meta":"","adv-header-id-meta":"","stick-header-meta":"","header-above-stick-meta":"","header-main-stick-meta":"","header-below-stick-meta":"","astra-migrate-meta-layouts":"default","ast-page-background-enabled":"default","ast-page-background-meta":{"desktop":{"background-color":"var(--ast-global-color-5)","background-image":"","background-repeat":"repeat","background-position":"center center","background-size":"auto","background-attachment":"scroll","background-type":"","background-media":"","overlay-type":"","overlay-color":"","overlay-opacity":"","overlay-gradient":""},"tablet":{"background-color":"","background-image":"","background-repeat":"repeat","background-position":"center center","background-size":"auto","background-attachment":"scroll","background-type":"","background-media":"","overlay-type":"","overlay-color":"","overlay-opacity":"","overlay-gradient":""},"mobile":{"background-color":"","background-image":"","background-repeat":"repeat","background-position":"center center","background-size":"auto","background-attachment":"scroll","background-type":"","background-media":"","overlay-type":"","overlay-color":"","overlay-opacity":"","overlay-gradient":""}},"ast-content-background-meta":{"desktop":{"background-color":"var(--ast-global-color-4)","background-image":"","background-repeat":"repeat","background-position":"center center","background-size":"auto","background-attachment":"scroll","background-type":"","background-media":"","overlay-type":"","overlay-color":"","overlay-opacity":"","overlay-gradient":""},"tablet":{"background-color":"var(--ast-global-color-4)","background-image":"","background-repeat":"repeat","background-position":"center center","background-size":"auto","background-attachment":"scroll","background-type":"","background-media":"","overlay-type":"","overlay-color":"","overlay-opacity":"","overlay-gradient":""},"mobile":{"background-color":"var(--ast-global-color-4)","background-image":"","background-repeat":"repeat","background-position":"center center","background-size":"auto","background-attachment":"scroll","background-type":"","background-media":"","overlay-type":"","overlay-color":"","overlay-opacity":"","overlay-gradient":""}},"footnotes":""},"categories":[1],"tags":[],"class_list":["post-75167","post","type-post","status-publish","format-standard","has-post-thumbnail","hentry","category-noticias"],"yoast_head":"<!-- This site is optimized with the Yoast SEO Premium plugin v23.0 (Yoast SEO v27.5) - https:\/\/yoast.com\/product\/yoast-seo-premium-wordpress\/ -->\n<title>El lobito de r\u00edo correntino despert\u00f3 el inter\u00e9s de una fundaci\u00f3n brit\u00e1nica<\/title>\n<meta name=\"robots\" content=\"index, follow, max-snippet:-1, max-image-preview:large, max-video-preview:-1\" \/>\n<link rel=\"canonical\" href=\"https:\/\/patagoniambiental.com.ar\/info\/el-lobito-de-rio-correntino-desperto-el-interes-de-una-fundacion-britanica\/\" \/>\n<meta property=\"og:locale\" content=\"es_ES\" \/>\n<meta property=\"og:type\" content=\"article\" \/>\n<meta property=\"og:title\" content=\"El lobito de r\u00edo correntino despert\u00f3 el inter\u00e9s de una fundaci\u00f3n brit\u00e1nica\" \/>\n<meta property=\"og:url\" content=\"https:\/\/patagoniambiental.com.ar\/info\/el-lobito-de-rio-correntino-desperto-el-interes-de-una-fundacion-britanica\/\" \/>\n<meta property=\"og:site_name\" content=\"Patagonia Ambiental\" \/>\n<meta property=\"article:publisher\" content=\"https:\/\/www.facebook.com\/patagonia.ambiental\" \/>\n<meta property=\"article:published_time\" content=\"2022-02-08T22:00:00+00:00\" \/>\n<meta property=\"og:image\" content=\"https:\/\/patagoniambiental.com.ar\/info\/wp-content\/uploads\/2022\/02\/descarga.jpg\" \/>\n\t<meta property=\"og:image:width\" content=\"275\" \/>\n\t<meta property=\"og:image:height\" content=\"183\" \/>\n\t<meta property=\"og:image:type\" content=\"image\/jpeg\" \/>\n<meta name=\"author\" content=\"BRAIAN ESTEVEZ\" \/>\n<meta name=\"twitter:card\" content=\"summary_large_image\" \/>\n<meta name=\"twitter:creator\" content=\"@PatAmb\" \/>\n<meta name=\"twitter:site\" content=\"@PatAmb\" \/>\n<script type=\"application\/ld+json\" class=\"yoast-schema-graph\">{\"@context\":\"https:\\\/\\\/schema.org\",\"@graph\":[{\"@type\":\"Article\",\"@id\":\"https:\\\/\\\/patagoniambiental.com.ar\\\/info\\\/el-lobito-de-rio-correntino-desperto-el-interes-de-una-fundacion-britanica\\\/#article\",\"isPartOf\":{\"@id\":\"https:\\\/\\\/patagoniambiental.com.ar\\\/info\\\/el-lobito-de-rio-correntino-desperto-el-interes-de-una-fundacion-britanica\\\/\"},\"author\":{\"name\":\"BRAIAN ESTEVEZ\",\"@id\":\"https:\\\/\\\/patagoniambiental.com.ar\\\/info\\\/#\\\/schema\\\/person\\\/e5af09d700b2e82cb10c6b8800e0c691\"},\"headline\":\"El lobito de r\u00edo correntino despert\u00f3 el inter\u00e9s de una fundaci\u00f3n brit\u00e1nica\",\"datePublished\":\"2022-02-08T22:00:00+00:00\",\"mainEntityOfPage\":{\"@id\":\"https:\\\/\\\/patagoniambiental.com.ar\\\/info\\\/el-lobito-de-rio-correntino-desperto-el-interes-de-una-fundacion-britanica\\\/\"},\"wordCount\":480,\"commentCount\":0,\"publisher\":{\"@id\":\"https:\\\/\\\/patagoniambiental.com.ar\\\/info\\\/#organization\"},\"image\":{\"@id\":\"https:\\\/\\\/patagoniambiental.com.ar\\\/info\\\/el-lobito-de-rio-correntino-desperto-el-interes-de-una-fundacion-britanica\\\/#primaryimage\"},\"thumbnailUrl\":\"https:\\\/\\\/patagoniambiental.com.ar\\\/info\\\/wp-content\\\/uploads\\\/2022\\\/02\\\/descarga.jpg\",\"articleSection\":[\"Noticias\"],\"inLanguage\":\"es\",\"potentialAction\":[{\"@type\":\"CommentAction\",\"name\":\"Comment\",\"target\":[\"https:\\\/\\\/patagoniambiental.com.ar\\\/info\\\/el-lobito-de-rio-correntino-desperto-el-interes-de-una-fundacion-britanica\\\/#respond\"]}]},{\"@type\":\"WebPage\",\"@id\":\"https:\\\/\\\/patagoniambiental.com.ar\\\/info\\\/el-lobito-de-rio-correntino-desperto-el-interes-de-una-fundacion-britanica\\\/\",\"url\":\"https:\\\/\\\/patagoniambiental.com.ar\\\/info\\\/el-lobito-de-rio-correntino-desperto-el-interes-de-una-fundacion-britanica\\\/\",\"name\":\"El lobito de r\u00edo correntino despert\u00f3 el inter\u00e9s de una fundaci\u00f3n brit\u00e1nica\",\"isPartOf\":{\"@id\":\"https:\\\/\\\/patagoniambiental.com.ar\\\/info\\\/#website\"},\"primaryImageOfPage\":{\"@id\":\"https:\\\/\\\/patagoniambiental.com.ar\\\/info\\\/el-lobito-de-rio-correntino-desperto-el-interes-de-una-fundacion-britanica\\\/#primaryimage\"},\"image\":{\"@id\":\"https:\\\/\\\/patagoniambiental.com.ar\\\/info\\\/el-lobito-de-rio-correntino-desperto-el-interes-de-una-fundacion-britanica\\\/#primaryimage\"},\"thumbnailUrl\":\"https:\\\/\\\/patagoniambiental.com.ar\\\/info\\\/wp-content\\\/uploads\\\/2022\\\/02\\\/descarga.jpg\",\"datePublished\":\"2022-02-08T22:00:00+00:00\",\"breadcrumb\":{\"@id\":\"https:\\\/\\\/patagoniambiental.com.ar\\\/info\\\/el-lobito-de-rio-correntino-desperto-el-interes-de-una-fundacion-britanica\\\/#breadcrumb\"},\"inLanguage\":\"es\",\"potentialAction\":[{\"@type\":\"ReadAction\",\"target\":[\"https:\\\/\\\/patagoniambiental.com.ar\\\/info\\\/el-lobito-de-rio-correntino-desperto-el-interes-de-una-fundacion-britanica\\\/\"]}]},{\"@type\":\"ImageObject\",\"inLanguage\":\"es\",\"@id\":\"https:\\\/\\\/patagoniambiental.com.ar\\\/info\\\/el-lobito-de-rio-correntino-desperto-el-interes-de-una-fundacion-britanica\\\/#primaryimage\",\"url\":\"https:\\\/\\\/patagoniambiental.com.ar\\\/info\\\/wp-content\\\/uploads\\\/2022\\\/02\\\/descarga.jpg\",\"contentUrl\":\"https:\\\/\\\/patagoniambiental.com.ar\\\/info\\\/wp-content\\\/uploads\\\/2022\\\/02\\\/descarga.jpg\",\"width\":275,\"height\":183},{\"@type\":\"BreadcrumbList\",\"@id\":\"https:\\\/\\\/patagoniambiental.com.ar\\\/info\\\/el-lobito-de-rio-correntino-desperto-el-interes-de-una-fundacion-britanica\\\/#breadcrumb\",\"itemListElement\":[{\"@type\":\"ListItem\",\"position\":1,\"name\":\"Inicio\",\"item\":\"https:\\\/\\\/patagoniambiental.com.ar\\\/info\\\/\"},{\"@type\":\"ListItem\",\"position\":2,\"name\":\"El lobito de r\u00edo correntino despert\u00f3 el inter\u00e9s de una fundaci\u00f3n brit\u00e1nica\"}]},{\"@type\":\"WebSite\",\"@id\":\"https:\\\/\\\/patagoniambiental.com.ar\\\/info\\\/#website\",\"url\":\"https:\\\/\\\/patagoniambiental.com.ar\\\/info\\\/\",\"name\":\"Patagonia Ambiental\",\"description\":\"Monitoreo y an\u00e1lisis de la situaci\u00f3n geopol\u00edtica en el mundo y su implicancia en la Patagonia\",\"publisher\":{\"@id\":\"https:\\\/\\\/patagoniambiental.com.ar\\\/info\\\/#organization\"},\"potentialAction\":[{\"@type\":\"SearchAction\",\"target\":{\"@type\":\"EntryPoint\",\"urlTemplate\":\"https:\\\/\\\/patagoniambiental.com.ar\\\/info\\\/?s={search_term_string}\"},\"query-input\":{\"@type\":\"PropertyValueSpecification\",\"valueRequired\":true,\"valueName\":\"search_term_string\"}}],\"inLanguage\":\"es\"},{\"@type\":\"Organization\",\"@id\":\"https:\\\/\\\/patagoniambiental.com.ar\\\/info\\\/#organization\",\"name\":\"Patagonia Ambiental\",\"url\":\"https:\\\/\\\/patagoniambiental.com.ar\\\/info\\\/\",\"logo\":{\"@type\":\"ImageObject\",\"inLanguage\":\"es\",\"@id\":\"https:\\\/\\\/patagoniambiental.com.ar\\\/info\\\/#\\\/schema\\\/logo\\\/image\\\/\",\"url\":\"https:\\\/\\\/patagoniambiental.com.ar\\\/info\\\/wp-content\\\/uploads\\\/2025\\\/05\\\/LOGO-PATAGONIA-AMBIENTAL.png\",\"contentUrl\":\"https:\\\/\\\/patagoniambiental.com.ar\\\/info\\\/wp-content\\\/uploads\\\/2025\\\/05\\\/LOGO-PATAGONIA-AMBIENTAL.png\",\"width\":433,\"height\":250,\"caption\":\"Patagonia Ambiental\"},\"image\":{\"@id\":\"https:\\\/\\\/patagoniambiental.com.ar\\\/info\\\/#\\\/schema\\\/logo\\\/image\\\/\"},\"sameAs\":[\"https:\\\/\\\/www.facebook.com\\\/patagonia.ambiental\",\"https:\\\/\\\/x.com\\\/PatAmb\"]},{\"@type\":\"Person\",\"@id\":\"https:\\\/\\\/patagoniambiental.com.ar\\\/info\\\/#\\\/schema\\\/person\\\/e5af09d700b2e82cb10c6b8800e0c691\",\"name\":\"BRAIAN ESTEVEZ\",\"sameAs\":[\"http:\\\/\\\/www.patagoniambiental.com.ar\"]}]}<\/script>\n<!-- \/ Yoast SEO Premium plugin. -->","yoast_head_json":{"title":"El lobito de r\u00edo correntino despert\u00f3 el inter\u00e9s de una fundaci\u00f3n brit\u00e1nica","robots":{"index":"index","follow":"follow","max-snippet":"max-snippet:-1","max-image-preview":"max-image-preview:large","max-video-preview":"max-video-preview:-1"},"canonical":"https:\/\/patagoniambiental.com.ar\/info\/el-lobito-de-rio-correntino-desperto-el-interes-de-una-fundacion-britanica\/","og_locale":"es_ES","og_type":"article","og_title":"El lobito de r\u00edo correntino despert\u00f3 el inter\u00e9s de una fundaci\u00f3n brit\u00e1nica","og_url":"https:\/\/patagoniambiental.com.ar\/info\/el-lobito-de-rio-correntino-desperto-el-interes-de-una-fundacion-britanica\/","og_site_name":"Patagonia Ambiental","article_publisher":"https:\/\/www.facebook.com\/patagonia.ambiental","article_published_time":"2022-02-08T22:00:00+00:00","og_image":[{"width":275,"height":183,"url":"https:\/\/patagoniambiental.com.ar\/info\/wp-content\/uploads\/2022\/02\/descarga.jpg","type":"image\/jpeg"}],"author":"BRAIAN ESTEVEZ","twitter_card":"summary_large_image","twitter_creator":"@PatAmb","twitter_site":"@PatAmb","schema":{"@context":"https:\/\/schema.org","@graph":[{"@type":"Article","@id":"https:\/\/patagoniambiental.com.ar\/info\/el-lobito-de-rio-correntino-desperto-el-interes-de-una-fundacion-britanica\/#article","isPartOf":{"@id":"https:\/\/patagoniambiental.com.ar\/info\/el-lobito-de-rio-correntino-desperto-el-interes-de-una-fundacion-britanica\/"},"author":{"name":"BRAIAN ESTEVEZ","@id":"https:\/\/patagoniambiental.com.ar\/info\/#\/schema\/person\/e5af09d700b2e82cb10c6b8800e0c691"},"headline":"El lobito de r\u00edo correntino despert\u00f3 el inter\u00e9s de una fundaci\u00f3n brit\u00e1nica","datePublished":"2022-02-08T22:00:00+00:00","mainEntityOfPage":{"@id":"https:\/\/patagoniambiental.com.ar\/info\/el-lobito-de-rio-correntino-desperto-el-interes-de-una-fundacion-britanica\/"},"wordCount":480,"commentCount":0,"publisher":{"@id":"https:\/\/patagoniambiental.com.ar\/info\/#organization"},"image":{"@id":"https:\/\/patagoniambiental.com.ar\/info\/el-lobito-de-rio-correntino-desperto-el-interes-de-una-fundacion-britanica\/#primaryimage"},"thumbnailUrl":"https:\/\/patagoniambiental.com.ar\/info\/wp-content\/uploads\/2022\/02\/descarga.jpg","articleSection":["Noticias"],"inLanguage":"es","potentialAction":[{"@type":"CommentAction","name":"Comment","target":["https:\/\/patagoniambiental.com.ar\/info\/el-lobito-de-rio-correntino-desperto-el-interes-de-una-fundacion-britanica\/#respond"]}]},{"@type":"WebPage","@id":"https:\/\/patagoniambiental.com.ar\/info\/el-lobito-de-rio-correntino-desperto-el-interes-de-una-fundacion-britanica\/","url":"https:\/\/patagoniambiental.com.ar\/info\/el-lobito-de-rio-correntino-desperto-el-interes-de-una-fundacion-britanica\/","name":"El lobito de r\u00edo correntino despert\u00f3 el inter\u00e9s de una fundaci\u00f3n brit\u00e1nica","isPartOf":{"@id":"https:\/\/patagoniambiental.com.ar\/info\/#website"},"primaryImageOfPage":{"@id":"https:\/\/patagoniambiental.com.ar\/info\/el-lobito-de-rio-correntino-desperto-el-interes-de-una-fundacion-britanica\/#primaryimage"},"image":{"@id":"https:\/\/patagoniambiental.com.ar\/info\/el-lobito-de-rio-correntino-desperto-el-interes-de-una-fundacion-britanica\/#primaryimage"},"thumbnailUrl":"https:\/\/patagoniambiental.com.ar\/info\/wp-content\/uploads\/2022\/02\/descarga.jpg","datePublished":"2022-02-08T22:00:00+00:00","breadcrumb":{"@id":"https:\/\/patagoniambiental.com.ar\/info\/el-lobito-de-rio-correntino-desperto-el-interes-de-una-fundacion-britanica\/#breadcrumb"},"inLanguage":"es","potentialAction":[{"@type":"ReadAction","target":["https:\/\/patagoniambiental.com.ar\/info\/el-lobito-de-rio-correntino-desperto-el-interes-de-una-fundacion-britanica\/"]}]},{"@type":"ImageObject","inLanguage":"es","@id":"https:\/\/patagoniambiental.com.ar\/info\/el-lobito-de-rio-correntino-desperto-el-interes-de-una-fundacion-britanica\/#primaryimage","url":"https:\/\/patagoniambiental.com.ar\/info\/wp-content\/uploads\/2022\/02\/descarga.jpg","contentUrl":"https:\/\/patagoniambiental.com.ar\/info\/wp-content\/uploads\/2022\/02\/descarga.jpg","width":275,"height":183},{"@type":"BreadcrumbList","@id":"https:\/\/patagoniambiental.com.ar\/info\/el-lobito-de-rio-correntino-desperto-el-interes-de-una-fundacion-britanica\/#breadcrumb","itemListElement":[{"@type":"ListItem","position":1,"name":"Inicio","item":"https:\/\/patagoniambiental.com.ar\/info\/"},{"@type":"ListItem","position":2,"name":"El lobito de r\u00edo correntino despert\u00f3 el inter\u00e9s de una fundaci\u00f3n brit\u00e1nica"}]},{"@type":"WebSite","@id":"https:\/\/patagoniambiental.com.ar\/info\/#website","url":"https:\/\/patagoniambiental.com.ar\/info\/","name":"Patagonia Ambiental","description":"Monitoreo y an\u00e1lisis de la situaci\u00f3n geopol\u00edtica en el mundo y su implicancia en la Patagonia","publisher":{"@id":"https:\/\/patagoniambiental.com.ar\/info\/#organization"},"potentialAction":[{"@type":"SearchAction","target":{"@type":"EntryPoint","urlTemplate":"https:\/\/patagoniambiental.com.ar\/info\/?s={search_term_string}"},"query-input":{"@type":"PropertyValueSpecification","valueRequired":true,"valueName":"search_term_string"}}],"inLanguage":"es"},{"@type":"Organization","@id":"https:\/\/patagoniambiental.com.ar\/info\/#organization","name":"Patagonia Ambiental","url":"https:\/\/patagoniambiental.com.ar\/info\/","logo":{"@type":"ImageObject","inLanguage":"es","@id":"https:\/\/patagoniambiental.com.ar\/info\/#\/schema\/logo\/image\/","url":"https:\/\/patagoniambiental.com.ar\/info\/wp-content\/uploads\/2025\/05\/LOGO-PATAGONIA-AMBIENTAL.png","contentUrl":"https:\/\/patagoniambiental.com.ar\/info\/wp-content\/uploads\/2025\/05\/LOGO-PATAGONIA-AMBIENTAL.png","width":433,"height":250,"caption":"Patagonia Ambiental"},"image":{"@id":"https:\/\/patagoniambiental.com.ar\/info\/#\/schema\/logo\/image\/"},"sameAs":["https:\/\/www.facebook.com\/patagonia.ambiental","https:\/\/x.com\/PatAmb"]},{"@type":"Person","@id":"https:\/\/patagoniambiental.com.ar\/info\/#\/schema\/person\/e5af09d700b2e82cb10c6b8800e0c691","name":"BRAIAN ESTEVEZ","sameAs":["http:\/\/www.patagoniambiental.com.ar"]}]}},"_links":{"self":[{"href":"https:\/\/patagoniambiental.com.ar\/info\/wp-json\/wp\/v2\/posts\/75167","targetHints":{"allow":["GET"]}}],"collection":[{"href":"https:\/\/patagoniambiental.com.ar\/info\/wp-json\/wp\/v2\/posts"}],"about":[{"href":"https:\/\/patagoniambiental.com.ar\/info\/wp-json\/wp\/v2\/types\/post"}],"author":[{"embeddable":true,"href":"https:\/\/patagoniambiental.com.ar\/info\/wp-json\/wp\/v2\/users\/6"}],"replies":[{"embeddable":true,"href":"https:\/\/patagoniambiental.com.ar\/info\/wp-json\/wp\/v2\/comments?post=75167"}],"version-history":[{"count":0,"href":"https:\/\/patagoniambiental.com.ar\/info\/wp-json\/wp\/v2\/posts\/75167\/revisions"}],"wp:featuredmedia":[{"embeddable":true,"href":"https:\/\/patagoniambiental.com.ar\/info\/wp-json\/wp\/v2\/media\/75168"}],"wp:attachment":[{"href":"https:\/\/patagoniambiental.com.ar\/info\/wp-json\/wp\/v2\/media?parent=75167"}],"wp:term":[{"taxonomy":"category","embeddable":true,"href":"https:\/\/patagoniambiental.com.ar\/info\/wp-json\/wp\/v2\/categories?post=75167"},{"taxonomy":"post_tag","embeddable":true,"href":"https:\/\/patagoniambiental.com.ar\/info\/wp-json\/wp\/v2\/tags?post=75167"}],"curies":[{"name":"wp","href":"https:\/\/api.w.org\/{rel}","templated":true}]}}