{"id":75177,"date":"2022-02-09T07:00:00","date_gmt":"2022-02-09T10:00:00","guid":{"rendered":"http:\/\/patagoniambiental.com.ar\/info\/?p=75177"},"modified":"2022-02-09T23:34:41","modified_gmt":"2022-02-10T02:34:41","slug":"la-municipalidad-de-ushuaia-retomo-la-compactacion-de-chatarra","status":"publish","type":"post","link":"https:\/\/patagoniambiental.com.ar\/info\/la-municipalidad-de-ushuaia-retomo-la-compactacion-de-chatarra\/","title":{"rendered":"La Municipalidad de Ushuaia retom\u00f3 la compactaci\u00f3n de chatarra"},"content":{"rendered":"\n<!--more-->\n\n\n\n<p>Ushuaia.-Se compactar\u00e1n unas 5 mil toneladas de chatarra que fue retirada de distintos puntos de la ciudad en los \u00faltimos a\u00f1os. Las tareas se enmarcan en el plan integral de gesti\u00f3n ambiental. Los vecinos que quieran solicitar el servicio de retiro de chatarra, pueden comunicarse al 2901-441816 o dirigirse a Tekenika 487.>La Municipalidad de Ushuaia, a trav\u00e9s de la Secretar\u00eda de Medio Ambiente, retom\u00f3 las tareas de tratamiento y compactaci\u00f3n de chatarra que fue retirada de distintos puntos de la ciudad durante los \u00faltimos a\u00f1os. Se trata de unas cinco mil toneladas, que ser\u00e1n enviadas en forma paulatina para su tratamiento en el continente.<br>>El secretario de Medio Ambiente, Mauro P\u00e9rez Toscani explic\u00f3 que \u201cen el marco del programa que lleva adelante esta secretar\u00eda a trav\u00e9s de la Direcci\u00f3n de Residuos y la empresa de Trinidad Overseas S.A., retomamos esta semana las tareas de compactaci\u00f3n y tratamiento de la chatarra de la ciudad, en la que estimamos que hay unas cinco mil toneladas de chatarra que implicar\u00e1n 90 d\u00edas de tratamiento para poder compactar la totalidad, teniendo en cuenta las condiciones clim\u00e1ticas y operativas\u201d.<br>Asimismo, el funcionario anticip\u00f3 que \u201cla empresa, luego gestionar\u00e1 el despacho de los residuos con destino a Buenos Aires, teniendo en cuenta que el env\u00edo se realizar\u00e1 por barco y las cargas son de mil toneladas\u201d, dijo.<br>P\u00e9rez Toscani agreg\u00f3 que \u2018mediante un trabajo coordinado entre el Comando Conjunto Ant\u00e1rtico, el Ministerio de Defensa de la Naci\u00f3n y el Municipio, el viernes pasado recibimos una carga de residuos ant\u00e1rticos para realizar su tratamiento, donde algunos fueron al centro de residuos recuperables y los de material ferroso llegaron al predio de la chatarra para su compactaci\u00f3n y de esta forma, garantizar su trazabilidad\u201d.<br>El Secretario afirm\u00f3 que \u201cestas medidas se enmarcan en el trabajo integral de gesti\u00f3n de residuos que viene llevando adelante el intendente, Walter Vuoto\u201d, y destac\u00f3 que en tal sentido, \u201cno solo se generaron acciones puntuales de intervenci\u00f3n, sino que adem\u00e1s existe una pol\u00edtica p\u00fablica muy clara e integral sobre la gesti\u00f3n ambiental de la ciudad y de los residuos\u201d.<br>El funcionario remarc\u00f3 que \u201csiempre se busca sumar los principios de la econom\u00eda circular, y as\u00ed, generar mejoras ambientales, nuevos puestos de trabajo y lograr materias primas a partir del aprovechamiento y valorizaci\u00f3n de los residuos\u201d, sostuvo.<br>Los vecinos que quieran solicitar el retiro de chatarra, pueden comunicarse con la Secretar\u00eda de Medio Ambiente municipal al tel\u00e9fono 2901-441816 o dirigirse a Tekenika 487.<br>Noticia de : El Diario De El Fin Del Mundo<\/p>\n\n\n\n<p>Fuente: http:\/\/www.patagoniatvtour.com\/inicio\/noticia\/24849<\/p>\n","protected":false},"excerpt":{"rendered":"","protected":false},"author":6,"featured_media":75178,"comment_status":"open","ping_status":"open","sticky":false,"template":"","format":"standard","meta":{"site-sidebar-layout":"default","site-content-layout":"","ast-site-content-layout":"default","site-content-style":"default","site-sidebar-style":"default","ast-global-header-display":"","ast-banner-title-visibility":"","ast-main-header-display":"","ast-hfb-above-header-display":"","ast-hfb-below-header-display":"","ast-hfb-mobile-header-display":"","site-post-title":"","ast-breadcrumbs-content":"","ast-featured-img":"","footer-sml-layout":"","ast-disable-related-posts":"","theme-transparent-header-meta":"","adv-header-id-meta":"","stick-header-meta":"","header-above-stick-meta":"","header-main-stick-meta":"","header-below-stick-meta":"","astra-migrate-meta-layouts":"default","ast-page-background-enabled":"default","ast-page-background-meta":{"desktop":{"background-color":"var(--ast-global-color-5)","background-image":"","background-repeat":"repeat","background-position":"center center","background-size":"auto","background-attachment":"scroll","background-type":"","background-media":"","overlay-type":"","overlay-color":"","overlay-opacity":"","overlay-gradient":""},"tablet":{"background-color":"","background-image":"","background-repeat":"repeat","background-position":"center center","background-size":"auto","background-attachment":"scroll","background-type":"","background-media":"","overlay-type":"","overlay-color":"","overlay-opacity":"","overlay-gradient":""},"mobile":{"background-color":"","background-image":"","background-repeat":"repeat","background-position":"center center","background-size":"auto","background-attachment":"scroll","background-type":"","background-media":"","overlay-type":"","overlay-color":"","overlay-opacity":"","overlay-gradient":""}},"ast-content-background-meta":{"desktop":{"background-color":"var(--ast-global-color-4)","background-image":"","background-repeat":"repeat","background-position":"center center","background-size":"auto","background-attachment":"scroll","background-type":"","background-media":"","overlay-type":"","overlay-color":"","overlay-opacity":"","overlay-gradient":""},"tablet":{"background-color":"var(--ast-global-color-4)","background-image":"","background-repeat":"repeat","background-position":"center center","background-size":"auto","background-attachment":"scroll","background-type":"","background-media":"","overlay-type":"","overlay-color":"","overlay-opacity":"","overlay-gradient":""},"mobile":{"background-color":"var(--ast-global-color-4)","background-image":"","background-repeat":"repeat","background-position":"center center","background-size":"auto","background-attachment":"scroll","background-type":"","background-media":"","overlay-type":"","overlay-color":"","overlay-opacity":"","overlay-gradient":""}},"footnotes":""},"categories":[1],"tags":[],"class_list":["post-75177","post","type-post","status-publish","format-standard","has-post-thumbnail","hentry","category-noticias"],"yoast_head":"<!-- This site is optimized with the Yoast SEO Premium plugin v23.0 (Yoast SEO v27.5) - https:\/\/yoast.com\/product\/yoast-seo-premium-wordpress\/ -->\n<title>La Municipalidad de Ushuaia retom\u00f3 la compactaci\u00f3n de chatarra<\/title>\n<meta name=\"robots\" content=\"index, follow, max-snippet:-1, max-image-preview:large, max-video-preview:-1\" \/>\n<link rel=\"canonical\" href=\"https:\/\/patagoniambiental.com.ar\/info\/la-municipalidad-de-ushuaia-retomo-la-compactacion-de-chatarra\/\" \/>\n<meta property=\"og:locale\" content=\"es_ES\" \/>\n<meta property=\"og:type\" content=\"article\" \/>\n<meta property=\"og:title\" content=\"La Municipalidad de Ushuaia retom\u00f3 la compactaci\u00f3n de chatarra\" \/>\n<meta property=\"og:url\" content=\"https:\/\/patagoniambiental.com.ar\/info\/la-municipalidad-de-ushuaia-retomo-la-compactacion-de-chatarra\/\" \/>\n<meta property=\"og:site_name\" content=\"Patagonia Ambiental\" \/>\n<meta property=\"article:publisher\" content=\"https:\/\/www.facebook.com\/patagonia.ambiental\" \/>\n<meta property=\"article:published_time\" content=\"2022-02-09T10:00:00+00:00\" \/>\n<meta property=\"article:modified_time\" content=\"2022-02-10T02:34:41+00:00\" \/>\n<meta property=\"og:image\" content=\"https:\/\/patagoniambiental.com.ar\/info\/wp-content\/uploads\/2022\/02\/345.jpg\" \/>\n\t<meta property=\"og:image:width\" content=\"800\" \/>\n\t<meta property=\"og:image:height\" content=\"529\" \/>\n\t<meta property=\"og:image:type\" content=\"image\/jpeg\" \/>\n<meta name=\"author\" content=\"BRAIAN ESTEVEZ\" \/>\n<meta name=\"twitter:card\" content=\"summary_large_image\" \/>\n<meta name=\"twitter:creator\" content=\"@PatAmb\" \/>\n<meta name=\"twitter:site\" content=\"@PatAmb\" \/>\n<script type=\"application\/ld+json\" class=\"yoast-schema-graph\">{\"@context\":\"https:\\\/\\\/schema.org\",\"@graph\":[{\"@type\":\"Article\",\"@id\":\"https:\\\/\\\/patagoniambiental.com.ar\\\/info\\\/la-municipalidad-de-ushuaia-retomo-la-compactacion-de-chatarra\\\/#article\",\"isPartOf\":{\"@id\":\"https:\\\/\\\/patagoniambiental.com.ar\\\/info\\\/la-municipalidad-de-ushuaia-retomo-la-compactacion-de-chatarra\\\/\"},\"author\":{\"name\":\"BRAIAN ESTEVEZ\",\"@id\":\"https:\\\/\\\/patagoniambiental.com.ar\\\/info\\\/#\\\/schema\\\/person\\\/e5af09d700b2e82cb10c6b8800e0c691\"},\"headline\":\"La Municipalidad de Ushuaia retom\u00f3 la compactaci\u00f3n de chatarra\",\"datePublished\":\"2022-02-09T10:00:00+00:00\",\"dateModified\":\"2022-02-10T02:34:41+00:00\",\"mainEntityOfPage\":{\"@id\":\"https:\\\/\\\/patagoniambiental.com.ar\\\/info\\\/la-municipalidad-de-ushuaia-retomo-la-compactacion-de-chatarra\\\/\"},\"wordCount\":466,\"commentCount\":0,\"publisher\":{\"@id\":\"https:\\\/\\\/patagoniambiental.com.ar\\\/info\\\/#organization\"},\"image\":{\"@id\":\"https:\\\/\\\/patagoniambiental.com.ar\\\/info\\\/la-municipalidad-de-ushuaia-retomo-la-compactacion-de-chatarra\\\/#primaryimage\"},\"thumbnailUrl\":\"https:\\\/\\\/patagoniambiental.com.ar\\\/info\\\/wp-content\\\/uploads\\\/2022\\\/02\\\/345.jpg\",\"articleSection\":[\"Noticias\"],\"inLanguage\":\"es\",\"potentialAction\":[{\"@type\":\"CommentAction\",\"name\":\"Comment\",\"target\":[\"https:\\\/\\\/patagoniambiental.com.ar\\\/info\\\/la-municipalidad-de-ushuaia-retomo-la-compactacion-de-chatarra\\\/#respond\"]}]},{\"@type\":\"WebPage\",\"@id\":\"https:\\\/\\\/patagoniambiental.com.ar\\\/info\\\/la-municipalidad-de-ushuaia-retomo-la-compactacion-de-chatarra\\\/\",\"url\":\"https:\\\/\\\/patagoniambiental.com.ar\\\/info\\\/la-municipalidad-de-ushuaia-retomo-la-compactacion-de-chatarra\\\/\",\"name\":\"La Municipalidad de Ushuaia retom\u00f3 la compactaci\u00f3n de chatarra\",\"isPartOf\":{\"@id\":\"https:\\\/\\\/patagoniambiental.com.ar\\\/info\\\/#website\"},\"primaryImageOfPage\":{\"@id\":\"https:\\\/\\\/patagoniambiental.com.ar\\\/info\\\/la-municipalidad-de-ushuaia-retomo-la-compactacion-de-chatarra\\\/#primaryimage\"},\"image\":{\"@id\":\"https:\\\/\\\/patagoniambiental.com.ar\\\/info\\\/la-municipalidad-de-ushuaia-retomo-la-compactacion-de-chatarra\\\/#primaryimage\"},\"thumbnailUrl\":\"https:\\\/\\\/patagoniambiental.com.ar\\\/info\\\/wp-content\\\/uploads\\\/2022\\\/02\\\/345.jpg\",\"datePublished\":\"2022-02-09T10:00:00+00:00\",\"dateModified\":\"2022-02-10T02:34:41+00:00\",\"breadcrumb\":{\"@id\":\"https:\\\/\\\/patagoniambiental.com.ar\\\/info\\\/la-municipalidad-de-ushuaia-retomo-la-compactacion-de-chatarra\\\/#breadcrumb\"},\"inLanguage\":\"es\",\"potentialAction\":[{\"@type\":\"ReadAction\",\"target\":[\"https:\\\/\\\/patagoniambiental.com.ar\\\/info\\\/la-municipalidad-de-ushuaia-retomo-la-compactacion-de-chatarra\\\/\"]}]},{\"@type\":\"ImageObject\",\"inLanguage\":\"es\",\"@id\":\"https:\\\/\\\/patagoniambiental.com.ar\\\/info\\\/la-municipalidad-de-ushuaia-retomo-la-compactacion-de-chatarra\\\/#primaryimage\",\"url\":\"https:\\\/\\\/patagoniambiental.com.ar\\\/info\\\/wp-content\\\/uploads\\\/2022\\\/02\\\/345.jpg\",\"contentUrl\":\"https:\\\/\\\/patagoniambiental.com.ar\\\/info\\\/wp-content\\\/uploads\\\/2022\\\/02\\\/345.jpg\",\"width\":800,\"height\":529},{\"@type\":\"BreadcrumbList\",\"@id\":\"https:\\\/\\\/patagoniambiental.com.ar\\\/info\\\/la-municipalidad-de-ushuaia-retomo-la-compactacion-de-chatarra\\\/#breadcrumb\",\"itemListElement\":[{\"@type\":\"ListItem\",\"position\":1,\"name\":\"Inicio\",\"item\":\"https:\\\/\\\/patagoniambiental.com.ar\\\/info\\\/\"},{\"@type\":\"ListItem\",\"position\":2,\"name\":\"La Municipalidad de Ushuaia retom\u00f3 la compactaci\u00f3n de chatarra\"}]},{\"@type\":\"WebSite\",\"@id\":\"https:\\\/\\\/patagoniambiental.com.ar\\\/info\\\/#website\",\"url\":\"https:\\\/\\\/patagoniambiental.com.ar\\\/info\\\/\",\"name\":\"Patagonia Ambiental\",\"description\":\"Monitoreo y an\u00e1lisis de la situaci\u00f3n geopol\u00edtica en el mundo y su implicancia en la Patagonia\",\"publisher\":{\"@id\":\"https:\\\/\\\/patagoniambiental.com.ar\\\/info\\\/#organization\"},\"potentialAction\":[{\"@type\":\"SearchAction\",\"target\":{\"@type\":\"EntryPoint\",\"urlTemplate\":\"https:\\\/\\\/patagoniambiental.com.ar\\\/info\\\/?s={search_term_string}\"},\"query-input\":{\"@type\":\"PropertyValueSpecification\",\"valueRequired\":true,\"valueName\":\"search_term_string\"}}],\"inLanguage\":\"es\"},{\"@type\":\"Organization\",\"@id\":\"https:\\\/\\\/patagoniambiental.com.ar\\\/info\\\/#organization\",\"name\":\"Patagonia Ambiental\",\"url\":\"https:\\\/\\\/patagoniambiental.com.ar\\\/info\\\/\",\"logo\":{\"@type\":\"ImageObject\",\"inLanguage\":\"es\",\"@id\":\"https:\\\/\\\/patagoniambiental.com.ar\\\/info\\\/#\\\/schema\\\/logo\\\/image\\\/\",\"url\":\"https:\\\/\\\/patagoniambiental.com.ar\\\/info\\\/wp-content\\\/uploads\\\/2025\\\/05\\\/LOGO-PATAGONIA-AMBIENTAL.png\",\"contentUrl\":\"https:\\\/\\\/patagoniambiental.com.ar\\\/info\\\/wp-content\\\/uploads\\\/2025\\\/05\\\/LOGO-PATAGONIA-AMBIENTAL.png\",\"width\":433,\"height\":250,\"caption\":\"Patagonia Ambiental\"},\"image\":{\"@id\":\"https:\\\/\\\/patagoniambiental.com.ar\\\/info\\\/#\\\/schema\\\/logo\\\/image\\\/\"},\"sameAs\":[\"https:\\\/\\\/www.facebook.com\\\/patagonia.ambiental\",\"https:\\\/\\\/x.com\\\/PatAmb\"]},{\"@type\":\"Person\",\"@id\":\"https:\\\/\\\/patagoniambiental.com.ar\\\/info\\\/#\\\/schema\\\/person\\\/e5af09d700b2e82cb10c6b8800e0c691\",\"name\":\"BRAIAN ESTEVEZ\",\"sameAs\":[\"http:\\\/\\\/www.patagoniambiental.com.ar\"]}]}<\/script>\n<!-- \/ Yoast SEO Premium plugin. -->","yoast_head_json":{"title":"La Municipalidad de Ushuaia retom\u00f3 la compactaci\u00f3n de chatarra","robots":{"index":"index","follow":"follow","max-snippet":"max-snippet:-1","max-image-preview":"max-image-preview:large","max-video-preview":"max-video-preview:-1"},"canonical":"https:\/\/patagoniambiental.com.ar\/info\/la-municipalidad-de-ushuaia-retomo-la-compactacion-de-chatarra\/","og_locale":"es_ES","og_type":"article","og_title":"La Municipalidad de Ushuaia retom\u00f3 la compactaci\u00f3n de chatarra","og_url":"https:\/\/patagoniambiental.com.ar\/info\/la-municipalidad-de-ushuaia-retomo-la-compactacion-de-chatarra\/","og_site_name":"Patagonia Ambiental","article_publisher":"https:\/\/www.facebook.com\/patagonia.ambiental","article_published_time":"2022-02-09T10:00:00+00:00","article_modified_time":"2022-02-10T02:34:41+00:00","og_image":[{"width":800,"height":529,"url":"https:\/\/patagoniambiental.com.ar\/info\/wp-content\/uploads\/2022\/02\/345.jpg","type":"image\/jpeg"}],"author":"BRAIAN ESTEVEZ","twitter_card":"summary_large_image","twitter_creator":"@PatAmb","twitter_site":"@PatAmb","schema":{"@context":"https:\/\/schema.org","@graph":[{"@type":"Article","@id":"https:\/\/patagoniambiental.com.ar\/info\/la-municipalidad-de-ushuaia-retomo-la-compactacion-de-chatarra\/#article","isPartOf":{"@id":"https:\/\/patagoniambiental.com.ar\/info\/la-municipalidad-de-ushuaia-retomo-la-compactacion-de-chatarra\/"},"author":{"name":"BRAIAN ESTEVEZ","@id":"https:\/\/patagoniambiental.com.ar\/info\/#\/schema\/person\/e5af09d700b2e82cb10c6b8800e0c691"},"headline":"La Municipalidad de Ushuaia retom\u00f3 la compactaci\u00f3n de chatarra","datePublished":"2022-02-09T10:00:00+00:00","dateModified":"2022-02-10T02:34:41+00:00","mainEntityOfPage":{"@id":"https:\/\/patagoniambiental.com.ar\/info\/la-municipalidad-de-ushuaia-retomo-la-compactacion-de-chatarra\/"},"wordCount":466,"commentCount":0,"publisher":{"@id":"https:\/\/patagoniambiental.com.ar\/info\/#organization"},"image":{"@id":"https:\/\/patagoniambiental.com.ar\/info\/la-municipalidad-de-ushuaia-retomo-la-compactacion-de-chatarra\/#primaryimage"},"thumbnailUrl":"https:\/\/patagoniambiental.com.ar\/info\/wp-content\/uploads\/2022\/02\/345.jpg","articleSection":["Noticias"],"inLanguage":"es","potentialAction":[{"@type":"CommentAction","name":"Comment","target":["https:\/\/patagoniambiental.com.ar\/info\/la-municipalidad-de-ushuaia-retomo-la-compactacion-de-chatarra\/#respond"]}]},{"@type":"WebPage","@id":"https:\/\/patagoniambiental.com.ar\/info\/la-municipalidad-de-ushuaia-retomo-la-compactacion-de-chatarra\/","url":"https:\/\/patagoniambiental.com.ar\/info\/la-municipalidad-de-ushuaia-retomo-la-compactacion-de-chatarra\/","name":"La Municipalidad de Ushuaia retom\u00f3 la compactaci\u00f3n de chatarra","isPartOf":{"@id":"https:\/\/patagoniambiental.com.ar\/info\/#website"},"primaryImageOfPage":{"@id":"https:\/\/patagoniambiental.com.ar\/info\/la-municipalidad-de-ushuaia-retomo-la-compactacion-de-chatarra\/#primaryimage"},"image":{"@id":"https:\/\/patagoniambiental.com.ar\/info\/la-municipalidad-de-ushuaia-retomo-la-compactacion-de-chatarra\/#primaryimage"},"thumbnailUrl":"https:\/\/patagoniambiental.com.ar\/info\/wp-content\/uploads\/2022\/02\/345.jpg","datePublished":"2022-02-09T10:00:00+00:00","dateModified":"2022-02-10T02:34:41+00:00","breadcrumb":{"@id":"https:\/\/patagoniambiental.com.ar\/info\/la-municipalidad-de-ushuaia-retomo-la-compactacion-de-chatarra\/#breadcrumb"},"inLanguage":"es","potentialAction":[{"@type":"ReadAction","target":["https:\/\/patagoniambiental.com.ar\/info\/la-municipalidad-de-ushuaia-retomo-la-compactacion-de-chatarra\/"]}]},{"@type":"ImageObject","inLanguage":"es","@id":"https:\/\/patagoniambiental.com.ar\/info\/la-municipalidad-de-ushuaia-retomo-la-compactacion-de-chatarra\/#primaryimage","url":"https:\/\/patagoniambiental.com.ar\/info\/wp-content\/uploads\/2022\/02\/345.jpg","contentUrl":"https:\/\/patagoniambiental.com.ar\/info\/wp-content\/uploads\/2022\/02\/345.jpg","width":800,"height":529},{"@type":"BreadcrumbList","@id":"https:\/\/patagoniambiental.com.ar\/info\/la-municipalidad-de-ushuaia-retomo-la-compactacion-de-chatarra\/#breadcrumb","itemListElement":[{"@type":"ListItem","position":1,"name":"Inicio","item":"https:\/\/patagoniambiental.com.ar\/info\/"},{"@type":"ListItem","position":2,"name":"La Municipalidad de Ushuaia retom\u00f3 la compactaci\u00f3n de chatarra"}]},{"@type":"WebSite","@id":"https:\/\/patagoniambiental.com.ar\/info\/#website","url":"https:\/\/patagoniambiental.com.ar\/info\/","name":"Patagonia Ambiental","description":"Monitoreo y an\u00e1lisis de la situaci\u00f3n geopol\u00edtica en el mundo y su implicancia en la Patagonia","publisher":{"@id":"https:\/\/patagoniambiental.com.ar\/info\/#organization"},"potentialAction":[{"@type":"SearchAction","target":{"@type":"EntryPoint","urlTemplate":"https:\/\/patagoniambiental.com.ar\/info\/?s={search_term_string}"},"query-input":{"@type":"PropertyValueSpecification","valueRequired":true,"valueName":"search_term_string"}}],"inLanguage":"es"},{"@type":"Organization","@id":"https:\/\/patagoniambiental.com.ar\/info\/#organization","name":"Patagonia Ambiental","url":"https:\/\/patagoniambiental.com.ar\/info\/","logo":{"@type":"ImageObject","inLanguage":"es","@id":"https:\/\/patagoniambiental.com.ar\/info\/#\/schema\/logo\/image\/","url":"https:\/\/patagoniambiental.com.ar\/info\/wp-content\/uploads\/2025\/05\/LOGO-PATAGONIA-AMBIENTAL.png","contentUrl":"https:\/\/patagoniambiental.com.ar\/info\/wp-content\/uploads\/2025\/05\/LOGO-PATAGONIA-AMBIENTAL.png","width":433,"height":250,"caption":"Patagonia Ambiental"},"image":{"@id":"https:\/\/patagoniambiental.com.ar\/info\/#\/schema\/logo\/image\/"},"sameAs":["https:\/\/www.facebook.com\/patagonia.ambiental","https:\/\/x.com\/PatAmb"]},{"@type":"Person","@id":"https:\/\/patagoniambiental.com.ar\/info\/#\/schema\/person\/e5af09d700b2e82cb10c6b8800e0c691","name":"BRAIAN ESTEVEZ","sameAs":["http:\/\/www.patagoniambiental.com.ar"]}]}},"_links":{"self":[{"href":"https:\/\/patagoniambiental.com.ar\/info\/wp-json\/wp\/v2\/posts\/75177","targetHints":{"allow":["GET"]}}],"collection":[{"href":"https:\/\/patagoniambiental.com.ar\/info\/wp-json\/wp\/v2\/posts"}],"about":[{"href":"https:\/\/patagoniambiental.com.ar\/info\/wp-json\/wp\/v2\/types\/post"}],"author":[{"embeddable":true,"href":"https:\/\/patagoniambiental.com.ar\/info\/wp-json\/wp\/v2\/users\/6"}],"replies":[{"embeddable":true,"href":"https:\/\/patagoniambiental.com.ar\/info\/wp-json\/wp\/v2\/comments?post=75177"}],"version-history":[{"count":0,"href":"https:\/\/patagoniambiental.com.ar\/info\/wp-json\/wp\/v2\/posts\/75177\/revisions"}],"wp:featuredmedia":[{"embeddable":true,"href":"https:\/\/patagoniambiental.com.ar\/info\/wp-json\/wp\/v2\/media\/75178"}],"wp:attachment":[{"href":"https:\/\/patagoniambiental.com.ar\/info\/wp-json\/wp\/v2\/media?parent=75177"}],"wp:term":[{"taxonomy":"category","embeddable":true,"href":"https:\/\/patagoniambiental.com.ar\/info\/wp-json\/wp\/v2\/categories?post=75177"},{"taxonomy":"post_tag","embeddable":true,"href":"https:\/\/patagoniambiental.com.ar\/info\/wp-json\/wp\/v2\/tags?post=75177"}],"curies":[{"name":"wp","href":"https:\/\/api.w.org\/{rel}","templated":true}]}}