{"id":75180,"date":"2022-02-09T19:00:00","date_gmt":"2022-02-09T22:00:00","guid":{"rendered":"http:\/\/patagoniambiental.com.ar\/info\/?p=75180"},"modified":"2022-02-09T23:40:08","modified_gmt":"2022-02-10T02:40:08","slug":"programa-exploradores-del-parque-patagonia-una-oportunidad-unica-para-los-ninos-del-noroeste-santacruceno","status":"publish","type":"post","link":"https:\/\/patagoniambiental.com.ar\/info\/programa-exploradores-del-parque-patagonia-una-oportunidad-unica-para-los-ninos-del-noroeste-santacruceno\/","title":{"rendered":"Programa \u201cExploradores del Parque Patagonia\u201d: una oportunidad \u00fanica para los ni\u00f1os del noroeste santacruce\u00f1o"},"content":{"rendered":"\n<!--more-->\n\n\n\n<p>La Secretar\u00eda de Estado de Ambiente, informa que chicos y chicas de las localidades vecinas al Parque Patagonia pueden sumarse a esta actividad sin costo que incentiva el conocimiento de su lugar, aprendiendo sobre su biodiversidad, recorriendo sus senderos y durmiendo bajo sus estrellas.<\/p>\n\n\n\n<ul class=\"wp-block-list\"><li><small><time>09\/02\/2022 \u2022 17:27<\/time><\/small><\/li><\/ul>\n\n\n\n<figure class=\"wp-block-image\"><img decoding=\"async\" src=\"https:\/\/www.tiemposur.com.ar\/uploads\/noticia_galeria\/2022\/02\/09\/file_130933_main1\" alt=\"Programa \u201cExploradores del Parque Patagonia\u201d\"\/><\/figure>\n\n\n\n<p>Programa \u201cExploradores del Parque Patagonia\u201d<\/p>\n\n\n\n<p>El noroeste de Santa Cruz est\u00e1 viviendo una excelente temporada tur\u00edstica, seg\u00fan lo indican las autoridades y los prestadores de servicios tur\u00edsticos de la zona. Sin duda, esta afluencia de p\u00fablico&nbsp;<strong>responde a la variada oferta de actividades y un marco natural inmejorable para disfrutarlas.<\/strong><a href=\"https:\/\/www.tiemposur.com.ar\/info-general\/marley-visita-santa-cruz-para-conocer-la-patagonia-infinita\">MIRA TAMBIENMarley visita Santa Cruz para conocer la Patagonia Infinita<\/a><\/p>\n\n\n\n<p>Aqu\u00ed es donde entran en escena las acciones locales que promuevan el sentido de pertenencia de quienes la habitan, para conocer, cuidar, preservar y compartir los atractivos naturales y culturales en una regi\u00f3n con una demostrada potencialidad.<\/p>\n\n\n\n<p>Con el Programa de Exploradores de Parque Patagonia, ni\u00f1os y ni\u00f1as entre 10 y 13 a\u00f1os de la regi\u00f3n pueden vivenciar durante tres d\u00edas de excursi\u00f3n una experiencia que cruza la educaci\u00f3n con el disfrute al aire libre. Las y los participantes provienen de las localidades aleda\u00f1as al Parque Nacional Patagonia: Perito Moreno, Los Antiguos, Bajo Caracoles y Lago Posadas.<\/p>\n\n\n\n<p>\u00abIntentamos fomentar un espacio que conecte a todos los participantes y sus sentidos con la naturaleza, para ayudarlos a comprender su lugar dentro de este ecosistema\u00bb, afirma Roc\u00edo Navarro, coordinadora del&nbsp;<strong>Programa Comunidades de Parque Patagonia.<\/strong><\/p>\n\n\n\n<p>A principios de enero de este a\u00f1o, profesionales de diferentes disciplinas, en conjunto con la Fundaci\u00f3n Rewilding Argentina y la Secretar\u00eda de Estado de Ambiente de la provincia de Santa Cruz, realizaron una formaci\u00f3n destinada a los monitores del Programa. En esta capacitaci\u00f3n, los temas de educaci\u00f3n ambiental y actividades al aire libre estuvieron a cargo de Pablo Hern\u00e1ndez; la astronom\u00eda de Diego Galperin, y conservaci\u00f3n y vida silvestre de Emanuel Galetto. La capacitaci\u00f3n tambi\u00e9n abarc\u00f3 temas como la filosof\u00eda que le da sustento a esta propuesta recreativa, t\u00e9cnicas sobre actividades al aire libre y observaci\u00f3n de vida, entre otros.<\/p>\n\n\n\n<p>A finales de enero comenzaron las salidas, todos los fines de semana con un grupo diferente de futuros exploradores. \u201cEstamos teniendo una excelente recepci\u00f3n de ni\u00f1os y ni\u00f1as de la zona que ansiaban tener la oportunidad de tener este tipo de experiencias al aire libre\u00bb, remarca Navarro.<\/p>\n\n\n\n<p>\u201cLa misi\u00f3n del Programa de Exploradores es brindar la oportunidad a que ni\u00f1os, ni\u00f1as y adolescentes locales tengan experiencias \u00fanicas en la naturaleza a trav\u00e9s de diferentes actividades\u201d, explica la coordinadora.<\/p>\n\n\n\n<p>Dice el dicho popular que \u201cno se puede amar lo que no se conoce\u201d. Es sobre esa premisa que el Programa combina la educaci\u00f3n ambiental con la aventura al aire libre. \u201cLo que buscamos es promover el conocimiento a j\u00f3venes locales sobre temas relacionados con la historia geol\u00f3gica y antropol\u00f3gica de la regi\u00f3n,<strong>&nbsp;la biodiversidad y servicios ecosist\u00e9micos que brinda la naturaleza, y la interpretaci\u00f3n del cielo\u201d, se\u00f1ala Roc\u00edo.<\/strong><\/p>\n\n\n\n<p>Si bien en la educaci\u00f3n tradicional se ense\u00f1a a los alumnos a trav\u00e9s de un cronograma estandarizado, en la formaci\u00f3n ambiental basada en acciones, \u201clas sesiones de aprendizaje son flexibles y muchas veces dirigidas por los alumnos\u201d, se\u00f1ala Roc\u00edo.<\/p>\n\n\n\n<p>La actividad es gratuita y solo requiere ponerse en contacto para registrarse, por email a&nbsp;<a href=\"mailto:exploradores.parquepatagonia@gmail.com\">exploradores.parquepatagonia@gmail.com<\/a>&nbsp;o por WhatsApp a +5493417455016.<\/p>\n\n\n\n<p>\u00abNo solamente dialogamos sobre las maravillas del Ca\u00f1ad\u00f3n del r\u00edo Pinturas y su historia, sino que tambi\u00e9n llevamos a los alumnos al ca\u00f1ad\u00f3n, a la Cueva de las Manos y a los senderos. Al dormir al aire libre, todos nuestros sentidos se intensifican para experimentar im\u00e1genes, sonidos, sabores, olores y texturas de manera diferente\u201d.<a href=\"https:\/\/www.tiemposur.com.ar\/politica\/vaca-narvaja-destaco-el-apoyo-contundente-de-china-a-la-postura-argentina-ante-el-fmi\">MIRA TAMBIENVaca Narvaja destac\u00f3 el \u00abapoyo contundente\u00bb de China a la postura argentina ante el FMI<\/a><\/p>\n\n\n\n<p>Antes que respuestas, el Programa de Exploradores busca generar profundas preguntas.<strong>&nbsp;Los estudiantes descubren y expresan sus propias ideas y emociones en torno a diferentes temas como arqueolog\u00eda, geolog\u00eda, vida silvestre o astronom\u00eda.<\/strong><\/p>\n\n\n\n<p>\u201cEnseguida nos fuimos a mirar las pinturas. Salvo una que otra exclamaci\u00f3n, nuestra admiraci\u00f3n fue de silencioso respeto\u201d, relata en su libro \u00bbRecuerdos del R\u00edo Pinturas\u00bb, el arque\u00f3logo que descubri\u00f3 la Cueva de las Manos, Carlos J. Gradin. Hay un desaf\u00edo que el Programa de Exploradores parece aceptar: incentivar en las nuevas generaciones un esp\u00edritu inquieto, consciente de que no fuimos los\u00a0<strong>primeros y preservar nuestro lugar para que no seamos ser \u00faltimos.<\/strong><\/p>\n\n\n\n<p>Fuente: https:\/\/www.tiemposur.com.ar\/info-general\/programa-exploradores-del-parque-patagonia-una-oportunidad-unica-para-los-ninos-del-noroeste-santacruceno<\/p>\n","protected":false},"excerpt":{"rendered":"","protected":false},"author":6,"featured_media":75181,"comment_status":"open","ping_status":"open","sticky":false,"template":"","format":"standard","meta":{"site-sidebar-layout":"default","site-content-layout":"","ast-site-content-layout":"default","site-content-style":"default","site-sidebar-style":"default","ast-global-header-display":"","ast-banner-title-visibility":"","ast-main-header-display":"","ast-hfb-above-header-display":"","ast-hfb-below-header-display":"","ast-hfb-mobile-header-display":"","site-post-title":"","ast-breadcrumbs-content":"","ast-featured-img":"","footer-sml-layout":"","ast-disable-related-posts":"","theme-transparent-header-meta":"","adv-header-id-meta":"","stick-header-meta":"","header-above-stick-meta":"","header-main-stick-meta":"","header-below-stick-meta":"","astra-migrate-meta-layouts":"default","ast-page-background-enabled":"default","ast-page-background-meta":{"desktop":{"background-color":"var(--ast-global-color-5)","background-image":"","background-repeat":"repeat","background-position":"center center","background-size":"auto","background-attachment":"scroll","background-type":"","background-media":"","overlay-type":"","overlay-color":"","overlay-opacity":"","overlay-gradient":""},"tablet":{"background-color":"","background-image":"","background-repeat":"repeat","background-position":"center center","background-size":"auto","background-attachment":"scroll","background-type":"","background-media":"","overlay-type":"","overlay-color":"","overlay-opacity":"","overlay-gradient":""},"mobile":{"background-color":"","background-image":"","background-repeat":"repeat","background-position":"center center","background-size":"auto","background-attachment":"scroll","background-type":"","background-media":"","overlay-type":"","overlay-color":"","overlay-opacity":"","overlay-gradient":""}},"ast-content-background-meta":{"desktop":{"background-color":"var(--ast-global-color-4)","background-image":"","background-repeat":"repeat","background-position":"center center","background-size":"auto","background-attachment":"scroll","background-type":"","background-media":"","overlay-type":"","overlay-color":"","overlay-opacity":"","overlay-gradient":""},"tablet":{"background-color":"var(--ast-global-color-4)","background-image":"","background-repeat":"repeat","background-position":"center center","background-size":"auto","background-attachment":"scroll","background-type":"","background-media":"","overlay-type":"","overlay-color":"","overlay-opacity":"","overlay-gradient":""},"mobile":{"background-color":"var(--ast-global-color-4)","background-image":"","background-repeat":"repeat","background-position":"center center","background-size":"auto","background-attachment":"scroll","background-type":"","background-media":"","overlay-type":"","overlay-color":"","overlay-opacity":"","overlay-gradient":""}},"footnotes":""},"categories":[1],"tags":[],"class_list":["post-75180","post","type-post","status-publish","format-standard","has-post-thumbnail","hentry","category-noticias"],"yoast_head":"<!-- This site is optimized with the Yoast SEO Premium plugin v23.0 (Yoast SEO v27.5) - https:\/\/yoast.com\/product\/yoast-seo-premium-wordpress\/ -->\n<title>Programa \u201cExploradores del Parque Patagonia\u201d: una oportunidad \u00fanica para los ni\u00f1os del noroeste santacruce\u00f1o<\/title>\n<meta name=\"robots\" content=\"index, follow, max-snippet:-1, max-image-preview:large, max-video-preview:-1\" \/>\n<link rel=\"canonical\" href=\"https:\/\/patagoniambiental.com.ar\/info\/programa-exploradores-del-parque-patagonia-una-oportunidad-unica-para-los-ninos-del-noroeste-santacruceno\/\" \/>\n<meta property=\"og:locale\" content=\"es_ES\" \/>\n<meta property=\"og:type\" content=\"article\" \/>\n<meta property=\"og:title\" content=\"Programa \u201cExploradores del Parque Patagonia\u201d: una oportunidad \u00fanica para los ni\u00f1os del noroeste santacruce\u00f1o\" \/>\n<meta property=\"og:url\" content=\"https:\/\/patagoniambiental.com.ar\/info\/programa-exploradores-del-parque-patagonia-una-oportunidad-unica-para-los-ninos-del-noroeste-santacruceno\/\" \/>\n<meta property=\"og:site_name\" content=\"Patagonia Ambiental\" \/>\n<meta property=\"article:publisher\" content=\"https:\/\/www.facebook.com\/patagonia.ambiental\" \/>\n<meta property=\"article:published_time\" content=\"2022-02-09T22:00:00+00:00\" \/>\n<meta property=\"article:modified_time\" content=\"2022-02-10T02:40:08+00:00\" \/>\n<meta property=\"og:image\" content=\"https:\/\/patagoniambiental.com.ar\/info\/wp-content\/uploads\/2022\/02\/45.jpg\" \/>\n\t<meta property=\"og:image:width\" content=\"835\" \/>\n\t<meta property=\"og:image:height\" content=\"469\" \/>\n\t<meta property=\"og:image:type\" content=\"image\/jpeg\" \/>\n<meta name=\"author\" content=\"BRAIAN ESTEVEZ\" \/>\n<meta name=\"twitter:card\" content=\"summary_large_image\" \/>\n<meta name=\"twitter:creator\" content=\"@PatAmb\" \/>\n<meta name=\"twitter:site\" content=\"@PatAmb\" \/>\n<script type=\"application\/ld+json\" class=\"yoast-schema-graph\">{\"@context\":\"https:\\\/\\\/schema.org\",\"@graph\":[{\"@type\":\"Article\",\"@id\":\"https:\\\/\\\/patagoniambiental.com.ar\\\/info\\\/programa-exploradores-del-parque-patagonia-una-oportunidad-unica-para-los-ninos-del-noroeste-santacruceno\\\/#article\",\"isPartOf\":{\"@id\":\"https:\\\/\\\/patagoniambiental.com.ar\\\/info\\\/programa-exploradores-del-parque-patagonia-una-oportunidad-unica-para-los-ninos-del-noroeste-santacruceno\\\/\"},\"author\":{\"name\":\"BRAIAN ESTEVEZ\",\"@id\":\"https:\\\/\\\/patagoniambiental.com.ar\\\/info\\\/#\\\/schema\\\/person\\\/e5af09d700b2e82cb10c6b8800e0c691\"},\"headline\":\"Programa \u201cExploradores del Parque Patagonia\u201d: una oportunidad \u00fanica para los ni\u00f1os del noroeste santacruce\u00f1o\",\"datePublished\":\"2022-02-09T22:00:00+00:00\",\"dateModified\":\"2022-02-10T02:40:08+00:00\",\"mainEntityOfPage\":{\"@id\":\"https:\\\/\\\/patagoniambiental.com.ar\\\/info\\\/programa-exploradores-del-parque-patagonia-una-oportunidad-unica-para-los-ninos-del-noroeste-santacruceno\\\/\"},\"wordCount\":817,\"commentCount\":0,\"publisher\":{\"@id\":\"https:\\\/\\\/patagoniambiental.com.ar\\\/info\\\/#organization\"},\"image\":{\"@id\":\"https:\\\/\\\/patagoniambiental.com.ar\\\/info\\\/programa-exploradores-del-parque-patagonia-una-oportunidad-unica-para-los-ninos-del-noroeste-santacruceno\\\/#primaryimage\"},\"thumbnailUrl\":\"https:\\\/\\\/patagoniambiental.com.ar\\\/info\\\/wp-content\\\/uploads\\\/2022\\\/02\\\/45.jpg\",\"articleSection\":[\"Noticias\"],\"inLanguage\":\"es\",\"potentialAction\":[{\"@type\":\"CommentAction\",\"name\":\"Comment\",\"target\":[\"https:\\\/\\\/patagoniambiental.com.ar\\\/info\\\/programa-exploradores-del-parque-patagonia-una-oportunidad-unica-para-los-ninos-del-noroeste-santacruceno\\\/#respond\"]}]},{\"@type\":\"WebPage\",\"@id\":\"https:\\\/\\\/patagoniambiental.com.ar\\\/info\\\/programa-exploradores-del-parque-patagonia-una-oportunidad-unica-para-los-ninos-del-noroeste-santacruceno\\\/\",\"url\":\"https:\\\/\\\/patagoniambiental.com.ar\\\/info\\\/programa-exploradores-del-parque-patagonia-una-oportunidad-unica-para-los-ninos-del-noroeste-santacruceno\\\/\",\"name\":\"Programa \u201cExploradores del Parque Patagonia\u201d: una oportunidad \u00fanica para los ni\u00f1os del noroeste santacruce\u00f1o\",\"isPartOf\":{\"@id\":\"https:\\\/\\\/patagoniambiental.com.ar\\\/info\\\/#website\"},\"primaryImageOfPage\":{\"@id\":\"https:\\\/\\\/patagoniambiental.com.ar\\\/info\\\/programa-exploradores-del-parque-patagonia-una-oportunidad-unica-para-los-ninos-del-noroeste-santacruceno\\\/#primaryimage\"},\"image\":{\"@id\":\"https:\\\/\\\/patagoniambiental.com.ar\\\/info\\\/programa-exploradores-del-parque-patagonia-una-oportunidad-unica-para-los-ninos-del-noroeste-santacruceno\\\/#primaryimage\"},\"thumbnailUrl\":\"https:\\\/\\\/patagoniambiental.com.ar\\\/info\\\/wp-content\\\/uploads\\\/2022\\\/02\\\/45.jpg\",\"datePublished\":\"2022-02-09T22:00:00+00:00\",\"dateModified\":\"2022-02-10T02:40:08+00:00\",\"breadcrumb\":{\"@id\":\"https:\\\/\\\/patagoniambiental.com.ar\\\/info\\\/programa-exploradores-del-parque-patagonia-una-oportunidad-unica-para-los-ninos-del-noroeste-santacruceno\\\/#breadcrumb\"},\"inLanguage\":\"es\",\"potentialAction\":[{\"@type\":\"ReadAction\",\"target\":[\"https:\\\/\\\/patagoniambiental.com.ar\\\/info\\\/programa-exploradores-del-parque-patagonia-una-oportunidad-unica-para-los-ninos-del-noroeste-santacruceno\\\/\"]}]},{\"@type\":\"ImageObject\",\"inLanguage\":\"es\",\"@id\":\"https:\\\/\\\/patagoniambiental.com.ar\\\/info\\\/programa-exploradores-del-parque-patagonia-una-oportunidad-unica-para-los-ninos-del-noroeste-santacruceno\\\/#primaryimage\",\"url\":\"https:\\\/\\\/patagoniambiental.com.ar\\\/info\\\/wp-content\\\/uploads\\\/2022\\\/02\\\/45.jpg\",\"contentUrl\":\"https:\\\/\\\/patagoniambiental.com.ar\\\/info\\\/wp-content\\\/uploads\\\/2022\\\/02\\\/45.jpg\",\"width\":835,\"height\":469},{\"@type\":\"BreadcrumbList\",\"@id\":\"https:\\\/\\\/patagoniambiental.com.ar\\\/info\\\/programa-exploradores-del-parque-patagonia-una-oportunidad-unica-para-los-ninos-del-noroeste-santacruceno\\\/#breadcrumb\",\"itemListElement\":[{\"@type\":\"ListItem\",\"position\":1,\"name\":\"Inicio\",\"item\":\"https:\\\/\\\/patagoniambiental.com.ar\\\/info\\\/\"},{\"@type\":\"ListItem\",\"position\":2,\"name\":\"Programa \u201cExploradores del Parque Patagonia\u201d: una oportunidad \u00fanica para los ni\u00f1os del noroeste santacruce\u00f1o\"}]},{\"@type\":\"WebSite\",\"@id\":\"https:\\\/\\\/patagoniambiental.com.ar\\\/info\\\/#website\",\"url\":\"https:\\\/\\\/patagoniambiental.com.ar\\\/info\\\/\",\"name\":\"Patagonia Ambiental\",\"description\":\"Monitoreo y an\u00e1lisis de la situaci\u00f3n geopol\u00edtica en el mundo y su implicancia en la Patagonia\",\"publisher\":{\"@id\":\"https:\\\/\\\/patagoniambiental.com.ar\\\/info\\\/#organization\"},\"potentialAction\":[{\"@type\":\"SearchAction\",\"target\":{\"@type\":\"EntryPoint\",\"urlTemplate\":\"https:\\\/\\\/patagoniambiental.com.ar\\\/info\\\/?s={search_term_string}\"},\"query-input\":{\"@type\":\"PropertyValueSpecification\",\"valueRequired\":true,\"valueName\":\"search_term_string\"}}],\"inLanguage\":\"es\"},{\"@type\":\"Organization\",\"@id\":\"https:\\\/\\\/patagoniambiental.com.ar\\\/info\\\/#organization\",\"name\":\"Patagonia Ambiental\",\"url\":\"https:\\\/\\\/patagoniambiental.com.ar\\\/info\\\/\",\"logo\":{\"@type\":\"ImageObject\",\"inLanguage\":\"es\",\"@id\":\"https:\\\/\\\/patagoniambiental.com.ar\\\/info\\\/#\\\/schema\\\/logo\\\/image\\\/\",\"url\":\"https:\\\/\\\/patagoniambiental.com.ar\\\/info\\\/wp-content\\\/uploads\\\/2025\\\/05\\\/LOGO-PATAGONIA-AMBIENTAL.png\",\"contentUrl\":\"https:\\\/\\\/patagoniambiental.com.ar\\\/info\\\/wp-content\\\/uploads\\\/2025\\\/05\\\/LOGO-PATAGONIA-AMBIENTAL.png\",\"width\":433,\"height\":250,\"caption\":\"Patagonia Ambiental\"},\"image\":{\"@id\":\"https:\\\/\\\/patagoniambiental.com.ar\\\/info\\\/#\\\/schema\\\/logo\\\/image\\\/\"},\"sameAs\":[\"https:\\\/\\\/www.facebook.com\\\/patagonia.ambiental\",\"https:\\\/\\\/x.com\\\/PatAmb\"]},{\"@type\":\"Person\",\"@id\":\"https:\\\/\\\/patagoniambiental.com.ar\\\/info\\\/#\\\/schema\\\/person\\\/e5af09d700b2e82cb10c6b8800e0c691\",\"name\":\"BRAIAN ESTEVEZ\",\"sameAs\":[\"http:\\\/\\\/www.patagoniambiental.com.ar\"]}]}<\/script>\n<!-- \/ Yoast SEO Premium plugin. -->","yoast_head_json":{"title":"Programa \u201cExploradores del Parque Patagonia\u201d: una oportunidad \u00fanica para los ni\u00f1os del noroeste santacruce\u00f1o","robots":{"index":"index","follow":"follow","max-snippet":"max-snippet:-1","max-image-preview":"max-image-preview:large","max-video-preview":"max-video-preview:-1"},"canonical":"https:\/\/patagoniambiental.com.ar\/info\/programa-exploradores-del-parque-patagonia-una-oportunidad-unica-para-los-ninos-del-noroeste-santacruceno\/","og_locale":"es_ES","og_type":"article","og_title":"Programa \u201cExploradores del Parque Patagonia\u201d: una oportunidad \u00fanica para los ni\u00f1os del noroeste santacruce\u00f1o","og_url":"https:\/\/patagoniambiental.com.ar\/info\/programa-exploradores-del-parque-patagonia-una-oportunidad-unica-para-los-ninos-del-noroeste-santacruceno\/","og_site_name":"Patagonia Ambiental","article_publisher":"https:\/\/www.facebook.com\/patagonia.ambiental","article_published_time":"2022-02-09T22:00:00+00:00","article_modified_time":"2022-02-10T02:40:08+00:00","og_image":[{"width":835,"height":469,"url":"https:\/\/patagoniambiental.com.ar\/info\/wp-content\/uploads\/2022\/02\/45.jpg","type":"image\/jpeg"}],"author":"BRAIAN ESTEVEZ","twitter_card":"summary_large_image","twitter_creator":"@PatAmb","twitter_site":"@PatAmb","schema":{"@context":"https:\/\/schema.org","@graph":[{"@type":"Article","@id":"https:\/\/patagoniambiental.com.ar\/info\/programa-exploradores-del-parque-patagonia-una-oportunidad-unica-para-los-ninos-del-noroeste-santacruceno\/#article","isPartOf":{"@id":"https:\/\/patagoniambiental.com.ar\/info\/programa-exploradores-del-parque-patagonia-una-oportunidad-unica-para-los-ninos-del-noroeste-santacruceno\/"},"author":{"name":"BRAIAN ESTEVEZ","@id":"https:\/\/patagoniambiental.com.ar\/info\/#\/schema\/person\/e5af09d700b2e82cb10c6b8800e0c691"},"headline":"Programa \u201cExploradores del Parque Patagonia\u201d: una oportunidad \u00fanica para los ni\u00f1os del noroeste santacruce\u00f1o","datePublished":"2022-02-09T22:00:00+00:00","dateModified":"2022-02-10T02:40:08+00:00","mainEntityOfPage":{"@id":"https:\/\/patagoniambiental.com.ar\/info\/programa-exploradores-del-parque-patagonia-una-oportunidad-unica-para-los-ninos-del-noroeste-santacruceno\/"},"wordCount":817,"commentCount":0,"publisher":{"@id":"https:\/\/patagoniambiental.com.ar\/info\/#organization"},"image":{"@id":"https:\/\/patagoniambiental.com.ar\/info\/programa-exploradores-del-parque-patagonia-una-oportunidad-unica-para-los-ninos-del-noroeste-santacruceno\/#primaryimage"},"thumbnailUrl":"https:\/\/patagoniambiental.com.ar\/info\/wp-content\/uploads\/2022\/02\/45.jpg","articleSection":["Noticias"],"inLanguage":"es","potentialAction":[{"@type":"CommentAction","name":"Comment","target":["https:\/\/patagoniambiental.com.ar\/info\/programa-exploradores-del-parque-patagonia-una-oportunidad-unica-para-los-ninos-del-noroeste-santacruceno\/#respond"]}]},{"@type":"WebPage","@id":"https:\/\/patagoniambiental.com.ar\/info\/programa-exploradores-del-parque-patagonia-una-oportunidad-unica-para-los-ninos-del-noroeste-santacruceno\/","url":"https:\/\/patagoniambiental.com.ar\/info\/programa-exploradores-del-parque-patagonia-una-oportunidad-unica-para-los-ninos-del-noroeste-santacruceno\/","name":"Programa \u201cExploradores del Parque Patagonia\u201d: una oportunidad \u00fanica para los ni\u00f1os del noroeste santacruce\u00f1o","isPartOf":{"@id":"https:\/\/patagoniambiental.com.ar\/info\/#website"},"primaryImageOfPage":{"@id":"https:\/\/patagoniambiental.com.ar\/info\/programa-exploradores-del-parque-patagonia-una-oportunidad-unica-para-los-ninos-del-noroeste-santacruceno\/#primaryimage"},"image":{"@id":"https:\/\/patagoniambiental.com.ar\/info\/programa-exploradores-del-parque-patagonia-una-oportunidad-unica-para-los-ninos-del-noroeste-santacruceno\/#primaryimage"},"thumbnailUrl":"https:\/\/patagoniambiental.com.ar\/info\/wp-content\/uploads\/2022\/02\/45.jpg","datePublished":"2022-02-09T22:00:00+00:00","dateModified":"2022-02-10T02:40:08+00:00","breadcrumb":{"@id":"https:\/\/patagoniambiental.com.ar\/info\/programa-exploradores-del-parque-patagonia-una-oportunidad-unica-para-los-ninos-del-noroeste-santacruceno\/#breadcrumb"},"inLanguage":"es","potentialAction":[{"@type":"ReadAction","target":["https:\/\/patagoniambiental.com.ar\/info\/programa-exploradores-del-parque-patagonia-una-oportunidad-unica-para-los-ninos-del-noroeste-santacruceno\/"]}]},{"@type":"ImageObject","inLanguage":"es","@id":"https:\/\/patagoniambiental.com.ar\/info\/programa-exploradores-del-parque-patagonia-una-oportunidad-unica-para-los-ninos-del-noroeste-santacruceno\/#primaryimage","url":"https:\/\/patagoniambiental.com.ar\/info\/wp-content\/uploads\/2022\/02\/45.jpg","contentUrl":"https:\/\/patagoniambiental.com.ar\/info\/wp-content\/uploads\/2022\/02\/45.jpg","width":835,"height":469},{"@type":"BreadcrumbList","@id":"https:\/\/patagoniambiental.com.ar\/info\/programa-exploradores-del-parque-patagonia-una-oportunidad-unica-para-los-ninos-del-noroeste-santacruceno\/#breadcrumb","itemListElement":[{"@type":"ListItem","position":1,"name":"Inicio","item":"https:\/\/patagoniambiental.com.ar\/info\/"},{"@type":"ListItem","position":2,"name":"Programa \u201cExploradores del Parque Patagonia\u201d: una oportunidad \u00fanica para los ni\u00f1os del noroeste santacruce\u00f1o"}]},{"@type":"WebSite","@id":"https:\/\/patagoniambiental.com.ar\/info\/#website","url":"https:\/\/patagoniambiental.com.ar\/info\/","name":"Patagonia Ambiental","description":"Monitoreo y an\u00e1lisis de la situaci\u00f3n geopol\u00edtica en el mundo y su implicancia en la Patagonia","publisher":{"@id":"https:\/\/patagoniambiental.com.ar\/info\/#organization"},"potentialAction":[{"@type":"SearchAction","target":{"@type":"EntryPoint","urlTemplate":"https:\/\/patagoniambiental.com.ar\/info\/?s={search_term_string}"},"query-input":{"@type":"PropertyValueSpecification","valueRequired":true,"valueName":"search_term_string"}}],"inLanguage":"es"},{"@type":"Organization","@id":"https:\/\/patagoniambiental.com.ar\/info\/#organization","name":"Patagonia Ambiental","url":"https:\/\/patagoniambiental.com.ar\/info\/","logo":{"@type":"ImageObject","inLanguage":"es","@id":"https:\/\/patagoniambiental.com.ar\/info\/#\/schema\/logo\/image\/","url":"https:\/\/patagoniambiental.com.ar\/info\/wp-content\/uploads\/2025\/05\/LOGO-PATAGONIA-AMBIENTAL.png","contentUrl":"https:\/\/patagoniambiental.com.ar\/info\/wp-content\/uploads\/2025\/05\/LOGO-PATAGONIA-AMBIENTAL.png","width":433,"height":250,"caption":"Patagonia Ambiental"},"image":{"@id":"https:\/\/patagoniambiental.com.ar\/info\/#\/schema\/logo\/image\/"},"sameAs":["https:\/\/www.facebook.com\/patagonia.ambiental","https:\/\/x.com\/PatAmb"]},{"@type":"Person","@id":"https:\/\/patagoniambiental.com.ar\/info\/#\/schema\/person\/e5af09d700b2e82cb10c6b8800e0c691","name":"BRAIAN ESTEVEZ","sameAs":["http:\/\/www.patagoniambiental.com.ar"]}]}},"_links":{"self":[{"href":"https:\/\/patagoniambiental.com.ar\/info\/wp-json\/wp\/v2\/posts\/75180","targetHints":{"allow":["GET"]}}],"collection":[{"href":"https:\/\/patagoniambiental.com.ar\/info\/wp-json\/wp\/v2\/posts"}],"about":[{"href":"https:\/\/patagoniambiental.com.ar\/info\/wp-json\/wp\/v2\/types\/post"}],"author":[{"embeddable":true,"href":"https:\/\/patagoniambiental.com.ar\/info\/wp-json\/wp\/v2\/users\/6"}],"replies":[{"embeddable":true,"href":"https:\/\/patagoniambiental.com.ar\/info\/wp-json\/wp\/v2\/comments?post=75180"}],"version-history":[{"count":0,"href":"https:\/\/patagoniambiental.com.ar\/info\/wp-json\/wp\/v2\/posts\/75180\/revisions"}],"wp:featuredmedia":[{"embeddable":true,"href":"https:\/\/patagoniambiental.com.ar\/info\/wp-json\/wp\/v2\/media\/75181"}],"wp:attachment":[{"href":"https:\/\/patagoniambiental.com.ar\/info\/wp-json\/wp\/v2\/media?parent=75180"}],"wp:term":[{"taxonomy":"category","embeddable":true,"href":"https:\/\/patagoniambiental.com.ar\/info\/wp-json\/wp\/v2\/categories?post=75180"},{"taxonomy":"post_tag","embeddable":true,"href":"https:\/\/patagoniambiental.com.ar\/info\/wp-json\/wp\/v2\/tags?post=75180"}],"curies":[{"name":"wp","href":"https:\/\/api.w.org\/{rel}","templated":true}]}}