{"id":75183,"date":"2022-02-09T23:49:18","date_gmt":"2022-02-10T02:49:18","guid":{"rendered":"http:\/\/patagoniambiental.com.ar\/info\/?p=75183"},"modified":"2022-02-09T23:49:19","modified_gmt":"2022-02-10T02:49:19","slug":"el-paleoparque-de-comallo-comienza-a-levantar-sus-bases-en-la-meseta","status":"publish","type":"post","link":"https:\/\/patagoniambiental.com.ar\/info\/el-paleoparque-de-comallo-comienza-a-levantar-sus-bases-en-la-meseta\/","title":{"rendered":"El Paleoparque de Comallo comienza a levantar sus bases en la meseta"},"content":{"rendered":"\n<!--more-->\n\n\n\n<h4 class=\"wp-block-heading\">El Paleoparque que se proyecta como \u00fanico en su tipo, no s\u00f3lo recuperar\u00e1 las especies extintas que habitaron la Regi\u00f3n Sur, sino que adem\u00e1s permitir\u00e1 lucir las caracter\u00edsticas topogr\u00e1ficas de nuestra meseta, singularmente propicias para el turismo paleontol\u00f3gico.<\/h4>\n\n\n\n<h6 class=\"wp-block-heading\">Fecha:&nbsp;<strong>8 de febrero de 2022<\/strong><\/h6>\n\n\n\n<figure class=\"wp-block-image\"><img decoding=\"async\" src=\"https:\/\/rionegro.gov.ar\/_next\/image?url=https%3A%2F%2Fsilvercoder.rionegro.gov.ar%2Ffiles%2F1644328577_114f53c84220948e4588.jpg&amp;w=3840&amp;q=75\" alt=\"\"\/><\/figure>\n\n\n\n<p>Continuan las obras en el primer Parque Paleontol\u00f3gico de la provincia.Cr\u00e9dito:&nbsp;Gobierno de R\u00edo Negro<\/p>\n\n\n\n<p>Precisamente son las caracter\u00edsticas del terreno, del predio de 1,5 hect\u00e1reas, las que han demandado el mayor trabajo en esta primera etapa de la obra. Actualmente se llevan adelante cuidadosos trabajos de nivelaci\u00f3n del terreno y replanteo; y ya se ha colocado el cerco perimetral&nbsp; y el obrador.<\/p>\n\n\n\n<p>La obra tambi\u00e9n prev\u00e9 iniciar en poco tiempo m\u00e1s con las primeras plantaciones de barrera de viento en una zona particularmente seca y ventosa. La barrera verde servir\u00e1 para resguardar&nbsp; al futuro edificio de los vientos del norte y noroeste.<\/p>\n\n\n\n<p>El edificio que se construye&nbsp; contar\u00e1 con sal\u00f3n de exposiciones, patio arqueol\u00f3gico, cine-auditorio, oficina de turismo, confiter\u00eda y todos los servicios.&nbsp; Contar\u00e1 con&nbsp; un centro de visitantes con una superficie cubierta de 260 m2 y una semicubierta de 321,68 m2.<\/p>\n\n\n\n<figure class=\"wp-block-image\"><img decoding=\"async\" src=\"https:\/\/silvercoder.rionegro.gov.ar\/files\/1644328771_fbad4a75cefdf9bb8693.jpg\" alt=\"\"\/><\/figure>\n\n\n\n<p>Contar\u00e1 con senderos que conectar\u00e1n las esculturas y conformar\u00e1n los recorridos con espacios de estar al aire libre, y un estacionamiento.<\/p>\n\n\n\n<p>Por otra parte, tambi\u00e9n se dotar\u00e1 al parque con un cartel de bienvenida que estar\u00e1 ubicado sobre la RN N\u00ba 23 con un p\u00f3rtico de encuadre paisaj\u00edstico en el punto m\u00e1s alto del predio, y una plataforma desde la que se podr\u00e1 apreciar la totalidad del complejo.<\/p>\n\n\n\n<p>Las obras demandan una inversi\u00f3n de $70.748.238 y est\u00e1n a cargo de la empresa ARTEGNA SA.<\/p>\n\n\n\n<p><strong>Sobre el Paleoparque<\/strong><\/p>\n\n\n\n<p>El primer Parque Paleontol\u00f3gico de la provincia contar\u00e1 con esculturas a escala real de especies extintas que habitaron la regi\u00f3n, entre las que se encuentra el Kelenken Guillermoi, un ejemplar hallado en Comallo por Guillermo Aguirrezabala a fines del siglo XX.<\/p>\n\n\n\n<p>Se trata del ave forosr\u00e1cida m\u00e1s grande que se conoce, considerada el m\u00e1ximo exponente de las aves carn\u00edvoras o \u201caves del terror\u201d, que con 3 metros y 150 kilogramos fue declarado como el rey de las sabanas sudamericanas.<\/p>\n\n\n\n<p>El Paleoparque representar\u00e1 el periodo del Mioceno, ocurrido entre 23 y 5.000.000 de a\u00f1os atr\u00e1s. Los sedimentos de Comallo datan de, aproximadamente, 15.000.000 de a\u00f1os y el clima hasta ese momento era m\u00e1s c\u00e1lido, con un paisaje dominado por praderas y sabanas donde pastaban grandes mam\u00edferos, astrapoterios, toxodontes y litopternas.<\/p>\n\n\n\n<p>Cabe destacar que esta obra le permitir\u00e1 al corredor de la Estepa Rionegrina cobrar una vital importancia en lo que refiere al turismo paleontol\u00f3gico y favorecer\u00e1 el desarrollo de la Regi\u00f3n sur.<\/p>\n\n\n\n<p>Fuente: Gobierno de Rio Negro<\/p>\n","protected":false},"excerpt":{"rendered":"","protected":false},"author":6,"featured_media":75184,"comment_status":"open","ping_status":"open","sticky":false,"template":"","format":"standard","meta":{"site-sidebar-layout":"default","site-content-layout":"","ast-site-content-layout":"default","site-content-style":"default","site-sidebar-style":"default","ast-global-header-display":"","ast-banner-title-visibility":"","ast-main-header-display":"","ast-hfb-above-header-display":"","ast-hfb-below-header-display":"","ast-hfb-mobile-header-display":"","site-post-title":"","ast-breadcrumbs-content":"","ast-featured-img":"","footer-sml-layout":"","ast-disable-related-posts":"","theme-transparent-header-meta":"","adv-header-id-meta":"","stick-header-meta":"","header-above-stick-meta":"","header-main-stick-meta":"","header-below-stick-meta":"","astra-migrate-meta-layouts":"default","ast-page-background-enabled":"default","ast-page-background-meta":{"desktop":{"background-color":"var(--ast-global-color-5)","background-image":"","background-repeat":"repeat","background-position":"center center","background-size":"auto","background-attachment":"scroll","background-type":"","background-media":"","overlay-type":"","overlay-color":"","overlay-opacity":"","overlay-gradient":""},"tablet":{"background-color":"","background-image":"","background-repeat":"repeat","background-position":"center center","background-size":"auto","background-attachment":"scroll","background-type":"","background-media":"","overlay-type":"","overlay-color":"","overlay-opacity":"","overlay-gradient":""},"mobile":{"background-color":"","background-image":"","background-repeat":"repeat","background-position":"center center","background-size":"auto","background-attachment":"scroll","background-type":"","background-media":"","overlay-type":"","overlay-color":"","overlay-opacity":"","overlay-gradient":""}},"ast-content-background-meta":{"desktop":{"background-color":"var(--ast-global-color-4)","background-image":"","background-repeat":"repeat","background-position":"center center","background-size":"auto","background-attachment":"scroll","background-type":"","background-media":"","overlay-type":"","overlay-color":"","overlay-opacity":"","overlay-gradient":""},"tablet":{"background-color":"var(--ast-global-color-4)","background-image":"","background-repeat":"repeat","background-position":"center center","background-size":"auto","background-attachment":"scroll","background-type":"","background-media":"","overlay-type":"","overlay-color":"","overlay-opacity":"","overlay-gradient":""},"mobile":{"background-color":"var(--ast-global-color-4)","background-image":"","background-repeat":"repeat","background-position":"center center","background-size":"auto","background-attachment":"scroll","background-type":"","background-media":"","overlay-type":"","overlay-color":"","overlay-opacity":"","overlay-gradient":""}},"footnotes":""},"categories":[1],"tags":[],"class_list":["post-75183","post","type-post","status-publish","format-standard","has-post-thumbnail","hentry","category-noticias"],"yoast_head":"<!-- This site is optimized with the Yoast SEO Premium plugin v23.0 (Yoast SEO v27.5) - https:\/\/yoast.com\/product\/yoast-seo-premium-wordpress\/ -->\n<title>El Paleoparque de Comallo comienza a levantar sus bases en la meseta<\/title>\n<meta name=\"robots\" content=\"index, follow, max-snippet:-1, max-image-preview:large, max-video-preview:-1\" \/>\n<link rel=\"canonical\" href=\"https:\/\/patagoniambiental.com.ar\/info\/el-paleoparque-de-comallo-comienza-a-levantar-sus-bases-en-la-meseta\/\" \/>\n<meta property=\"og:locale\" content=\"es_ES\" \/>\n<meta property=\"og:type\" content=\"article\" \/>\n<meta property=\"og:title\" content=\"El Paleoparque de Comallo comienza a levantar sus bases en la meseta\" \/>\n<meta property=\"og:url\" content=\"https:\/\/patagoniambiental.com.ar\/info\/el-paleoparque-de-comallo-comienza-a-levantar-sus-bases-en-la-meseta\/\" \/>\n<meta property=\"og:site_name\" content=\"Patagonia Ambiental\" \/>\n<meta property=\"article:publisher\" content=\"https:\/\/www.facebook.com\/patagonia.ambiental\" \/>\n<meta property=\"article:published_time\" content=\"2022-02-10T02:49:18+00:00\" \/>\n<meta property=\"article:modified_time\" content=\"2022-02-10T02:49:19+00:00\" \/>\n<meta property=\"og:image\" content=\"https:\/\/patagoniambiental.com.ar\/info\/wp-content\/uploads\/2022\/02\/Sin-titulo-2.jpg\" \/>\n\t<meta property=\"og:image:width\" content=\"982\" \/>\n\t<meta property=\"og:image:height\" content=\"488\" \/>\n\t<meta property=\"og:image:type\" content=\"image\/jpeg\" \/>\n<meta name=\"author\" content=\"BRAIAN ESTEVEZ\" \/>\n<meta name=\"twitter:card\" content=\"summary_large_image\" \/>\n<meta name=\"twitter:creator\" content=\"@PatAmb\" \/>\n<meta name=\"twitter:site\" content=\"@PatAmb\" \/>\n<script type=\"application\/ld+json\" class=\"yoast-schema-graph\">{\"@context\":\"https:\\\/\\\/schema.org\",\"@graph\":[{\"@type\":\"Article\",\"@id\":\"https:\\\/\\\/patagoniambiental.com.ar\\\/info\\\/el-paleoparque-de-comallo-comienza-a-levantar-sus-bases-en-la-meseta\\\/#article\",\"isPartOf\":{\"@id\":\"https:\\\/\\\/patagoniambiental.com.ar\\\/info\\\/el-paleoparque-de-comallo-comienza-a-levantar-sus-bases-en-la-meseta\\\/\"},\"author\":{\"name\":\"BRAIAN ESTEVEZ\",\"@id\":\"https:\\\/\\\/patagoniambiental.com.ar\\\/info\\\/#\\\/schema\\\/person\\\/e5af09d700b2e82cb10c6b8800e0c691\"},\"headline\":\"El Paleoparque de Comallo comienza a levantar sus bases en la meseta\",\"datePublished\":\"2022-02-10T02:49:18+00:00\",\"dateModified\":\"2022-02-10T02:49:19+00:00\",\"mainEntityOfPage\":{\"@id\":\"https:\\\/\\\/patagoniambiental.com.ar\\\/info\\\/el-paleoparque-de-comallo-comienza-a-levantar-sus-bases-en-la-meseta\\\/\"},\"wordCount\":487,\"commentCount\":0,\"publisher\":{\"@id\":\"https:\\\/\\\/patagoniambiental.com.ar\\\/info\\\/#organization\"},\"image\":{\"@id\":\"https:\\\/\\\/patagoniambiental.com.ar\\\/info\\\/el-paleoparque-de-comallo-comienza-a-levantar-sus-bases-en-la-meseta\\\/#primaryimage\"},\"thumbnailUrl\":\"https:\\\/\\\/patagoniambiental.com.ar\\\/info\\\/wp-content\\\/uploads\\\/2022\\\/02\\\/Sin-titulo-2.jpg\",\"articleSection\":[\"Noticias\"],\"inLanguage\":\"es\",\"potentialAction\":[{\"@type\":\"CommentAction\",\"name\":\"Comment\",\"target\":[\"https:\\\/\\\/patagoniambiental.com.ar\\\/info\\\/el-paleoparque-de-comallo-comienza-a-levantar-sus-bases-en-la-meseta\\\/#respond\"]}]},{\"@type\":\"WebPage\",\"@id\":\"https:\\\/\\\/patagoniambiental.com.ar\\\/info\\\/el-paleoparque-de-comallo-comienza-a-levantar-sus-bases-en-la-meseta\\\/\",\"url\":\"https:\\\/\\\/patagoniambiental.com.ar\\\/info\\\/el-paleoparque-de-comallo-comienza-a-levantar-sus-bases-en-la-meseta\\\/\",\"name\":\"El Paleoparque de Comallo comienza a levantar sus bases en la meseta\",\"isPartOf\":{\"@id\":\"https:\\\/\\\/patagoniambiental.com.ar\\\/info\\\/#website\"},\"primaryImageOfPage\":{\"@id\":\"https:\\\/\\\/patagoniambiental.com.ar\\\/info\\\/el-paleoparque-de-comallo-comienza-a-levantar-sus-bases-en-la-meseta\\\/#primaryimage\"},\"image\":{\"@id\":\"https:\\\/\\\/patagoniambiental.com.ar\\\/info\\\/el-paleoparque-de-comallo-comienza-a-levantar-sus-bases-en-la-meseta\\\/#primaryimage\"},\"thumbnailUrl\":\"https:\\\/\\\/patagoniambiental.com.ar\\\/info\\\/wp-content\\\/uploads\\\/2022\\\/02\\\/Sin-titulo-2.jpg\",\"datePublished\":\"2022-02-10T02:49:18+00:00\",\"dateModified\":\"2022-02-10T02:49:19+00:00\",\"breadcrumb\":{\"@id\":\"https:\\\/\\\/patagoniambiental.com.ar\\\/info\\\/el-paleoparque-de-comallo-comienza-a-levantar-sus-bases-en-la-meseta\\\/#breadcrumb\"},\"inLanguage\":\"es\",\"potentialAction\":[{\"@type\":\"ReadAction\",\"target\":[\"https:\\\/\\\/patagoniambiental.com.ar\\\/info\\\/el-paleoparque-de-comallo-comienza-a-levantar-sus-bases-en-la-meseta\\\/\"]}]},{\"@type\":\"ImageObject\",\"inLanguage\":\"es\",\"@id\":\"https:\\\/\\\/patagoniambiental.com.ar\\\/info\\\/el-paleoparque-de-comallo-comienza-a-levantar-sus-bases-en-la-meseta\\\/#primaryimage\",\"url\":\"https:\\\/\\\/patagoniambiental.com.ar\\\/info\\\/wp-content\\\/uploads\\\/2022\\\/02\\\/Sin-titulo-2.jpg\",\"contentUrl\":\"https:\\\/\\\/patagoniambiental.com.ar\\\/info\\\/wp-content\\\/uploads\\\/2022\\\/02\\\/Sin-titulo-2.jpg\",\"width\":982,\"height\":488},{\"@type\":\"BreadcrumbList\",\"@id\":\"https:\\\/\\\/patagoniambiental.com.ar\\\/info\\\/el-paleoparque-de-comallo-comienza-a-levantar-sus-bases-en-la-meseta\\\/#breadcrumb\",\"itemListElement\":[{\"@type\":\"ListItem\",\"position\":1,\"name\":\"Inicio\",\"item\":\"https:\\\/\\\/patagoniambiental.com.ar\\\/info\\\/\"},{\"@type\":\"ListItem\",\"position\":2,\"name\":\"El Paleoparque de Comallo comienza a levantar sus bases en la meseta\"}]},{\"@type\":\"WebSite\",\"@id\":\"https:\\\/\\\/patagoniambiental.com.ar\\\/info\\\/#website\",\"url\":\"https:\\\/\\\/patagoniambiental.com.ar\\\/info\\\/\",\"name\":\"Patagonia Ambiental\",\"description\":\"Monitoreo y an\u00e1lisis de la situaci\u00f3n geopol\u00edtica en el mundo y su implicancia en la Patagonia\",\"publisher\":{\"@id\":\"https:\\\/\\\/patagoniambiental.com.ar\\\/info\\\/#organization\"},\"potentialAction\":[{\"@type\":\"SearchAction\",\"target\":{\"@type\":\"EntryPoint\",\"urlTemplate\":\"https:\\\/\\\/patagoniambiental.com.ar\\\/info\\\/?s={search_term_string}\"},\"query-input\":{\"@type\":\"PropertyValueSpecification\",\"valueRequired\":true,\"valueName\":\"search_term_string\"}}],\"inLanguage\":\"es\"},{\"@type\":\"Organization\",\"@id\":\"https:\\\/\\\/patagoniambiental.com.ar\\\/info\\\/#organization\",\"name\":\"Patagonia Ambiental\",\"url\":\"https:\\\/\\\/patagoniambiental.com.ar\\\/info\\\/\",\"logo\":{\"@type\":\"ImageObject\",\"inLanguage\":\"es\",\"@id\":\"https:\\\/\\\/patagoniambiental.com.ar\\\/info\\\/#\\\/schema\\\/logo\\\/image\\\/\",\"url\":\"https:\\\/\\\/patagoniambiental.com.ar\\\/info\\\/wp-content\\\/uploads\\\/2025\\\/05\\\/LOGO-PATAGONIA-AMBIENTAL.png\",\"contentUrl\":\"https:\\\/\\\/patagoniambiental.com.ar\\\/info\\\/wp-content\\\/uploads\\\/2025\\\/05\\\/LOGO-PATAGONIA-AMBIENTAL.png\",\"width\":433,\"height\":250,\"caption\":\"Patagonia Ambiental\"},\"image\":{\"@id\":\"https:\\\/\\\/patagoniambiental.com.ar\\\/info\\\/#\\\/schema\\\/logo\\\/image\\\/\"},\"sameAs\":[\"https:\\\/\\\/www.facebook.com\\\/patagonia.ambiental\",\"https:\\\/\\\/x.com\\\/PatAmb\"]},{\"@type\":\"Person\",\"@id\":\"https:\\\/\\\/patagoniambiental.com.ar\\\/info\\\/#\\\/schema\\\/person\\\/e5af09d700b2e82cb10c6b8800e0c691\",\"name\":\"BRAIAN ESTEVEZ\",\"sameAs\":[\"http:\\\/\\\/www.patagoniambiental.com.ar\"]}]}<\/script>\n<!-- \/ Yoast SEO Premium plugin. -->","yoast_head_json":{"title":"El Paleoparque de Comallo comienza a levantar sus bases en la meseta","robots":{"index":"index","follow":"follow","max-snippet":"max-snippet:-1","max-image-preview":"max-image-preview:large","max-video-preview":"max-video-preview:-1"},"canonical":"https:\/\/patagoniambiental.com.ar\/info\/el-paleoparque-de-comallo-comienza-a-levantar-sus-bases-en-la-meseta\/","og_locale":"es_ES","og_type":"article","og_title":"El Paleoparque de Comallo comienza a levantar sus bases en la meseta","og_url":"https:\/\/patagoniambiental.com.ar\/info\/el-paleoparque-de-comallo-comienza-a-levantar-sus-bases-en-la-meseta\/","og_site_name":"Patagonia Ambiental","article_publisher":"https:\/\/www.facebook.com\/patagonia.ambiental","article_published_time":"2022-02-10T02:49:18+00:00","article_modified_time":"2022-02-10T02:49:19+00:00","og_image":[{"width":982,"height":488,"url":"https:\/\/patagoniambiental.com.ar\/info\/wp-content\/uploads\/2022\/02\/Sin-titulo-2.jpg","type":"image\/jpeg"}],"author":"BRAIAN ESTEVEZ","twitter_card":"summary_large_image","twitter_creator":"@PatAmb","twitter_site":"@PatAmb","schema":{"@context":"https:\/\/schema.org","@graph":[{"@type":"Article","@id":"https:\/\/patagoniambiental.com.ar\/info\/el-paleoparque-de-comallo-comienza-a-levantar-sus-bases-en-la-meseta\/#article","isPartOf":{"@id":"https:\/\/patagoniambiental.com.ar\/info\/el-paleoparque-de-comallo-comienza-a-levantar-sus-bases-en-la-meseta\/"},"author":{"name":"BRAIAN ESTEVEZ","@id":"https:\/\/patagoniambiental.com.ar\/info\/#\/schema\/person\/e5af09d700b2e82cb10c6b8800e0c691"},"headline":"El Paleoparque de Comallo comienza a levantar sus bases en la meseta","datePublished":"2022-02-10T02:49:18+00:00","dateModified":"2022-02-10T02:49:19+00:00","mainEntityOfPage":{"@id":"https:\/\/patagoniambiental.com.ar\/info\/el-paleoparque-de-comallo-comienza-a-levantar-sus-bases-en-la-meseta\/"},"wordCount":487,"commentCount":0,"publisher":{"@id":"https:\/\/patagoniambiental.com.ar\/info\/#organization"},"image":{"@id":"https:\/\/patagoniambiental.com.ar\/info\/el-paleoparque-de-comallo-comienza-a-levantar-sus-bases-en-la-meseta\/#primaryimage"},"thumbnailUrl":"https:\/\/patagoniambiental.com.ar\/info\/wp-content\/uploads\/2022\/02\/Sin-titulo-2.jpg","articleSection":["Noticias"],"inLanguage":"es","potentialAction":[{"@type":"CommentAction","name":"Comment","target":["https:\/\/patagoniambiental.com.ar\/info\/el-paleoparque-de-comallo-comienza-a-levantar-sus-bases-en-la-meseta\/#respond"]}]},{"@type":"WebPage","@id":"https:\/\/patagoniambiental.com.ar\/info\/el-paleoparque-de-comallo-comienza-a-levantar-sus-bases-en-la-meseta\/","url":"https:\/\/patagoniambiental.com.ar\/info\/el-paleoparque-de-comallo-comienza-a-levantar-sus-bases-en-la-meseta\/","name":"El Paleoparque de Comallo comienza a levantar sus bases en la meseta","isPartOf":{"@id":"https:\/\/patagoniambiental.com.ar\/info\/#website"},"primaryImageOfPage":{"@id":"https:\/\/patagoniambiental.com.ar\/info\/el-paleoparque-de-comallo-comienza-a-levantar-sus-bases-en-la-meseta\/#primaryimage"},"image":{"@id":"https:\/\/patagoniambiental.com.ar\/info\/el-paleoparque-de-comallo-comienza-a-levantar-sus-bases-en-la-meseta\/#primaryimage"},"thumbnailUrl":"https:\/\/patagoniambiental.com.ar\/info\/wp-content\/uploads\/2022\/02\/Sin-titulo-2.jpg","datePublished":"2022-02-10T02:49:18+00:00","dateModified":"2022-02-10T02:49:19+00:00","breadcrumb":{"@id":"https:\/\/patagoniambiental.com.ar\/info\/el-paleoparque-de-comallo-comienza-a-levantar-sus-bases-en-la-meseta\/#breadcrumb"},"inLanguage":"es","potentialAction":[{"@type":"ReadAction","target":["https:\/\/patagoniambiental.com.ar\/info\/el-paleoparque-de-comallo-comienza-a-levantar-sus-bases-en-la-meseta\/"]}]},{"@type":"ImageObject","inLanguage":"es","@id":"https:\/\/patagoniambiental.com.ar\/info\/el-paleoparque-de-comallo-comienza-a-levantar-sus-bases-en-la-meseta\/#primaryimage","url":"https:\/\/patagoniambiental.com.ar\/info\/wp-content\/uploads\/2022\/02\/Sin-titulo-2.jpg","contentUrl":"https:\/\/patagoniambiental.com.ar\/info\/wp-content\/uploads\/2022\/02\/Sin-titulo-2.jpg","width":982,"height":488},{"@type":"BreadcrumbList","@id":"https:\/\/patagoniambiental.com.ar\/info\/el-paleoparque-de-comallo-comienza-a-levantar-sus-bases-en-la-meseta\/#breadcrumb","itemListElement":[{"@type":"ListItem","position":1,"name":"Inicio","item":"https:\/\/patagoniambiental.com.ar\/info\/"},{"@type":"ListItem","position":2,"name":"El Paleoparque de Comallo comienza a levantar sus bases en la meseta"}]},{"@type":"WebSite","@id":"https:\/\/patagoniambiental.com.ar\/info\/#website","url":"https:\/\/patagoniambiental.com.ar\/info\/","name":"Patagonia Ambiental","description":"Monitoreo y an\u00e1lisis de la situaci\u00f3n geopol\u00edtica en el mundo y su implicancia en la Patagonia","publisher":{"@id":"https:\/\/patagoniambiental.com.ar\/info\/#organization"},"potentialAction":[{"@type":"SearchAction","target":{"@type":"EntryPoint","urlTemplate":"https:\/\/patagoniambiental.com.ar\/info\/?s={search_term_string}"},"query-input":{"@type":"PropertyValueSpecification","valueRequired":true,"valueName":"search_term_string"}}],"inLanguage":"es"},{"@type":"Organization","@id":"https:\/\/patagoniambiental.com.ar\/info\/#organization","name":"Patagonia Ambiental","url":"https:\/\/patagoniambiental.com.ar\/info\/","logo":{"@type":"ImageObject","inLanguage":"es","@id":"https:\/\/patagoniambiental.com.ar\/info\/#\/schema\/logo\/image\/","url":"https:\/\/patagoniambiental.com.ar\/info\/wp-content\/uploads\/2025\/05\/LOGO-PATAGONIA-AMBIENTAL.png","contentUrl":"https:\/\/patagoniambiental.com.ar\/info\/wp-content\/uploads\/2025\/05\/LOGO-PATAGONIA-AMBIENTAL.png","width":433,"height":250,"caption":"Patagonia Ambiental"},"image":{"@id":"https:\/\/patagoniambiental.com.ar\/info\/#\/schema\/logo\/image\/"},"sameAs":["https:\/\/www.facebook.com\/patagonia.ambiental","https:\/\/x.com\/PatAmb"]},{"@type":"Person","@id":"https:\/\/patagoniambiental.com.ar\/info\/#\/schema\/person\/e5af09d700b2e82cb10c6b8800e0c691","name":"BRAIAN ESTEVEZ","sameAs":["http:\/\/www.patagoniambiental.com.ar"]}]}},"_links":{"self":[{"href":"https:\/\/patagoniambiental.com.ar\/info\/wp-json\/wp\/v2\/posts\/75183","targetHints":{"allow":["GET"]}}],"collection":[{"href":"https:\/\/patagoniambiental.com.ar\/info\/wp-json\/wp\/v2\/posts"}],"about":[{"href":"https:\/\/patagoniambiental.com.ar\/info\/wp-json\/wp\/v2\/types\/post"}],"author":[{"embeddable":true,"href":"https:\/\/patagoniambiental.com.ar\/info\/wp-json\/wp\/v2\/users\/6"}],"replies":[{"embeddable":true,"href":"https:\/\/patagoniambiental.com.ar\/info\/wp-json\/wp\/v2\/comments?post=75183"}],"version-history":[{"count":0,"href":"https:\/\/patagoniambiental.com.ar\/info\/wp-json\/wp\/v2\/posts\/75183\/revisions"}],"wp:featuredmedia":[{"embeddable":true,"href":"https:\/\/patagoniambiental.com.ar\/info\/wp-json\/wp\/v2\/media\/75184"}],"wp:attachment":[{"href":"https:\/\/patagoniambiental.com.ar\/info\/wp-json\/wp\/v2\/media?parent=75183"}],"wp:term":[{"taxonomy":"category","embeddable":true,"href":"https:\/\/patagoniambiental.com.ar\/info\/wp-json\/wp\/v2\/categories?post=75183"},{"taxonomy":"post_tag","embeddable":true,"href":"https:\/\/patagoniambiental.com.ar\/info\/wp-json\/wp\/v2\/tags?post=75183"}],"curies":[{"name":"wp","href":"https:\/\/api.w.org\/{rel}","templated":true}]}}