{"id":75218,"date":"2022-02-15T13:25:57","date_gmt":"2022-02-15T16:25:57","guid":{"rendered":"http:\/\/patagoniambiental.com.ar\/info\/?p=75218"},"modified":"2022-02-15T13:25:59","modified_gmt":"2022-02-15T16:25:59","slug":"rawson-la-cooperativa-recibio-tapitas-de-la-secretaria-de-ambiente","status":"publish","type":"post","link":"https:\/\/patagoniambiental.com.ar\/info\/rawson-la-cooperativa-recibio-tapitas-de-la-secretaria-de-ambiente\/","title":{"rendered":"Rawson: la Cooperativa recibi\u00f3 tapitas de la Secretar\u00eda de Ambiente"},"content":{"rendered":"\n<!--more-->\n\n\n\n<p>Rawson.-En la ma\u00f1ana de este lunes, la Secretar\u00eda de Ambiente de la Municipalidad de Rawson realiz\u00f3 una entrega de tapitas a la Cooperativa de Servicios P\u00fablicos.<\/p>\n\n\n\n<p><\/p>\n\n\n\n<figure class=\"wp-block-image\"><img decoding=\"async\" src=\"https:\/\/pxb.cdn.elchubut.com.ar\/chubut\/022022\/1644853491231.webp?cw=1315&amp;ch=749&amp;extw=jpg\" alt=\"Rawson: la Cooperativa recibi\u00f3 tapitas de la Secretar\u00eda de Ambiente\" title=\"Rawson: la Cooperativa recibi\u00f3 tapitas de la Secretar\u00eda de Ambiente\"\/><\/figure>\n\n\n\n<p>En la ma\u00f1ana de este lunes, la Secretar\u00eda de Ambiente de la Municipalidad de Rawson realiz\u00f3 una entrega de tapitas a la Cooperativa de Servicios P\u00fablicos. La entidad, desde el a\u00f1o 2019, es punto oficial de recolecci\u00f3n de tapitas en Rawson para el Programa de la Fundaci\u00f3n Garrahan.<\/p>\n\n\n\n<p>Recordamos a los usuarios que en el sal\u00f3n hay dos urnas diferenciadas para que los vecinos pueden depositar las tapitas (que se env\u00edan a trav\u00e9s de la log\u00edstica del diario El Chubut a Buenos Aires), y las pilas y bater\u00edas que posteriormente se entregan a la Secretar\u00eda de Ambiente para su disposici\u00f3n final.<\/p>\n\n\n\n<p>Como empresa creemos en la importancia de cuidar entre todos el medioambiente, por lo que instamos a los vecinos a sumarse a este tipo de medidas de responsabilidad social.<\/p>\n\n\n\n<p><strong>Programa Garrahan<\/strong><\/p>\n\n\n\n<p>El Programa de Reciclado y Medio Ambiente es una de las actividades m\u00e1s importantes de la Fundaci\u00f3n Garrahan. Naci\u00f3 en el a\u00f1o 1999. Al principio, se comenz\u00f3 reciclando papel. Luego, en 2006, se incorporaron al programa las tapitas de pl\u00e1stico y en 2008, las llaves de bronce.<\/p>\n\n\n\n<p>Entre los objetivos figura la obtenci\u00f3n de recursos econ\u00f3micos para apoyar el desarrollo integral del Hospital Garrahan, instituci\u00f3n de referencia para los problemas m\u00e1s graves y complejos de la salud de los ni\u00f1os de todas las regiones de nuestro pa\u00eds. A su vez, se contribuye a la protecci\u00f3n del medio ambiente, alentando los h\u00e1bitos adecuados para su defensa permanente.<\/p>\n\n\n\n<p>Lo recaudado en el Programa se aplica para el funcionamiento y sost\u00e9n de Casa Garrahan, hogar donde se hospedan ni\u00f1os de bajos recursos que viven a m\u00e1s de 100 kil\u00f3metros y se encuentran en tratamiento ambulatorio en alguno de los hospitales pedi\u00e1tricos de Buenos Aires. Tambi\u00e9n se compran insumos y equipamientos m\u00e9dicos de avanzada tecnolog\u00eda, se forma y capacita el equipo de salud y se mantiene el edificio.<\/p>\n\n\n\n<p>Las tapitas que sirven son las pl\u00e1sticas de gaseosas, agua mineral, juegos, picos, tubos y bases pl\u00e1sticas de sifones de soda descartables. Sirven todas las que tengan el sello N\u00b05 (Polipropileno).<\/p>\n\n\n\n<p>Fuente: https:\/\/www.elchubut.com.ar\/rawson\/2022-2-14-12-43-0-rawson-la-cooperativa-recibio-tapitas-de-la-secretaria-de-ambiente<\/p>\n","protected":false},"excerpt":{"rendered":"","protected":false},"author":6,"featured_media":67023,"comment_status":"open","ping_status":"open","sticky":false,"template":"","format":"standard","meta":{"site-sidebar-layout":"default","site-content-layout":"","ast-site-content-layout":"default","site-content-style":"default","site-sidebar-style":"default","ast-global-header-display":"","ast-banner-title-visibility":"","ast-main-header-display":"","ast-hfb-above-header-display":"","ast-hfb-below-header-display":"","ast-hfb-mobile-header-display":"","site-post-title":"","ast-breadcrumbs-content":"","ast-featured-img":"","footer-sml-layout":"","ast-disable-related-posts":"","theme-transparent-header-meta":"","adv-header-id-meta":"","stick-header-meta":"","header-above-stick-meta":"","header-main-stick-meta":"","header-below-stick-meta":"","astra-migrate-meta-layouts":"default","ast-page-background-enabled":"default","ast-page-background-meta":{"desktop":{"background-color":"var(--ast-global-color-5)","background-image":"","background-repeat":"repeat","background-position":"center center","background-size":"auto","background-attachment":"scroll","background-type":"","background-media":"","overlay-type":"","overlay-color":"","overlay-opacity":"","overlay-gradient":""},"tablet":{"background-color":"","background-image":"","background-repeat":"repeat","background-position":"center center","background-size":"auto","background-attachment":"scroll","background-type":"","background-media":"","overlay-type":"","overlay-color":"","overlay-opacity":"","overlay-gradient":""},"mobile":{"background-color":"","background-image":"","background-repeat":"repeat","background-position":"center center","background-size":"auto","background-attachment":"scroll","background-type":"","background-media":"","overlay-type":"","overlay-color":"","overlay-opacity":"","overlay-gradient":""}},"ast-content-background-meta":{"desktop":{"background-color":"var(--ast-global-color-4)","background-image":"","background-repeat":"repeat","background-position":"center center","background-size":"auto","background-attachment":"scroll","background-type":"","background-media":"","overlay-type":"","overlay-color":"","overlay-opacity":"","overlay-gradient":""},"tablet":{"background-color":"var(--ast-global-color-4)","background-image":"","background-repeat":"repeat","background-position":"center center","background-size":"auto","background-attachment":"scroll","background-type":"","background-media":"","overlay-type":"","overlay-color":"","overlay-opacity":"","overlay-gradient":""},"mobile":{"background-color":"var(--ast-global-color-4)","background-image":"","background-repeat":"repeat","background-position":"center center","background-size":"auto","background-attachment":"scroll","background-type":"","background-media":"","overlay-type":"","overlay-color":"","overlay-opacity":"","overlay-gradient":""}},"footnotes":""},"categories":[11,3357,16,1,10],"tags":[],"class_list":["post-75218","post","type-post","status-publish","format-standard","has-post-thumbnail","hentry","category-boletin","category-girsu","category-municipales","category-noticias","category-rotador"],"yoast_head":"<!-- This site is optimized with the Yoast SEO Premium plugin v23.0 (Yoast SEO v27.5) - https:\/\/yoast.com\/product\/yoast-seo-premium-wordpress\/ -->\n<title>Rawson: la Cooperativa recibi\u00f3 tapitas de la Secretar\u00eda de Ambiente<\/title>\n<meta name=\"robots\" content=\"index, follow, max-snippet:-1, max-image-preview:large, max-video-preview:-1\" \/>\n<link rel=\"canonical\" href=\"https:\/\/patagoniambiental.com.ar\/info\/rawson-la-cooperativa-recibio-tapitas-de-la-secretaria-de-ambiente\/\" \/>\n<meta property=\"og:locale\" content=\"es_ES\" \/>\n<meta property=\"og:type\" content=\"article\" \/>\n<meta property=\"og:title\" content=\"Rawson: la Cooperativa recibi\u00f3 tapitas de la Secretar\u00eda de Ambiente\" \/>\n<meta property=\"og:url\" content=\"https:\/\/patagoniambiental.com.ar\/info\/rawson-la-cooperativa-recibio-tapitas-de-la-secretaria-de-ambiente\/\" \/>\n<meta property=\"og:site_name\" content=\"Patagonia Ambiental\" \/>\n<meta property=\"article:publisher\" content=\"https:\/\/www.facebook.com\/patagonia.ambiental\" \/>\n<meta property=\"article:published_time\" content=\"2022-02-15T16:25:57+00:00\" \/>\n<meta property=\"article:modified_time\" content=\"2022-02-15T16:25:59+00:00\" \/>\n<meta property=\"og:image\" content=\"https:\/\/patagoniambiental.com.ar\/info\/wp-content\/uploads\/2020\/07\/tapitas-corazon-3.jpeg\" \/>\n\t<meta property=\"og:image:width\" content=\"1040\" \/>\n\t<meta property=\"og:image:height\" content=\"780\" \/>\n\t<meta property=\"og:image:type\" content=\"image\/jpeg\" \/>\n<meta name=\"author\" content=\"BRAIAN ESTEVEZ\" \/>\n<meta name=\"twitter:card\" content=\"summary_large_image\" \/>\n<meta name=\"twitter:creator\" content=\"@PatAmb\" \/>\n<meta name=\"twitter:site\" content=\"@PatAmb\" \/>\n<script type=\"application\/ld+json\" class=\"yoast-schema-graph\">{\"@context\":\"https:\\\/\\\/schema.org\",\"@graph\":[{\"@type\":\"Article\",\"@id\":\"https:\\\/\\\/patagoniambiental.com.ar\\\/info\\\/rawson-la-cooperativa-recibio-tapitas-de-la-secretaria-de-ambiente\\\/#article\",\"isPartOf\":{\"@id\":\"https:\\\/\\\/patagoniambiental.com.ar\\\/info\\\/rawson-la-cooperativa-recibio-tapitas-de-la-secretaria-de-ambiente\\\/\"},\"author\":{\"name\":\"BRAIAN ESTEVEZ\",\"@id\":\"https:\\\/\\\/patagoniambiental.com.ar\\\/info\\\/#\\\/schema\\\/person\\\/e5af09d700b2e82cb10c6b8800e0c691\"},\"headline\":\"Rawson: la Cooperativa recibi\u00f3 tapitas de la Secretar\u00eda de Ambiente\",\"datePublished\":\"2022-02-15T16:25:57+00:00\",\"dateModified\":\"2022-02-15T16:25:59+00:00\",\"mainEntityOfPage\":{\"@id\":\"https:\\\/\\\/patagoniambiental.com.ar\\\/info\\\/rawson-la-cooperativa-recibio-tapitas-de-la-secretaria-de-ambiente\\\/\"},\"wordCount\":421,\"commentCount\":0,\"publisher\":{\"@id\":\"https:\\\/\\\/patagoniambiental.com.ar\\\/info\\\/#organization\"},\"image\":{\"@id\":\"https:\\\/\\\/patagoniambiental.com.ar\\\/info\\\/rawson-la-cooperativa-recibio-tapitas-de-la-secretaria-de-ambiente\\\/#primaryimage\"},\"thumbnailUrl\":\"https:\\\/\\\/patagoniambiental.com.ar\\\/info\\\/wp-content\\\/uploads\\\/2020\\\/07\\\/tapitas-corazon-3.jpeg\",\"articleSection\":[\"Bolet\u00edn\",\"GIRSU\",\"Municipales\",\"Noticias\",\"Rotador\"],\"inLanguage\":\"es\",\"potentialAction\":[{\"@type\":\"CommentAction\",\"name\":\"Comment\",\"target\":[\"https:\\\/\\\/patagoniambiental.com.ar\\\/info\\\/rawson-la-cooperativa-recibio-tapitas-de-la-secretaria-de-ambiente\\\/#respond\"]}]},{\"@type\":\"WebPage\",\"@id\":\"https:\\\/\\\/patagoniambiental.com.ar\\\/info\\\/rawson-la-cooperativa-recibio-tapitas-de-la-secretaria-de-ambiente\\\/\",\"url\":\"https:\\\/\\\/patagoniambiental.com.ar\\\/info\\\/rawson-la-cooperativa-recibio-tapitas-de-la-secretaria-de-ambiente\\\/\",\"name\":\"Rawson: la Cooperativa recibi\u00f3 tapitas de la Secretar\u00eda de Ambiente\",\"isPartOf\":{\"@id\":\"https:\\\/\\\/patagoniambiental.com.ar\\\/info\\\/#website\"},\"primaryImageOfPage\":{\"@id\":\"https:\\\/\\\/patagoniambiental.com.ar\\\/info\\\/rawson-la-cooperativa-recibio-tapitas-de-la-secretaria-de-ambiente\\\/#primaryimage\"},\"image\":{\"@id\":\"https:\\\/\\\/patagoniambiental.com.ar\\\/info\\\/rawson-la-cooperativa-recibio-tapitas-de-la-secretaria-de-ambiente\\\/#primaryimage\"},\"thumbnailUrl\":\"https:\\\/\\\/patagoniambiental.com.ar\\\/info\\\/wp-content\\\/uploads\\\/2020\\\/07\\\/tapitas-corazon-3.jpeg\",\"datePublished\":\"2022-02-15T16:25:57+00:00\",\"dateModified\":\"2022-02-15T16:25:59+00:00\",\"breadcrumb\":{\"@id\":\"https:\\\/\\\/patagoniambiental.com.ar\\\/info\\\/rawson-la-cooperativa-recibio-tapitas-de-la-secretaria-de-ambiente\\\/#breadcrumb\"},\"inLanguage\":\"es\",\"potentialAction\":[{\"@type\":\"ReadAction\",\"target\":[\"https:\\\/\\\/patagoniambiental.com.ar\\\/info\\\/rawson-la-cooperativa-recibio-tapitas-de-la-secretaria-de-ambiente\\\/\"]}]},{\"@type\":\"ImageObject\",\"inLanguage\":\"es\",\"@id\":\"https:\\\/\\\/patagoniambiental.com.ar\\\/info\\\/rawson-la-cooperativa-recibio-tapitas-de-la-secretaria-de-ambiente\\\/#primaryimage\",\"url\":\"https:\\\/\\\/patagoniambiental.com.ar\\\/info\\\/wp-content\\\/uploads\\\/2020\\\/07\\\/tapitas-corazon-3.jpeg\",\"contentUrl\":\"https:\\\/\\\/patagoniambiental.com.ar\\\/info\\\/wp-content\\\/uploads\\\/2020\\\/07\\\/tapitas-corazon-3.jpeg\",\"width\":800,\"height\":600,\"caption\":\"foto archivo\"},{\"@type\":\"BreadcrumbList\",\"@id\":\"https:\\\/\\\/patagoniambiental.com.ar\\\/info\\\/rawson-la-cooperativa-recibio-tapitas-de-la-secretaria-de-ambiente\\\/#breadcrumb\",\"itemListElement\":[{\"@type\":\"ListItem\",\"position\":1,\"name\":\"Inicio\",\"item\":\"https:\\\/\\\/patagoniambiental.com.ar\\\/info\\\/\"},{\"@type\":\"ListItem\",\"position\":2,\"name\":\"Rawson: la Cooperativa recibi\u00f3 tapitas de la Secretar\u00eda de Ambiente\"}]},{\"@type\":\"WebSite\",\"@id\":\"https:\\\/\\\/patagoniambiental.com.ar\\\/info\\\/#website\",\"url\":\"https:\\\/\\\/patagoniambiental.com.ar\\\/info\\\/\",\"name\":\"Patagonia Ambiental\",\"description\":\"Monitoreo y an\u00e1lisis de la situaci\u00f3n geopol\u00edtica en el mundo y su implicancia en la Patagonia\",\"publisher\":{\"@id\":\"https:\\\/\\\/patagoniambiental.com.ar\\\/info\\\/#organization\"},\"potentialAction\":[{\"@type\":\"SearchAction\",\"target\":{\"@type\":\"EntryPoint\",\"urlTemplate\":\"https:\\\/\\\/patagoniambiental.com.ar\\\/info\\\/?s={search_term_string}\"},\"query-input\":{\"@type\":\"PropertyValueSpecification\",\"valueRequired\":true,\"valueName\":\"search_term_string\"}}],\"inLanguage\":\"es\"},{\"@type\":\"Organization\",\"@id\":\"https:\\\/\\\/patagoniambiental.com.ar\\\/info\\\/#organization\",\"name\":\"Patagonia Ambiental\",\"url\":\"https:\\\/\\\/patagoniambiental.com.ar\\\/info\\\/\",\"logo\":{\"@type\":\"ImageObject\",\"inLanguage\":\"es\",\"@id\":\"https:\\\/\\\/patagoniambiental.com.ar\\\/info\\\/#\\\/schema\\\/logo\\\/image\\\/\",\"url\":\"https:\\\/\\\/patagoniambiental.com.ar\\\/info\\\/wp-content\\\/uploads\\\/2025\\\/05\\\/LOGO-PATAGONIA-AMBIENTAL.png\",\"contentUrl\":\"https:\\\/\\\/patagoniambiental.com.ar\\\/info\\\/wp-content\\\/uploads\\\/2025\\\/05\\\/LOGO-PATAGONIA-AMBIENTAL.png\",\"width\":433,\"height\":250,\"caption\":\"Patagonia Ambiental\"},\"image\":{\"@id\":\"https:\\\/\\\/patagoniambiental.com.ar\\\/info\\\/#\\\/schema\\\/logo\\\/image\\\/\"},\"sameAs\":[\"https:\\\/\\\/www.facebook.com\\\/patagonia.ambiental\",\"https:\\\/\\\/x.com\\\/PatAmb\"]},{\"@type\":\"Person\",\"@id\":\"https:\\\/\\\/patagoniambiental.com.ar\\\/info\\\/#\\\/schema\\\/person\\\/e5af09d700b2e82cb10c6b8800e0c691\",\"name\":\"BRAIAN ESTEVEZ\",\"sameAs\":[\"http:\\\/\\\/www.patagoniambiental.com.ar\"]}]}<\/script>\n<!-- \/ Yoast SEO Premium plugin. -->","yoast_head_json":{"title":"Rawson: la Cooperativa recibi\u00f3 tapitas de la Secretar\u00eda de Ambiente","robots":{"index":"index","follow":"follow","max-snippet":"max-snippet:-1","max-image-preview":"max-image-preview:large","max-video-preview":"max-video-preview:-1"},"canonical":"https:\/\/patagoniambiental.com.ar\/info\/rawson-la-cooperativa-recibio-tapitas-de-la-secretaria-de-ambiente\/","og_locale":"es_ES","og_type":"article","og_title":"Rawson: la Cooperativa recibi\u00f3 tapitas de la Secretar\u00eda de Ambiente","og_url":"https:\/\/patagoniambiental.com.ar\/info\/rawson-la-cooperativa-recibio-tapitas-de-la-secretaria-de-ambiente\/","og_site_name":"Patagonia Ambiental","article_publisher":"https:\/\/www.facebook.com\/patagonia.ambiental","article_published_time":"2022-02-15T16:25:57+00:00","article_modified_time":"2022-02-15T16:25:59+00:00","og_image":[{"width":1040,"height":780,"url":"https:\/\/patagoniambiental.com.ar\/info\/wp-content\/uploads\/2020\/07\/tapitas-corazon-3.jpeg","type":"image\/jpeg"}],"author":"BRAIAN ESTEVEZ","twitter_card":"summary_large_image","twitter_creator":"@PatAmb","twitter_site":"@PatAmb","schema":{"@context":"https:\/\/schema.org","@graph":[{"@type":"Article","@id":"https:\/\/patagoniambiental.com.ar\/info\/rawson-la-cooperativa-recibio-tapitas-de-la-secretaria-de-ambiente\/#article","isPartOf":{"@id":"https:\/\/patagoniambiental.com.ar\/info\/rawson-la-cooperativa-recibio-tapitas-de-la-secretaria-de-ambiente\/"},"author":{"name":"BRAIAN ESTEVEZ","@id":"https:\/\/patagoniambiental.com.ar\/info\/#\/schema\/person\/e5af09d700b2e82cb10c6b8800e0c691"},"headline":"Rawson: la Cooperativa recibi\u00f3 tapitas de la Secretar\u00eda de Ambiente","datePublished":"2022-02-15T16:25:57+00:00","dateModified":"2022-02-15T16:25:59+00:00","mainEntityOfPage":{"@id":"https:\/\/patagoniambiental.com.ar\/info\/rawson-la-cooperativa-recibio-tapitas-de-la-secretaria-de-ambiente\/"},"wordCount":421,"commentCount":0,"publisher":{"@id":"https:\/\/patagoniambiental.com.ar\/info\/#organization"},"image":{"@id":"https:\/\/patagoniambiental.com.ar\/info\/rawson-la-cooperativa-recibio-tapitas-de-la-secretaria-de-ambiente\/#primaryimage"},"thumbnailUrl":"https:\/\/patagoniambiental.com.ar\/info\/wp-content\/uploads\/2020\/07\/tapitas-corazon-3.jpeg","articleSection":["Bolet\u00edn","GIRSU","Municipales","Noticias","Rotador"],"inLanguage":"es","potentialAction":[{"@type":"CommentAction","name":"Comment","target":["https:\/\/patagoniambiental.com.ar\/info\/rawson-la-cooperativa-recibio-tapitas-de-la-secretaria-de-ambiente\/#respond"]}]},{"@type":"WebPage","@id":"https:\/\/patagoniambiental.com.ar\/info\/rawson-la-cooperativa-recibio-tapitas-de-la-secretaria-de-ambiente\/","url":"https:\/\/patagoniambiental.com.ar\/info\/rawson-la-cooperativa-recibio-tapitas-de-la-secretaria-de-ambiente\/","name":"Rawson: la Cooperativa recibi\u00f3 tapitas de la Secretar\u00eda de Ambiente","isPartOf":{"@id":"https:\/\/patagoniambiental.com.ar\/info\/#website"},"primaryImageOfPage":{"@id":"https:\/\/patagoniambiental.com.ar\/info\/rawson-la-cooperativa-recibio-tapitas-de-la-secretaria-de-ambiente\/#primaryimage"},"image":{"@id":"https:\/\/patagoniambiental.com.ar\/info\/rawson-la-cooperativa-recibio-tapitas-de-la-secretaria-de-ambiente\/#primaryimage"},"thumbnailUrl":"https:\/\/patagoniambiental.com.ar\/info\/wp-content\/uploads\/2020\/07\/tapitas-corazon-3.jpeg","datePublished":"2022-02-15T16:25:57+00:00","dateModified":"2022-02-15T16:25:59+00:00","breadcrumb":{"@id":"https:\/\/patagoniambiental.com.ar\/info\/rawson-la-cooperativa-recibio-tapitas-de-la-secretaria-de-ambiente\/#breadcrumb"},"inLanguage":"es","potentialAction":[{"@type":"ReadAction","target":["https:\/\/patagoniambiental.com.ar\/info\/rawson-la-cooperativa-recibio-tapitas-de-la-secretaria-de-ambiente\/"]}]},{"@type":"ImageObject","inLanguage":"es","@id":"https:\/\/patagoniambiental.com.ar\/info\/rawson-la-cooperativa-recibio-tapitas-de-la-secretaria-de-ambiente\/#primaryimage","url":"https:\/\/patagoniambiental.com.ar\/info\/wp-content\/uploads\/2020\/07\/tapitas-corazon-3.jpeg","contentUrl":"https:\/\/patagoniambiental.com.ar\/info\/wp-content\/uploads\/2020\/07\/tapitas-corazon-3.jpeg","width":800,"height":600,"caption":"foto archivo"},{"@type":"BreadcrumbList","@id":"https:\/\/patagoniambiental.com.ar\/info\/rawson-la-cooperativa-recibio-tapitas-de-la-secretaria-de-ambiente\/#breadcrumb","itemListElement":[{"@type":"ListItem","position":1,"name":"Inicio","item":"https:\/\/patagoniambiental.com.ar\/info\/"},{"@type":"ListItem","position":2,"name":"Rawson: la Cooperativa recibi\u00f3 tapitas de la Secretar\u00eda de Ambiente"}]},{"@type":"WebSite","@id":"https:\/\/patagoniambiental.com.ar\/info\/#website","url":"https:\/\/patagoniambiental.com.ar\/info\/","name":"Patagonia Ambiental","description":"Monitoreo y an\u00e1lisis de la situaci\u00f3n geopol\u00edtica en el mundo y su implicancia en la Patagonia","publisher":{"@id":"https:\/\/patagoniambiental.com.ar\/info\/#organization"},"potentialAction":[{"@type":"SearchAction","target":{"@type":"EntryPoint","urlTemplate":"https:\/\/patagoniambiental.com.ar\/info\/?s={search_term_string}"},"query-input":{"@type":"PropertyValueSpecification","valueRequired":true,"valueName":"search_term_string"}}],"inLanguage":"es"},{"@type":"Organization","@id":"https:\/\/patagoniambiental.com.ar\/info\/#organization","name":"Patagonia Ambiental","url":"https:\/\/patagoniambiental.com.ar\/info\/","logo":{"@type":"ImageObject","inLanguage":"es","@id":"https:\/\/patagoniambiental.com.ar\/info\/#\/schema\/logo\/image\/","url":"https:\/\/patagoniambiental.com.ar\/info\/wp-content\/uploads\/2025\/05\/LOGO-PATAGONIA-AMBIENTAL.png","contentUrl":"https:\/\/patagoniambiental.com.ar\/info\/wp-content\/uploads\/2025\/05\/LOGO-PATAGONIA-AMBIENTAL.png","width":433,"height":250,"caption":"Patagonia Ambiental"},"image":{"@id":"https:\/\/patagoniambiental.com.ar\/info\/#\/schema\/logo\/image\/"},"sameAs":["https:\/\/www.facebook.com\/patagonia.ambiental","https:\/\/x.com\/PatAmb"]},{"@type":"Person","@id":"https:\/\/patagoniambiental.com.ar\/info\/#\/schema\/person\/e5af09d700b2e82cb10c6b8800e0c691","name":"BRAIAN ESTEVEZ","sameAs":["http:\/\/www.patagoniambiental.com.ar"]}]}},"_links":{"self":[{"href":"https:\/\/patagoniambiental.com.ar\/info\/wp-json\/wp\/v2\/posts\/75218","targetHints":{"allow":["GET"]}}],"collection":[{"href":"https:\/\/patagoniambiental.com.ar\/info\/wp-json\/wp\/v2\/posts"}],"about":[{"href":"https:\/\/patagoniambiental.com.ar\/info\/wp-json\/wp\/v2\/types\/post"}],"author":[{"embeddable":true,"href":"https:\/\/patagoniambiental.com.ar\/info\/wp-json\/wp\/v2\/users\/6"}],"replies":[{"embeddable":true,"href":"https:\/\/patagoniambiental.com.ar\/info\/wp-json\/wp\/v2\/comments?post=75218"}],"version-history":[{"count":0,"href":"https:\/\/patagoniambiental.com.ar\/info\/wp-json\/wp\/v2\/posts\/75218\/revisions"}],"wp:featuredmedia":[{"embeddable":true,"href":"https:\/\/patagoniambiental.com.ar\/info\/wp-json\/wp\/v2\/media\/67023"}],"wp:attachment":[{"href":"https:\/\/patagoniambiental.com.ar\/info\/wp-json\/wp\/v2\/media?parent=75218"}],"wp:term":[{"taxonomy":"category","embeddable":true,"href":"https:\/\/patagoniambiental.com.ar\/info\/wp-json\/wp\/v2\/categories?post=75218"},{"taxonomy":"post_tag","embeddable":true,"href":"https:\/\/patagoniambiental.com.ar\/info\/wp-json\/wp\/v2\/tags?post=75218"}],"curies":[{"name":"wp","href":"https:\/\/api.w.org\/{rel}","templated":true}]}}