{"id":75240,"date":"2022-02-17T11:13:05","date_gmt":"2022-02-17T14:13:05","guid":{"rendered":"http:\/\/patagoniambiental.com.ar\/info\/?p=75240"},"modified":"2022-02-17T11:13:07","modified_gmt":"2022-02-17T14:13:07","slug":"del-sur-provincial-directo-a-vaca-muerta-exigen-informacion-sobre-arenas-que-serian-destinadas-a-fracking","status":"publish","type":"post","link":"https:\/\/patagoniambiental.com.ar\/info\/del-sur-provincial-directo-a-vaca-muerta-exigen-informacion-sobre-arenas-que-serian-destinadas-a-fracking\/","title":{"rendered":"\u00bfDel sur provincial, directo a \u201cVaca Muerta\u201d? Exigen informaci\u00f3n sobre arenas que ser\u00edan destinadas a Fracking"},"content":{"rendered":"\n<!--more-->\n\n\n\n<p>Un nuevo amparo ambiental exige que el gobierno de Entre R\u00edos brinde informaci\u00f3n sobre las areneras que realizan su actividad en el sur de la provincia, m\u00e1s precisamente en los departamentos Islas del Ibicuy y Gualeguaych\u00fa.<\/p>\n\n\n\n<p>El recurso fue promovido por el abogado Ricardo Luciano, quien viene denunciando que las areneras extraen arena s\u00edlica o s\u00edlice que luego es enviada a los yacimientos de Vaca Muerta en la provincia de Neuqu\u00e9n, para ser utilizada en la industria del fracking (t\u00e9cnica de fractura hidr\u00e1ulica que posibilita o aumenta la extracci\u00f3n de gas y petr\u00f3leo del subsuelo).<\/p>\n\n\n\n<p>Luciano es el mismo letrado que, en car\u00e1cter de apoderado de la Cooperativa de Agua Potable de Ibicuy, logr\u00f3 que el Superior Tribunal de Justicia de Entre R\u00edos condene al propio Estado provincial a brindar informaci\u00f3n p\u00fablica ambiental sobre la instalaci\u00f3n de areneras y canteras de arena en la zona de Ibicuy.<\/p>\n\n\n\n<p>Ahora, el abogado present\u00f3 un amparo ambiental -de Acci\u00f3n de Ejecuci\u00f3n de Incidencia Colectiva- contra el gobernador Gustavo Bordet por \u201cuna serie de irregularidades e incumplimientos legales\u201d de las areneras en ambos departamentos: basa su acci\u00f3n en el art\u00edculo N\u00ba 58 de la Constituci\u00f3n provincial, \u201ccon el fin de que un juez lo conmine (al gobernador) a cumplir con las normativas vigentes de car\u00e1cter ambiental\u201d.<\/p>\n\n\n\n<p>El objeto espec\u00edfico del amparo es que el mandatario provincial \u201cinforme a trav\u00e9s de quien corresponda: constancia de habilitaci\u00f3n de las areneras instaladas en los departamentos Islas del Ibicuy y Gualeguaych\u00fa; acredite la expedici\u00f3n y vigencia de los \u2018certificados de aptitud ambiental\u2019 de esos establecimientos; informe el cumplimiento de los requisitos procedimentales para la habilitaci\u00f3n (celebraci\u00f3n de audiencias p\u00fablicas, contrataci\u00f3n de seguro ambiental, fijaci\u00f3n de un fondo de restauraci\u00f3n, renovaci\u00f3n de estudios de impacto ambiental en tiempo y forma, de corresponder) y los procedimientos de control de adecuaci\u00f3n de las areneras a la normativa protectoria ambiental vigente\u201d.<\/p>\n\n\n\n<p>Fuente: https:\/\/www.elentrerios.com\/actualidad\/del-sur-provincial-directo-a-ldquovaca-muertardquo-exigen-informacin-sobre-arenas-que-seran-destinadas-a-ifrackingi.htm<\/p>\n","protected":false},"excerpt":{"rendered":"","protected":false},"author":6,"featured_media":75241,"comment_status":"open","ping_status":"open","sticky":false,"template":"","format":"standard","meta":{"site-sidebar-layout":"default","site-content-layout":"","ast-site-content-layout":"default","site-content-style":"default","site-sidebar-style":"default","ast-global-header-display":"","ast-banner-title-visibility":"","ast-main-header-display":"","ast-hfb-above-header-display":"","ast-hfb-below-header-display":"","ast-hfb-mobile-header-display":"","site-post-title":"","ast-breadcrumbs-content":"","ast-featured-img":"","footer-sml-layout":"","ast-disable-related-posts":"","theme-transparent-header-meta":"","adv-header-id-meta":"","stick-header-meta":"","header-above-stick-meta":"","header-main-stick-meta":"","header-below-stick-meta":"","astra-migrate-meta-layouts":"default","ast-page-background-enabled":"default","ast-page-background-meta":{"desktop":{"background-color":"var(--ast-global-color-5)","background-image":"","background-repeat":"repeat","background-position":"center center","background-size":"auto","background-attachment":"scroll","background-type":"","background-media":"","overlay-type":"","overlay-color":"","overlay-opacity":"","overlay-gradient":""},"tablet":{"background-color":"","background-image":"","background-repeat":"repeat","background-position":"center center","background-size":"auto","background-attachment":"scroll","background-type":"","background-media":"","overlay-type":"","overlay-color":"","overlay-opacity":"","overlay-gradient":""},"mobile":{"background-color":"","background-image":"","background-repeat":"repeat","background-position":"center center","background-size":"auto","background-attachment":"scroll","background-type":"","background-media":"","overlay-type":"","overlay-color":"","overlay-opacity":"","overlay-gradient":""}},"ast-content-background-meta":{"desktop":{"background-color":"var(--ast-global-color-4)","background-image":"","background-repeat":"repeat","background-position":"center center","background-size":"auto","background-attachment":"scroll","background-type":"","background-media":"","overlay-type":"","overlay-color":"","overlay-opacity":"","overlay-gradient":""},"tablet":{"background-color":"var(--ast-global-color-4)","background-image":"","background-repeat":"repeat","background-position":"center center","background-size":"auto","background-attachment":"scroll","background-type":"","background-media":"","overlay-type":"","overlay-color":"","overlay-opacity":"","overlay-gradient":""},"mobile":{"background-color":"var(--ast-global-color-4)","background-image":"","background-repeat":"repeat","background-position":"center center","background-size":"auto","background-attachment":"scroll","background-type":"","background-media":"","overlay-type":"","overlay-color":"","overlay-opacity":"","overlay-gradient":""}},"footnotes":""},"categories":[18,1],"tags":[],"class_list":["post-75240","post","type-post","status-publish","format-standard","has-post-thumbnail","hentry","category-neuquen","category-noticias"],"yoast_head":"<!-- This site is optimized with the Yoast SEO Premium plugin v23.0 (Yoast SEO v27.5) - https:\/\/yoast.com\/product\/yoast-seo-premium-wordpress\/ -->\n<title>\u00bfDel sur provincial, directo a \u201cVaca Muerta\u201d? Exigen informaci\u00f3n sobre arenas que ser\u00edan destinadas a Fracking<\/title>\n<meta name=\"robots\" content=\"index, follow, max-snippet:-1, max-image-preview:large, max-video-preview:-1\" \/>\n<link rel=\"canonical\" href=\"https:\/\/patagoniambiental.com.ar\/info\/del-sur-provincial-directo-a-vaca-muerta-exigen-informacion-sobre-arenas-que-serian-destinadas-a-fracking\/\" \/>\n<meta property=\"og:locale\" content=\"es_ES\" \/>\n<meta property=\"og:type\" content=\"article\" \/>\n<meta property=\"og:title\" content=\"\u00bfDel sur provincial, directo a \u201cVaca Muerta\u201d? Exigen informaci\u00f3n sobre arenas que ser\u00edan destinadas a Fracking\" \/>\n<meta property=\"og:url\" content=\"https:\/\/patagoniambiental.com.ar\/info\/del-sur-provincial-directo-a-vaca-muerta-exigen-informacion-sobre-arenas-que-serian-destinadas-a-fracking\/\" \/>\n<meta property=\"og:site_name\" content=\"Patagonia Ambiental\" \/>\n<meta property=\"article:publisher\" content=\"https:\/\/www.facebook.com\/patagonia.ambiental\" \/>\n<meta property=\"article:published_time\" content=\"2022-02-17T14:13:05+00:00\" \/>\n<meta property=\"article:modified_time\" content=\"2022-02-17T14:13:07+00:00\" \/>\n<meta property=\"og:image\" content=\"https:\/\/patagoniambiental.com.ar\/info\/wp-content\/uploads\/2022\/02\/l_1645037827.jpg\" \/>\n\t<meta property=\"og:image:width\" content=\"870\" \/>\n\t<meta property=\"og:image:height\" content=\"580\" \/>\n\t<meta property=\"og:image:type\" content=\"image\/jpeg\" \/>\n<meta name=\"author\" content=\"BRAIAN ESTEVEZ\" \/>\n<meta name=\"twitter:card\" content=\"summary_large_image\" \/>\n<meta name=\"twitter:creator\" content=\"@PatAmb\" \/>\n<meta name=\"twitter:site\" content=\"@PatAmb\" \/>\n<script type=\"application\/ld+json\" class=\"yoast-schema-graph\">{\"@context\":\"https:\\\/\\\/schema.org\",\"@graph\":[{\"@type\":\"Article\",\"@id\":\"https:\\\/\\\/patagoniambiental.com.ar\\\/info\\\/del-sur-provincial-directo-a-vaca-muerta-exigen-informacion-sobre-arenas-que-serian-destinadas-a-fracking\\\/#article\",\"isPartOf\":{\"@id\":\"https:\\\/\\\/patagoniambiental.com.ar\\\/info\\\/del-sur-provincial-directo-a-vaca-muerta-exigen-informacion-sobre-arenas-que-serian-destinadas-a-fracking\\\/\"},\"author\":{\"name\":\"BRAIAN ESTEVEZ\",\"@id\":\"https:\\\/\\\/patagoniambiental.com.ar\\\/info\\\/#\\\/schema\\\/person\\\/e5af09d700b2e82cb10c6b8800e0c691\"},\"headline\":\"\u00bfDel sur provincial, directo a \u201cVaca Muerta\u201d? Exigen informaci\u00f3n sobre arenas que ser\u00edan destinadas a Fracking\",\"datePublished\":\"2022-02-17T14:13:05+00:00\",\"dateModified\":\"2022-02-17T14:13:07+00:00\",\"mainEntityOfPage\":{\"@id\":\"https:\\\/\\\/patagoniambiental.com.ar\\\/info\\\/del-sur-provincial-directo-a-vaca-muerta-exigen-informacion-sobre-arenas-que-serian-destinadas-a-fracking\\\/\"},\"wordCount\":367,\"commentCount\":0,\"publisher\":{\"@id\":\"https:\\\/\\\/patagoniambiental.com.ar\\\/info\\\/#organization\"},\"image\":{\"@id\":\"https:\\\/\\\/patagoniambiental.com.ar\\\/info\\\/del-sur-provincial-directo-a-vaca-muerta-exigen-informacion-sobre-arenas-que-serian-destinadas-a-fracking\\\/#primaryimage\"},\"thumbnailUrl\":\"https:\\\/\\\/patagoniambiental.com.ar\\\/info\\\/wp-content\\\/uploads\\\/2022\\\/02\\\/l_1645037827.jpg\",\"articleSection\":[\"Neuqu\u00e9n\",\"Noticias\"],\"inLanguage\":\"es\",\"potentialAction\":[{\"@type\":\"CommentAction\",\"name\":\"Comment\",\"target\":[\"https:\\\/\\\/patagoniambiental.com.ar\\\/info\\\/del-sur-provincial-directo-a-vaca-muerta-exigen-informacion-sobre-arenas-que-serian-destinadas-a-fracking\\\/#respond\"]}]},{\"@type\":\"WebPage\",\"@id\":\"https:\\\/\\\/patagoniambiental.com.ar\\\/info\\\/del-sur-provincial-directo-a-vaca-muerta-exigen-informacion-sobre-arenas-que-serian-destinadas-a-fracking\\\/\",\"url\":\"https:\\\/\\\/patagoniambiental.com.ar\\\/info\\\/del-sur-provincial-directo-a-vaca-muerta-exigen-informacion-sobre-arenas-que-serian-destinadas-a-fracking\\\/\",\"name\":\"\u00bfDel sur provincial, directo a \u201cVaca Muerta\u201d? Exigen informaci\u00f3n sobre arenas que ser\u00edan destinadas a Fracking\",\"isPartOf\":{\"@id\":\"https:\\\/\\\/patagoniambiental.com.ar\\\/info\\\/#website\"},\"primaryImageOfPage\":{\"@id\":\"https:\\\/\\\/patagoniambiental.com.ar\\\/info\\\/del-sur-provincial-directo-a-vaca-muerta-exigen-informacion-sobre-arenas-que-serian-destinadas-a-fracking\\\/#primaryimage\"},\"image\":{\"@id\":\"https:\\\/\\\/patagoniambiental.com.ar\\\/info\\\/del-sur-provincial-directo-a-vaca-muerta-exigen-informacion-sobre-arenas-que-serian-destinadas-a-fracking\\\/#primaryimage\"},\"thumbnailUrl\":\"https:\\\/\\\/patagoniambiental.com.ar\\\/info\\\/wp-content\\\/uploads\\\/2022\\\/02\\\/l_1645037827.jpg\",\"datePublished\":\"2022-02-17T14:13:05+00:00\",\"dateModified\":\"2022-02-17T14:13:07+00:00\",\"breadcrumb\":{\"@id\":\"https:\\\/\\\/patagoniambiental.com.ar\\\/info\\\/del-sur-provincial-directo-a-vaca-muerta-exigen-informacion-sobre-arenas-que-serian-destinadas-a-fracking\\\/#breadcrumb\"},\"inLanguage\":\"es\",\"potentialAction\":[{\"@type\":\"ReadAction\",\"target\":[\"https:\\\/\\\/patagoniambiental.com.ar\\\/info\\\/del-sur-provincial-directo-a-vaca-muerta-exigen-informacion-sobre-arenas-que-serian-destinadas-a-fracking\\\/\"]}]},{\"@type\":\"ImageObject\",\"inLanguage\":\"es\",\"@id\":\"https:\\\/\\\/patagoniambiental.com.ar\\\/info\\\/del-sur-provincial-directo-a-vaca-muerta-exigen-informacion-sobre-arenas-que-serian-destinadas-a-fracking\\\/#primaryimage\",\"url\":\"https:\\\/\\\/patagoniambiental.com.ar\\\/info\\\/wp-content\\\/uploads\\\/2022\\\/02\\\/l_1645037827.jpg\",\"contentUrl\":\"https:\\\/\\\/patagoniambiental.com.ar\\\/info\\\/wp-content\\\/uploads\\\/2022\\\/02\\\/l_1645037827.jpg\",\"width\":870,\"height\":580},{\"@type\":\"BreadcrumbList\",\"@id\":\"https:\\\/\\\/patagoniambiental.com.ar\\\/info\\\/del-sur-provincial-directo-a-vaca-muerta-exigen-informacion-sobre-arenas-que-serian-destinadas-a-fracking\\\/#breadcrumb\",\"itemListElement\":[{\"@type\":\"ListItem\",\"position\":1,\"name\":\"Inicio\",\"item\":\"https:\\\/\\\/patagoniambiental.com.ar\\\/info\\\/\"},{\"@type\":\"ListItem\",\"position\":2,\"name\":\"\u00bfDel sur provincial, directo a \u201cVaca Muerta\u201d? Exigen informaci\u00f3n sobre arenas que ser\u00edan destinadas a Fracking\"}]},{\"@type\":\"WebSite\",\"@id\":\"https:\\\/\\\/patagoniambiental.com.ar\\\/info\\\/#website\",\"url\":\"https:\\\/\\\/patagoniambiental.com.ar\\\/info\\\/\",\"name\":\"Patagonia Ambiental\",\"description\":\"Monitoreo y an\u00e1lisis de la situaci\u00f3n geopol\u00edtica en el mundo y su implicancia en la Patagonia\",\"publisher\":{\"@id\":\"https:\\\/\\\/patagoniambiental.com.ar\\\/info\\\/#organization\"},\"potentialAction\":[{\"@type\":\"SearchAction\",\"target\":{\"@type\":\"EntryPoint\",\"urlTemplate\":\"https:\\\/\\\/patagoniambiental.com.ar\\\/info\\\/?s={search_term_string}\"},\"query-input\":{\"@type\":\"PropertyValueSpecification\",\"valueRequired\":true,\"valueName\":\"search_term_string\"}}],\"inLanguage\":\"es\"},{\"@type\":\"Organization\",\"@id\":\"https:\\\/\\\/patagoniambiental.com.ar\\\/info\\\/#organization\",\"name\":\"Patagonia Ambiental\",\"url\":\"https:\\\/\\\/patagoniambiental.com.ar\\\/info\\\/\",\"logo\":{\"@type\":\"ImageObject\",\"inLanguage\":\"es\",\"@id\":\"https:\\\/\\\/patagoniambiental.com.ar\\\/info\\\/#\\\/schema\\\/logo\\\/image\\\/\",\"url\":\"https:\\\/\\\/patagoniambiental.com.ar\\\/info\\\/wp-content\\\/uploads\\\/2025\\\/05\\\/LOGO-PATAGONIA-AMBIENTAL.png\",\"contentUrl\":\"https:\\\/\\\/patagoniambiental.com.ar\\\/info\\\/wp-content\\\/uploads\\\/2025\\\/05\\\/LOGO-PATAGONIA-AMBIENTAL.png\",\"width\":433,\"height\":250,\"caption\":\"Patagonia Ambiental\"},\"image\":{\"@id\":\"https:\\\/\\\/patagoniambiental.com.ar\\\/info\\\/#\\\/schema\\\/logo\\\/image\\\/\"},\"sameAs\":[\"https:\\\/\\\/www.facebook.com\\\/patagonia.ambiental\",\"https:\\\/\\\/x.com\\\/PatAmb\"]},{\"@type\":\"Person\",\"@id\":\"https:\\\/\\\/patagoniambiental.com.ar\\\/info\\\/#\\\/schema\\\/person\\\/e5af09d700b2e82cb10c6b8800e0c691\",\"name\":\"BRAIAN ESTEVEZ\",\"sameAs\":[\"http:\\\/\\\/www.patagoniambiental.com.ar\"]}]}<\/script>\n<!-- \/ Yoast SEO Premium plugin. -->","yoast_head_json":{"title":"\u00bfDel sur provincial, directo a \u201cVaca Muerta\u201d? Exigen informaci\u00f3n sobre arenas que ser\u00edan destinadas a Fracking","robots":{"index":"index","follow":"follow","max-snippet":"max-snippet:-1","max-image-preview":"max-image-preview:large","max-video-preview":"max-video-preview:-1"},"canonical":"https:\/\/patagoniambiental.com.ar\/info\/del-sur-provincial-directo-a-vaca-muerta-exigen-informacion-sobre-arenas-que-serian-destinadas-a-fracking\/","og_locale":"es_ES","og_type":"article","og_title":"\u00bfDel sur provincial, directo a \u201cVaca Muerta\u201d? Exigen informaci\u00f3n sobre arenas que ser\u00edan destinadas a Fracking","og_url":"https:\/\/patagoniambiental.com.ar\/info\/del-sur-provincial-directo-a-vaca-muerta-exigen-informacion-sobre-arenas-que-serian-destinadas-a-fracking\/","og_site_name":"Patagonia Ambiental","article_publisher":"https:\/\/www.facebook.com\/patagonia.ambiental","article_published_time":"2022-02-17T14:13:05+00:00","article_modified_time":"2022-02-17T14:13:07+00:00","og_image":[{"width":870,"height":580,"url":"https:\/\/patagoniambiental.com.ar\/info\/wp-content\/uploads\/2022\/02\/l_1645037827.jpg","type":"image\/jpeg"}],"author":"BRAIAN ESTEVEZ","twitter_card":"summary_large_image","twitter_creator":"@PatAmb","twitter_site":"@PatAmb","schema":{"@context":"https:\/\/schema.org","@graph":[{"@type":"Article","@id":"https:\/\/patagoniambiental.com.ar\/info\/del-sur-provincial-directo-a-vaca-muerta-exigen-informacion-sobre-arenas-que-serian-destinadas-a-fracking\/#article","isPartOf":{"@id":"https:\/\/patagoniambiental.com.ar\/info\/del-sur-provincial-directo-a-vaca-muerta-exigen-informacion-sobre-arenas-que-serian-destinadas-a-fracking\/"},"author":{"name":"BRAIAN ESTEVEZ","@id":"https:\/\/patagoniambiental.com.ar\/info\/#\/schema\/person\/e5af09d700b2e82cb10c6b8800e0c691"},"headline":"\u00bfDel sur provincial, directo a \u201cVaca Muerta\u201d? Exigen informaci\u00f3n sobre arenas que ser\u00edan destinadas a Fracking","datePublished":"2022-02-17T14:13:05+00:00","dateModified":"2022-02-17T14:13:07+00:00","mainEntityOfPage":{"@id":"https:\/\/patagoniambiental.com.ar\/info\/del-sur-provincial-directo-a-vaca-muerta-exigen-informacion-sobre-arenas-que-serian-destinadas-a-fracking\/"},"wordCount":367,"commentCount":0,"publisher":{"@id":"https:\/\/patagoniambiental.com.ar\/info\/#organization"},"image":{"@id":"https:\/\/patagoniambiental.com.ar\/info\/del-sur-provincial-directo-a-vaca-muerta-exigen-informacion-sobre-arenas-que-serian-destinadas-a-fracking\/#primaryimage"},"thumbnailUrl":"https:\/\/patagoniambiental.com.ar\/info\/wp-content\/uploads\/2022\/02\/l_1645037827.jpg","articleSection":["Neuqu\u00e9n","Noticias"],"inLanguage":"es","potentialAction":[{"@type":"CommentAction","name":"Comment","target":["https:\/\/patagoniambiental.com.ar\/info\/del-sur-provincial-directo-a-vaca-muerta-exigen-informacion-sobre-arenas-que-serian-destinadas-a-fracking\/#respond"]}]},{"@type":"WebPage","@id":"https:\/\/patagoniambiental.com.ar\/info\/del-sur-provincial-directo-a-vaca-muerta-exigen-informacion-sobre-arenas-que-serian-destinadas-a-fracking\/","url":"https:\/\/patagoniambiental.com.ar\/info\/del-sur-provincial-directo-a-vaca-muerta-exigen-informacion-sobre-arenas-que-serian-destinadas-a-fracking\/","name":"\u00bfDel sur provincial, directo a \u201cVaca Muerta\u201d? Exigen informaci\u00f3n sobre arenas que ser\u00edan destinadas a Fracking","isPartOf":{"@id":"https:\/\/patagoniambiental.com.ar\/info\/#website"},"primaryImageOfPage":{"@id":"https:\/\/patagoniambiental.com.ar\/info\/del-sur-provincial-directo-a-vaca-muerta-exigen-informacion-sobre-arenas-que-serian-destinadas-a-fracking\/#primaryimage"},"image":{"@id":"https:\/\/patagoniambiental.com.ar\/info\/del-sur-provincial-directo-a-vaca-muerta-exigen-informacion-sobre-arenas-que-serian-destinadas-a-fracking\/#primaryimage"},"thumbnailUrl":"https:\/\/patagoniambiental.com.ar\/info\/wp-content\/uploads\/2022\/02\/l_1645037827.jpg","datePublished":"2022-02-17T14:13:05+00:00","dateModified":"2022-02-17T14:13:07+00:00","breadcrumb":{"@id":"https:\/\/patagoniambiental.com.ar\/info\/del-sur-provincial-directo-a-vaca-muerta-exigen-informacion-sobre-arenas-que-serian-destinadas-a-fracking\/#breadcrumb"},"inLanguage":"es","potentialAction":[{"@type":"ReadAction","target":["https:\/\/patagoniambiental.com.ar\/info\/del-sur-provincial-directo-a-vaca-muerta-exigen-informacion-sobre-arenas-que-serian-destinadas-a-fracking\/"]}]},{"@type":"ImageObject","inLanguage":"es","@id":"https:\/\/patagoniambiental.com.ar\/info\/del-sur-provincial-directo-a-vaca-muerta-exigen-informacion-sobre-arenas-que-serian-destinadas-a-fracking\/#primaryimage","url":"https:\/\/patagoniambiental.com.ar\/info\/wp-content\/uploads\/2022\/02\/l_1645037827.jpg","contentUrl":"https:\/\/patagoniambiental.com.ar\/info\/wp-content\/uploads\/2022\/02\/l_1645037827.jpg","width":870,"height":580},{"@type":"BreadcrumbList","@id":"https:\/\/patagoniambiental.com.ar\/info\/del-sur-provincial-directo-a-vaca-muerta-exigen-informacion-sobre-arenas-que-serian-destinadas-a-fracking\/#breadcrumb","itemListElement":[{"@type":"ListItem","position":1,"name":"Inicio","item":"https:\/\/patagoniambiental.com.ar\/info\/"},{"@type":"ListItem","position":2,"name":"\u00bfDel sur provincial, directo a \u201cVaca Muerta\u201d? Exigen informaci\u00f3n sobre arenas que ser\u00edan destinadas a Fracking"}]},{"@type":"WebSite","@id":"https:\/\/patagoniambiental.com.ar\/info\/#website","url":"https:\/\/patagoniambiental.com.ar\/info\/","name":"Patagonia Ambiental","description":"Monitoreo y an\u00e1lisis de la situaci\u00f3n geopol\u00edtica en el mundo y su implicancia en la Patagonia","publisher":{"@id":"https:\/\/patagoniambiental.com.ar\/info\/#organization"},"potentialAction":[{"@type":"SearchAction","target":{"@type":"EntryPoint","urlTemplate":"https:\/\/patagoniambiental.com.ar\/info\/?s={search_term_string}"},"query-input":{"@type":"PropertyValueSpecification","valueRequired":true,"valueName":"search_term_string"}}],"inLanguage":"es"},{"@type":"Organization","@id":"https:\/\/patagoniambiental.com.ar\/info\/#organization","name":"Patagonia Ambiental","url":"https:\/\/patagoniambiental.com.ar\/info\/","logo":{"@type":"ImageObject","inLanguage":"es","@id":"https:\/\/patagoniambiental.com.ar\/info\/#\/schema\/logo\/image\/","url":"https:\/\/patagoniambiental.com.ar\/info\/wp-content\/uploads\/2025\/05\/LOGO-PATAGONIA-AMBIENTAL.png","contentUrl":"https:\/\/patagoniambiental.com.ar\/info\/wp-content\/uploads\/2025\/05\/LOGO-PATAGONIA-AMBIENTAL.png","width":433,"height":250,"caption":"Patagonia Ambiental"},"image":{"@id":"https:\/\/patagoniambiental.com.ar\/info\/#\/schema\/logo\/image\/"},"sameAs":["https:\/\/www.facebook.com\/patagonia.ambiental","https:\/\/x.com\/PatAmb"]},{"@type":"Person","@id":"https:\/\/patagoniambiental.com.ar\/info\/#\/schema\/person\/e5af09d700b2e82cb10c6b8800e0c691","name":"BRAIAN ESTEVEZ","sameAs":["http:\/\/www.patagoniambiental.com.ar"]}]}},"_links":{"self":[{"href":"https:\/\/patagoniambiental.com.ar\/info\/wp-json\/wp\/v2\/posts\/75240","targetHints":{"allow":["GET"]}}],"collection":[{"href":"https:\/\/patagoniambiental.com.ar\/info\/wp-json\/wp\/v2\/posts"}],"about":[{"href":"https:\/\/patagoniambiental.com.ar\/info\/wp-json\/wp\/v2\/types\/post"}],"author":[{"embeddable":true,"href":"https:\/\/patagoniambiental.com.ar\/info\/wp-json\/wp\/v2\/users\/6"}],"replies":[{"embeddable":true,"href":"https:\/\/patagoniambiental.com.ar\/info\/wp-json\/wp\/v2\/comments?post=75240"}],"version-history":[{"count":0,"href":"https:\/\/patagoniambiental.com.ar\/info\/wp-json\/wp\/v2\/posts\/75240\/revisions"}],"wp:featuredmedia":[{"embeddable":true,"href":"https:\/\/patagoniambiental.com.ar\/info\/wp-json\/wp\/v2\/media\/75241"}],"wp:attachment":[{"href":"https:\/\/patagoniambiental.com.ar\/info\/wp-json\/wp\/v2\/media?parent=75240"}],"wp:term":[{"taxonomy":"category","embeddable":true,"href":"https:\/\/patagoniambiental.com.ar\/info\/wp-json\/wp\/v2\/categories?post=75240"},{"taxonomy":"post_tag","embeddable":true,"href":"https:\/\/patagoniambiental.com.ar\/info\/wp-json\/wp\/v2\/tags?post=75240"}],"curies":[{"name":"wp","href":"https:\/\/api.w.org\/{rel}","templated":true}]}}