{"id":75253,"date":"2022-02-19T07:00:00","date_gmt":"2022-02-19T10:00:00","guid":{"rendered":"http:\/\/patagoniambiental.com.ar\/info\/?p=75253"},"modified":"2022-02-18T23:55:04","modified_gmt":"2022-02-19T02:55:04","slug":"la-delegacion-del-cerro-catedral-recuerda-no-arrojar-basura-en-lugares-no-autorizados","status":"publish","type":"post","link":"https:\/\/patagoniambiental.com.ar\/info\/la-delegacion-del-cerro-catedral-recuerda-no-arrojar-basura-en-lugares-no-autorizados\/","title":{"rendered":"La Delegaci\u00f3n del Cerro Catedral recuerda no arrojar basura en lugares no autorizados"},"content":{"rendered":"\n<!--more-->\n\n\n\n<p><strong>La Delegaci\u00f3n Cerro Catedral recuerda a vecinos que el predio del estacionamiento gratuito es un lugar de acopio de material forestal para que el SPLIF realice la quema controlada cuando lo dispongan. Se solicita NO arrojar basura.<\/strong><\/p>\n\n\n\n<figure class=\"wp-block-image\"><img decoding=\"async\" src=\"https:\/\/barilocheinforma.gob.ar\/wp-content\/uploads\/2021\/04\/703c5669-04c5-4aa0-b8be-0c61e540d897-576x1024.jpg\" alt=\"\" class=\"wp-image-7863\"\/><\/figure>\n\n\n\n<p>El predio es de uso municipal, por lo que est\u00e1 terminantemente prohibido arrojar residuos en ese lugar. Evitemos mutas.<\/p>\n\n\n\n<p>En este orden de cosas, es de mencionar que el lunes 19 personal y maquinaria de la Delegaci\u00f3n C\u00b0 Catedral realiz\u00f3 con la retroexcavadora la divisi\u00f3n de los residuos en surcos, para que se pueda realizar la quema controlada por parte del SPLIF.<\/p>\n\n\n\n<p>Para cualquier consulta, la Delegaci\u00f3n Cerro Catedral est\u00e1 ubicada en la base del centro de esqu\u00ed, enfrente de la plaza Catalina Reynal. La atenci\u00f3n administrativa de lunes a viernes de 8hs a 13 hs y por consultas al fijo 4460152, correo delegacioncatedral2@gmail.com.<\/p>\n\n\n\n<figure class=\"wp-block-image\"><img decoding=\"async\" src=\"https:\/\/barilocheinforma.gob.ar\/wp-content\/uploads\/2021\/04\/6c95497c-15eb-48ba-8d40-843c29565564-1-1024x576.jpg\" alt=\"\" class=\"wp-image-7864\"\/><\/figure>\n\n\n\n<figure class=\"wp-block-image\"><img decoding=\"async\" src=\"https:\/\/barilocheinforma.gob.ar\/wp-content\/uploads\/2021\/04\/356fb7da-f1a7-4a22-8ab0-9e7a031bc7c1-576x1024.jpg\" alt=\"\" class=\"wp-image-7866\"\/><\/figure>\n\n\n\n<p>Fuente: https:\/\/barilocheinforma.gob.ar\/delegacion-c-catedral-recuerdan-no-arrojar-basura-en-lugares-no-autorizados\/<\/p>\n","protected":false},"excerpt":{"rendered":"","protected":false},"author":6,"featured_media":75254,"comment_status":"open","ping_status":"open","sticky":false,"template":"","format":"standard","meta":{"site-sidebar-layout":"default","site-content-layout":"","ast-site-content-layout":"default","site-content-style":"default","site-sidebar-style":"default","ast-global-header-display":"","ast-banner-title-visibility":"","ast-main-header-display":"","ast-hfb-above-header-display":"","ast-hfb-below-header-display":"","ast-hfb-mobile-header-display":"","site-post-title":"","ast-breadcrumbs-content":"","ast-featured-img":"","footer-sml-layout":"","ast-disable-related-posts":"","theme-transparent-header-meta":"","adv-header-id-meta":"","stick-header-meta":"","header-above-stick-meta":"","header-main-stick-meta":"","header-below-stick-meta":"","astra-migrate-meta-layouts":"default","ast-page-background-enabled":"default","ast-page-background-meta":{"desktop":{"background-color":"var(--ast-global-color-5)","background-image":"","background-repeat":"repeat","background-position":"center center","background-size":"auto","background-attachment":"scroll","background-type":"","background-media":"","overlay-type":"","overlay-color":"","overlay-opacity":"","overlay-gradient":""},"tablet":{"background-color":"","background-image":"","background-repeat":"repeat","background-position":"center center","background-size":"auto","background-attachment":"scroll","background-type":"","background-media":"","overlay-type":"","overlay-color":"","overlay-opacity":"","overlay-gradient":""},"mobile":{"background-color":"","background-image":"","background-repeat":"repeat","background-position":"center center","background-size":"auto","background-attachment":"scroll","background-type":"","background-media":"","overlay-type":"","overlay-color":"","overlay-opacity":"","overlay-gradient":""}},"ast-content-background-meta":{"desktop":{"background-color":"var(--ast-global-color-4)","background-image":"","background-repeat":"repeat","background-position":"center center","background-size":"auto","background-attachment":"scroll","background-type":"","background-media":"","overlay-type":"","overlay-color":"","overlay-opacity":"","overlay-gradient":""},"tablet":{"background-color":"var(--ast-global-color-4)","background-image":"","background-repeat":"repeat","background-position":"center center","background-size":"auto","background-attachment":"scroll","background-type":"","background-media":"","overlay-type":"","overlay-color":"","overlay-opacity":"","overlay-gradient":""},"mobile":{"background-color":"var(--ast-global-color-4)","background-image":"","background-repeat":"repeat","background-position":"center center","background-size":"auto","background-attachment":"scroll","background-type":"","background-media":"","overlay-type":"","overlay-color":"","overlay-opacity":"","overlay-gradient":""}},"footnotes":""},"categories":[11,3357,16,1,10],"tags":[],"class_list":["post-75253","post","type-post","status-publish","format-standard","has-post-thumbnail","hentry","category-boletin","category-girsu","category-municipales","category-noticias","category-rotador"],"yoast_head":"<!-- This site is optimized with the Yoast SEO Premium plugin v23.0 (Yoast SEO v27.5) - https:\/\/yoast.com\/product\/yoast-seo-premium-wordpress\/ -->\n<title>La Delegaci\u00f3n del Cerro Catedral recuerda no arrojar basura en lugares no autorizados<\/title>\n<meta name=\"robots\" content=\"index, follow, max-snippet:-1, max-image-preview:large, max-video-preview:-1\" \/>\n<link rel=\"canonical\" href=\"https:\/\/patagoniambiental.com.ar\/info\/la-delegacion-del-cerro-catedral-recuerda-no-arrojar-basura-en-lugares-no-autorizados\/\" \/>\n<meta property=\"og:locale\" content=\"es_ES\" \/>\n<meta property=\"og:type\" content=\"article\" \/>\n<meta property=\"og:title\" content=\"La Delegaci\u00f3n del Cerro Catedral recuerda no arrojar basura en lugares no autorizados\" \/>\n<meta property=\"og:url\" content=\"https:\/\/patagoniambiental.com.ar\/info\/la-delegacion-del-cerro-catedral-recuerda-no-arrojar-basura-en-lugares-no-autorizados\/\" \/>\n<meta property=\"og:site_name\" content=\"Patagonia Ambiental\" \/>\n<meta property=\"article:publisher\" content=\"https:\/\/www.facebook.com\/patagonia.ambiental\" \/>\n<meta property=\"article:published_time\" content=\"2022-02-19T10:00:00+00:00\" \/>\n<meta property=\"og:image\" content=\"https:\/\/patagoniambiental.com.ar\/info\/wp-content\/uploads\/2022\/02\/6c95497c-15eb-48ba-8d40-843c29565564-1-1024x576-1.jpg\" \/>\n\t<meta property=\"og:image:width\" content=\"1024\" \/>\n\t<meta property=\"og:image:height\" content=\"576\" \/>\n\t<meta property=\"og:image:type\" content=\"image\/jpeg\" \/>\n<meta name=\"author\" content=\"BRAIAN ESTEVEZ\" \/>\n<meta name=\"twitter:card\" content=\"summary_large_image\" \/>\n<meta name=\"twitter:creator\" content=\"@PatAmb\" \/>\n<meta name=\"twitter:site\" content=\"@PatAmb\" \/>\n<script type=\"application\/ld+json\" class=\"yoast-schema-graph\">{\"@context\":\"https:\\\/\\\/schema.org\",\"@graph\":[{\"@type\":\"Article\",\"@id\":\"https:\\\/\\\/patagoniambiental.com.ar\\\/info\\\/la-delegacion-del-cerro-catedral-recuerda-no-arrojar-basura-en-lugares-no-autorizados\\\/#article\",\"isPartOf\":{\"@id\":\"https:\\\/\\\/patagoniambiental.com.ar\\\/info\\\/la-delegacion-del-cerro-catedral-recuerda-no-arrojar-basura-en-lugares-no-autorizados\\\/\"},\"author\":{\"name\":\"BRAIAN ESTEVEZ\",\"@id\":\"https:\\\/\\\/patagoniambiental.com.ar\\\/info\\\/#\\\/schema\\\/person\\\/e5af09d700b2e82cb10c6b8800e0c691\"},\"headline\":\"La Delegaci\u00f3n del Cerro Catedral recuerda no arrojar basura en lugares no autorizados\",\"datePublished\":\"2022-02-19T10:00:00+00:00\",\"mainEntityOfPage\":{\"@id\":\"https:\\\/\\\/patagoniambiental.com.ar\\\/info\\\/la-delegacion-del-cerro-catedral-recuerda-no-arrojar-basura-en-lugares-no-autorizados\\\/\"},\"wordCount\":165,\"commentCount\":0,\"publisher\":{\"@id\":\"https:\\\/\\\/patagoniambiental.com.ar\\\/info\\\/#organization\"},\"image\":{\"@id\":\"https:\\\/\\\/patagoniambiental.com.ar\\\/info\\\/la-delegacion-del-cerro-catedral-recuerda-no-arrojar-basura-en-lugares-no-autorizados\\\/#primaryimage\"},\"thumbnailUrl\":\"https:\\\/\\\/patagoniambiental.com.ar\\\/info\\\/wp-content\\\/uploads\\\/2022\\\/02\\\/6c95497c-15eb-48ba-8d40-843c29565564-1-1024x576-1.jpg\",\"articleSection\":[\"Bolet\u00edn\",\"GIRSU\",\"Municipales\",\"Noticias\",\"Rotador\"],\"inLanguage\":\"es\",\"potentialAction\":[{\"@type\":\"CommentAction\",\"name\":\"Comment\",\"target\":[\"https:\\\/\\\/patagoniambiental.com.ar\\\/info\\\/la-delegacion-del-cerro-catedral-recuerda-no-arrojar-basura-en-lugares-no-autorizados\\\/#respond\"]}]},{\"@type\":\"WebPage\",\"@id\":\"https:\\\/\\\/patagoniambiental.com.ar\\\/info\\\/la-delegacion-del-cerro-catedral-recuerda-no-arrojar-basura-en-lugares-no-autorizados\\\/\",\"url\":\"https:\\\/\\\/patagoniambiental.com.ar\\\/info\\\/la-delegacion-del-cerro-catedral-recuerda-no-arrojar-basura-en-lugares-no-autorizados\\\/\",\"name\":\"La Delegaci\u00f3n del Cerro Catedral recuerda no arrojar basura en lugares no autorizados\",\"isPartOf\":{\"@id\":\"https:\\\/\\\/patagoniambiental.com.ar\\\/info\\\/#website\"},\"primaryImageOfPage\":{\"@id\":\"https:\\\/\\\/patagoniambiental.com.ar\\\/info\\\/la-delegacion-del-cerro-catedral-recuerda-no-arrojar-basura-en-lugares-no-autorizados\\\/#primaryimage\"},\"image\":{\"@id\":\"https:\\\/\\\/patagoniambiental.com.ar\\\/info\\\/la-delegacion-del-cerro-catedral-recuerda-no-arrojar-basura-en-lugares-no-autorizados\\\/#primaryimage\"},\"thumbnailUrl\":\"https:\\\/\\\/patagoniambiental.com.ar\\\/info\\\/wp-content\\\/uploads\\\/2022\\\/02\\\/6c95497c-15eb-48ba-8d40-843c29565564-1-1024x576-1.jpg\",\"datePublished\":\"2022-02-19T10:00:00+00:00\",\"breadcrumb\":{\"@id\":\"https:\\\/\\\/patagoniambiental.com.ar\\\/info\\\/la-delegacion-del-cerro-catedral-recuerda-no-arrojar-basura-en-lugares-no-autorizados\\\/#breadcrumb\"},\"inLanguage\":\"es\",\"potentialAction\":[{\"@type\":\"ReadAction\",\"target\":[\"https:\\\/\\\/patagoniambiental.com.ar\\\/info\\\/la-delegacion-del-cerro-catedral-recuerda-no-arrojar-basura-en-lugares-no-autorizados\\\/\"]}]},{\"@type\":\"ImageObject\",\"inLanguage\":\"es\",\"@id\":\"https:\\\/\\\/patagoniambiental.com.ar\\\/info\\\/la-delegacion-del-cerro-catedral-recuerda-no-arrojar-basura-en-lugares-no-autorizados\\\/#primaryimage\",\"url\":\"https:\\\/\\\/patagoniambiental.com.ar\\\/info\\\/wp-content\\\/uploads\\\/2022\\\/02\\\/6c95497c-15eb-48ba-8d40-843c29565564-1-1024x576-1.jpg\",\"contentUrl\":\"https:\\\/\\\/patagoniambiental.com.ar\\\/info\\\/wp-content\\\/uploads\\\/2022\\\/02\\\/6c95497c-15eb-48ba-8d40-843c29565564-1-1024x576-1.jpg\",\"width\":1024,\"height\":576},{\"@type\":\"BreadcrumbList\",\"@id\":\"https:\\\/\\\/patagoniambiental.com.ar\\\/info\\\/la-delegacion-del-cerro-catedral-recuerda-no-arrojar-basura-en-lugares-no-autorizados\\\/#breadcrumb\",\"itemListElement\":[{\"@type\":\"ListItem\",\"position\":1,\"name\":\"Inicio\",\"item\":\"https:\\\/\\\/patagoniambiental.com.ar\\\/info\\\/\"},{\"@type\":\"ListItem\",\"position\":2,\"name\":\"La Delegaci\u00f3n del Cerro Catedral recuerda no arrojar basura en lugares no autorizados\"}]},{\"@type\":\"WebSite\",\"@id\":\"https:\\\/\\\/patagoniambiental.com.ar\\\/info\\\/#website\",\"url\":\"https:\\\/\\\/patagoniambiental.com.ar\\\/info\\\/\",\"name\":\"Patagonia Ambiental\",\"description\":\"Monitoreo y an\u00e1lisis de la situaci\u00f3n geopol\u00edtica en el mundo y su implicancia en la Patagonia\",\"publisher\":{\"@id\":\"https:\\\/\\\/patagoniambiental.com.ar\\\/info\\\/#organization\"},\"potentialAction\":[{\"@type\":\"SearchAction\",\"target\":{\"@type\":\"EntryPoint\",\"urlTemplate\":\"https:\\\/\\\/patagoniambiental.com.ar\\\/info\\\/?s={search_term_string}\"},\"query-input\":{\"@type\":\"PropertyValueSpecification\",\"valueRequired\":true,\"valueName\":\"search_term_string\"}}],\"inLanguage\":\"es\"},{\"@type\":\"Organization\",\"@id\":\"https:\\\/\\\/patagoniambiental.com.ar\\\/info\\\/#organization\",\"name\":\"Patagonia Ambiental\",\"url\":\"https:\\\/\\\/patagoniambiental.com.ar\\\/info\\\/\",\"logo\":{\"@type\":\"ImageObject\",\"inLanguage\":\"es\",\"@id\":\"https:\\\/\\\/patagoniambiental.com.ar\\\/info\\\/#\\\/schema\\\/logo\\\/image\\\/\",\"url\":\"https:\\\/\\\/patagoniambiental.com.ar\\\/info\\\/wp-content\\\/uploads\\\/2025\\\/05\\\/LOGO-PATAGONIA-AMBIENTAL.png\",\"contentUrl\":\"https:\\\/\\\/patagoniambiental.com.ar\\\/info\\\/wp-content\\\/uploads\\\/2025\\\/05\\\/LOGO-PATAGONIA-AMBIENTAL.png\",\"width\":433,\"height\":250,\"caption\":\"Patagonia Ambiental\"},\"image\":{\"@id\":\"https:\\\/\\\/patagoniambiental.com.ar\\\/info\\\/#\\\/schema\\\/logo\\\/image\\\/\"},\"sameAs\":[\"https:\\\/\\\/www.facebook.com\\\/patagonia.ambiental\",\"https:\\\/\\\/x.com\\\/PatAmb\"]},{\"@type\":\"Person\",\"@id\":\"https:\\\/\\\/patagoniambiental.com.ar\\\/info\\\/#\\\/schema\\\/person\\\/e5af09d700b2e82cb10c6b8800e0c691\",\"name\":\"BRAIAN ESTEVEZ\",\"sameAs\":[\"http:\\\/\\\/www.patagoniambiental.com.ar\"]}]}<\/script>\n<!-- \/ Yoast SEO Premium plugin. -->","yoast_head_json":{"title":"La Delegaci\u00f3n del Cerro Catedral recuerda no arrojar basura en lugares no autorizados","robots":{"index":"index","follow":"follow","max-snippet":"max-snippet:-1","max-image-preview":"max-image-preview:large","max-video-preview":"max-video-preview:-1"},"canonical":"https:\/\/patagoniambiental.com.ar\/info\/la-delegacion-del-cerro-catedral-recuerda-no-arrojar-basura-en-lugares-no-autorizados\/","og_locale":"es_ES","og_type":"article","og_title":"La Delegaci\u00f3n del Cerro Catedral recuerda no arrojar basura en lugares no autorizados","og_url":"https:\/\/patagoniambiental.com.ar\/info\/la-delegacion-del-cerro-catedral-recuerda-no-arrojar-basura-en-lugares-no-autorizados\/","og_site_name":"Patagonia Ambiental","article_publisher":"https:\/\/www.facebook.com\/patagonia.ambiental","article_published_time":"2022-02-19T10:00:00+00:00","og_image":[{"width":1024,"height":576,"url":"https:\/\/patagoniambiental.com.ar\/info\/wp-content\/uploads\/2022\/02\/6c95497c-15eb-48ba-8d40-843c29565564-1-1024x576-1.jpg","type":"image\/jpeg"}],"author":"BRAIAN ESTEVEZ","twitter_card":"summary_large_image","twitter_creator":"@PatAmb","twitter_site":"@PatAmb","schema":{"@context":"https:\/\/schema.org","@graph":[{"@type":"Article","@id":"https:\/\/patagoniambiental.com.ar\/info\/la-delegacion-del-cerro-catedral-recuerda-no-arrojar-basura-en-lugares-no-autorizados\/#article","isPartOf":{"@id":"https:\/\/patagoniambiental.com.ar\/info\/la-delegacion-del-cerro-catedral-recuerda-no-arrojar-basura-en-lugares-no-autorizados\/"},"author":{"name":"BRAIAN ESTEVEZ","@id":"https:\/\/patagoniambiental.com.ar\/info\/#\/schema\/person\/e5af09d700b2e82cb10c6b8800e0c691"},"headline":"La Delegaci\u00f3n del Cerro Catedral recuerda no arrojar basura en lugares no autorizados","datePublished":"2022-02-19T10:00:00+00:00","mainEntityOfPage":{"@id":"https:\/\/patagoniambiental.com.ar\/info\/la-delegacion-del-cerro-catedral-recuerda-no-arrojar-basura-en-lugares-no-autorizados\/"},"wordCount":165,"commentCount":0,"publisher":{"@id":"https:\/\/patagoniambiental.com.ar\/info\/#organization"},"image":{"@id":"https:\/\/patagoniambiental.com.ar\/info\/la-delegacion-del-cerro-catedral-recuerda-no-arrojar-basura-en-lugares-no-autorizados\/#primaryimage"},"thumbnailUrl":"https:\/\/patagoniambiental.com.ar\/info\/wp-content\/uploads\/2022\/02\/6c95497c-15eb-48ba-8d40-843c29565564-1-1024x576-1.jpg","articleSection":["Bolet\u00edn","GIRSU","Municipales","Noticias","Rotador"],"inLanguage":"es","potentialAction":[{"@type":"CommentAction","name":"Comment","target":["https:\/\/patagoniambiental.com.ar\/info\/la-delegacion-del-cerro-catedral-recuerda-no-arrojar-basura-en-lugares-no-autorizados\/#respond"]}]},{"@type":"WebPage","@id":"https:\/\/patagoniambiental.com.ar\/info\/la-delegacion-del-cerro-catedral-recuerda-no-arrojar-basura-en-lugares-no-autorizados\/","url":"https:\/\/patagoniambiental.com.ar\/info\/la-delegacion-del-cerro-catedral-recuerda-no-arrojar-basura-en-lugares-no-autorizados\/","name":"La Delegaci\u00f3n del Cerro Catedral recuerda no arrojar basura en lugares no autorizados","isPartOf":{"@id":"https:\/\/patagoniambiental.com.ar\/info\/#website"},"primaryImageOfPage":{"@id":"https:\/\/patagoniambiental.com.ar\/info\/la-delegacion-del-cerro-catedral-recuerda-no-arrojar-basura-en-lugares-no-autorizados\/#primaryimage"},"image":{"@id":"https:\/\/patagoniambiental.com.ar\/info\/la-delegacion-del-cerro-catedral-recuerda-no-arrojar-basura-en-lugares-no-autorizados\/#primaryimage"},"thumbnailUrl":"https:\/\/patagoniambiental.com.ar\/info\/wp-content\/uploads\/2022\/02\/6c95497c-15eb-48ba-8d40-843c29565564-1-1024x576-1.jpg","datePublished":"2022-02-19T10:00:00+00:00","breadcrumb":{"@id":"https:\/\/patagoniambiental.com.ar\/info\/la-delegacion-del-cerro-catedral-recuerda-no-arrojar-basura-en-lugares-no-autorizados\/#breadcrumb"},"inLanguage":"es","potentialAction":[{"@type":"ReadAction","target":["https:\/\/patagoniambiental.com.ar\/info\/la-delegacion-del-cerro-catedral-recuerda-no-arrojar-basura-en-lugares-no-autorizados\/"]}]},{"@type":"ImageObject","inLanguage":"es","@id":"https:\/\/patagoniambiental.com.ar\/info\/la-delegacion-del-cerro-catedral-recuerda-no-arrojar-basura-en-lugares-no-autorizados\/#primaryimage","url":"https:\/\/patagoniambiental.com.ar\/info\/wp-content\/uploads\/2022\/02\/6c95497c-15eb-48ba-8d40-843c29565564-1-1024x576-1.jpg","contentUrl":"https:\/\/patagoniambiental.com.ar\/info\/wp-content\/uploads\/2022\/02\/6c95497c-15eb-48ba-8d40-843c29565564-1-1024x576-1.jpg","width":1024,"height":576},{"@type":"BreadcrumbList","@id":"https:\/\/patagoniambiental.com.ar\/info\/la-delegacion-del-cerro-catedral-recuerda-no-arrojar-basura-en-lugares-no-autorizados\/#breadcrumb","itemListElement":[{"@type":"ListItem","position":1,"name":"Inicio","item":"https:\/\/patagoniambiental.com.ar\/info\/"},{"@type":"ListItem","position":2,"name":"La Delegaci\u00f3n del Cerro Catedral recuerda no arrojar basura en lugares no autorizados"}]},{"@type":"WebSite","@id":"https:\/\/patagoniambiental.com.ar\/info\/#website","url":"https:\/\/patagoniambiental.com.ar\/info\/","name":"Patagonia Ambiental","description":"Monitoreo y an\u00e1lisis de la situaci\u00f3n geopol\u00edtica en el mundo y su implicancia en la Patagonia","publisher":{"@id":"https:\/\/patagoniambiental.com.ar\/info\/#organization"},"potentialAction":[{"@type":"SearchAction","target":{"@type":"EntryPoint","urlTemplate":"https:\/\/patagoniambiental.com.ar\/info\/?s={search_term_string}"},"query-input":{"@type":"PropertyValueSpecification","valueRequired":true,"valueName":"search_term_string"}}],"inLanguage":"es"},{"@type":"Organization","@id":"https:\/\/patagoniambiental.com.ar\/info\/#organization","name":"Patagonia Ambiental","url":"https:\/\/patagoniambiental.com.ar\/info\/","logo":{"@type":"ImageObject","inLanguage":"es","@id":"https:\/\/patagoniambiental.com.ar\/info\/#\/schema\/logo\/image\/","url":"https:\/\/patagoniambiental.com.ar\/info\/wp-content\/uploads\/2025\/05\/LOGO-PATAGONIA-AMBIENTAL.png","contentUrl":"https:\/\/patagoniambiental.com.ar\/info\/wp-content\/uploads\/2025\/05\/LOGO-PATAGONIA-AMBIENTAL.png","width":433,"height":250,"caption":"Patagonia Ambiental"},"image":{"@id":"https:\/\/patagoniambiental.com.ar\/info\/#\/schema\/logo\/image\/"},"sameAs":["https:\/\/www.facebook.com\/patagonia.ambiental","https:\/\/x.com\/PatAmb"]},{"@type":"Person","@id":"https:\/\/patagoniambiental.com.ar\/info\/#\/schema\/person\/e5af09d700b2e82cb10c6b8800e0c691","name":"BRAIAN ESTEVEZ","sameAs":["http:\/\/www.patagoniambiental.com.ar"]}]}},"_links":{"self":[{"href":"https:\/\/patagoniambiental.com.ar\/info\/wp-json\/wp\/v2\/posts\/75253","targetHints":{"allow":["GET"]}}],"collection":[{"href":"https:\/\/patagoniambiental.com.ar\/info\/wp-json\/wp\/v2\/posts"}],"about":[{"href":"https:\/\/patagoniambiental.com.ar\/info\/wp-json\/wp\/v2\/types\/post"}],"author":[{"embeddable":true,"href":"https:\/\/patagoniambiental.com.ar\/info\/wp-json\/wp\/v2\/users\/6"}],"replies":[{"embeddable":true,"href":"https:\/\/patagoniambiental.com.ar\/info\/wp-json\/wp\/v2\/comments?post=75253"}],"version-history":[{"count":0,"href":"https:\/\/patagoniambiental.com.ar\/info\/wp-json\/wp\/v2\/posts\/75253\/revisions"}],"wp:featuredmedia":[{"embeddable":true,"href":"https:\/\/patagoniambiental.com.ar\/info\/wp-json\/wp\/v2\/media\/75254"}],"wp:attachment":[{"href":"https:\/\/patagoniambiental.com.ar\/info\/wp-json\/wp\/v2\/media?parent=75253"}],"wp:term":[{"taxonomy":"category","embeddable":true,"href":"https:\/\/patagoniambiental.com.ar\/info\/wp-json\/wp\/v2\/categories?post=75253"},{"taxonomy":"post_tag","embeddable":true,"href":"https:\/\/patagoniambiental.com.ar\/info\/wp-json\/wp\/v2\/tags?post=75253"}],"curies":[{"name":"wp","href":"https:\/\/api.w.org\/{rel}","templated":true}]}}