{"id":75259,"date":"2022-02-21T07:00:00","date_gmt":"2022-02-21T10:00:00","guid":{"rendered":"http:\/\/patagoniambiental.com.ar\/info\/?p=75259"},"modified":"2022-02-20T21:36:21","modified_gmt":"2022-02-21T00:36:21","slug":"en-ushuaia-la-comision-administradora-de-la-reserva-bosque-yatana-mantuvo-la-primera-reunion-del-ano","status":"publish","type":"post","link":"https:\/\/patagoniambiental.com.ar\/info\/en-ushuaia-la-comision-administradora-de-la-reserva-bosque-yatana-mantuvo-la-primera-reunion-del-ano\/","title":{"rendered":"En Ushuaia, la comisi\u00f3n administradora de la reserva &#8216;Bosque Yatana&#8217; mantuvo la primera reuni\u00f3n del a\u00f1o"},"content":{"rendered":"\n<!--more-->\n\n\n\n<h2 class=\"wp-block-heading\">Los integrantes de la comisi\u00f3n analizaron posibles cronogramas de apertura de actividades referidas a la educaci\u00f3n ambiental y cultural, as\u00ed como la posibilidad de brindar capacitaciones a las y los guardias ambientales sobre el Bosque Yatana, adem\u00e1s de talleres y cursos abiertos al p\u00fablico.&nbsp;<\/h2>\n\n\n\n<hr class=\"wp-block-separator\"\/>\n\n\n\n<figure class=\"wp-block-image\"><img decoding=\"async\" src=\"https:\/\/criticasur.com.ar\/uploads\/noticias\/5\/20220219180959_photo_2022_02_19_18_08_44.jpg\" alt=\"\" title=\"\"\/><\/figure>\n\n\n\n<figure class=\"wp-block-image\"><img decoding=\"async\" src=\"https:\/\/criticasur.com.ar\/uploads\/noticias\/5\/20220219180959_photo_2022_02_19_18_08_44.jpg\" alt=\"\" title=\"\"\/><\/figure>\n\n\n\n<figure class=\"wp-block-image\"><img decoding=\"async\" src=\"https:\/\/criticasur.com.ar\/uploads\/noticias\/5\/20220219180959_photo_2022_02_19_18_08_44.jpg\" alt=\"\" title=\"\"\/><\/figure>\n\n\n\n<ul class=\"wp-block-list\"><li><\/li><\/ul>\n\n\n\n<p><a>Facebook<\/a><a>Twitter<\/a><a>WhatsApp<\/a><a>Telegram<\/a><a>Correo<\/a><\/p>\n\n\n\n<p>Representantes de la Secretar\u00eda de Cultura y Educaci\u00f3n y la Secretar\u00eda de Medio Ambiente y Desarrollo Sustentable participaron de la primer reuni\u00f3n oficial de la comisi\u00f3n de la reserva natural urbana Bosque Yatana. Virginia Rizzo, directora de Ambiente, detall\u00f3 que \u201cse avanz\u00f3 en el trabajo articulado sobre posibles cronogramas, as\u00ed como la posibilidad de integrar capacitaciones y talleres\u201d.<\/p>\n\n\n\n<p>La reuni\u00f3n, que involucr\u00f3 a las secretar\u00edas de Cultura y Educaci\u00f3n junto a Medio Ambiente y Desarrollo Sustentable, cont\u00f3 con la presencia de Estela Dom\u00ednguez en representaci\u00f3n de la Asociaci\u00f3n Bah\u00eda Encerrada, M\u00f3nica Alvarado, Roberto Santana y Romina Luchini de Fundaci\u00f3n Cultivar y Rosina Soler por parte de CADIC. Rizzo declar\u00f3 que \u201cjunto a la representante de cultura, Elizabeth Medina, charlamos y analizamos junto a las diversas organizaciones de la comisi\u00f3n planes para la puesta en valor de la reserva natural urbana\u201d.<\/p>\n\n\n\n<p>Dentro de la agenda de trabajo, se examinaron posibles cronogramas de apertura actividades referidas a la educaci\u00f3n ambiental y cultural, as\u00ed como la posibilidad de brindar capacitaciones a las y los guardias ambientales sobre el Bosque Yatana, adem\u00e1s de talleres y cursos abiertos al p\u00fablico.&nbsp;<\/p>\n\n\n\n<p>La directora de ambiente explic\u00f3 que \u201cen este camino de puesta en valor de nuestro patrimonio ambiental que nos indica el intendente Walter Vuoto, seguimos trabajando codo a codo con las instituciones, no s\u00f3lo para preservar sino para generar espacios donde los vecinos y vecinas puedan disfrutar de la naturaleza que ofrece nuestra ciudad\u201d.<\/p>\n\n\n\n<p>Fuente: https:\/\/criticasur.com.ar\/nota\/36823\/en_ushuaia_la_comision_administradora_de_la_reserva_039_bosque_yatana_039_mantuvo_la_primera_reunion_del_ano\/<\/p>\n","protected":false},"excerpt":{"rendered":"","protected":false},"author":6,"featured_media":75260,"comment_status":"open","ping_status":"open","sticky":false,"template":"","format":"standard","meta":{"site-sidebar-layout":"default","site-content-layout":"","ast-site-content-layout":"default","site-content-style":"default","site-sidebar-style":"default","ast-global-header-display":"","ast-banner-title-visibility":"","ast-main-header-display":"","ast-hfb-above-header-display":"","ast-hfb-below-header-display":"","ast-hfb-mobile-header-display":"","site-post-title":"","ast-breadcrumbs-content":"","ast-featured-img":"","footer-sml-layout":"","ast-disable-related-posts":"","theme-transparent-header-meta":"","adv-header-id-meta":"","stick-header-meta":"","header-above-stick-meta":"","header-main-stick-meta":"","header-below-stick-meta":"","astra-migrate-meta-layouts":"default","ast-page-background-enabled":"default","ast-page-background-meta":{"desktop":{"background-color":"var(--ast-global-color-5)","background-image":"","background-repeat":"repeat","background-position":"center center","background-size":"auto","background-attachment":"scroll","background-type":"","background-media":"","overlay-type":"","overlay-color":"","overlay-opacity":"","overlay-gradient":""},"tablet":{"background-color":"","background-image":"","background-repeat":"repeat","background-position":"center center","background-size":"auto","background-attachment":"scroll","background-type":"","background-media":"","overlay-type":"","overlay-color":"","overlay-opacity":"","overlay-gradient":""},"mobile":{"background-color":"","background-image":"","background-repeat":"repeat","background-position":"center center","background-size":"auto","background-attachment":"scroll","background-type":"","background-media":"","overlay-type":"","overlay-color":"","overlay-opacity":"","overlay-gradient":""}},"ast-content-background-meta":{"desktop":{"background-color":"var(--ast-global-color-4)","background-image":"","background-repeat":"repeat","background-position":"center center","background-size":"auto","background-attachment":"scroll","background-type":"","background-media":"","overlay-type":"","overlay-color":"","overlay-opacity":"","overlay-gradient":""},"tablet":{"background-color":"var(--ast-global-color-4)","background-image":"","background-repeat":"repeat","background-position":"center center","background-size":"auto","background-attachment":"scroll","background-type":"","background-media":"","overlay-type":"","overlay-color":"","overlay-opacity":"","overlay-gradient":""},"mobile":{"background-color":"var(--ast-global-color-4)","background-image":"","background-repeat":"repeat","background-position":"center center","background-size":"auto","background-attachment":"scroll","background-type":"","background-media":"","overlay-type":"","overlay-color":"","overlay-opacity":"","overlay-gradient":""}},"footnotes":""},"categories":[11,16,1,10],"tags":[],"class_list":["post-75259","post","type-post","status-publish","format-standard","has-post-thumbnail","hentry","category-boletin","category-municipales","category-noticias","category-rotador"],"yoast_head":"<!-- This site is optimized with the Yoast SEO Premium plugin v23.0 (Yoast SEO v27.5) - https:\/\/yoast.com\/product\/yoast-seo-premium-wordpress\/ -->\n<title>En Ushuaia, la comisi\u00f3n administradora de la reserva &#039;Bosque Yatana&#039; mantuvo la primera reuni\u00f3n del a\u00f1o<\/title>\n<meta name=\"robots\" content=\"index, follow, max-snippet:-1, max-image-preview:large, max-video-preview:-1\" \/>\n<link rel=\"canonical\" href=\"https:\/\/patagoniambiental.com.ar\/info\/en-ushuaia-la-comision-administradora-de-la-reserva-bosque-yatana-mantuvo-la-primera-reunion-del-ano\/\" \/>\n<meta property=\"og:locale\" content=\"es_ES\" \/>\n<meta property=\"og:type\" content=\"article\" \/>\n<meta property=\"og:title\" content=\"En Ushuaia, la comisi\u00f3n administradora de la reserva &#039;Bosque Yatana&#039; mantuvo la primera reuni\u00f3n del a\u00f1o\" \/>\n<meta property=\"og:url\" content=\"https:\/\/patagoniambiental.com.ar\/info\/en-ushuaia-la-comision-administradora-de-la-reserva-bosque-yatana-mantuvo-la-primera-reunion-del-ano\/\" \/>\n<meta property=\"og:site_name\" content=\"Patagonia Ambiental\" \/>\n<meta property=\"article:publisher\" content=\"https:\/\/www.facebook.com\/patagonia.ambiental\" \/>\n<meta property=\"article:published_time\" content=\"2022-02-21T10:00:00+00:00\" \/>\n<meta property=\"og:image\" content=\"https:\/\/patagoniambiental.com.ar\/info\/wp-content\/uploads\/2022\/02\/20220219180959_photo_2022_02_19_18_08_44.jpg\" \/>\n\t<meta property=\"og:image:width\" content=\"880\" \/>\n\t<meta property=\"og:image:height\" content=\"586\" \/>\n\t<meta property=\"og:image:type\" content=\"image\/jpeg\" \/>\n<meta name=\"author\" content=\"BRAIAN ESTEVEZ\" \/>\n<meta name=\"twitter:card\" content=\"summary_large_image\" \/>\n<meta name=\"twitter:creator\" content=\"@PatAmb\" \/>\n<meta name=\"twitter:site\" content=\"@PatAmb\" \/>\n<script type=\"application\/ld+json\" class=\"yoast-schema-graph\">{\"@context\":\"https:\\\/\\\/schema.org\",\"@graph\":[{\"@type\":\"Article\",\"@id\":\"https:\\\/\\\/patagoniambiental.com.ar\\\/info\\\/en-ushuaia-la-comision-administradora-de-la-reserva-bosque-yatana-mantuvo-la-primera-reunion-del-ano\\\/#article\",\"isPartOf\":{\"@id\":\"https:\\\/\\\/patagoniambiental.com.ar\\\/info\\\/en-ushuaia-la-comision-administradora-de-la-reserva-bosque-yatana-mantuvo-la-primera-reunion-del-ano\\\/\"},\"author\":{\"name\":\"BRAIAN ESTEVEZ\",\"@id\":\"https:\\\/\\\/patagoniambiental.com.ar\\\/info\\\/#\\\/schema\\\/person\\\/e5af09d700b2e82cb10c6b8800e0c691\"},\"headline\":\"En Ushuaia, la comisi\u00f3n administradora de la reserva &#8216;Bosque Yatana&#8217; mantuvo la primera reuni\u00f3n del a\u00f1o\",\"datePublished\":\"2022-02-21T10:00:00+00:00\",\"mainEntityOfPage\":{\"@id\":\"https:\\\/\\\/patagoniambiental.com.ar\\\/info\\\/en-ushuaia-la-comision-administradora-de-la-reserva-bosque-yatana-mantuvo-la-primera-reunion-del-ano\\\/\"},\"wordCount\":354,\"commentCount\":0,\"publisher\":{\"@id\":\"https:\\\/\\\/patagoniambiental.com.ar\\\/info\\\/#organization\"},\"image\":{\"@id\":\"https:\\\/\\\/patagoniambiental.com.ar\\\/info\\\/en-ushuaia-la-comision-administradora-de-la-reserva-bosque-yatana-mantuvo-la-primera-reunion-del-ano\\\/#primaryimage\"},\"thumbnailUrl\":\"https:\\\/\\\/patagoniambiental.com.ar\\\/info\\\/wp-content\\\/uploads\\\/2022\\\/02\\\/20220219180959_photo_2022_02_19_18_08_44.jpg\",\"articleSection\":[\"Bolet\u00edn\",\"Municipales\",\"Noticias\",\"Rotador\"],\"inLanguage\":\"es\",\"potentialAction\":[{\"@type\":\"CommentAction\",\"name\":\"Comment\",\"target\":[\"https:\\\/\\\/patagoniambiental.com.ar\\\/info\\\/en-ushuaia-la-comision-administradora-de-la-reserva-bosque-yatana-mantuvo-la-primera-reunion-del-ano\\\/#respond\"]}]},{\"@type\":\"WebPage\",\"@id\":\"https:\\\/\\\/patagoniambiental.com.ar\\\/info\\\/en-ushuaia-la-comision-administradora-de-la-reserva-bosque-yatana-mantuvo-la-primera-reunion-del-ano\\\/\",\"url\":\"https:\\\/\\\/patagoniambiental.com.ar\\\/info\\\/en-ushuaia-la-comision-administradora-de-la-reserva-bosque-yatana-mantuvo-la-primera-reunion-del-ano\\\/\",\"name\":\"En Ushuaia, la comisi\u00f3n administradora de la reserva 'Bosque Yatana' mantuvo la primera reuni\u00f3n del a\u00f1o\",\"isPartOf\":{\"@id\":\"https:\\\/\\\/patagoniambiental.com.ar\\\/info\\\/#website\"},\"primaryImageOfPage\":{\"@id\":\"https:\\\/\\\/patagoniambiental.com.ar\\\/info\\\/en-ushuaia-la-comision-administradora-de-la-reserva-bosque-yatana-mantuvo-la-primera-reunion-del-ano\\\/#primaryimage\"},\"image\":{\"@id\":\"https:\\\/\\\/patagoniambiental.com.ar\\\/info\\\/en-ushuaia-la-comision-administradora-de-la-reserva-bosque-yatana-mantuvo-la-primera-reunion-del-ano\\\/#primaryimage\"},\"thumbnailUrl\":\"https:\\\/\\\/patagoniambiental.com.ar\\\/info\\\/wp-content\\\/uploads\\\/2022\\\/02\\\/20220219180959_photo_2022_02_19_18_08_44.jpg\",\"datePublished\":\"2022-02-21T10:00:00+00:00\",\"breadcrumb\":{\"@id\":\"https:\\\/\\\/patagoniambiental.com.ar\\\/info\\\/en-ushuaia-la-comision-administradora-de-la-reserva-bosque-yatana-mantuvo-la-primera-reunion-del-ano\\\/#breadcrumb\"},\"inLanguage\":\"es\",\"potentialAction\":[{\"@type\":\"ReadAction\",\"target\":[\"https:\\\/\\\/patagoniambiental.com.ar\\\/info\\\/en-ushuaia-la-comision-administradora-de-la-reserva-bosque-yatana-mantuvo-la-primera-reunion-del-ano\\\/\"]}]},{\"@type\":\"ImageObject\",\"inLanguage\":\"es\",\"@id\":\"https:\\\/\\\/patagoniambiental.com.ar\\\/info\\\/en-ushuaia-la-comision-administradora-de-la-reserva-bosque-yatana-mantuvo-la-primera-reunion-del-ano\\\/#primaryimage\",\"url\":\"https:\\\/\\\/patagoniambiental.com.ar\\\/info\\\/wp-content\\\/uploads\\\/2022\\\/02\\\/20220219180959_photo_2022_02_19_18_08_44.jpg\",\"contentUrl\":\"https:\\\/\\\/patagoniambiental.com.ar\\\/info\\\/wp-content\\\/uploads\\\/2022\\\/02\\\/20220219180959_photo_2022_02_19_18_08_44.jpg\",\"width\":880,\"height\":586},{\"@type\":\"BreadcrumbList\",\"@id\":\"https:\\\/\\\/patagoniambiental.com.ar\\\/info\\\/en-ushuaia-la-comision-administradora-de-la-reserva-bosque-yatana-mantuvo-la-primera-reunion-del-ano\\\/#breadcrumb\",\"itemListElement\":[{\"@type\":\"ListItem\",\"position\":1,\"name\":\"Inicio\",\"item\":\"https:\\\/\\\/patagoniambiental.com.ar\\\/info\\\/\"},{\"@type\":\"ListItem\",\"position\":2,\"name\":\"En Ushuaia, la comisi\u00f3n administradora de la reserva &#8216;Bosque Yatana&#8217; mantuvo la primera reuni\u00f3n del a\u00f1o\"}]},{\"@type\":\"WebSite\",\"@id\":\"https:\\\/\\\/patagoniambiental.com.ar\\\/info\\\/#website\",\"url\":\"https:\\\/\\\/patagoniambiental.com.ar\\\/info\\\/\",\"name\":\"Patagonia Ambiental\",\"description\":\"Monitoreo y an\u00e1lisis de la situaci\u00f3n geopol\u00edtica en el mundo y su implicancia en la Patagonia\",\"publisher\":{\"@id\":\"https:\\\/\\\/patagoniambiental.com.ar\\\/info\\\/#organization\"},\"potentialAction\":[{\"@type\":\"SearchAction\",\"target\":{\"@type\":\"EntryPoint\",\"urlTemplate\":\"https:\\\/\\\/patagoniambiental.com.ar\\\/info\\\/?s={search_term_string}\"},\"query-input\":{\"@type\":\"PropertyValueSpecification\",\"valueRequired\":true,\"valueName\":\"search_term_string\"}}],\"inLanguage\":\"es\"},{\"@type\":\"Organization\",\"@id\":\"https:\\\/\\\/patagoniambiental.com.ar\\\/info\\\/#organization\",\"name\":\"Patagonia Ambiental\",\"url\":\"https:\\\/\\\/patagoniambiental.com.ar\\\/info\\\/\",\"logo\":{\"@type\":\"ImageObject\",\"inLanguage\":\"es\",\"@id\":\"https:\\\/\\\/patagoniambiental.com.ar\\\/info\\\/#\\\/schema\\\/logo\\\/image\\\/\",\"url\":\"https:\\\/\\\/patagoniambiental.com.ar\\\/info\\\/wp-content\\\/uploads\\\/2025\\\/05\\\/LOGO-PATAGONIA-AMBIENTAL.png\",\"contentUrl\":\"https:\\\/\\\/patagoniambiental.com.ar\\\/info\\\/wp-content\\\/uploads\\\/2025\\\/05\\\/LOGO-PATAGONIA-AMBIENTAL.png\",\"width\":433,\"height\":250,\"caption\":\"Patagonia Ambiental\"},\"image\":{\"@id\":\"https:\\\/\\\/patagoniambiental.com.ar\\\/info\\\/#\\\/schema\\\/logo\\\/image\\\/\"},\"sameAs\":[\"https:\\\/\\\/www.facebook.com\\\/patagonia.ambiental\",\"https:\\\/\\\/x.com\\\/PatAmb\"]},{\"@type\":\"Person\",\"@id\":\"https:\\\/\\\/patagoniambiental.com.ar\\\/info\\\/#\\\/schema\\\/person\\\/e5af09d700b2e82cb10c6b8800e0c691\",\"name\":\"BRAIAN ESTEVEZ\",\"sameAs\":[\"http:\\\/\\\/www.patagoniambiental.com.ar\"]}]}<\/script>\n<!-- \/ Yoast SEO Premium plugin. -->","yoast_head_json":{"title":"En Ushuaia, la comisi\u00f3n administradora de la reserva 'Bosque Yatana' mantuvo la primera reuni\u00f3n del a\u00f1o","robots":{"index":"index","follow":"follow","max-snippet":"max-snippet:-1","max-image-preview":"max-image-preview:large","max-video-preview":"max-video-preview:-1"},"canonical":"https:\/\/patagoniambiental.com.ar\/info\/en-ushuaia-la-comision-administradora-de-la-reserva-bosque-yatana-mantuvo-la-primera-reunion-del-ano\/","og_locale":"es_ES","og_type":"article","og_title":"En Ushuaia, la comisi\u00f3n administradora de la reserva 'Bosque Yatana' mantuvo la primera reuni\u00f3n del a\u00f1o","og_url":"https:\/\/patagoniambiental.com.ar\/info\/en-ushuaia-la-comision-administradora-de-la-reserva-bosque-yatana-mantuvo-la-primera-reunion-del-ano\/","og_site_name":"Patagonia Ambiental","article_publisher":"https:\/\/www.facebook.com\/patagonia.ambiental","article_published_time":"2022-02-21T10:00:00+00:00","og_image":[{"width":880,"height":586,"url":"https:\/\/patagoniambiental.com.ar\/info\/wp-content\/uploads\/2022\/02\/20220219180959_photo_2022_02_19_18_08_44.jpg","type":"image\/jpeg"}],"author":"BRAIAN ESTEVEZ","twitter_card":"summary_large_image","twitter_creator":"@PatAmb","twitter_site":"@PatAmb","schema":{"@context":"https:\/\/schema.org","@graph":[{"@type":"Article","@id":"https:\/\/patagoniambiental.com.ar\/info\/en-ushuaia-la-comision-administradora-de-la-reserva-bosque-yatana-mantuvo-la-primera-reunion-del-ano\/#article","isPartOf":{"@id":"https:\/\/patagoniambiental.com.ar\/info\/en-ushuaia-la-comision-administradora-de-la-reserva-bosque-yatana-mantuvo-la-primera-reunion-del-ano\/"},"author":{"name":"BRAIAN ESTEVEZ","@id":"https:\/\/patagoniambiental.com.ar\/info\/#\/schema\/person\/e5af09d700b2e82cb10c6b8800e0c691"},"headline":"En Ushuaia, la comisi\u00f3n administradora de la reserva &#8216;Bosque Yatana&#8217; mantuvo la primera reuni\u00f3n del a\u00f1o","datePublished":"2022-02-21T10:00:00+00:00","mainEntityOfPage":{"@id":"https:\/\/patagoniambiental.com.ar\/info\/en-ushuaia-la-comision-administradora-de-la-reserva-bosque-yatana-mantuvo-la-primera-reunion-del-ano\/"},"wordCount":354,"commentCount":0,"publisher":{"@id":"https:\/\/patagoniambiental.com.ar\/info\/#organization"},"image":{"@id":"https:\/\/patagoniambiental.com.ar\/info\/en-ushuaia-la-comision-administradora-de-la-reserva-bosque-yatana-mantuvo-la-primera-reunion-del-ano\/#primaryimage"},"thumbnailUrl":"https:\/\/patagoniambiental.com.ar\/info\/wp-content\/uploads\/2022\/02\/20220219180959_photo_2022_02_19_18_08_44.jpg","articleSection":["Bolet\u00edn","Municipales","Noticias","Rotador"],"inLanguage":"es","potentialAction":[{"@type":"CommentAction","name":"Comment","target":["https:\/\/patagoniambiental.com.ar\/info\/en-ushuaia-la-comision-administradora-de-la-reserva-bosque-yatana-mantuvo-la-primera-reunion-del-ano\/#respond"]}]},{"@type":"WebPage","@id":"https:\/\/patagoniambiental.com.ar\/info\/en-ushuaia-la-comision-administradora-de-la-reserva-bosque-yatana-mantuvo-la-primera-reunion-del-ano\/","url":"https:\/\/patagoniambiental.com.ar\/info\/en-ushuaia-la-comision-administradora-de-la-reserva-bosque-yatana-mantuvo-la-primera-reunion-del-ano\/","name":"En Ushuaia, la comisi\u00f3n administradora de la reserva 'Bosque Yatana' mantuvo la primera reuni\u00f3n del a\u00f1o","isPartOf":{"@id":"https:\/\/patagoniambiental.com.ar\/info\/#website"},"primaryImageOfPage":{"@id":"https:\/\/patagoniambiental.com.ar\/info\/en-ushuaia-la-comision-administradora-de-la-reserva-bosque-yatana-mantuvo-la-primera-reunion-del-ano\/#primaryimage"},"image":{"@id":"https:\/\/patagoniambiental.com.ar\/info\/en-ushuaia-la-comision-administradora-de-la-reserva-bosque-yatana-mantuvo-la-primera-reunion-del-ano\/#primaryimage"},"thumbnailUrl":"https:\/\/patagoniambiental.com.ar\/info\/wp-content\/uploads\/2022\/02\/20220219180959_photo_2022_02_19_18_08_44.jpg","datePublished":"2022-02-21T10:00:00+00:00","breadcrumb":{"@id":"https:\/\/patagoniambiental.com.ar\/info\/en-ushuaia-la-comision-administradora-de-la-reserva-bosque-yatana-mantuvo-la-primera-reunion-del-ano\/#breadcrumb"},"inLanguage":"es","potentialAction":[{"@type":"ReadAction","target":["https:\/\/patagoniambiental.com.ar\/info\/en-ushuaia-la-comision-administradora-de-la-reserva-bosque-yatana-mantuvo-la-primera-reunion-del-ano\/"]}]},{"@type":"ImageObject","inLanguage":"es","@id":"https:\/\/patagoniambiental.com.ar\/info\/en-ushuaia-la-comision-administradora-de-la-reserva-bosque-yatana-mantuvo-la-primera-reunion-del-ano\/#primaryimage","url":"https:\/\/patagoniambiental.com.ar\/info\/wp-content\/uploads\/2022\/02\/20220219180959_photo_2022_02_19_18_08_44.jpg","contentUrl":"https:\/\/patagoniambiental.com.ar\/info\/wp-content\/uploads\/2022\/02\/20220219180959_photo_2022_02_19_18_08_44.jpg","width":880,"height":586},{"@type":"BreadcrumbList","@id":"https:\/\/patagoniambiental.com.ar\/info\/en-ushuaia-la-comision-administradora-de-la-reserva-bosque-yatana-mantuvo-la-primera-reunion-del-ano\/#breadcrumb","itemListElement":[{"@type":"ListItem","position":1,"name":"Inicio","item":"https:\/\/patagoniambiental.com.ar\/info\/"},{"@type":"ListItem","position":2,"name":"En Ushuaia, la comisi\u00f3n administradora de la reserva &#8216;Bosque Yatana&#8217; mantuvo la primera reuni\u00f3n del a\u00f1o"}]},{"@type":"WebSite","@id":"https:\/\/patagoniambiental.com.ar\/info\/#website","url":"https:\/\/patagoniambiental.com.ar\/info\/","name":"Patagonia Ambiental","description":"Monitoreo y an\u00e1lisis de la situaci\u00f3n geopol\u00edtica en el mundo y su implicancia en la Patagonia","publisher":{"@id":"https:\/\/patagoniambiental.com.ar\/info\/#organization"},"potentialAction":[{"@type":"SearchAction","target":{"@type":"EntryPoint","urlTemplate":"https:\/\/patagoniambiental.com.ar\/info\/?s={search_term_string}"},"query-input":{"@type":"PropertyValueSpecification","valueRequired":true,"valueName":"search_term_string"}}],"inLanguage":"es"},{"@type":"Organization","@id":"https:\/\/patagoniambiental.com.ar\/info\/#organization","name":"Patagonia Ambiental","url":"https:\/\/patagoniambiental.com.ar\/info\/","logo":{"@type":"ImageObject","inLanguage":"es","@id":"https:\/\/patagoniambiental.com.ar\/info\/#\/schema\/logo\/image\/","url":"https:\/\/patagoniambiental.com.ar\/info\/wp-content\/uploads\/2025\/05\/LOGO-PATAGONIA-AMBIENTAL.png","contentUrl":"https:\/\/patagoniambiental.com.ar\/info\/wp-content\/uploads\/2025\/05\/LOGO-PATAGONIA-AMBIENTAL.png","width":433,"height":250,"caption":"Patagonia Ambiental"},"image":{"@id":"https:\/\/patagoniambiental.com.ar\/info\/#\/schema\/logo\/image\/"},"sameAs":["https:\/\/www.facebook.com\/patagonia.ambiental","https:\/\/x.com\/PatAmb"]},{"@type":"Person","@id":"https:\/\/patagoniambiental.com.ar\/info\/#\/schema\/person\/e5af09d700b2e82cb10c6b8800e0c691","name":"BRAIAN ESTEVEZ","sameAs":["http:\/\/www.patagoniambiental.com.ar"]}]}},"_links":{"self":[{"href":"https:\/\/patagoniambiental.com.ar\/info\/wp-json\/wp\/v2\/posts\/75259","targetHints":{"allow":["GET"]}}],"collection":[{"href":"https:\/\/patagoniambiental.com.ar\/info\/wp-json\/wp\/v2\/posts"}],"about":[{"href":"https:\/\/patagoniambiental.com.ar\/info\/wp-json\/wp\/v2\/types\/post"}],"author":[{"embeddable":true,"href":"https:\/\/patagoniambiental.com.ar\/info\/wp-json\/wp\/v2\/users\/6"}],"replies":[{"embeddable":true,"href":"https:\/\/patagoniambiental.com.ar\/info\/wp-json\/wp\/v2\/comments?post=75259"}],"version-history":[{"count":0,"href":"https:\/\/patagoniambiental.com.ar\/info\/wp-json\/wp\/v2\/posts\/75259\/revisions"}],"wp:featuredmedia":[{"embeddable":true,"href":"https:\/\/patagoniambiental.com.ar\/info\/wp-json\/wp\/v2\/media\/75260"}],"wp:attachment":[{"href":"https:\/\/patagoniambiental.com.ar\/info\/wp-json\/wp\/v2\/media?parent=75259"}],"wp:term":[{"taxonomy":"category","embeddable":true,"href":"https:\/\/patagoniambiental.com.ar\/info\/wp-json\/wp\/v2\/categories?post=75259"},{"taxonomy":"post_tag","embeddable":true,"href":"https:\/\/patagoniambiental.com.ar\/info\/wp-json\/wp\/v2\/tags?post=75259"}],"curies":[{"name":"wp","href":"https:\/\/api.w.org\/{rel}","templated":true}]}}