{"id":75317,"date":"2022-03-02T07:00:00","date_gmt":"2022-03-02T10:00:00","guid":{"rendered":"http:\/\/patagoniambiental.com.ar\/info\/?p=75317"},"modified":"2022-03-02T00:21:39","modified_gmt":"2022-03-02T03:21:39","slug":"impulsan-campana-de-concientizacion-sobre-residuos-urbanos","status":"publish","type":"post","link":"https:\/\/patagoniambiental.com.ar\/info\/impulsan-campana-de-concientizacion-sobre-residuos-urbanos\/","title":{"rendered":"Impulsan campa\u00f1a de concientizaci\u00f3n sobre residuos urbanos"},"content":{"rendered":"\n<!--more-->\n\n\n\n<p>En el marco de las campa\u00f1as ambientales, desde la Municipalidad de Esquel destacaron el trabajo en conjunto que se viene haciendo con Provincia en relaci\u00f3n a la generaci\u00f3n de residuos urbanos.<\/p>\n\n\n\n<p>por&nbsp;<strong>REDACCI\u00d3N CHUBUT&nbsp;<\/strong>28\/02\/2022 &#8211; 00.00.hs<\/p>\n\n\n\n<figure class=\"wp-block-image\"><img decoding=\"async\" src=\"https:\/\/pxb.cdn.elchubut.com.ar\/chubut\/022022\/1646008748143.jpg?cw=1315&amp;ch=736&amp;\" alt=\"Impulsan campa\u00f1a de concientizaci\u00f3n sobre residuos urbanos\" title=\"Impulsan campa\u00f1a de concientizaci\u00f3n sobre residuos urbanos\"\/><\/figure>\n\n\n\n<figure class=\"wp-block-image\"><img decoding=\"async\" src=\"https:\/\/pxb.cdn.elchubut.com.ar\/chubut\/022022\/1646008748143.webp?cw=1315&amp;ch=736&amp;extw=jpg\" alt=\"Impulsan campa\u00f1a de concientizaci\u00f3n sobre residuos urbanos\" title=\"Impulsan campa\u00f1a de concientizaci\u00f3n sobre residuos urbanos\"\/><\/figure>\n\n\n\n<figure class=\"wp-block-image\"><img decoding=\"async\" src=\"https:\/\/pxb.cdn.elchubut.com.ar\/chubut\/022022\/1646008750451.jpg?cw=1315&amp;ch=736&amp;\" alt=\"Impulsan campa\u00f1a de concientizaci\u00f3n sobre residuos urbanos\" title=\"Impulsan campa\u00f1a de concientizaci\u00f3n sobre residuos urbanos\"\/><\/figure>\n\n\n\n<figure class=\"wp-block-image\"><img decoding=\"async\" src=\"https:\/\/pxb.cdn.elchubut.com.ar\/chubut\/022022\/1646008750451.webp?cw=1315&amp;ch=736&amp;extw=jpg\" alt=\"Impulsan campa\u00f1a de concientizaci\u00f3n sobre residuos urbanos\" title=\"Impulsan campa\u00f1a de concientizaci\u00f3n sobre residuos urbanos\"\/><\/figure>\n\n\n\n<p>2<\/p>\n\n\n\n<p>Sobre el convenio, Daniel Hollmann, secretario del \u00e1rea, inform\u00f3, \u00abnosotros venimos trabajando hace un tiempo con el Ministerio de Ambiente, particularmente con Carolina Humphreys, subsecretaria de Ambiente, y con Fernando Pegoraro, que es el encargado de la Direcci\u00f3n de GIRSU de la Provincia. Hace un tiempo tuvimos una reuni\u00f3n en la que nos ofrecieron poner a disposici\u00f3n material para las campa\u00f1as de concientizaci\u00f3n en relaci\u00f3n a los residuos s\u00f3lidos urbanos\u00bb.<br>En ese sentido subray\u00f3 que uno de los objetivos es potenciar el buen funcionamiento de la planta, y para ello es fundamental poder llegar a los vecinos a trav\u00e9s de campa\u00f1as de difusi\u00f3n y comunicaci\u00f3n. \u00abCuando le comentamos a la gente del Ministerio que est\u00e1bamos iniciando esta campa\u00f1a, nos ofrecieron poner a disposici\u00f3n elementos desde la parte t\u00e9cnica y tambi\u00e9n hacer un aporte econ\u00f3mico para la compra de algunos materiales\u00bb, explic\u00f3 Hollmann, quien agreg\u00f3 que \u00abde esta forma se adquirieron 5.000 imanes donde se describe a los vecinos c\u00f3mo deben tratar los residuos domiciliarios para que posteriormente sean recolectados dentro del esquema municipal de recolecci\u00f3n diferenciada, adem\u00e1s de la colaboraci\u00f3n del equipo t\u00e9cnico provincial en lo referido a campa\u00f1as en Educaci\u00f3n y Comunicaci\u00f3n ambiental\u00bb.<br>La firma del convenio que tuvo lugar el \u00faltimo jueves permiti\u00f3 llevar a cabo un encuentro entre el secretario de Ambiente municipal y la subsecretaria de Ambiente y Desarrollo Sustentable, Carolina Humphreys. Oportunidad donde se concret\u00f3 la entrega del material que en las pr\u00f3ximas semanas comenzar\u00e1 a entregarse a los vecinos de Esquel.<\/p>\n\n\n\n<p>Fuente: El Chubut<\/p>\n","protected":false},"excerpt":{"rendered":"","protected":false},"author":6,"featured_media":57414,"comment_status":"open","ping_status":"open","sticky":false,"template":"","format":"standard","meta":{"site-sidebar-layout":"default","site-content-layout":"","ast-site-content-layout":"default","site-content-style":"default","site-sidebar-style":"default","ast-global-header-display":"","ast-banner-title-visibility":"","ast-main-header-display":"","ast-hfb-above-header-display":"","ast-hfb-below-header-display":"","ast-hfb-mobile-header-display":"","site-post-title":"","ast-breadcrumbs-content":"","ast-featured-img":"","footer-sml-layout":"","ast-disable-related-posts":"","theme-transparent-header-meta":"","adv-header-id-meta":"","stick-header-meta":"","header-above-stick-meta":"","header-main-stick-meta":"","header-below-stick-meta":"","astra-migrate-meta-layouts":"default","ast-page-background-enabled":"default","ast-page-background-meta":{"desktop":{"background-color":"var(--ast-global-color-5)","background-image":"","background-repeat":"repeat","background-position":"center center","background-size":"auto","background-attachment":"scroll","background-type":"","background-media":"","overlay-type":"","overlay-color":"","overlay-opacity":"","overlay-gradient":""},"tablet":{"background-color":"","background-image":"","background-repeat":"repeat","background-position":"center center","background-size":"auto","background-attachment":"scroll","background-type":"","background-media":"","overlay-type":"","overlay-color":"","overlay-opacity":"","overlay-gradient":""},"mobile":{"background-color":"","background-image":"","background-repeat":"repeat","background-position":"center center","background-size":"auto","background-attachment":"scroll","background-type":"","background-media":"","overlay-type":"","overlay-color":"","overlay-opacity":"","overlay-gradient":""}},"ast-content-background-meta":{"desktop":{"background-color":"var(--ast-global-color-4)","background-image":"","background-repeat":"repeat","background-position":"center center","background-size":"auto","background-attachment":"scroll","background-type":"","background-media":"","overlay-type":"","overlay-color":"","overlay-opacity":"","overlay-gradient":""},"tablet":{"background-color":"var(--ast-global-color-4)","background-image":"","background-repeat":"repeat","background-position":"center center","background-size":"auto","background-attachment":"scroll","background-type":"","background-media":"","overlay-type":"","overlay-color":"","overlay-opacity":"","overlay-gradient":""},"mobile":{"background-color":"var(--ast-global-color-4)","background-image":"","background-repeat":"repeat","background-position":"center center","background-size":"auto","background-attachment":"scroll","background-type":"","background-media":"","overlay-type":"","overlay-color":"","overlay-opacity":"","overlay-gradient":""}},"footnotes":""},"categories":[12,3357,16,1],"tags":[],"class_list":["post-75317","post","type-post","status-publish","format-standard","has-post-thumbnail","hentry","category-agenda-ambiental","category-girsu","category-municipales","category-noticias"],"yoast_head":"<!-- This site is optimized with the Yoast SEO Premium plugin v23.0 (Yoast SEO v27.5) - https:\/\/yoast.com\/product\/yoast-seo-premium-wordpress\/ -->\n<title>Impulsan campa\u00f1a de concientizaci\u00f3n sobre residuos urbanos<\/title>\n<meta name=\"robots\" content=\"index, follow, max-snippet:-1, max-image-preview:large, max-video-preview:-1\" \/>\n<link rel=\"canonical\" href=\"https:\/\/patagoniambiental.com.ar\/info\/impulsan-campana-de-concientizacion-sobre-residuos-urbanos\/\" \/>\n<meta property=\"og:locale\" content=\"es_ES\" \/>\n<meta property=\"og:type\" content=\"article\" \/>\n<meta property=\"og:title\" content=\"Impulsan campa\u00f1a de concientizaci\u00f3n sobre residuos urbanos\" \/>\n<meta property=\"og:url\" content=\"https:\/\/patagoniambiental.com.ar\/info\/impulsan-campana-de-concientizacion-sobre-residuos-urbanos\/\" \/>\n<meta property=\"og:site_name\" content=\"Patagonia Ambiental\" \/>\n<meta property=\"article:publisher\" content=\"https:\/\/www.facebook.com\/patagonia.ambiental\" \/>\n<meta property=\"article:published_time\" content=\"2022-03-02T10:00:00+00:00\" \/>\n<meta property=\"og:image\" content=\"https:\/\/patagoniambiental.com.ar\/info\/wp-content\/uploads\/2018\/12\/Residuos2021.jpg\" \/>\n\t<meta property=\"og:image:width\" content=\"960\" \/>\n\t<meta property=\"og:image:height\" content=\"640\" \/>\n\t<meta property=\"og:image:type\" content=\"image\/jpeg\" \/>\n<meta name=\"author\" content=\"BRAIAN ESTEVEZ\" \/>\n<meta name=\"twitter:card\" content=\"summary_large_image\" \/>\n<meta name=\"twitter:creator\" content=\"@PatAmb\" \/>\n<meta name=\"twitter:site\" content=\"@PatAmb\" \/>\n<script type=\"application\/ld+json\" class=\"yoast-schema-graph\">{\"@context\":\"https:\\\/\\\/schema.org\",\"@graph\":[{\"@type\":\"Article\",\"@id\":\"https:\\\/\\\/patagoniambiental.com.ar\\\/info\\\/impulsan-campana-de-concientizacion-sobre-residuos-urbanos\\\/#article\",\"isPartOf\":{\"@id\":\"https:\\\/\\\/patagoniambiental.com.ar\\\/info\\\/impulsan-campana-de-concientizacion-sobre-residuos-urbanos\\\/\"},\"author\":{\"name\":\"BRAIAN ESTEVEZ\",\"@id\":\"https:\\\/\\\/patagoniambiental.com.ar\\\/info\\\/#\\\/schema\\\/person\\\/e5af09d700b2e82cb10c6b8800e0c691\"},\"headline\":\"Impulsan campa\u00f1a de concientizaci\u00f3n sobre residuos urbanos\",\"datePublished\":\"2022-03-02T10:00:00+00:00\",\"mainEntityOfPage\":{\"@id\":\"https:\\\/\\\/patagoniambiental.com.ar\\\/info\\\/impulsan-campana-de-concientizacion-sobre-residuos-urbanos\\\/\"},\"wordCount\":326,\"commentCount\":0,\"publisher\":{\"@id\":\"https:\\\/\\\/patagoniambiental.com.ar\\\/info\\\/#organization\"},\"image\":{\"@id\":\"https:\\\/\\\/patagoniambiental.com.ar\\\/info\\\/impulsan-campana-de-concientizacion-sobre-residuos-urbanos\\\/#primaryimage\"},\"thumbnailUrl\":\"https:\\\/\\\/patagoniambiental.com.ar\\\/info\\\/wp-content\\\/uploads\\\/2018\\\/12\\\/Residuos2021.jpg\",\"articleSection\":[\"Agenda Ambiental\",\"GIRSU\",\"Municipales\",\"Noticias\"],\"inLanguage\":\"es\",\"potentialAction\":[{\"@type\":\"CommentAction\",\"name\":\"Comment\",\"target\":[\"https:\\\/\\\/patagoniambiental.com.ar\\\/info\\\/impulsan-campana-de-concientizacion-sobre-residuos-urbanos\\\/#respond\"]}]},{\"@type\":\"WebPage\",\"@id\":\"https:\\\/\\\/patagoniambiental.com.ar\\\/info\\\/impulsan-campana-de-concientizacion-sobre-residuos-urbanos\\\/\",\"url\":\"https:\\\/\\\/patagoniambiental.com.ar\\\/info\\\/impulsan-campana-de-concientizacion-sobre-residuos-urbanos\\\/\",\"name\":\"Impulsan campa\u00f1a de concientizaci\u00f3n sobre residuos urbanos\",\"isPartOf\":{\"@id\":\"https:\\\/\\\/patagoniambiental.com.ar\\\/info\\\/#website\"},\"primaryImageOfPage\":{\"@id\":\"https:\\\/\\\/patagoniambiental.com.ar\\\/info\\\/impulsan-campana-de-concientizacion-sobre-residuos-urbanos\\\/#primaryimage\"},\"image\":{\"@id\":\"https:\\\/\\\/patagoniambiental.com.ar\\\/info\\\/impulsan-campana-de-concientizacion-sobre-residuos-urbanos\\\/#primaryimage\"},\"thumbnailUrl\":\"https:\\\/\\\/patagoniambiental.com.ar\\\/info\\\/wp-content\\\/uploads\\\/2018\\\/12\\\/Residuos2021.jpg\",\"datePublished\":\"2022-03-02T10:00:00+00:00\",\"breadcrumb\":{\"@id\":\"https:\\\/\\\/patagoniambiental.com.ar\\\/info\\\/impulsan-campana-de-concientizacion-sobre-residuos-urbanos\\\/#breadcrumb\"},\"inLanguage\":\"es\",\"potentialAction\":[{\"@type\":\"ReadAction\",\"target\":[\"https:\\\/\\\/patagoniambiental.com.ar\\\/info\\\/impulsan-campana-de-concientizacion-sobre-residuos-urbanos\\\/\"]}]},{\"@type\":\"ImageObject\",\"inLanguage\":\"es\",\"@id\":\"https:\\\/\\\/patagoniambiental.com.ar\\\/info\\\/impulsan-campana-de-concientizacion-sobre-residuos-urbanos\\\/#primaryimage\",\"url\":\"https:\\\/\\\/patagoniambiental.com.ar\\\/info\\\/wp-content\\\/uploads\\\/2018\\\/12\\\/Residuos2021.jpg\",\"contentUrl\":\"https:\\\/\\\/patagoniambiental.com.ar\\\/info\\\/wp-content\\\/uploads\\\/2018\\\/12\\\/Residuos2021.jpg\",\"width\":900,\"height\":600},{\"@type\":\"BreadcrumbList\",\"@id\":\"https:\\\/\\\/patagoniambiental.com.ar\\\/info\\\/impulsan-campana-de-concientizacion-sobre-residuos-urbanos\\\/#breadcrumb\",\"itemListElement\":[{\"@type\":\"ListItem\",\"position\":1,\"name\":\"Inicio\",\"item\":\"https:\\\/\\\/patagoniambiental.com.ar\\\/info\\\/\"},{\"@type\":\"ListItem\",\"position\":2,\"name\":\"Impulsan campa\u00f1a de concientizaci\u00f3n sobre residuos urbanos\"}]},{\"@type\":\"WebSite\",\"@id\":\"https:\\\/\\\/patagoniambiental.com.ar\\\/info\\\/#website\",\"url\":\"https:\\\/\\\/patagoniambiental.com.ar\\\/info\\\/\",\"name\":\"Patagonia Ambiental\",\"description\":\"Monitoreo y an\u00e1lisis de la situaci\u00f3n geopol\u00edtica en el mundo y su implicancia en la Patagonia\",\"publisher\":{\"@id\":\"https:\\\/\\\/patagoniambiental.com.ar\\\/info\\\/#organization\"},\"potentialAction\":[{\"@type\":\"SearchAction\",\"target\":{\"@type\":\"EntryPoint\",\"urlTemplate\":\"https:\\\/\\\/patagoniambiental.com.ar\\\/info\\\/?s={search_term_string}\"},\"query-input\":{\"@type\":\"PropertyValueSpecification\",\"valueRequired\":true,\"valueName\":\"search_term_string\"}}],\"inLanguage\":\"es\"},{\"@type\":\"Organization\",\"@id\":\"https:\\\/\\\/patagoniambiental.com.ar\\\/info\\\/#organization\",\"name\":\"Patagonia Ambiental\",\"url\":\"https:\\\/\\\/patagoniambiental.com.ar\\\/info\\\/\",\"logo\":{\"@type\":\"ImageObject\",\"inLanguage\":\"es\",\"@id\":\"https:\\\/\\\/patagoniambiental.com.ar\\\/info\\\/#\\\/schema\\\/logo\\\/image\\\/\",\"url\":\"https:\\\/\\\/patagoniambiental.com.ar\\\/info\\\/wp-content\\\/uploads\\\/2025\\\/05\\\/LOGO-PATAGONIA-AMBIENTAL.png\",\"contentUrl\":\"https:\\\/\\\/patagoniambiental.com.ar\\\/info\\\/wp-content\\\/uploads\\\/2025\\\/05\\\/LOGO-PATAGONIA-AMBIENTAL.png\",\"width\":433,\"height\":250,\"caption\":\"Patagonia Ambiental\"},\"image\":{\"@id\":\"https:\\\/\\\/patagoniambiental.com.ar\\\/info\\\/#\\\/schema\\\/logo\\\/image\\\/\"},\"sameAs\":[\"https:\\\/\\\/www.facebook.com\\\/patagonia.ambiental\",\"https:\\\/\\\/x.com\\\/PatAmb\"]},{\"@type\":\"Person\",\"@id\":\"https:\\\/\\\/patagoniambiental.com.ar\\\/info\\\/#\\\/schema\\\/person\\\/e5af09d700b2e82cb10c6b8800e0c691\",\"name\":\"BRAIAN ESTEVEZ\",\"sameAs\":[\"http:\\\/\\\/www.patagoniambiental.com.ar\"]}]}<\/script>\n<!-- \/ Yoast SEO Premium plugin. -->","yoast_head_json":{"title":"Impulsan campa\u00f1a de concientizaci\u00f3n sobre residuos urbanos","robots":{"index":"index","follow":"follow","max-snippet":"max-snippet:-1","max-image-preview":"max-image-preview:large","max-video-preview":"max-video-preview:-1"},"canonical":"https:\/\/patagoniambiental.com.ar\/info\/impulsan-campana-de-concientizacion-sobre-residuos-urbanos\/","og_locale":"es_ES","og_type":"article","og_title":"Impulsan campa\u00f1a de concientizaci\u00f3n sobre residuos urbanos","og_url":"https:\/\/patagoniambiental.com.ar\/info\/impulsan-campana-de-concientizacion-sobre-residuos-urbanos\/","og_site_name":"Patagonia Ambiental","article_publisher":"https:\/\/www.facebook.com\/patagonia.ambiental","article_published_time":"2022-03-02T10:00:00+00:00","og_image":[{"width":960,"height":640,"url":"https:\/\/patagoniambiental.com.ar\/info\/wp-content\/uploads\/2018\/12\/Residuos2021.jpg","type":"image\/jpeg"}],"author":"BRAIAN ESTEVEZ","twitter_card":"summary_large_image","twitter_creator":"@PatAmb","twitter_site":"@PatAmb","schema":{"@context":"https:\/\/schema.org","@graph":[{"@type":"Article","@id":"https:\/\/patagoniambiental.com.ar\/info\/impulsan-campana-de-concientizacion-sobre-residuos-urbanos\/#article","isPartOf":{"@id":"https:\/\/patagoniambiental.com.ar\/info\/impulsan-campana-de-concientizacion-sobre-residuos-urbanos\/"},"author":{"name":"BRAIAN ESTEVEZ","@id":"https:\/\/patagoniambiental.com.ar\/info\/#\/schema\/person\/e5af09d700b2e82cb10c6b8800e0c691"},"headline":"Impulsan campa\u00f1a de concientizaci\u00f3n sobre residuos urbanos","datePublished":"2022-03-02T10:00:00+00:00","mainEntityOfPage":{"@id":"https:\/\/patagoniambiental.com.ar\/info\/impulsan-campana-de-concientizacion-sobre-residuos-urbanos\/"},"wordCount":326,"commentCount":0,"publisher":{"@id":"https:\/\/patagoniambiental.com.ar\/info\/#organization"},"image":{"@id":"https:\/\/patagoniambiental.com.ar\/info\/impulsan-campana-de-concientizacion-sobre-residuos-urbanos\/#primaryimage"},"thumbnailUrl":"https:\/\/patagoniambiental.com.ar\/info\/wp-content\/uploads\/2018\/12\/Residuos2021.jpg","articleSection":["Agenda Ambiental","GIRSU","Municipales","Noticias"],"inLanguage":"es","potentialAction":[{"@type":"CommentAction","name":"Comment","target":["https:\/\/patagoniambiental.com.ar\/info\/impulsan-campana-de-concientizacion-sobre-residuos-urbanos\/#respond"]}]},{"@type":"WebPage","@id":"https:\/\/patagoniambiental.com.ar\/info\/impulsan-campana-de-concientizacion-sobre-residuos-urbanos\/","url":"https:\/\/patagoniambiental.com.ar\/info\/impulsan-campana-de-concientizacion-sobre-residuos-urbanos\/","name":"Impulsan campa\u00f1a de concientizaci\u00f3n sobre residuos urbanos","isPartOf":{"@id":"https:\/\/patagoniambiental.com.ar\/info\/#website"},"primaryImageOfPage":{"@id":"https:\/\/patagoniambiental.com.ar\/info\/impulsan-campana-de-concientizacion-sobre-residuos-urbanos\/#primaryimage"},"image":{"@id":"https:\/\/patagoniambiental.com.ar\/info\/impulsan-campana-de-concientizacion-sobre-residuos-urbanos\/#primaryimage"},"thumbnailUrl":"https:\/\/patagoniambiental.com.ar\/info\/wp-content\/uploads\/2018\/12\/Residuos2021.jpg","datePublished":"2022-03-02T10:00:00+00:00","breadcrumb":{"@id":"https:\/\/patagoniambiental.com.ar\/info\/impulsan-campana-de-concientizacion-sobre-residuos-urbanos\/#breadcrumb"},"inLanguage":"es","potentialAction":[{"@type":"ReadAction","target":["https:\/\/patagoniambiental.com.ar\/info\/impulsan-campana-de-concientizacion-sobre-residuos-urbanos\/"]}]},{"@type":"ImageObject","inLanguage":"es","@id":"https:\/\/patagoniambiental.com.ar\/info\/impulsan-campana-de-concientizacion-sobre-residuos-urbanos\/#primaryimage","url":"https:\/\/patagoniambiental.com.ar\/info\/wp-content\/uploads\/2018\/12\/Residuos2021.jpg","contentUrl":"https:\/\/patagoniambiental.com.ar\/info\/wp-content\/uploads\/2018\/12\/Residuos2021.jpg","width":900,"height":600},{"@type":"BreadcrumbList","@id":"https:\/\/patagoniambiental.com.ar\/info\/impulsan-campana-de-concientizacion-sobre-residuos-urbanos\/#breadcrumb","itemListElement":[{"@type":"ListItem","position":1,"name":"Inicio","item":"https:\/\/patagoniambiental.com.ar\/info\/"},{"@type":"ListItem","position":2,"name":"Impulsan campa\u00f1a de concientizaci\u00f3n sobre residuos urbanos"}]},{"@type":"WebSite","@id":"https:\/\/patagoniambiental.com.ar\/info\/#website","url":"https:\/\/patagoniambiental.com.ar\/info\/","name":"Patagonia Ambiental","description":"Monitoreo y an\u00e1lisis de la situaci\u00f3n geopol\u00edtica en el mundo y su implicancia en la Patagonia","publisher":{"@id":"https:\/\/patagoniambiental.com.ar\/info\/#organization"},"potentialAction":[{"@type":"SearchAction","target":{"@type":"EntryPoint","urlTemplate":"https:\/\/patagoniambiental.com.ar\/info\/?s={search_term_string}"},"query-input":{"@type":"PropertyValueSpecification","valueRequired":true,"valueName":"search_term_string"}}],"inLanguage":"es"},{"@type":"Organization","@id":"https:\/\/patagoniambiental.com.ar\/info\/#organization","name":"Patagonia Ambiental","url":"https:\/\/patagoniambiental.com.ar\/info\/","logo":{"@type":"ImageObject","inLanguage":"es","@id":"https:\/\/patagoniambiental.com.ar\/info\/#\/schema\/logo\/image\/","url":"https:\/\/patagoniambiental.com.ar\/info\/wp-content\/uploads\/2025\/05\/LOGO-PATAGONIA-AMBIENTAL.png","contentUrl":"https:\/\/patagoniambiental.com.ar\/info\/wp-content\/uploads\/2025\/05\/LOGO-PATAGONIA-AMBIENTAL.png","width":433,"height":250,"caption":"Patagonia Ambiental"},"image":{"@id":"https:\/\/patagoniambiental.com.ar\/info\/#\/schema\/logo\/image\/"},"sameAs":["https:\/\/www.facebook.com\/patagonia.ambiental","https:\/\/x.com\/PatAmb"]},{"@type":"Person","@id":"https:\/\/patagoniambiental.com.ar\/info\/#\/schema\/person\/e5af09d700b2e82cb10c6b8800e0c691","name":"BRAIAN ESTEVEZ","sameAs":["http:\/\/www.patagoniambiental.com.ar"]}]}},"_links":{"self":[{"href":"https:\/\/patagoniambiental.com.ar\/info\/wp-json\/wp\/v2\/posts\/75317","targetHints":{"allow":["GET"]}}],"collection":[{"href":"https:\/\/patagoniambiental.com.ar\/info\/wp-json\/wp\/v2\/posts"}],"about":[{"href":"https:\/\/patagoniambiental.com.ar\/info\/wp-json\/wp\/v2\/types\/post"}],"author":[{"embeddable":true,"href":"https:\/\/patagoniambiental.com.ar\/info\/wp-json\/wp\/v2\/users\/6"}],"replies":[{"embeddable":true,"href":"https:\/\/patagoniambiental.com.ar\/info\/wp-json\/wp\/v2\/comments?post=75317"}],"version-history":[{"count":0,"href":"https:\/\/patagoniambiental.com.ar\/info\/wp-json\/wp\/v2\/posts\/75317\/revisions"}],"wp:featuredmedia":[{"embeddable":true,"href":"https:\/\/patagoniambiental.com.ar\/info\/wp-json\/wp\/v2\/media\/57414"}],"wp:attachment":[{"href":"https:\/\/patagoniambiental.com.ar\/info\/wp-json\/wp\/v2\/media?parent=75317"}],"wp:term":[{"taxonomy":"category","embeddable":true,"href":"https:\/\/patagoniambiental.com.ar\/info\/wp-json\/wp\/v2\/categories?post=75317"},{"taxonomy":"post_tag","embeddable":true,"href":"https:\/\/patagoniambiental.com.ar\/info\/wp-json\/wp\/v2\/tags?post=75317"}],"curies":[{"name":"wp","href":"https:\/\/api.w.org\/{rel}","templated":true}]}}