{"id":75338,"date":"2022-03-03T20:25:43","date_gmt":"2022-03-03T23:25:43","guid":{"rendered":"http:\/\/patagoniambiental.com.ar\/info\/?p=75338"},"modified":"2022-03-03T20:25:45","modified_gmt":"2022-03-03T23:25:45","slug":"villa-la-angostura-stefani-impulsa-un-barrio-multicultural-con-familias-mapuches","status":"publish","type":"post","link":"https:\/\/patagoniambiental.com.ar\/info\/villa-la-angostura-stefani-impulsa-un-barrio-multicultural-con-familias-mapuches\/","title":{"rendered":"Villa La Angostura: Stefani impulsa un barrio multicultural con familias mapuches"},"content":{"rendered":"\n<!--more-->\n\n\n\n<p>Villa la Angostura.-El intendente dijo que el proyecto se emplazar\u00e1 en el cerro Belvedere, donde hay varios conflictos por lotes valiosos que est\u00e1n en disputa. La iniciativa incluye adem\u00e1s un circuito tur\u00edstico con concesiones a la comunidad Paicil Antriao.<\/p>\n\n\n\n<figure class=\"wp-block-image\"><a href=\"https:\/\/www.rionegro.com.ar\/author\/jorge-villalobos\/\"><img decoding=\"async\" src=\"https:\/\/www.rionegro.com.ar\/wp-content\/uploads\/2019\/02\/Bche-Jorge-Villalobos-2.jpg?w=44&amp;h=44&amp;crop=1\" alt=\"Jorge Villalobos\"\/><\/a><\/figure>\n\n\n\n<p>POR&nbsp;<a href=\"https:\/\/www.rionegro.com.ar\/author\/jorge-villalobos\/\">JORGE VILLALOBOS<\/a>MARZO 3, 2022 7:37 AMhttps:\/\/e76e23a5b1745fc20163c9cd1ad3de9e.safeframe.googlesyndication.com\/safeframe\/1-0-38\/html\/container.html<\/p>\n\n\n\n<figure class=\"wp-block-embed\"><div class=\"wp-block-embed__wrapper\">\nhttps:\/\/e76e23a5b1745fc20163c9cd1ad3de9e.safeframe.googlesyndication.com\/safeframe\/1-0-38\/html\/container.html\n<\/div><\/figure>\n\n\n\n<figure class=\"wp-block-image\"><img decoding=\"async\" src=\"https:\/\/cdn.jsdelivr.net\/gh\/adzone-io\/rm@2.1\/icon\/close_square.png\" alt=\"cerrar\"\/><\/figure>\n\n\n\n<figure class=\"wp-block-image\"><img decoding=\"async\" src=\"https:\/\/www.rionegro.com.ar\/wp-content\/uploads\/2022\/03\/VLA-Mapuche-Paichil-Antreao-003.jpg\" alt=\"La comunidad Paicil Antriao de Villa La Angostura integrar\u00e1 el primer barrio intercultural de la ciudad. Foto: Marcelo Martinez\"\/><figcaption>La comunidad Paicil Antriao de Villa La Angostura integrar\u00e1 el primer barrio intercultural de la ciudad. Foto: Marcelo Martinez<\/figcaption><\/figure>\n\n\n\n<p>El intendente&nbsp;<strong>Fabio Stefani<\/strong>&nbsp;sorprendi\u00f3 este mi\u00e9rcoles a los concejales con un proyecto que encender\u00e1 un fuerte debate. \u201cNo voy a mirar para el costado como han mirado tantos.<strong>&nbsp;Si hay que cargar una mochila me pongo al frente para cargar esa mochila<\/strong>\u201d, asegur\u00f3 Stefani que puso sobre la mesa una iniciativa para crear el<strong>&nbsp;primer barrio multicultural en el cerro Belvedere con familias de la comunidad mapuche Paicil Antriao.<\/strong><\/p>\n\n\n\n<figure class=\"wp-block-image\"><a href=\"https:\/\/www.rionegro.com.ar\/sociedad\/vialidad-nacional-y-mapuches-enfrentados-por-una-millonaria-obra-vial-en-villa-la-angostura-2167563\/\"><img decoding=\"async\" src=\"https:\/\/www.rionegro.com.ar\/wp-content\/uploads\/2022\/02\/VLA-Obras-Circunvalacion-004.jpg?w=650&amp;h=350\" alt=\"\"\/><\/a><\/figure>\n\n\n\n<p>Adem\u00e1s, la iniciativa de Stefani incluye un circuito tur\u00edstico en esa zona de enorme&nbsp;<strong>belleza natural<\/strong>. Dijo que la idea es otorgarles la&nbsp;<strong>concesi\u00f3n de los accesos a la cascada Inacayal, el Mirador del cerro Belvedere y el Caj\u00f3n Negro \u201ca la comunidad para fines tur\u00edsticos\u201d.<\/strong><\/p>\n\n\n\n<p>En esa zona hay varios conflictos entre la comunidad mapuche y particulares por la posesi\u00f3n de valiosos terrenos. Es el caso del exbasquetbolista Emanuel Gin\u00f3bili que tiene una demanda civil contra familias de la comunidad para recuperar un lote.<\/p>\n\n\n\n<p>\u201cNo vine a la Municipalidad a dejarle los problemas para que lo resuelva el que viene\u201d, asegur\u00f3 el intendente en su mensaje a los concejales, que marc\u00f3 el inicio de un nuevo per\u00edodo de sesiones ordinarias del Concejo Deliberante.<\/p>\n\n\n\n<p>Admiti\u00f3 que es un tema delicado, pero que est\u00e1 dispuesto a tratar.&nbsp;<strong>\u201cNo vine al gobierno para hacer la plancha<\/strong>. No me oculto\u201d, enfatiz\u00f3.<\/p>\n\n\n\n<p>Dijo que el proyecto lo consensu\u00f3 con los representantes de la comunidad mapuche. Destac\u00f3 que la iniciativa consiste en promover un barrio multicultural y tur\u00edstico en esa zona del cerro Belvedere.&nbsp;<strong>Ser\u00e1 \u201cel primer barrio multicultural y tur\u00edstico de Villa La Angostura\u201d,<\/strong>&nbsp;anunci\u00f3.<\/p>\n\n\n\n<p>Explic\u00f3 que la idea es generar, junto con el barrio y el circuito tur\u00edstico, un espacio para desarrollar el arte y la cultura mapuche. Dijo que es un \u201cproyecto consensuado, trabajado; es un proyecto de integraci\u00f3n, de derechos\u201d.<\/p>\n\n\n\n<p>Y mencion\u00f3 que los ni\u00f1os mapuches que viven con sus familias en el cerro Belvedere no tienen acceso, por ejemplo, al servicio de internet. \u201cMe da mucha pena cuando se acerca una nena de 7 u 11 a\u00f1os, que tiene que bajar y pararse en la puerta del CPEM 68 para agarrar un poquito de wifi para hacer sus actividades escolares\u201d, observ\u00f3.<\/p>\n\n\n\n<p>\u201c<strong>Quiero igualdad de derechos para todos los chicos y chicas<\/strong>. Y me siento orgulloso de tramitarles (a los ni\u00f1os de la comunidad mapuche) el transporte escolar, la recolecci\u00f3n de la basura y me hago cargo de mis palabras\u201d, afirm\u00f3.<\/p>\n\n\n\n<p>Adelant\u00f3 que en ese lugar donde proyecta el barrio multicultural \u201cse emplazar\u00e1 una sala de salud, donde habr\u00e1 medicina mapuche y espacio para artesan\u00edas mapuches\u201d. Enfatiz\u00f3 que los ingresos que surjan de la concesi\u00f3n de los accesos ser\u00e1n utilizados \u201cpara poder pagar los importes del acceso al suelo\u201d.&nbsp;<strong>\u201cNadie le va a regalar nada, si hay acceso a un terreno tambi\u00e9n los van a tener que abonar<\/strong>\u201d, asever\u00f3.<\/p>\n\n\n\n<p>Stefani aclar\u00f3 ante los concejales que no avala \u201cni justifico ninguna ocupaci\u00f3n ileg\u00edtima\u201d. \u201cSomos respetuosos de los derechos, respetamos la propiedad privada y eso quiero que quede bien en claro\u201d, enfatiz\u00f3.<\/p>\n\n\n\n<p>Admiti\u00f3 que se trata de un proyecto que va a generar debate en la comunidad. \u201cQuiero decirles que se va a respetar la propiedad privada, a cada uno de los vecinos, pero no voy a discriminar. Eso que le quede bien claro\u201d, puntualiz\u00f3.<\/p>\n\n\n\n<p>\u201cQue la justicia diga qu\u00e9 es ilegal y qu\u00e9 no es ilegal\u201d, pidi\u00f3 el jefe comunal. Y plante\u00f3 su confianza en el relevamiento territorial que prev\u00e9 la ley 26160 de comunidades ind\u00edgenas.<\/p>\n\n\n\n<p>Fuente: https:\/\/www.rionegro.com.ar\/municipales\/villa-la-angostura-stefani-impulsa-un-barrio-multicultural-con-familias-mapuches-2183009\/<\/p>\n","protected":false},"excerpt":{"rendered":"","protected":false},"author":6,"featured_media":75339,"comment_status":"open","ping_status":"open","sticky":false,"template":"","format":"standard","meta":{"site-sidebar-layout":"default","site-content-layout":"","ast-site-content-layout":"default","site-content-style":"default","site-sidebar-style":"default","ast-global-header-display":"","ast-banner-title-visibility":"","ast-main-header-display":"","ast-hfb-above-header-display":"","ast-hfb-below-header-display":"","ast-hfb-mobile-header-display":"","site-post-title":"","ast-breadcrumbs-content":"","ast-featured-img":"","footer-sml-layout":"","ast-disable-related-posts":"","theme-transparent-header-meta":"","adv-header-id-meta":"","stick-header-meta":"","header-above-stick-meta":"","header-main-stick-meta":"","header-below-stick-meta":"","astra-migrate-meta-layouts":"default","ast-page-background-enabled":"default","ast-page-background-meta":{"desktop":{"background-color":"var(--ast-global-color-5)","background-image":"","background-repeat":"repeat","background-position":"center center","background-size":"auto","background-attachment":"scroll","background-type":"","background-media":"","overlay-type":"","overlay-color":"","overlay-opacity":"","overlay-gradient":""},"tablet":{"background-color":"","background-image":"","background-repeat":"repeat","background-position":"center center","background-size":"auto","background-attachment":"scroll","background-type":"","background-media":"","overlay-type":"","overlay-color":"","overlay-opacity":"","overlay-gradient":""},"mobile":{"background-color":"","background-image":"","background-repeat":"repeat","background-position":"center center","background-size":"auto","background-attachment":"scroll","background-type":"","background-media":"","overlay-type":"","overlay-color":"","overlay-opacity":"","overlay-gradient":""}},"ast-content-background-meta":{"desktop":{"background-color":"var(--ast-global-color-4)","background-image":"","background-repeat":"repeat","background-position":"center center","background-size":"auto","background-attachment":"scroll","background-type":"","background-media":"","overlay-type":"","overlay-color":"","overlay-opacity":"","overlay-gradient":""},"tablet":{"background-color":"var(--ast-global-color-4)","background-image":"","background-repeat":"repeat","background-position":"center center","background-size":"auto","background-attachment":"scroll","background-type":"","background-media":"","overlay-type":"","overlay-color":"","overlay-opacity":"","overlay-gradient":""},"mobile":{"background-color":"var(--ast-global-color-4)","background-image":"","background-repeat":"repeat","background-position":"center center","background-size":"auto","background-attachment":"scroll","background-type":"","background-media":"","overlay-type":"","overlay-color":"","overlay-opacity":"","overlay-gradient":""}},"footnotes":""},"categories":[18,1,13],"tags":[],"class_list":["post-75338","post","type-post","status-publish","format-standard","has-post-thumbnail","hentry","category-neuquen","category-noticias","category-provinciales"],"yoast_head":"<!-- This site is optimized with the Yoast SEO Premium plugin v23.0 (Yoast SEO v27.5) - https:\/\/yoast.com\/product\/yoast-seo-premium-wordpress\/ -->\n<title>Villa La Angostura: Stefani impulsa un barrio multicultural con familias mapuches<\/title>\n<meta name=\"robots\" content=\"index, follow, max-snippet:-1, max-image-preview:large, max-video-preview:-1\" \/>\n<link rel=\"canonical\" href=\"https:\/\/patagoniambiental.com.ar\/info\/villa-la-angostura-stefani-impulsa-un-barrio-multicultural-con-familias-mapuches\/\" \/>\n<meta property=\"og:locale\" content=\"es_ES\" \/>\n<meta property=\"og:type\" content=\"article\" \/>\n<meta property=\"og:title\" content=\"Villa La Angostura: Stefani impulsa un barrio multicultural con familias mapuches\" \/>\n<meta property=\"og:url\" content=\"https:\/\/patagoniambiental.com.ar\/info\/villa-la-angostura-stefani-impulsa-un-barrio-multicultural-con-familias-mapuches\/\" \/>\n<meta property=\"og:site_name\" content=\"Patagonia Ambiental\" \/>\n<meta property=\"article:publisher\" content=\"https:\/\/www.facebook.com\/patagonia.ambiental\" \/>\n<meta property=\"article:published_time\" content=\"2022-03-03T23:25:43+00:00\" \/>\n<meta property=\"article:modified_time\" content=\"2022-03-03T23:25:45+00:00\" \/>\n<meta property=\"og:image\" content=\"https:\/\/patagoniambiental.com.ar\/info\/wp-content\/uploads\/2022\/03\/VLA-Mapuche-Paichil-Antreao-003.jpg\" \/>\n\t<meta property=\"og:image:width\" content=\"1200\" \/>\n\t<meta property=\"og:image:height\" content=\"800\" \/>\n\t<meta property=\"og:image:type\" content=\"image\/jpeg\" \/>\n<meta name=\"author\" content=\"BRAIAN ESTEVEZ\" \/>\n<meta name=\"twitter:card\" content=\"summary_large_image\" \/>\n<meta name=\"twitter:creator\" content=\"@PatAmb\" \/>\n<meta name=\"twitter:site\" content=\"@PatAmb\" \/>\n<script type=\"application\/ld+json\" class=\"yoast-schema-graph\">{\"@context\":\"https:\\\/\\\/schema.org\",\"@graph\":[{\"@type\":\"Article\",\"@id\":\"https:\\\/\\\/patagoniambiental.com.ar\\\/info\\\/villa-la-angostura-stefani-impulsa-un-barrio-multicultural-con-familias-mapuches\\\/#article\",\"isPartOf\":{\"@id\":\"https:\\\/\\\/patagoniambiental.com.ar\\\/info\\\/villa-la-angostura-stefani-impulsa-un-barrio-multicultural-con-familias-mapuches\\\/\"},\"author\":{\"name\":\"BRAIAN ESTEVEZ\",\"@id\":\"https:\\\/\\\/patagoniambiental.com.ar\\\/info\\\/#\\\/schema\\\/person\\\/e5af09d700b2e82cb10c6b8800e0c691\"},\"headline\":\"Villa La Angostura: Stefani impulsa un barrio multicultural con familias mapuches\",\"datePublished\":\"2022-03-03T23:25:43+00:00\",\"dateModified\":\"2022-03-03T23:25:45+00:00\",\"mainEntityOfPage\":{\"@id\":\"https:\\\/\\\/patagoniambiental.com.ar\\\/info\\\/villa-la-angostura-stefani-impulsa-un-barrio-multicultural-con-familias-mapuches\\\/\"},\"wordCount\":729,\"commentCount\":0,\"publisher\":{\"@id\":\"https:\\\/\\\/patagoniambiental.com.ar\\\/info\\\/#organization\"},\"image\":{\"@id\":\"https:\\\/\\\/patagoniambiental.com.ar\\\/info\\\/villa-la-angostura-stefani-impulsa-un-barrio-multicultural-con-familias-mapuches\\\/#primaryimage\"},\"thumbnailUrl\":\"https:\\\/\\\/patagoniambiental.com.ar\\\/info\\\/wp-content\\\/uploads\\\/2022\\\/03\\\/VLA-Mapuche-Paichil-Antreao-003.jpg\",\"articleSection\":[\"Neuqu\u00e9n\",\"Noticias\",\"Provinciales\"],\"inLanguage\":\"es\",\"potentialAction\":[{\"@type\":\"CommentAction\",\"name\":\"Comment\",\"target\":[\"https:\\\/\\\/patagoniambiental.com.ar\\\/info\\\/villa-la-angostura-stefani-impulsa-un-barrio-multicultural-con-familias-mapuches\\\/#respond\"]}]},{\"@type\":\"WebPage\",\"@id\":\"https:\\\/\\\/patagoniambiental.com.ar\\\/info\\\/villa-la-angostura-stefani-impulsa-un-barrio-multicultural-con-familias-mapuches\\\/\",\"url\":\"https:\\\/\\\/patagoniambiental.com.ar\\\/info\\\/villa-la-angostura-stefani-impulsa-un-barrio-multicultural-con-familias-mapuches\\\/\",\"name\":\"Villa La Angostura: Stefani impulsa un barrio multicultural con familias mapuches\",\"isPartOf\":{\"@id\":\"https:\\\/\\\/patagoniambiental.com.ar\\\/info\\\/#website\"},\"primaryImageOfPage\":{\"@id\":\"https:\\\/\\\/patagoniambiental.com.ar\\\/info\\\/villa-la-angostura-stefani-impulsa-un-barrio-multicultural-con-familias-mapuches\\\/#primaryimage\"},\"image\":{\"@id\":\"https:\\\/\\\/patagoniambiental.com.ar\\\/info\\\/villa-la-angostura-stefani-impulsa-un-barrio-multicultural-con-familias-mapuches\\\/#primaryimage\"},\"thumbnailUrl\":\"https:\\\/\\\/patagoniambiental.com.ar\\\/info\\\/wp-content\\\/uploads\\\/2022\\\/03\\\/VLA-Mapuche-Paichil-Antreao-003.jpg\",\"datePublished\":\"2022-03-03T23:25:43+00:00\",\"dateModified\":\"2022-03-03T23:25:45+00:00\",\"breadcrumb\":{\"@id\":\"https:\\\/\\\/patagoniambiental.com.ar\\\/info\\\/villa-la-angostura-stefani-impulsa-un-barrio-multicultural-con-familias-mapuches\\\/#breadcrumb\"},\"inLanguage\":\"es\",\"potentialAction\":[{\"@type\":\"ReadAction\",\"target\":[\"https:\\\/\\\/patagoniambiental.com.ar\\\/info\\\/villa-la-angostura-stefani-impulsa-un-barrio-multicultural-con-familias-mapuches\\\/\"]}]},{\"@type\":\"ImageObject\",\"inLanguage\":\"es\",\"@id\":\"https:\\\/\\\/patagoniambiental.com.ar\\\/info\\\/villa-la-angostura-stefani-impulsa-un-barrio-multicultural-con-familias-mapuches\\\/#primaryimage\",\"url\":\"https:\\\/\\\/patagoniambiental.com.ar\\\/info\\\/wp-content\\\/uploads\\\/2022\\\/03\\\/VLA-Mapuche-Paichil-Antreao-003.jpg\",\"contentUrl\":\"https:\\\/\\\/patagoniambiental.com.ar\\\/info\\\/wp-content\\\/uploads\\\/2022\\\/03\\\/VLA-Mapuche-Paichil-Antreao-003.jpg\",\"width\":900,\"height\":600},{\"@type\":\"BreadcrumbList\",\"@id\":\"https:\\\/\\\/patagoniambiental.com.ar\\\/info\\\/villa-la-angostura-stefani-impulsa-un-barrio-multicultural-con-familias-mapuches\\\/#breadcrumb\",\"itemListElement\":[{\"@type\":\"ListItem\",\"position\":1,\"name\":\"Inicio\",\"item\":\"https:\\\/\\\/patagoniambiental.com.ar\\\/info\\\/\"},{\"@type\":\"ListItem\",\"position\":2,\"name\":\"Villa La Angostura: Stefani impulsa un barrio multicultural con familias mapuches\"}]},{\"@type\":\"WebSite\",\"@id\":\"https:\\\/\\\/patagoniambiental.com.ar\\\/info\\\/#website\",\"url\":\"https:\\\/\\\/patagoniambiental.com.ar\\\/info\\\/\",\"name\":\"Patagonia Ambiental\",\"description\":\"Monitoreo y an\u00e1lisis de la situaci\u00f3n geopol\u00edtica en el mundo y su implicancia en la Patagonia\",\"publisher\":{\"@id\":\"https:\\\/\\\/patagoniambiental.com.ar\\\/info\\\/#organization\"},\"potentialAction\":[{\"@type\":\"SearchAction\",\"target\":{\"@type\":\"EntryPoint\",\"urlTemplate\":\"https:\\\/\\\/patagoniambiental.com.ar\\\/info\\\/?s={search_term_string}\"},\"query-input\":{\"@type\":\"PropertyValueSpecification\",\"valueRequired\":true,\"valueName\":\"search_term_string\"}}],\"inLanguage\":\"es\"},{\"@type\":\"Organization\",\"@id\":\"https:\\\/\\\/patagoniambiental.com.ar\\\/info\\\/#organization\",\"name\":\"Patagonia Ambiental\",\"url\":\"https:\\\/\\\/patagoniambiental.com.ar\\\/info\\\/\",\"logo\":{\"@type\":\"ImageObject\",\"inLanguage\":\"es\",\"@id\":\"https:\\\/\\\/patagoniambiental.com.ar\\\/info\\\/#\\\/schema\\\/logo\\\/image\\\/\",\"url\":\"https:\\\/\\\/patagoniambiental.com.ar\\\/info\\\/wp-content\\\/uploads\\\/2025\\\/05\\\/LOGO-PATAGONIA-AMBIENTAL.png\",\"contentUrl\":\"https:\\\/\\\/patagoniambiental.com.ar\\\/info\\\/wp-content\\\/uploads\\\/2025\\\/05\\\/LOGO-PATAGONIA-AMBIENTAL.png\",\"width\":433,\"height\":250,\"caption\":\"Patagonia Ambiental\"},\"image\":{\"@id\":\"https:\\\/\\\/patagoniambiental.com.ar\\\/info\\\/#\\\/schema\\\/logo\\\/image\\\/\"},\"sameAs\":[\"https:\\\/\\\/www.facebook.com\\\/patagonia.ambiental\",\"https:\\\/\\\/x.com\\\/PatAmb\"]},{\"@type\":\"Person\",\"@id\":\"https:\\\/\\\/patagoniambiental.com.ar\\\/info\\\/#\\\/schema\\\/person\\\/e5af09d700b2e82cb10c6b8800e0c691\",\"name\":\"BRAIAN ESTEVEZ\",\"sameAs\":[\"http:\\\/\\\/www.patagoniambiental.com.ar\"]}]}<\/script>\n<!-- \/ Yoast SEO Premium plugin. -->","yoast_head_json":{"title":"Villa La Angostura: Stefani impulsa un barrio multicultural con familias mapuches","robots":{"index":"index","follow":"follow","max-snippet":"max-snippet:-1","max-image-preview":"max-image-preview:large","max-video-preview":"max-video-preview:-1"},"canonical":"https:\/\/patagoniambiental.com.ar\/info\/villa-la-angostura-stefani-impulsa-un-barrio-multicultural-con-familias-mapuches\/","og_locale":"es_ES","og_type":"article","og_title":"Villa La Angostura: Stefani impulsa un barrio multicultural con familias mapuches","og_url":"https:\/\/patagoniambiental.com.ar\/info\/villa-la-angostura-stefani-impulsa-un-barrio-multicultural-con-familias-mapuches\/","og_site_name":"Patagonia Ambiental","article_publisher":"https:\/\/www.facebook.com\/patagonia.ambiental","article_published_time":"2022-03-03T23:25:43+00:00","article_modified_time":"2022-03-03T23:25:45+00:00","og_image":[{"width":1200,"height":800,"url":"https:\/\/patagoniambiental.com.ar\/info\/wp-content\/uploads\/2022\/03\/VLA-Mapuche-Paichil-Antreao-003.jpg","type":"image\/jpeg"}],"author":"BRAIAN ESTEVEZ","twitter_card":"summary_large_image","twitter_creator":"@PatAmb","twitter_site":"@PatAmb","schema":{"@context":"https:\/\/schema.org","@graph":[{"@type":"Article","@id":"https:\/\/patagoniambiental.com.ar\/info\/villa-la-angostura-stefani-impulsa-un-barrio-multicultural-con-familias-mapuches\/#article","isPartOf":{"@id":"https:\/\/patagoniambiental.com.ar\/info\/villa-la-angostura-stefani-impulsa-un-barrio-multicultural-con-familias-mapuches\/"},"author":{"name":"BRAIAN ESTEVEZ","@id":"https:\/\/patagoniambiental.com.ar\/info\/#\/schema\/person\/e5af09d700b2e82cb10c6b8800e0c691"},"headline":"Villa La Angostura: Stefani impulsa un barrio multicultural con familias mapuches","datePublished":"2022-03-03T23:25:43+00:00","dateModified":"2022-03-03T23:25:45+00:00","mainEntityOfPage":{"@id":"https:\/\/patagoniambiental.com.ar\/info\/villa-la-angostura-stefani-impulsa-un-barrio-multicultural-con-familias-mapuches\/"},"wordCount":729,"commentCount":0,"publisher":{"@id":"https:\/\/patagoniambiental.com.ar\/info\/#organization"},"image":{"@id":"https:\/\/patagoniambiental.com.ar\/info\/villa-la-angostura-stefani-impulsa-un-barrio-multicultural-con-familias-mapuches\/#primaryimage"},"thumbnailUrl":"https:\/\/patagoniambiental.com.ar\/info\/wp-content\/uploads\/2022\/03\/VLA-Mapuche-Paichil-Antreao-003.jpg","articleSection":["Neuqu\u00e9n","Noticias","Provinciales"],"inLanguage":"es","potentialAction":[{"@type":"CommentAction","name":"Comment","target":["https:\/\/patagoniambiental.com.ar\/info\/villa-la-angostura-stefani-impulsa-un-barrio-multicultural-con-familias-mapuches\/#respond"]}]},{"@type":"WebPage","@id":"https:\/\/patagoniambiental.com.ar\/info\/villa-la-angostura-stefani-impulsa-un-barrio-multicultural-con-familias-mapuches\/","url":"https:\/\/patagoniambiental.com.ar\/info\/villa-la-angostura-stefani-impulsa-un-barrio-multicultural-con-familias-mapuches\/","name":"Villa La Angostura: Stefani impulsa un barrio multicultural con familias mapuches","isPartOf":{"@id":"https:\/\/patagoniambiental.com.ar\/info\/#website"},"primaryImageOfPage":{"@id":"https:\/\/patagoniambiental.com.ar\/info\/villa-la-angostura-stefani-impulsa-un-barrio-multicultural-con-familias-mapuches\/#primaryimage"},"image":{"@id":"https:\/\/patagoniambiental.com.ar\/info\/villa-la-angostura-stefani-impulsa-un-barrio-multicultural-con-familias-mapuches\/#primaryimage"},"thumbnailUrl":"https:\/\/patagoniambiental.com.ar\/info\/wp-content\/uploads\/2022\/03\/VLA-Mapuche-Paichil-Antreao-003.jpg","datePublished":"2022-03-03T23:25:43+00:00","dateModified":"2022-03-03T23:25:45+00:00","breadcrumb":{"@id":"https:\/\/patagoniambiental.com.ar\/info\/villa-la-angostura-stefani-impulsa-un-barrio-multicultural-con-familias-mapuches\/#breadcrumb"},"inLanguage":"es","potentialAction":[{"@type":"ReadAction","target":["https:\/\/patagoniambiental.com.ar\/info\/villa-la-angostura-stefani-impulsa-un-barrio-multicultural-con-familias-mapuches\/"]}]},{"@type":"ImageObject","inLanguage":"es","@id":"https:\/\/patagoniambiental.com.ar\/info\/villa-la-angostura-stefani-impulsa-un-barrio-multicultural-con-familias-mapuches\/#primaryimage","url":"https:\/\/patagoniambiental.com.ar\/info\/wp-content\/uploads\/2022\/03\/VLA-Mapuche-Paichil-Antreao-003.jpg","contentUrl":"https:\/\/patagoniambiental.com.ar\/info\/wp-content\/uploads\/2022\/03\/VLA-Mapuche-Paichil-Antreao-003.jpg","width":900,"height":600},{"@type":"BreadcrumbList","@id":"https:\/\/patagoniambiental.com.ar\/info\/villa-la-angostura-stefani-impulsa-un-barrio-multicultural-con-familias-mapuches\/#breadcrumb","itemListElement":[{"@type":"ListItem","position":1,"name":"Inicio","item":"https:\/\/patagoniambiental.com.ar\/info\/"},{"@type":"ListItem","position":2,"name":"Villa La Angostura: Stefani impulsa un barrio multicultural con familias mapuches"}]},{"@type":"WebSite","@id":"https:\/\/patagoniambiental.com.ar\/info\/#website","url":"https:\/\/patagoniambiental.com.ar\/info\/","name":"Patagonia Ambiental","description":"Monitoreo y an\u00e1lisis de la situaci\u00f3n geopol\u00edtica en el mundo y su implicancia en la Patagonia","publisher":{"@id":"https:\/\/patagoniambiental.com.ar\/info\/#organization"},"potentialAction":[{"@type":"SearchAction","target":{"@type":"EntryPoint","urlTemplate":"https:\/\/patagoniambiental.com.ar\/info\/?s={search_term_string}"},"query-input":{"@type":"PropertyValueSpecification","valueRequired":true,"valueName":"search_term_string"}}],"inLanguage":"es"},{"@type":"Organization","@id":"https:\/\/patagoniambiental.com.ar\/info\/#organization","name":"Patagonia Ambiental","url":"https:\/\/patagoniambiental.com.ar\/info\/","logo":{"@type":"ImageObject","inLanguage":"es","@id":"https:\/\/patagoniambiental.com.ar\/info\/#\/schema\/logo\/image\/","url":"https:\/\/patagoniambiental.com.ar\/info\/wp-content\/uploads\/2025\/05\/LOGO-PATAGONIA-AMBIENTAL.png","contentUrl":"https:\/\/patagoniambiental.com.ar\/info\/wp-content\/uploads\/2025\/05\/LOGO-PATAGONIA-AMBIENTAL.png","width":433,"height":250,"caption":"Patagonia Ambiental"},"image":{"@id":"https:\/\/patagoniambiental.com.ar\/info\/#\/schema\/logo\/image\/"},"sameAs":["https:\/\/www.facebook.com\/patagonia.ambiental","https:\/\/x.com\/PatAmb"]},{"@type":"Person","@id":"https:\/\/patagoniambiental.com.ar\/info\/#\/schema\/person\/e5af09d700b2e82cb10c6b8800e0c691","name":"BRAIAN ESTEVEZ","sameAs":["http:\/\/www.patagoniambiental.com.ar"]}]}},"_links":{"self":[{"href":"https:\/\/patagoniambiental.com.ar\/info\/wp-json\/wp\/v2\/posts\/75338","targetHints":{"allow":["GET"]}}],"collection":[{"href":"https:\/\/patagoniambiental.com.ar\/info\/wp-json\/wp\/v2\/posts"}],"about":[{"href":"https:\/\/patagoniambiental.com.ar\/info\/wp-json\/wp\/v2\/types\/post"}],"author":[{"embeddable":true,"href":"https:\/\/patagoniambiental.com.ar\/info\/wp-json\/wp\/v2\/users\/6"}],"replies":[{"embeddable":true,"href":"https:\/\/patagoniambiental.com.ar\/info\/wp-json\/wp\/v2\/comments?post=75338"}],"version-history":[{"count":0,"href":"https:\/\/patagoniambiental.com.ar\/info\/wp-json\/wp\/v2\/posts\/75338\/revisions"}],"wp:featuredmedia":[{"embeddable":true,"href":"https:\/\/patagoniambiental.com.ar\/info\/wp-json\/wp\/v2\/media\/75339"}],"wp:attachment":[{"href":"https:\/\/patagoniambiental.com.ar\/info\/wp-json\/wp\/v2\/media?parent=75338"}],"wp:term":[{"taxonomy":"category","embeddable":true,"href":"https:\/\/patagoniambiental.com.ar\/info\/wp-json\/wp\/v2\/categories?post=75338"},{"taxonomy":"post_tag","embeddable":true,"href":"https:\/\/patagoniambiental.com.ar\/info\/wp-json\/wp\/v2\/tags?post=75338"}],"curies":[{"name":"wp","href":"https:\/\/api.w.org\/{rel}","templated":true}]}}