{"id":75344,"date":"2022-03-05T07:00:00","date_gmt":"2022-03-05T10:00:00","guid":{"rendered":"http:\/\/patagoniambiental.com.ar\/info\/?p=75344"},"modified":"2022-03-04T21:15:00","modified_gmt":"2022-03-05T00:15:00","slug":"acuerdos-para-el-desarrollo-y-manejo-sustentable-de-los-recursos-naturales-en-la-provincia-de-tierra-del-fuego","status":"publish","type":"post","link":"https:\/\/patagoniambiental.com.ar\/info\/acuerdos-para-el-desarrollo-y-manejo-sustentable-de-los-recursos-naturales-en-la-provincia-de-tierra-del-fuego\/","title":{"rendered":"Acuerdos para el desarrollo y manejo sustentable de los recursos naturales en la Provincia de Tierra del Fuego"},"content":{"rendered":"\n<!--more-->\n\n\n\n<p>El CONICET concreta convenios con el Consejo Federal de Inversiones (CFI) en procura de resolver demandas t\u00e9cnico-cient\u00edficas en la provincia austral.<\/p>\n\n\n\n<hr class=\"wp-block-separator\"\/>\n\n\n\n<p>Fotos CADIC, Rosina Soler y Juan Ponce en la ejecuci\u00f3n de sus proyectosFotos: Gentileza del CADIC. Rosina Soler y Juan Ponce en la ejecuci\u00f3n de sus proyectos.<\/p>\n\n\n\n<figure class=\"wp-block-image size-large\"><img fetchpriority=\"high\" decoding=\"async\" width=\"995\" height=\"560\" src=\"https:\/\/patagoniambiental.com.ar\/info\/wp-content\/uploads\/2022\/03\/CADIC.CONICET.jpg\" alt=\"\" class=\"wp-image-75345\" srcset=\"https:\/\/patagoniambiental.com.ar\/info\/wp-content\/uploads\/2022\/03\/CADIC.CONICET.jpg 995w, https:\/\/patagoniambiental.com.ar\/info\/wp-content\/uploads\/2022\/03\/CADIC.CONICET-768x432.jpg 768w\" sizes=\"(max-width: 995px) 100vw, 995px\" \/><\/figure>\n\n\n\n<p>Se celebraron dos convenios entre el Consejo Nacional de Investigaciones Cient\u00edficas y T\u00e9cnicas (CONICET) y el Consejo Federal de Inversiones (CFI) para que se ejecuten desde el&nbsp;<a href=\"https:\/\/cadic.conicet.gov.ar\/\" target=\"_blank\" rel=\"noreferrer noopener\">Centro Austral de Investigaciones Cient\u00edficas (CADIC CONICET)<\/a>, dependencia en la cual investigadoras e investigadores del CONICET desarrollan las tareas planificadas. Dicha iniciativa surge por requerimiento del Ministerio de Producci\u00f3n y Ambiente de Tierra del Fuego, en procura de informaci\u00f3n t\u00e9cnico-cient\u00edfica que permita ampliar el conocimiento local sobre los productos forestales no madereros existentes en las reservas forestales de producci\u00f3n y los dep\u00f3sitos de turba de las concesiones de turberas activas y caducas en la Provincia.<\/p>\n\n\n\n<p>Bajo la denominaci\u00f3n \u201cProductos Forestales no madereros (PFNM) en las Reservas Forestales de producci\u00f3n de Tierra del Fuego: fichas t\u00e9cnicas y protocolos espec\u00edficos de recolecci\u00f3n sustentable para \u00d1ire y Calafate\u201d, se propone ampliar y poner en valor los saberes de los PFNM m\u00e1s relevantes, su distribuci\u00f3n, usos y caracter\u00edsticas ambientales, como as\u00ed tambi\u00e9n realizar recomendaciones generales sobre la recolecci\u00f3n sustentable. Seg\u00fan la investigadora del CONICET, Rosina Soler, responsable del proyecto, es importante destacar que la valorizaci\u00f3n respecto al uso ancestral de muchos de estos productos, la cercan\u00eda al bosque, el desarrollo tur\u00edstico acompa\u00f1ado con la diversificaci\u00f3n de la oferta gastron\u00f3mica y el cambio en los h\u00e1bitos de consumo, presentan un marco propicio para la difusi\u00f3n y amplificaci\u00f3n de aprovechamiento sustentable de este tipo de productos.<\/p>\n\n\n\n<p>\u201c<strong>Los protocolos son importantes para la recolecci\u00f3n sustentable porque permiten sistematizar el uso o recolecci\u00f3n de los productos en relaci\u00f3n con las cantidades, la estaci\u00f3n del a\u00f1o, las formas de recolecci\u00f3n, las proporciones para que el recurso siga estando disponible en las siguientes estaciones de crecimiento<\/strong>&nbsp;e incluso para los productores que hacen uso de las especies que proveen los productos forestales no madereros\u201d afirm\u00f3 Soler.<\/p>\n\n\n\n<p>Asimismo, la investigadora da cuenta que la relevancia para la Provincia viene de la mano de empezar a trabajar con recolectores de productos forestales, que no necesariamente provienen de la madera, sino de otras especies del bosque nativo de Tierra del Fuego, con la intenci\u00f3n de ofrecer herramientas sistematizadas y verificadas t\u00e9cnicamente con base cient\u00edfica, \u201cpara que esa recolecci\u00f3n no genere un alto impacto en el ambiente, no agote los recursos y que al mismo tiempo promocione la producci\u00f3n de productos forestales alternativos\u201d.<\/p>\n\n\n\n<p>En tanto que el \u201cPlan de cuantificaci\u00f3n y caracterizaci\u00f3n de concesiones de turba con potencial productivo en la Provincia de Tierra del Fuego, Ant\u00e1rtida e Islas del Atl\u00e1ntico Sur\u201d, dirigido por el investigador del CONICET, Juan Federico Ponce, propone dimensionar y describir los dep\u00f3sitos de turberas concedidas, activas y caducas, de la porci\u00f3n central del sector argentino de la Isla Grande de Tierra del Fuego. Las citadas concesiones est\u00e1n comprendidas dentro de los \u00fanicos sitios con turberas, que pueden ser afectados para la producci\u00f3n de turba en el marco de normativa vigente.&nbsp;<strong>Los estudios consistir\u00e1n en la determinaci\u00f3n de la extensi\u00f3n superficial y del volumen de turba para cada concesi\u00f3n, discriminando espesor y volumen de cada variedad de turba, respectivamente, turba rubia y turba negra. Complementariamente se pretende transferir esta informaci\u00f3n al sector productivo en un marco de desarrollo sustentable e implementaci\u00f3n de buenas pr\u00e1cticas.<\/strong><\/p>\n\n\n\n<p>En palabras Ponce, \u201c<strong>el principal objetivo de este proyecto es proveer informaci\u00f3n precisa a la Provincia para contribuir a la regulaci\u00f3n y el manejo sustentable de las turberas<\/strong>. El plan de trabajo brindar\u00e1 la primera informaci\u00f3n ajustada y completa sobre vol\u00famenes y tipos de turba presentes en las \u00e1reas cuya zonificaci\u00f3n, prevista en las normativas provinciales, habilita su uso productivo.\u201d<\/p>\n\n\n\n<p>La ministra de Producci\u00f3n y Ambiente de Tierra del Fuego, Sonia Castiglione, se refiri\u00f3 a \u201cla importancia de construir esta informaci\u00f3n de la mano de investigadores locales y de una instituci\u00f3n con larga trayectoria como el CADIC-CONICET. Claramente esperamos que<strong>\u00a0la caracterizaci\u00f3n y cuantificaci\u00f3n de estos recursos locales aporten informaci\u00f3n para la generaci\u00f3n de pol\u00edticas que contribuyan no s\u00f3lo a fortalecer las posibilidades de desarrollo de la Provincia, sino a mejorar la administraci\u00f3n y el aprovechamiento sustentable de estos recursos<\/strong>\u201d.<\/p>\n\n\n\n<p>Fuente: https:\/\/www.conicet.gov.ar\/acuerdos-para-el-desarrollo-y-manejo-sustentable-de-los-recursos-naturales-en-la-provincia-de-tierra-del-fuego\/<\/p>\n","protected":false},"excerpt":{"rendered":"","protected":false},"author":6,"featured_media":75346,"comment_status":"open","ping_status":"open","sticky":false,"template":"","format":"standard","meta":{"site-sidebar-layout":"default","site-content-layout":"","ast-site-content-layout":"default","site-content-style":"default","site-sidebar-style":"default","ast-global-header-display":"","ast-banner-title-visibility":"","ast-main-header-display":"","ast-hfb-above-header-display":"","ast-hfb-below-header-display":"","ast-hfb-mobile-header-display":"","site-post-title":"","ast-breadcrumbs-content":"","ast-featured-img":"","footer-sml-layout":"","ast-disable-related-posts":"","theme-transparent-header-meta":"","adv-header-id-meta":"","stick-header-meta":"","header-above-stick-meta":"","header-main-stick-meta":"","header-below-stick-meta":"","astra-migrate-meta-layouts":"default","ast-page-background-enabled":"default","ast-page-background-meta":{"desktop":{"background-color":"var(--ast-global-color-5)","background-image":"","background-repeat":"repeat","background-position":"center center","background-size":"auto","background-attachment":"scroll","background-type":"","background-media":"","overlay-type":"","overlay-color":"","overlay-opacity":"","overlay-gradient":""},"tablet":{"background-color":"","background-image":"","background-repeat":"repeat","background-position":"center center","background-size":"auto","background-attachment":"scroll","background-type":"","background-media":"","overlay-type":"","overlay-color":"","overlay-opacity":"","overlay-gradient":""},"mobile":{"background-color":"","background-image":"","background-repeat":"repeat","background-position":"center center","background-size":"auto","background-attachment":"scroll","background-type":"","background-media":"","overlay-type":"","overlay-color":"","overlay-opacity":"","overlay-gradient":""}},"ast-content-background-meta":{"desktop":{"background-color":"var(--ast-global-color-4)","background-image":"","background-repeat":"repeat","background-position":"center center","background-size":"auto","background-attachment":"scroll","background-type":"","background-media":"","overlay-type":"","overlay-color":"","overlay-opacity":"","overlay-gradient":""},"tablet":{"background-color":"var(--ast-global-color-4)","background-image":"","background-repeat":"repeat","background-position":"center center","background-size":"auto","background-attachment":"scroll","background-type":"","background-media":"","overlay-type":"","overlay-color":"","overlay-opacity":"","overlay-gradient":""},"mobile":{"background-color":"var(--ast-global-color-4)","background-image":"","background-repeat":"repeat","background-position":"center center","background-size":"auto","background-attachment":"scroll","background-type":"","background-media":"","overlay-type":"","overlay-color":"","overlay-opacity":"","overlay-gradient":""}},"footnotes":""},"categories":[11,1,13,10,25],"tags":[],"class_list":["post-75344","post","type-post","status-publish","format-standard","has-post-thumbnail","hentry","category-boletin","category-noticias","category-provinciales","category-rotador","category-tierra-del-fuego"],"yoast_head":"<!-- This site is optimized with the Yoast SEO Premium plugin v23.0 (Yoast SEO v27.4) - https:\/\/yoast.com\/product\/yoast-seo-premium-wordpress\/ -->\n<title>Acuerdos para el desarrollo y manejo sustentable de los recursos naturales en la Provincia de Tierra del Fuego<\/title>\n<meta name=\"robots\" content=\"index, follow, max-snippet:-1, max-image-preview:large, max-video-preview:-1\" \/>\n<link rel=\"canonical\" href=\"https:\/\/patagoniambiental.com.ar\/info\/acuerdos-para-el-desarrollo-y-manejo-sustentable-de-los-recursos-naturales-en-la-provincia-de-tierra-del-fuego\/\" \/>\n<meta property=\"og:locale\" content=\"es_ES\" \/>\n<meta property=\"og:type\" content=\"article\" \/>\n<meta property=\"og:title\" content=\"Acuerdos para el desarrollo y manejo sustentable de los recursos naturales en la Provincia de Tierra del Fuego\" \/>\n<meta property=\"og:url\" content=\"https:\/\/patagoniambiental.com.ar\/info\/acuerdos-para-el-desarrollo-y-manejo-sustentable-de-los-recursos-naturales-en-la-provincia-de-tierra-del-fuego\/\" \/>\n<meta property=\"og:site_name\" content=\"Patagonia Ambiental\" \/>\n<meta property=\"article:publisher\" content=\"https:\/\/www.facebook.com\/patagonia.ambiental\" \/>\n<meta property=\"article:published_time\" content=\"2022-03-05T10:00:00+00:00\" \/>\n<meta property=\"og:image\" content=\"https:\/\/patagoniambiental.com.ar\/info\/wp-content\/uploads\/2022\/03\/CADIC.CONICET-1.jpg\" \/>\n\t<meta property=\"og:image:width\" content=\"995\" \/>\n\t<meta property=\"og:image:height\" content=\"560\" \/>\n\t<meta property=\"og:image:type\" content=\"image\/jpeg\" \/>\n<meta name=\"author\" content=\"BRAIAN ESTEVEZ\" \/>\n<meta name=\"twitter:card\" content=\"summary_large_image\" \/>\n<meta name=\"twitter:creator\" content=\"@PatAmb\" \/>\n<meta name=\"twitter:site\" content=\"@PatAmb\" \/>\n<script type=\"application\/ld+json\" class=\"yoast-schema-graph\">{\"@context\":\"https:\\\/\\\/schema.org\",\"@graph\":[{\"@type\":\"Article\",\"@id\":\"https:\\\/\\\/patagoniambiental.com.ar\\\/info\\\/acuerdos-para-el-desarrollo-y-manejo-sustentable-de-los-recursos-naturales-en-la-provincia-de-tierra-del-fuego\\\/#article\",\"isPartOf\":{\"@id\":\"https:\\\/\\\/patagoniambiental.com.ar\\\/info\\\/acuerdos-para-el-desarrollo-y-manejo-sustentable-de-los-recursos-naturales-en-la-provincia-de-tierra-del-fuego\\\/\"},\"author\":{\"name\":\"BRAIAN ESTEVEZ\",\"@id\":\"https:\\\/\\\/patagoniambiental.com.ar\\\/info\\\/#\\\/schema\\\/person\\\/e5af09d700b2e82cb10c6b8800e0c691\"},\"headline\":\"Acuerdos para el desarrollo y manejo sustentable de los recursos naturales en la Provincia de Tierra del Fuego\",\"datePublished\":\"2022-03-05T10:00:00+00:00\",\"mainEntityOfPage\":{\"@id\":\"https:\\\/\\\/patagoniambiental.com.ar\\\/info\\\/acuerdos-para-el-desarrollo-y-manejo-sustentable-de-los-recursos-naturales-en-la-provincia-de-tierra-del-fuego\\\/\"},\"wordCount\":811,\"commentCount\":0,\"publisher\":{\"@id\":\"https:\\\/\\\/patagoniambiental.com.ar\\\/info\\\/#organization\"},\"image\":{\"@id\":\"https:\\\/\\\/patagoniambiental.com.ar\\\/info\\\/acuerdos-para-el-desarrollo-y-manejo-sustentable-de-los-recursos-naturales-en-la-provincia-de-tierra-del-fuego\\\/#primaryimage\"},\"thumbnailUrl\":\"https:\\\/\\\/patagoniambiental.com.ar\\\/info\\\/wp-content\\\/uploads\\\/2022\\\/03\\\/CADIC.CONICET-1.jpg\",\"articleSection\":[\"Bolet\u00edn\",\"Noticias\",\"Provinciales\",\"Rotador\",\"Tierra del Fuego\"],\"inLanguage\":\"es\",\"potentialAction\":[{\"@type\":\"CommentAction\",\"name\":\"Comment\",\"target\":[\"https:\\\/\\\/patagoniambiental.com.ar\\\/info\\\/acuerdos-para-el-desarrollo-y-manejo-sustentable-de-los-recursos-naturales-en-la-provincia-de-tierra-del-fuego\\\/#respond\"]}]},{\"@type\":\"WebPage\",\"@id\":\"https:\\\/\\\/patagoniambiental.com.ar\\\/info\\\/acuerdos-para-el-desarrollo-y-manejo-sustentable-de-los-recursos-naturales-en-la-provincia-de-tierra-del-fuego\\\/\",\"url\":\"https:\\\/\\\/patagoniambiental.com.ar\\\/info\\\/acuerdos-para-el-desarrollo-y-manejo-sustentable-de-los-recursos-naturales-en-la-provincia-de-tierra-del-fuego\\\/\",\"name\":\"Acuerdos para el desarrollo y manejo sustentable de los recursos naturales en la Provincia de Tierra del Fuego\",\"isPartOf\":{\"@id\":\"https:\\\/\\\/patagoniambiental.com.ar\\\/info\\\/#website\"},\"primaryImageOfPage\":{\"@id\":\"https:\\\/\\\/patagoniambiental.com.ar\\\/info\\\/acuerdos-para-el-desarrollo-y-manejo-sustentable-de-los-recursos-naturales-en-la-provincia-de-tierra-del-fuego\\\/#primaryimage\"},\"image\":{\"@id\":\"https:\\\/\\\/patagoniambiental.com.ar\\\/info\\\/acuerdos-para-el-desarrollo-y-manejo-sustentable-de-los-recursos-naturales-en-la-provincia-de-tierra-del-fuego\\\/#primaryimage\"},\"thumbnailUrl\":\"https:\\\/\\\/patagoniambiental.com.ar\\\/info\\\/wp-content\\\/uploads\\\/2022\\\/03\\\/CADIC.CONICET-1.jpg\",\"datePublished\":\"2022-03-05T10:00:00+00:00\",\"breadcrumb\":{\"@id\":\"https:\\\/\\\/patagoniambiental.com.ar\\\/info\\\/acuerdos-para-el-desarrollo-y-manejo-sustentable-de-los-recursos-naturales-en-la-provincia-de-tierra-del-fuego\\\/#breadcrumb\"},\"inLanguage\":\"es\",\"potentialAction\":[{\"@type\":\"ReadAction\",\"target\":[\"https:\\\/\\\/patagoniambiental.com.ar\\\/info\\\/acuerdos-para-el-desarrollo-y-manejo-sustentable-de-los-recursos-naturales-en-la-provincia-de-tierra-del-fuego\\\/\"]}]},{\"@type\":\"ImageObject\",\"inLanguage\":\"es\",\"@id\":\"https:\\\/\\\/patagoniambiental.com.ar\\\/info\\\/acuerdos-para-el-desarrollo-y-manejo-sustentable-de-los-recursos-naturales-en-la-provincia-de-tierra-del-fuego\\\/#primaryimage\",\"url\":\"https:\\\/\\\/patagoniambiental.com.ar\\\/info\\\/wp-content\\\/uploads\\\/2022\\\/03\\\/CADIC.CONICET-1.jpg\",\"contentUrl\":\"https:\\\/\\\/patagoniambiental.com.ar\\\/info\\\/wp-content\\\/uploads\\\/2022\\\/03\\\/CADIC.CONICET-1.jpg\",\"width\":995,\"height\":560},{\"@type\":\"BreadcrumbList\",\"@id\":\"https:\\\/\\\/patagoniambiental.com.ar\\\/info\\\/acuerdos-para-el-desarrollo-y-manejo-sustentable-de-los-recursos-naturales-en-la-provincia-de-tierra-del-fuego\\\/#breadcrumb\",\"itemListElement\":[{\"@type\":\"ListItem\",\"position\":1,\"name\":\"Inicio\",\"item\":\"https:\\\/\\\/patagoniambiental.com.ar\\\/info\\\/\"},{\"@type\":\"ListItem\",\"position\":2,\"name\":\"Acuerdos para el desarrollo y manejo sustentable de los recursos naturales en la Provincia de Tierra del Fuego\"}]},{\"@type\":\"WebSite\",\"@id\":\"https:\\\/\\\/patagoniambiental.com.ar\\\/info\\\/#website\",\"url\":\"https:\\\/\\\/patagoniambiental.com.ar\\\/info\\\/\",\"name\":\"Patagonia Ambiental\",\"description\":\"Monitoreo y an\u00e1lisis de la situaci\u00f3n geopol\u00edtica en el mundo y su implicancia en la Patagonia\",\"publisher\":{\"@id\":\"https:\\\/\\\/patagoniambiental.com.ar\\\/info\\\/#organization\"},\"potentialAction\":[{\"@type\":\"SearchAction\",\"target\":{\"@type\":\"EntryPoint\",\"urlTemplate\":\"https:\\\/\\\/patagoniambiental.com.ar\\\/info\\\/?s={search_term_string}\"},\"query-input\":{\"@type\":\"PropertyValueSpecification\",\"valueRequired\":true,\"valueName\":\"search_term_string\"}}],\"inLanguage\":\"es\"},{\"@type\":\"Organization\",\"@id\":\"https:\\\/\\\/patagoniambiental.com.ar\\\/info\\\/#organization\",\"name\":\"Patagonia Ambiental\",\"url\":\"https:\\\/\\\/patagoniambiental.com.ar\\\/info\\\/\",\"logo\":{\"@type\":\"ImageObject\",\"inLanguage\":\"es\",\"@id\":\"https:\\\/\\\/patagoniambiental.com.ar\\\/info\\\/#\\\/schema\\\/logo\\\/image\\\/\",\"url\":\"https:\\\/\\\/patagoniambiental.com.ar\\\/info\\\/wp-content\\\/uploads\\\/2025\\\/05\\\/LOGO-PATAGONIA-AMBIENTAL.png\",\"contentUrl\":\"https:\\\/\\\/patagoniambiental.com.ar\\\/info\\\/wp-content\\\/uploads\\\/2025\\\/05\\\/LOGO-PATAGONIA-AMBIENTAL.png\",\"width\":433,\"height\":250,\"caption\":\"Patagonia Ambiental\"},\"image\":{\"@id\":\"https:\\\/\\\/patagoniambiental.com.ar\\\/info\\\/#\\\/schema\\\/logo\\\/image\\\/\"},\"sameAs\":[\"https:\\\/\\\/www.facebook.com\\\/patagonia.ambiental\",\"https:\\\/\\\/x.com\\\/PatAmb\"]},{\"@type\":\"Person\",\"@id\":\"https:\\\/\\\/patagoniambiental.com.ar\\\/info\\\/#\\\/schema\\\/person\\\/e5af09d700b2e82cb10c6b8800e0c691\",\"name\":\"BRAIAN ESTEVEZ\",\"sameAs\":[\"http:\\\/\\\/www.patagoniambiental.com.ar\"]}]}<\/script>\n<!-- \/ Yoast SEO Premium plugin. -->","yoast_head_json":{"title":"Acuerdos para el desarrollo y manejo sustentable de los recursos naturales en la Provincia de Tierra del Fuego","robots":{"index":"index","follow":"follow","max-snippet":"max-snippet:-1","max-image-preview":"max-image-preview:large","max-video-preview":"max-video-preview:-1"},"canonical":"https:\/\/patagoniambiental.com.ar\/info\/acuerdos-para-el-desarrollo-y-manejo-sustentable-de-los-recursos-naturales-en-la-provincia-de-tierra-del-fuego\/","og_locale":"es_ES","og_type":"article","og_title":"Acuerdos para el desarrollo y manejo sustentable de los recursos naturales en la Provincia de Tierra del Fuego","og_url":"https:\/\/patagoniambiental.com.ar\/info\/acuerdos-para-el-desarrollo-y-manejo-sustentable-de-los-recursos-naturales-en-la-provincia-de-tierra-del-fuego\/","og_site_name":"Patagonia Ambiental","article_publisher":"https:\/\/www.facebook.com\/patagonia.ambiental","article_published_time":"2022-03-05T10:00:00+00:00","og_image":[{"width":995,"height":560,"url":"https:\/\/patagoniambiental.com.ar\/info\/wp-content\/uploads\/2022\/03\/CADIC.CONICET-1.jpg","type":"image\/jpeg"}],"author":"BRAIAN ESTEVEZ","twitter_card":"summary_large_image","twitter_creator":"@PatAmb","twitter_site":"@PatAmb","schema":{"@context":"https:\/\/schema.org","@graph":[{"@type":"Article","@id":"https:\/\/patagoniambiental.com.ar\/info\/acuerdos-para-el-desarrollo-y-manejo-sustentable-de-los-recursos-naturales-en-la-provincia-de-tierra-del-fuego\/#article","isPartOf":{"@id":"https:\/\/patagoniambiental.com.ar\/info\/acuerdos-para-el-desarrollo-y-manejo-sustentable-de-los-recursos-naturales-en-la-provincia-de-tierra-del-fuego\/"},"author":{"name":"BRAIAN ESTEVEZ","@id":"https:\/\/patagoniambiental.com.ar\/info\/#\/schema\/person\/e5af09d700b2e82cb10c6b8800e0c691"},"headline":"Acuerdos para el desarrollo y manejo sustentable de los recursos naturales en la Provincia de Tierra del Fuego","datePublished":"2022-03-05T10:00:00+00:00","mainEntityOfPage":{"@id":"https:\/\/patagoniambiental.com.ar\/info\/acuerdos-para-el-desarrollo-y-manejo-sustentable-de-los-recursos-naturales-en-la-provincia-de-tierra-del-fuego\/"},"wordCount":811,"commentCount":0,"publisher":{"@id":"https:\/\/patagoniambiental.com.ar\/info\/#organization"},"image":{"@id":"https:\/\/patagoniambiental.com.ar\/info\/acuerdos-para-el-desarrollo-y-manejo-sustentable-de-los-recursos-naturales-en-la-provincia-de-tierra-del-fuego\/#primaryimage"},"thumbnailUrl":"https:\/\/patagoniambiental.com.ar\/info\/wp-content\/uploads\/2022\/03\/CADIC.CONICET-1.jpg","articleSection":["Bolet\u00edn","Noticias","Provinciales","Rotador","Tierra del Fuego"],"inLanguage":"es","potentialAction":[{"@type":"CommentAction","name":"Comment","target":["https:\/\/patagoniambiental.com.ar\/info\/acuerdos-para-el-desarrollo-y-manejo-sustentable-de-los-recursos-naturales-en-la-provincia-de-tierra-del-fuego\/#respond"]}]},{"@type":"WebPage","@id":"https:\/\/patagoniambiental.com.ar\/info\/acuerdos-para-el-desarrollo-y-manejo-sustentable-de-los-recursos-naturales-en-la-provincia-de-tierra-del-fuego\/","url":"https:\/\/patagoniambiental.com.ar\/info\/acuerdos-para-el-desarrollo-y-manejo-sustentable-de-los-recursos-naturales-en-la-provincia-de-tierra-del-fuego\/","name":"Acuerdos para el desarrollo y manejo sustentable de los recursos naturales en la Provincia de Tierra del Fuego","isPartOf":{"@id":"https:\/\/patagoniambiental.com.ar\/info\/#website"},"primaryImageOfPage":{"@id":"https:\/\/patagoniambiental.com.ar\/info\/acuerdos-para-el-desarrollo-y-manejo-sustentable-de-los-recursos-naturales-en-la-provincia-de-tierra-del-fuego\/#primaryimage"},"image":{"@id":"https:\/\/patagoniambiental.com.ar\/info\/acuerdos-para-el-desarrollo-y-manejo-sustentable-de-los-recursos-naturales-en-la-provincia-de-tierra-del-fuego\/#primaryimage"},"thumbnailUrl":"https:\/\/patagoniambiental.com.ar\/info\/wp-content\/uploads\/2022\/03\/CADIC.CONICET-1.jpg","datePublished":"2022-03-05T10:00:00+00:00","breadcrumb":{"@id":"https:\/\/patagoniambiental.com.ar\/info\/acuerdos-para-el-desarrollo-y-manejo-sustentable-de-los-recursos-naturales-en-la-provincia-de-tierra-del-fuego\/#breadcrumb"},"inLanguage":"es","potentialAction":[{"@type":"ReadAction","target":["https:\/\/patagoniambiental.com.ar\/info\/acuerdos-para-el-desarrollo-y-manejo-sustentable-de-los-recursos-naturales-en-la-provincia-de-tierra-del-fuego\/"]}]},{"@type":"ImageObject","inLanguage":"es","@id":"https:\/\/patagoniambiental.com.ar\/info\/acuerdos-para-el-desarrollo-y-manejo-sustentable-de-los-recursos-naturales-en-la-provincia-de-tierra-del-fuego\/#primaryimage","url":"https:\/\/patagoniambiental.com.ar\/info\/wp-content\/uploads\/2022\/03\/CADIC.CONICET-1.jpg","contentUrl":"https:\/\/patagoniambiental.com.ar\/info\/wp-content\/uploads\/2022\/03\/CADIC.CONICET-1.jpg","width":995,"height":560},{"@type":"BreadcrumbList","@id":"https:\/\/patagoniambiental.com.ar\/info\/acuerdos-para-el-desarrollo-y-manejo-sustentable-de-los-recursos-naturales-en-la-provincia-de-tierra-del-fuego\/#breadcrumb","itemListElement":[{"@type":"ListItem","position":1,"name":"Inicio","item":"https:\/\/patagoniambiental.com.ar\/info\/"},{"@type":"ListItem","position":2,"name":"Acuerdos para el desarrollo y manejo sustentable de los recursos naturales en la Provincia de Tierra del Fuego"}]},{"@type":"WebSite","@id":"https:\/\/patagoniambiental.com.ar\/info\/#website","url":"https:\/\/patagoniambiental.com.ar\/info\/","name":"Patagonia Ambiental","description":"Monitoreo y an\u00e1lisis de la situaci\u00f3n geopol\u00edtica en el mundo y su implicancia en la Patagonia","publisher":{"@id":"https:\/\/patagoniambiental.com.ar\/info\/#organization"},"potentialAction":[{"@type":"SearchAction","target":{"@type":"EntryPoint","urlTemplate":"https:\/\/patagoniambiental.com.ar\/info\/?s={search_term_string}"},"query-input":{"@type":"PropertyValueSpecification","valueRequired":true,"valueName":"search_term_string"}}],"inLanguage":"es"},{"@type":"Organization","@id":"https:\/\/patagoniambiental.com.ar\/info\/#organization","name":"Patagonia Ambiental","url":"https:\/\/patagoniambiental.com.ar\/info\/","logo":{"@type":"ImageObject","inLanguage":"es","@id":"https:\/\/patagoniambiental.com.ar\/info\/#\/schema\/logo\/image\/","url":"https:\/\/patagoniambiental.com.ar\/info\/wp-content\/uploads\/2025\/05\/LOGO-PATAGONIA-AMBIENTAL.png","contentUrl":"https:\/\/patagoniambiental.com.ar\/info\/wp-content\/uploads\/2025\/05\/LOGO-PATAGONIA-AMBIENTAL.png","width":433,"height":250,"caption":"Patagonia Ambiental"},"image":{"@id":"https:\/\/patagoniambiental.com.ar\/info\/#\/schema\/logo\/image\/"},"sameAs":["https:\/\/www.facebook.com\/patagonia.ambiental","https:\/\/x.com\/PatAmb"]},{"@type":"Person","@id":"https:\/\/patagoniambiental.com.ar\/info\/#\/schema\/person\/e5af09d700b2e82cb10c6b8800e0c691","name":"BRAIAN ESTEVEZ","sameAs":["http:\/\/www.patagoniambiental.com.ar"]}]}},"_links":{"self":[{"href":"https:\/\/patagoniambiental.com.ar\/info\/wp-json\/wp\/v2\/posts\/75344","targetHints":{"allow":["GET"]}}],"collection":[{"href":"https:\/\/patagoniambiental.com.ar\/info\/wp-json\/wp\/v2\/posts"}],"about":[{"href":"https:\/\/patagoniambiental.com.ar\/info\/wp-json\/wp\/v2\/types\/post"}],"author":[{"embeddable":true,"href":"https:\/\/patagoniambiental.com.ar\/info\/wp-json\/wp\/v2\/users\/6"}],"replies":[{"embeddable":true,"href":"https:\/\/patagoniambiental.com.ar\/info\/wp-json\/wp\/v2\/comments?post=75344"}],"version-history":[{"count":0,"href":"https:\/\/patagoniambiental.com.ar\/info\/wp-json\/wp\/v2\/posts\/75344\/revisions"}],"wp:featuredmedia":[{"embeddable":true,"href":"https:\/\/patagoniambiental.com.ar\/info\/wp-json\/wp\/v2\/media\/75346"}],"wp:attachment":[{"href":"https:\/\/patagoniambiental.com.ar\/info\/wp-json\/wp\/v2\/media?parent=75344"}],"wp:term":[{"taxonomy":"category","embeddable":true,"href":"https:\/\/patagoniambiental.com.ar\/info\/wp-json\/wp\/v2\/categories?post=75344"},{"taxonomy":"post_tag","embeddable":true,"href":"https:\/\/patagoniambiental.com.ar\/info\/wp-json\/wp\/v2\/tags?post=75344"}],"curies":[{"name":"wp","href":"https:\/\/api.w.org\/{rel}","templated":true}]}}