{"id":75396,"date":"2022-03-12T11:52:59","date_gmt":"2022-03-12T14:52:59","guid":{"rendered":"http:\/\/patagoniambiental.com.ar\/info\/?p=75396"},"modified":"2022-03-12T11:53:00","modified_gmt":"2022-03-12T14:53:00","slug":"rio-negro-hidrogeno-verde-tamburrini-avanza-sobre-una-jerarquizacion-municipal-de-sierra-grande","status":"publish","type":"post","link":"https:\/\/patagoniambiental.com.ar\/info\/rio-negro-hidrogeno-verde-tamburrini-avanza-sobre-una-jerarquizacion-municipal-de-sierra-grande\/","title":{"rendered":"RIO NEGRO: Hidr\u00f3geno Verde. Tamburrini avanza sobre una jerarquizaci\u00f3n municipal de Sierra Grande"},"content":{"rendered":"\n<!--more-->\n\n\n\n<p>\u201cNecesitamos saber cu\u00e1l es la participaci\u00f3n del Municipio en este proyecto que incluye la zona franca y la generaci\u00f3n de hidr\u00f3geno verde porque deviene en la reestructuraci\u00f3n de las \u00e1reas municipales, la contrataci\u00f3n de profesionales y el rumbo que tendremos en la gesti\u00f3n pol\u00edtica de la comunidad\u00bb sostuvo el Intendente de Renzo Tamburrini, en el\u2026&nbsp;<a href=\"https:\/\/australweb.com.ar\/rio-negro-hidrogeno-verde-tamburrini-avanza-sobre-una-jerarquizacion-municipal-de-sierra-grande\/\">Ver art\u00edculo<\/a><\/p>\n\n\n\n<p>D\u00edas atr\u00e1s el gabinete municipal de Tamburrini puso a disposici\u00f3n la renuncia a sus funciones como gesto pol\u00edtico para poner en dimensi\u00f3n a la inversi\u00f3n sostenida por la firma Fortescue de origen australiano.<\/p>\n\n\n\n<p>La presidenta de la bancada del Frente de Todos, Mar\u00eda Eugenia Martini, quien integra ese \u00f3rgano, destac\u00f3 que la relevancia de la iniciativa y la obligaci\u00f3n de conocer en detalles los pormenores de esta gran inversi\u00f3n que se propone y cuyos detalles fueron dados a conocer por representantes de la empresa en este encuentro.<\/p>\n\n\n\n<p>El pr\u00f3ximo martes se desarrollar\u00e1 una nueva reuni\u00f3n de la Comisi\u00f3n de Iniciativa Privada y resalt\u00f3 la importancia de la mirada del intendente Tamburrini \u201cplanteando la reparaci\u00f3n hist\u00f3rica que el Estado le debe a Sierra Grande y al sinergia para que la localidad se desarrolle\u201d.-<\/p>\n\n\n\n<p>Para cerrar el intendente agreg\u00f3 que \u00abesperemos que sea lo mejor para Sierra Grande que sufri\u00f3 tantas tristezas que sea una posibilidad de recuperar el tiempo y el desarrollo. Por el momento hemos llevado a cabo tres reuniones con mucho trabajo e intercambio para conocer afondo la propuesta de la empresa privada\u201d.-<\/p>\n\n\n\n<ul class=\"wp-block-list\"><li><a rel=\"noreferrer noopener\" href=\"https:\/\/australweb.com.ar\/rio-negro-hidrogeno-verde-tamburrini-avanza-sobre-una-jerarquizacion-municipal-de-sierra-grande\/?share=twitter&amp;nb=1\" target=\"_blank\">Fuente: <\/a>https:\/\/australweb.com.ar\/rio-negro-hidrogeno-verde-tamburrini-avanza-sobre-una-jerarquizacion-municipal-de-sierra-grande\/<\/li><li><\/li><\/ul>\n","protected":false},"excerpt":{"rendered":"","protected":false},"author":6,"featured_media":75397,"comment_status":"open","ping_status":"open","sticky":false,"template":"","format":"standard","meta":{"site-sidebar-layout":"default","site-content-layout":"","ast-site-content-layout":"default","site-content-style":"default","site-sidebar-style":"default","ast-global-header-display":"","ast-banner-title-visibility":"","ast-main-header-display":"","ast-hfb-above-header-display":"","ast-hfb-below-header-display":"","ast-hfb-mobile-header-display":"","site-post-title":"","ast-breadcrumbs-content":"","ast-featured-img":"","footer-sml-layout":"","ast-disable-related-posts":"","theme-transparent-header-meta":"","adv-header-id-meta":"","stick-header-meta":"","header-above-stick-meta":"","header-main-stick-meta":"","header-below-stick-meta":"","astra-migrate-meta-layouts":"default","ast-page-background-enabled":"default","ast-page-background-meta":{"desktop":{"background-color":"var(--ast-global-color-5)","background-image":"","background-repeat":"repeat","background-position":"center center","background-size":"auto","background-attachment":"scroll","background-type":"","background-media":"","overlay-type":"","overlay-color":"","overlay-opacity":"","overlay-gradient":""},"tablet":{"background-color":"","background-image":"","background-repeat":"repeat","background-position":"center center","background-size":"auto","background-attachment":"scroll","background-type":"","background-media":"","overlay-type":"","overlay-color":"","overlay-opacity":"","overlay-gradient":""},"mobile":{"background-color":"","background-image":"","background-repeat":"repeat","background-position":"center center","background-size":"auto","background-attachment":"scroll","background-type":"","background-media":"","overlay-type":"","overlay-color":"","overlay-opacity":"","overlay-gradient":""}},"ast-content-background-meta":{"desktop":{"background-color":"var(--ast-global-color-4)","background-image":"","background-repeat":"repeat","background-position":"center center","background-size":"auto","background-attachment":"scroll","background-type":"","background-media":"","overlay-type":"","overlay-color":"","overlay-opacity":"","overlay-gradient":""},"tablet":{"background-color":"var(--ast-global-color-4)","background-image":"","background-repeat":"repeat","background-position":"center center","background-size":"auto","background-attachment":"scroll","background-type":"","background-media":"","overlay-type":"","overlay-color":"","overlay-opacity":"","overlay-gradient":""},"mobile":{"background-color":"var(--ast-global-color-4)","background-image":"","background-repeat":"repeat","background-position":"center center","background-size":"auto","background-attachment":"scroll","background-type":"","background-media":"","overlay-type":"","overlay-color":"","overlay-opacity":"","overlay-gradient":""}},"footnotes":""},"categories":[1,13,14],"tags":[],"class_list":["post-75396","post","type-post","status-publish","format-standard","has-post-thumbnail","hentry","category-noticias","category-provinciales","category-rio-negro"],"yoast_head":"<!-- This site is optimized with the Yoast SEO Premium plugin v23.0 (Yoast SEO v27.4) - https:\/\/yoast.com\/product\/yoast-seo-premium-wordpress\/ -->\n<title>RIO NEGRO: Hidr\u00f3geno Verde. Tamburrini avanza sobre una jerarquizaci\u00f3n municipal de Sierra Grande<\/title>\n<meta name=\"robots\" content=\"index, follow, max-snippet:-1, max-image-preview:large, max-video-preview:-1\" \/>\n<link rel=\"canonical\" href=\"https:\/\/patagoniambiental.com.ar\/info\/rio-negro-hidrogeno-verde-tamburrini-avanza-sobre-una-jerarquizacion-municipal-de-sierra-grande\/\" \/>\n<meta property=\"og:locale\" content=\"es_ES\" \/>\n<meta property=\"og:type\" content=\"article\" \/>\n<meta property=\"og:title\" content=\"RIO NEGRO: Hidr\u00f3geno Verde. Tamburrini avanza sobre una jerarquizaci\u00f3n municipal de Sierra Grande\" \/>\n<meta property=\"og:url\" content=\"https:\/\/patagoniambiental.com.ar\/info\/rio-negro-hidrogeno-verde-tamburrini-avanza-sobre-una-jerarquizacion-municipal-de-sierra-grande\/\" \/>\n<meta property=\"og:site_name\" content=\"Patagonia Ambiental\" \/>\n<meta property=\"article:publisher\" content=\"https:\/\/www.facebook.com\/patagonia.ambiental\" \/>\n<meta property=\"article:published_time\" content=\"2022-03-12T14:52:59+00:00\" \/>\n<meta property=\"article:modified_time\" content=\"2022-03-12T14:53:00+00:00\" \/>\n<meta property=\"og:image\" content=\"https:\/\/patagoniambiental.com.ar\/info\/wp-content\/uploads\/2022\/03\/reunion-comision-inversion-mixta-martini-tamburrini.jpeg\" \/>\n\t<meta property=\"og:image:width\" content=\"780\" \/>\n\t<meta property=\"og:image:height\" content=\"470\" \/>\n\t<meta property=\"og:image:type\" content=\"image\/jpeg\" \/>\n<meta name=\"author\" content=\"BRAIAN ESTEVEZ\" \/>\n<meta name=\"twitter:card\" content=\"summary_large_image\" \/>\n<meta name=\"twitter:creator\" content=\"@PatAmb\" \/>\n<meta name=\"twitter:site\" content=\"@PatAmb\" \/>\n<script type=\"application\/ld+json\" class=\"yoast-schema-graph\">{\"@context\":\"https:\\\/\\\/schema.org\",\"@graph\":[{\"@type\":\"Article\",\"@id\":\"https:\\\/\\\/patagoniambiental.com.ar\\\/info\\\/rio-negro-hidrogeno-verde-tamburrini-avanza-sobre-una-jerarquizacion-municipal-de-sierra-grande\\\/#article\",\"isPartOf\":{\"@id\":\"https:\\\/\\\/patagoniambiental.com.ar\\\/info\\\/rio-negro-hidrogeno-verde-tamburrini-avanza-sobre-una-jerarquizacion-municipal-de-sierra-grande\\\/\"},\"author\":{\"name\":\"BRAIAN ESTEVEZ\",\"@id\":\"https:\\\/\\\/patagoniambiental.com.ar\\\/info\\\/#\\\/schema\\\/person\\\/e5af09d700b2e82cb10c6b8800e0c691\"},\"headline\":\"RIO NEGRO: Hidr\u00f3geno Verde. Tamburrini avanza sobre una jerarquizaci\u00f3n municipal de Sierra Grande\",\"datePublished\":\"2022-03-12T14:52:59+00:00\",\"dateModified\":\"2022-03-12T14:53:00+00:00\",\"mainEntityOfPage\":{\"@id\":\"https:\\\/\\\/patagoniambiental.com.ar\\\/info\\\/rio-negro-hidrogeno-verde-tamburrini-avanza-sobre-una-jerarquizacion-municipal-de-sierra-grande\\\/\"},\"wordCount\":288,\"commentCount\":0,\"publisher\":{\"@id\":\"https:\\\/\\\/patagoniambiental.com.ar\\\/info\\\/#organization\"},\"image\":{\"@id\":\"https:\\\/\\\/patagoniambiental.com.ar\\\/info\\\/rio-negro-hidrogeno-verde-tamburrini-avanza-sobre-una-jerarquizacion-municipal-de-sierra-grande\\\/#primaryimage\"},\"thumbnailUrl\":\"https:\\\/\\\/patagoniambiental.com.ar\\\/info\\\/wp-content\\\/uploads\\\/2022\\\/03\\\/reunion-comision-inversion-mixta-martini-tamburrini.jpeg\",\"articleSection\":[\"Noticias\",\"Provinciales\",\"R\u00edo Negro\"],\"inLanguage\":\"es\",\"potentialAction\":[{\"@type\":\"CommentAction\",\"name\":\"Comment\",\"target\":[\"https:\\\/\\\/patagoniambiental.com.ar\\\/info\\\/rio-negro-hidrogeno-verde-tamburrini-avanza-sobre-una-jerarquizacion-municipal-de-sierra-grande\\\/#respond\"]}]},{\"@type\":\"WebPage\",\"@id\":\"https:\\\/\\\/patagoniambiental.com.ar\\\/info\\\/rio-negro-hidrogeno-verde-tamburrini-avanza-sobre-una-jerarquizacion-municipal-de-sierra-grande\\\/\",\"url\":\"https:\\\/\\\/patagoniambiental.com.ar\\\/info\\\/rio-negro-hidrogeno-verde-tamburrini-avanza-sobre-una-jerarquizacion-municipal-de-sierra-grande\\\/\",\"name\":\"RIO NEGRO: Hidr\u00f3geno Verde. Tamburrini avanza sobre una jerarquizaci\u00f3n municipal de Sierra Grande\",\"isPartOf\":{\"@id\":\"https:\\\/\\\/patagoniambiental.com.ar\\\/info\\\/#website\"},\"primaryImageOfPage\":{\"@id\":\"https:\\\/\\\/patagoniambiental.com.ar\\\/info\\\/rio-negro-hidrogeno-verde-tamburrini-avanza-sobre-una-jerarquizacion-municipal-de-sierra-grande\\\/#primaryimage\"},\"image\":{\"@id\":\"https:\\\/\\\/patagoniambiental.com.ar\\\/info\\\/rio-negro-hidrogeno-verde-tamburrini-avanza-sobre-una-jerarquizacion-municipal-de-sierra-grande\\\/#primaryimage\"},\"thumbnailUrl\":\"https:\\\/\\\/patagoniambiental.com.ar\\\/info\\\/wp-content\\\/uploads\\\/2022\\\/03\\\/reunion-comision-inversion-mixta-martini-tamburrini.jpeg\",\"datePublished\":\"2022-03-12T14:52:59+00:00\",\"dateModified\":\"2022-03-12T14:53:00+00:00\",\"breadcrumb\":{\"@id\":\"https:\\\/\\\/patagoniambiental.com.ar\\\/info\\\/rio-negro-hidrogeno-verde-tamburrini-avanza-sobre-una-jerarquizacion-municipal-de-sierra-grande\\\/#breadcrumb\"},\"inLanguage\":\"es\",\"potentialAction\":[{\"@type\":\"ReadAction\",\"target\":[\"https:\\\/\\\/patagoniambiental.com.ar\\\/info\\\/rio-negro-hidrogeno-verde-tamburrini-avanza-sobre-una-jerarquizacion-municipal-de-sierra-grande\\\/\"]}]},{\"@type\":\"ImageObject\",\"inLanguage\":\"es\",\"@id\":\"https:\\\/\\\/patagoniambiental.com.ar\\\/info\\\/rio-negro-hidrogeno-verde-tamburrini-avanza-sobre-una-jerarquizacion-municipal-de-sierra-grande\\\/#primaryimage\",\"url\":\"https:\\\/\\\/patagoniambiental.com.ar\\\/info\\\/wp-content\\\/uploads\\\/2022\\\/03\\\/reunion-comision-inversion-mixta-martini-tamburrini.jpeg\",\"contentUrl\":\"https:\\\/\\\/patagoniambiental.com.ar\\\/info\\\/wp-content\\\/uploads\\\/2022\\\/03\\\/reunion-comision-inversion-mixta-martini-tamburrini.jpeg\",\"width\":780,\"height\":470},{\"@type\":\"BreadcrumbList\",\"@id\":\"https:\\\/\\\/patagoniambiental.com.ar\\\/info\\\/rio-negro-hidrogeno-verde-tamburrini-avanza-sobre-una-jerarquizacion-municipal-de-sierra-grande\\\/#breadcrumb\",\"itemListElement\":[{\"@type\":\"ListItem\",\"position\":1,\"name\":\"Inicio\",\"item\":\"https:\\\/\\\/patagoniambiental.com.ar\\\/info\\\/\"},{\"@type\":\"ListItem\",\"position\":2,\"name\":\"RIO NEGRO: Hidr\u00f3geno Verde. Tamburrini avanza sobre una jerarquizaci\u00f3n municipal de Sierra Grande\"}]},{\"@type\":\"WebSite\",\"@id\":\"https:\\\/\\\/patagoniambiental.com.ar\\\/info\\\/#website\",\"url\":\"https:\\\/\\\/patagoniambiental.com.ar\\\/info\\\/\",\"name\":\"Patagonia Ambiental\",\"description\":\"Monitoreo y an\u00e1lisis de la situaci\u00f3n geopol\u00edtica en el mundo y su implicancia en la Patagonia\",\"publisher\":{\"@id\":\"https:\\\/\\\/patagoniambiental.com.ar\\\/info\\\/#organization\"},\"potentialAction\":[{\"@type\":\"SearchAction\",\"target\":{\"@type\":\"EntryPoint\",\"urlTemplate\":\"https:\\\/\\\/patagoniambiental.com.ar\\\/info\\\/?s={search_term_string}\"},\"query-input\":{\"@type\":\"PropertyValueSpecification\",\"valueRequired\":true,\"valueName\":\"search_term_string\"}}],\"inLanguage\":\"es\"},{\"@type\":\"Organization\",\"@id\":\"https:\\\/\\\/patagoniambiental.com.ar\\\/info\\\/#organization\",\"name\":\"Patagonia Ambiental\",\"url\":\"https:\\\/\\\/patagoniambiental.com.ar\\\/info\\\/\",\"logo\":{\"@type\":\"ImageObject\",\"inLanguage\":\"es\",\"@id\":\"https:\\\/\\\/patagoniambiental.com.ar\\\/info\\\/#\\\/schema\\\/logo\\\/image\\\/\",\"url\":\"https:\\\/\\\/patagoniambiental.com.ar\\\/info\\\/wp-content\\\/uploads\\\/2025\\\/05\\\/LOGO-PATAGONIA-AMBIENTAL.png\",\"contentUrl\":\"https:\\\/\\\/patagoniambiental.com.ar\\\/info\\\/wp-content\\\/uploads\\\/2025\\\/05\\\/LOGO-PATAGONIA-AMBIENTAL.png\",\"width\":433,\"height\":250,\"caption\":\"Patagonia Ambiental\"},\"image\":{\"@id\":\"https:\\\/\\\/patagoniambiental.com.ar\\\/info\\\/#\\\/schema\\\/logo\\\/image\\\/\"},\"sameAs\":[\"https:\\\/\\\/www.facebook.com\\\/patagonia.ambiental\",\"https:\\\/\\\/x.com\\\/PatAmb\"]},{\"@type\":\"Person\",\"@id\":\"https:\\\/\\\/patagoniambiental.com.ar\\\/info\\\/#\\\/schema\\\/person\\\/e5af09d700b2e82cb10c6b8800e0c691\",\"name\":\"BRAIAN ESTEVEZ\",\"sameAs\":[\"http:\\\/\\\/www.patagoniambiental.com.ar\"]}]}<\/script>\n<!-- \/ Yoast SEO Premium plugin. -->","yoast_head_json":{"title":"RIO NEGRO: Hidr\u00f3geno Verde. Tamburrini avanza sobre una jerarquizaci\u00f3n municipal de Sierra Grande","robots":{"index":"index","follow":"follow","max-snippet":"max-snippet:-1","max-image-preview":"max-image-preview:large","max-video-preview":"max-video-preview:-1"},"canonical":"https:\/\/patagoniambiental.com.ar\/info\/rio-negro-hidrogeno-verde-tamburrini-avanza-sobre-una-jerarquizacion-municipal-de-sierra-grande\/","og_locale":"es_ES","og_type":"article","og_title":"RIO NEGRO: Hidr\u00f3geno Verde. Tamburrini avanza sobre una jerarquizaci\u00f3n municipal de Sierra Grande","og_url":"https:\/\/patagoniambiental.com.ar\/info\/rio-negro-hidrogeno-verde-tamburrini-avanza-sobre-una-jerarquizacion-municipal-de-sierra-grande\/","og_site_name":"Patagonia Ambiental","article_publisher":"https:\/\/www.facebook.com\/patagonia.ambiental","article_published_time":"2022-03-12T14:52:59+00:00","article_modified_time":"2022-03-12T14:53:00+00:00","og_image":[{"width":780,"height":470,"url":"https:\/\/patagoniambiental.com.ar\/info\/wp-content\/uploads\/2022\/03\/reunion-comision-inversion-mixta-martini-tamburrini.jpeg","type":"image\/jpeg"}],"author":"BRAIAN ESTEVEZ","twitter_card":"summary_large_image","twitter_creator":"@PatAmb","twitter_site":"@PatAmb","schema":{"@context":"https:\/\/schema.org","@graph":[{"@type":"Article","@id":"https:\/\/patagoniambiental.com.ar\/info\/rio-negro-hidrogeno-verde-tamburrini-avanza-sobre-una-jerarquizacion-municipal-de-sierra-grande\/#article","isPartOf":{"@id":"https:\/\/patagoniambiental.com.ar\/info\/rio-negro-hidrogeno-verde-tamburrini-avanza-sobre-una-jerarquizacion-municipal-de-sierra-grande\/"},"author":{"name":"BRAIAN ESTEVEZ","@id":"https:\/\/patagoniambiental.com.ar\/info\/#\/schema\/person\/e5af09d700b2e82cb10c6b8800e0c691"},"headline":"RIO NEGRO: Hidr\u00f3geno Verde. Tamburrini avanza sobre una jerarquizaci\u00f3n municipal de Sierra Grande","datePublished":"2022-03-12T14:52:59+00:00","dateModified":"2022-03-12T14:53:00+00:00","mainEntityOfPage":{"@id":"https:\/\/patagoniambiental.com.ar\/info\/rio-negro-hidrogeno-verde-tamburrini-avanza-sobre-una-jerarquizacion-municipal-de-sierra-grande\/"},"wordCount":288,"commentCount":0,"publisher":{"@id":"https:\/\/patagoniambiental.com.ar\/info\/#organization"},"image":{"@id":"https:\/\/patagoniambiental.com.ar\/info\/rio-negro-hidrogeno-verde-tamburrini-avanza-sobre-una-jerarquizacion-municipal-de-sierra-grande\/#primaryimage"},"thumbnailUrl":"https:\/\/patagoniambiental.com.ar\/info\/wp-content\/uploads\/2022\/03\/reunion-comision-inversion-mixta-martini-tamburrini.jpeg","articleSection":["Noticias","Provinciales","R\u00edo Negro"],"inLanguage":"es","potentialAction":[{"@type":"CommentAction","name":"Comment","target":["https:\/\/patagoniambiental.com.ar\/info\/rio-negro-hidrogeno-verde-tamburrini-avanza-sobre-una-jerarquizacion-municipal-de-sierra-grande\/#respond"]}]},{"@type":"WebPage","@id":"https:\/\/patagoniambiental.com.ar\/info\/rio-negro-hidrogeno-verde-tamburrini-avanza-sobre-una-jerarquizacion-municipal-de-sierra-grande\/","url":"https:\/\/patagoniambiental.com.ar\/info\/rio-negro-hidrogeno-verde-tamburrini-avanza-sobre-una-jerarquizacion-municipal-de-sierra-grande\/","name":"RIO NEGRO: Hidr\u00f3geno Verde. Tamburrini avanza sobre una jerarquizaci\u00f3n municipal de Sierra Grande","isPartOf":{"@id":"https:\/\/patagoniambiental.com.ar\/info\/#website"},"primaryImageOfPage":{"@id":"https:\/\/patagoniambiental.com.ar\/info\/rio-negro-hidrogeno-verde-tamburrini-avanza-sobre-una-jerarquizacion-municipal-de-sierra-grande\/#primaryimage"},"image":{"@id":"https:\/\/patagoniambiental.com.ar\/info\/rio-negro-hidrogeno-verde-tamburrini-avanza-sobre-una-jerarquizacion-municipal-de-sierra-grande\/#primaryimage"},"thumbnailUrl":"https:\/\/patagoniambiental.com.ar\/info\/wp-content\/uploads\/2022\/03\/reunion-comision-inversion-mixta-martini-tamburrini.jpeg","datePublished":"2022-03-12T14:52:59+00:00","dateModified":"2022-03-12T14:53:00+00:00","breadcrumb":{"@id":"https:\/\/patagoniambiental.com.ar\/info\/rio-negro-hidrogeno-verde-tamburrini-avanza-sobre-una-jerarquizacion-municipal-de-sierra-grande\/#breadcrumb"},"inLanguage":"es","potentialAction":[{"@type":"ReadAction","target":["https:\/\/patagoniambiental.com.ar\/info\/rio-negro-hidrogeno-verde-tamburrini-avanza-sobre-una-jerarquizacion-municipal-de-sierra-grande\/"]}]},{"@type":"ImageObject","inLanguage":"es","@id":"https:\/\/patagoniambiental.com.ar\/info\/rio-negro-hidrogeno-verde-tamburrini-avanza-sobre-una-jerarquizacion-municipal-de-sierra-grande\/#primaryimage","url":"https:\/\/patagoniambiental.com.ar\/info\/wp-content\/uploads\/2022\/03\/reunion-comision-inversion-mixta-martini-tamburrini.jpeg","contentUrl":"https:\/\/patagoniambiental.com.ar\/info\/wp-content\/uploads\/2022\/03\/reunion-comision-inversion-mixta-martini-tamburrini.jpeg","width":780,"height":470},{"@type":"BreadcrumbList","@id":"https:\/\/patagoniambiental.com.ar\/info\/rio-negro-hidrogeno-verde-tamburrini-avanza-sobre-una-jerarquizacion-municipal-de-sierra-grande\/#breadcrumb","itemListElement":[{"@type":"ListItem","position":1,"name":"Inicio","item":"https:\/\/patagoniambiental.com.ar\/info\/"},{"@type":"ListItem","position":2,"name":"RIO NEGRO: Hidr\u00f3geno Verde. Tamburrini avanza sobre una jerarquizaci\u00f3n municipal de Sierra Grande"}]},{"@type":"WebSite","@id":"https:\/\/patagoniambiental.com.ar\/info\/#website","url":"https:\/\/patagoniambiental.com.ar\/info\/","name":"Patagonia Ambiental","description":"Monitoreo y an\u00e1lisis de la situaci\u00f3n geopol\u00edtica en el mundo y su implicancia en la Patagonia","publisher":{"@id":"https:\/\/patagoniambiental.com.ar\/info\/#organization"},"potentialAction":[{"@type":"SearchAction","target":{"@type":"EntryPoint","urlTemplate":"https:\/\/patagoniambiental.com.ar\/info\/?s={search_term_string}"},"query-input":{"@type":"PropertyValueSpecification","valueRequired":true,"valueName":"search_term_string"}}],"inLanguage":"es"},{"@type":"Organization","@id":"https:\/\/patagoniambiental.com.ar\/info\/#organization","name":"Patagonia Ambiental","url":"https:\/\/patagoniambiental.com.ar\/info\/","logo":{"@type":"ImageObject","inLanguage":"es","@id":"https:\/\/patagoniambiental.com.ar\/info\/#\/schema\/logo\/image\/","url":"https:\/\/patagoniambiental.com.ar\/info\/wp-content\/uploads\/2025\/05\/LOGO-PATAGONIA-AMBIENTAL.png","contentUrl":"https:\/\/patagoniambiental.com.ar\/info\/wp-content\/uploads\/2025\/05\/LOGO-PATAGONIA-AMBIENTAL.png","width":433,"height":250,"caption":"Patagonia Ambiental"},"image":{"@id":"https:\/\/patagoniambiental.com.ar\/info\/#\/schema\/logo\/image\/"},"sameAs":["https:\/\/www.facebook.com\/patagonia.ambiental","https:\/\/x.com\/PatAmb"]},{"@type":"Person","@id":"https:\/\/patagoniambiental.com.ar\/info\/#\/schema\/person\/e5af09d700b2e82cb10c6b8800e0c691","name":"BRAIAN ESTEVEZ","sameAs":["http:\/\/www.patagoniambiental.com.ar"]}]}},"_links":{"self":[{"href":"https:\/\/patagoniambiental.com.ar\/info\/wp-json\/wp\/v2\/posts\/75396","targetHints":{"allow":["GET"]}}],"collection":[{"href":"https:\/\/patagoniambiental.com.ar\/info\/wp-json\/wp\/v2\/posts"}],"about":[{"href":"https:\/\/patagoniambiental.com.ar\/info\/wp-json\/wp\/v2\/types\/post"}],"author":[{"embeddable":true,"href":"https:\/\/patagoniambiental.com.ar\/info\/wp-json\/wp\/v2\/users\/6"}],"replies":[{"embeddable":true,"href":"https:\/\/patagoniambiental.com.ar\/info\/wp-json\/wp\/v2\/comments?post=75396"}],"version-history":[{"count":0,"href":"https:\/\/patagoniambiental.com.ar\/info\/wp-json\/wp\/v2\/posts\/75396\/revisions"}],"wp:featuredmedia":[{"embeddable":true,"href":"https:\/\/patagoniambiental.com.ar\/info\/wp-json\/wp\/v2\/media\/75397"}],"wp:attachment":[{"href":"https:\/\/patagoniambiental.com.ar\/info\/wp-json\/wp\/v2\/media?parent=75396"}],"wp:term":[{"taxonomy":"category","embeddable":true,"href":"https:\/\/patagoniambiental.com.ar\/info\/wp-json\/wp\/v2\/categories?post=75396"},{"taxonomy":"post_tag","embeddable":true,"href":"https:\/\/patagoniambiental.com.ar\/info\/wp-json\/wp\/v2\/tags?post=75396"}],"curies":[{"name":"wp","href":"https:\/\/api.w.org\/{rel}","templated":true}]}}