{"id":75401,"date":"2022-03-14T07:00:00","date_gmt":"2022-03-14T10:00:00","guid":{"rendered":"http:\/\/patagoniambiental.com.ar\/info\/?p=75401"},"modified":"2022-03-14T10:17:25","modified_gmt":"2022-03-14T13:17:25","slug":"bodega-malma-la-primera-bodega-de-neuquen-en-certificar-protocolo-de-sustentabilidad-de-bodegas-de-argentina","status":"publish","type":"post","link":"https:\/\/patagoniambiental.com.ar\/info\/bodega-malma-la-primera-bodega-de-neuquen-en-certificar-protocolo-de-sustentabilidad-de-bodegas-de-argentina\/","title":{"rendered":"Bodega Malma, la primera bodega de Neuqu\u00e9n en certificar Protocolo de Sustentabilidad de Bodegas de Argentina"},"content":{"rendered":"\n<!--more-->\n\n\n\n<h3 class=\"wp-block-heading\">\u201cEstamos felices de compartir este momento con la familia de este comercio que tanto hizo y contribuye al crecimiento y el desarrollo de nuestra ciudad\u201d, manifest\u00f3 Gerardo Guti\u00e9rrez, titular de la Unidad de Coordinaci\u00f3n de Promoci\u00f3n de Actividades P\u00fablicas y Relaciones Institucionales y destac\u00f3 que \u201cpara nosotros es un gran orgullo estar compartiendo este momento\u201d.<\/h3>\n\n\n\n<p><a href=\"https:\/\/www.facebook.com\/sharer\/sharer.php?u=https%3A%2F%2Fwww.neuquenalinstante.com.ar%2Fnoticias%2F2022%2F03%2F11%2F90169-bodega-malma-la-primera-bodega-de-neuquen-en-certificar-protocolo-de-sustentabilidad-de-bodegas-de-argentina\" target=\"_blank\" rel=\"noreferrer noopener\"><\/a><a href=\"https:\/\/twitter.com\/share?text=Bodega%20Malma%2C%20la%20primera%20bodega%20de%20Neuqu%C3%A9n%20en%20certificar%20Protocolo%20de%20Sustentabilidad%20de%20Bodegas%20de%20Argentina&amp;url=https%3A%2F%2Fwww.neuquenalinstante.com.ar%2Fnoticias%2F2022%2F03%2F11%2F90169-bodega-malma-la-primera-bodega-de-neuquen-en-certificar-protocolo-de-sustentabilidad-de-bodegas-de-argentina\" target=\"_blank\" rel=\"noreferrer noopener\"> <\/a><a href=\"https:\/\/www.linkedin.com\/shareArticle?mini=true&amp;url=https%3A%2F%2Fwww.neuquenalinstante.com.ar%2Fnoticias%2F2022%2F03%2F11%2F90169-bodega-malma-la-primera-bodega-de-neuquen-en-certificar-protocolo-de-sustentabilidad-de-bodegas-de-argentina&amp;title=Bodega%20Malma%2C%20la%20primera%20bodega%20de%20Neuqu%C3%A9n%20en%20certificar%20Protocolo%20de%20Sustentabilidad%20de%20Bodegas%20de%20Argentina&amp;summary=INNEUQU%C3%89N\" target=\"_blank\" rel=\"noreferrer noopener\"><\/a><a href=\"https:\/\/pinterest.com\/pin\/create\/button\/?url=https%3A%2F%2Fwww.neuquenalinstante.com.ar%2Fnoticias%2F2022%2F03%2F11%2F90169-bodega-malma-la-primera-bodega-de-neuquen-en-certificar-protocolo-de-sustentabilidad-de-bodegas-de-argentina&amp;description=Bodega%20Malma%2C%20la%20primera%20bodega%20de%20Neuqu%C3%A9n%20en%20certificar%20Protocolo%20de%20Sustentabilidad%20de%20Bodegas%20de%20Argentina\" target=\"_blank\" rel=\"noreferrer noopener\"><\/a><\/p>\n\n\n\n<figure class=\"wp-block-image\"><img decoding=\"async\" src=\"https:\/\/neuquenalinstante2.cdn.net.ar\/i1700\/neuquenalinstante2\/images\/18\/38\/183860_70d2f122087cafc165f6606fb202ccd519cdca9ec431ba4d99d3b2fc59709015\/md.jpg\" alt=\"Bodega Malma, la primera bodega de Neuqu\u00e9n en certificar Protocolo de Sustentabilidad de Bodegas de Argentina\" title=\"Bodega Malma, la primera bodega de Neuqu\u00e9n en certificar Protocolo de Sustentabilidad de Bodegas de Argentina\"\/><\/figure>\n\n\n\n<p><a href=\"https:\/\/www.neuquenalinstante.com.ar\/inneuquen\" class=\"\">InNeuqu\u00e9n<\/a> viernes 11 de marzo de 2022<\/p>\n\n\n\n<p>El funcionario cont\u00f3 que en el 2021 la comuna destac\u00f3 a 37 comercios y \u201ceste es el primero en ser reconocido en el 2022\u201d. Adem\u00e1s, \u201cestamos felices porque tenemos a varios negocios que vamos a homenajear, y entre los comerciantes que son reconocidos van pasando la informaci\u00f3n a sus pares sobre esta actividad, se nos acercaron muchos que consideran que tambi\u00e9n deben ser destacados por tener m\u00e1s de 50 a\u00f1os de trayectoria\u201d.<\/p>\n\n\n\n<p>Desde hace tiempo, desde Malma trabajan fuertemente en la reducci\u00f3n de la huella de carbono La consultora EcoQualis, con vasta experiencia en la tem\u00e1tica y en el sector de bodegas y vi\u00f1edos, es quien est\u00e1 a cargo de dicha medici\u00f3n.<\/p>\n\n\n\n<p><\/p>\n\n\n\n<p>Fuente: Neuqu\u00e9n Al Instante<\/p>\n","protected":false},"excerpt":{"rendered":"","protected":false},"author":6,"featured_media":75402,"comment_status":"open","ping_status":"open","sticky":false,"template":"","format":"standard","meta":{"site-sidebar-layout":"default","site-content-layout":"","ast-site-content-layout":"default","site-content-style":"default","site-sidebar-style":"default","ast-global-header-display":"","ast-banner-title-visibility":"","ast-main-header-display":"","ast-hfb-above-header-display":"","ast-hfb-below-header-display":"","ast-hfb-mobile-header-display":"","site-post-title":"","ast-breadcrumbs-content":"","ast-featured-img":"","footer-sml-layout":"","ast-disable-related-posts":"","theme-transparent-header-meta":"","adv-header-id-meta":"","stick-header-meta":"","header-above-stick-meta":"","header-main-stick-meta":"","header-below-stick-meta":"","astra-migrate-meta-layouts":"default","ast-page-background-enabled":"default","ast-page-background-meta":{"desktop":{"background-color":"var(--ast-global-color-5)","background-image":"","background-repeat":"repeat","background-position":"center center","background-size":"auto","background-attachment":"scroll","background-type":"","background-media":"","overlay-type":"","overlay-color":"","overlay-opacity":"","overlay-gradient":""},"tablet":{"background-color":"","background-image":"","background-repeat":"repeat","background-position":"center center","background-size":"auto","background-attachment":"scroll","background-type":"","background-media":"","overlay-type":"","overlay-color":"","overlay-opacity":"","overlay-gradient":""},"mobile":{"background-color":"","background-image":"","background-repeat":"repeat","background-position":"center center","background-size":"auto","background-attachment":"scroll","background-type":"","background-media":"","overlay-type":"","overlay-color":"","overlay-opacity":"","overlay-gradient":""}},"ast-content-background-meta":{"desktop":{"background-color":"var(--ast-global-color-4)","background-image":"","background-repeat":"repeat","background-position":"center center","background-size":"auto","background-attachment":"scroll","background-type":"","background-media":"","overlay-type":"","overlay-color":"","overlay-opacity":"","overlay-gradient":""},"tablet":{"background-color":"var(--ast-global-color-4)","background-image":"","background-repeat":"repeat","background-position":"center center","background-size":"auto","background-attachment":"scroll","background-type":"","background-media":"","overlay-type":"","overlay-color":"","overlay-opacity":"","overlay-gradient":""},"mobile":{"background-color":"var(--ast-global-color-4)","background-image":"","background-repeat":"repeat","background-position":"center center","background-size":"auto","background-attachment":"scroll","background-type":"","background-media":"","overlay-type":"","overlay-color":"","overlay-opacity":"","overlay-gradient":""}},"footnotes":""},"categories":[11,18,1,13,10],"tags":[],"class_list":["post-75401","post","type-post","status-publish","format-standard","has-post-thumbnail","hentry","category-boletin","category-neuquen","category-noticias","category-provinciales","category-rotador"],"yoast_head":"<!-- This site is optimized with the Yoast SEO Premium plugin v23.0 (Yoast SEO v27.5) - https:\/\/yoast.com\/product\/yoast-seo-premium-wordpress\/ -->\n<title>Bodega Malma, la primera bodega de Neuqu\u00e9n en certificar Protocolo de Sustentabilidad de Bodegas de Argentina<\/title>\n<meta name=\"robots\" content=\"index, follow, max-snippet:-1, max-image-preview:large, max-video-preview:-1\" \/>\n<link rel=\"canonical\" href=\"https:\/\/patagoniambiental.com.ar\/info\/bodega-malma-la-primera-bodega-de-neuquen-en-certificar-protocolo-de-sustentabilidad-de-bodegas-de-argentina\/\" \/>\n<meta property=\"og:locale\" content=\"es_ES\" \/>\n<meta property=\"og:type\" content=\"article\" \/>\n<meta property=\"og:title\" content=\"Bodega Malma, la primera bodega de Neuqu\u00e9n en certificar Protocolo de Sustentabilidad de Bodegas de Argentina\" \/>\n<meta property=\"og:url\" content=\"https:\/\/patagoniambiental.com.ar\/info\/bodega-malma-la-primera-bodega-de-neuquen-en-certificar-protocolo-de-sustentabilidad-de-bodegas-de-argentina\/\" \/>\n<meta property=\"og:site_name\" content=\"Patagonia Ambiental\" \/>\n<meta property=\"article:publisher\" content=\"https:\/\/www.facebook.com\/patagonia.ambiental\" \/>\n<meta property=\"article:published_time\" content=\"2022-03-14T10:00:00+00:00\" \/>\n<meta property=\"article:modified_time\" content=\"2022-03-14T13:17:25+00:00\" \/>\n<meta property=\"og:image\" content=\"https:\/\/patagoniambiental.com.ar\/info\/wp-content\/uploads\/2022\/03\/md.jpg\" \/>\n\t<meta property=\"og:image:width\" content=\"800\" \/>\n\t<meta property=\"og:image:height\" content=\"453\" \/>\n\t<meta property=\"og:image:type\" content=\"image\/jpeg\" \/>\n<meta name=\"author\" content=\"BRAIAN ESTEVEZ\" \/>\n<meta name=\"twitter:card\" content=\"summary_large_image\" \/>\n<meta name=\"twitter:creator\" content=\"@PatAmb\" \/>\n<meta name=\"twitter:site\" content=\"@PatAmb\" \/>\n<script type=\"application\/ld+json\" class=\"yoast-schema-graph\">{\"@context\":\"https:\\\/\\\/schema.org\",\"@graph\":[{\"@type\":\"Article\",\"@id\":\"https:\\\/\\\/patagoniambiental.com.ar\\\/info\\\/bodega-malma-la-primera-bodega-de-neuquen-en-certificar-protocolo-de-sustentabilidad-de-bodegas-de-argentina\\\/#article\",\"isPartOf\":{\"@id\":\"https:\\\/\\\/patagoniambiental.com.ar\\\/info\\\/bodega-malma-la-primera-bodega-de-neuquen-en-certificar-protocolo-de-sustentabilidad-de-bodegas-de-argentina\\\/\"},\"author\":{\"name\":\"BRAIAN ESTEVEZ\",\"@id\":\"https:\\\/\\\/patagoniambiental.com.ar\\\/info\\\/#\\\/schema\\\/person\\\/e5af09d700b2e82cb10c6b8800e0c691\"},\"headline\":\"Bodega Malma, la primera bodega de Neuqu\u00e9n en certificar Protocolo de Sustentabilidad de Bodegas de Argentina\",\"datePublished\":\"2022-03-14T10:00:00+00:00\",\"dateModified\":\"2022-03-14T13:17:25+00:00\",\"mainEntityOfPage\":{\"@id\":\"https:\\\/\\\/patagoniambiental.com.ar\\\/info\\\/bodega-malma-la-primera-bodega-de-neuquen-en-certificar-protocolo-de-sustentabilidad-de-bodegas-de-argentina\\\/\"},\"wordCount\":204,\"commentCount\":0,\"publisher\":{\"@id\":\"https:\\\/\\\/patagoniambiental.com.ar\\\/info\\\/#organization\"},\"image\":{\"@id\":\"https:\\\/\\\/patagoniambiental.com.ar\\\/info\\\/bodega-malma-la-primera-bodega-de-neuquen-en-certificar-protocolo-de-sustentabilidad-de-bodegas-de-argentina\\\/#primaryimage\"},\"thumbnailUrl\":\"https:\\\/\\\/patagoniambiental.com.ar\\\/info\\\/wp-content\\\/uploads\\\/2022\\\/03\\\/md.jpg\",\"articleSection\":[\"Bolet\u00edn\",\"Neuqu\u00e9n\",\"Noticias\",\"Provinciales\",\"Rotador\"],\"inLanguage\":\"es\",\"potentialAction\":[{\"@type\":\"CommentAction\",\"name\":\"Comment\",\"target\":[\"https:\\\/\\\/patagoniambiental.com.ar\\\/info\\\/bodega-malma-la-primera-bodega-de-neuquen-en-certificar-protocolo-de-sustentabilidad-de-bodegas-de-argentina\\\/#respond\"]}]},{\"@type\":\"WebPage\",\"@id\":\"https:\\\/\\\/patagoniambiental.com.ar\\\/info\\\/bodega-malma-la-primera-bodega-de-neuquen-en-certificar-protocolo-de-sustentabilidad-de-bodegas-de-argentina\\\/\",\"url\":\"https:\\\/\\\/patagoniambiental.com.ar\\\/info\\\/bodega-malma-la-primera-bodega-de-neuquen-en-certificar-protocolo-de-sustentabilidad-de-bodegas-de-argentina\\\/\",\"name\":\"Bodega Malma, la primera bodega de Neuqu\u00e9n en certificar Protocolo de Sustentabilidad de Bodegas de Argentina\",\"isPartOf\":{\"@id\":\"https:\\\/\\\/patagoniambiental.com.ar\\\/info\\\/#website\"},\"primaryImageOfPage\":{\"@id\":\"https:\\\/\\\/patagoniambiental.com.ar\\\/info\\\/bodega-malma-la-primera-bodega-de-neuquen-en-certificar-protocolo-de-sustentabilidad-de-bodegas-de-argentina\\\/#primaryimage\"},\"image\":{\"@id\":\"https:\\\/\\\/patagoniambiental.com.ar\\\/info\\\/bodega-malma-la-primera-bodega-de-neuquen-en-certificar-protocolo-de-sustentabilidad-de-bodegas-de-argentina\\\/#primaryimage\"},\"thumbnailUrl\":\"https:\\\/\\\/patagoniambiental.com.ar\\\/info\\\/wp-content\\\/uploads\\\/2022\\\/03\\\/md.jpg\",\"datePublished\":\"2022-03-14T10:00:00+00:00\",\"dateModified\":\"2022-03-14T13:17:25+00:00\",\"breadcrumb\":{\"@id\":\"https:\\\/\\\/patagoniambiental.com.ar\\\/info\\\/bodega-malma-la-primera-bodega-de-neuquen-en-certificar-protocolo-de-sustentabilidad-de-bodegas-de-argentina\\\/#breadcrumb\"},\"inLanguage\":\"es\",\"potentialAction\":[{\"@type\":\"ReadAction\",\"target\":[\"https:\\\/\\\/patagoniambiental.com.ar\\\/info\\\/bodega-malma-la-primera-bodega-de-neuquen-en-certificar-protocolo-de-sustentabilidad-de-bodegas-de-argentina\\\/\"]}]},{\"@type\":\"ImageObject\",\"inLanguage\":\"es\",\"@id\":\"https:\\\/\\\/patagoniambiental.com.ar\\\/info\\\/bodega-malma-la-primera-bodega-de-neuquen-en-certificar-protocolo-de-sustentabilidad-de-bodegas-de-argentina\\\/#primaryimage\",\"url\":\"https:\\\/\\\/patagoniambiental.com.ar\\\/info\\\/wp-content\\\/uploads\\\/2022\\\/03\\\/md.jpg\",\"contentUrl\":\"https:\\\/\\\/patagoniambiental.com.ar\\\/info\\\/wp-content\\\/uploads\\\/2022\\\/03\\\/md.jpg\",\"width\":800,\"height\":453},{\"@type\":\"BreadcrumbList\",\"@id\":\"https:\\\/\\\/patagoniambiental.com.ar\\\/info\\\/bodega-malma-la-primera-bodega-de-neuquen-en-certificar-protocolo-de-sustentabilidad-de-bodegas-de-argentina\\\/#breadcrumb\",\"itemListElement\":[{\"@type\":\"ListItem\",\"position\":1,\"name\":\"Inicio\",\"item\":\"https:\\\/\\\/patagoniambiental.com.ar\\\/info\\\/\"},{\"@type\":\"ListItem\",\"position\":2,\"name\":\"Bodega Malma, la primera bodega de Neuqu\u00e9n en certificar Protocolo de Sustentabilidad de Bodegas de Argentina\"}]},{\"@type\":\"WebSite\",\"@id\":\"https:\\\/\\\/patagoniambiental.com.ar\\\/info\\\/#website\",\"url\":\"https:\\\/\\\/patagoniambiental.com.ar\\\/info\\\/\",\"name\":\"Patagonia Ambiental\",\"description\":\"Monitoreo y an\u00e1lisis de la situaci\u00f3n geopol\u00edtica en el mundo y su implicancia en la Patagonia\",\"publisher\":{\"@id\":\"https:\\\/\\\/patagoniambiental.com.ar\\\/info\\\/#organization\"},\"potentialAction\":[{\"@type\":\"SearchAction\",\"target\":{\"@type\":\"EntryPoint\",\"urlTemplate\":\"https:\\\/\\\/patagoniambiental.com.ar\\\/info\\\/?s={search_term_string}\"},\"query-input\":{\"@type\":\"PropertyValueSpecification\",\"valueRequired\":true,\"valueName\":\"search_term_string\"}}],\"inLanguage\":\"es\"},{\"@type\":\"Organization\",\"@id\":\"https:\\\/\\\/patagoniambiental.com.ar\\\/info\\\/#organization\",\"name\":\"Patagonia Ambiental\",\"url\":\"https:\\\/\\\/patagoniambiental.com.ar\\\/info\\\/\",\"logo\":{\"@type\":\"ImageObject\",\"inLanguage\":\"es\",\"@id\":\"https:\\\/\\\/patagoniambiental.com.ar\\\/info\\\/#\\\/schema\\\/logo\\\/image\\\/\",\"url\":\"https:\\\/\\\/patagoniambiental.com.ar\\\/info\\\/wp-content\\\/uploads\\\/2025\\\/05\\\/LOGO-PATAGONIA-AMBIENTAL.png\",\"contentUrl\":\"https:\\\/\\\/patagoniambiental.com.ar\\\/info\\\/wp-content\\\/uploads\\\/2025\\\/05\\\/LOGO-PATAGONIA-AMBIENTAL.png\",\"width\":433,\"height\":250,\"caption\":\"Patagonia Ambiental\"},\"image\":{\"@id\":\"https:\\\/\\\/patagoniambiental.com.ar\\\/info\\\/#\\\/schema\\\/logo\\\/image\\\/\"},\"sameAs\":[\"https:\\\/\\\/www.facebook.com\\\/patagonia.ambiental\",\"https:\\\/\\\/x.com\\\/PatAmb\"]},{\"@type\":\"Person\",\"@id\":\"https:\\\/\\\/patagoniambiental.com.ar\\\/info\\\/#\\\/schema\\\/person\\\/e5af09d700b2e82cb10c6b8800e0c691\",\"name\":\"BRAIAN ESTEVEZ\",\"sameAs\":[\"http:\\\/\\\/www.patagoniambiental.com.ar\"]}]}<\/script>\n<!-- \/ Yoast SEO Premium plugin. -->","yoast_head_json":{"title":"Bodega Malma, la primera bodega de Neuqu\u00e9n en certificar Protocolo de Sustentabilidad de Bodegas de Argentina","robots":{"index":"index","follow":"follow","max-snippet":"max-snippet:-1","max-image-preview":"max-image-preview:large","max-video-preview":"max-video-preview:-1"},"canonical":"https:\/\/patagoniambiental.com.ar\/info\/bodega-malma-la-primera-bodega-de-neuquen-en-certificar-protocolo-de-sustentabilidad-de-bodegas-de-argentina\/","og_locale":"es_ES","og_type":"article","og_title":"Bodega Malma, la primera bodega de Neuqu\u00e9n en certificar Protocolo de Sustentabilidad de Bodegas de Argentina","og_url":"https:\/\/patagoniambiental.com.ar\/info\/bodega-malma-la-primera-bodega-de-neuquen-en-certificar-protocolo-de-sustentabilidad-de-bodegas-de-argentina\/","og_site_name":"Patagonia Ambiental","article_publisher":"https:\/\/www.facebook.com\/patagonia.ambiental","article_published_time":"2022-03-14T10:00:00+00:00","article_modified_time":"2022-03-14T13:17:25+00:00","og_image":[{"width":800,"height":453,"url":"https:\/\/patagoniambiental.com.ar\/info\/wp-content\/uploads\/2022\/03\/md.jpg","type":"image\/jpeg"}],"author":"BRAIAN ESTEVEZ","twitter_card":"summary_large_image","twitter_creator":"@PatAmb","twitter_site":"@PatAmb","schema":{"@context":"https:\/\/schema.org","@graph":[{"@type":"Article","@id":"https:\/\/patagoniambiental.com.ar\/info\/bodega-malma-la-primera-bodega-de-neuquen-en-certificar-protocolo-de-sustentabilidad-de-bodegas-de-argentina\/#article","isPartOf":{"@id":"https:\/\/patagoniambiental.com.ar\/info\/bodega-malma-la-primera-bodega-de-neuquen-en-certificar-protocolo-de-sustentabilidad-de-bodegas-de-argentina\/"},"author":{"name":"BRAIAN ESTEVEZ","@id":"https:\/\/patagoniambiental.com.ar\/info\/#\/schema\/person\/e5af09d700b2e82cb10c6b8800e0c691"},"headline":"Bodega Malma, la primera bodega de Neuqu\u00e9n en certificar Protocolo de Sustentabilidad de Bodegas de Argentina","datePublished":"2022-03-14T10:00:00+00:00","dateModified":"2022-03-14T13:17:25+00:00","mainEntityOfPage":{"@id":"https:\/\/patagoniambiental.com.ar\/info\/bodega-malma-la-primera-bodega-de-neuquen-en-certificar-protocolo-de-sustentabilidad-de-bodegas-de-argentina\/"},"wordCount":204,"commentCount":0,"publisher":{"@id":"https:\/\/patagoniambiental.com.ar\/info\/#organization"},"image":{"@id":"https:\/\/patagoniambiental.com.ar\/info\/bodega-malma-la-primera-bodega-de-neuquen-en-certificar-protocolo-de-sustentabilidad-de-bodegas-de-argentina\/#primaryimage"},"thumbnailUrl":"https:\/\/patagoniambiental.com.ar\/info\/wp-content\/uploads\/2022\/03\/md.jpg","articleSection":["Bolet\u00edn","Neuqu\u00e9n","Noticias","Provinciales","Rotador"],"inLanguage":"es","potentialAction":[{"@type":"CommentAction","name":"Comment","target":["https:\/\/patagoniambiental.com.ar\/info\/bodega-malma-la-primera-bodega-de-neuquen-en-certificar-protocolo-de-sustentabilidad-de-bodegas-de-argentina\/#respond"]}]},{"@type":"WebPage","@id":"https:\/\/patagoniambiental.com.ar\/info\/bodega-malma-la-primera-bodega-de-neuquen-en-certificar-protocolo-de-sustentabilidad-de-bodegas-de-argentina\/","url":"https:\/\/patagoniambiental.com.ar\/info\/bodega-malma-la-primera-bodega-de-neuquen-en-certificar-protocolo-de-sustentabilidad-de-bodegas-de-argentina\/","name":"Bodega Malma, la primera bodega de Neuqu\u00e9n en certificar Protocolo de Sustentabilidad de Bodegas de Argentina","isPartOf":{"@id":"https:\/\/patagoniambiental.com.ar\/info\/#website"},"primaryImageOfPage":{"@id":"https:\/\/patagoniambiental.com.ar\/info\/bodega-malma-la-primera-bodega-de-neuquen-en-certificar-protocolo-de-sustentabilidad-de-bodegas-de-argentina\/#primaryimage"},"image":{"@id":"https:\/\/patagoniambiental.com.ar\/info\/bodega-malma-la-primera-bodega-de-neuquen-en-certificar-protocolo-de-sustentabilidad-de-bodegas-de-argentina\/#primaryimage"},"thumbnailUrl":"https:\/\/patagoniambiental.com.ar\/info\/wp-content\/uploads\/2022\/03\/md.jpg","datePublished":"2022-03-14T10:00:00+00:00","dateModified":"2022-03-14T13:17:25+00:00","breadcrumb":{"@id":"https:\/\/patagoniambiental.com.ar\/info\/bodega-malma-la-primera-bodega-de-neuquen-en-certificar-protocolo-de-sustentabilidad-de-bodegas-de-argentina\/#breadcrumb"},"inLanguage":"es","potentialAction":[{"@type":"ReadAction","target":["https:\/\/patagoniambiental.com.ar\/info\/bodega-malma-la-primera-bodega-de-neuquen-en-certificar-protocolo-de-sustentabilidad-de-bodegas-de-argentina\/"]}]},{"@type":"ImageObject","inLanguage":"es","@id":"https:\/\/patagoniambiental.com.ar\/info\/bodega-malma-la-primera-bodega-de-neuquen-en-certificar-protocolo-de-sustentabilidad-de-bodegas-de-argentina\/#primaryimage","url":"https:\/\/patagoniambiental.com.ar\/info\/wp-content\/uploads\/2022\/03\/md.jpg","contentUrl":"https:\/\/patagoniambiental.com.ar\/info\/wp-content\/uploads\/2022\/03\/md.jpg","width":800,"height":453},{"@type":"BreadcrumbList","@id":"https:\/\/patagoniambiental.com.ar\/info\/bodega-malma-la-primera-bodega-de-neuquen-en-certificar-protocolo-de-sustentabilidad-de-bodegas-de-argentina\/#breadcrumb","itemListElement":[{"@type":"ListItem","position":1,"name":"Inicio","item":"https:\/\/patagoniambiental.com.ar\/info\/"},{"@type":"ListItem","position":2,"name":"Bodega Malma, la primera bodega de Neuqu\u00e9n en certificar Protocolo de Sustentabilidad de Bodegas de Argentina"}]},{"@type":"WebSite","@id":"https:\/\/patagoniambiental.com.ar\/info\/#website","url":"https:\/\/patagoniambiental.com.ar\/info\/","name":"Patagonia Ambiental","description":"Monitoreo y an\u00e1lisis de la situaci\u00f3n geopol\u00edtica en el mundo y su implicancia en la Patagonia","publisher":{"@id":"https:\/\/patagoniambiental.com.ar\/info\/#organization"},"potentialAction":[{"@type":"SearchAction","target":{"@type":"EntryPoint","urlTemplate":"https:\/\/patagoniambiental.com.ar\/info\/?s={search_term_string}"},"query-input":{"@type":"PropertyValueSpecification","valueRequired":true,"valueName":"search_term_string"}}],"inLanguage":"es"},{"@type":"Organization","@id":"https:\/\/patagoniambiental.com.ar\/info\/#organization","name":"Patagonia Ambiental","url":"https:\/\/patagoniambiental.com.ar\/info\/","logo":{"@type":"ImageObject","inLanguage":"es","@id":"https:\/\/patagoniambiental.com.ar\/info\/#\/schema\/logo\/image\/","url":"https:\/\/patagoniambiental.com.ar\/info\/wp-content\/uploads\/2025\/05\/LOGO-PATAGONIA-AMBIENTAL.png","contentUrl":"https:\/\/patagoniambiental.com.ar\/info\/wp-content\/uploads\/2025\/05\/LOGO-PATAGONIA-AMBIENTAL.png","width":433,"height":250,"caption":"Patagonia Ambiental"},"image":{"@id":"https:\/\/patagoniambiental.com.ar\/info\/#\/schema\/logo\/image\/"},"sameAs":["https:\/\/www.facebook.com\/patagonia.ambiental","https:\/\/x.com\/PatAmb"]},{"@type":"Person","@id":"https:\/\/patagoniambiental.com.ar\/info\/#\/schema\/person\/e5af09d700b2e82cb10c6b8800e0c691","name":"BRAIAN ESTEVEZ","sameAs":["http:\/\/www.patagoniambiental.com.ar"]}]}},"_links":{"self":[{"href":"https:\/\/patagoniambiental.com.ar\/info\/wp-json\/wp\/v2\/posts\/75401","targetHints":{"allow":["GET"]}}],"collection":[{"href":"https:\/\/patagoniambiental.com.ar\/info\/wp-json\/wp\/v2\/posts"}],"about":[{"href":"https:\/\/patagoniambiental.com.ar\/info\/wp-json\/wp\/v2\/types\/post"}],"author":[{"embeddable":true,"href":"https:\/\/patagoniambiental.com.ar\/info\/wp-json\/wp\/v2\/users\/6"}],"replies":[{"embeddable":true,"href":"https:\/\/patagoniambiental.com.ar\/info\/wp-json\/wp\/v2\/comments?post=75401"}],"version-history":[{"count":0,"href":"https:\/\/patagoniambiental.com.ar\/info\/wp-json\/wp\/v2\/posts\/75401\/revisions"}],"wp:featuredmedia":[{"embeddable":true,"href":"https:\/\/patagoniambiental.com.ar\/info\/wp-json\/wp\/v2\/media\/75402"}],"wp:attachment":[{"href":"https:\/\/patagoniambiental.com.ar\/info\/wp-json\/wp\/v2\/media?parent=75401"}],"wp:term":[{"taxonomy":"category","embeddable":true,"href":"https:\/\/patagoniambiental.com.ar\/info\/wp-json\/wp\/v2\/categories?post=75401"},{"taxonomy":"post_tag","embeddable":true,"href":"https:\/\/patagoniambiental.com.ar\/info\/wp-json\/wp\/v2\/tags?post=75401"}],"curies":[{"name":"wp","href":"https:\/\/api.w.org\/{rel}","templated":true}]}}