{"id":75407,"date":"2022-03-14T12:14:41","date_gmt":"2022-03-14T15:14:41","guid":{"rendered":"http:\/\/patagoniambiental.com.ar\/info\/?p=75407"},"modified":"2022-03-14T12:14:43","modified_gmt":"2022-03-14T15:14:43","slug":"mapuches-intentaran-convertir-una-parte-del-norte-neuquino-en-una-localidad-turistica","status":"publish","type":"post","link":"https:\/\/patagoniambiental.com.ar\/info\/mapuches-intentaran-convertir-una-parte-del-norte-neuquino-en-una-localidad-turistica\/","title":{"rendered":"Mapuches intentar\u00e1n convertir una parte del norte neuquino en una localidad tur\u00edstica"},"content":{"rendered":"\n<!--more-->\n\n\n\n<p><strong>Lo m\u00e1s destacado ser\u00edan las caminatas a los cerros Centinela, Pan con Az\u00facar y Huaraco.<\/strong><\/p>\n\n\n\n<figure class=\"wp-block-image\"><a href=\"https:\/\/img.minutoneuquen.com\/u\/fotografias\/fotosnoticias\/2022\/3\/12\/533368.jpg\"><img decoding=\"async\" src=\"https:\/\/img.minutoneuquen.com\/u\/fotografias\/m\/2022\/3\/12\/f800x450-533368_584814_5050.jpg\" alt=\"Mapuches intentar\u00e1n convertir una parte del norte neuquino en una localidad tur\u00edstica\"\/><\/a><figcaption>Comunidad Mapuche en Los Miches. Fuente: (Twitter).<\/figcaption><\/figure>\n\n\n\n<p><a href=\"https:\/\/www.minutoneuquen.com\/neuquen\/2022\/3\/12\/mapuches-intentaran-convertir-una-localidad-turistica-una-parte-del-norte-neuquino-308449.html\">Neuqu\u00e9n<\/a><\/p>\n\n\n\n<figure class=\"wp-block-image\"><img decoding=\"async\" src=\"https:\/\/img.minutoneuquen.com\/u\/aps\/noticias\/fotografias\/autor-139.jpg\" alt=\"Federico Mir\"\/><\/figure>\n\n\n\n<p><a href=\"https:\/\/www.minutoneuquen.com\/autor\/federico-mir-munoz.html\">Por Federico Mir<\/a> s\u00e1bado, 12 de marzo de 2022 \u00b7 21:59<\/p>\n\n\n\n<p>M\u00e1s all\u00e1 de la presencia de lugares descubiertos y explotados en el norte de Neuqu\u00e9n, tambi\u00e9n hay otras zonas que son bastante desconocidas. La Laguna Grande en Los Miches es uno de ellos y la comunidad <strong>Mapuche<\/strong> Anti\u00f1ir Pilqui\u00f1an intentar\u00e1 localizarla como una de las nuevas joyas de viaje.<\/p>\n\n\n\n<p>\u201cEl espejo de agua se ubica a unos 20 kil\u00f3metros del pueblo, al pie de la Cordillera de Los Andes e inmersa en un valle donde hay puestos de veranada de la comunidad <strong>Mapuche<\/strong>\u201d, se\u00f1alaron desde Turismo. Seg\u00fan <a href=\"https:\/\/es.wikipedia.org\/wiki\/Pueblo_mapuche\" target=\"_blank\" rel=\"noreferrer noopener\">los araucanos<\/a>, a caballo el recorrido aproximado es de tres horas y tambi\u00e9n hay huella para veh\u00edculos.<\/p>\n\n\n\n<figure class=\"wp-block-image\"><img decoding=\"async\" src=\"https:\/\/www.minutoneuquen.com\/u\/fotografias\/m\/2022\/3\/12\/f768x1-533371_533498_0.jpg\" alt=\"\"\/><figcaption>El Lonco de la comunidad.<\/figcaption><\/figure>\n\n\n\n<p>\u201cLa intenci\u00f3n es aprovechar el auge y la afluencia de turistas por la hoster\u00eda que se est\u00e1 terminando de construir en el pueblo. Adem\u00e1s, buscan poner en valor la artesan\u00eda <strong>mapuche <\/strong>y la huella a las veranadas del lugar\u201d, agregaron.<\/p>\n\n\n\n<p>Declararon sobre el deseo de <a href=\"https:\/\/www.patagonia.com.ar\/circuitos\/917_Ruta+Tur%C3%ADstica+Mapuche+del+Neuqu%C3%A9n.html\" target=\"_blank\" rel=\"noreferrer noopener\">los reches<\/a>: \u201cNo hay precisiones si es ideal para la pesca, pero si para los agradables chapuzones veraniegos. Por esta raz\u00f3n, es que el municipio de Los Miches, la directiva de la comunidad Anti\u00f1ir Pilqui\u00f1an y el Ministerio de Turismo impulsar\u00e1n capacitaciones\u201d.<\/p>\n\n\n\n<figure class=\"wp-block-image\"><img decoding=\"async\" src=\"https:\/\/www.minutoneuquen.com\/u\/fotografias\/m\/2022\/3\/12\/f768x1-533370_533497_5050.jpg\" alt=\"\"\/><figcaption>Laguna Grande.<\/figcaption><\/figure>\n\n\n\n<p>\u201cEn Los Miches el Gobierno provincial construye la cuarta hoster\u00eda de Neuqu\u00e9n, con ladrillos de madera de Corfone. Sumado a la construcci\u00f3n de la hoster\u00eda, se est\u00e1 llevando a cabo una oficina de turismo y un paseo costero de 700 metros que buscar\u00e1 embellecer a Los Miches con una incomparable vista al ca\u00f1ad\u00f3n del r\u00edo Lileo\u201d, informaron.<\/p>\n\n\n\n<h3 class=\"wp-block-heading\">Palabra autorizada<\/h3>\n\n\n\n<p>El Lonco Gustavo Anti\u00f1ir sostuvo el deseo <strong>Mapuche<\/strong>: \u201cEn el pueblo se est\u00e1 haciendo una hoster\u00eda que va a traer mucho turismo para Los Miches y tambi\u00e9n para la comunidad. La idea de nosotros es ir trabajando con eso tambi\u00e9n, para poder preparar a nuestra gente para que haga de gu\u00edas en cabalgatas y caminatas\u201d.<\/p>\n\n\n\n<figure class=\"wp-block-image\"><img decoding=\"async\" src=\"https:\/\/www.minutoneuquen.com\/u\/fotografias\/m\/2022\/3\/12\/f768x1-533369_533496_5050.jpg\" alt=\"\"\/><figcaption>Ariel Aravena, exintendente de Andacollo, colabora como gestor, pero tambi\u00e9n desde su experiencia en el monta\u00f1ismo.<\/figcaption><\/figure>\n\n\n\n<p>\u201cComo Lonco de la comunidad puedo decir que estamos programando y proyectando muchas ideas respecto al turismo a futuro, pero mientas tanto la intenci\u00f3n b\u00e1sica es capacitar a nuestra gente hasta que se termine la hoster\u00eda y se ponga en marcha\u201d, a\u00f1adi\u00f3.<\/p>\n\n\n\n<p>Fuente: https:\/\/www.minutoneuquen.com\/neuquen\/2022\/3\/12\/mapuches-intentaran-convertir-una-localidad-turistica-una-parte-del-norte-neuquino-308449.html<\/p>\n","protected":false},"excerpt":{"rendered":"","protected":false},"author":6,"featured_media":75408,"comment_status":"open","ping_status":"open","sticky":false,"template":"","format":"standard","meta":{"site-sidebar-layout":"default","site-content-layout":"","ast-site-content-layout":"default","site-content-style":"default","site-sidebar-style":"default","ast-global-header-display":"","ast-banner-title-visibility":"","ast-main-header-display":"","ast-hfb-above-header-display":"","ast-hfb-below-header-display":"","ast-hfb-mobile-header-display":"","site-post-title":"","ast-breadcrumbs-content":"","ast-featured-img":"","footer-sml-layout":"","ast-disable-related-posts":"","theme-transparent-header-meta":"","adv-header-id-meta":"","stick-header-meta":"","header-above-stick-meta":"","header-main-stick-meta":"","header-below-stick-meta":"","astra-migrate-meta-layouts":"default","ast-page-background-enabled":"default","ast-page-background-meta":{"desktop":{"background-color":"var(--ast-global-color-5)","background-image":"","background-repeat":"repeat","background-position":"center center","background-size":"auto","background-attachment":"scroll","background-type":"","background-media":"","overlay-type":"","overlay-color":"","overlay-opacity":"","overlay-gradient":""},"tablet":{"background-color":"","background-image":"","background-repeat":"repeat","background-position":"center center","background-size":"auto","background-attachment":"scroll","background-type":"","background-media":"","overlay-type":"","overlay-color":"","overlay-opacity":"","overlay-gradient":""},"mobile":{"background-color":"","background-image":"","background-repeat":"repeat","background-position":"center center","background-size":"auto","background-attachment":"scroll","background-type":"","background-media":"","overlay-type":"","overlay-color":"","overlay-opacity":"","overlay-gradient":""}},"ast-content-background-meta":{"desktop":{"background-color":"var(--ast-global-color-4)","background-image":"","background-repeat":"repeat","background-position":"center center","background-size":"auto","background-attachment":"scroll","background-type":"","background-media":"","overlay-type":"","overlay-color":"","overlay-opacity":"","overlay-gradient":""},"tablet":{"background-color":"var(--ast-global-color-4)","background-image":"","background-repeat":"repeat","background-position":"center center","background-size":"auto","background-attachment":"scroll","background-type":"","background-media":"","overlay-type":"","overlay-color":"","overlay-opacity":"","overlay-gradient":""},"mobile":{"background-color":"var(--ast-global-color-4)","background-image":"","background-repeat":"repeat","background-position":"center center","background-size":"auto","background-attachment":"scroll","background-type":"","background-media":"","overlay-type":"","overlay-color":"","overlay-opacity":"","overlay-gradient":""}},"footnotes":""},"categories":[18,1,13],"tags":[],"class_list":["post-75407","post","type-post","status-publish","format-standard","has-post-thumbnail","hentry","category-neuquen","category-noticias","category-provinciales"],"yoast_head":"<!-- This site is optimized with the Yoast SEO Premium plugin v23.0 (Yoast SEO v27.4) - https:\/\/yoast.com\/product\/yoast-seo-premium-wordpress\/ -->\n<title>Mapuches intentar\u00e1n convertir una parte del norte neuquino en una localidad tur\u00edstica<\/title>\n<meta name=\"robots\" content=\"index, follow, max-snippet:-1, max-image-preview:large, max-video-preview:-1\" \/>\n<link rel=\"canonical\" href=\"https:\/\/patagoniambiental.com.ar\/info\/mapuches-intentaran-convertir-una-parte-del-norte-neuquino-en-una-localidad-turistica\/\" \/>\n<meta property=\"og:locale\" content=\"es_ES\" \/>\n<meta property=\"og:type\" content=\"article\" \/>\n<meta property=\"og:title\" content=\"Mapuches intentar\u00e1n convertir una parte del norte neuquino en una localidad tur\u00edstica\" \/>\n<meta property=\"og:url\" content=\"https:\/\/patagoniambiental.com.ar\/info\/mapuches-intentaran-convertir-una-parte-del-norte-neuquino-en-una-localidad-turistica\/\" \/>\n<meta property=\"og:site_name\" content=\"Patagonia Ambiental\" \/>\n<meta property=\"article:publisher\" content=\"https:\/\/www.facebook.com\/patagonia.ambiental\" \/>\n<meta property=\"article:published_time\" content=\"2022-03-14T15:14:41+00:00\" \/>\n<meta property=\"article:modified_time\" content=\"2022-03-14T15:14:43+00:00\" \/>\n<meta property=\"og:image\" content=\"https:\/\/patagoniambiental.com.ar\/info\/wp-content\/uploads\/2022\/03\/miche.jpeg\" \/>\n\t<meta property=\"og:image:width\" content=\"800\" \/>\n\t<meta property=\"og:image:height\" content=\"450\" \/>\n\t<meta property=\"og:image:type\" content=\"image\/jpeg\" \/>\n<meta name=\"author\" content=\"BRAIAN ESTEVEZ\" \/>\n<meta name=\"twitter:card\" content=\"summary_large_image\" \/>\n<meta name=\"twitter:creator\" content=\"@PatAmb\" \/>\n<meta name=\"twitter:site\" content=\"@PatAmb\" \/>\n<script type=\"application\/ld+json\" class=\"yoast-schema-graph\">{\"@context\":\"https:\\\/\\\/schema.org\",\"@graph\":[{\"@type\":\"Article\",\"@id\":\"https:\\\/\\\/patagoniambiental.com.ar\\\/info\\\/mapuches-intentaran-convertir-una-parte-del-norte-neuquino-en-una-localidad-turistica\\\/#article\",\"isPartOf\":{\"@id\":\"https:\\\/\\\/patagoniambiental.com.ar\\\/info\\\/mapuches-intentaran-convertir-una-parte-del-norte-neuquino-en-una-localidad-turistica\\\/\"},\"author\":{\"name\":\"BRAIAN ESTEVEZ\",\"@id\":\"https:\\\/\\\/patagoniambiental.com.ar\\\/info\\\/#\\\/schema\\\/person\\\/e5af09d700b2e82cb10c6b8800e0c691\"},\"headline\":\"Mapuches intentar\u00e1n convertir una parte del norte neuquino en una localidad tur\u00edstica\",\"datePublished\":\"2022-03-14T15:14:41+00:00\",\"dateModified\":\"2022-03-14T15:14:43+00:00\",\"mainEntityOfPage\":{\"@id\":\"https:\\\/\\\/patagoniambiental.com.ar\\\/info\\\/mapuches-intentaran-convertir-una-parte-del-norte-neuquino-en-una-localidad-turistica\\\/\"},\"wordCount\":461,\"commentCount\":0,\"publisher\":{\"@id\":\"https:\\\/\\\/patagoniambiental.com.ar\\\/info\\\/#organization\"},\"image\":{\"@id\":\"https:\\\/\\\/patagoniambiental.com.ar\\\/info\\\/mapuches-intentaran-convertir-una-parte-del-norte-neuquino-en-una-localidad-turistica\\\/#primaryimage\"},\"thumbnailUrl\":\"https:\\\/\\\/patagoniambiental.com.ar\\\/info\\\/wp-content\\\/uploads\\\/2022\\\/03\\\/miche.jpeg\",\"articleSection\":[\"Neuqu\u00e9n\",\"Noticias\",\"Provinciales\"],\"inLanguage\":\"es\",\"potentialAction\":[{\"@type\":\"CommentAction\",\"name\":\"Comment\",\"target\":[\"https:\\\/\\\/patagoniambiental.com.ar\\\/info\\\/mapuches-intentaran-convertir-una-parte-del-norte-neuquino-en-una-localidad-turistica\\\/#respond\"]}]},{\"@type\":\"WebPage\",\"@id\":\"https:\\\/\\\/patagoniambiental.com.ar\\\/info\\\/mapuches-intentaran-convertir-una-parte-del-norte-neuquino-en-una-localidad-turistica\\\/\",\"url\":\"https:\\\/\\\/patagoniambiental.com.ar\\\/info\\\/mapuches-intentaran-convertir-una-parte-del-norte-neuquino-en-una-localidad-turistica\\\/\",\"name\":\"Mapuches intentar\u00e1n convertir una parte del norte neuquino en una localidad tur\u00edstica\",\"isPartOf\":{\"@id\":\"https:\\\/\\\/patagoniambiental.com.ar\\\/info\\\/#website\"},\"primaryImageOfPage\":{\"@id\":\"https:\\\/\\\/patagoniambiental.com.ar\\\/info\\\/mapuches-intentaran-convertir-una-parte-del-norte-neuquino-en-una-localidad-turistica\\\/#primaryimage\"},\"image\":{\"@id\":\"https:\\\/\\\/patagoniambiental.com.ar\\\/info\\\/mapuches-intentaran-convertir-una-parte-del-norte-neuquino-en-una-localidad-turistica\\\/#primaryimage\"},\"thumbnailUrl\":\"https:\\\/\\\/patagoniambiental.com.ar\\\/info\\\/wp-content\\\/uploads\\\/2022\\\/03\\\/miche.jpeg\",\"datePublished\":\"2022-03-14T15:14:41+00:00\",\"dateModified\":\"2022-03-14T15:14:43+00:00\",\"breadcrumb\":{\"@id\":\"https:\\\/\\\/patagoniambiental.com.ar\\\/info\\\/mapuches-intentaran-convertir-una-parte-del-norte-neuquino-en-una-localidad-turistica\\\/#breadcrumb\"},\"inLanguage\":\"es\",\"potentialAction\":[{\"@type\":\"ReadAction\",\"target\":[\"https:\\\/\\\/patagoniambiental.com.ar\\\/info\\\/mapuches-intentaran-convertir-una-parte-del-norte-neuquino-en-una-localidad-turistica\\\/\"]}]},{\"@type\":\"ImageObject\",\"inLanguage\":\"es\",\"@id\":\"https:\\\/\\\/patagoniambiental.com.ar\\\/info\\\/mapuches-intentaran-convertir-una-parte-del-norte-neuquino-en-una-localidad-turistica\\\/#primaryimage\",\"url\":\"https:\\\/\\\/patagoniambiental.com.ar\\\/info\\\/wp-content\\\/uploads\\\/2022\\\/03\\\/miche.jpeg\",\"contentUrl\":\"https:\\\/\\\/patagoniambiental.com.ar\\\/info\\\/wp-content\\\/uploads\\\/2022\\\/03\\\/miche.jpeg\",\"width\":800,\"height\":450},{\"@type\":\"BreadcrumbList\",\"@id\":\"https:\\\/\\\/patagoniambiental.com.ar\\\/info\\\/mapuches-intentaran-convertir-una-parte-del-norte-neuquino-en-una-localidad-turistica\\\/#breadcrumb\",\"itemListElement\":[{\"@type\":\"ListItem\",\"position\":1,\"name\":\"Inicio\",\"item\":\"https:\\\/\\\/patagoniambiental.com.ar\\\/info\\\/\"},{\"@type\":\"ListItem\",\"position\":2,\"name\":\"Mapuches intentar\u00e1n convertir una parte del norte neuquino en una localidad tur\u00edstica\"}]},{\"@type\":\"WebSite\",\"@id\":\"https:\\\/\\\/patagoniambiental.com.ar\\\/info\\\/#website\",\"url\":\"https:\\\/\\\/patagoniambiental.com.ar\\\/info\\\/\",\"name\":\"Patagonia Ambiental\",\"description\":\"Monitoreo y an\u00e1lisis de la situaci\u00f3n geopol\u00edtica en el mundo y su implicancia en la Patagonia\",\"publisher\":{\"@id\":\"https:\\\/\\\/patagoniambiental.com.ar\\\/info\\\/#organization\"},\"potentialAction\":[{\"@type\":\"SearchAction\",\"target\":{\"@type\":\"EntryPoint\",\"urlTemplate\":\"https:\\\/\\\/patagoniambiental.com.ar\\\/info\\\/?s={search_term_string}\"},\"query-input\":{\"@type\":\"PropertyValueSpecification\",\"valueRequired\":true,\"valueName\":\"search_term_string\"}}],\"inLanguage\":\"es\"},{\"@type\":\"Organization\",\"@id\":\"https:\\\/\\\/patagoniambiental.com.ar\\\/info\\\/#organization\",\"name\":\"Patagonia Ambiental\",\"url\":\"https:\\\/\\\/patagoniambiental.com.ar\\\/info\\\/\",\"logo\":{\"@type\":\"ImageObject\",\"inLanguage\":\"es\",\"@id\":\"https:\\\/\\\/patagoniambiental.com.ar\\\/info\\\/#\\\/schema\\\/logo\\\/image\\\/\",\"url\":\"https:\\\/\\\/patagoniambiental.com.ar\\\/info\\\/wp-content\\\/uploads\\\/2025\\\/05\\\/LOGO-PATAGONIA-AMBIENTAL.png\",\"contentUrl\":\"https:\\\/\\\/patagoniambiental.com.ar\\\/info\\\/wp-content\\\/uploads\\\/2025\\\/05\\\/LOGO-PATAGONIA-AMBIENTAL.png\",\"width\":433,\"height\":250,\"caption\":\"Patagonia Ambiental\"},\"image\":{\"@id\":\"https:\\\/\\\/patagoniambiental.com.ar\\\/info\\\/#\\\/schema\\\/logo\\\/image\\\/\"},\"sameAs\":[\"https:\\\/\\\/www.facebook.com\\\/patagonia.ambiental\",\"https:\\\/\\\/x.com\\\/PatAmb\"]},{\"@type\":\"Person\",\"@id\":\"https:\\\/\\\/patagoniambiental.com.ar\\\/info\\\/#\\\/schema\\\/person\\\/e5af09d700b2e82cb10c6b8800e0c691\",\"name\":\"BRAIAN ESTEVEZ\",\"sameAs\":[\"http:\\\/\\\/www.patagoniambiental.com.ar\"]}]}<\/script>\n<!-- \/ Yoast SEO Premium plugin. -->","yoast_head_json":{"title":"Mapuches intentar\u00e1n convertir una parte del norte neuquino en una localidad tur\u00edstica","robots":{"index":"index","follow":"follow","max-snippet":"max-snippet:-1","max-image-preview":"max-image-preview:large","max-video-preview":"max-video-preview:-1"},"canonical":"https:\/\/patagoniambiental.com.ar\/info\/mapuches-intentaran-convertir-una-parte-del-norte-neuquino-en-una-localidad-turistica\/","og_locale":"es_ES","og_type":"article","og_title":"Mapuches intentar\u00e1n convertir una parte del norte neuquino en una localidad tur\u00edstica","og_url":"https:\/\/patagoniambiental.com.ar\/info\/mapuches-intentaran-convertir-una-parte-del-norte-neuquino-en-una-localidad-turistica\/","og_site_name":"Patagonia Ambiental","article_publisher":"https:\/\/www.facebook.com\/patagonia.ambiental","article_published_time":"2022-03-14T15:14:41+00:00","article_modified_time":"2022-03-14T15:14:43+00:00","og_image":[{"width":800,"height":450,"url":"https:\/\/patagoniambiental.com.ar\/info\/wp-content\/uploads\/2022\/03\/miche.jpeg","type":"image\/jpeg"}],"author":"BRAIAN ESTEVEZ","twitter_card":"summary_large_image","twitter_creator":"@PatAmb","twitter_site":"@PatAmb","schema":{"@context":"https:\/\/schema.org","@graph":[{"@type":"Article","@id":"https:\/\/patagoniambiental.com.ar\/info\/mapuches-intentaran-convertir-una-parte-del-norte-neuquino-en-una-localidad-turistica\/#article","isPartOf":{"@id":"https:\/\/patagoniambiental.com.ar\/info\/mapuches-intentaran-convertir-una-parte-del-norte-neuquino-en-una-localidad-turistica\/"},"author":{"name":"BRAIAN ESTEVEZ","@id":"https:\/\/patagoniambiental.com.ar\/info\/#\/schema\/person\/e5af09d700b2e82cb10c6b8800e0c691"},"headline":"Mapuches intentar\u00e1n convertir una parte del norte neuquino en una localidad tur\u00edstica","datePublished":"2022-03-14T15:14:41+00:00","dateModified":"2022-03-14T15:14:43+00:00","mainEntityOfPage":{"@id":"https:\/\/patagoniambiental.com.ar\/info\/mapuches-intentaran-convertir-una-parte-del-norte-neuquino-en-una-localidad-turistica\/"},"wordCount":461,"commentCount":0,"publisher":{"@id":"https:\/\/patagoniambiental.com.ar\/info\/#organization"},"image":{"@id":"https:\/\/patagoniambiental.com.ar\/info\/mapuches-intentaran-convertir-una-parte-del-norte-neuquino-en-una-localidad-turistica\/#primaryimage"},"thumbnailUrl":"https:\/\/patagoniambiental.com.ar\/info\/wp-content\/uploads\/2022\/03\/miche.jpeg","articleSection":["Neuqu\u00e9n","Noticias","Provinciales"],"inLanguage":"es","potentialAction":[{"@type":"CommentAction","name":"Comment","target":["https:\/\/patagoniambiental.com.ar\/info\/mapuches-intentaran-convertir-una-parte-del-norte-neuquino-en-una-localidad-turistica\/#respond"]}]},{"@type":"WebPage","@id":"https:\/\/patagoniambiental.com.ar\/info\/mapuches-intentaran-convertir-una-parte-del-norte-neuquino-en-una-localidad-turistica\/","url":"https:\/\/patagoniambiental.com.ar\/info\/mapuches-intentaran-convertir-una-parte-del-norte-neuquino-en-una-localidad-turistica\/","name":"Mapuches intentar\u00e1n convertir una parte del norte neuquino en una localidad tur\u00edstica","isPartOf":{"@id":"https:\/\/patagoniambiental.com.ar\/info\/#website"},"primaryImageOfPage":{"@id":"https:\/\/patagoniambiental.com.ar\/info\/mapuches-intentaran-convertir-una-parte-del-norte-neuquino-en-una-localidad-turistica\/#primaryimage"},"image":{"@id":"https:\/\/patagoniambiental.com.ar\/info\/mapuches-intentaran-convertir-una-parte-del-norte-neuquino-en-una-localidad-turistica\/#primaryimage"},"thumbnailUrl":"https:\/\/patagoniambiental.com.ar\/info\/wp-content\/uploads\/2022\/03\/miche.jpeg","datePublished":"2022-03-14T15:14:41+00:00","dateModified":"2022-03-14T15:14:43+00:00","breadcrumb":{"@id":"https:\/\/patagoniambiental.com.ar\/info\/mapuches-intentaran-convertir-una-parte-del-norte-neuquino-en-una-localidad-turistica\/#breadcrumb"},"inLanguage":"es","potentialAction":[{"@type":"ReadAction","target":["https:\/\/patagoniambiental.com.ar\/info\/mapuches-intentaran-convertir-una-parte-del-norte-neuquino-en-una-localidad-turistica\/"]}]},{"@type":"ImageObject","inLanguage":"es","@id":"https:\/\/patagoniambiental.com.ar\/info\/mapuches-intentaran-convertir-una-parte-del-norte-neuquino-en-una-localidad-turistica\/#primaryimage","url":"https:\/\/patagoniambiental.com.ar\/info\/wp-content\/uploads\/2022\/03\/miche.jpeg","contentUrl":"https:\/\/patagoniambiental.com.ar\/info\/wp-content\/uploads\/2022\/03\/miche.jpeg","width":800,"height":450},{"@type":"BreadcrumbList","@id":"https:\/\/patagoniambiental.com.ar\/info\/mapuches-intentaran-convertir-una-parte-del-norte-neuquino-en-una-localidad-turistica\/#breadcrumb","itemListElement":[{"@type":"ListItem","position":1,"name":"Inicio","item":"https:\/\/patagoniambiental.com.ar\/info\/"},{"@type":"ListItem","position":2,"name":"Mapuches intentar\u00e1n convertir una parte del norte neuquino en una localidad tur\u00edstica"}]},{"@type":"WebSite","@id":"https:\/\/patagoniambiental.com.ar\/info\/#website","url":"https:\/\/patagoniambiental.com.ar\/info\/","name":"Patagonia Ambiental","description":"Monitoreo y an\u00e1lisis de la situaci\u00f3n geopol\u00edtica en el mundo y su implicancia en la Patagonia","publisher":{"@id":"https:\/\/patagoniambiental.com.ar\/info\/#organization"},"potentialAction":[{"@type":"SearchAction","target":{"@type":"EntryPoint","urlTemplate":"https:\/\/patagoniambiental.com.ar\/info\/?s={search_term_string}"},"query-input":{"@type":"PropertyValueSpecification","valueRequired":true,"valueName":"search_term_string"}}],"inLanguage":"es"},{"@type":"Organization","@id":"https:\/\/patagoniambiental.com.ar\/info\/#organization","name":"Patagonia Ambiental","url":"https:\/\/patagoniambiental.com.ar\/info\/","logo":{"@type":"ImageObject","inLanguage":"es","@id":"https:\/\/patagoniambiental.com.ar\/info\/#\/schema\/logo\/image\/","url":"https:\/\/patagoniambiental.com.ar\/info\/wp-content\/uploads\/2025\/05\/LOGO-PATAGONIA-AMBIENTAL.png","contentUrl":"https:\/\/patagoniambiental.com.ar\/info\/wp-content\/uploads\/2025\/05\/LOGO-PATAGONIA-AMBIENTAL.png","width":433,"height":250,"caption":"Patagonia Ambiental"},"image":{"@id":"https:\/\/patagoniambiental.com.ar\/info\/#\/schema\/logo\/image\/"},"sameAs":["https:\/\/www.facebook.com\/patagonia.ambiental","https:\/\/x.com\/PatAmb"]},{"@type":"Person","@id":"https:\/\/patagoniambiental.com.ar\/info\/#\/schema\/person\/e5af09d700b2e82cb10c6b8800e0c691","name":"BRAIAN ESTEVEZ","sameAs":["http:\/\/www.patagoniambiental.com.ar"]}]}},"_links":{"self":[{"href":"https:\/\/patagoniambiental.com.ar\/info\/wp-json\/wp\/v2\/posts\/75407","targetHints":{"allow":["GET"]}}],"collection":[{"href":"https:\/\/patagoniambiental.com.ar\/info\/wp-json\/wp\/v2\/posts"}],"about":[{"href":"https:\/\/patagoniambiental.com.ar\/info\/wp-json\/wp\/v2\/types\/post"}],"author":[{"embeddable":true,"href":"https:\/\/patagoniambiental.com.ar\/info\/wp-json\/wp\/v2\/users\/6"}],"replies":[{"embeddable":true,"href":"https:\/\/patagoniambiental.com.ar\/info\/wp-json\/wp\/v2\/comments?post=75407"}],"version-history":[{"count":0,"href":"https:\/\/patagoniambiental.com.ar\/info\/wp-json\/wp\/v2\/posts\/75407\/revisions"}],"wp:featuredmedia":[{"embeddable":true,"href":"https:\/\/patagoniambiental.com.ar\/info\/wp-json\/wp\/v2\/media\/75408"}],"wp:attachment":[{"href":"https:\/\/patagoniambiental.com.ar\/info\/wp-json\/wp\/v2\/media?parent=75407"}],"wp:term":[{"taxonomy":"category","embeddable":true,"href":"https:\/\/patagoniambiental.com.ar\/info\/wp-json\/wp\/v2\/categories?post=75407"},{"taxonomy":"post_tag","embeddable":true,"href":"https:\/\/patagoniambiental.com.ar\/info\/wp-json\/wp\/v2\/tags?post=75407"}],"curies":[{"name":"wp","href":"https:\/\/api.w.org\/{rel}","templated":true}]}}