{"id":75438,"date":"2022-03-18T07:00:00","date_gmt":"2022-03-18T10:00:00","guid":{"rendered":"http:\/\/patagoniambiental.com.ar\/info\/?p=75438"},"modified":"2022-03-17T09:59:40","modified_gmt":"2022-03-17T12:59:40","slug":"fundacion-garrahan-rio-gallegos-el-compromiso-con-el-medio-ambiente-y-las-causas-solidarias","status":"publish","type":"post","link":"https:\/\/patagoniambiental.com.ar\/info\/fundacion-garrahan-rio-gallegos-el-compromiso-con-el-medio-ambiente-y-las-causas-solidarias\/","title":{"rendered":"Fundaci\u00f3n Garrahan R\u00edo Gallegos: El compromiso con el medio ambiente y las causas solidarias"},"content":{"rendered":"\n<!--more-->\n\n\n\n<p>Diez a\u00f1os atr\u00e1s nac\u00eda en R\u00edo Gallegos la Fundaci\u00f3n Garrahan, la cual re\u00fane a decenas de vecinos que bregan por aquellos m\u00e1s vulnerables y por el cuidado del medio ambiente de manera totalmente altruista.<\/p>\n\n\n\n<ul class=\"wp-block-list\"><li><\/li><\/ul>\n\n\n\n<figure class=\"wp-block-image\"><img decoding=\"async\" src=\"https:\/\/www.tiemposur.com.ar\/uploads\/noticia_galeria\/2022\/03\/16\/file_133651_main1\" alt=\"La Fundaci\u00f3n Garrahan R\u00edo Gallegos trabaja separando materiales reciclables.\"\/><\/figure>\n\n\n\n<p>La Fundaci\u00f3n Garrahan R\u00edo Gallegos trabaja separando materiales reciclables.<\/p>\n\n\n\n<p>La Fundaci\u00f3n Garrahan <strong><a href=\"https:\/\/www.tiemposur.com.ar\/buscar?s=r%C3%ADo%20gallegos%20&amp;p=1\">R\u00edo Gallegos<\/a><\/strong> naci\u00f3 como una necesidad de agradecer. Todo comenz\u00f3 como un pedido de ayuda para el hijo de Teresa Ponce, quien ahora encabeza esta fundaci\u00f3n: \u201cFue a trav\u00e9s de la operaci\u00f3n de mi hijo, a quien (la Fundaci\u00f3n <strong><a href=\"https:\/\/www.tiemposur.com.ar\/buscar?s=garrahan&amp;p=1\">Garrahan<\/a><\/strong>) le hicieron tres operaciones a la vista y un implante porque naci\u00f3 sin ver. Decid\u00ed, hace ya trece a\u00f1os, mandar un env\u00edo de tapitas que comenc\u00e9 a recolectar por todo R\u00edo Gallegos, para agradecer lo que hab\u00edan hecho por mi hijo, porque eso no tiene precio\u201d, contaba Teresa.<\/p>\n\n\n\n<p>\u201cSe me fue haciendo piel. Ya llevo trece a\u00f1os y sigo agradeciendo. Yo voy a morir pagando con tapitas, porque para m\u00ed esto es un orgullo y un ejemplo de vida que le han hecho a mi hijo\u201d, rememor\u00f3.<\/p>\n\n\n\n<p>Al ser consultaba por <strong>TiempoSur <\/strong>sobre la cantidad de voluntarios que posee la fundaci\u00f3n, Teresa explic\u00f3 que \u201ccada d\u00eda se suma m\u00e1s gente, cada vez trabajamos m\u00e1s. Los chicos que est\u00e1n trabajando ac\u00e1, que es un grupo de m\u00e1s o menos 20 chicos en total, est\u00e1n viniendo hace cuatro o cinco a\u00f1os. Hay una se\u00f1ora que hace casi seis a\u00f1os que est\u00e1 con nosotros y no se han ido, siguen apostando a lo que es la Fundaci\u00f3n\u201d, remarc\u00f3 Teresa.<\/p>\n\n\n\n<h2 class=\"wp-block-heading\"><strong>Cuidar el medioambiente<\/strong><\/h2>\n\n\n\n<p>La Fundaci\u00f3n Garrahan R\u00edo Gallegos no s\u00f3lo se dedica a la recolecci\u00f3n de tapitas, tambi\u00e9n tienen un fuerte compromiso medioambiental con los espacios de R\u00edo Gallegos: \u201cNosotros colaboramos con los chicos de la Municipalidad en la limpieza de la ciudad, cuando hacen campa\u00f1as de limpieza. Es un trabajo mutuo: nosotros colaboramos con ellos y ellos colaboran con nosotros. Nosotros sabemos que toda esta basura que juntamos vuelve a la cadena de consumo y vuelve convertido en materiales para la venta. Sabemos que todo esto es ganancia para el Garrahan\u201d, remarc\u00f3, al igual que coment\u00f3 que la Fundaci\u00f3n Garrahan de la ciudad de Buenos Aires atiende a todas aquellas personas \u201cque no tienen obra social. Ten\u00e9s una fundaci\u00f3n a la cual van a parar las madres que no tienen obra social. Hay algunas mam\u00e1s que est\u00e1n entre 7 y 9 a\u00f1os viviendo ah\u00ed, por los tratamientos de a\u00f1os de sus hijos y no saben lo que es pagar o el shampoo o los pa\u00f1ales, les da todo la Fundaci\u00f3n\u201d, a\u00f1adi\u00f3 la referente de la Fundaci\u00f3n Garrahan de R\u00edo Gallegos.<\/p>\n\n\n\n<p>\u201cEsto se contagia d\u00eda a d\u00eda. En el caso nuestro, del grupo de colaboradores que trabajan con nosotros, vos los ves que vienen caminando con su bolsita y levantando lo que son botellas, latas y tapitas. Con esto ayudamos a embellecer la ciudad nosotros mismos. Estamos cuidando el medio ambiente\u201d, a\u00f1adi\u00f3 Ponce.<\/p>\n\n\n\n<figure class=\"wp-block-image\"><img decoding=\"async\" src=\"https:\/\/www.tiemposur.com.ar\/uploads\/ckfinder\/userfiles\/images\/GARRAHAN.jpg\" alt=\"\"\/><\/figure>\n\n\n\n<p>Teresa Ponce junto a los colaboradores de la Fundaci\u00f3n Garrahan R\u00edo Gallegos.<\/p>\n\n\n\n<h2 class=\"wp-block-heading\"><strong>C\u00f3mo trabaja la Fundaci\u00f3n<\/strong><\/h2>\n\n\n\n<p>Teresa explic\u00f3 que todo el procedimiento de reciclado y separaci\u00f3n se lleva a cabo en los dep\u00f3sitos: \u201cAc\u00e1 mismo en el dep\u00f3sito se separa todo lo que es cart\u00f3n, papel, papel de diario, papel de colores y las tapitas van separadas por color. Nosotros al separar las tapitas por color a la Fundaci\u00f3n le pagan tres veces m\u00e1s su valor, por lo que es important\u00edsimo que nosotros separemos las tapitas por color\u201d, agreg\u00f3.<\/p>\n\n\n\n<h2 class=\"wp-block-heading\"><strong>Los abuelitos, una gran ayuda<\/strong><\/h2>\n\n\n\n<p>Existe un grupo de abuelitos en R\u00edo Gallegos, los cuales se encuentran jubilados o pertenecen a hogares de ancianos, que ayudan a la Fundaci\u00f3n Garrahan R\u00edo Gallegos separando grandes bolsones de tapitas por color: \u201cPor lo general, las tapitas son separadas por color por un grupo de abuelos que se ha sumado a trabajar con nosotros. Les llevamos las cajas hoy, por ejemplo, y ya ma\u00f1ana las vamos a buscar y nos separan bolsones de tapitas por color. Eso suma y toda la gente est\u00e1 trabajando y se est\u00e1 dando cuenta realmente lo que es trabajar con el medioambiente\u201d, concluy\u00f3 Teresa.<\/p>\n\n\n\n<p>Fuente: Tiempo Sur<\/p>\n","protected":false},"excerpt":{"rendered":"","protected":false},"author":6,"featured_media":75439,"comment_status":"open","ping_status":"open","sticky":false,"template":"","format":"standard","meta":{"site-sidebar-layout":"default","site-content-layout":"","ast-site-content-layout":"default","site-content-style":"default","site-sidebar-style":"default","ast-global-header-display":"","ast-banner-title-visibility":"","ast-main-header-display":"","ast-hfb-above-header-display":"","ast-hfb-below-header-display":"","ast-hfb-mobile-header-display":"","site-post-title":"","ast-breadcrumbs-content":"","ast-featured-img":"","footer-sml-layout":"","ast-disable-related-posts":"","theme-transparent-header-meta":"","adv-header-id-meta":"","stick-header-meta":"","header-above-stick-meta":"","header-main-stick-meta":"","header-below-stick-meta":"","astra-migrate-meta-layouts":"default","ast-page-background-enabled":"default","ast-page-background-meta":{"desktop":{"background-color":"var(--ast-global-color-5)","background-image":"","background-repeat":"repeat","background-position":"center center","background-size":"auto","background-attachment":"scroll","background-type":"","background-media":"","overlay-type":"","overlay-color":"","overlay-opacity":"","overlay-gradient":""},"tablet":{"background-color":"","background-image":"","background-repeat":"repeat","background-position":"center center","background-size":"auto","background-attachment":"scroll","background-type":"","background-media":"","overlay-type":"","overlay-color":"","overlay-opacity":"","overlay-gradient":""},"mobile":{"background-color":"","background-image":"","background-repeat":"repeat","background-position":"center center","background-size":"auto","background-attachment":"scroll","background-type":"","background-media":"","overlay-type":"","overlay-color":"","overlay-opacity":"","overlay-gradient":""}},"ast-content-background-meta":{"desktop":{"background-color":"var(--ast-global-color-4)","background-image":"","background-repeat":"repeat","background-position":"center center","background-size":"auto","background-attachment":"scroll","background-type":"","background-media":"","overlay-type":"","overlay-color":"","overlay-opacity":"","overlay-gradient":""},"tablet":{"background-color":"var(--ast-global-color-4)","background-image":"","background-repeat":"repeat","background-position":"center center","background-size":"auto","background-attachment":"scroll","background-type":"","background-media":"","overlay-type":"","overlay-color":"","overlay-opacity":"","overlay-gradient":""},"mobile":{"background-color":"var(--ast-global-color-4)","background-image":"","background-repeat":"repeat","background-position":"center center","background-size":"auto","background-attachment":"scroll","background-type":"","background-media":"","overlay-type":"","overlay-color":"","overlay-opacity":"","overlay-gradient":""}},"footnotes":""},"categories":[1],"tags":[],"class_list":["post-75438","post","type-post","status-publish","format-standard","has-post-thumbnail","hentry","category-noticias"],"yoast_head":"<!-- This site is optimized with the Yoast SEO Premium plugin v23.0 (Yoast SEO v27.4) - https:\/\/yoast.com\/product\/yoast-seo-premium-wordpress\/ -->\n<title>Fundaci\u00f3n Garrahan R\u00edo Gallegos: El compromiso con el medio ambiente y las causas solidarias<\/title>\n<meta name=\"robots\" content=\"index, follow, max-snippet:-1, max-image-preview:large, max-video-preview:-1\" \/>\n<link rel=\"canonical\" href=\"https:\/\/patagoniambiental.com.ar\/info\/fundacion-garrahan-rio-gallegos-el-compromiso-con-el-medio-ambiente-y-las-causas-solidarias\/\" \/>\n<meta property=\"og:locale\" content=\"es_ES\" \/>\n<meta property=\"og:type\" content=\"article\" \/>\n<meta property=\"og:title\" content=\"Fundaci\u00f3n Garrahan R\u00edo Gallegos: El compromiso con el medio ambiente y las causas solidarias\" \/>\n<meta property=\"og:url\" content=\"https:\/\/patagoniambiental.com.ar\/info\/fundacion-garrahan-rio-gallegos-el-compromiso-con-el-medio-ambiente-y-las-causas-solidarias\/\" \/>\n<meta property=\"og:site_name\" content=\"Patagonia Ambiental\" \/>\n<meta property=\"article:publisher\" content=\"https:\/\/www.facebook.com\/patagonia.ambiental\" \/>\n<meta property=\"article:published_time\" content=\"2022-03-18T10:00:00+00:00\" \/>\n<meta property=\"og:image\" content=\"https:\/\/patagoniambiental.com.ar\/info\/wp-content\/uploads\/2022\/03\/file_133651_main1.jpeg\" \/>\n\t<meta property=\"og:image:width\" content=\"800\" \/>\n\t<meta property=\"og:image:height\" content=\"457\" \/>\n\t<meta property=\"og:image:type\" content=\"image\/jpeg\" \/>\n<meta name=\"author\" content=\"BRAIAN ESTEVEZ\" \/>\n<meta name=\"twitter:card\" content=\"summary_large_image\" \/>\n<meta name=\"twitter:creator\" content=\"@PatAmb\" \/>\n<meta name=\"twitter:site\" content=\"@PatAmb\" \/>\n<script type=\"application\/ld+json\" class=\"yoast-schema-graph\">{\"@context\":\"https:\\\/\\\/schema.org\",\"@graph\":[{\"@type\":\"Article\",\"@id\":\"https:\\\/\\\/patagoniambiental.com.ar\\\/info\\\/fundacion-garrahan-rio-gallegos-el-compromiso-con-el-medio-ambiente-y-las-causas-solidarias\\\/#article\",\"isPartOf\":{\"@id\":\"https:\\\/\\\/patagoniambiental.com.ar\\\/info\\\/fundacion-garrahan-rio-gallegos-el-compromiso-con-el-medio-ambiente-y-las-causas-solidarias\\\/\"},\"author\":{\"name\":\"BRAIAN ESTEVEZ\",\"@id\":\"https:\\\/\\\/patagoniambiental.com.ar\\\/info\\\/#\\\/schema\\\/person\\\/e5af09d700b2e82cb10c6b8800e0c691\"},\"headline\":\"Fundaci\u00f3n Garrahan R\u00edo Gallegos: El compromiso con el medio ambiente y las causas solidarias\",\"datePublished\":\"2022-03-18T10:00:00+00:00\",\"mainEntityOfPage\":{\"@id\":\"https:\\\/\\\/patagoniambiental.com.ar\\\/info\\\/fundacion-garrahan-rio-gallegos-el-compromiso-con-el-medio-ambiente-y-las-causas-solidarias\\\/\"},\"wordCount\":764,\"commentCount\":0,\"publisher\":{\"@id\":\"https:\\\/\\\/patagoniambiental.com.ar\\\/info\\\/#organization\"},\"image\":{\"@id\":\"https:\\\/\\\/patagoniambiental.com.ar\\\/info\\\/fundacion-garrahan-rio-gallegos-el-compromiso-con-el-medio-ambiente-y-las-causas-solidarias\\\/#primaryimage\"},\"thumbnailUrl\":\"https:\\\/\\\/patagoniambiental.com.ar\\\/info\\\/wp-content\\\/uploads\\\/2022\\\/03\\\/file_133651_main1.jpeg\",\"articleSection\":[\"Noticias\"],\"inLanguage\":\"es\",\"potentialAction\":[{\"@type\":\"CommentAction\",\"name\":\"Comment\",\"target\":[\"https:\\\/\\\/patagoniambiental.com.ar\\\/info\\\/fundacion-garrahan-rio-gallegos-el-compromiso-con-el-medio-ambiente-y-las-causas-solidarias\\\/#respond\"]}]},{\"@type\":\"WebPage\",\"@id\":\"https:\\\/\\\/patagoniambiental.com.ar\\\/info\\\/fundacion-garrahan-rio-gallegos-el-compromiso-con-el-medio-ambiente-y-las-causas-solidarias\\\/\",\"url\":\"https:\\\/\\\/patagoniambiental.com.ar\\\/info\\\/fundacion-garrahan-rio-gallegos-el-compromiso-con-el-medio-ambiente-y-las-causas-solidarias\\\/\",\"name\":\"Fundaci\u00f3n Garrahan R\u00edo Gallegos: El compromiso con el medio ambiente y las causas solidarias\",\"isPartOf\":{\"@id\":\"https:\\\/\\\/patagoniambiental.com.ar\\\/info\\\/#website\"},\"primaryImageOfPage\":{\"@id\":\"https:\\\/\\\/patagoniambiental.com.ar\\\/info\\\/fundacion-garrahan-rio-gallegos-el-compromiso-con-el-medio-ambiente-y-las-causas-solidarias\\\/#primaryimage\"},\"image\":{\"@id\":\"https:\\\/\\\/patagoniambiental.com.ar\\\/info\\\/fundacion-garrahan-rio-gallegos-el-compromiso-con-el-medio-ambiente-y-las-causas-solidarias\\\/#primaryimage\"},\"thumbnailUrl\":\"https:\\\/\\\/patagoniambiental.com.ar\\\/info\\\/wp-content\\\/uploads\\\/2022\\\/03\\\/file_133651_main1.jpeg\",\"datePublished\":\"2022-03-18T10:00:00+00:00\",\"breadcrumb\":{\"@id\":\"https:\\\/\\\/patagoniambiental.com.ar\\\/info\\\/fundacion-garrahan-rio-gallegos-el-compromiso-con-el-medio-ambiente-y-las-causas-solidarias\\\/#breadcrumb\"},\"inLanguage\":\"es\",\"potentialAction\":[{\"@type\":\"ReadAction\",\"target\":[\"https:\\\/\\\/patagoniambiental.com.ar\\\/info\\\/fundacion-garrahan-rio-gallegos-el-compromiso-con-el-medio-ambiente-y-las-causas-solidarias\\\/\"]}]},{\"@type\":\"ImageObject\",\"inLanguage\":\"es\",\"@id\":\"https:\\\/\\\/patagoniambiental.com.ar\\\/info\\\/fundacion-garrahan-rio-gallegos-el-compromiso-con-el-medio-ambiente-y-las-causas-solidarias\\\/#primaryimage\",\"url\":\"https:\\\/\\\/patagoniambiental.com.ar\\\/info\\\/wp-content\\\/uploads\\\/2022\\\/03\\\/file_133651_main1.jpeg\",\"contentUrl\":\"https:\\\/\\\/patagoniambiental.com.ar\\\/info\\\/wp-content\\\/uploads\\\/2022\\\/03\\\/file_133651_main1.jpeg\",\"width\":800,\"height\":457},{\"@type\":\"BreadcrumbList\",\"@id\":\"https:\\\/\\\/patagoniambiental.com.ar\\\/info\\\/fundacion-garrahan-rio-gallegos-el-compromiso-con-el-medio-ambiente-y-las-causas-solidarias\\\/#breadcrumb\",\"itemListElement\":[{\"@type\":\"ListItem\",\"position\":1,\"name\":\"Inicio\",\"item\":\"https:\\\/\\\/patagoniambiental.com.ar\\\/info\\\/\"},{\"@type\":\"ListItem\",\"position\":2,\"name\":\"Fundaci\u00f3n Garrahan R\u00edo Gallegos: El compromiso con el medio ambiente y las causas solidarias\"}]},{\"@type\":\"WebSite\",\"@id\":\"https:\\\/\\\/patagoniambiental.com.ar\\\/info\\\/#website\",\"url\":\"https:\\\/\\\/patagoniambiental.com.ar\\\/info\\\/\",\"name\":\"Patagonia Ambiental\",\"description\":\"Monitoreo y an\u00e1lisis de la situaci\u00f3n geopol\u00edtica en el mundo y su implicancia en la Patagonia\",\"publisher\":{\"@id\":\"https:\\\/\\\/patagoniambiental.com.ar\\\/info\\\/#organization\"},\"potentialAction\":[{\"@type\":\"SearchAction\",\"target\":{\"@type\":\"EntryPoint\",\"urlTemplate\":\"https:\\\/\\\/patagoniambiental.com.ar\\\/info\\\/?s={search_term_string}\"},\"query-input\":{\"@type\":\"PropertyValueSpecification\",\"valueRequired\":true,\"valueName\":\"search_term_string\"}}],\"inLanguage\":\"es\"},{\"@type\":\"Organization\",\"@id\":\"https:\\\/\\\/patagoniambiental.com.ar\\\/info\\\/#organization\",\"name\":\"Patagonia Ambiental\",\"url\":\"https:\\\/\\\/patagoniambiental.com.ar\\\/info\\\/\",\"logo\":{\"@type\":\"ImageObject\",\"inLanguage\":\"es\",\"@id\":\"https:\\\/\\\/patagoniambiental.com.ar\\\/info\\\/#\\\/schema\\\/logo\\\/image\\\/\",\"url\":\"https:\\\/\\\/patagoniambiental.com.ar\\\/info\\\/wp-content\\\/uploads\\\/2025\\\/05\\\/LOGO-PATAGONIA-AMBIENTAL.png\",\"contentUrl\":\"https:\\\/\\\/patagoniambiental.com.ar\\\/info\\\/wp-content\\\/uploads\\\/2025\\\/05\\\/LOGO-PATAGONIA-AMBIENTAL.png\",\"width\":433,\"height\":250,\"caption\":\"Patagonia Ambiental\"},\"image\":{\"@id\":\"https:\\\/\\\/patagoniambiental.com.ar\\\/info\\\/#\\\/schema\\\/logo\\\/image\\\/\"},\"sameAs\":[\"https:\\\/\\\/www.facebook.com\\\/patagonia.ambiental\",\"https:\\\/\\\/x.com\\\/PatAmb\"]},{\"@type\":\"Person\",\"@id\":\"https:\\\/\\\/patagoniambiental.com.ar\\\/info\\\/#\\\/schema\\\/person\\\/e5af09d700b2e82cb10c6b8800e0c691\",\"name\":\"BRAIAN ESTEVEZ\",\"sameAs\":[\"http:\\\/\\\/www.patagoniambiental.com.ar\"]}]}<\/script>\n<!-- \/ Yoast SEO Premium plugin. -->","yoast_head_json":{"title":"Fundaci\u00f3n Garrahan R\u00edo Gallegos: El compromiso con el medio ambiente y las causas solidarias","robots":{"index":"index","follow":"follow","max-snippet":"max-snippet:-1","max-image-preview":"max-image-preview:large","max-video-preview":"max-video-preview:-1"},"canonical":"https:\/\/patagoniambiental.com.ar\/info\/fundacion-garrahan-rio-gallegos-el-compromiso-con-el-medio-ambiente-y-las-causas-solidarias\/","og_locale":"es_ES","og_type":"article","og_title":"Fundaci\u00f3n Garrahan R\u00edo Gallegos: El compromiso con el medio ambiente y las causas solidarias","og_url":"https:\/\/patagoniambiental.com.ar\/info\/fundacion-garrahan-rio-gallegos-el-compromiso-con-el-medio-ambiente-y-las-causas-solidarias\/","og_site_name":"Patagonia Ambiental","article_publisher":"https:\/\/www.facebook.com\/patagonia.ambiental","article_published_time":"2022-03-18T10:00:00+00:00","og_image":[{"width":800,"height":457,"url":"https:\/\/patagoniambiental.com.ar\/info\/wp-content\/uploads\/2022\/03\/file_133651_main1.jpeg","type":"image\/jpeg"}],"author":"BRAIAN ESTEVEZ","twitter_card":"summary_large_image","twitter_creator":"@PatAmb","twitter_site":"@PatAmb","schema":{"@context":"https:\/\/schema.org","@graph":[{"@type":"Article","@id":"https:\/\/patagoniambiental.com.ar\/info\/fundacion-garrahan-rio-gallegos-el-compromiso-con-el-medio-ambiente-y-las-causas-solidarias\/#article","isPartOf":{"@id":"https:\/\/patagoniambiental.com.ar\/info\/fundacion-garrahan-rio-gallegos-el-compromiso-con-el-medio-ambiente-y-las-causas-solidarias\/"},"author":{"name":"BRAIAN ESTEVEZ","@id":"https:\/\/patagoniambiental.com.ar\/info\/#\/schema\/person\/e5af09d700b2e82cb10c6b8800e0c691"},"headline":"Fundaci\u00f3n Garrahan R\u00edo Gallegos: El compromiso con el medio ambiente y las causas solidarias","datePublished":"2022-03-18T10:00:00+00:00","mainEntityOfPage":{"@id":"https:\/\/patagoniambiental.com.ar\/info\/fundacion-garrahan-rio-gallegos-el-compromiso-con-el-medio-ambiente-y-las-causas-solidarias\/"},"wordCount":764,"commentCount":0,"publisher":{"@id":"https:\/\/patagoniambiental.com.ar\/info\/#organization"},"image":{"@id":"https:\/\/patagoniambiental.com.ar\/info\/fundacion-garrahan-rio-gallegos-el-compromiso-con-el-medio-ambiente-y-las-causas-solidarias\/#primaryimage"},"thumbnailUrl":"https:\/\/patagoniambiental.com.ar\/info\/wp-content\/uploads\/2022\/03\/file_133651_main1.jpeg","articleSection":["Noticias"],"inLanguage":"es","potentialAction":[{"@type":"CommentAction","name":"Comment","target":["https:\/\/patagoniambiental.com.ar\/info\/fundacion-garrahan-rio-gallegos-el-compromiso-con-el-medio-ambiente-y-las-causas-solidarias\/#respond"]}]},{"@type":"WebPage","@id":"https:\/\/patagoniambiental.com.ar\/info\/fundacion-garrahan-rio-gallegos-el-compromiso-con-el-medio-ambiente-y-las-causas-solidarias\/","url":"https:\/\/patagoniambiental.com.ar\/info\/fundacion-garrahan-rio-gallegos-el-compromiso-con-el-medio-ambiente-y-las-causas-solidarias\/","name":"Fundaci\u00f3n Garrahan R\u00edo Gallegos: El compromiso con el medio ambiente y las causas solidarias","isPartOf":{"@id":"https:\/\/patagoniambiental.com.ar\/info\/#website"},"primaryImageOfPage":{"@id":"https:\/\/patagoniambiental.com.ar\/info\/fundacion-garrahan-rio-gallegos-el-compromiso-con-el-medio-ambiente-y-las-causas-solidarias\/#primaryimage"},"image":{"@id":"https:\/\/patagoniambiental.com.ar\/info\/fundacion-garrahan-rio-gallegos-el-compromiso-con-el-medio-ambiente-y-las-causas-solidarias\/#primaryimage"},"thumbnailUrl":"https:\/\/patagoniambiental.com.ar\/info\/wp-content\/uploads\/2022\/03\/file_133651_main1.jpeg","datePublished":"2022-03-18T10:00:00+00:00","breadcrumb":{"@id":"https:\/\/patagoniambiental.com.ar\/info\/fundacion-garrahan-rio-gallegos-el-compromiso-con-el-medio-ambiente-y-las-causas-solidarias\/#breadcrumb"},"inLanguage":"es","potentialAction":[{"@type":"ReadAction","target":["https:\/\/patagoniambiental.com.ar\/info\/fundacion-garrahan-rio-gallegos-el-compromiso-con-el-medio-ambiente-y-las-causas-solidarias\/"]}]},{"@type":"ImageObject","inLanguage":"es","@id":"https:\/\/patagoniambiental.com.ar\/info\/fundacion-garrahan-rio-gallegos-el-compromiso-con-el-medio-ambiente-y-las-causas-solidarias\/#primaryimage","url":"https:\/\/patagoniambiental.com.ar\/info\/wp-content\/uploads\/2022\/03\/file_133651_main1.jpeg","contentUrl":"https:\/\/patagoniambiental.com.ar\/info\/wp-content\/uploads\/2022\/03\/file_133651_main1.jpeg","width":800,"height":457},{"@type":"BreadcrumbList","@id":"https:\/\/patagoniambiental.com.ar\/info\/fundacion-garrahan-rio-gallegos-el-compromiso-con-el-medio-ambiente-y-las-causas-solidarias\/#breadcrumb","itemListElement":[{"@type":"ListItem","position":1,"name":"Inicio","item":"https:\/\/patagoniambiental.com.ar\/info\/"},{"@type":"ListItem","position":2,"name":"Fundaci\u00f3n Garrahan R\u00edo Gallegos: El compromiso con el medio ambiente y las causas solidarias"}]},{"@type":"WebSite","@id":"https:\/\/patagoniambiental.com.ar\/info\/#website","url":"https:\/\/patagoniambiental.com.ar\/info\/","name":"Patagonia Ambiental","description":"Monitoreo y an\u00e1lisis de la situaci\u00f3n geopol\u00edtica en el mundo y su implicancia en la Patagonia","publisher":{"@id":"https:\/\/patagoniambiental.com.ar\/info\/#organization"},"potentialAction":[{"@type":"SearchAction","target":{"@type":"EntryPoint","urlTemplate":"https:\/\/patagoniambiental.com.ar\/info\/?s={search_term_string}"},"query-input":{"@type":"PropertyValueSpecification","valueRequired":true,"valueName":"search_term_string"}}],"inLanguage":"es"},{"@type":"Organization","@id":"https:\/\/patagoniambiental.com.ar\/info\/#organization","name":"Patagonia Ambiental","url":"https:\/\/patagoniambiental.com.ar\/info\/","logo":{"@type":"ImageObject","inLanguage":"es","@id":"https:\/\/patagoniambiental.com.ar\/info\/#\/schema\/logo\/image\/","url":"https:\/\/patagoniambiental.com.ar\/info\/wp-content\/uploads\/2025\/05\/LOGO-PATAGONIA-AMBIENTAL.png","contentUrl":"https:\/\/patagoniambiental.com.ar\/info\/wp-content\/uploads\/2025\/05\/LOGO-PATAGONIA-AMBIENTAL.png","width":433,"height":250,"caption":"Patagonia Ambiental"},"image":{"@id":"https:\/\/patagoniambiental.com.ar\/info\/#\/schema\/logo\/image\/"},"sameAs":["https:\/\/www.facebook.com\/patagonia.ambiental","https:\/\/x.com\/PatAmb"]},{"@type":"Person","@id":"https:\/\/patagoniambiental.com.ar\/info\/#\/schema\/person\/e5af09d700b2e82cb10c6b8800e0c691","name":"BRAIAN ESTEVEZ","sameAs":["http:\/\/www.patagoniambiental.com.ar"]}]}},"_links":{"self":[{"href":"https:\/\/patagoniambiental.com.ar\/info\/wp-json\/wp\/v2\/posts\/75438","targetHints":{"allow":["GET"]}}],"collection":[{"href":"https:\/\/patagoniambiental.com.ar\/info\/wp-json\/wp\/v2\/posts"}],"about":[{"href":"https:\/\/patagoniambiental.com.ar\/info\/wp-json\/wp\/v2\/types\/post"}],"author":[{"embeddable":true,"href":"https:\/\/patagoniambiental.com.ar\/info\/wp-json\/wp\/v2\/users\/6"}],"replies":[{"embeddable":true,"href":"https:\/\/patagoniambiental.com.ar\/info\/wp-json\/wp\/v2\/comments?post=75438"}],"version-history":[{"count":0,"href":"https:\/\/patagoniambiental.com.ar\/info\/wp-json\/wp\/v2\/posts\/75438\/revisions"}],"wp:featuredmedia":[{"embeddable":true,"href":"https:\/\/patagoniambiental.com.ar\/info\/wp-json\/wp\/v2\/media\/75439"}],"wp:attachment":[{"href":"https:\/\/patagoniambiental.com.ar\/info\/wp-json\/wp\/v2\/media?parent=75438"}],"wp:term":[{"taxonomy":"category","embeddable":true,"href":"https:\/\/patagoniambiental.com.ar\/info\/wp-json\/wp\/v2\/categories?post=75438"},{"taxonomy":"post_tag","embeddable":true,"href":"https:\/\/patagoniambiental.com.ar\/info\/wp-json\/wp\/v2\/tags?post=75438"}],"curies":[{"name":"wp","href":"https:\/\/api.w.org\/{rel}","templated":true}]}}