{"id":75459,"date":"2022-03-22T07:00:00","date_gmt":"2022-03-22T10:00:00","guid":{"rendered":"http:\/\/patagoniambiental.com.ar\/info\/?p=75459"},"modified":"2022-03-17T11:17:12","modified_gmt":"2022-03-17T14:17:12","slug":"advierten-por-avistaje-de-pumas-en-la-zona-sur-del-parque-nacional-lanin","status":"publish","type":"post","link":"https:\/\/patagoniambiental.com.ar\/info\/advierten-por-avistaje-de-pumas-en-la-zona-sur-del-parque-nacional-lanin\/","title":{"rendered":"Advierten por avistaje de pumas en la zona sur del Parque Nacional Lan\u00edn"},"content":{"rendered":"\n<!--more-->\n\n\n\n<p>En el espacio habitual de los martes, Florencia Pisicelli, comparti\u00f3 como se debe actuar si nos encontramos con un puma y que es lo que no debemos hacer: Los pumas suelen evitar la confrontaci\u00f3n. No lo acorrale. D\u00e9jele una v\u00eda de escape. Mantenga la calma y no corra. Permanezca firme y de frente al animal, buscando contacto visual con \u00e9l. Alce a los ni\u00f1os para que no corran. Nunca de la espalda al puma y camine despacio, hacia atr\u00e1s, mir\u00e1ndolo a los ojos. Intente parecer de mayor tama\u00f1o, levantando los brazos, agitando camperas, y manteni\u00e9ndose erguido y en posici\u00f3n vertical. No se siente ni se agache. No se trepe a un \u00e1rbol ni a una roca. No se aproxime al animal, especialmente si se est\u00e1 alimentando o con cr\u00edas. Si est\u00e1 en un veh\u00edculo, no se baje a seguirlo. Si el puma se vuelve agresivo: No le d\u00e9 la espalda ni saque su vista de \u00e9l. Grite fuertemente, exagerando los ademanes.<\/p>\n\n\n\n<p>Adem\u00e1s se refiri\u00f3 a la apertura de la intendencia en Villa la Angostura del Parque Nacional Arrayanes y del cierre de la temporada de verano.<\/p>\n\n\n\n<p>Fuente: https:\/\/www.radionacional.com.ar\/advierten-por-avistaje-de-pumas-en-la-zona-sur-del-parque-nacional-lanin\/<\/p>\n","protected":false},"excerpt":{"rendered":"","protected":false},"author":6,"featured_media":75460,"comment_status":"open","ping_status":"open","sticky":false,"template":"","format":"standard","meta":{"site-sidebar-layout":"default","site-content-layout":"","ast-site-content-layout":"default","site-content-style":"default","site-sidebar-style":"default","ast-global-header-display":"","ast-banner-title-visibility":"","ast-main-header-display":"","ast-hfb-above-header-display":"","ast-hfb-below-header-display":"","ast-hfb-mobile-header-display":"","site-post-title":"","ast-breadcrumbs-content":"","ast-featured-img":"","footer-sml-layout":"","ast-disable-related-posts":"","theme-transparent-header-meta":"","adv-header-id-meta":"","stick-header-meta":"","header-above-stick-meta":"","header-main-stick-meta":"","header-below-stick-meta":"","astra-migrate-meta-layouts":"default","ast-page-background-enabled":"default","ast-page-background-meta":{"desktop":{"background-color":"var(--ast-global-color-5)","background-image":"","background-repeat":"repeat","background-position":"center center","background-size":"auto","background-attachment":"scroll","background-type":"","background-media":"","overlay-type":"","overlay-color":"","overlay-opacity":"","overlay-gradient":""},"tablet":{"background-color":"","background-image":"","background-repeat":"repeat","background-position":"center center","background-size":"auto","background-attachment":"scroll","background-type":"","background-media":"","overlay-type":"","overlay-color":"","overlay-opacity":"","overlay-gradient":""},"mobile":{"background-color":"","background-image":"","background-repeat":"repeat","background-position":"center center","background-size":"auto","background-attachment":"scroll","background-type":"","background-media":"","overlay-type":"","overlay-color":"","overlay-opacity":"","overlay-gradient":""}},"ast-content-background-meta":{"desktop":{"background-color":"var(--ast-global-color-4)","background-image":"","background-repeat":"repeat","background-position":"center center","background-size":"auto","background-attachment":"scroll","background-type":"","background-media":"","overlay-type":"","overlay-color":"","overlay-opacity":"","overlay-gradient":""},"tablet":{"background-color":"var(--ast-global-color-4)","background-image":"","background-repeat":"repeat","background-position":"center center","background-size":"auto","background-attachment":"scroll","background-type":"","background-media":"","overlay-type":"","overlay-color":"","overlay-opacity":"","overlay-gradient":""},"mobile":{"background-color":"var(--ast-global-color-4)","background-image":"","background-repeat":"repeat","background-position":"center center","background-size":"auto","background-attachment":"scroll","background-type":"","background-media":"","overlay-type":"","overlay-color":"","overlay-opacity":"","overlay-gradient":""}},"footnotes":""},"categories":[18,1,13],"tags":[],"class_list":["post-75459","post","type-post","status-publish","format-standard","has-post-thumbnail","hentry","category-neuquen","category-noticias","category-provinciales"],"yoast_head":"<!-- This site is optimized with the Yoast SEO Premium plugin v23.0 (Yoast SEO v27.4) - https:\/\/yoast.com\/product\/yoast-seo-premium-wordpress\/ -->\n<title>Advierten por avistaje de pumas en la zona sur del Parque Nacional Lan\u00edn<\/title>\n<meta name=\"robots\" content=\"index, follow, max-snippet:-1, max-image-preview:large, max-video-preview:-1\" \/>\n<link rel=\"canonical\" href=\"https:\/\/patagoniambiental.com.ar\/info\/advierten-por-avistaje-de-pumas-en-la-zona-sur-del-parque-nacional-lanin\/\" \/>\n<meta property=\"og:locale\" content=\"es_ES\" \/>\n<meta property=\"og:type\" content=\"article\" \/>\n<meta property=\"og:title\" content=\"Advierten por avistaje de pumas en la zona sur del Parque Nacional Lan\u00edn\" \/>\n<meta property=\"og:url\" content=\"https:\/\/patagoniambiental.com.ar\/info\/advierten-por-avistaje-de-pumas-en-la-zona-sur-del-parque-nacional-lanin\/\" \/>\n<meta property=\"og:site_name\" content=\"Patagonia Ambiental\" \/>\n<meta property=\"article:publisher\" content=\"https:\/\/www.facebook.com\/patagonia.ambiental\" \/>\n<meta property=\"article:published_time\" content=\"2022-03-22T10:00:00+00:00\" \/>\n<meta property=\"og:image\" content=\"https:\/\/patagoniambiental.com.ar\/info\/wp-content\/uploads\/2022\/03\/PUMA-1-300x144-1.jpg\" \/>\n\t<meta property=\"og:image:width\" content=\"300\" \/>\n\t<meta property=\"og:image:height\" content=\"144\" \/>\n\t<meta property=\"og:image:type\" content=\"image\/jpeg\" \/>\n<meta name=\"author\" content=\"BRAIAN ESTEVEZ\" \/>\n<meta name=\"twitter:card\" content=\"summary_large_image\" \/>\n<meta name=\"twitter:creator\" content=\"@PatAmb\" \/>\n<meta name=\"twitter:site\" content=\"@PatAmb\" \/>\n<script type=\"application\/ld+json\" class=\"yoast-schema-graph\">{\"@context\":\"https:\\\/\\\/schema.org\",\"@graph\":[{\"@type\":\"Article\",\"@id\":\"https:\\\/\\\/patagoniambiental.com.ar\\\/info\\\/advierten-por-avistaje-de-pumas-en-la-zona-sur-del-parque-nacional-lanin\\\/#article\",\"isPartOf\":{\"@id\":\"https:\\\/\\\/patagoniambiental.com.ar\\\/info\\\/advierten-por-avistaje-de-pumas-en-la-zona-sur-del-parque-nacional-lanin\\\/\"},\"author\":{\"name\":\"BRAIAN ESTEVEZ\",\"@id\":\"https:\\\/\\\/patagoniambiental.com.ar\\\/info\\\/#\\\/schema\\\/person\\\/e5af09d700b2e82cb10c6b8800e0c691\"},\"headline\":\"Advierten por avistaje de pumas en la zona sur del Parque Nacional Lan\u00edn\",\"datePublished\":\"2022-03-22T10:00:00+00:00\",\"mainEntityOfPage\":{\"@id\":\"https:\\\/\\\/patagoniambiental.com.ar\\\/info\\\/advierten-por-avistaje-de-pumas-en-la-zona-sur-del-parque-nacional-lanin\\\/\"},\"wordCount\":219,\"commentCount\":0,\"publisher\":{\"@id\":\"https:\\\/\\\/patagoniambiental.com.ar\\\/info\\\/#organization\"},\"image\":{\"@id\":\"https:\\\/\\\/patagoniambiental.com.ar\\\/info\\\/advierten-por-avistaje-de-pumas-en-la-zona-sur-del-parque-nacional-lanin\\\/#primaryimage\"},\"thumbnailUrl\":\"https:\\\/\\\/patagoniambiental.com.ar\\\/info\\\/wp-content\\\/uploads\\\/2022\\\/03\\\/PUMA-1-300x144-1.jpg\",\"articleSection\":[\"Neuqu\u00e9n\",\"Noticias\",\"Provinciales\"],\"inLanguage\":\"es\",\"potentialAction\":[{\"@type\":\"CommentAction\",\"name\":\"Comment\",\"target\":[\"https:\\\/\\\/patagoniambiental.com.ar\\\/info\\\/advierten-por-avistaje-de-pumas-en-la-zona-sur-del-parque-nacional-lanin\\\/#respond\"]}]},{\"@type\":\"WebPage\",\"@id\":\"https:\\\/\\\/patagoniambiental.com.ar\\\/info\\\/advierten-por-avistaje-de-pumas-en-la-zona-sur-del-parque-nacional-lanin\\\/\",\"url\":\"https:\\\/\\\/patagoniambiental.com.ar\\\/info\\\/advierten-por-avistaje-de-pumas-en-la-zona-sur-del-parque-nacional-lanin\\\/\",\"name\":\"Advierten por avistaje de pumas en la zona sur del Parque Nacional Lan\u00edn\",\"isPartOf\":{\"@id\":\"https:\\\/\\\/patagoniambiental.com.ar\\\/info\\\/#website\"},\"primaryImageOfPage\":{\"@id\":\"https:\\\/\\\/patagoniambiental.com.ar\\\/info\\\/advierten-por-avistaje-de-pumas-en-la-zona-sur-del-parque-nacional-lanin\\\/#primaryimage\"},\"image\":{\"@id\":\"https:\\\/\\\/patagoniambiental.com.ar\\\/info\\\/advierten-por-avistaje-de-pumas-en-la-zona-sur-del-parque-nacional-lanin\\\/#primaryimage\"},\"thumbnailUrl\":\"https:\\\/\\\/patagoniambiental.com.ar\\\/info\\\/wp-content\\\/uploads\\\/2022\\\/03\\\/PUMA-1-300x144-1.jpg\",\"datePublished\":\"2022-03-22T10:00:00+00:00\",\"breadcrumb\":{\"@id\":\"https:\\\/\\\/patagoniambiental.com.ar\\\/info\\\/advierten-por-avistaje-de-pumas-en-la-zona-sur-del-parque-nacional-lanin\\\/#breadcrumb\"},\"inLanguage\":\"es\",\"potentialAction\":[{\"@type\":\"ReadAction\",\"target\":[\"https:\\\/\\\/patagoniambiental.com.ar\\\/info\\\/advierten-por-avistaje-de-pumas-en-la-zona-sur-del-parque-nacional-lanin\\\/\"]}]},{\"@type\":\"ImageObject\",\"inLanguage\":\"es\",\"@id\":\"https:\\\/\\\/patagoniambiental.com.ar\\\/info\\\/advierten-por-avistaje-de-pumas-en-la-zona-sur-del-parque-nacional-lanin\\\/#primaryimage\",\"url\":\"https:\\\/\\\/patagoniambiental.com.ar\\\/info\\\/wp-content\\\/uploads\\\/2022\\\/03\\\/PUMA-1-300x144-1.jpg\",\"contentUrl\":\"https:\\\/\\\/patagoniambiental.com.ar\\\/info\\\/wp-content\\\/uploads\\\/2022\\\/03\\\/PUMA-1-300x144-1.jpg\",\"width\":300,\"height\":144},{\"@type\":\"BreadcrumbList\",\"@id\":\"https:\\\/\\\/patagoniambiental.com.ar\\\/info\\\/advierten-por-avistaje-de-pumas-en-la-zona-sur-del-parque-nacional-lanin\\\/#breadcrumb\",\"itemListElement\":[{\"@type\":\"ListItem\",\"position\":1,\"name\":\"Inicio\",\"item\":\"https:\\\/\\\/patagoniambiental.com.ar\\\/info\\\/\"},{\"@type\":\"ListItem\",\"position\":2,\"name\":\"Advierten por avistaje de pumas en la zona sur del Parque Nacional Lan\u00edn\"}]},{\"@type\":\"WebSite\",\"@id\":\"https:\\\/\\\/patagoniambiental.com.ar\\\/info\\\/#website\",\"url\":\"https:\\\/\\\/patagoniambiental.com.ar\\\/info\\\/\",\"name\":\"Patagonia Ambiental\",\"description\":\"Monitoreo y an\u00e1lisis de la situaci\u00f3n geopol\u00edtica en el mundo y su implicancia en la Patagonia\",\"publisher\":{\"@id\":\"https:\\\/\\\/patagoniambiental.com.ar\\\/info\\\/#organization\"},\"potentialAction\":[{\"@type\":\"SearchAction\",\"target\":{\"@type\":\"EntryPoint\",\"urlTemplate\":\"https:\\\/\\\/patagoniambiental.com.ar\\\/info\\\/?s={search_term_string}\"},\"query-input\":{\"@type\":\"PropertyValueSpecification\",\"valueRequired\":true,\"valueName\":\"search_term_string\"}}],\"inLanguage\":\"es\"},{\"@type\":\"Organization\",\"@id\":\"https:\\\/\\\/patagoniambiental.com.ar\\\/info\\\/#organization\",\"name\":\"Patagonia Ambiental\",\"url\":\"https:\\\/\\\/patagoniambiental.com.ar\\\/info\\\/\",\"logo\":{\"@type\":\"ImageObject\",\"inLanguage\":\"es\",\"@id\":\"https:\\\/\\\/patagoniambiental.com.ar\\\/info\\\/#\\\/schema\\\/logo\\\/image\\\/\",\"url\":\"https:\\\/\\\/patagoniambiental.com.ar\\\/info\\\/wp-content\\\/uploads\\\/2025\\\/05\\\/LOGO-PATAGONIA-AMBIENTAL.png\",\"contentUrl\":\"https:\\\/\\\/patagoniambiental.com.ar\\\/info\\\/wp-content\\\/uploads\\\/2025\\\/05\\\/LOGO-PATAGONIA-AMBIENTAL.png\",\"width\":433,\"height\":250,\"caption\":\"Patagonia Ambiental\"},\"image\":{\"@id\":\"https:\\\/\\\/patagoniambiental.com.ar\\\/info\\\/#\\\/schema\\\/logo\\\/image\\\/\"},\"sameAs\":[\"https:\\\/\\\/www.facebook.com\\\/patagonia.ambiental\",\"https:\\\/\\\/x.com\\\/PatAmb\"]},{\"@type\":\"Person\",\"@id\":\"https:\\\/\\\/patagoniambiental.com.ar\\\/info\\\/#\\\/schema\\\/person\\\/e5af09d700b2e82cb10c6b8800e0c691\",\"name\":\"BRAIAN ESTEVEZ\",\"sameAs\":[\"http:\\\/\\\/www.patagoniambiental.com.ar\"]}]}<\/script>\n<!-- \/ Yoast SEO Premium plugin. -->","yoast_head_json":{"title":"Advierten por avistaje de pumas en la zona sur del Parque Nacional Lan\u00edn","robots":{"index":"index","follow":"follow","max-snippet":"max-snippet:-1","max-image-preview":"max-image-preview:large","max-video-preview":"max-video-preview:-1"},"canonical":"https:\/\/patagoniambiental.com.ar\/info\/advierten-por-avistaje-de-pumas-en-la-zona-sur-del-parque-nacional-lanin\/","og_locale":"es_ES","og_type":"article","og_title":"Advierten por avistaje de pumas en la zona sur del Parque Nacional Lan\u00edn","og_url":"https:\/\/patagoniambiental.com.ar\/info\/advierten-por-avistaje-de-pumas-en-la-zona-sur-del-parque-nacional-lanin\/","og_site_name":"Patagonia Ambiental","article_publisher":"https:\/\/www.facebook.com\/patagonia.ambiental","article_published_time":"2022-03-22T10:00:00+00:00","og_image":[{"width":300,"height":144,"url":"https:\/\/patagoniambiental.com.ar\/info\/wp-content\/uploads\/2022\/03\/PUMA-1-300x144-1.jpg","type":"image\/jpeg"}],"author":"BRAIAN ESTEVEZ","twitter_card":"summary_large_image","twitter_creator":"@PatAmb","twitter_site":"@PatAmb","schema":{"@context":"https:\/\/schema.org","@graph":[{"@type":"Article","@id":"https:\/\/patagoniambiental.com.ar\/info\/advierten-por-avistaje-de-pumas-en-la-zona-sur-del-parque-nacional-lanin\/#article","isPartOf":{"@id":"https:\/\/patagoniambiental.com.ar\/info\/advierten-por-avistaje-de-pumas-en-la-zona-sur-del-parque-nacional-lanin\/"},"author":{"name":"BRAIAN ESTEVEZ","@id":"https:\/\/patagoniambiental.com.ar\/info\/#\/schema\/person\/e5af09d700b2e82cb10c6b8800e0c691"},"headline":"Advierten por avistaje de pumas en la zona sur del Parque Nacional Lan\u00edn","datePublished":"2022-03-22T10:00:00+00:00","mainEntityOfPage":{"@id":"https:\/\/patagoniambiental.com.ar\/info\/advierten-por-avistaje-de-pumas-en-la-zona-sur-del-parque-nacional-lanin\/"},"wordCount":219,"commentCount":0,"publisher":{"@id":"https:\/\/patagoniambiental.com.ar\/info\/#organization"},"image":{"@id":"https:\/\/patagoniambiental.com.ar\/info\/advierten-por-avistaje-de-pumas-en-la-zona-sur-del-parque-nacional-lanin\/#primaryimage"},"thumbnailUrl":"https:\/\/patagoniambiental.com.ar\/info\/wp-content\/uploads\/2022\/03\/PUMA-1-300x144-1.jpg","articleSection":["Neuqu\u00e9n","Noticias","Provinciales"],"inLanguage":"es","potentialAction":[{"@type":"CommentAction","name":"Comment","target":["https:\/\/patagoniambiental.com.ar\/info\/advierten-por-avistaje-de-pumas-en-la-zona-sur-del-parque-nacional-lanin\/#respond"]}]},{"@type":"WebPage","@id":"https:\/\/patagoniambiental.com.ar\/info\/advierten-por-avistaje-de-pumas-en-la-zona-sur-del-parque-nacional-lanin\/","url":"https:\/\/patagoniambiental.com.ar\/info\/advierten-por-avistaje-de-pumas-en-la-zona-sur-del-parque-nacional-lanin\/","name":"Advierten por avistaje de pumas en la zona sur del Parque Nacional Lan\u00edn","isPartOf":{"@id":"https:\/\/patagoniambiental.com.ar\/info\/#website"},"primaryImageOfPage":{"@id":"https:\/\/patagoniambiental.com.ar\/info\/advierten-por-avistaje-de-pumas-en-la-zona-sur-del-parque-nacional-lanin\/#primaryimage"},"image":{"@id":"https:\/\/patagoniambiental.com.ar\/info\/advierten-por-avistaje-de-pumas-en-la-zona-sur-del-parque-nacional-lanin\/#primaryimage"},"thumbnailUrl":"https:\/\/patagoniambiental.com.ar\/info\/wp-content\/uploads\/2022\/03\/PUMA-1-300x144-1.jpg","datePublished":"2022-03-22T10:00:00+00:00","breadcrumb":{"@id":"https:\/\/patagoniambiental.com.ar\/info\/advierten-por-avistaje-de-pumas-en-la-zona-sur-del-parque-nacional-lanin\/#breadcrumb"},"inLanguage":"es","potentialAction":[{"@type":"ReadAction","target":["https:\/\/patagoniambiental.com.ar\/info\/advierten-por-avistaje-de-pumas-en-la-zona-sur-del-parque-nacional-lanin\/"]}]},{"@type":"ImageObject","inLanguage":"es","@id":"https:\/\/patagoniambiental.com.ar\/info\/advierten-por-avistaje-de-pumas-en-la-zona-sur-del-parque-nacional-lanin\/#primaryimage","url":"https:\/\/patagoniambiental.com.ar\/info\/wp-content\/uploads\/2022\/03\/PUMA-1-300x144-1.jpg","contentUrl":"https:\/\/patagoniambiental.com.ar\/info\/wp-content\/uploads\/2022\/03\/PUMA-1-300x144-1.jpg","width":300,"height":144},{"@type":"BreadcrumbList","@id":"https:\/\/patagoniambiental.com.ar\/info\/advierten-por-avistaje-de-pumas-en-la-zona-sur-del-parque-nacional-lanin\/#breadcrumb","itemListElement":[{"@type":"ListItem","position":1,"name":"Inicio","item":"https:\/\/patagoniambiental.com.ar\/info\/"},{"@type":"ListItem","position":2,"name":"Advierten por avistaje de pumas en la zona sur del Parque Nacional Lan\u00edn"}]},{"@type":"WebSite","@id":"https:\/\/patagoniambiental.com.ar\/info\/#website","url":"https:\/\/patagoniambiental.com.ar\/info\/","name":"Patagonia Ambiental","description":"Monitoreo y an\u00e1lisis de la situaci\u00f3n geopol\u00edtica en el mundo y su implicancia en la Patagonia","publisher":{"@id":"https:\/\/patagoniambiental.com.ar\/info\/#organization"},"potentialAction":[{"@type":"SearchAction","target":{"@type":"EntryPoint","urlTemplate":"https:\/\/patagoniambiental.com.ar\/info\/?s={search_term_string}"},"query-input":{"@type":"PropertyValueSpecification","valueRequired":true,"valueName":"search_term_string"}}],"inLanguage":"es"},{"@type":"Organization","@id":"https:\/\/patagoniambiental.com.ar\/info\/#organization","name":"Patagonia Ambiental","url":"https:\/\/patagoniambiental.com.ar\/info\/","logo":{"@type":"ImageObject","inLanguage":"es","@id":"https:\/\/patagoniambiental.com.ar\/info\/#\/schema\/logo\/image\/","url":"https:\/\/patagoniambiental.com.ar\/info\/wp-content\/uploads\/2025\/05\/LOGO-PATAGONIA-AMBIENTAL.png","contentUrl":"https:\/\/patagoniambiental.com.ar\/info\/wp-content\/uploads\/2025\/05\/LOGO-PATAGONIA-AMBIENTAL.png","width":433,"height":250,"caption":"Patagonia Ambiental"},"image":{"@id":"https:\/\/patagoniambiental.com.ar\/info\/#\/schema\/logo\/image\/"},"sameAs":["https:\/\/www.facebook.com\/patagonia.ambiental","https:\/\/x.com\/PatAmb"]},{"@type":"Person","@id":"https:\/\/patagoniambiental.com.ar\/info\/#\/schema\/person\/e5af09d700b2e82cb10c6b8800e0c691","name":"BRAIAN ESTEVEZ","sameAs":["http:\/\/www.patagoniambiental.com.ar"]}]}},"_links":{"self":[{"href":"https:\/\/patagoniambiental.com.ar\/info\/wp-json\/wp\/v2\/posts\/75459","targetHints":{"allow":["GET"]}}],"collection":[{"href":"https:\/\/patagoniambiental.com.ar\/info\/wp-json\/wp\/v2\/posts"}],"about":[{"href":"https:\/\/patagoniambiental.com.ar\/info\/wp-json\/wp\/v2\/types\/post"}],"author":[{"embeddable":true,"href":"https:\/\/patagoniambiental.com.ar\/info\/wp-json\/wp\/v2\/users\/6"}],"replies":[{"embeddable":true,"href":"https:\/\/patagoniambiental.com.ar\/info\/wp-json\/wp\/v2\/comments?post=75459"}],"version-history":[{"count":0,"href":"https:\/\/patagoniambiental.com.ar\/info\/wp-json\/wp\/v2\/posts\/75459\/revisions"}],"wp:featuredmedia":[{"embeddable":true,"href":"https:\/\/patagoniambiental.com.ar\/info\/wp-json\/wp\/v2\/media\/75460"}],"wp:attachment":[{"href":"https:\/\/patagoniambiental.com.ar\/info\/wp-json\/wp\/v2\/media?parent=75459"}],"wp:term":[{"taxonomy":"category","embeddable":true,"href":"https:\/\/patagoniambiental.com.ar\/info\/wp-json\/wp\/v2\/categories?post=75459"},{"taxonomy":"post_tag","embeddable":true,"href":"https:\/\/patagoniambiental.com.ar\/info\/wp-json\/wp\/v2\/tags?post=75459"}],"curies":[{"name":"wp","href":"https:\/\/api.w.org\/{rel}","templated":true}]}}