{"id":75466,"date":"2022-03-18T19:00:00","date_gmt":"2022-03-18T22:00:00","guid":{"rendered":"http:\/\/patagoniambiental.com.ar\/info\/?p=75466"},"modified":"2022-03-18T08:55:27","modified_gmt":"2022-03-18T11:55:27","slug":"promueven-el-reciclaje-en-empresas-del-parque-industrial-de-neuquen","status":"publish","type":"post","link":"https:\/\/patagoniambiental.com.ar\/info\/promueven-el-reciclaje-en-empresas-del-parque-industrial-de-neuquen\/","title":{"rendered":"Promueven el reciclaje en empresas del Parque Industrial de Neuquen"},"content":{"rendered":"\n<!--more-->\n\n\n\n<h2 class=\"wp-block-heading\">El gobierno de la provincia firm\u00f3 un convenio con el INTI. Apunta a revalorizar residuos industriales para generar nuevos productos.<\/h2>\n\n\n\n<ul class=\"wp-block-list\"><li><\/li><li><\/li><li><\/li><li><\/li><\/ul>\n\n\n\n<figure class=\"wp-block-image\"><img decoding=\"async\" src=\"https:\/\/media.lmneuquen.com\/p\/b3093a1e54eb88311cc182b349e81266\/adjuntos\/195\/imagenes\/007\/081\/0007081409\/770x0\/smart\/acuerdo-reciclaje-el-intijpg.jpg\" alt=\"Promueven el reciclaje en empresas del Parque Industrial\" title=\"Promueven el reciclaje en empresas del Parque Industrial | LM Neuquen\"\/><\/figure>\n\n\n\n<p>Los residuos de las empresas del Parque Industrial de Neuqu\u00e9n ser\u00e1n reciclados a trav\u00e9s de un programa de capacitaciones y econom\u00eda circular, que contempla la realizaci\u00f3n de talleres sobre gesti\u00f3n de afluentes y residuos.<\/p>\n\n\n\n<p><strong>El proyecto se pondr\u00e1 en marcha a partir de un convenio de \u201cAsistencia T\u00e9cnica y Revalorizaci\u00f3n de Residuos\u201d, que el gobernador Omar Guti\u00e9rrez firm\u00f3, el mi\u00e9rcoles, con el presidente del INTI, Rub\u00e9n Geneyro<\/strong>. En el encuentro tambi\u00e9n particip\u00f3 el intendente de la capital provincial, Mariano Gaido.<\/p>\n\n\n\n<p>Te puede interesar&#8230;<\/p>\n\n\n\n<figure class=\"wp-block-image\"><a href=\"https:\/\/www.lmneuquen.com\/comenzo-el-debate-las-modificaciones-la-ley-compre-neuquino-n894582\"><img decoding=\"async\" src=\"https:\/\/media.lmneuquen.com\/p\/01cd809eecd329338ef3e94e3627e938\/adjuntos\/195\/imagenes\/007\/079\/0007079791\/350x197\/smart\/a-la-legislatura-jpg.jpg\" alt=\"comenzo el debate por las modificaciones a la ley de compre neuquino\" title=\"comenzo el debate por las modificaciones a la ley de compre neuquino\"\/><\/a><\/figure>\n\n\n\n<p><a href=\"https:\/\/www.lmneuquen.com\/comenzo-el-debate-las-modificaciones-la-ley-compre-neuquino-n894582\">Comenz\u00f3 el debate por las modificaciones a la Ley de Compre Neuquino<\/a><\/p>\n\n\n\n<figure class=\"wp-block-image\"><a href=\"https:\/\/www.lmneuquen.com\/neuquen-y-buenos-aires-intercambian-experiencias-promover-el-empleo-privado-n892532\"><img decoding=\"async\" src=\"https:\/\/media.lmneuquen.com\/p\/dfe0b545e3e8ffdd47439a426717a1fe\/adjuntos\/195\/imagenes\/007\/070\/0007070921\/350x197\/smart\/neuquen-buenos-aires-projpg.jpg\" alt=\"neuquen y buenos aires intercambian experiencias para promover el empleo privado\" title=\"neuquen y buenos aires intercambian experiencias para promover el empleo privado\"\/><\/a><\/figure>\n\n\n\n<p><a href=\"https:\/\/www.lmneuquen.com\/neuquen-y-buenos-aires-intercambian-experiencias-promover-el-empleo-privado-n892532\">Neuqu\u00e9n y Buenos Aires intercambian experiencias para promover el empleo privado<\/a><\/p>\n\n\n\n<p>El programa estar\u00e1 contemplado en el plan quinquenal del gobierno provincial -que refiere no solo al desarrollo sino tambi\u00e9n a la gesti\u00f3n de residuos domiciliarios e industriales-. Seg\u00fan especificaron, el convenio para el reciclaje en empresas del Parque Industrial remite al 27 de mayo de 2021, cuando en funci\u00f3n de estos objetivos la Secretar\u00eda de Planificaci\u00f3n y Acci\u00f3n para el Desarrollo (COPADE) firm\u00f3 un acuerdo de cooperaci\u00f3n con el INTI.<\/p>\n\n\n\n<p>Se ajusta, adem\u00e1s, a la Agenda 2030 de Desarrollo provincial que <strong>impulsa la econom\u00eda circular con el objetivo de transitar desde un modelo basado en la extracci\u00f3n, la fabricaci\u00f3n, el uso y el descarte a otro que incorpore el reciclaje, la reparaci\u00f3n, la reutilizaci\u00f3n, el reacondicionamiento y una mayor durabilidad de los bienes, con el objetivo de reducir los niveles de contaminaci\u00f3n.<\/strong><\/p>\n\n\n\n<figure class=\"wp-block-image\"><img decoding=\"async\" src=\"https:\/\/media.lmneuquen.com\/p\/f02fa9af215b76d2272c3369702eb956\/adjuntos\/195\/imagenes\/007\/081\/0007081410\/770x0\/smart\/proyecto-reciclaje-el-inti-empresasjpg.jpg\" alt=\"\"\/><\/figure>\n\n\n\n<p>A este respecto, detallaron que el concepto de econom\u00eda circular no s\u00f3lo aplica a organismos del Estado (en sus distintos niveles) sino tambi\u00e9n a organizaciones sociales, personas en sus acciones cotidianas y, como sucede en este caso, a empresas que contar\u00e1n con la asistencia t\u00e9cnica y financiera del Consejo Federal de Inversiones (CFI).<\/p>\n\n\n\n<p><strong>El convenio firmado contempla capacitaciones para la transformaci\u00f3n de subproductos y acciones que promuevan las buenas pr\u00e1cticas en la gesti\u00f3n de los residuos; al tiempo que incluye un taller virtual de pensamiento de dise\u00f1o<\/strong>. Se extender\u00e1 hasta el 9 de diciembre de 2023, con posibilidad de prorrogarlo y alcanzar\u00e1 a diez empresas.<\/p>\n\n\n\n<h3 class=\"wp-block-heading\">Recorrido por las instalaciones<\/h3>\n\n\n\n<p>Invitados por Geneyro, el gobernador y el intendente recorrieron la planta piloto de Agro alimentos, la plataforma de industria 4.0 y el centro de Ambiente del INTI que profundizar\u00e1 la agenda conjunta con provincia y municipio.<\/p>\n\n\n\n<p>\u201cLes quiero agradecer a todas las autoridades que nos han mostrado estas instalaciones, para poder conocer todo el desarrollo de esta gran revoluci\u00f3n industrial, la cuarta revoluci\u00f3n industrial, la econom\u00eda circular, el desarrollo de la ciencia y la tecnolog\u00eda, la inteligencia artificial\u201d, dijo el gobernador. Y agreg\u00f3: \u201cAs\u00ed que nos vamos con grandes objetivos para poder aplicar en la provincia y en la ciudad capital para seguir articulando progreso y desarrollo econ\u00f3mico\u201d.<\/p>\n\n\n\n<figure class=\"wp-block-image\"><img decoding=\"async\" src=\"https:\/\/media.lmneuquen.com\/p\/4384965b7cbfebca62b750f5f0ddefc6\/adjuntos\/195\/imagenes\/007\/081\/0007081411\/770x0\/smart\/reciclaje-empresas-intijpg.jpg\" alt=\"\"\/><\/figure>\n\n\n\n<p>Al tiempo que el intendente se\u00f1al\u00f3: \u201cTenemos que ir prepar\u00e1ndonos desde el conocimiento para una industria que nos genere la posibilidad de desarrollo cuando estemos en una nueva etapa de la econom\u00eda de la provincia y de la ciudad de Neuqu\u00e9n; por eso tenemos en marcha el Polo Tecnol\u00f3gico que se complementa con el cuidado del medio ambiente y la construcci\u00f3n del parque solar en la capital\u201d.<\/p>\n\n\n\n<p>En tanto que el titular del INTI se\u00f1al\u00f3: <strong>\u201cNuestra propuesta es tener m\u00e1s ciencia y tecnolog\u00eda en cada provincia del pa\u00eds y volcarla al sector productivo; La transferencia consiste en promover la innovaci\u00f3n y el desarrollo tecnol\u00f3gico para exportar con mayor valor agregado\u201d<\/strong>.<\/p>\n\n\n\n<p>Fuente: https:\/\/www.lmneuquen.com\/promueven-el-reciclaje-empresas-del-parque-industrial-n894924<\/p>\n","protected":false},"excerpt":{"rendered":"","protected":false},"author":6,"featured_media":75467,"comment_status":"open","ping_status":"open","sticky":false,"template":"","format":"standard","meta":{"site-sidebar-layout":"default","site-content-layout":"","ast-site-content-layout":"default","site-content-style":"default","site-sidebar-style":"default","ast-global-header-display":"","ast-banner-title-visibility":"","ast-main-header-display":"","ast-hfb-above-header-display":"","ast-hfb-below-header-display":"","ast-hfb-mobile-header-display":"","site-post-title":"","ast-breadcrumbs-content":"","ast-featured-img":"","footer-sml-layout":"","ast-disable-related-posts":"","theme-transparent-header-meta":"","adv-header-id-meta":"","stick-header-meta":"","header-above-stick-meta":"","header-main-stick-meta":"","header-below-stick-meta":"","astra-migrate-meta-layouts":"default","ast-page-background-enabled":"default","ast-page-background-meta":{"desktop":{"background-color":"var(--ast-global-color-5)","background-image":"","background-repeat":"repeat","background-position":"center center","background-size":"auto","background-attachment":"scroll","background-type":"","background-media":"","overlay-type":"","overlay-color":"","overlay-opacity":"","overlay-gradient":""},"tablet":{"background-color":"","background-image":"","background-repeat":"repeat","background-position":"center center","background-size":"auto","background-attachment":"scroll","background-type":"","background-media":"","overlay-type":"","overlay-color":"","overlay-opacity":"","overlay-gradient":""},"mobile":{"background-color":"","background-image":"","background-repeat":"repeat","background-position":"center center","background-size":"auto","background-attachment":"scroll","background-type":"","background-media":"","overlay-type":"","overlay-color":"","overlay-opacity":"","overlay-gradient":""}},"ast-content-background-meta":{"desktop":{"background-color":"var(--ast-global-color-4)","background-image":"","background-repeat":"repeat","background-position":"center center","background-size":"auto","background-attachment":"scroll","background-type":"","background-media":"","overlay-type":"","overlay-color":"","overlay-opacity":"","overlay-gradient":""},"tablet":{"background-color":"var(--ast-global-color-4)","background-image":"","background-repeat":"repeat","background-position":"center center","background-size":"auto","background-attachment":"scroll","background-type":"","background-media":"","overlay-type":"","overlay-color":"","overlay-opacity":"","overlay-gradient":""},"mobile":{"background-color":"var(--ast-global-color-4)","background-image":"","background-repeat":"repeat","background-position":"center center","background-size":"auto","background-attachment":"scroll","background-type":"","background-media":"","overlay-type":"","overlay-color":"","overlay-opacity":"","overlay-gradient":""}},"footnotes":""},"categories":[18,1],"tags":[],"class_list":["post-75466","post","type-post","status-publish","format-standard","has-post-thumbnail","hentry","category-neuquen","category-noticias"],"yoast_head":"<!-- This site is optimized with the Yoast SEO Premium plugin v23.0 (Yoast SEO v27.4) - https:\/\/yoast.com\/product\/yoast-seo-premium-wordpress\/ -->\n<title>Promueven el reciclaje en empresas del Parque Industrial de Neuquen<\/title>\n<meta name=\"robots\" content=\"index, follow, max-snippet:-1, max-image-preview:large, max-video-preview:-1\" \/>\n<link rel=\"canonical\" href=\"https:\/\/patagoniambiental.com.ar\/info\/promueven-el-reciclaje-en-empresas-del-parque-industrial-de-neuquen\/\" \/>\n<meta property=\"og:locale\" content=\"es_ES\" \/>\n<meta property=\"og:type\" content=\"article\" \/>\n<meta property=\"og:title\" content=\"Promueven el reciclaje en empresas del Parque Industrial de Neuquen\" \/>\n<meta property=\"og:url\" content=\"https:\/\/patagoniambiental.com.ar\/info\/promueven-el-reciclaje-en-empresas-del-parque-industrial-de-neuquen\/\" \/>\n<meta property=\"og:site_name\" content=\"Patagonia Ambiental\" \/>\n<meta property=\"article:publisher\" content=\"https:\/\/www.facebook.com\/patagonia.ambiental\" \/>\n<meta property=\"article:published_time\" content=\"2022-03-18T22:00:00+00:00\" \/>\n<meta property=\"og:image\" content=\"https:\/\/patagoniambiental.com.ar\/info\/wp-content\/uploads\/2022\/03\/index.jpeg\" \/>\n\t<meta property=\"og:image:width\" content=\"320\" \/>\n\t<meta property=\"og:image:height\" content=\"158\" \/>\n\t<meta property=\"og:image:type\" content=\"image\/jpeg\" \/>\n<meta name=\"author\" content=\"BRAIAN ESTEVEZ\" \/>\n<meta name=\"twitter:card\" content=\"summary_large_image\" \/>\n<meta name=\"twitter:creator\" content=\"@PatAmb\" \/>\n<meta name=\"twitter:site\" content=\"@PatAmb\" \/>\n<script type=\"application\/ld+json\" class=\"yoast-schema-graph\">{\"@context\":\"https:\\\/\\\/schema.org\",\"@graph\":[{\"@type\":\"Article\",\"@id\":\"https:\\\/\\\/patagoniambiental.com.ar\\\/info\\\/promueven-el-reciclaje-en-empresas-del-parque-industrial-de-neuquen\\\/#article\",\"isPartOf\":{\"@id\":\"https:\\\/\\\/patagoniambiental.com.ar\\\/info\\\/promueven-el-reciclaje-en-empresas-del-parque-industrial-de-neuquen\\\/\"},\"author\":{\"name\":\"BRAIAN ESTEVEZ\",\"@id\":\"https:\\\/\\\/patagoniambiental.com.ar\\\/info\\\/#\\\/schema\\\/person\\\/e5af09d700b2e82cb10c6b8800e0c691\"},\"headline\":\"Promueven el reciclaje en empresas del Parque Industrial de Neuquen\",\"datePublished\":\"2022-03-18T22:00:00+00:00\",\"mainEntityOfPage\":{\"@id\":\"https:\\\/\\\/patagoniambiental.com.ar\\\/info\\\/promueven-el-reciclaje-en-empresas-del-parque-industrial-de-neuquen\\\/\"},\"wordCount\":649,\"commentCount\":0,\"publisher\":{\"@id\":\"https:\\\/\\\/patagoniambiental.com.ar\\\/info\\\/#organization\"},\"image\":{\"@id\":\"https:\\\/\\\/patagoniambiental.com.ar\\\/info\\\/promueven-el-reciclaje-en-empresas-del-parque-industrial-de-neuquen\\\/#primaryimage\"},\"thumbnailUrl\":\"https:\\\/\\\/patagoniambiental.com.ar\\\/info\\\/wp-content\\\/uploads\\\/2022\\\/03\\\/index.jpeg\",\"articleSection\":[\"Neuqu\u00e9n\",\"Noticias\"],\"inLanguage\":\"es\",\"potentialAction\":[{\"@type\":\"CommentAction\",\"name\":\"Comment\",\"target\":[\"https:\\\/\\\/patagoniambiental.com.ar\\\/info\\\/promueven-el-reciclaje-en-empresas-del-parque-industrial-de-neuquen\\\/#respond\"]}]},{\"@type\":\"WebPage\",\"@id\":\"https:\\\/\\\/patagoniambiental.com.ar\\\/info\\\/promueven-el-reciclaje-en-empresas-del-parque-industrial-de-neuquen\\\/\",\"url\":\"https:\\\/\\\/patagoniambiental.com.ar\\\/info\\\/promueven-el-reciclaje-en-empresas-del-parque-industrial-de-neuquen\\\/\",\"name\":\"Promueven el reciclaje en empresas del Parque Industrial de Neuquen\",\"isPartOf\":{\"@id\":\"https:\\\/\\\/patagoniambiental.com.ar\\\/info\\\/#website\"},\"primaryImageOfPage\":{\"@id\":\"https:\\\/\\\/patagoniambiental.com.ar\\\/info\\\/promueven-el-reciclaje-en-empresas-del-parque-industrial-de-neuquen\\\/#primaryimage\"},\"image\":{\"@id\":\"https:\\\/\\\/patagoniambiental.com.ar\\\/info\\\/promueven-el-reciclaje-en-empresas-del-parque-industrial-de-neuquen\\\/#primaryimage\"},\"thumbnailUrl\":\"https:\\\/\\\/patagoniambiental.com.ar\\\/info\\\/wp-content\\\/uploads\\\/2022\\\/03\\\/index.jpeg\",\"datePublished\":\"2022-03-18T22:00:00+00:00\",\"breadcrumb\":{\"@id\":\"https:\\\/\\\/patagoniambiental.com.ar\\\/info\\\/promueven-el-reciclaje-en-empresas-del-parque-industrial-de-neuquen\\\/#breadcrumb\"},\"inLanguage\":\"es\",\"potentialAction\":[{\"@type\":\"ReadAction\",\"target\":[\"https:\\\/\\\/patagoniambiental.com.ar\\\/info\\\/promueven-el-reciclaje-en-empresas-del-parque-industrial-de-neuquen\\\/\"]}]},{\"@type\":\"ImageObject\",\"inLanguage\":\"es\",\"@id\":\"https:\\\/\\\/patagoniambiental.com.ar\\\/info\\\/promueven-el-reciclaje-en-empresas-del-parque-industrial-de-neuquen\\\/#primaryimage\",\"url\":\"https:\\\/\\\/patagoniambiental.com.ar\\\/info\\\/wp-content\\\/uploads\\\/2022\\\/03\\\/index.jpeg\",\"contentUrl\":\"https:\\\/\\\/patagoniambiental.com.ar\\\/info\\\/wp-content\\\/uploads\\\/2022\\\/03\\\/index.jpeg\",\"width\":320,\"height\":158},{\"@type\":\"BreadcrumbList\",\"@id\":\"https:\\\/\\\/patagoniambiental.com.ar\\\/info\\\/promueven-el-reciclaje-en-empresas-del-parque-industrial-de-neuquen\\\/#breadcrumb\",\"itemListElement\":[{\"@type\":\"ListItem\",\"position\":1,\"name\":\"Inicio\",\"item\":\"https:\\\/\\\/patagoniambiental.com.ar\\\/info\\\/\"},{\"@type\":\"ListItem\",\"position\":2,\"name\":\"Promueven el reciclaje en empresas del Parque Industrial de Neuquen\"}]},{\"@type\":\"WebSite\",\"@id\":\"https:\\\/\\\/patagoniambiental.com.ar\\\/info\\\/#website\",\"url\":\"https:\\\/\\\/patagoniambiental.com.ar\\\/info\\\/\",\"name\":\"Patagonia Ambiental\",\"description\":\"Monitoreo y an\u00e1lisis de la situaci\u00f3n geopol\u00edtica en el mundo y su implicancia en la Patagonia\",\"publisher\":{\"@id\":\"https:\\\/\\\/patagoniambiental.com.ar\\\/info\\\/#organization\"},\"potentialAction\":[{\"@type\":\"SearchAction\",\"target\":{\"@type\":\"EntryPoint\",\"urlTemplate\":\"https:\\\/\\\/patagoniambiental.com.ar\\\/info\\\/?s={search_term_string}\"},\"query-input\":{\"@type\":\"PropertyValueSpecification\",\"valueRequired\":true,\"valueName\":\"search_term_string\"}}],\"inLanguage\":\"es\"},{\"@type\":\"Organization\",\"@id\":\"https:\\\/\\\/patagoniambiental.com.ar\\\/info\\\/#organization\",\"name\":\"Patagonia Ambiental\",\"url\":\"https:\\\/\\\/patagoniambiental.com.ar\\\/info\\\/\",\"logo\":{\"@type\":\"ImageObject\",\"inLanguage\":\"es\",\"@id\":\"https:\\\/\\\/patagoniambiental.com.ar\\\/info\\\/#\\\/schema\\\/logo\\\/image\\\/\",\"url\":\"https:\\\/\\\/patagoniambiental.com.ar\\\/info\\\/wp-content\\\/uploads\\\/2025\\\/05\\\/LOGO-PATAGONIA-AMBIENTAL.png\",\"contentUrl\":\"https:\\\/\\\/patagoniambiental.com.ar\\\/info\\\/wp-content\\\/uploads\\\/2025\\\/05\\\/LOGO-PATAGONIA-AMBIENTAL.png\",\"width\":433,\"height\":250,\"caption\":\"Patagonia Ambiental\"},\"image\":{\"@id\":\"https:\\\/\\\/patagoniambiental.com.ar\\\/info\\\/#\\\/schema\\\/logo\\\/image\\\/\"},\"sameAs\":[\"https:\\\/\\\/www.facebook.com\\\/patagonia.ambiental\",\"https:\\\/\\\/x.com\\\/PatAmb\"]},{\"@type\":\"Person\",\"@id\":\"https:\\\/\\\/patagoniambiental.com.ar\\\/info\\\/#\\\/schema\\\/person\\\/e5af09d700b2e82cb10c6b8800e0c691\",\"name\":\"BRAIAN ESTEVEZ\",\"sameAs\":[\"http:\\\/\\\/www.patagoniambiental.com.ar\"]}]}<\/script>\n<!-- \/ Yoast SEO Premium plugin. -->","yoast_head_json":{"title":"Promueven el reciclaje en empresas del Parque Industrial de Neuquen","robots":{"index":"index","follow":"follow","max-snippet":"max-snippet:-1","max-image-preview":"max-image-preview:large","max-video-preview":"max-video-preview:-1"},"canonical":"https:\/\/patagoniambiental.com.ar\/info\/promueven-el-reciclaje-en-empresas-del-parque-industrial-de-neuquen\/","og_locale":"es_ES","og_type":"article","og_title":"Promueven el reciclaje en empresas del Parque Industrial de Neuquen","og_url":"https:\/\/patagoniambiental.com.ar\/info\/promueven-el-reciclaje-en-empresas-del-parque-industrial-de-neuquen\/","og_site_name":"Patagonia Ambiental","article_publisher":"https:\/\/www.facebook.com\/patagonia.ambiental","article_published_time":"2022-03-18T22:00:00+00:00","og_image":[{"width":320,"height":158,"url":"https:\/\/patagoniambiental.com.ar\/info\/wp-content\/uploads\/2022\/03\/index.jpeg","type":"image\/jpeg"}],"author":"BRAIAN ESTEVEZ","twitter_card":"summary_large_image","twitter_creator":"@PatAmb","twitter_site":"@PatAmb","schema":{"@context":"https:\/\/schema.org","@graph":[{"@type":"Article","@id":"https:\/\/patagoniambiental.com.ar\/info\/promueven-el-reciclaje-en-empresas-del-parque-industrial-de-neuquen\/#article","isPartOf":{"@id":"https:\/\/patagoniambiental.com.ar\/info\/promueven-el-reciclaje-en-empresas-del-parque-industrial-de-neuquen\/"},"author":{"name":"BRAIAN ESTEVEZ","@id":"https:\/\/patagoniambiental.com.ar\/info\/#\/schema\/person\/e5af09d700b2e82cb10c6b8800e0c691"},"headline":"Promueven el reciclaje en empresas del Parque Industrial de Neuquen","datePublished":"2022-03-18T22:00:00+00:00","mainEntityOfPage":{"@id":"https:\/\/patagoniambiental.com.ar\/info\/promueven-el-reciclaje-en-empresas-del-parque-industrial-de-neuquen\/"},"wordCount":649,"commentCount":0,"publisher":{"@id":"https:\/\/patagoniambiental.com.ar\/info\/#organization"},"image":{"@id":"https:\/\/patagoniambiental.com.ar\/info\/promueven-el-reciclaje-en-empresas-del-parque-industrial-de-neuquen\/#primaryimage"},"thumbnailUrl":"https:\/\/patagoniambiental.com.ar\/info\/wp-content\/uploads\/2022\/03\/index.jpeg","articleSection":["Neuqu\u00e9n","Noticias"],"inLanguage":"es","potentialAction":[{"@type":"CommentAction","name":"Comment","target":["https:\/\/patagoniambiental.com.ar\/info\/promueven-el-reciclaje-en-empresas-del-parque-industrial-de-neuquen\/#respond"]}]},{"@type":"WebPage","@id":"https:\/\/patagoniambiental.com.ar\/info\/promueven-el-reciclaje-en-empresas-del-parque-industrial-de-neuquen\/","url":"https:\/\/patagoniambiental.com.ar\/info\/promueven-el-reciclaje-en-empresas-del-parque-industrial-de-neuquen\/","name":"Promueven el reciclaje en empresas del Parque Industrial de Neuquen","isPartOf":{"@id":"https:\/\/patagoniambiental.com.ar\/info\/#website"},"primaryImageOfPage":{"@id":"https:\/\/patagoniambiental.com.ar\/info\/promueven-el-reciclaje-en-empresas-del-parque-industrial-de-neuquen\/#primaryimage"},"image":{"@id":"https:\/\/patagoniambiental.com.ar\/info\/promueven-el-reciclaje-en-empresas-del-parque-industrial-de-neuquen\/#primaryimage"},"thumbnailUrl":"https:\/\/patagoniambiental.com.ar\/info\/wp-content\/uploads\/2022\/03\/index.jpeg","datePublished":"2022-03-18T22:00:00+00:00","breadcrumb":{"@id":"https:\/\/patagoniambiental.com.ar\/info\/promueven-el-reciclaje-en-empresas-del-parque-industrial-de-neuquen\/#breadcrumb"},"inLanguage":"es","potentialAction":[{"@type":"ReadAction","target":["https:\/\/patagoniambiental.com.ar\/info\/promueven-el-reciclaje-en-empresas-del-parque-industrial-de-neuquen\/"]}]},{"@type":"ImageObject","inLanguage":"es","@id":"https:\/\/patagoniambiental.com.ar\/info\/promueven-el-reciclaje-en-empresas-del-parque-industrial-de-neuquen\/#primaryimage","url":"https:\/\/patagoniambiental.com.ar\/info\/wp-content\/uploads\/2022\/03\/index.jpeg","contentUrl":"https:\/\/patagoniambiental.com.ar\/info\/wp-content\/uploads\/2022\/03\/index.jpeg","width":320,"height":158},{"@type":"BreadcrumbList","@id":"https:\/\/patagoniambiental.com.ar\/info\/promueven-el-reciclaje-en-empresas-del-parque-industrial-de-neuquen\/#breadcrumb","itemListElement":[{"@type":"ListItem","position":1,"name":"Inicio","item":"https:\/\/patagoniambiental.com.ar\/info\/"},{"@type":"ListItem","position":2,"name":"Promueven el reciclaje en empresas del Parque Industrial de Neuquen"}]},{"@type":"WebSite","@id":"https:\/\/patagoniambiental.com.ar\/info\/#website","url":"https:\/\/patagoniambiental.com.ar\/info\/","name":"Patagonia Ambiental","description":"Monitoreo y an\u00e1lisis de la situaci\u00f3n geopol\u00edtica en el mundo y su implicancia en la Patagonia","publisher":{"@id":"https:\/\/patagoniambiental.com.ar\/info\/#organization"},"potentialAction":[{"@type":"SearchAction","target":{"@type":"EntryPoint","urlTemplate":"https:\/\/patagoniambiental.com.ar\/info\/?s={search_term_string}"},"query-input":{"@type":"PropertyValueSpecification","valueRequired":true,"valueName":"search_term_string"}}],"inLanguage":"es"},{"@type":"Organization","@id":"https:\/\/patagoniambiental.com.ar\/info\/#organization","name":"Patagonia Ambiental","url":"https:\/\/patagoniambiental.com.ar\/info\/","logo":{"@type":"ImageObject","inLanguage":"es","@id":"https:\/\/patagoniambiental.com.ar\/info\/#\/schema\/logo\/image\/","url":"https:\/\/patagoniambiental.com.ar\/info\/wp-content\/uploads\/2025\/05\/LOGO-PATAGONIA-AMBIENTAL.png","contentUrl":"https:\/\/patagoniambiental.com.ar\/info\/wp-content\/uploads\/2025\/05\/LOGO-PATAGONIA-AMBIENTAL.png","width":433,"height":250,"caption":"Patagonia Ambiental"},"image":{"@id":"https:\/\/patagoniambiental.com.ar\/info\/#\/schema\/logo\/image\/"},"sameAs":["https:\/\/www.facebook.com\/patagonia.ambiental","https:\/\/x.com\/PatAmb"]},{"@type":"Person","@id":"https:\/\/patagoniambiental.com.ar\/info\/#\/schema\/person\/e5af09d700b2e82cb10c6b8800e0c691","name":"BRAIAN ESTEVEZ","sameAs":["http:\/\/www.patagoniambiental.com.ar"]}]}},"_links":{"self":[{"href":"https:\/\/patagoniambiental.com.ar\/info\/wp-json\/wp\/v2\/posts\/75466","targetHints":{"allow":["GET"]}}],"collection":[{"href":"https:\/\/patagoniambiental.com.ar\/info\/wp-json\/wp\/v2\/posts"}],"about":[{"href":"https:\/\/patagoniambiental.com.ar\/info\/wp-json\/wp\/v2\/types\/post"}],"author":[{"embeddable":true,"href":"https:\/\/patagoniambiental.com.ar\/info\/wp-json\/wp\/v2\/users\/6"}],"replies":[{"embeddable":true,"href":"https:\/\/patagoniambiental.com.ar\/info\/wp-json\/wp\/v2\/comments?post=75466"}],"version-history":[{"count":0,"href":"https:\/\/patagoniambiental.com.ar\/info\/wp-json\/wp\/v2\/posts\/75466\/revisions"}],"wp:featuredmedia":[{"embeddable":true,"href":"https:\/\/patagoniambiental.com.ar\/info\/wp-json\/wp\/v2\/media\/75467"}],"wp:attachment":[{"href":"https:\/\/patagoniambiental.com.ar\/info\/wp-json\/wp\/v2\/media?parent=75466"}],"wp:term":[{"taxonomy":"category","embeddable":true,"href":"https:\/\/patagoniambiental.com.ar\/info\/wp-json\/wp\/v2\/categories?post=75466"},{"taxonomy":"post_tag","embeddable":true,"href":"https:\/\/patagoniambiental.com.ar\/info\/wp-json\/wp\/v2\/tags?post=75466"}],"curies":[{"name":"wp","href":"https:\/\/api.w.org\/{rel}","templated":true}]}}