{"id":75505,"date":"2022-03-23T19:00:00","date_gmt":"2022-03-23T22:00:00","guid":{"rendered":"http:\/\/patagoniambiental.com.ar\/info\/?p=75505"},"modified":"2022-03-22T09:10:20","modified_gmt":"2022-03-22T12:10:20","slug":"campana-para-la-prevencion-de-incendios-en-la-cuenca-del-rio-puelo-y-valle-de-cochamo","status":"publish","type":"post","link":"https:\/\/patagoniambiental.com.ar\/info\/campana-para-la-prevencion-de-incendios-en-la-cuenca-del-rio-puelo-y-valle-de-cochamo\/","title":{"rendered":"Campa\u00f1a para prevenir incendios en la cuenca del r\u00edo Puelo y valle de Cocham\u00f3"},"content":{"rendered":"\n<!--more-->\n\n\n\n<p>Se instalaron exitosamente\u00a0 3 tipos de se\u00f1al\u00e9tica distintas (<strong>camineros, informativos y en fines de ruta<\/strong>), los cuales fueron distribuidos en 21 puntos estrat\u00e9gicos como r\u00edo Manso, Segundo Corral, lago Tagua Tagua, puente r\u00edo Cocham\u00f3, puente R\u00edo Puelo, sector El Queche, lago Azul, entre otros.<\/p>\n\n\n\n<p>En la cuenca del r\u00edo Puelo y la comuna de Cocham\u00f3, los efectos de la crisis clim\u00e1tica han provocado un descenso de un 20% en las precipitaciones, causando una considerable reducci\u00f3n del caudal del r\u00edo, junto a un aumento considerable aumento de la temperatura, que en verano puede llegar incluso a de mas de 40\u00b0C. Esto pone en riesgo a los habitantes del valle, a su fauna y al bosque nativo, el cual actualmente cubre un 70% de la superficie comunal.<\/p>\n\n\n\n<p>Es por esto que junto a la I. Municipalidad de Cocham\u00f3 y otros vecinos del valle, como la Comunidad Domingo Cay\u00fan Panicheo, se dise\u00f1aron e instalaron 21 letreros, los cuales se distribuyen por toda la comuna y especialmente en los sectores de mayor riesgo de incendios o que concentran mayor cantidad de visitantes.<\/p>\n\n\n\n<p>Te pedimos ser especialmente cuidadoso con el fuego durante tu visita.&nbsp;&nbsp;En Chile el 99,7% de los incendios forestales son producidos por la acci\u00f3n humana, ya sea por irresponsabilidad, negligencia o intenci\u00f3n. La prevenci\u00f3n de incendios es fundamental, ya que una vez que la chispa se transforma en incendio, combatirlo es una tarea compleja y de alto riesgo.<\/p>\n\n\n\n<ul class=\"wp-block-list\"><li>No hacer fuego ni fogatas<\/li><li>Evitar fumar y no arrojar cigarrillos al suelo<\/li><li>Acampar en lugares establecidos<\/li><li>Recolectar y llevar de regreso toda la basura que se genere.<\/li><li>Revisar instalaciones el\u00e9ctricas regularmente<\/li><li>Resguardar productos inflamables como gasolinas, acetona y alcohol.<\/li><li>Denunciar situaciones de riesgo<\/li><li>Si hay restos de fogata encendidos, arrojarles agua o tierra<\/li><li>Obedece las se\u00f1ales de restricci\u00f3n de cada zona<\/li><li>No realizar quemas ilegales<\/li><li>Respetar el lugar que se visita<\/li><\/ul>\n\n\n\n<p><strong>\u00a1Solo T\u00da puedes prevenir un incendio forestal!<\/strong> https:\/\/www.youtube.com\/embed\/gBGH5tHxiMs<\/p>\n\n\n\n<h4 class=\"wp-block-heading\">Incendios en la Patagonia argentina 2021-2022<\/h4>\n\n\n\n<p>Incendio en Chubut arrasaron con m\u00e1s de 80 mil hect\u00e1reas de meseta patag\u00f3nica en la zona de Puerto Madryn, donde el viento y la sequ\u00eda han sido aspectos claves para su descontrol.<\/p>\n\n\n\n<p>Por otra parte y m\u00e1s cerca de la frontera con Chile, hubo otros focos de incendio en la parte sur del parque Parque Nacional Nahuel Huapi en la zona de Bariloche a solo 60 kil\u00f3metros de paso el Le\u00f3n. Afortunadamente las condiciones clim\u00e1ticas de los \u00faltimos d\u00edas con menores temperaturas y aumento de la humedad relativa impidieron el crecimiento del fuego.<\/p>\n\n\n\n<p>El viceministro de Medio Ambiente de Argentina, Sergio Federovisky&nbsp; que los incendios se enmarcan dentro de \u00abuna sequ\u00eda enorme que hace dos a\u00f1os est\u00e1 afectando la totalidad del pa\u00eds\u00bb, que en el caso de la Patagonia andina, que tiene el verano como la estaci\u00f3n seca, se acent\u00faa porque pr\u00e1cticamente no hubo nieve durante el invierno y, en este momento, las temperaturas son altas y los tenores de humedad muy bajos.<\/p>\n\n\n\n<p>Los valles de Cocham\u00f3 y Puelo se encuentran en zonas de ALTO RIESGO de incendios, producto de la sequ\u00eda y un mayor flujo de visitantes, lo que hace urgente generar un plan de contingencia ante este tipo de peligros que se van a hacer cada vez m\u00e1s inminentes producto del calentamiento global.<\/p>\n\n\n\n<ul class=\"wp-block-list\"><li><\/li><li>Fuente: https:\/\/puelopatagonia.cl\/proyectos\/#prevencion-incendios<\/li><\/ul>\n\n\n\n<ul class=\"wp-block-list\"><li><\/li><li><\/li><li><\/li><li><\/li><\/ul>\n\n\n\n<figure class=\"wp-block-image size-large\"><img fetchpriority=\"high\" decoding=\"async\" width=\"600\" height=\"600\" src=\"https:\/\/patagoniambiental.com.ar\/info\/wp-content\/uploads\/2022\/03\/Captura-de-Pantalla-2022-01-05-a-las-20.42.54.png\" alt=\"\" class=\"wp-image-75507\" srcset=\"https:\/\/patagoniambiental.com.ar\/info\/wp-content\/uploads\/2022\/03\/Captura-de-Pantalla-2022-01-05-a-las-20.42.54.png 600w, https:\/\/patagoniambiental.com.ar\/info\/wp-content\/uploads\/2022\/03\/Captura-de-Pantalla-2022-01-05-a-las-20.42.54-150x150.png 150w\" sizes=\"(max-width: 600px) 100vw, 600px\" \/><\/figure>\n","protected":false},"excerpt":{"rendered":"","protected":false},"author":6,"featured_media":75506,"comment_status":"open","ping_status":"open","sticky":false,"template":"","format":"standard","meta":{"site-sidebar-layout":"default","site-content-layout":"","ast-site-content-layout":"default","site-content-style":"default","site-sidebar-style":"default","ast-global-header-display":"","ast-banner-title-visibility":"","ast-main-header-display":"","ast-hfb-above-header-display":"","ast-hfb-below-header-display":"","ast-hfb-mobile-header-display":"","site-post-title":"","ast-breadcrumbs-content":"","ast-featured-img":"","footer-sml-layout":"","ast-disable-related-posts":"","theme-transparent-header-meta":"","adv-header-id-meta":"","stick-header-meta":"","header-above-stick-meta":"","header-main-stick-meta":"","header-below-stick-meta":"","astra-migrate-meta-layouts":"default","ast-page-background-enabled":"default","ast-page-background-meta":{"desktop":{"background-color":"var(--ast-global-color-5)","background-image":"","background-repeat":"repeat","background-position":"center center","background-size":"auto","background-attachment":"scroll","background-type":"","background-media":"","overlay-type":"","overlay-color":"","overlay-opacity":"","overlay-gradient":""},"tablet":{"background-color":"","background-image":"","background-repeat":"repeat","background-position":"center center","background-size":"auto","background-attachment":"scroll","background-type":"","background-media":"","overlay-type":"","overlay-color":"","overlay-opacity":"","overlay-gradient":""},"mobile":{"background-color":"","background-image":"","background-repeat":"repeat","background-position":"center center","background-size":"auto","background-attachment":"scroll","background-type":"","background-media":"","overlay-type":"","overlay-color":"","overlay-opacity":"","overlay-gradient":""}},"ast-content-background-meta":{"desktop":{"background-color":"var(--ast-global-color-4)","background-image":"","background-repeat":"repeat","background-position":"center center","background-size":"auto","background-attachment":"scroll","background-type":"","background-media":"","overlay-type":"","overlay-color":"","overlay-opacity":"","overlay-gradient":""},"tablet":{"background-color":"var(--ast-global-color-4)","background-image":"","background-repeat":"repeat","background-position":"center center","background-size":"auto","background-attachment":"scroll","background-type":"","background-media":"","overlay-type":"","overlay-color":"","overlay-opacity":"","overlay-gradient":""},"mobile":{"background-color":"var(--ast-global-color-4)","background-image":"","background-repeat":"repeat","background-position":"center center","background-size":"auto","background-attachment":"scroll","background-type":"","background-media":"","overlay-type":"","overlay-color":"","overlay-opacity":"","overlay-gradient":""}},"footnotes":""},"categories":[11,1,3,10],"tags":[],"class_list":["post-75505","post","type-post","status-publish","format-standard","has-post-thumbnail","hentry","category-boletin","category-noticias","category-ong","category-rotador"],"yoast_head":"<!-- This site is optimized with the Yoast SEO Premium plugin v23.0 (Yoast SEO v27.5) - https:\/\/yoast.com\/product\/yoast-seo-premium-wordpress\/ -->\n<title>Campa\u00f1a para prevenir incendios en la cuenca del r\u00edo Puelo y valle de Cocham\u00f3<\/title>\n<meta name=\"robots\" content=\"index, follow, max-snippet:-1, max-image-preview:large, max-video-preview:-1\" \/>\n<link rel=\"canonical\" href=\"https:\/\/patagoniambiental.com.ar\/info\/campana-para-la-prevencion-de-incendios-en-la-cuenca-del-rio-puelo-y-valle-de-cochamo\/\" \/>\n<meta property=\"og:locale\" content=\"es_ES\" \/>\n<meta property=\"og:type\" content=\"article\" \/>\n<meta property=\"og:title\" content=\"Campa\u00f1a para prevenir incendios en la cuenca del r\u00edo Puelo y valle de Cocham\u00f3\" \/>\n<meta property=\"og:url\" content=\"https:\/\/patagoniambiental.com.ar\/info\/campana-para-la-prevencion-de-incendios-en-la-cuenca-del-rio-puelo-y-valle-de-cochamo\/\" \/>\n<meta property=\"og:site_name\" content=\"Patagonia Ambiental\" \/>\n<meta property=\"article:publisher\" content=\"https:\/\/www.facebook.com\/patagonia.ambiental\" \/>\n<meta property=\"article:published_time\" content=\"2022-03-23T22:00:00+00:00\" \/>\n<meta property=\"og:image\" content=\"https:\/\/patagoniambiental.com.ar\/info\/wp-content\/uploads\/2022\/03\/4220e5a0-a85f-4187-a759-0b6822c8468a.JPG.jpg\" \/>\n\t<meta property=\"og:image:width\" content=\"768\" \/>\n\t<meta property=\"og:image:height\" content=\"1024\" \/>\n\t<meta property=\"og:image:type\" content=\"image\/jpeg\" \/>\n<meta name=\"author\" content=\"BRAIAN ESTEVEZ\" \/>\n<meta name=\"twitter:card\" content=\"summary_large_image\" \/>\n<meta name=\"twitter:creator\" content=\"@PatAmb\" \/>\n<meta name=\"twitter:site\" content=\"@PatAmb\" \/>\n<script type=\"application\/ld+json\" class=\"yoast-schema-graph\">{\"@context\":\"https:\\\/\\\/schema.org\",\"@graph\":[{\"@type\":\"Article\",\"@id\":\"https:\\\/\\\/patagoniambiental.com.ar\\\/info\\\/campana-para-la-prevencion-de-incendios-en-la-cuenca-del-rio-puelo-y-valle-de-cochamo\\\/#article\",\"isPartOf\":{\"@id\":\"https:\\\/\\\/patagoniambiental.com.ar\\\/info\\\/campana-para-la-prevencion-de-incendios-en-la-cuenca-del-rio-puelo-y-valle-de-cochamo\\\/\"},\"author\":{\"name\":\"BRAIAN ESTEVEZ\",\"@id\":\"https:\\\/\\\/patagoniambiental.com.ar\\\/info\\\/#\\\/schema\\\/person\\\/e5af09d700b2e82cb10c6b8800e0c691\"},\"headline\":\"Campa\u00f1a para prevenir incendios en la cuenca del r\u00edo Puelo y valle de Cocham\u00f3\",\"datePublished\":\"2022-03-23T22:00:00+00:00\",\"mainEntityOfPage\":{\"@id\":\"https:\\\/\\\/patagoniambiental.com.ar\\\/info\\\/campana-para-la-prevencion-de-incendios-en-la-cuenca-del-rio-puelo-y-valle-de-cochamo\\\/\"},\"wordCount\":595,\"commentCount\":0,\"publisher\":{\"@id\":\"https:\\\/\\\/patagoniambiental.com.ar\\\/info\\\/#organization\"},\"image\":{\"@id\":\"https:\\\/\\\/patagoniambiental.com.ar\\\/info\\\/campana-para-la-prevencion-de-incendios-en-la-cuenca-del-rio-puelo-y-valle-de-cochamo\\\/#primaryimage\"},\"thumbnailUrl\":\"https:\\\/\\\/patagoniambiental.com.ar\\\/info\\\/wp-content\\\/uploads\\\/2022\\\/03\\\/4220e5a0-a85f-4187-a759-0b6822c8468a.JPG.jpg\",\"articleSection\":[\"Bolet\u00edn\",\"Noticias\",\"ONG\",\"Rotador\"],\"inLanguage\":\"es\",\"potentialAction\":[{\"@type\":\"CommentAction\",\"name\":\"Comment\",\"target\":[\"https:\\\/\\\/patagoniambiental.com.ar\\\/info\\\/campana-para-la-prevencion-de-incendios-en-la-cuenca-del-rio-puelo-y-valle-de-cochamo\\\/#respond\"]}]},{\"@type\":\"WebPage\",\"@id\":\"https:\\\/\\\/patagoniambiental.com.ar\\\/info\\\/campana-para-la-prevencion-de-incendios-en-la-cuenca-del-rio-puelo-y-valle-de-cochamo\\\/\",\"url\":\"https:\\\/\\\/patagoniambiental.com.ar\\\/info\\\/campana-para-la-prevencion-de-incendios-en-la-cuenca-del-rio-puelo-y-valle-de-cochamo\\\/\",\"name\":\"Campa\u00f1a para prevenir incendios en la cuenca del r\u00edo Puelo y valle de Cocham\u00f3\",\"isPartOf\":{\"@id\":\"https:\\\/\\\/patagoniambiental.com.ar\\\/info\\\/#website\"},\"primaryImageOfPage\":{\"@id\":\"https:\\\/\\\/patagoniambiental.com.ar\\\/info\\\/campana-para-la-prevencion-de-incendios-en-la-cuenca-del-rio-puelo-y-valle-de-cochamo\\\/#primaryimage\"},\"image\":{\"@id\":\"https:\\\/\\\/patagoniambiental.com.ar\\\/info\\\/campana-para-la-prevencion-de-incendios-en-la-cuenca-del-rio-puelo-y-valle-de-cochamo\\\/#primaryimage\"},\"thumbnailUrl\":\"https:\\\/\\\/patagoniambiental.com.ar\\\/info\\\/wp-content\\\/uploads\\\/2022\\\/03\\\/4220e5a0-a85f-4187-a759-0b6822c8468a.JPG.jpg\",\"datePublished\":\"2022-03-23T22:00:00+00:00\",\"breadcrumb\":{\"@id\":\"https:\\\/\\\/patagoniambiental.com.ar\\\/info\\\/campana-para-la-prevencion-de-incendios-en-la-cuenca-del-rio-puelo-y-valle-de-cochamo\\\/#breadcrumb\"},\"inLanguage\":\"es\",\"potentialAction\":[{\"@type\":\"ReadAction\",\"target\":[\"https:\\\/\\\/patagoniambiental.com.ar\\\/info\\\/campana-para-la-prevencion-de-incendios-en-la-cuenca-del-rio-puelo-y-valle-de-cochamo\\\/\"]}]},{\"@type\":\"ImageObject\",\"inLanguage\":\"es\",\"@id\":\"https:\\\/\\\/patagoniambiental.com.ar\\\/info\\\/campana-para-la-prevencion-de-incendios-en-la-cuenca-del-rio-puelo-y-valle-de-cochamo\\\/#primaryimage\",\"url\":\"https:\\\/\\\/patagoniambiental.com.ar\\\/info\\\/wp-content\\\/uploads\\\/2022\\\/03\\\/4220e5a0-a85f-4187-a759-0b6822c8468a.JPG.jpg\",\"contentUrl\":\"https:\\\/\\\/patagoniambiental.com.ar\\\/info\\\/wp-content\\\/uploads\\\/2022\\\/03\\\/4220e5a0-a85f-4187-a759-0b6822c8468a.JPG.jpg\",\"width\":450,\"height\":600},{\"@type\":\"BreadcrumbList\",\"@id\":\"https:\\\/\\\/patagoniambiental.com.ar\\\/info\\\/campana-para-la-prevencion-de-incendios-en-la-cuenca-del-rio-puelo-y-valle-de-cochamo\\\/#breadcrumb\",\"itemListElement\":[{\"@type\":\"ListItem\",\"position\":1,\"name\":\"Inicio\",\"item\":\"https:\\\/\\\/patagoniambiental.com.ar\\\/info\\\/\"},{\"@type\":\"ListItem\",\"position\":2,\"name\":\"Campa\u00f1a para prevenir incendios en la cuenca del r\u00edo Puelo y valle de Cocham\u00f3\"}]},{\"@type\":\"WebSite\",\"@id\":\"https:\\\/\\\/patagoniambiental.com.ar\\\/info\\\/#website\",\"url\":\"https:\\\/\\\/patagoniambiental.com.ar\\\/info\\\/\",\"name\":\"Patagonia Ambiental\",\"description\":\"Monitoreo y an\u00e1lisis de la situaci\u00f3n geopol\u00edtica en el mundo y su implicancia en la Patagonia\",\"publisher\":{\"@id\":\"https:\\\/\\\/patagoniambiental.com.ar\\\/info\\\/#organization\"},\"potentialAction\":[{\"@type\":\"SearchAction\",\"target\":{\"@type\":\"EntryPoint\",\"urlTemplate\":\"https:\\\/\\\/patagoniambiental.com.ar\\\/info\\\/?s={search_term_string}\"},\"query-input\":{\"@type\":\"PropertyValueSpecification\",\"valueRequired\":true,\"valueName\":\"search_term_string\"}}],\"inLanguage\":\"es\"},{\"@type\":\"Organization\",\"@id\":\"https:\\\/\\\/patagoniambiental.com.ar\\\/info\\\/#organization\",\"name\":\"Patagonia Ambiental\",\"url\":\"https:\\\/\\\/patagoniambiental.com.ar\\\/info\\\/\",\"logo\":{\"@type\":\"ImageObject\",\"inLanguage\":\"es\",\"@id\":\"https:\\\/\\\/patagoniambiental.com.ar\\\/info\\\/#\\\/schema\\\/logo\\\/image\\\/\",\"url\":\"https:\\\/\\\/patagoniambiental.com.ar\\\/info\\\/wp-content\\\/uploads\\\/2025\\\/05\\\/LOGO-PATAGONIA-AMBIENTAL.png\",\"contentUrl\":\"https:\\\/\\\/patagoniambiental.com.ar\\\/info\\\/wp-content\\\/uploads\\\/2025\\\/05\\\/LOGO-PATAGONIA-AMBIENTAL.png\",\"width\":433,\"height\":250,\"caption\":\"Patagonia Ambiental\"},\"image\":{\"@id\":\"https:\\\/\\\/patagoniambiental.com.ar\\\/info\\\/#\\\/schema\\\/logo\\\/image\\\/\"},\"sameAs\":[\"https:\\\/\\\/www.facebook.com\\\/patagonia.ambiental\",\"https:\\\/\\\/x.com\\\/PatAmb\"]},{\"@type\":\"Person\",\"@id\":\"https:\\\/\\\/patagoniambiental.com.ar\\\/info\\\/#\\\/schema\\\/person\\\/e5af09d700b2e82cb10c6b8800e0c691\",\"name\":\"BRAIAN ESTEVEZ\",\"sameAs\":[\"http:\\\/\\\/www.patagoniambiental.com.ar\"]}]}<\/script>\n<!-- \/ Yoast SEO Premium plugin. -->","yoast_head_json":{"title":"Campa\u00f1a para prevenir incendios en la cuenca del r\u00edo Puelo y valle de Cocham\u00f3","robots":{"index":"index","follow":"follow","max-snippet":"max-snippet:-1","max-image-preview":"max-image-preview:large","max-video-preview":"max-video-preview:-1"},"canonical":"https:\/\/patagoniambiental.com.ar\/info\/campana-para-la-prevencion-de-incendios-en-la-cuenca-del-rio-puelo-y-valle-de-cochamo\/","og_locale":"es_ES","og_type":"article","og_title":"Campa\u00f1a para prevenir incendios en la cuenca del r\u00edo Puelo y valle de Cocham\u00f3","og_url":"https:\/\/patagoniambiental.com.ar\/info\/campana-para-la-prevencion-de-incendios-en-la-cuenca-del-rio-puelo-y-valle-de-cochamo\/","og_site_name":"Patagonia Ambiental","article_publisher":"https:\/\/www.facebook.com\/patagonia.ambiental","article_published_time":"2022-03-23T22:00:00+00:00","og_image":[{"width":768,"height":1024,"url":"https:\/\/patagoniambiental.com.ar\/info\/wp-content\/uploads\/2022\/03\/4220e5a0-a85f-4187-a759-0b6822c8468a.JPG.jpg","type":"image\/jpeg"}],"author":"BRAIAN ESTEVEZ","twitter_card":"summary_large_image","twitter_creator":"@PatAmb","twitter_site":"@PatAmb","schema":{"@context":"https:\/\/schema.org","@graph":[{"@type":"Article","@id":"https:\/\/patagoniambiental.com.ar\/info\/campana-para-la-prevencion-de-incendios-en-la-cuenca-del-rio-puelo-y-valle-de-cochamo\/#article","isPartOf":{"@id":"https:\/\/patagoniambiental.com.ar\/info\/campana-para-la-prevencion-de-incendios-en-la-cuenca-del-rio-puelo-y-valle-de-cochamo\/"},"author":{"name":"BRAIAN ESTEVEZ","@id":"https:\/\/patagoniambiental.com.ar\/info\/#\/schema\/person\/e5af09d700b2e82cb10c6b8800e0c691"},"headline":"Campa\u00f1a para prevenir incendios en la cuenca del r\u00edo Puelo y valle de Cocham\u00f3","datePublished":"2022-03-23T22:00:00+00:00","mainEntityOfPage":{"@id":"https:\/\/patagoniambiental.com.ar\/info\/campana-para-la-prevencion-de-incendios-en-la-cuenca-del-rio-puelo-y-valle-de-cochamo\/"},"wordCount":595,"commentCount":0,"publisher":{"@id":"https:\/\/patagoniambiental.com.ar\/info\/#organization"},"image":{"@id":"https:\/\/patagoniambiental.com.ar\/info\/campana-para-la-prevencion-de-incendios-en-la-cuenca-del-rio-puelo-y-valle-de-cochamo\/#primaryimage"},"thumbnailUrl":"https:\/\/patagoniambiental.com.ar\/info\/wp-content\/uploads\/2022\/03\/4220e5a0-a85f-4187-a759-0b6822c8468a.JPG.jpg","articleSection":["Bolet\u00edn","Noticias","ONG","Rotador"],"inLanguage":"es","potentialAction":[{"@type":"CommentAction","name":"Comment","target":["https:\/\/patagoniambiental.com.ar\/info\/campana-para-la-prevencion-de-incendios-en-la-cuenca-del-rio-puelo-y-valle-de-cochamo\/#respond"]}]},{"@type":"WebPage","@id":"https:\/\/patagoniambiental.com.ar\/info\/campana-para-la-prevencion-de-incendios-en-la-cuenca-del-rio-puelo-y-valle-de-cochamo\/","url":"https:\/\/patagoniambiental.com.ar\/info\/campana-para-la-prevencion-de-incendios-en-la-cuenca-del-rio-puelo-y-valle-de-cochamo\/","name":"Campa\u00f1a para prevenir incendios en la cuenca del r\u00edo Puelo y valle de Cocham\u00f3","isPartOf":{"@id":"https:\/\/patagoniambiental.com.ar\/info\/#website"},"primaryImageOfPage":{"@id":"https:\/\/patagoniambiental.com.ar\/info\/campana-para-la-prevencion-de-incendios-en-la-cuenca-del-rio-puelo-y-valle-de-cochamo\/#primaryimage"},"image":{"@id":"https:\/\/patagoniambiental.com.ar\/info\/campana-para-la-prevencion-de-incendios-en-la-cuenca-del-rio-puelo-y-valle-de-cochamo\/#primaryimage"},"thumbnailUrl":"https:\/\/patagoniambiental.com.ar\/info\/wp-content\/uploads\/2022\/03\/4220e5a0-a85f-4187-a759-0b6822c8468a.JPG.jpg","datePublished":"2022-03-23T22:00:00+00:00","breadcrumb":{"@id":"https:\/\/patagoniambiental.com.ar\/info\/campana-para-la-prevencion-de-incendios-en-la-cuenca-del-rio-puelo-y-valle-de-cochamo\/#breadcrumb"},"inLanguage":"es","potentialAction":[{"@type":"ReadAction","target":["https:\/\/patagoniambiental.com.ar\/info\/campana-para-la-prevencion-de-incendios-en-la-cuenca-del-rio-puelo-y-valle-de-cochamo\/"]}]},{"@type":"ImageObject","inLanguage":"es","@id":"https:\/\/patagoniambiental.com.ar\/info\/campana-para-la-prevencion-de-incendios-en-la-cuenca-del-rio-puelo-y-valle-de-cochamo\/#primaryimage","url":"https:\/\/patagoniambiental.com.ar\/info\/wp-content\/uploads\/2022\/03\/4220e5a0-a85f-4187-a759-0b6822c8468a.JPG.jpg","contentUrl":"https:\/\/patagoniambiental.com.ar\/info\/wp-content\/uploads\/2022\/03\/4220e5a0-a85f-4187-a759-0b6822c8468a.JPG.jpg","width":450,"height":600},{"@type":"BreadcrumbList","@id":"https:\/\/patagoniambiental.com.ar\/info\/campana-para-la-prevencion-de-incendios-en-la-cuenca-del-rio-puelo-y-valle-de-cochamo\/#breadcrumb","itemListElement":[{"@type":"ListItem","position":1,"name":"Inicio","item":"https:\/\/patagoniambiental.com.ar\/info\/"},{"@type":"ListItem","position":2,"name":"Campa\u00f1a para prevenir incendios en la cuenca del r\u00edo Puelo y valle de Cocham\u00f3"}]},{"@type":"WebSite","@id":"https:\/\/patagoniambiental.com.ar\/info\/#website","url":"https:\/\/patagoniambiental.com.ar\/info\/","name":"Patagonia Ambiental","description":"Monitoreo y an\u00e1lisis de la situaci\u00f3n geopol\u00edtica en el mundo y su implicancia en la Patagonia","publisher":{"@id":"https:\/\/patagoniambiental.com.ar\/info\/#organization"},"potentialAction":[{"@type":"SearchAction","target":{"@type":"EntryPoint","urlTemplate":"https:\/\/patagoniambiental.com.ar\/info\/?s={search_term_string}"},"query-input":{"@type":"PropertyValueSpecification","valueRequired":true,"valueName":"search_term_string"}}],"inLanguage":"es"},{"@type":"Organization","@id":"https:\/\/patagoniambiental.com.ar\/info\/#organization","name":"Patagonia Ambiental","url":"https:\/\/patagoniambiental.com.ar\/info\/","logo":{"@type":"ImageObject","inLanguage":"es","@id":"https:\/\/patagoniambiental.com.ar\/info\/#\/schema\/logo\/image\/","url":"https:\/\/patagoniambiental.com.ar\/info\/wp-content\/uploads\/2025\/05\/LOGO-PATAGONIA-AMBIENTAL.png","contentUrl":"https:\/\/patagoniambiental.com.ar\/info\/wp-content\/uploads\/2025\/05\/LOGO-PATAGONIA-AMBIENTAL.png","width":433,"height":250,"caption":"Patagonia Ambiental"},"image":{"@id":"https:\/\/patagoniambiental.com.ar\/info\/#\/schema\/logo\/image\/"},"sameAs":["https:\/\/www.facebook.com\/patagonia.ambiental","https:\/\/x.com\/PatAmb"]},{"@type":"Person","@id":"https:\/\/patagoniambiental.com.ar\/info\/#\/schema\/person\/e5af09d700b2e82cb10c6b8800e0c691","name":"BRAIAN ESTEVEZ","sameAs":["http:\/\/www.patagoniambiental.com.ar"]}]}},"_links":{"self":[{"href":"https:\/\/patagoniambiental.com.ar\/info\/wp-json\/wp\/v2\/posts\/75505","targetHints":{"allow":["GET"]}}],"collection":[{"href":"https:\/\/patagoniambiental.com.ar\/info\/wp-json\/wp\/v2\/posts"}],"about":[{"href":"https:\/\/patagoniambiental.com.ar\/info\/wp-json\/wp\/v2\/types\/post"}],"author":[{"embeddable":true,"href":"https:\/\/patagoniambiental.com.ar\/info\/wp-json\/wp\/v2\/users\/6"}],"replies":[{"embeddable":true,"href":"https:\/\/patagoniambiental.com.ar\/info\/wp-json\/wp\/v2\/comments?post=75505"}],"version-history":[{"count":0,"href":"https:\/\/patagoniambiental.com.ar\/info\/wp-json\/wp\/v2\/posts\/75505\/revisions"}],"wp:featuredmedia":[{"embeddable":true,"href":"https:\/\/patagoniambiental.com.ar\/info\/wp-json\/wp\/v2\/media\/75506"}],"wp:attachment":[{"href":"https:\/\/patagoniambiental.com.ar\/info\/wp-json\/wp\/v2\/media?parent=75505"}],"wp:term":[{"taxonomy":"category","embeddable":true,"href":"https:\/\/patagoniambiental.com.ar\/info\/wp-json\/wp\/v2\/categories?post=75505"},{"taxonomy":"post_tag","embeddable":true,"href":"https:\/\/patagoniambiental.com.ar\/info\/wp-json\/wp\/v2\/tags?post=75505"}],"curies":[{"name":"wp","href":"https:\/\/api.w.org\/{rel}","templated":true}]}}