{"id":75514,"date":"2022-03-22T09:30:53","date_gmt":"2022-03-22T12:30:53","guid":{"rendered":"http:\/\/patagoniambiental.com.ar\/info\/?p=75514"},"modified":"2022-03-22T09:31:49","modified_gmt":"2022-03-22T12:31:49","slug":"coop16-organiza-actividades-por-el-dia-mundial-del-agua","status":"publish","type":"post","link":"https:\/\/patagoniambiental.com.ar\/info\/coop16-organiza-actividades-por-el-dia-mundial-del-agua\/","title":{"rendered":"Coop16 organiza actividades por el D\u00eda Mundial del Agua"},"content":{"rendered":"\n<!--more-->\n\n\n\n<p>Desde el Sal\u00f3n de Asambleas de la Cooperativa 16 de Octubre se llev\u00f3 a cabo la presentaci\u00f3n oficial de las actividades por el D\u00eda Mundial del Agua que se van a estar desarrollando ma\u00f1ana, 22 de marzo, en Esquel. Disertaciones, Charla debate, presentaci\u00f3n de experiencias, exposiciones son algunas de las propuestas, abiertas a los vecinos con entrada libre y gratuita.<\/p>\n\n\n\n<p><\/p>\n\n\n\n<figure class=\"wp-block-image\"><img decoding=\"async\" src=\"https:\/\/pxb.cdn.elchubut.com.ar\/chubut\/032022\/1647822545594.webp?cw=1315&amp;ch=749&amp;extw=jpg\" alt=\"Coop16 organiza actividades por el D\u00eda Mundial del Agua\" title=\"Coop16 organiza actividades por el D\u00eda Mundial del Agua\"\/><\/figure>\n\n\n\n<p><strong>Sobre el inicio del contacto con la prensa el consejero Jorge Kovacevich hizo hincapi\u00e9 en que el 22 de marzo es el D\u00eda Mundial del Agua establecido en la Conferencia de las Naciones Unidas sobre Medio Ambiente y Desarrollo efectuada en R\u00edo de Janeiro en 1992. En el marco de esta celebraci\u00f3n, que tiene como fin tomar conciencia sobre la importancia de este recurso, la Cooperativa 16 de Octubre invita a la comunidad en general a esta charla debate.<\/strong><\/p>\n\n\n\n<p>\u00abEsta actividad es para generar concientizaci\u00f3n, para comenzar a trabajar en la preservaci\u00f3n del recurso, poder generar pol\u00edticas institucionales para tener un mejor manejo y cuidado. Obviamente la cooperativa, en su l\u00ednea de pensamiento en cuanto al agua, al cuidado y los usos, nos interesa llegar a la sociedad en su conjunto, tanto a los particulares como a las distintas instituciones\u00bb, dijo Kovacevich.<\/p>\n\n\n\n<p>Para el 22 de marzo \u00abse plante\u00f3 esta propuesta en conmemoraci\u00f3n con el D\u00eda Mundial del Agua. Si bien la cooperativa ya viene trabajando con el cuidado de los usos del agua, a trav\u00e9s de esto se pretende generar un puntapi\u00e9 que arranca el 22 de marzo, pero para que la gente se sume de manera activa y empiece a generar ideas para preservar un recurso tan importante. El objetivo final es el cuidado del agua\u00bb.<\/p>\n\n\n\n<p>Por su parte, el ingeniero Daniel Schvezov subray\u00f3 que \u00abla cooperativa, que es concesionario de agua y cloacas de las dos ciudades, tiene un rol muy importante y queremos acentuar la comunicaci\u00f3n de todos los esfuerzos que se hacen desde distintos sectores para cuidar el agua. Hubo varios trabajos independientes que se realizaron, pero a partir de estos eventos queremos abrir las puertas a la comunidad, ya que el granito de arena de la gente suma\u00bb.<\/p>\n\n\n\n<p><strong>JORNADA ABIERTA<\/strong><br>Sol Ferrada, coordinadora del evento, adelant\u00f3 que \u00abel martes va a ser una jornada abierta con cinco oradores. El intendente H\u00e9ctor Ingram va a comenzar. Tenemos disertantes invitados que van a estar participando, dando la perspectiva desde el lugar que le toca, poniendo en consideraci\u00f3n la situaci\u00f3n del recurso\u00bb.<\/p>\n\n\n\n<p><strong>PROGRAMA<\/strong><br>9:10 hs &#8211; Reconocimiento a la Ciudadan\u00eda Ambientalista.<br>9:30 hs &#8211; Inicio de Oradores: Intendente H\u00e9ctor Ingram. Municipalidad de Trevelin; Secretario de Ambiente Hollman Daniel. Municipalidad de Esquel; Ing. Daniel Schvezov. Cooperativa 16 de Octubre Ltda. Ingeniero Qu\u00edmico UTN. Jefe de PTEC de Esquel y Trevelin.<br>10:00 hs &#8211; Disertantes invitados.<\/p>\n\n\n\n<p>Dra. Mar\u00eda Laura Miserendino. Investigadora Principal del CONICET, docente de la UNPSJB, se desempe\u00f1a en el CIEMEP (CONICET-UNPSJB) y su especialidad es la ecolog\u00eda de arroyos patag\u00f3nicos.<\/p>\n\n\n\n<p>Lic. Pedro Manzo. Licenciado en Ciencias Biologicas UNPSJB, estudiante de la Especializaci\u00f3n en Ambiente y Desarrollo Sustentable UNQ.<br>Dra. Susana Rizzuto. Doctora en Ciencias Biol\u00f3gicas Bi\u00f3loga Mag\u00edster en Educaci\u00f3n Ambiental, Mag\u00edster en Entomolog\u00eda.<br>11:00 hs &#8211; Presentaci\u00f3n de Experiencias sobre el Uso Eficiente del Agua: EMETA Esc. N\u00ba 740 Trevelin, INTA &#8211; CONICET, Cooperativa 16 de Octubre Ltda.<br>11:45 hs &#8211; Lanzamiento de Expo Agua y Concurso.<\/p>\n","protected":false},"excerpt":{"rendered":"","protected":false},"author":6,"featured_media":75517,"comment_status":"open","ping_status":"open","sticky":false,"template":"","format":"standard","meta":{"site-sidebar-layout":"default","site-content-layout":"","ast-site-content-layout":"default","site-content-style":"default","site-sidebar-style":"default","ast-global-header-display":"","ast-banner-title-visibility":"","ast-main-header-display":"","ast-hfb-above-header-display":"","ast-hfb-below-header-display":"","ast-hfb-mobile-header-display":"","site-post-title":"","ast-breadcrumbs-content":"","ast-featured-img":"","footer-sml-layout":"","ast-disable-related-posts":"","theme-transparent-header-meta":"","adv-header-id-meta":"","stick-header-meta":"","header-above-stick-meta":"","header-main-stick-meta":"","header-below-stick-meta":"","astra-migrate-meta-layouts":"default","ast-page-background-enabled":"default","ast-page-background-meta":{"desktop":{"background-color":"var(--ast-global-color-5)","background-image":"","background-repeat":"repeat","background-position":"center center","background-size":"auto","background-attachment":"scroll","background-type":"","background-media":"","overlay-type":"","overlay-color":"","overlay-opacity":"","overlay-gradient":""},"tablet":{"background-color":"","background-image":"","background-repeat":"repeat","background-position":"center center","background-size":"auto","background-attachment":"scroll","background-type":"","background-media":"","overlay-type":"","overlay-color":"","overlay-opacity":"","overlay-gradient":""},"mobile":{"background-color":"","background-image":"","background-repeat":"repeat","background-position":"center center","background-size":"auto","background-attachment":"scroll","background-type":"","background-media":"","overlay-type":"","overlay-color":"","overlay-opacity":"","overlay-gradient":""}},"ast-content-background-meta":{"desktop":{"background-color":"var(--ast-global-color-4)","background-image":"","background-repeat":"repeat","background-position":"center center","background-size":"auto","background-attachment":"scroll","background-type":"","background-media":"","overlay-type":"","overlay-color":"","overlay-opacity":"","overlay-gradient":""},"tablet":{"background-color":"var(--ast-global-color-4)","background-image":"","background-repeat":"repeat","background-position":"center center","background-size":"auto","background-attachment":"scroll","background-type":"","background-media":"","overlay-type":"","overlay-color":"","overlay-opacity":"","overlay-gradient":""},"mobile":{"background-color":"var(--ast-global-color-4)","background-image":"","background-repeat":"repeat","background-position":"center center","background-size":"auto","background-attachment":"scroll","background-type":"","background-media":"","overlay-type":"","overlay-color":"","overlay-opacity":"","overlay-gradient":""}},"footnotes":""},"categories":[1],"tags":[],"class_list":["post-75514","post","type-post","status-publish","format-standard","has-post-thumbnail","hentry","category-noticias"],"yoast_head":"<!-- This site is optimized with the Yoast SEO Premium plugin v23.0 (Yoast SEO v27.4) - https:\/\/yoast.com\/product\/yoast-seo-premium-wordpress\/ -->\n<title>Coop16 organiza actividades por el D\u00eda Mundial del Agua<\/title>\n<meta name=\"robots\" content=\"index, follow, max-snippet:-1, max-image-preview:large, max-video-preview:-1\" \/>\n<link rel=\"canonical\" href=\"https:\/\/patagoniambiental.com.ar\/info\/coop16-organiza-actividades-por-el-dia-mundial-del-agua\/\" \/>\n<meta property=\"og:locale\" content=\"es_ES\" \/>\n<meta property=\"og:type\" content=\"article\" \/>\n<meta property=\"og:title\" content=\"Coop16 organiza actividades por el D\u00eda Mundial del Agua\" \/>\n<meta property=\"og:url\" content=\"https:\/\/patagoniambiental.com.ar\/info\/coop16-organiza-actividades-por-el-dia-mundial-del-agua\/\" \/>\n<meta property=\"og:site_name\" content=\"Patagonia Ambiental\" \/>\n<meta property=\"article:publisher\" content=\"https:\/\/www.facebook.com\/patagonia.ambiental\" \/>\n<meta property=\"article:published_time\" content=\"2022-03-22T12:30:53+00:00\" \/>\n<meta property=\"article:modified_time\" content=\"2022-03-22T12:31:49+00:00\" \/>\n<meta property=\"og:image\" content=\"https:\/\/patagoniambiental.com.ar\/info\/wp-content\/uploads\/2022\/03\/e3.jpeg\" \/>\n\t<meta property=\"og:image:width\" content=\"300\" \/>\n\t<meta property=\"og:image:height\" content=\"168\" \/>\n\t<meta property=\"og:image:type\" content=\"image\/jpeg\" \/>\n<meta name=\"author\" content=\"BRAIAN ESTEVEZ\" \/>\n<meta name=\"twitter:card\" content=\"summary_large_image\" \/>\n<meta name=\"twitter:creator\" content=\"@PatAmb\" \/>\n<meta name=\"twitter:site\" content=\"@PatAmb\" \/>\n<script type=\"application\/ld+json\" class=\"yoast-schema-graph\">{\"@context\":\"https:\\\/\\\/schema.org\",\"@graph\":[{\"@type\":\"Article\",\"@id\":\"https:\\\/\\\/patagoniambiental.com.ar\\\/info\\\/coop16-organiza-actividades-por-el-dia-mundial-del-agua\\\/#article\",\"isPartOf\":{\"@id\":\"https:\\\/\\\/patagoniambiental.com.ar\\\/info\\\/coop16-organiza-actividades-por-el-dia-mundial-del-agua\\\/\"},\"author\":{\"name\":\"BRAIAN ESTEVEZ\",\"@id\":\"https:\\\/\\\/patagoniambiental.com.ar\\\/info\\\/#\\\/schema\\\/person\\\/e5af09d700b2e82cb10c6b8800e0c691\"},\"headline\":\"Coop16 organiza actividades por el D\u00eda Mundial del Agua\",\"datePublished\":\"2022-03-22T12:30:53+00:00\",\"dateModified\":\"2022-03-22T12:31:49+00:00\",\"mainEntityOfPage\":{\"@id\":\"https:\\\/\\\/patagoniambiental.com.ar\\\/info\\\/coop16-organiza-actividades-por-el-dia-mundial-del-agua\\\/\"},\"wordCount\":580,\"commentCount\":0,\"publisher\":{\"@id\":\"https:\\\/\\\/patagoniambiental.com.ar\\\/info\\\/#organization\"},\"image\":{\"@id\":\"https:\\\/\\\/patagoniambiental.com.ar\\\/info\\\/coop16-organiza-actividades-por-el-dia-mundial-del-agua\\\/#primaryimage\"},\"thumbnailUrl\":\"https:\\\/\\\/patagoniambiental.com.ar\\\/info\\\/wp-content\\\/uploads\\\/2022\\\/03\\\/e3.jpeg\",\"articleSection\":[\"Noticias\"],\"inLanguage\":\"es\",\"potentialAction\":[{\"@type\":\"CommentAction\",\"name\":\"Comment\",\"target\":[\"https:\\\/\\\/patagoniambiental.com.ar\\\/info\\\/coop16-organiza-actividades-por-el-dia-mundial-del-agua\\\/#respond\"]}]},{\"@type\":\"WebPage\",\"@id\":\"https:\\\/\\\/patagoniambiental.com.ar\\\/info\\\/coop16-organiza-actividades-por-el-dia-mundial-del-agua\\\/\",\"url\":\"https:\\\/\\\/patagoniambiental.com.ar\\\/info\\\/coop16-organiza-actividades-por-el-dia-mundial-del-agua\\\/\",\"name\":\"Coop16 organiza actividades por el D\u00eda Mundial del Agua\",\"isPartOf\":{\"@id\":\"https:\\\/\\\/patagoniambiental.com.ar\\\/info\\\/#website\"},\"primaryImageOfPage\":{\"@id\":\"https:\\\/\\\/patagoniambiental.com.ar\\\/info\\\/coop16-organiza-actividades-por-el-dia-mundial-del-agua\\\/#primaryimage\"},\"image\":{\"@id\":\"https:\\\/\\\/patagoniambiental.com.ar\\\/info\\\/coop16-organiza-actividades-por-el-dia-mundial-del-agua\\\/#primaryimage\"},\"thumbnailUrl\":\"https:\\\/\\\/patagoniambiental.com.ar\\\/info\\\/wp-content\\\/uploads\\\/2022\\\/03\\\/e3.jpeg\",\"datePublished\":\"2022-03-22T12:30:53+00:00\",\"dateModified\":\"2022-03-22T12:31:49+00:00\",\"breadcrumb\":{\"@id\":\"https:\\\/\\\/patagoniambiental.com.ar\\\/info\\\/coop16-organiza-actividades-por-el-dia-mundial-del-agua\\\/#breadcrumb\"},\"inLanguage\":\"es\",\"potentialAction\":[{\"@type\":\"ReadAction\",\"target\":[\"https:\\\/\\\/patagoniambiental.com.ar\\\/info\\\/coop16-organiza-actividades-por-el-dia-mundial-del-agua\\\/\"]}]},{\"@type\":\"ImageObject\",\"inLanguage\":\"es\",\"@id\":\"https:\\\/\\\/patagoniambiental.com.ar\\\/info\\\/coop16-organiza-actividades-por-el-dia-mundial-del-agua\\\/#primaryimage\",\"url\":\"https:\\\/\\\/patagoniambiental.com.ar\\\/info\\\/wp-content\\\/uploads\\\/2022\\\/03\\\/e3.jpeg\",\"contentUrl\":\"https:\\\/\\\/patagoniambiental.com.ar\\\/info\\\/wp-content\\\/uploads\\\/2022\\\/03\\\/e3.jpeg\",\"width\":300,\"height\":168},{\"@type\":\"BreadcrumbList\",\"@id\":\"https:\\\/\\\/patagoniambiental.com.ar\\\/info\\\/coop16-organiza-actividades-por-el-dia-mundial-del-agua\\\/#breadcrumb\",\"itemListElement\":[{\"@type\":\"ListItem\",\"position\":1,\"name\":\"Inicio\",\"item\":\"https:\\\/\\\/patagoniambiental.com.ar\\\/info\\\/\"},{\"@type\":\"ListItem\",\"position\":2,\"name\":\"Coop16 organiza actividades por el D\u00eda Mundial del Agua\"}]},{\"@type\":\"WebSite\",\"@id\":\"https:\\\/\\\/patagoniambiental.com.ar\\\/info\\\/#website\",\"url\":\"https:\\\/\\\/patagoniambiental.com.ar\\\/info\\\/\",\"name\":\"Patagonia Ambiental\",\"description\":\"Monitoreo y an\u00e1lisis de la situaci\u00f3n geopol\u00edtica en el mundo y su implicancia en la Patagonia\",\"publisher\":{\"@id\":\"https:\\\/\\\/patagoniambiental.com.ar\\\/info\\\/#organization\"},\"potentialAction\":[{\"@type\":\"SearchAction\",\"target\":{\"@type\":\"EntryPoint\",\"urlTemplate\":\"https:\\\/\\\/patagoniambiental.com.ar\\\/info\\\/?s={search_term_string}\"},\"query-input\":{\"@type\":\"PropertyValueSpecification\",\"valueRequired\":true,\"valueName\":\"search_term_string\"}}],\"inLanguage\":\"es\"},{\"@type\":\"Organization\",\"@id\":\"https:\\\/\\\/patagoniambiental.com.ar\\\/info\\\/#organization\",\"name\":\"Patagonia Ambiental\",\"url\":\"https:\\\/\\\/patagoniambiental.com.ar\\\/info\\\/\",\"logo\":{\"@type\":\"ImageObject\",\"inLanguage\":\"es\",\"@id\":\"https:\\\/\\\/patagoniambiental.com.ar\\\/info\\\/#\\\/schema\\\/logo\\\/image\\\/\",\"url\":\"https:\\\/\\\/patagoniambiental.com.ar\\\/info\\\/wp-content\\\/uploads\\\/2025\\\/05\\\/LOGO-PATAGONIA-AMBIENTAL.png\",\"contentUrl\":\"https:\\\/\\\/patagoniambiental.com.ar\\\/info\\\/wp-content\\\/uploads\\\/2025\\\/05\\\/LOGO-PATAGONIA-AMBIENTAL.png\",\"width\":433,\"height\":250,\"caption\":\"Patagonia Ambiental\"},\"image\":{\"@id\":\"https:\\\/\\\/patagoniambiental.com.ar\\\/info\\\/#\\\/schema\\\/logo\\\/image\\\/\"},\"sameAs\":[\"https:\\\/\\\/www.facebook.com\\\/patagonia.ambiental\",\"https:\\\/\\\/x.com\\\/PatAmb\"]},{\"@type\":\"Person\",\"@id\":\"https:\\\/\\\/patagoniambiental.com.ar\\\/info\\\/#\\\/schema\\\/person\\\/e5af09d700b2e82cb10c6b8800e0c691\",\"name\":\"BRAIAN ESTEVEZ\",\"sameAs\":[\"http:\\\/\\\/www.patagoniambiental.com.ar\"]}]}<\/script>\n<!-- \/ Yoast SEO Premium plugin. -->","yoast_head_json":{"title":"Coop16 organiza actividades por el D\u00eda Mundial del Agua","robots":{"index":"index","follow":"follow","max-snippet":"max-snippet:-1","max-image-preview":"max-image-preview:large","max-video-preview":"max-video-preview:-1"},"canonical":"https:\/\/patagoniambiental.com.ar\/info\/coop16-organiza-actividades-por-el-dia-mundial-del-agua\/","og_locale":"es_ES","og_type":"article","og_title":"Coop16 organiza actividades por el D\u00eda Mundial del Agua","og_url":"https:\/\/patagoniambiental.com.ar\/info\/coop16-organiza-actividades-por-el-dia-mundial-del-agua\/","og_site_name":"Patagonia Ambiental","article_publisher":"https:\/\/www.facebook.com\/patagonia.ambiental","article_published_time":"2022-03-22T12:30:53+00:00","article_modified_time":"2022-03-22T12:31:49+00:00","og_image":[{"width":300,"height":168,"url":"https:\/\/patagoniambiental.com.ar\/info\/wp-content\/uploads\/2022\/03\/e3.jpeg","type":"image\/jpeg"}],"author":"BRAIAN ESTEVEZ","twitter_card":"summary_large_image","twitter_creator":"@PatAmb","twitter_site":"@PatAmb","schema":{"@context":"https:\/\/schema.org","@graph":[{"@type":"Article","@id":"https:\/\/patagoniambiental.com.ar\/info\/coop16-organiza-actividades-por-el-dia-mundial-del-agua\/#article","isPartOf":{"@id":"https:\/\/patagoniambiental.com.ar\/info\/coop16-organiza-actividades-por-el-dia-mundial-del-agua\/"},"author":{"name":"BRAIAN ESTEVEZ","@id":"https:\/\/patagoniambiental.com.ar\/info\/#\/schema\/person\/e5af09d700b2e82cb10c6b8800e0c691"},"headline":"Coop16 organiza actividades por el D\u00eda Mundial del Agua","datePublished":"2022-03-22T12:30:53+00:00","dateModified":"2022-03-22T12:31:49+00:00","mainEntityOfPage":{"@id":"https:\/\/patagoniambiental.com.ar\/info\/coop16-organiza-actividades-por-el-dia-mundial-del-agua\/"},"wordCount":580,"commentCount":0,"publisher":{"@id":"https:\/\/patagoniambiental.com.ar\/info\/#organization"},"image":{"@id":"https:\/\/patagoniambiental.com.ar\/info\/coop16-organiza-actividades-por-el-dia-mundial-del-agua\/#primaryimage"},"thumbnailUrl":"https:\/\/patagoniambiental.com.ar\/info\/wp-content\/uploads\/2022\/03\/e3.jpeg","articleSection":["Noticias"],"inLanguage":"es","potentialAction":[{"@type":"CommentAction","name":"Comment","target":["https:\/\/patagoniambiental.com.ar\/info\/coop16-organiza-actividades-por-el-dia-mundial-del-agua\/#respond"]}]},{"@type":"WebPage","@id":"https:\/\/patagoniambiental.com.ar\/info\/coop16-organiza-actividades-por-el-dia-mundial-del-agua\/","url":"https:\/\/patagoniambiental.com.ar\/info\/coop16-organiza-actividades-por-el-dia-mundial-del-agua\/","name":"Coop16 organiza actividades por el D\u00eda Mundial del Agua","isPartOf":{"@id":"https:\/\/patagoniambiental.com.ar\/info\/#website"},"primaryImageOfPage":{"@id":"https:\/\/patagoniambiental.com.ar\/info\/coop16-organiza-actividades-por-el-dia-mundial-del-agua\/#primaryimage"},"image":{"@id":"https:\/\/patagoniambiental.com.ar\/info\/coop16-organiza-actividades-por-el-dia-mundial-del-agua\/#primaryimage"},"thumbnailUrl":"https:\/\/patagoniambiental.com.ar\/info\/wp-content\/uploads\/2022\/03\/e3.jpeg","datePublished":"2022-03-22T12:30:53+00:00","dateModified":"2022-03-22T12:31:49+00:00","breadcrumb":{"@id":"https:\/\/patagoniambiental.com.ar\/info\/coop16-organiza-actividades-por-el-dia-mundial-del-agua\/#breadcrumb"},"inLanguage":"es","potentialAction":[{"@type":"ReadAction","target":["https:\/\/patagoniambiental.com.ar\/info\/coop16-organiza-actividades-por-el-dia-mundial-del-agua\/"]}]},{"@type":"ImageObject","inLanguage":"es","@id":"https:\/\/patagoniambiental.com.ar\/info\/coop16-organiza-actividades-por-el-dia-mundial-del-agua\/#primaryimage","url":"https:\/\/patagoniambiental.com.ar\/info\/wp-content\/uploads\/2022\/03\/e3.jpeg","contentUrl":"https:\/\/patagoniambiental.com.ar\/info\/wp-content\/uploads\/2022\/03\/e3.jpeg","width":300,"height":168},{"@type":"BreadcrumbList","@id":"https:\/\/patagoniambiental.com.ar\/info\/coop16-organiza-actividades-por-el-dia-mundial-del-agua\/#breadcrumb","itemListElement":[{"@type":"ListItem","position":1,"name":"Inicio","item":"https:\/\/patagoniambiental.com.ar\/info\/"},{"@type":"ListItem","position":2,"name":"Coop16 organiza actividades por el D\u00eda Mundial del Agua"}]},{"@type":"WebSite","@id":"https:\/\/patagoniambiental.com.ar\/info\/#website","url":"https:\/\/patagoniambiental.com.ar\/info\/","name":"Patagonia Ambiental","description":"Monitoreo y an\u00e1lisis de la situaci\u00f3n geopol\u00edtica en el mundo y su implicancia en la Patagonia","publisher":{"@id":"https:\/\/patagoniambiental.com.ar\/info\/#organization"},"potentialAction":[{"@type":"SearchAction","target":{"@type":"EntryPoint","urlTemplate":"https:\/\/patagoniambiental.com.ar\/info\/?s={search_term_string}"},"query-input":{"@type":"PropertyValueSpecification","valueRequired":true,"valueName":"search_term_string"}}],"inLanguage":"es"},{"@type":"Organization","@id":"https:\/\/patagoniambiental.com.ar\/info\/#organization","name":"Patagonia Ambiental","url":"https:\/\/patagoniambiental.com.ar\/info\/","logo":{"@type":"ImageObject","inLanguage":"es","@id":"https:\/\/patagoniambiental.com.ar\/info\/#\/schema\/logo\/image\/","url":"https:\/\/patagoniambiental.com.ar\/info\/wp-content\/uploads\/2025\/05\/LOGO-PATAGONIA-AMBIENTAL.png","contentUrl":"https:\/\/patagoniambiental.com.ar\/info\/wp-content\/uploads\/2025\/05\/LOGO-PATAGONIA-AMBIENTAL.png","width":433,"height":250,"caption":"Patagonia Ambiental"},"image":{"@id":"https:\/\/patagoniambiental.com.ar\/info\/#\/schema\/logo\/image\/"},"sameAs":["https:\/\/www.facebook.com\/patagonia.ambiental","https:\/\/x.com\/PatAmb"]},{"@type":"Person","@id":"https:\/\/patagoniambiental.com.ar\/info\/#\/schema\/person\/e5af09d700b2e82cb10c6b8800e0c691","name":"BRAIAN ESTEVEZ","sameAs":["http:\/\/www.patagoniambiental.com.ar"]}]}},"_links":{"self":[{"href":"https:\/\/patagoniambiental.com.ar\/info\/wp-json\/wp\/v2\/posts\/75514","targetHints":{"allow":["GET"]}}],"collection":[{"href":"https:\/\/patagoniambiental.com.ar\/info\/wp-json\/wp\/v2\/posts"}],"about":[{"href":"https:\/\/patagoniambiental.com.ar\/info\/wp-json\/wp\/v2\/types\/post"}],"author":[{"embeddable":true,"href":"https:\/\/patagoniambiental.com.ar\/info\/wp-json\/wp\/v2\/users\/6"}],"replies":[{"embeddable":true,"href":"https:\/\/patagoniambiental.com.ar\/info\/wp-json\/wp\/v2\/comments?post=75514"}],"version-history":[{"count":0,"href":"https:\/\/patagoniambiental.com.ar\/info\/wp-json\/wp\/v2\/posts\/75514\/revisions"}],"wp:featuredmedia":[{"embeddable":true,"href":"https:\/\/patagoniambiental.com.ar\/info\/wp-json\/wp\/v2\/media\/75517"}],"wp:attachment":[{"href":"https:\/\/patagoniambiental.com.ar\/info\/wp-json\/wp\/v2\/media?parent=75514"}],"wp:term":[{"taxonomy":"category","embeddable":true,"href":"https:\/\/patagoniambiental.com.ar\/info\/wp-json\/wp\/v2\/categories?post=75514"},{"taxonomy":"post_tag","embeddable":true,"href":"https:\/\/patagoniambiental.com.ar\/info\/wp-json\/wp\/v2\/tags?post=75514"}],"curies":[{"name":"wp","href":"https:\/\/api.w.org\/{rel}","templated":true}]}}