{"id":75521,"date":"2022-03-22T09:49:24","date_gmt":"2022-03-22T12:49:24","guid":{"rendered":"http:\/\/patagoniambiental.com.ar\/info\/?p=75521"},"modified":"2022-03-22T09:49:25","modified_gmt":"2022-03-22T12:49:25","slug":"fernandez-recibio-a-directivos-de-empresa-que-construira-una-planta-de-litio-en-salta","status":"publish","type":"post","link":"https:\/\/patagoniambiental.com.ar\/info\/fernandez-recibio-a-directivos-de-empresa-que-construira-una-planta-de-litio-en-salta\/","title":{"rendered":"Fern\u00e1ndez recibi\u00f3 a directivos de empresa que construir\u00e1 una planta de litio en Salta"},"content":{"rendered":"\n<!--more-->\n\n\n\n<h5 class=\"wp-block-heading\">El Presidente se junt\u00f3 con empresarios de Posco, que instalar\u00e1 una planta en el Salar Hombre Muerto, en Salta, cercano a Catamarca, y que tendr\u00e1 una inversi\u00f3n estimada en 4 mil millones y generar\u00e1 1.900 puestos de trabajo.<\/h5>\n\n\n\n<p><strong>BUENOS AIRES.-<\/strong> El presidente Alberto Fern\u00e1ndez recibi\u00f3 este mediod\u00eda de lunes a directivos de la empresa surcoreana Pohang Iron and Steel Company (Posco), que anunci\u00f3 el inicio de la construcci\u00f3n de una planta comercial de hidr\u00f3xido de litio en el Salar Hombre Muerto, en Salta, con una inversi\u00f3n estimada en 4.000 millones de d\u00f3lares que implicar\u00e1 la creaci\u00f3n de 1.900 empleos.<\/p>\n\n\n\n<p>\u201cCuenten con nuestro apoyo, en las provincias donde est\u00e1n trabajando tienen muy buenos gobernadores con mirada muy realista de lo que la Argentina necesita\u201d, afirm\u00f3 el Jefe de Estado en referencia a los mandatarios de Salta y Catamarca.<\/p>\n\n\n\n<p>En tanto, el CEO de la empresa, Jeong Woo, subray\u00f3: \u201cEstamos enfocados en negocios que sean sustentables en materia ambiental\u201d.<\/p>\n\n\n\n<p>\u201cLe damos importancia tanto al medioambiente como a las cuestiones sociales, y nuestros desarrollos regionales son con creaci\u00f3n de mano de obra\u201d, precis\u00f3.<\/p>\n\n\n\n<p>Durante el encuentro realizado en Casa Rosada, los responsables de la firma informaron a Fern\u00e1ndez que los trabajos en el proyecto comenzar\u00e1n este mi\u00e9rcoles, y garantizar\u00e1n a partir de su entrada en valor un flujo de divisas por exportaciones netas de aproximadamente 260 millones de d\u00f3lares anuales por los pr\u00f3ximos 30 a\u00f1os.<\/p>\n\n\n\n<p>Asimismo, los directivos de la sexta productora de acero en el mundo explicaron que la primera etapa tiene prevista una producci\u00f3n inicial de 25 mil toneladas de litio en el pa\u00eds, para alcanzar en una etapa posterior las 100 mil toneladas.<\/p>\n\n\n\n<p>El proyecto, que est\u00e1 ubicado en la parte norte del Salar Hombre Muerto, en la zona fronteriza entre las provincias de Salta y Catamarca, \u201ccontribuir\u00e1 a la generaci\u00f3n de divisas genuinas para financiar las necesidades de la econom\u00eda local\u201d, inform\u00f3 Presidencia a trav\u00e9s de un comunicado.<\/p>\n\n\n\n<p>La primera fase de los trabajos implica la construcci\u00f3n de la nueva planta comercial de litio, en el proyecto marco del proyecto Sal de Oro, mientras que la segunda y tercera esperan la resoluci\u00f3n de los acuerdos entre las provincias de Salta y Catamarca, que compartir\u00e1n el desarrollo del proyecto de manera conjunta.<\/p>\n\n\n\n<p>Posco cuenta con presencia en 53 pa\u00edses y una n\u00f3mina de 63 mil empleados a nivel mundial, y es adem\u00e1s proveedora de la industria automovil\u00edstica y de los astilleros navales surcoreanos desde hace m\u00e1s de 40 a\u00f1os.<\/p>\n\n\n\n<p>Tiene tres l\u00edneas de negocios de acero (autos, construcci\u00f3n, energ\u00edas renovables), infraestructura (gas licuado, agronegocios, y construcci\u00f3n) y nuevos negocios (litio y materiales de bater\u00eda, e hidr\u00f3geno). <\/p>\n\n\n\n<p>Fuente: https:\/\/www.surenio.com.ar\/fernandez-recibio-a-directivos-de-empresa-que-construira-una-planta-de-litio-en-salta\/<\/p>\n","protected":false},"excerpt":{"rendered":"","protected":false},"author":6,"featured_media":75522,"comment_status":"open","ping_status":"open","sticky":false,"template":"","format":"standard","meta":{"site-sidebar-layout":"default","site-content-layout":"","ast-site-content-layout":"default","site-content-style":"default","site-sidebar-style":"default","ast-global-header-display":"","ast-banner-title-visibility":"","ast-main-header-display":"","ast-hfb-above-header-display":"","ast-hfb-below-header-display":"","ast-hfb-mobile-header-display":"","site-post-title":"","ast-breadcrumbs-content":"","ast-featured-img":"","footer-sml-layout":"","ast-disable-related-posts":"","theme-transparent-header-meta":"","adv-header-id-meta":"","stick-header-meta":"","header-above-stick-meta":"","header-main-stick-meta":"","header-below-stick-meta":"","astra-migrate-meta-layouts":"default","ast-page-background-enabled":"default","ast-page-background-meta":{"desktop":{"background-color":"var(--ast-global-color-5)","background-image":"","background-repeat":"repeat","background-position":"center center","background-size":"auto","background-attachment":"scroll","background-type":"","background-media":"","overlay-type":"","overlay-color":"","overlay-opacity":"","overlay-gradient":""},"tablet":{"background-color":"","background-image":"","background-repeat":"repeat","background-position":"center center","background-size":"auto","background-attachment":"scroll","background-type":"","background-media":"","overlay-type":"","overlay-color":"","overlay-opacity":"","overlay-gradient":""},"mobile":{"background-color":"","background-image":"","background-repeat":"repeat","background-position":"center center","background-size":"auto","background-attachment":"scroll","background-type":"","background-media":"","overlay-type":"","overlay-color":"","overlay-opacity":"","overlay-gradient":""}},"ast-content-background-meta":{"desktop":{"background-color":"var(--ast-global-color-4)","background-image":"","background-repeat":"repeat","background-position":"center center","background-size":"auto","background-attachment":"scroll","background-type":"","background-media":"","overlay-type":"","overlay-color":"","overlay-opacity":"","overlay-gradient":""},"tablet":{"background-color":"var(--ast-global-color-4)","background-image":"","background-repeat":"repeat","background-position":"center center","background-size":"auto","background-attachment":"scroll","background-type":"","background-media":"","overlay-type":"","overlay-color":"","overlay-opacity":"","overlay-gradient":""},"mobile":{"background-color":"var(--ast-global-color-4)","background-image":"","background-repeat":"repeat","background-position":"center center","background-size":"auto","background-attachment":"scroll","background-type":"","background-media":"","overlay-type":"","overlay-color":"","overlay-opacity":"","overlay-gradient":""}},"footnotes":""},"categories":[11,19,1,10],"tags":[],"class_list":["post-75521","post","type-post","status-publish","format-standard","has-post-thumbnail","hentry","category-boletin","category-nacionales","category-noticias","category-rotador"],"yoast_head":"<!-- This site is optimized with the Yoast SEO Premium plugin v23.0 (Yoast SEO v27.5) - https:\/\/yoast.com\/product\/yoast-seo-premium-wordpress\/ -->\n<title>Fern\u00e1ndez recibi\u00f3 a directivos de empresa que construir\u00e1 una planta de litio en Salta<\/title>\n<meta name=\"robots\" content=\"index, follow, max-snippet:-1, max-image-preview:large, max-video-preview:-1\" \/>\n<link rel=\"canonical\" href=\"https:\/\/patagoniambiental.com.ar\/info\/fernandez-recibio-a-directivos-de-empresa-que-construira-una-planta-de-litio-en-salta\/\" \/>\n<meta property=\"og:locale\" content=\"es_ES\" \/>\n<meta property=\"og:type\" content=\"article\" \/>\n<meta property=\"og:title\" content=\"Fern\u00e1ndez recibi\u00f3 a directivos de empresa que construir\u00e1 una planta de litio en Salta\" \/>\n<meta property=\"og:url\" content=\"https:\/\/patagoniambiental.com.ar\/info\/fernandez-recibio-a-directivos-de-empresa-que-construira-una-planta-de-litio-en-salta\/\" \/>\n<meta property=\"og:site_name\" content=\"Patagonia Ambiental\" \/>\n<meta property=\"article:publisher\" content=\"https:\/\/www.facebook.com\/patagonia.ambiental\" \/>\n<meta property=\"article:published_time\" content=\"2022-03-22T12:49:24+00:00\" \/>\n<meta property=\"article:modified_time\" content=\"2022-03-22T12:49:25+00:00\" \/>\n<meta property=\"og:image\" content=\"https:\/\/patagoniambiental.com.ar\/info\/wp-content\/uploads\/2022\/03\/index-5.jpeg\" \/>\n\t<meta property=\"og:image:width\" content=\"300\" \/>\n\t<meta property=\"og:image:height\" content=\"168\" \/>\n\t<meta property=\"og:image:type\" content=\"image\/jpeg\" \/>\n<meta name=\"author\" content=\"BRAIAN ESTEVEZ\" \/>\n<meta name=\"twitter:card\" content=\"summary_large_image\" \/>\n<meta name=\"twitter:creator\" content=\"@PatAmb\" \/>\n<meta name=\"twitter:site\" content=\"@PatAmb\" \/>\n<script type=\"application\/ld+json\" class=\"yoast-schema-graph\">{\"@context\":\"https:\\\/\\\/schema.org\",\"@graph\":[{\"@type\":\"Article\",\"@id\":\"https:\\\/\\\/patagoniambiental.com.ar\\\/info\\\/fernandez-recibio-a-directivos-de-empresa-que-construira-una-planta-de-litio-en-salta\\\/#article\",\"isPartOf\":{\"@id\":\"https:\\\/\\\/patagoniambiental.com.ar\\\/info\\\/fernandez-recibio-a-directivos-de-empresa-que-construira-una-planta-de-litio-en-salta\\\/\"},\"author\":{\"name\":\"BRAIAN ESTEVEZ\",\"@id\":\"https:\\\/\\\/patagoniambiental.com.ar\\\/info\\\/#\\\/schema\\\/person\\\/e5af09d700b2e82cb10c6b8800e0c691\"},\"headline\":\"Fern\u00e1ndez recibi\u00f3 a directivos de empresa que construir\u00e1 una planta de litio en Salta\",\"datePublished\":\"2022-03-22T12:49:24+00:00\",\"dateModified\":\"2022-03-22T12:49:25+00:00\",\"mainEntityOfPage\":{\"@id\":\"https:\\\/\\\/patagoniambiental.com.ar\\\/info\\\/fernandez-recibio-a-directivos-de-empresa-que-construira-una-planta-de-litio-en-salta\\\/\"},\"wordCount\":485,\"commentCount\":0,\"publisher\":{\"@id\":\"https:\\\/\\\/patagoniambiental.com.ar\\\/info\\\/#organization\"},\"image\":{\"@id\":\"https:\\\/\\\/patagoniambiental.com.ar\\\/info\\\/fernandez-recibio-a-directivos-de-empresa-que-construira-una-planta-de-litio-en-salta\\\/#primaryimage\"},\"thumbnailUrl\":\"https:\\\/\\\/patagoniambiental.com.ar\\\/info\\\/wp-content\\\/uploads\\\/2022\\\/03\\\/index-5.jpeg\",\"articleSection\":[\"Bolet\u00edn\",\"Nacionales\",\"Noticias\",\"Rotador\"],\"inLanguage\":\"es\",\"potentialAction\":[{\"@type\":\"CommentAction\",\"name\":\"Comment\",\"target\":[\"https:\\\/\\\/patagoniambiental.com.ar\\\/info\\\/fernandez-recibio-a-directivos-de-empresa-que-construira-una-planta-de-litio-en-salta\\\/#respond\"]}]},{\"@type\":\"WebPage\",\"@id\":\"https:\\\/\\\/patagoniambiental.com.ar\\\/info\\\/fernandez-recibio-a-directivos-de-empresa-que-construira-una-planta-de-litio-en-salta\\\/\",\"url\":\"https:\\\/\\\/patagoniambiental.com.ar\\\/info\\\/fernandez-recibio-a-directivos-de-empresa-que-construira-una-planta-de-litio-en-salta\\\/\",\"name\":\"Fern\u00e1ndez recibi\u00f3 a directivos de empresa que construir\u00e1 una planta de litio en Salta\",\"isPartOf\":{\"@id\":\"https:\\\/\\\/patagoniambiental.com.ar\\\/info\\\/#website\"},\"primaryImageOfPage\":{\"@id\":\"https:\\\/\\\/patagoniambiental.com.ar\\\/info\\\/fernandez-recibio-a-directivos-de-empresa-que-construira-una-planta-de-litio-en-salta\\\/#primaryimage\"},\"image\":{\"@id\":\"https:\\\/\\\/patagoniambiental.com.ar\\\/info\\\/fernandez-recibio-a-directivos-de-empresa-que-construira-una-planta-de-litio-en-salta\\\/#primaryimage\"},\"thumbnailUrl\":\"https:\\\/\\\/patagoniambiental.com.ar\\\/info\\\/wp-content\\\/uploads\\\/2022\\\/03\\\/index-5.jpeg\",\"datePublished\":\"2022-03-22T12:49:24+00:00\",\"dateModified\":\"2022-03-22T12:49:25+00:00\",\"breadcrumb\":{\"@id\":\"https:\\\/\\\/patagoniambiental.com.ar\\\/info\\\/fernandez-recibio-a-directivos-de-empresa-que-construira-una-planta-de-litio-en-salta\\\/#breadcrumb\"},\"inLanguage\":\"es\",\"potentialAction\":[{\"@type\":\"ReadAction\",\"target\":[\"https:\\\/\\\/patagoniambiental.com.ar\\\/info\\\/fernandez-recibio-a-directivos-de-empresa-que-construira-una-planta-de-litio-en-salta\\\/\"]}]},{\"@type\":\"ImageObject\",\"inLanguage\":\"es\",\"@id\":\"https:\\\/\\\/patagoniambiental.com.ar\\\/info\\\/fernandez-recibio-a-directivos-de-empresa-que-construira-una-planta-de-litio-en-salta\\\/#primaryimage\",\"url\":\"https:\\\/\\\/patagoniambiental.com.ar\\\/info\\\/wp-content\\\/uploads\\\/2022\\\/03\\\/index-5.jpeg\",\"contentUrl\":\"https:\\\/\\\/patagoniambiental.com.ar\\\/info\\\/wp-content\\\/uploads\\\/2022\\\/03\\\/index-5.jpeg\",\"width\":300,\"height\":168},{\"@type\":\"BreadcrumbList\",\"@id\":\"https:\\\/\\\/patagoniambiental.com.ar\\\/info\\\/fernandez-recibio-a-directivos-de-empresa-que-construira-una-planta-de-litio-en-salta\\\/#breadcrumb\",\"itemListElement\":[{\"@type\":\"ListItem\",\"position\":1,\"name\":\"Inicio\",\"item\":\"https:\\\/\\\/patagoniambiental.com.ar\\\/info\\\/\"},{\"@type\":\"ListItem\",\"position\":2,\"name\":\"Fern\u00e1ndez recibi\u00f3 a directivos de empresa que construir\u00e1 una planta de litio en Salta\"}]},{\"@type\":\"WebSite\",\"@id\":\"https:\\\/\\\/patagoniambiental.com.ar\\\/info\\\/#website\",\"url\":\"https:\\\/\\\/patagoniambiental.com.ar\\\/info\\\/\",\"name\":\"Patagonia Ambiental\",\"description\":\"Monitoreo y an\u00e1lisis de la situaci\u00f3n geopol\u00edtica en el mundo y su implicancia en la Patagonia\",\"publisher\":{\"@id\":\"https:\\\/\\\/patagoniambiental.com.ar\\\/info\\\/#organization\"},\"potentialAction\":[{\"@type\":\"SearchAction\",\"target\":{\"@type\":\"EntryPoint\",\"urlTemplate\":\"https:\\\/\\\/patagoniambiental.com.ar\\\/info\\\/?s={search_term_string}\"},\"query-input\":{\"@type\":\"PropertyValueSpecification\",\"valueRequired\":true,\"valueName\":\"search_term_string\"}}],\"inLanguage\":\"es\"},{\"@type\":\"Organization\",\"@id\":\"https:\\\/\\\/patagoniambiental.com.ar\\\/info\\\/#organization\",\"name\":\"Patagonia Ambiental\",\"url\":\"https:\\\/\\\/patagoniambiental.com.ar\\\/info\\\/\",\"logo\":{\"@type\":\"ImageObject\",\"inLanguage\":\"es\",\"@id\":\"https:\\\/\\\/patagoniambiental.com.ar\\\/info\\\/#\\\/schema\\\/logo\\\/image\\\/\",\"url\":\"https:\\\/\\\/patagoniambiental.com.ar\\\/info\\\/wp-content\\\/uploads\\\/2025\\\/05\\\/LOGO-PATAGONIA-AMBIENTAL.png\",\"contentUrl\":\"https:\\\/\\\/patagoniambiental.com.ar\\\/info\\\/wp-content\\\/uploads\\\/2025\\\/05\\\/LOGO-PATAGONIA-AMBIENTAL.png\",\"width\":433,\"height\":250,\"caption\":\"Patagonia Ambiental\"},\"image\":{\"@id\":\"https:\\\/\\\/patagoniambiental.com.ar\\\/info\\\/#\\\/schema\\\/logo\\\/image\\\/\"},\"sameAs\":[\"https:\\\/\\\/www.facebook.com\\\/patagonia.ambiental\",\"https:\\\/\\\/x.com\\\/PatAmb\"]},{\"@type\":\"Person\",\"@id\":\"https:\\\/\\\/patagoniambiental.com.ar\\\/info\\\/#\\\/schema\\\/person\\\/e5af09d700b2e82cb10c6b8800e0c691\",\"name\":\"BRAIAN ESTEVEZ\",\"sameAs\":[\"http:\\\/\\\/www.patagoniambiental.com.ar\"]}]}<\/script>\n<!-- \/ Yoast SEO Premium plugin. -->","yoast_head_json":{"title":"Fern\u00e1ndez recibi\u00f3 a directivos de empresa que construir\u00e1 una planta de litio en Salta","robots":{"index":"index","follow":"follow","max-snippet":"max-snippet:-1","max-image-preview":"max-image-preview:large","max-video-preview":"max-video-preview:-1"},"canonical":"https:\/\/patagoniambiental.com.ar\/info\/fernandez-recibio-a-directivos-de-empresa-que-construira-una-planta-de-litio-en-salta\/","og_locale":"es_ES","og_type":"article","og_title":"Fern\u00e1ndez recibi\u00f3 a directivos de empresa que construir\u00e1 una planta de litio en Salta","og_url":"https:\/\/patagoniambiental.com.ar\/info\/fernandez-recibio-a-directivos-de-empresa-que-construira-una-planta-de-litio-en-salta\/","og_site_name":"Patagonia Ambiental","article_publisher":"https:\/\/www.facebook.com\/patagonia.ambiental","article_published_time":"2022-03-22T12:49:24+00:00","article_modified_time":"2022-03-22T12:49:25+00:00","og_image":[{"width":300,"height":168,"url":"https:\/\/patagoniambiental.com.ar\/info\/wp-content\/uploads\/2022\/03\/index-5.jpeg","type":"image\/jpeg"}],"author":"BRAIAN ESTEVEZ","twitter_card":"summary_large_image","twitter_creator":"@PatAmb","twitter_site":"@PatAmb","schema":{"@context":"https:\/\/schema.org","@graph":[{"@type":"Article","@id":"https:\/\/patagoniambiental.com.ar\/info\/fernandez-recibio-a-directivos-de-empresa-que-construira-una-planta-de-litio-en-salta\/#article","isPartOf":{"@id":"https:\/\/patagoniambiental.com.ar\/info\/fernandez-recibio-a-directivos-de-empresa-que-construira-una-planta-de-litio-en-salta\/"},"author":{"name":"BRAIAN ESTEVEZ","@id":"https:\/\/patagoniambiental.com.ar\/info\/#\/schema\/person\/e5af09d700b2e82cb10c6b8800e0c691"},"headline":"Fern\u00e1ndez recibi\u00f3 a directivos de empresa que construir\u00e1 una planta de litio en Salta","datePublished":"2022-03-22T12:49:24+00:00","dateModified":"2022-03-22T12:49:25+00:00","mainEntityOfPage":{"@id":"https:\/\/patagoniambiental.com.ar\/info\/fernandez-recibio-a-directivos-de-empresa-que-construira-una-planta-de-litio-en-salta\/"},"wordCount":485,"commentCount":0,"publisher":{"@id":"https:\/\/patagoniambiental.com.ar\/info\/#organization"},"image":{"@id":"https:\/\/patagoniambiental.com.ar\/info\/fernandez-recibio-a-directivos-de-empresa-que-construira-una-planta-de-litio-en-salta\/#primaryimage"},"thumbnailUrl":"https:\/\/patagoniambiental.com.ar\/info\/wp-content\/uploads\/2022\/03\/index-5.jpeg","articleSection":["Bolet\u00edn","Nacionales","Noticias","Rotador"],"inLanguage":"es","potentialAction":[{"@type":"CommentAction","name":"Comment","target":["https:\/\/patagoniambiental.com.ar\/info\/fernandez-recibio-a-directivos-de-empresa-que-construira-una-planta-de-litio-en-salta\/#respond"]}]},{"@type":"WebPage","@id":"https:\/\/patagoniambiental.com.ar\/info\/fernandez-recibio-a-directivos-de-empresa-que-construira-una-planta-de-litio-en-salta\/","url":"https:\/\/patagoniambiental.com.ar\/info\/fernandez-recibio-a-directivos-de-empresa-que-construira-una-planta-de-litio-en-salta\/","name":"Fern\u00e1ndez recibi\u00f3 a directivos de empresa que construir\u00e1 una planta de litio en Salta","isPartOf":{"@id":"https:\/\/patagoniambiental.com.ar\/info\/#website"},"primaryImageOfPage":{"@id":"https:\/\/patagoniambiental.com.ar\/info\/fernandez-recibio-a-directivos-de-empresa-que-construira-una-planta-de-litio-en-salta\/#primaryimage"},"image":{"@id":"https:\/\/patagoniambiental.com.ar\/info\/fernandez-recibio-a-directivos-de-empresa-que-construira-una-planta-de-litio-en-salta\/#primaryimage"},"thumbnailUrl":"https:\/\/patagoniambiental.com.ar\/info\/wp-content\/uploads\/2022\/03\/index-5.jpeg","datePublished":"2022-03-22T12:49:24+00:00","dateModified":"2022-03-22T12:49:25+00:00","breadcrumb":{"@id":"https:\/\/patagoniambiental.com.ar\/info\/fernandez-recibio-a-directivos-de-empresa-que-construira-una-planta-de-litio-en-salta\/#breadcrumb"},"inLanguage":"es","potentialAction":[{"@type":"ReadAction","target":["https:\/\/patagoniambiental.com.ar\/info\/fernandez-recibio-a-directivos-de-empresa-que-construira-una-planta-de-litio-en-salta\/"]}]},{"@type":"ImageObject","inLanguage":"es","@id":"https:\/\/patagoniambiental.com.ar\/info\/fernandez-recibio-a-directivos-de-empresa-que-construira-una-planta-de-litio-en-salta\/#primaryimage","url":"https:\/\/patagoniambiental.com.ar\/info\/wp-content\/uploads\/2022\/03\/index-5.jpeg","contentUrl":"https:\/\/patagoniambiental.com.ar\/info\/wp-content\/uploads\/2022\/03\/index-5.jpeg","width":300,"height":168},{"@type":"BreadcrumbList","@id":"https:\/\/patagoniambiental.com.ar\/info\/fernandez-recibio-a-directivos-de-empresa-que-construira-una-planta-de-litio-en-salta\/#breadcrumb","itemListElement":[{"@type":"ListItem","position":1,"name":"Inicio","item":"https:\/\/patagoniambiental.com.ar\/info\/"},{"@type":"ListItem","position":2,"name":"Fern\u00e1ndez recibi\u00f3 a directivos de empresa que construir\u00e1 una planta de litio en Salta"}]},{"@type":"WebSite","@id":"https:\/\/patagoniambiental.com.ar\/info\/#website","url":"https:\/\/patagoniambiental.com.ar\/info\/","name":"Patagonia Ambiental","description":"Monitoreo y an\u00e1lisis de la situaci\u00f3n geopol\u00edtica en el mundo y su implicancia en la Patagonia","publisher":{"@id":"https:\/\/patagoniambiental.com.ar\/info\/#organization"},"potentialAction":[{"@type":"SearchAction","target":{"@type":"EntryPoint","urlTemplate":"https:\/\/patagoniambiental.com.ar\/info\/?s={search_term_string}"},"query-input":{"@type":"PropertyValueSpecification","valueRequired":true,"valueName":"search_term_string"}}],"inLanguage":"es"},{"@type":"Organization","@id":"https:\/\/patagoniambiental.com.ar\/info\/#organization","name":"Patagonia Ambiental","url":"https:\/\/patagoniambiental.com.ar\/info\/","logo":{"@type":"ImageObject","inLanguage":"es","@id":"https:\/\/patagoniambiental.com.ar\/info\/#\/schema\/logo\/image\/","url":"https:\/\/patagoniambiental.com.ar\/info\/wp-content\/uploads\/2025\/05\/LOGO-PATAGONIA-AMBIENTAL.png","contentUrl":"https:\/\/patagoniambiental.com.ar\/info\/wp-content\/uploads\/2025\/05\/LOGO-PATAGONIA-AMBIENTAL.png","width":433,"height":250,"caption":"Patagonia Ambiental"},"image":{"@id":"https:\/\/patagoniambiental.com.ar\/info\/#\/schema\/logo\/image\/"},"sameAs":["https:\/\/www.facebook.com\/patagonia.ambiental","https:\/\/x.com\/PatAmb"]},{"@type":"Person","@id":"https:\/\/patagoniambiental.com.ar\/info\/#\/schema\/person\/e5af09d700b2e82cb10c6b8800e0c691","name":"BRAIAN ESTEVEZ","sameAs":["http:\/\/www.patagoniambiental.com.ar"]}]}},"_links":{"self":[{"href":"https:\/\/patagoniambiental.com.ar\/info\/wp-json\/wp\/v2\/posts\/75521","targetHints":{"allow":["GET"]}}],"collection":[{"href":"https:\/\/patagoniambiental.com.ar\/info\/wp-json\/wp\/v2\/posts"}],"about":[{"href":"https:\/\/patagoniambiental.com.ar\/info\/wp-json\/wp\/v2\/types\/post"}],"author":[{"embeddable":true,"href":"https:\/\/patagoniambiental.com.ar\/info\/wp-json\/wp\/v2\/users\/6"}],"replies":[{"embeddable":true,"href":"https:\/\/patagoniambiental.com.ar\/info\/wp-json\/wp\/v2\/comments?post=75521"}],"version-history":[{"count":0,"href":"https:\/\/patagoniambiental.com.ar\/info\/wp-json\/wp\/v2\/posts\/75521\/revisions"}],"wp:featuredmedia":[{"embeddable":true,"href":"https:\/\/patagoniambiental.com.ar\/info\/wp-json\/wp\/v2\/media\/75522"}],"wp:attachment":[{"href":"https:\/\/patagoniambiental.com.ar\/info\/wp-json\/wp\/v2\/media?parent=75521"}],"wp:term":[{"taxonomy":"category","embeddable":true,"href":"https:\/\/patagoniambiental.com.ar\/info\/wp-json\/wp\/v2\/categories?post=75521"},{"taxonomy":"post_tag","embeddable":true,"href":"https:\/\/patagoniambiental.com.ar\/info\/wp-json\/wp\/v2\/tags?post=75521"}],"curies":[{"name":"wp","href":"https:\/\/api.w.org\/{rel}","templated":true}]}}