{"id":75584,"date":"2022-03-31T19:00:00","date_gmt":"2022-03-31T22:00:00","guid":{"rendered":"http:\/\/patagoniambiental.com.ar\/info\/?p=75584"},"modified":"2022-03-30T09:10:45","modified_gmt":"2022-03-30T12:10:45","slug":"trelew-avanza-en-el-astroturismo-y-la-concientizacion-sobre-contaminacion-luminica","status":"publish","type":"post","link":"https:\/\/patagoniambiental.com.ar\/info\/trelew-avanza-en-el-astroturismo-y-la-concientizacion-sobre-contaminacion-luminica\/","title":{"rendered":"Trelew avanza en el astroturismo y la concientizaci\u00f3n sobre contaminaci\u00f3n lum\u00ednica"},"content":{"rendered":"\n<!--more-->\n\n\n\n<p><em>El fin es preservar el cielo patag\u00f3nico, adem\u00e1s de promover actividades que incluyan el astroturismo en la provincia, junto a un proyecto que se encuentra un marcha sobre una ruta de las estrellas en reservas naturales de Chubut.<\/em><\/p>\n\n\n\n<p>El Centro Astron\u00f3mico de Trelew a trav\u00e9s de la Fundaci\u00f3n Amigos de la Astronom\u00eda, este lunes concret\u00f3 un convenio con los astrofot\u00f3grafos y conservacionistas de cielos oscuros, Sergio Montufar y Paula Hazenbiler. Ambos se encuentran realizando el proyecto denominado ruta de las estrellas en Chubut con el apoyo de \u00e1reas protegidas de la provincia, para promover la actividad y la concientizaci\u00f3n.<\/p>\n\n\n\n<p>Por su parte Vito Saraniti, integrantes de Amigos de la Astronom\u00eda se\u00f1al\u00f3 al respecto: \u00abEste proyecto que se viene trabajando desde el 2014 es muy importante para la provincia ya que no contabamos con un precedente igual, en un principio buscamos dar a conocer las herramientas que tienen los lugare\u00f1os en la provincia, adem\u00e1s de contar con documentaci\u00f3n y registro a trav\u00e9s de la astrofotograf\u00eda sobre la cantidad de contaminaci\u00f3n lum\u00ednica en el cielo, que se genera por falta de educaci\u00f3n y en ese aspecto tambi\u00e9n estaremos educando sobre el tema\u00bb.<\/p>\n\n\n\n<p>Adem\u00e1s, Sergio Montufar explic\u00f3 que: \u00abbuscaremos educar en las comunas del interior de la provincia sobre la contaminaci\u00f3n lum\u00ednica que se da por la falta de informaci\u00f3n y el mal uso de l\u00e1mparas, tanto de la v\u00eda p\u00fablica como domiciliarias. Tambi\u00e9n, se espera que a mediano o largo plazo, Chubut sea un ejemplo a nivel mundial iluminando bien y las horas adecuadas, no solo para mirar las estrellas sino para crear conciencia sobre el ahorro de energ\u00eda\u00bb.<\/p>\n\n\n\n<p>Para seguir el trabajo de los astrofot\u00f3grafos pueden visitar sus perfiles en Instagram como @pauhazenbiler y @pinceladasnocturnas.<\/p>\n\n\n\n<figure class=\"wp-block-embed is-type-wp-embed is-provider-municipalidad-de-trelew wp-block-embed-municipalidad-de-trelew\"><div class=\"wp-block-embed__wrapper\">\nhttps:\/\/www.trelew.gov.ar\/trelew-avanza-en-el-astroturismo-y-la-concientizacion-sobre-contaminacion-luminica\/\n<\/div><\/figure>\n","protected":false},"excerpt":{"rendered":"","protected":false},"author":6,"featured_media":75585,"comment_status":"open","ping_status":"open","sticky":false,"template":"","format":"standard","meta":{"site-sidebar-layout":"default","site-content-layout":"","ast-site-content-layout":"default","site-content-style":"default","site-sidebar-style":"default","ast-global-header-display":"","ast-banner-title-visibility":"","ast-main-header-display":"","ast-hfb-above-header-display":"","ast-hfb-below-header-display":"","ast-hfb-mobile-header-display":"","site-post-title":"","ast-breadcrumbs-content":"","ast-featured-img":"","footer-sml-layout":"","ast-disable-related-posts":"","theme-transparent-header-meta":"","adv-header-id-meta":"","stick-header-meta":"","header-above-stick-meta":"","header-main-stick-meta":"","header-below-stick-meta":"","astra-migrate-meta-layouts":"default","ast-page-background-enabled":"default","ast-page-background-meta":{"desktop":{"background-color":"var(--ast-global-color-5)","background-image":"","background-repeat":"repeat","background-position":"center center","background-size":"auto","background-attachment":"scroll","background-type":"","background-media":"","overlay-type":"","overlay-color":"","overlay-opacity":"","overlay-gradient":""},"tablet":{"background-color":"","background-image":"","background-repeat":"repeat","background-position":"center center","background-size":"auto","background-attachment":"scroll","background-type":"","background-media":"","overlay-type":"","overlay-color":"","overlay-opacity":"","overlay-gradient":""},"mobile":{"background-color":"","background-image":"","background-repeat":"repeat","background-position":"center center","background-size":"auto","background-attachment":"scroll","background-type":"","background-media":"","overlay-type":"","overlay-color":"","overlay-opacity":"","overlay-gradient":""}},"ast-content-background-meta":{"desktop":{"background-color":"var(--ast-global-color-4)","background-image":"","background-repeat":"repeat","background-position":"center center","background-size":"auto","background-attachment":"scroll","background-type":"","background-media":"","overlay-type":"","overlay-color":"","overlay-opacity":"","overlay-gradient":""},"tablet":{"background-color":"var(--ast-global-color-4)","background-image":"","background-repeat":"repeat","background-position":"center center","background-size":"auto","background-attachment":"scroll","background-type":"","background-media":"","overlay-type":"","overlay-color":"","overlay-opacity":"","overlay-gradient":""},"mobile":{"background-color":"var(--ast-global-color-4)","background-image":"","background-repeat":"repeat","background-position":"center center","background-size":"auto","background-attachment":"scroll","background-type":"","background-media":"","overlay-type":"","overlay-color":"","overlay-opacity":"","overlay-gradient":""}},"footnotes":""},"categories":[16,1,3],"tags":[],"class_list":["post-75584","post","type-post","status-publish","format-standard","has-post-thumbnail","hentry","category-municipales","category-noticias","category-ong"],"yoast_head":"<!-- This site is optimized with the Yoast SEO Premium plugin v23.0 (Yoast SEO v27.4) - https:\/\/yoast.com\/product\/yoast-seo-premium-wordpress\/ -->\n<title>Trelew avanza en el astroturismo y la concientizaci\u00f3n sobre contaminaci\u00f3n lum\u00ednica<\/title>\n<meta name=\"robots\" content=\"index, follow, max-snippet:-1, max-image-preview:large, max-video-preview:-1\" \/>\n<link rel=\"canonical\" href=\"https:\/\/patagoniambiental.com.ar\/info\/trelew-avanza-en-el-astroturismo-y-la-concientizacion-sobre-contaminacion-luminica\/\" \/>\n<meta property=\"og:locale\" content=\"es_ES\" \/>\n<meta property=\"og:type\" content=\"article\" \/>\n<meta property=\"og:title\" content=\"Trelew avanza en el astroturismo y la concientizaci\u00f3n sobre contaminaci\u00f3n lum\u00ednica\" \/>\n<meta property=\"og:url\" content=\"https:\/\/patagoniambiental.com.ar\/info\/trelew-avanza-en-el-astroturismo-y-la-concientizacion-sobre-contaminacion-luminica\/\" \/>\n<meta property=\"og:site_name\" content=\"Patagonia Ambiental\" \/>\n<meta property=\"article:publisher\" content=\"https:\/\/www.facebook.com\/patagonia.ambiental\" \/>\n<meta property=\"article:published_time\" content=\"2022-03-31T22:00:00+00:00\" \/>\n<meta property=\"og:image\" content=\"https:\/\/patagoniambiental.com.ar\/info\/wp-content\/uploads\/2022\/03\/astroturismo.jpeg\" \/>\n\t<meta property=\"og:image:width\" content=\"1280\" \/>\n\t<meta property=\"og:image:height\" content=\"853\" \/>\n\t<meta property=\"og:image:type\" content=\"image\/jpeg\" \/>\n<meta name=\"author\" content=\"BRAIAN ESTEVEZ\" \/>\n<meta name=\"twitter:card\" content=\"summary_large_image\" \/>\n<meta name=\"twitter:creator\" content=\"@PatAmb\" \/>\n<meta name=\"twitter:site\" content=\"@PatAmb\" \/>\n<script type=\"application\/ld+json\" class=\"yoast-schema-graph\">{\"@context\":\"https:\\\/\\\/schema.org\",\"@graph\":[{\"@type\":\"Article\",\"@id\":\"https:\\\/\\\/patagoniambiental.com.ar\\\/info\\\/trelew-avanza-en-el-astroturismo-y-la-concientizacion-sobre-contaminacion-luminica\\\/#article\",\"isPartOf\":{\"@id\":\"https:\\\/\\\/patagoniambiental.com.ar\\\/info\\\/trelew-avanza-en-el-astroturismo-y-la-concientizacion-sobre-contaminacion-luminica\\\/\"},\"author\":{\"name\":\"BRAIAN ESTEVEZ\",\"@id\":\"https:\\\/\\\/patagoniambiental.com.ar\\\/info\\\/#\\\/schema\\\/person\\\/e5af09d700b2e82cb10c6b8800e0c691\"},\"headline\":\"Trelew avanza en el astroturismo y la concientizaci\u00f3n sobre contaminaci\u00f3n lum\u00ednica\",\"datePublished\":\"2022-03-31T22:00:00+00:00\",\"mainEntityOfPage\":{\"@id\":\"https:\\\/\\\/patagoniambiental.com.ar\\\/info\\\/trelew-avanza-en-el-astroturismo-y-la-concientizacion-sobre-contaminacion-luminica\\\/\"},\"wordCount\":332,\"commentCount\":0,\"publisher\":{\"@id\":\"https:\\\/\\\/patagoniambiental.com.ar\\\/info\\\/#organization\"},\"image\":{\"@id\":\"https:\\\/\\\/patagoniambiental.com.ar\\\/info\\\/trelew-avanza-en-el-astroturismo-y-la-concientizacion-sobre-contaminacion-luminica\\\/#primaryimage\"},\"thumbnailUrl\":\"https:\\\/\\\/patagoniambiental.com.ar\\\/info\\\/wp-content\\\/uploads\\\/2022\\\/03\\\/astroturismo.jpeg\",\"articleSection\":[\"Municipales\",\"Noticias\",\"ONG\"],\"inLanguage\":\"es\",\"potentialAction\":[{\"@type\":\"CommentAction\",\"name\":\"Comment\",\"target\":[\"https:\\\/\\\/patagoniambiental.com.ar\\\/info\\\/trelew-avanza-en-el-astroturismo-y-la-concientizacion-sobre-contaminacion-luminica\\\/#respond\"]}]},{\"@type\":\"WebPage\",\"@id\":\"https:\\\/\\\/patagoniambiental.com.ar\\\/info\\\/trelew-avanza-en-el-astroturismo-y-la-concientizacion-sobre-contaminacion-luminica\\\/\",\"url\":\"https:\\\/\\\/patagoniambiental.com.ar\\\/info\\\/trelew-avanza-en-el-astroturismo-y-la-concientizacion-sobre-contaminacion-luminica\\\/\",\"name\":\"Trelew avanza en el astroturismo y la concientizaci\u00f3n sobre contaminaci\u00f3n lum\u00ednica\",\"isPartOf\":{\"@id\":\"https:\\\/\\\/patagoniambiental.com.ar\\\/info\\\/#website\"},\"primaryImageOfPage\":{\"@id\":\"https:\\\/\\\/patagoniambiental.com.ar\\\/info\\\/trelew-avanza-en-el-astroturismo-y-la-concientizacion-sobre-contaminacion-luminica\\\/#primaryimage\"},\"image\":{\"@id\":\"https:\\\/\\\/patagoniambiental.com.ar\\\/info\\\/trelew-avanza-en-el-astroturismo-y-la-concientizacion-sobre-contaminacion-luminica\\\/#primaryimage\"},\"thumbnailUrl\":\"https:\\\/\\\/patagoniambiental.com.ar\\\/info\\\/wp-content\\\/uploads\\\/2022\\\/03\\\/astroturismo.jpeg\",\"datePublished\":\"2022-03-31T22:00:00+00:00\",\"breadcrumb\":{\"@id\":\"https:\\\/\\\/patagoniambiental.com.ar\\\/info\\\/trelew-avanza-en-el-astroturismo-y-la-concientizacion-sobre-contaminacion-luminica\\\/#breadcrumb\"},\"inLanguage\":\"es\",\"potentialAction\":[{\"@type\":\"ReadAction\",\"target\":[\"https:\\\/\\\/patagoniambiental.com.ar\\\/info\\\/trelew-avanza-en-el-astroturismo-y-la-concientizacion-sobre-contaminacion-luminica\\\/\"]}]},{\"@type\":\"ImageObject\",\"inLanguage\":\"es\",\"@id\":\"https:\\\/\\\/patagoniambiental.com.ar\\\/info\\\/trelew-avanza-en-el-astroturismo-y-la-concientizacion-sobre-contaminacion-luminica\\\/#primaryimage\",\"url\":\"https:\\\/\\\/patagoniambiental.com.ar\\\/info\\\/wp-content\\\/uploads\\\/2022\\\/03\\\/astroturismo.jpeg\",\"contentUrl\":\"https:\\\/\\\/patagoniambiental.com.ar\\\/info\\\/wp-content\\\/uploads\\\/2022\\\/03\\\/astroturismo.jpeg\",\"width\":900,\"height\":600},{\"@type\":\"BreadcrumbList\",\"@id\":\"https:\\\/\\\/patagoniambiental.com.ar\\\/info\\\/trelew-avanza-en-el-astroturismo-y-la-concientizacion-sobre-contaminacion-luminica\\\/#breadcrumb\",\"itemListElement\":[{\"@type\":\"ListItem\",\"position\":1,\"name\":\"Inicio\",\"item\":\"https:\\\/\\\/patagoniambiental.com.ar\\\/info\\\/\"},{\"@type\":\"ListItem\",\"position\":2,\"name\":\"Trelew avanza en el astroturismo y la concientizaci\u00f3n sobre contaminaci\u00f3n lum\u00ednica\"}]},{\"@type\":\"WebSite\",\"@id\":\"https:\\\/\\\/patagoniambiental.com.ar\\\/info\\\/#website\",\"url\":\"https:\\\/\\\/patagoniambiental.com.ar\\\/info\\\/\",\"name\":\"Patagonia Ambiental\",\"description\":\"Monitoreo y an\u00e1lisis de la situaci\u00f3n geopol\u00edtica en el mundo y su implicancia en la Patagonia\",\"publisher\":{\"@id\":\"https:\\\/\\\/patagoniambiental.com.ar\\\/info\\\/#organization\"},\"potentialAction\":[{\"@type\":\"SearchAction\",\"target\":{\"@type\":\"EntryPoint\",\"urlTemplate\":\"https:\\\/\\\/patagoniambiental.com.ar\\\/info\\\/?s={search_term_string}\"},\"query-input\":{\"@type\":\"PropertyValueSpecification\",\"valueRequired\":true,\"valueName\":\"search_term_string\"}}],\"inLanguage\":\"es\"},{\"@type\":\"Organization\",\"@id\":\"https:\\\/\\\/patagoniambiental.com.ar\\\/info\\\/#organization\",\"name\":\"Patagonia Ambiental\",\"url\":\"https:\\\/\\\/patagoniambiental.com.ar\\\/info\\\/\",\"logo\":{\"@type\":\"ImageObject\",\"inLanguage\":\"es\",\"@id\":\"https:\\\/\\\/patagoniambiental.com.ar\\\/info\\\/#\\\/schema\\\/logo\\\/image\\\/\",\"url\":\"https:\\\/\\\/patagoniambiental.com.ar\\\/info\\\/wp-content\\\/uploads\\\/2025\\\/05\\\/LOGO-PATAGONIA-AMBIENTAL.png\",\"contentUrl\":\"https:\\\/\\\/patagoniambiental.com.ar\\\/info\\\/wp-content\\\/uploads\\\/2025\\\/05\\\/LOGO-PATAGONIA-AMBIENTAL.png\",\"width\":433,\"height\":250,\"caption\":\"Patagonia Ambiental\"},\"image\":{\"@id\":\"https:\\\/\\\/patagoniambiental.com.ar\\\/info\\\/#\\\/schema\\\/logo\\\/image\\\/\"},\"sameAs\":[\"https:\\\/\\\/www.facebook.com\\\/patagonia.ambiental\",\"https:\\\/\\\/x.com\\\/PatAmb\"]},{\"@type\":\"Person\",\"@id\":\"https:\\\/\\\/patagoniambiental.com.ar\\\/info\\\/#\\\/schema\\\/person\\\/e5af09d700b2e82cb10c6b8800e0c691\",\"name\":\"BRAIAN ESTEVEZ\",\"sameAs\":[\"http:\\\/\\\/www.patagoniambiental.com.ar\"]}]}<\/script>\n<!-- \/ Yoast SEO Premium plugin. -->","yoast_head_json":{"title":"Trelew avanza en el astroturismo y la concientizaci\u00f3n sobre contaminaci\u00f3n lum\u00ednica","robots":{"index":"index","follow":"follow","max-snippet":"max-snippet:-1","max-image-preview":"max-image-preview:large","max-video-preview":"max-video-preview:-1"},"canonical":"https:\/\/patagoniambiental.com.ar\/info\/trelew-avanza-en-el-astroturismo-y-la-concientizacion-sobre-contaminacion-luminica\/","og_locale":"es_ES","og_type":"article","og_title":"Trelew avanza en el astroturismo y la concientizaci\u00f3n sobre contaminaci\u00f3n lum\u00ednica","og_url":"https:\/\/patagoniambiental.com.ar\/info\/trelew-avanza-en-el-astroturismo-y-la-concientizacion-sobre-contaminacion-luminica\/","og_site_name":"Patagonia Ambiental","article_publisher":"https:\/\/www.facebook.com\/patagonia.ambiental","article_published_time":"2022-03-31T22:00:00+00:00","og_image":[{"width":1280,"height":853,"url":"https:\/\/patagoniambiental.com.ar\/info\/wp-content\/uploads\/2022\/03\/astroturismo.jpeg","type":"image\/jpeg"}],"author":"BRAIAN ESTEVEZ","twitter_card":"summary_large_image","twitter_creator":"@PatAmb","twitter_site":"@PatAmb","schema":{"@context":"https:\/\/schema.org","@graph":[{"@type":"Article","@id":"https:\/\/patagoniambiental.com.ar\/info\/trelew-avanza-en-el-astroturismo-y-la-concientizacion-sobre-contaminacion-luminica\/#article","isPartOf":{"@id":"https:\/\/patagoniambiental.com.ar\/info\/trelew-avanza-en-el-astroturismo-y-la-concientizacion-sobre-contaminacion-luminica\/"},"author":{"name":"BRAIAN ESTEVEZ","@id":"https:\/\/patagoniambiental.com.ar\/info\/#\/schema\/person\/e5af09d700b2e82cb10c6b8800e0c691"},"headline":"Trelew avanza en el astroturismo y la concientizaci\u00f3n sobre contaminaci\u00f3n lum\u00ednica","datePublished":"2022-03-31T22:00:00+00:00","mainEntityOfPage":{"@id":"https:\/\/patagoniambiental.com.ar\/info\/trelew-avanza-en-el-astroturismo-y-la-concientizacion-sobre-contaminacion-luminica\/"},"wordCount":332,"commentCount":0,"publisher":{"@id":"https:\/\/patagoniambiental.com.ar\/info\/#organization"},"image":{"@id":"https:\/\/patagoniambiental.com.ar\/info\/trelew-avanza-en-el-astroturismo-y-la-concientizacion-sobre-contaminacion-luminica\/#primaryimage"},"thumbnailUrl":"https:\/\/patagoniambiental.com.ar\/info\/wp-content\/uploads\/2022\/03\/astroturismo.jpeg","articleSection":["Municipales","Noticias","ONG"],"inLanguage":"es","potentialAction":[{"@type":"CommentAction","name":"Comment","target":["https:\/\/patagoniambiental.com.ar\/info\/trelew-avanza-en-el-astroturismo-y-la-concientizacion-sobre-contaminacion-luminica\/#respond"]}]},{"@type":"WebPage","@id":"https:\/\/patagoniambiental.com.ar\/info\/trelew-avanza-en-el-astroturismo-y-la-concientizacion-sobre-contaminacion-luminica\/","url":"https:\/\/patagoniambiental.com.ar\/info\/trelew-avanza-en-el-astroturismo-y-la-concientizacion-sobre-contaminacion-luminica\/","name":"Trelew avanza en el astroturismo y la concientizaci\u00f3n sobre contaminaci\u00f3n lum\u00ednica","isPartOf":{"@id":"https:\/\/patagoniambiental.com.ar\/info\/#website"},"primaryImageOfPage":{"@id":"https:\/\/patagoniambiental.com.ar\/info\/trelew-avanza-en-el-astroturismo-y-la-concientizacion-sobre-contaminacion-luminica\/#primaryimage"},"image":{"@id":"https:\/\/patagoniambiental.com.ar\/info\/trelew-avanza-en-el-astroturismo-y-la-concientizacion-sobre-contaminacion-luminica\/#primaryimage"},"thumbnailUrl":"https:\/\/patagoniambiental.com.ar\/info\/wp-content\/uploads\/2022\/03\/astroturismo.jpeg","datePublished":"2022-03-31T22:00:00+00:00","breadcrumb":{"@id":"https:\/\/patagoniambiental.com.ar\/info\/trelew-avanza-en-el-astroturismo-y-la-concientizacion-sobre-contaminacion-luminica\/#breadcrumb"},"inLanguage":"es","potentialAction":[{"@type":"ReadAction","target":["https:\/\/patagoniambiental.com.ar\/info\/trelew-avanza-en-el-astroturismo-y-la-concientizacion-sobre-contaminacion-luminica\/"]}]},{"@type":"ImageObject","inLanguage":"es","@id":"https:\/\/patagoniambiental.com.ar\/info\/trelew-avanza-en-el-astroturismo-y-la-concientizacion-sobre-contaminacion-luminica\/#primaryimage","url":"https:\/\/patagoniambiental.com.ar\/info\/wp-content\/uploads\/2022\/03\/astroturismo.jpeg","contentUrl":"https:\/\/patagoniambiental.com.ar\/info\/wp-content\/uploads\/2022\/03\/astroturismo.jpeg","width":900,"height":600},{"@type":"BreadcrumbList","@id":"https:\/\/patagoniambiental.com.ar\/info\/trelew-avanza-en-el-astroturismo-y-la-concientizacion-sobre-contaminacion-luminica\/#breadcrumb","itemListElement":[{"@type":"ListItem","position":1,"name":"Inicio","item":"https:\/\/patagoniambiental.com.ar\/info\/"},{"@type":"ListItem","position":2,"name":"Trelew avanza en el astroturismo y la concientizaci\u00f3n sobre contaminaci\u00f3n lum\u00ednica"}]},{"@type":"WebSite","@id":"https:\/\/patagoniambiental.com.ar\/info\/#website","url":"https:\/\/patagoniambiental.com.ar\/info\/","name":"Patagonia Ambiental","description":"Monitoreo y an\u00e1lisis de la situaci\u00f3n geopol\u00edtica en el mundo y su implicancia en la Patagonia","publisher":{"@id":"https:\/\/patagoniambiental.com.ar\/info\/#organization"},"potentialAction":[{"@type":"SearchAction","target":{"@type":"EntryPoint","urlTemplate":"https:\/\/patagoniambiental.com.ar\/info\/?s={search_term_string}"},"query-input":{"@type":"PropertyValueSpecification","valueRequired":true,"valueName":"search_term_string"}}],"inLanguage":"es"},{"@type":"Organization","@id":"https:\/\/patagoniambiental.com.ar\/info\/#organization","name":"Patagonia Ambiental","url":"https:\/\/patagoniambiental.com.ar\/info\/","logo":{"@type":"ImageObject","inLanguage":"es","@id":"https:\/\/patagoniambiental.com.ar\/info\/#\/schema\/logo\/image\/","url":"https:\/\/patagoniambiental.com.ar\/info\/wp-content\/uploads\/2025\/05\/LOGO-PATAGONIA-AMBIENTAL.png","contentUrl":"https:\/\/patagoniambiental.com.ar\/info\/wp-content\/uploads\/2025\/05\/LOGO-PATAGONIA-AMBIENTAL.png","width":433,"height":250,"caption":"Patagonia Ambiental"},"image":{"@id":"https:\/\/patagoniambiental.com.ar\/info\/#\/schema\/logo\/image\/"},"sameAs":["https:\/\/www.facebook.com\/patagonia.ambiental","https:\/\/x.com\/PatAmb"]},{"@type":"Person","@id":"https:\/\/patagoniambiental.com.ar\/info\/#\/schema\/person\/e5af09d700b2e82cb10c6b8800e0c691","name":"BRAIAN ESTEVEZ","sameAs":["http:\/\/www.patagoniambiental.com.ar"]}]}},"_links":{"self":[{"href":"https:\/\/patagoniambiental.com.ar\/info\/wp-json\/wp\/v2\/posts\/75584","targetHints":{"allow":["GET"]}}],"collection":[{"href":"https:\/\/patagoniambiental.com.ar\/info\/wp-json\/wp\/v2\/posts"}],"about":[{"href":"https:\/\/patagoniambiental.com.ar\/info\/wp-json\/wp\/v2\/types\/post"}],"author":[{"embeddable":true,"href":"https:\/\/patagoniambiental.com.ar\/info\/wp-json\/wp\/v2\/users\/6"}],"replies":[{"embeddable":true,"href":"https:\/\/patagoniambiental.com.ar\/info\/wp-json\/wp\/v2\/comments?post=75584"}],"version-history":[{"count":0,"href":"https:\/\/patagoniambiental.com.ar\/info\/wp-json\/wp\/v2\/posts\/75584\/revisions"}],"wp:featuredmedia":[{"embeddable":true,"href":"https:\/\/patagoniambiental.com.ar\/info\/wp-json\/wp\/v2\/media\/75585"}],"wp:attachment":[{"href":"https:\/\/patagoniambiental.com.ar\/info\/wp-json\/wp\/v2\/media?parent=75584"}],"wp:term":[{"taxonomy":"category","embeddable":true,"href":"https:\/\/patagoniambiental.com.ar\/info\/wp-json\/wp\/v2\/categories?post=75584"},{"taxonomy":"post_tag","embeddable":true,"href":"https:\/\/patagoniambiental.com.ar\/info\/wp-json\/wp\/v2\/tags?post=75584"}],"curies":[{"name":"wp","href":"https:\/\/api.w.org\/{rel}","templated":true}]}}