{"id":75588,"date":"2022-04-01T07:00:00","date_gmt":"2022-04-01T10:00:00","guid":{"rendered":"http:\/\/patagoniambiental.com.ar\/info\/?p=75588"},"modified":"2022-03-30T09:13:02","modified_gmt":"2022-03-30T12:13:02","slug":"el-subsecretario-de-ambiente-aseguro-que-la-pampa-necesita-nuevos-centros-de-almacenamiento-para-bidones-de-agroquimicos","status":"publish","type":"post","link":"https:\/\/patagoniambiental.com.ar\/info\/el-subsecretario-de-ambiente-aseguro-que-la-pampa-necesita-nuevos-centros-de-almacenamiento-para-bidones-de-agroquimicos\/","title":{"rendered":"El subsecretario de Ambiente asegur\u00f3 que La Pampa \u201cnecesita nuevos centros de almacenamiento\u201d para bidones de agroqu\u00edmicos"},"content":{"rendered":"\n<!--more-->\n\n\n\n<p>El subsecretario de Ambiente de la provincia de La Pampa, Fabi\u00e1n Titarelli, se refiri\u00f3 a la situaci\u00f3n actual en torno a los bidones de agroqu\u00edmicos y asegur\u00f3 que en los \u00faltimos a\u00f1os se realizaron avances muy importantes en conjunto con la&nbsp;Asociaci\u00f3n Campo Limpio.<\/p>\n\n\n\n<p>No obstante, asegur\u00f3 que hace falta \u201c<strong>hacer hincapi\u00e9 en la necesidad de que esos bidones no sean arrojados a la v\u00eda p\u00fablica ni a caminos vecinales, as\u00ed como tampoco su reutilizaci\u00f3n para otros fines<\/strong>\u201c.<\/p>\n\n\n\n<p>\u201cEl bid\u00f3n de agroqu\u00edmico&nbsp;<strong>tiene que contener el producto y luego de ah\u00ed debe salir del mercado inmediatamente<\/strong>, si no est\u00e1 lavado como un residuo peligroso y si tiene el triple lavado como un elemento que puede ser reciclado para productos que no afecten la salud p\u00fablica\u201d, remarc\u00f3.<\/p>\n\n\n\n<p>En tanto, sostuvo que la situaci\u00f3n no se ha normalizado, pero si se apunta a que la recolecci\u00f3n sea m\u00e1s eficiente y que se incremente a\u00f1o a a\u00f1o el porcentaje.<\/p>\n\n\n\n<p>De la misma manera, indic\u00f3 que\u00a0\u201c<strong>se necesitan nuevos centros de almacenamiento en la provincia, adem\u00e1s de brindar informaci\u00f3n clara y precisa de como debe actuar tanto el productor como el aplicador<\/strong>\u201c.<\/p>\n\n\n\n<p>Fuente: https:\/\/www.infopico.com\/2022\/03\/29\/el-subsecretario-de-ambiente-aseguro-que-la-pampa-necesita-nuevos-centros-de-almacenamiento-para-bidones-de-agroquimicos\/<\/p>\n","protected":false},"excerpt":{"rendered":"","protected":false},"author":6,"featured_media":0,"comment_status":"open","ping_status":"open","sticky":false,"template":"","format":"standard","meta":{"site-sidebar-layout":"default","site-content-layout":"","ast-site-content-layout":"default","site-content-style":"default","site-sidebar-style":"default","ast-global-header-display":"","ast-banner-title-visibility":"","ast-main-header-display":"","ast-hfb-above-header-display":"","ast-hfb-below-header-display":"","ast-hfb-mobile-header-display":"","site-post-title":"","ast-breadcrumbs-content":"","ast-featured-img":"","footer-sml-layout":"","ast-disable-related-posts":"","theme-transparent-header-meta":"","adv-header-id-meta":"","stick-header-meta":"","header-above-stick-meta":"","header-main-stick-meta":"","header-below-stick-meta":"","astra-migrate-meta-layouts":"default","ast-page-background-enabled":"default","ast-page-background-meta":{"desktop":{"background-color":"var(--ast-global-color-5)","background-image":"","background-repeat":"repeat","background-position":"center center","background-size":"auto","background-attachment":"scroll","background-type":"","background-media":"","overlay-type":"","overlay-color":"","overlay-opacity":"","overlay-gradient":""},"tablet":{"background-color":"","background-image":"","background-repeat":"repeat","background-position":"center center","background-size":"auto","background-attachment":"scroll","background-type":"","background-media":"","overlay-type":"","overlay-color":"","overlay-opacity":"","overlay-gradient":""},"mobile":{"background-color":"","background-image":"","background-repeat":"repeat","background-position":"center center","background-size":"auto","background-attachment":"scroll","background-type":"","background-media":"","overlay-type":"","overlay-color":"","overlay-opacity":"","overlay-gradient":""}},"ast-content-background-meta":{"desktop":{"background-color":"var(--ast-global-color-4)","background-image":"","background-repeat":"repeat","background-position":"center center","background-size":"auto","background-attachment":"scroll","background-type":"","background-media":"","overlay-type":"","overlay-color":"","overlay-opacity":"","overlay-gradient":""},"tablet":{"background-color":"var(--ast-global-color-4)","background-image":"","background-repeat":"repeat","background-position":"center center","background-size":"auto","background-attachment":"scroll","background-type":"","background-media":"","overlay-type":"","overlay-color":"","overlay-opacity":"","overlay-gradient":""},"mobile":{"background-color":"var(--ast-global-color-4)","background-image":"","background-repeat":"repeat","background-position":"center center","background-size":"auto","background-attachment":"scroll","background-type":"","background-media":"","overlay-type":"","overlay-color":"","overlay-opacity":"","overlay-gradient":""}},"footnotes":""},"categories":[11,59,1,13,10],"tags":[],"class_list":["post-75588","post","type-post","status-publish","format-standard","hentry","category-boletin","category-la-pampa","category-noticias","category-provinciales","category-rotador"],"yoast_head":"<!-- This site is optimized with the Yoast SEO Premium plugin v23.0 (Yoast SEO v27.5) - https:\/\/yoast.com\/product\/yoast-seo-premium-wordpress\/ -->\n<title>El subsecretario de Ambiente asegur\u00f3 que La Pampa \u201cnecesita nuevos centros de almacenamiento\u201d para bidones de agroqu\u00edmicos<\/title>\n<meta name=\"robots\" content=\"index, follow, max-snippet:-1, max-image-preview:large, max-video-preview:-1\" \/>\n<link rel=\"canonical\" href=\"https:\/\/patagoniambiental.com.ar\/info\/el-subsecretario-de-ambiente-aseguro-que-la-pampa-necesita-nuevos-centros-de-almacenamiento-para-bidones-de-agroquimicos\/\" \/>\n<meta property=\"og:locale\" content=\"es_ES\" \/>\n<meta property=\"og:type\" content=\"article\" \/>\n<meta property=\"og:title\" content=\"El subsecretario de Ambiente asegur\u00f3 que La Pampa \u201cnecesita nuevos centros de almacenamiento\u201d para bidones de agroqu\u00edmicos\" \/>\n<meta property=\"og:url\" content=\"https:\/\/patagoniambiental.com.ar\/info\/el-subsecretario-de-ambiente-aseguro-que-la-pampa-necesita-nuevos-centros-de-almacenamiento-para-bidones-de-agroquimicos\/\" \/>\n<meta property=\"og:site_name\" content=\"Patagonia Ambiental\" \/>\n<meta property=\"article:publisher\" content=\"https:\/\/www.facebook.com\/patagonia.ambiental\" \/>\n<meta property=\"article:published_time\" content=\"2022-04-01T10:00:00+00:00\" \/>\n<meta name=\"author\" content=\"BRAIAN ESTEVEZ\" \/>\n<meta name=\"twitter:card\" content=\"summary_large_image\" \/>\n<meta name=\"twitter:creator\" content=\"@PatAmb\" \/>\n<meta name=\"twitter:site\" content=\"@PatAmb\" \/>\n<script type=\"application\/ld+json\" class=\"yoast-schema-graph\">{\"@context\":\"https:\\\/\\\/schema.org\",\"@graph\":[{\"@type\":\"Article\",\"@id\":\"https:\\\/\\\/patagoniambiental.com.ar\\\/info\\\/el-subsecretario-de-ambiente-aseguro-que-la-pampa-necesita-nuevos-centros-de-almacenamiento-para-bidones-de-agroquimicos\\\/#article\",\"isPartOf\":{\"@id\":\"https:\\\/\\\/patagoniambiental.com.ar\\\/info\\\/el-subsecretario-de-ambiente-aseguro-que-la-pampa-necesita-nuevos-centros-de-almacenamiento-para-bidones-de-agroquimicos\\\/\"},\"author\":{\"name\":\"BRAIAN ESTEVEZ\",\"@id\":\"https:\\\/\\\/patagoniambiental.com.ar\\\/info\\\/#\\\/schema\\\/person\\\/e5af09d700b2e82cb10c6b8800e0c691\"},\"headline\":\"El subsecretario de Ambiente asegur\u00f3 que La Pampa \u201cnecesita nuevos centros de almacenamiento\u201d para bidones de agroqu\u00edmicos\",\"datePublished\":\"2022-04-01T10:00:00+00:00\",\"mainEntityOfPage\":{\"@id\":\"https:\\\/\\\/patagoniambiental.com.ar\\\/info\\\/el-subsecretario-de-ambiente-aseguro-que-la-pampa-necesita-nuevos-centros-de-almacenamiento-para-bidones-de-agroquimicos\\\/\"},\"wordCount\":232,\"commentCount\":0,\"publisher\":{\"@id\":\"https:\\\/\\\/patagoniambiental.com.ar\\\/info\\\/#organization\"},\"articleSection\":[\"Bolet\u00edn\",\"La Pampa\",\"Noticias\",\"Provinciales\",\"Rotador\"],\"inLanguage\":\"es\",\"potentialAction\":[{\"@type\":\"CommentAction\",\"name\":\"Comment\",\"target\":[\"https:\\\/\\\/patagoniambiental.com.ar\\\/info\\\/el-subsecretario-de-ambiente-aseguro-que-la-pampa-necesita-nuevos-centros-de-almacenamiento-para-bidones-de-agroquimicos\\\/#respond\"]}]},{\"@type\":\"WebPage\",\"@id\":\"https:\\\/\\\/patagoniambiental.com.ar\\\/info\\\/el-subsecretario-de-ambiente-aseguro-que-la-pampa-necesita-nuevos-centros-de-almacenamiento-para-bidones-de-agroquimicos\\\/\",\"url\":\"https:\\\/\\\/patagoniambiental.com.ar\\\/info\\\/el-subsecretario-de-ambiente-aseguro-que-la-pampa-necesita-nuevos-centros-de-almacenamiento-para-bidones-de-agroquimicos\\\/\",\"name\":\"El subsecretario de Ambiente asegur\u00f3 que La Pampa \u201cnecesita nuevos centros de almacenamiento\u201d para bidones de agroqu\u00edmicos\",\"isPartOf\":{\"@id\":\"https:\\\/\\\/patagoniambiental.com.ar\\\/info\\\/#website\"},\"datePublished\":\"2022-04-01T10:00:00+00:00\",\"breadcrumb\":{\"@id\":\"https:\\\/\\\/patagoniambiental.com.ar\\\/info\\\/el-subsecretario-de-ambiente-aseguro-que-la-pampa-necesita-nuevos-centros-de-almacenamiento-para-bidones-de-agroquimicos\\\/#breadcrumb\"},\"inLanguage\":\"es\",\"potentialAction\":[{\"@type\":\"ReadAction\",\"target\":[\"https:\\\/\\\/patagoniambiental.com.ar\\\/info\\\/el-subsecretario-de-ambiente-aseguro-que-la-pampa-necesita-nuevos-centros-de-almacenamiento-para-bidones-de-agroquimicos\\\/\"]}]},{\"@type\":\"BreadcrumbList\",\"@id\":\"https:\\\/\\\/patagoniambiental.com.ar\\\/info\\\/el-subsecretario-de-ambiente-aseguro-que-la-pampa-necesita-nuevos-centros-de-almacenamiento-para-bidones-de-agroquimicos\\\/#breadcrumb\",\"itemListElement\":[{\"@type\":\"ListItem\",\"position\":1,\"name\":\"Inicio\",\"item\":\"https:\\\/\\\/patagoniambiental.com.ar\\\/info\\\/\"},{\"@type\":\"ListItem\",\"position\":2,\"name\":\"El subsecretario de Ambiente asegur\u00f3 que La Pampa \u201cnecesita nuevos centros de almacenamiento\u201d para bidones de agroqu\u00edmicos\"}]},{\"@type\":\"WebSite\",\"@id\":\"https:\\\/\\\/patagoniambiental.com.ar\\\/info\\\/#website\",\"url\":\"https:\\\/\\\/patagoniambiental.com.ar\\\/info\\\/\",\"name\":\"Patagonia Ambiental\",\"description\":\"Monitoreo y an\u00e1lisis de la situaci\u00f3n geopol\u00edtica en el mundo y su implicancia en la Patagonia\",\"publisher\":{\"@id\":\"https:\\\/\\\/patagoniambiental.com.ar\\\/info\\\/#organization\"},\"potentialAction\":[{\"@type\":\"SearchAction\",\"target\":{\"@type\":\"EntryPoint\",\"urlTemplate\":\"https:\\\/\\\/patagoniambiental.com.ar\\\/info\\\/?s={search_term_string}\"},\"query-input\":{\"@type\":\"PropertyValueSpecification\",\"valueRequired\":true,\"valueName\":\"search_term_string\"}}],\"inLanguage\":\"es\"},{\"@type\":\"Organization\",\"@id\":\"https:\\\/\\\/patagoniambiental.com.ar\\\/info\\\/#organization\",\"name\":\"Patagonia Ambiental\",\"url\":\"https:\\\/\\\/patagoniambiental.com.ar\\\/info\\\/\",\"logo\":{\"@type\":\"ImageObject\",\"inLanguage\":\"es\",\"@id\":\"https:\\\/\\\/patagoniambiental.com.ar\\\/info\\\/#\\\/schema\\\/logo\\\/image\\\/\",\"url\":\"https:\\\/\\\/patagoniambiental.com.ar\\\/info\\\/wp-content\\\/uploads\\\/2025\\\/05\\\/LOGO-PATAGONIA-AMBIENTAL.png\",\"contentUrl\":\"https:\\\/\\\/patagoniambiental.com.ar\\\/info\\\/wp-content\\\/uploads\\\/2025\\\/05\\\/LOGO-PATAGONIA-AMBIENTAL.png\",\"width\":433,\"height\":250,\"caption\":\"Patagonia Ambiental\"},\"image\":{\"@id\":\"https:\\\/\\\/patagoniambiental.com.ar\\\/info\\\/#\\\/schema\\\/logo\\\/image\\\/\"},\"sameAs\":[\"https:\\\/\\\/www.facebook.com\\\/patagonia.ambiental\",\"https:\\\/\\\/x.com\\\/PatAmb\"]},{\"@type\":\"Person\",\"@id\":\"https:\\\/\\\/patagoniambiental.com.ar\\\/info\\\/#\\\/schema\\\/person\\\/e5af09d700b2e82cb10c6b8800e0c691\",\"name\":\"BRAIAN ESTEVEZ\",\"sameAs\":[\"http:\\\/\\\/www.patagoniambiental.com.ar\"]}]}<\/script>\n<!-- \/ Yoast SEO Premium plugin. -->","yoast_head_json":{"title":"El subsecretario de Ambiente asegur\u00f3 que La Pampa \u201cnecesita nuevos centros de almacenamiento\u201d para bidones de agroqu\u00edmicos","robots":{"index":"index","follow":"follow","max-snippet":"max-snippet:-1","max-image-preview":"max-image-preview:large","max-video-preview":"max-video-preview:-1"},"canonical":"https:\/\/patagoniambiental.com.ar\/info\/el-subsecretario-de-ambiente-aseguro-que-la-pampa-necesita-nuevos-centros-de-almacenamiento-para-bidones-de-agroquimicos\/","og_locale":"es_ES","og_type":"article","og_title":"El subsecretario de Ambiente asegur\u00f3 que La Pampa \u201cnecesita nuevos centros de almacenamiento\u201d para bidones de agroqu\u00edmicos","og_url":"https:\/\/patagoniambiental.com.ar\/info\/el-subsecretario-de-ambiente-aseguro-que-la-pampa-necesita-nuevos-centros-de-almacenamiento-para-bidones-de-agroquimicos\/","og_site_name":"Patagonia Ambiental","article_publisher":"https:\/\/www.facebook.com\/patagonia.ambiental","article_published_time":"2022-04-01T10:00:00+00:00","author":"BRAIAN ESTEVEZ","twitter_card":"summary_large_image","twitter_creator":"@PatAmb","twitter_site":"@PatAmb","schema":{"@context":"https:\/\/schema.org","@graph":[{"@type":"Article","@id":"https:\/\/patagoniambiental.com.ar\/info\/el-subsecretario-de-ambiente-aseguro-que-la-pampa-necesita-nuevos-centros-de-almacenamiento-para-bidones-de-agroquimicos\/#article","isPartOf":{"@id":"https:\/\/patagoniambiental.com.ar\/info\/el-subsecretario-de-ambiente-aseguro-que-la-pampa-necesita-nuevos-centros-de-almacenamiento-para-bidones-de-agroquimicos\/"},"author":{"name":"BRAIAN ESTEVEZ","@id":"https:\/\/patagoniambiental.com.ar\/info\/#\/schema\/person\/e5af09d700b2e82cb10c6b8800e0c691"},"headline":"El subsecretario de Ambiente asegur\u00f3 que La Pampa \u201cnecesita nuevos centros de almacenamiento\u201d para bidones de agroqu\u00edmicos","datePublished":"2022-04-01T10:00:00+00:00","mainEntityOfPage":{"@id":"https:\/\/patagoniambiental.com.ar\/info\/el-subsecretario-de-ambiente-aseguro-que-la-pampa-necesita-nuevos-centros-de-almacenamiento-para-bidones-de-agroquimicos\/"},"wordCount":232,"commentCount":0,"publisher":{"@id":"https:\/\/patagoniambiental.com.ar\/info\/#organization"},"articleSection":["Bolet\u00edn","La Pampa","Noticias","Provinciales","Rotador"],"inLanguage":"es","potentialAction":[{"@type":"CommentAction","name":"Comment","target":["https:\/\/patagoniambiental.com.ar\/info\/el-subsecretario-de-ambiente-aseguro-que-la-pampa-necesita-nuevos-centros-de-almacenamiento-para-bidones-de-agroquimicos\/#respond"]}]},{"@type":"WebPage","@id":"https:\/\/patagoniambiental.com.ar\/info\/el-subsecretario-de-ambiente-aseguro-que-la-pampa-necesita-nuevos-centros-de-almacenamiento-para-bidones-de-agroquimicos\/","url":"https:\/\/patagoniambiental.com.ar\/info\/el-subsecretario-de-ambiente-aseguro-que-la-pampa-necesita-nuevos-centros-de-almacenamiento-para-bidones-de-agroquimicos\/","name":"El subsecretario de Ambiente asegur\u00f3 que La Pampa \u201cnecesita nuevos centros de almacenamiento\u201d para bidones de agroqu\u00edmicos","isPartOf":{"@id":"https:\/\/patagoniambiental.com.ar\/info\/#website"},"datePublished":"2022-04-01T10:00:00+00:00","breadcrumb":{"@id":"https:\/\/patagoniambiental.com.ar\/info\/el-subsecretario-de-ambiente-aseguro-que-la-pampa-necesita-nuevos-centros-de-almacenamiento-para-bidones-de-agroquimicos\/#breadcrumb"},"inLanguage":"es","potentialAction":[{"@type":"ReadAction","target":["https:\/\/patagoniambiental.com.ar\/info\/el-subsecretario-de-ambiente-aseguro-que-la-pampa-necesita-nuevos-centros-de-almacenamiento-para-bidones-de-agroquimicos\/"]}]},{"@type":"BreadcrumbList","@id":"https:\/\/patagoniambiental.com.ar\/info\/el-subsecretario-de-ambiente-aseguro-que-la-pampa-necesita-nuevos-centros-de-almacenamiento-para-bidones-de-agroquimicos\/#breadcrumb","itemListElement":[{"@type":"ListItem","position":1,"name":"Inicio","item":"https:\/\/patagoniambiental.com.ar\/info\/"},{"@type":"ListItem","position":2,"name":"El subsecretario de Ambiente asegur\u00f3 que La Pampa \u201cnecesita nuevos centros de almacenamiento\u201d para bidones de agroqu\u00edmicos"}]},{"@type":"WebSite","@id":"https:\/\/patagoniambiental.com.ar\/info\/#website","url":"https:\/\/patagoniambiental.com.ar\/info\/","name":"Patagonia Ambiental","description":"Monitoreo y an\u00e1lisis de la situaci\u00f3n geopol\u00edtica en el mundo y su implicancia en la Patagonia","publisher":{"@id":"https:\/\/patagoniambiental.com.ar\/info\/#organization"},"potentialAction":[{"@type":"SearchAction","target":{"@type":"EntryPoint","urlTemplate":"https:\/\/patagoniambiental.com.ar\/info\/?s={search_term_string}"},"query-input":{"@type":"PropertyValueSpecification","valueRequired":true,"valueName":"search_term_string"}}],"inLanguage":"es"},{"@type":"Organization","@id":"https:\/\/patagoniambiental.com.ar\/info\/#organization","name":"Patagonia Ambiental","url":"https:\/\/patagoniambiental.com.ar\/info\/","logo":{"@type":"ImageObject","inLanguage":"es","@id":"https:\/\/patagoniambiental.com.ar\/info\/#\/schema\/logo\/image\/","url":"https:\/\/patagoniambiental.com.ar\/info\/wp-content\/uploads\/2025\/05\/LOGO-PATAGONIA-AMBIENTAL.png","contentUrl":"https:\/\/patagoniambiental.com.ar\/info\/wp-content\/uploads\/2025\/05\/LOGO-PATAGONIA-AMBIENTAL.png","width":433,"height":250,"caption":"Patagonia Ambiental"},"image":{"@id":"https:\/\/patagoniambiental.com.ar\/info\/#\/schema\/logo\/image\/"},"sameAs":["https:\/\/www.facebook.com\/patagonia.ambiental","https:\/\/x.com\/PatAmb"]},{"@type":"Person","@id":"https:\/\/patagoniambiental.com.ar\/info\/#\/schema\/person\/e5af09d700b2e82cb10c6b8800e0c691","name":"BRAIAN ESTEVEZ","sameAs":["http:\/\/www.patagoniambiental.com.ar"]}]}},"_links":{"self":[{"href":"https:\/\/patagoniambiental.com.ar\/info\/wp-json\/wp\/v2\/posts\/75588","targetHints":{"allow":["GET"]}}],"collection":[{"href":"https:\/\/patagoniambiental.com.ar\/info\/wp-json\/wp\/v2\/posts"}],"about":[{"href":"https:\/\/patagoniambiental.com.ar\/info\/wp-json\/wp\/v2\/types\/post"}],"author":[{"embeddable":true,"href":"https:\/\/patagoniambiental.com.ar\/info\/wp-json\/wp\/v2\/users\/6"}],"replies":[{"embeddable":true,"href":"https:\/\/patagoniambiental.com.ar\/info\/wp-json\/wp\/v2\/comments?post=75588"}],"version-history":[{"count":0,"href":"https:\/\/patagoniambiental.com.ar\/info\/wp-json\/wp\/v2\/posts\/75588\/revisions"}],"wp:attachment":[{"href":"https:\/\/patagoniambiental.com.ar\/info\/wp-json\/wp\/v2\/media?parent=75588"}],"wp:term":[{"taxonomy":"category","embeddable":true,"href":"https:\/\/patagoniambiental.com.ar\/info\/wp-json\/wp\/v2\/categories?post=75588"},{"taxonomy":"post_tag","embeddable":true,"href":"https:\/\/patagoniambiental.com.ar\/info\/wp-json\/wp\/v2\/tags?post=75588"}],"curies":[{"name":"wp","href":"https:\/\/api.w.org\/{rel}","templated":true}]}}