{"id":75613,"date":"2022-04-02T19:00:00","date_gmt":"2022-04-02T22:00:00","guid":{"rendered":"http:\/\/patagoniambiental.com.ar\/info\/?p=75613"},"modified":"2022-04-01T23:51:47","modified_gmt":"2022-04-02T02:51:47","slug":"ciencia-y-tecnologia-creo-un-centro-de-tratamientos-estrategicos-de-la-antartida","status":"publish","type":"post","link":"https:\/\/patagoniambiental.com.ar\/info\/ciencia-y-tecnologia-creo-un-centro-de-tratamientos-estrategicos-de-la-antartida\/","title":{"rendered":"Ciencia y Tecnolog\u00eda cre\u00f3 un Centro de Tratamientos Estrat\u00e9gicos de la Ant\u00e1rtida"},"content":{"rendered":"\n<!--more-->\n\n\n\n<p>El Ministerio de Ciencia y Tecnolog\u00eda anunci\u00f3 este viernes la creaci\u00f3n del Centro Interinstitucional en Temas Estrat\u00e9gicos Ant\u00e1rticos y Subant\u00e1rticos (Citeas), que&nbsp;<strong>funcionar\u00e1 en la ciudad de Ushuaia y requerir\u00e1 una inversi\u00f3n de 500 millones de pesos<\/strong>, inform\u00f3 el Conicet<\/p>\n\n\n\n<p>El ministro de Ciencia, Daniel Filmus, destac\u00f3 que la Ant\u00e1rtida \u00abtiene que ver con los destinos de la humanidad y con los recursos para el futuro. Necesitamos tener mucha mayor presencia\u00bb<\/p>\n\n\n\n<p>En este aspecto anunci\u00f3 que, adem\u00e1s del Centro, \u00ab<strong>tenemos proyectado en el presupuesto la construcci\u00f3n del Polo Log\u00edstico<\/strong>; ambos van a ser&nbsp;<strong>dos ejes de este gobierno que van a quedar para siempre en Ushuaia\u00bb<\/strong><\/p>\n\n\n\n<p>\u00abVamos a estar financiando, a trav\u00e9s del Programa Federal \u2018Equipar Ciencia\u2019, una buena parte del equipamiento de este Centro\u201d, puntualiz\u00f3 el ministro..<\/p>\n\n\n\n<p>Filmus record\u00f3 adem\u00e1s el lanzamiento de una convocatoria exclusivamente para Malvinas, Ant\u00e1rtida y Atl\u00e1ntico Sur donde ya est\u00e1n seleccionados los&nbsp;<strong>siete proyectos ganadores que se van a financiar.<\/strong>https:\/\/platform.twitter.com\/embed\/Tweet.html?creatorScreenName=infoarenales&amp;dnt=false&amp;embedId=twitter-widget-0&amp;features=eyJ0ZndfZXhwZXJpbWVudHNfY29va2llX2V4cGlyYXRpb24iOnsiYnVja2V0IjoxMjA5NjAwLCJ2ZXJzaW9uIjpudWxsfSwidGZ3X3NrZWxldG9uX2xvYWRpbmdfMTMzOTgiOnsiYnVja2V0IjoiY3RhIiwidmVyc2lvbiI6bnVsbH0sInRmd19zcGFjZV9jYXJkIjp7ImJ1Y2tldCI6Im9mZiIsInZlcnNpb24iOm51bGx9fQ%3D%3D&amp;frame=false&amp;hideCard=false&amp;hideThread=false&amp;id=1510007762498981890&amp;lang=es&amp;origin=https%3A%2F%2Finfoarenales.com%2F2022%2F04%2F01%2Fciencia-y-tecnologia-creo-un-centro-de-tratamientos-estrategicos-de-la-antartida%2F&amp;sessionId=7aeee03143b5897a96c28478dcabbf3348085bc1&amp;siteScreenName=infoarenales&amp;theme=light&amp;widgetsVersion=f9f80a909a60b%3A1648751432723&amp;width=550px<\/p>\n\n\n\n<p>\u00abEn el a\u00f1o 2014 hab\u00edamos comenzado un conjunto de redes y de apoyos y de m\u00e1s de 70 investigaciones, que luego no se continuaron y que con este gobierno estamos recuperando, como estamos recuperando la fuerza del reclamo por Malvinas\u00bb, asegur\u00f3.<\/p>\n\n\n\n<p>Por su parte,&nbsp;<strong>la directora del Conicet, Ana Franchi<\/strong>, destac\u00f3 que la Ant\u00e1rtida \u00abes el reservorio de agua m\u00e1s importante del mundo. Y ante las necesidades que se van mostrando en el mundo, es un lugar de cada vez mayor inter\u00e9s\u00bb<\/p>\n\n\n\n<p>Franchi precis\u00f3 adem\u00e1s que \u201c<strong>tenemos que saber que los lugares como la Ant\u00e1rtida son fundamentales y la ciencia y tecnolog\u00eda hacen a la soberan\u00eda. Y para ello nos juntamos distintas instituciones, el gobierno provincial y el municipal para avanzar en este proyecto tan importante.<\/strong>about:blank<\/p>\n\n\n\n<p>El anuncio se realiz\u00f3 en la ciudad de Ushuaia y participaron autoridades provinciales y acad\u00e9micas<\/p>\n\n\n\n<p>Algunas de las instituciones que llevar\u00e1n adelante este proyecto son: el Centro Austral de Investigaciones Cient\u00edficas (CADIC-CONICET); el Instituto Ant\u00e1rtico Argentino (IAA-MRECIC); la UNTDF; la Universidad Tecnol\u00f3gica Nacional \u2013 Facultad Regional Tierra del Fuego (UTN-FRTDF) y el Instituto de Investigaci\u00f3n y Desarrollo Pesquero (INIDEP)<\/p>\n\n\n\n<p><a href=\"https:\/\/www.telam.com.ar\/notas\/202204\/588286-ciencia-y-tecnologia-creo-un-centro-de-tratamientos-estrategicos-de-la-antartida.html\" target=\"_blank\" rel=\"noreferrer noopener\">Fuente: Telam<\/a><\/p>\n","protected":false},"excerpt":{"rendered":"","protected":false},"author":6,"featured_media":64670,"comment_status":"open","ping_status":"open","sticky":false,"template":"","format":"standard","meta":{"site-sidebar-layout":"default","site-content-layout":"","ast-site-content-layout":"default","site-content-style":"default","site-sidebar-style":"default","ast-global-header-display":"","ast-banner-title-visibility":"","ast-main-header-display":"","ast-hfb-above-header-display":"","ast-hfb-below-header-display":"","ast-hfb-mobile-header-display":"","site-post-title":"","ast-breadcrumbs-content":"","ast-featured-img":"","footer-sml-layout":"","ast-disable-related-posts":"","theme-transparent-header-meta":"","adv-header-id-meta":"","stick-header-meta":"","header-above-stick-meta":"","header-main-stick-meta":"","header-below-stick-meta":"","astra-migrate-meta-layouts":"default","ast-page-background-enabled":"default","ast-page-background-meta":{"desktop":{"background-color":"var(--ast-global-color-5)","background-image":"","background-repeat":"repeat","background-position":"center center","background-size":"auto","background-attachment":"scroll","background-type":"","background-media":"","overlay-type":"","overlay-color":"","overlay-opacity":"","overlay-gradient":""},"tablet":{"background-color":"","background-image":"","background-repeat":"repeat","background-position":"center center","background-size":"auto","background-attachment":"scroll","background-type":"","background-media":"","overlay-type":"","overlay-color":"","overlay-opacity":"","overlay-gradient":""},"mobile":{"background-color":"","background-image":"","background-repeat":"repeat","background-position":"center center","background-size":"auto","background-attachment":"scroll","background-type":"","background-media":"","overlay-type":"","overlay-color":"","overlay-opacity":"","overlay-gradient":""}},"ast-content-background-meta":{"desktop":{"background-color":"var(--ast-global-color-4)","background-image":"","background-repeat":"repeat","background-position":"center center","background-size":"auto","background-attachment":"scroll","background-type":"","background-media":"","overlay-type":"","overlay-color":"","overlay-opacity":"","overlay-gradient":""},"tablet":{"background-color":"var(--ast-global-color-4)","background-image":"","background-repeat":"repeat","background-position":"center center","background-size":"auto","background-attachment":"scroll","background-type":"","background-media":"","overlay-type":"","overlay-color":"","overlay-opacity":"","overlay-gradient":""},"mobile":{"background-color":"var(--ast-global-color-4)","background-image":"","background-repeat":"repeat","background-position":"center center","background-size":"auto","background-attachment":"scroll","background-type":"","background-media":"","overlay-type":"","overlay-color":"","overlay-opacity":"","overlay-gradient":""}},"footnotes":""},"categories":[11,19,1,10],"tags":[],"class_list":["post-75613","post","type-post","status-publish","format-standard","has-post-thumbnail","hentry","category-boletin","category-nacionales","category-noticias","category-rotador"],"yoast_head":"<!-- This site is optimized with the Yoast SEO Premium plugin v23.0 (Yoast SEO v27.4) - https:\/\/yoast.com\/product\/yoast-seo-premium-wordpress\/ -->\n<title>Ciencia y Tecnolog\u00eda cre\u00f3 un Centro de Tratamientos Estrat\u00e9gicos de la Ant\u00e1rtida<\/title>\n<meta name=\"robots\" content=\"index, follow, max-snippet:-1, max-image-preview:large, max-video-preview:-1\" \/>\n<link rel=\"canonical\" href=\"https:\/\/patagoniambiental.com.ar\/info\/ciencia-y-tecnologia-creo-un-centro-de-tratamientos-estrategicos-de-la-antartida\/\" \/>\n<meta property=\"og:locale\" content=\"es_ES\" \/>\n<meta property=\"og:type\" content=\"article\" \/>\n<meta property=\"og:title\" content=\"Ciencia y Tecnolog\u00eda cre\u00f3 un Centro de Tratamientos Estrat\u00e9gicos de la Ant\u00e1rtida\" \/>\n<meta property=\"og:url\" content=\"https:\/\/patagoniambiental.com.ar\/info\/ciencia-y-tecnologia-creo-un-centro-de-tratamientos-estrategicos-de-la-antartida\/\" \/>\n<meta property=\"og:site_name\" content=\"Patagonia Ambiental\" \/>\n<meta property=\"article:publisher\" content=\"https:\/\/www.facebook.com\/patagonia.ambiental\" \/>\n<meta property=\"article:published_time\" content=\"2022-04-02T22:00:00+00:00\" \/>\n<meta property=\"og:image\" content=\"https:\/\/patagoniambiental.com.ar\/info\/wp-content\/uploads\/2020\/01\/una-plataforma-unica-en-el-mundo-para-monitorear-la-temperatura-de-la-antartida.jpg\" \/>\n\t<meta property=\"og:image:width\" content=\"670\" \/>\n\t<meta property=\"og:image:height\" content=\"402\" \/>\n\t<meta property=\"og:image:type\" content=\"image\/jpeg\" \/>\n<meta name=\"author\" content=\"BRAIAN ESTEVEZ\" \/>\n<meta name=\"twitter:card\" content=\"summary_large_image\" \/>\n<meta name=\"twitter:creator\" content=\"@PatAmb\" \/>\n<meta name=\"twitter:site\" content=\"@PatAmb\" \/>\n<script type=\"application\/ld+json\" class=\"yoast-schema-graph\">{\"@context\":\"https:\\\/\\\/schema.org\",\"@graph\":[{\"@type\":\"Article\",\"@id\":\"https:\\\/\\\/patagoniambiental.com.ar\\\/info\\\/ciencia-y-tecnologia-creo-un-centro-de-tratamientos-estrategicos-de-la-antartida\\\/#article\",\"isPartOf\":{\"@id\":\"https:\\\/\\\/patagoniambiental.com.ar\\\/info\\\/ciencia-y-tecnologia-creo-un-centro-de-tratamientos-estrategicos-de-la-antartida\\\/\"},\"author\":{\"name\":\"BRAIAN ESTEVEZ\",\"@id\":\"https:\\\/\\\/patagoniambiental.com.ar\\\/info\\\/#\\\/schema\\\/person\\\/e5af09d700b2e82cb10c6b8800e0c691\"},\"headline\":\"Ciencia y Tecnolog\u00eda cre\u00f3 un Centro de Tratamientos Estrat\u00e9gicos de la Ant\u00e1rtida\",\"datePublished\":\"2022-04-02T22:00:00+00:00\",\"mainEntityOfPage\":{\"@id\":\"https:\\\/\\\/patagoniambiental.com.ar\\\/info\\\/ciencia-y-tecnologia-creo-un-centro-de-tratamientos-estrategicos-de-la-antartida\\\/\"},\"wordCount\":493,\"commentCount\":0,\"publisher\":{\"@id\":\"https:\\\/\\\/patagoniambiental.com.ar\\\/info\\\/#organization\"},\"image\":{\"@id\":\"https:\\\/\\\/patagoniambiental.com.ar\\\/info\\\/ciencia-y-tecnologia-creo-un-centro-de-tratamientos-estrategicos-de-la-antartida\\\/#primaryimage\"},\"thumbnailUrl\":\"https:\\\/\\\/patagoniambiental.com.ar\\\/info\\\/wp-content\\\/uploads\\\/2020\\\/01\\\/una-plataforma-unica-en-el-mundo-para-monitorear-la-temperatura-de-la-antartida.jpg\",\"articleSection\":[\"Bolet\u00edn\",\"Nacionales\",\"Noticias\",\"Rotador\"],\"inLanguage\":\"es\",\"potentialAction\":[{\"@type\":\"CommentAction\",\"name\":\"Comment\",\"target\":[\"https:\\\/\\\/patagoniambiental.com.ar\\\/info\\\/ciencia-y-tecnologia-creo-un-centro-de-tratamientos-estrategicos-de-la-antartida\\\/#respond\"]}]},{\"@type\":\"WebPage\",\"@id\":\"https:\\\/\\\/patagoniambiental.com.ar\\\/info\\\/ciencia-y-tecnologia-creo-un-centro-de-tratamientos-estrategicos-de-la-antartida\\\/\",\"url\":\"https:\\\/\\\/patagoniambiental.com.ar\\\/info\\\/ciencia-y-tecnologia-creo-un-centro-de-tratamientos-estrategicos-de-la-antartida\\\/\",\"name\":\"Ciencia y Tecnolog\u00eda cre\u00f3 un Centro de Tratamientos Estrat\u00e9gicos de la Ant\u00e1rtida\",\"isPartOf\":{\"@id\":\"https:\\\/\\\/patagoniambiental.com.ar\\\/info\\\/#website\"},\"primaryImageOfPage\":{\"@id\":\"https:\\\/\\\/patagoniambiental.com.ar\\\/info\\\/ciencia-y-tecnologia-creo-un-centro-de-tratamientos-estrategicos-de-la-antartida\\\/#primaryimage\"},\"image\":{\"@id\":\"https:\\\/\\\/patagoniambiental.com.ar\\\/info\\\/ciencia-y-tecnologia-creo-un-centro-de-tratamientos-estrategicos-de-la-antartida\\\/#primaryimage\"},\"thumbnailUrl\":\"https:\\\/\\\/patagoniambiental.com.ar\\\/info\\\/wp-content\\\/uploads\\\/2020\\\/01\\\/una-plataforma-unica-en-el-mundo-para-monitorear-la-temperatura-de-la-antartida.jpg\",\"datePublished\":\"2022-04-02T22:00:00+00:00\",\"breadcrumb\":{\"@id\":\"https:\\\/\\\/patagoniambiental.com.ar\\\/info\\\/ciencia-y-tecnologia-creo-un-centro-de-tratamientos-estrategicos-de-la-antartida\\\/#breadcrumb\"},\"inLanguage\":\"es\",\"potentialAction\":[{\"@type\":\"ReadAction\",\"target\":[\"https:\\\/\\\/patagoniambiental.com.ar\\\/info\\\/ciencia-y-tecnologia-creo-un-centro-de-tratamientos-estrategicos-de-la-antartida\\\/\"]}]},{\"@type\":\"ImageObject\",\"inLanguage\":\"es\",\"@id\":\"https:\\\/\\\/patagoniambiental.com.ar\\\/info\\\/ciencia-y-tecnologia-creo-un-centro-de-tratamientos-estrategicos-de-la-antartida\\\/#primaryimage\",\"url\":\"https:\\\/\\\/patagoniambiental.com.ar\\\/info\\\/wp-content\\\/uploads\\\/2020\\\/01\\\/una-plataforma-unica-en-el-mundo-para-monitorear-la-temperatura-de-la-antartida.jpg\",\"contentUrl\":\"https:\\\/\\\/patagoniambiental.com.ar\\\/info\\\/wp-content\\\/uploads\\\/2020\\\/01\\\/una-plataforma-unica-en-el-mundo-para-monitorear-la-temperatura-de-la-antartida.jpg\",\"width\":670,\"height\":402},{\"@type\":\"BreadcrumbList\",\"@id\":\"https:\\\/\\\/patagoniambiental.com.ar\\\/info\\\/ciencia-y-tecnologia-creo-un-centro-de-tratamientos-estrategicos-de-la-antartida\\\/#breadcrumb\",\"itemListElement\":[{\"@type\":\"ListItem\",\"position\":1,\"name\":\"Inicio\",\"item\":\"https:\\\/\\\/patagoniambiental.com.ar\\\/info\\\/\"},{\"@type\":\"ListItem\",\"position\":2,\"name\":\"Ciencia y Tecnolog\u00eda cre\u00f3 un Centro de Tratamientos Estrat\u00e9gicos de la Ant\u00e1rtida\"}]},{\"@type\":\"WebSite\",\"@id\":\"https:\\\/\\\/patagoniambiental.com.ar\\\/info\\\/#website\",\"url\":\"https:\\\/\\\/patagoniambiental.com.ar\\\/info\\\/\",\"name\":\"Patagonia Ambiental\",\"description\":\"Monitoreo y an\u00e1lisis de la situaci\u00f3n geopol\u00edtica en el mundo y su implicancia en la Patagonia\",\"publisher\":{\"@id\":\"https:\\\/\\\/patagoniambiental.com.ar\\\/info\\\/#organization\"},\"potentialAction\":[{\"@type\":\"SearchAction\",\"target\":{\"@type\":\"EntryPoint\",\"urlTemplate\":\"https:\\\/\\\/patagoniambiental.com.ar\\\/info\\\/?s={search_term_string}\"},\"query-input\":{\"@type\":\"PropertyValueSpecification\",\"valueRequired\":true,\"valueName\":\"search_term_string\"}}],\"inLanguage\":\"es\"},{\"@type\":\"Organization\",\"@id\":\"https:\\\/\\\/patagoniambiental.com.ar\\\/info\\\/#organization\",\"name\":\"Patagonia Ambiental\",\"url\":\"https:\\\/\\\/patagoniambiental.com.ar\\\/info\\\/\",\"logo\":{\"@type\":\"ImageObject\",\"inLanguage\":\"es\",\"@id\":\"https:\\\/\\\/patagoniambiental.com.ar\\\/info\\\/#\\\/schema\\\/logo\\\/image\\\/\",\"url\":\"https:\\\/\\\/patagoniambiental.com.ar\\\/info\\\/wp-content\\\/uploads\\\/2025\\\/05\\\/LOGO-PATAGONIA-AMBIENTAL.png\",\"contentUrl\":\"https:\\\/\\\/patagoniambiental.com.ar\\\/info\\\/wp-content\\\/uploads\\\/2025\\\/05\\\/LOGO-PATAGONIA-AMBIENTAL.png\",\"width\":433,\"height\":250,\"caption\":\"Patagonia Ambiental\"},\"image\":{\"@id\":\"https:\\\/\\\/patagoniambiental.com.ar\\\/info\\\/#\\\/schema\\\/logo\\\/image\\\/\"},\"sameAs\":[\"https:\\\/\\\/www.facebook.com\\\/patagonia.ambiental\",\"https:\\\/\\\/x.com\\\/PatAmb\"]},{\"@type\":\"Person\",\"@id\":\"https:\\\/\\\/patagoniambiental.com.ar\\\/info\\\/#\\\/schema\\\/person\\\/e5af09d700b2e82cb10c6b8800e0c691\",\"name\":\"BRAIAN ESTEVEZ\",\"sameAs\":[\"http:\\\/\\\/www.patagoniambiental.com.ar\"]}]}<\/script>\n<!-- \/ Yoast SEO Premium plugin. -->","yoast_head_json":{"title":"Ciencia y Tecnolog\u00eda cre\u00f3 un Centro de Tratamientos Estrat\u00e9gicos de la Ant\u00e1rtida","robots":{"index":"index","follow":"follow","max-snippet":"max-snippet:-1","max-image-preview":"max-image-preview:large","max-video-preview":"max-video-preview:-1"},"canonical":"https:\/\/patagoniambiental.com.ar\/info\/ciencia-y-tecnologia-creo-un-centro-de-tratamientos-estrategicos-de-la-antartida\/","og_locale":"es_ES","og_type":"article","og_title":"Ciencia y Tecnolog\u00eda cre\u00f3 un Centro de Tratamientos Estrat\u00e9gicos de la Ant\u00e1rtida","og_url":"https:\/\/patagoniambiental.com.ar\/info\/ciencia-y-tecnologia-creo-un-centro-de-tratamientos-estrategicos-de-la-antartida\/","og_site_name":"Patagonia Ambiental","article_publisher":"https:\/\/www.facebook.com\/patagonia.ambiental","article_published_time":"2022-04-02T22:00:00+00:00","og_image":[{"width":670,"height":402,"url":"https:\/\/patagoniambiental.com.ar\/info\/wp-content\/uploads\/2020\/01\/una-plataforma-unica-en-el-mundo-para-monitorear-la-temperatura-de-la-antartida.jpg","type":"image\/jpeg"}],"author":"BRAIAN ESTEVEZ","twitter_card":"summary_large_image","twitter_creator":"@PatAmb","twitter_site":"@PatAmb","schema":{"@context":"https:\/\/schema.org","@graph":[{"@type":"Article","@id":"https:\/\/patagoniambiental.com.ar\/info\/ciencia-y-tecnologia-creo-un-centro-de-tratamientos-estrategicos-de-la-antartida\/#article","isPartOf":{"@id":"https:\/\/patagoniambiental.com.ar\/info\/ciencia-y-tecnologia-creo-un-centro-de-tratamientos-estrategicos-de-la-antartida\/"},"author":{"name":"BRAIAN ESTEVEZ","@id":"https:\/\/patagoniambiental.com.ar\/info\/#\/schema\/person\/e5af09d700b2e82cb10c6b8800e0c691"},"headline":"Ciencia y Tecnolog\u00eda cre\u00f3 un Centro de Tratamientos Estrat\u00e9gicos de la Ant\u00e1rtida","datePublished":"2022-04-02T22:00:00+00:00","mainEntityOfPage":{"@id":"https:\/\/patagoniambiental.com.ar\/info\/ciencia-y-tecnologia-creo-un-centro-de-tratamientos-estrategicos-de-la-antartida\/"},"wordCount":493,"commentCount":0,"publisher":{"@id":"https:\/\/patagoniambiental.com.ar\/info\/#organization"},"image":{"@id":"https:\/\/patagoniambiental.com.ar\/info\/ciencia-y-tecnologia-creo-un-centro-de-tratamientos-estrategicos-de-la-antartida\/#primaryimage"},"thumbnailUrl":"https:\/\/patagoniambiental.com.ar\/info\/wp-content\/uploads\/2020\/01\/una-plataforma-unica-en-el-mundo-para-monitorear-la-temperatura-de-la-antartida.jpg","articleSection":["Bolet\u00edn","Nacionales","Noticias","Rotador"],"inLanguage":"es","potentialAction":[{"@type":"CommentAction","name":"Comment","target":["https:\/\/patagoniambiental.com.ar\/info\/ciencia-y-tecnologia-creo-un-centro-de-tratamientos-estrategicos-de-la-antartida\/#respond"]}]},{"@type":"WebPage","@id":"https:\/\/patagoniambiental.com.ar\/info\/ciencia-y-tecnologia-creo-un-centro-de-tratamientos-estrategicos-de-la-antartida\/","url":"https:\/\/patagoniambiental.com.ar\/info\/ciencia-y-tecnologia-creo-un-centro-de-tratamientos-estrategicos-de-la-antartida\/","name":"Ciencia y Tecnolog\u00eda cre\u00f3 un Centro de Tratamientos Estrat\u00e9gicos de la Ant\u00e1rtida","isPartOf":{"@id":"https:\/\/patagoniambiental.com.ar\/info\/#website"},"primaryImageOfPage":{"@id":"https:\/\/patagoniambiental.com.ar\/info\/ciencia-y-tecnologia-creo-un-centro-de-tratamientos-estrategicos-de-la-antartida\/#primaryimage"},"image":{"@id":"https:\/\/patagoniambiental.com.ar\/info\/ciencia-y-tecnologia-creo-un-centro-de-tratamientos-estrategicos-de-la-antartida\/#primaryimage"},"thumbnailUrl":"https:\/\/patagoniambiental.com.ar\/info\/wp-content\/uploads\/2020\/01\/una-plataforma-unica-en-el-mundo-para-monitorear-la-temperatura-de-la-antartida.jpg","datePublished":"2022-04-02T22:00:00+00:00","breadcrumb":{"@id":"https:\/\/patagoniambiental.com.ar\/info\/ciencia-y-tecnologia-creo-un-centro-de-tratamientos-estrategicos-de-la-antartida\/#breadcrumb"},"inLanguage":"es","potentialAction":[{"@type":"ReadAction","target":["https:\/\/patagoniambiental.com.ar\/info\/ciencia-y-tecnologia-creo-un-centro-de-tratamientos-estrategicos-de-la-antartida\/"]}]},{"@type":"ImageObject","inLanguage":"es","@id":"https:\/\/patagoniambiental.com.ar\/info\/ciencia-y-tecnologia-creo-un-centro-de-tratamientos-estrategicos-de-la-antartida\/#primaryimage","url":"https:\/\/patagoniambiental.com.ar\/info\/wp-content\/uploads\/2020\/01\/una-plataforma-unica-en-el-mundo-para-monitorear-la-temperatura-de-la-antartida.jpg","contentUrl":"https:\/\/patagoniambiental.com.ar\/info\/wp-content\/uploads\/2020\/01\/una-plataforma-unica-en-el-mundo-para-monitorear-la-temperatura-de-la-antartida.jpg","width":670,"height":402},{"@type":"BreadcrumbList","@id":"https:\/\/patagoniambiental.com.ar\/info\/ciencia-y-tecnologia-creo-un-centro-de-tratamientos-estrategicos-de-la-antartida\/#breadcrumb","itemListElement":[{"@type":"ListItem","position":1,"name":"Inicio","item":"https:\/\/patagoniambiental.com.ar\/info\/"},{"@type":"ListItem","position":2,"name":"Ciencia y Tecnolog\u00eda cre\u00f3 un Centro de Tratamientos Estrat\u00e9gicos de la Ant\u00e1rtida"}]},{"@type":"WebSite","@id":"https:\/\/patagoniambiental.com.ar\/info\/#website","url":"https:\/\/patagoniambiental.com.ar\/info\/","name":"Patagonia Ambiental","description":"Monitoreo y an\u00e1lisis de la situaci\u00f3n geopol\u00edtica en el mundo y su implicancia en la Patagonia","publisher":{"@id":"https:\/\/patagoniambiental.com.ar\/info\/#organization"},"potentialAction":[{"@type":"SearchAction","target":{"@type":"EntryPoint","urlTemplate":"https:\/\/patagoniambiental.com.ar\/info\/?s={search_term_string}"},"query-input":{"@type":"PropertyValueSpecification","valueRequired":true,"valueName":"search_term_string"}}],"inLanguage":"es"},{"@type":"Organization","@id":"https:\/\/patagoniambiental.com.ar\/info\/#organization","name":"Patagonia Ambiental","url":"https:\/\/patagoniambiental.com.ar\/info\/","logo":{"@type":"ImageObject","inLanguage":"es","@id":"https:\/\/patagoniambiental.com.ar\/info\/#\/schema\/logo\/image\/","url":"https:\/\/patagoniambiental.com.ar\/info\/wp-content\/uploads\/2025\/05\/LOGO-PATAGONIA-AMBIENTAL.png","contentUrl":"https:\/\/patagoniambiental.com.ar\/info\/wp-content\/uploads\/2025\/05\/LOGO-PATAGONIA-AMBIENTAL.png","width":433,"height":250,"caption":"Patagonia Ambiental"},"image":{"@id":"https:\/\/patagoniambiental.com.ar\/info\/#\/schema\/logo\/image\/"},"sameAs":["https:\/\/www.facebook.com\/patagonia.ambiental","https:\/\/x.com\/PatAmb"]},{"@type":"Person","@id":"https:\/\/patagoniambiental.com.ar\/info\/#\/schema\/person\/e5af09d700b2e82cb10c6b8800e0c691","name":"BRAIAN ESTEVEZ","sameAs":["http:\/\/www.patagoniambiental.com.ar"]}]}},"_links":{"self":[{"href":"https:\/\/patagoniambiental.com.ar\/info\/wp-json\/wp\/v2\/posts\/75613","targetHints":{"allow":["GET"]}}],"collection":[{"href":"https:\/\/patagoniambiental.com.ar\/info\/wp-json\/wp\/v2\/posts"}],"about":[{"href":"https:\/\/patagoniambiental.com.ar\/info\/wp-json\/wp\/v2\/types\/post"}],"author":[{"embeddable":true,"href":"https:\/\/patagoniambiental.com.ar\/info\/wp-json\/wp\/v2\/users\/6"}],"replies":[{"embeddable":true,"href":"https:\/\/patagoniambiental.com.ar\/info\/wp-json\/wp\/v2\/comments?post=75613"}],"version-history":[{"count":0,"href":"https:\/\/patagoniambiental.com.ar\/info\/wp-json\/wp\/v2\/posts\/75613\/revisions"}],"wp:featuredmedia":[{"embeddable":true,"href":"https:\/\/patagoniambiental.com.ar\/info\/wp-json\/wp\/v2\/media\/64670"}],"wp:attachment":[{"href":"https:\/\/patagoniambiental.com.ar\/info\/wp-json\/wp\/v2\/media?parent=75613"}],"wp:term":[{"taxonomy":"category","embeddable":true,"href":"https:\/\/patagoniambiental.com.ar\/info\/wp-json\/wp\/v2\/categories?post=75613"},{"taxonomy":"post_tag","embeddable":true,"href":"https:\/\/patagoniambiental.com.ar\/info\/wp-json\/wp\/v2\/tags?post=75613"}],"curies":[{"name":"wp","href":"https:\/\/api.w.org\/{rel}","templated":true}]}}