{"id":75615,"date":"2022-04-03T07:00:00","date_gmt":"2022-04-03T10:00:00","guid":{"rendered":"http:\/\/patagoniambiental.com.ar\/info\/?p=75615"},"modified":"2022-04-01T23:54:03","modified_gmt":"2022-04-02T02:54:03","slug":"por-primera-vez-se-realiza-mapeo-detallado-de-toda-la-ecorregion-de-la-patagonia","status":"publish","type":"post","link":"https:\/\/patagoniambiental.com.ar\/info\/por-primera-vez-se-realiza-mapeo-detallado-de-toda-la-ecorregion-de-la-patagonia\/","title":{"rendered":"Por primera vez se realiza mapeo detallado de toda la ecorregi\u00f3n de la Patagonia"},"content":{"rendered":"\n<!--more-->\n\n\n\n<p>Muchos de los estudios cient\u00edficos sobre coberturas terrestres de diversos paisajes naturales se han realizado hist\u00f3ricamente con im\u00e1genes satelitales. Sin embargo, en partes extremas del planeta como la Patagonia, excesivas nubes cubren los paisajes, generando im\u00e1genes con poco nivel de detalle que dificultan la obtenci\u00f3n de un buen producto cartogr\u00e1fico. En esta ocasi\u00f3n, gracias al uso de tecnolog\u00edas inteligentes de \u00faltima generaci\u00f3n y con un alto nivel de validaci\u00f3n, se podr\u00edan obtener un mapa detallado, gracias a un trabajo del Centro de Investigaci\u00f3n en Ecosistemas de la Patagonia (CIEP).https:\/\/audio4.audima.co\/iframe-later-thin-audima.html?skin=thin&amp;statistic=true&amp;clientAlias=&amp;background=undefined&amp;color=undefined<\/p>\n\n\n\n<ul class=\"wp-block-list\"><li><\/li><\/ul>\n\n\n\n<p>La ecorregi\u00f3n de la Patagonia compartida entre Chile y Argentina, se caracteriza por una variedad de atributos naturales representados en la diversidad de coberturas terrestres que componen el paisaje, tales como, bosques diversos en distintas etapas de crecimiento (por ejemplo, bosques adultos, secundarios), diversos tipos de matorrales, zonas agr\u00edcolas, glaciares, humedales, estepa, lagos, entre otros.<\/p>\n\n\n\n<p>A pesar de esta diversidad de coberturas, y de la relevancia de sus recursos naturales, a\u00fan no se ha realizado un mapeo detallado que caracterice toda la Patagonia.<ins>https:\/\/googleads.g.doubleclick.net\/pagead\/ads?client=ca-pub-9149990706879464&amp;output=html&amp;h=280&amp;adk=243083323&amp;adf=1866060662&amp;pi=t.aa~a.43365516~i.3~rp.4&amp;w=673&amp;fwrn=4&amp;fwrnh=100&amp;lmt=1648867720&amp;num_ads=1&amp;rafmt=1&amp;armr=3&amp;sem=mc&amp;pwprc=3675798591&amp;psa=0&amp;ad_type=text_image&amp;format=673&#215;280&amp;url=https%3A%2F%2Fwww.elmostrador.cl%2Fdia%2F2022%2F04%2F01%2Fpor-primera-vez-se-realiza-mapeo-detallado-de-toda-la-ecorregion-de-la-patagonia%2F&amp;fwr=0&amp;pra=3&amp;rh=168&amp;rw=672&amp;rpe=1&amp;resp_fmts=3&amp;wgl=1&amp;fa=27&amp;uach=WyJXaW5kb3dzIiwiMC4wLjAiLCJ4ODYiLCIiLCI5OS4wLjQ4NDQuODQiLFtdLG51bGwsbnVsbCwiNjQiLFtbIiBOb3QgQTtCcmFuZCIsIjk5LjAuMC4wIl0sWyJDaHJvbWl1bSIsIjk5LjAuNDg0NC44NCJdLFsiR29vZ2xlIENocm9tZSIsIjk5LjAuNDg0NC44NCJdXSxmYWxzZV0.&amp;tt_state=W3siaXNzdWVyT3JpZ2luIjoiaHR0cHM6Ly9wYWdlYWQyLmdvb2dsZXN5bmRpY2F0aW9uLmNvbSIsInN0YXRlIjoyOSwiaGFzUmVkZW1wdGlvblJlY29yZCI6dHJ1ZX1d&amp;dt=1648867712176&amp;bpp=25&amp;bdt=26817&amp;idt=25&amp;shv=r20220330&amp;mjsv=m202203280101&amp;ptt=9&amp;saldr=aa&amp;abxe=1&amp;cookie=ID%3D01de310b1ba958f2-2270e41de47b00c3%3AT%3D1648867704%3ART%3D1648867710%3AS%3DALNI_MYy5-x6hgZ9qd5CdUPoqOQPgxSYvA&amp;prev_fmts=0x0&amp;nras=2&amp;correlator=8316493916097&amp;frm=20&amp;pv=1&amp;ga_vid=218339613.1648867706&amp;ga_sid=1648867706&amp;ga_hid=1228021677&amp;ga_fc=1&amp;u_tz=-180&amp;u_his=1&amp;u_h=768&amp;u_w=1366&amp;u_ah=728&amp;u_aw=1366&amp;u_cd=24&amp;u_sd=1&amp;dmc=4&amp;adx=257&amp;ady=1375&amp;biw=1349&amp;bih=600&amp;scr_x=0&amp;scr_y=0&amp;eid=44759876%2C44759927%2C44759842%2C31065544%2C31065971%2C21067496&amp;oid=2&amp;pvsid=4290106852890909&amp;pem=870&amp;tmod=1587322018&amp;uas=0&amp;nvt=1&amp;ref=https%3A%2F%2Fwww.google.com%2F&amp;eae=0&amp;fc=384&amp;brdim=0%2C0%2C0%2C0%2C1366%2C0%2C0%2C0%2C1366%2C600&amp;vis=1&amp;rsz=%7C%7Cs%7C&amp;abl=NS&amp;fu=128&amp;bc=31&amp;ifi=24&amp;uci=a!o&amp;btvi=1&amp;fsb=1&amp;xpc=2wf8i19IjN&amp;p=https%3A\/\/www.elmostrador.cl&amp;dtd=8695<\/ins><\/p>\n\n\n\n<p>Un mapeo de esta dimensi\u00f3n representar\u00eda una l\u00ednea base con la cual se pueda cuantificar la superficie de todas las coberturas, evaluar la estructura y patrones espaciales del paisaje, adem\u00e1s, evaluar distintas funciones ecol\u00f3gicas, tal como la conectividad funcional para especies emblem\u00e1ticas nativas, como por ejemplo el puma o el huemul, e incluso se podr\u00eda usar como instrumento para una planificaci\u00f3n estrat\u00e9gica del territorio.<\/p>\n\n\n\n<figure class=\"wp-block-image\"><img decoding=\"async\" src=\"https:\/\/www.elmostrador.cl\/media\/2022\/03\/DJI_0414-scaled.jpg\" alt=\"\" class=\"wp-image-1752758\"\/><\/figure>\n\n\n\n<p>Varios trabajos cient\u00edficos e institucionales han generado mapas que tratan de representar espacialmente esta diversidad propia de la Patagonia, siendo uno de los productos m\u00e1s completos el Inventario Forestal de CONAF. Sin embargo, este tiene un enfoque forestal y el m\u00e1s reciente es del a\u00f1o 2011, y s\u00f3lo considera la Patagonia chilena. Otros trabajos globales han mapeado toda la Patagonia (chilena- argentina), pero han simplificado el paisaje a unas pocas coberturas terrestres, lo cual no hace justicia a la diversidad de esta gran ecorregi\u00f3n.<\/p>\n\n\n\n<p>Por lo tanto, en la l\u00ednea de Ecolog\u00eda del Paisaje del Centro de Investigaci\u00f3n en Ecosistemas de la Patagonia (CIEP), liderado por \u00c1ngela Hern\u00e1ndez, desde el a\u00f1o 2017 se viene haciendo un esfuerzo por mapear detalladamente la Patagonia. Este trabajo empez\u00f3 con un mapeo piloto de la Provincia de Coyhaique (Regi\u00f3n de Ays\u00e9n), financiado por un proyecto FONDECYT hasta el a\u00f1o 2020, a trav\u00e9s del cual se logr\u00f3 identificar 18 clases de cobertura terrestre para tres \u00e9pocas distintas con im\u00e1genes satelitales.<ins>https:\/\/googleads.g.doubleclick.net\/pagead\/ads?client=ca-pub-9149990706879464&amp;output=html&amp;h=280&amp;adk=243083323&amp;adf=1447914347&amp;pi=t.aa~a.43365516~i.12~rp.4&amp;w=673&amp;fwrn=4&amp;fwrnh=100&amp;lmt=1648867724&amp;num_ads=1&amp;rafmt=1&amp;armr=3&amp;sem=mc&amp;pwprc=3675798591&amp;psa=0&amp;ad_type=text_image&amp;format=673&#215;280&amp;url=https%3A%2F%2Fwww.elmostrador.cl%2Fdia%2F2022%2F04%2F01%2Fpor-primera-vez-se-realiza-mapeo-detallado-de-toda-la-ecorregion-de-la-patagonia%2F&amp;fwr=0&amp;pra=3&amp;rh=168&amp;rw=672&amp;rpe=1&amp;resp_fmts=3&amp;wgl=1&amp;fa=27&amp;uach=WyJXaW5kb3dzIiwiMC4wLjAiLCJ4ODYiLCIiLCI5OS4wLjQ4NDQuODQiLFtdLG51bGwsbnVsbCwiNjQiLFtbIiBOb3QgQTtCcmFuZCIsIjk5LjAuMC4wIl0sWyJDaHJvbWl1bSIsIjk5LjAuNDg0NC44NCJdLFsiR29vZ2xlIENocm9tZSIsIjk5LjAuNDg0NC44NCJdXSxmYWxzZV0.&amp;tt_state=W3siaXNzdWVyT3JpZ2luIjoiaHR0cHM6Ly9wYWdlYWQyLmdvb2dsZXN5bmRpY2F0aW9uLmNvbSIsInN0YXRlIjoyOSwiaGFzUmVkZW1wdGlvblJlY29yZCI6dHJ1ZX1d&amp;dt=1648867712235&amp;bpp=14&amp;bdt=26876&amp;idt=14&amp;shv=r20220330&amp;mjsv=m202203280101&amp;ptt=9&amp;saldr=aa&amp;abxe=1&amp;cookie=ID%3D01de310b1ba958f2-2270e41de47b00c3%3AT%3D1648867704%3ART%3D1648867710%3AS%3DALNI_MYy5-x6hgZ9qd5CdUPoqOQPgxSYvA&amp;prev_fmts=0x0%2C673x280%2C300x240&amp;nras=4&amp;correlator=8316493916097&amp;frm=20&amp;pv=1&amp;ga_vid=218339613.1648867706&amp;ga_sid=1648867706&amp;ga_hid=1228021677&amp;ga_fc=1&amp;u_tz=-180&amp;u_his=1&amp;u_h=768&amp;u_w=1366&amp;u_ah=728&amp;u_aw=1366&amp;u_cd=24&amp;u_sd=1&amp;dmc=4&amp;adx=257&amp;ady=2608&amp;biw=1349&amp;bih=600&amp;scr_x=0&amp;scr_y=300&amp;eid=44759876%2C44759927%2C44759842%2C31065544%2C31065971%2C21067496&amp;oid=2&amp;psts=AGkb-H-KxFxjNj-QYbybtoQ45nU70YWNdel6IxqDkr8__BSnmvYnyI4WKULiKTKNPMpoxnvqkSLA8wOJvgeiPOT6ZA&amp;pvsid=4290106852890909&amp;pem=870&amp;tmod=1587322018&amp;uas=0&amp;nvt=1&amp;ref=https%3A%2F%2Fwww.google.com%2F&amp;eae=0&amp;fc=384&amp;brdim=0%2C0%2C0%2C0%2C1366%2C0%2C1366%2C728%2C1366%2C600&amp;vis=1&amp;rsz=%7C%7Cs%7C&amp;abl=NS&amp;fu=128&amp;bc=31&amp;ifi=25&amp;uci=a!p&amp;btvi=3&amp;fsb=1&amp;xpc=E2z4mtQZgz&amp;p=https%3A\/\/www.elmostrador.cl&amp;dtd=12273<\/ins><\/p>\n\n\n\n<p>Posteriormente, a trav\u00e9s de un proyecto CONICYT I+D Ciencia y Territorio, se intent\u00f3 mejorar la resoluci\u00f3n espacial con el uso de drones, si bien, fue una herramienta muy relevante para obtener alto detalle y precisi\u00f3n, fue \u00fatil para mapear paisajes peque\u00f1os, pero no es \u00f3ptimo para grandes superficies.<\/p>\n\n\n\n<figure class=\"wp-block-image\"><img decoding=\"async\" src=\"https:\/\/www.elmostrador.cl\/media\/2022\/03\/20220308_114945-scaled.jpg\" alt=\"\" class=\"wp-image-1752760\"\/><\/figure>\n\n\n\n<p>Por lo tanto, con la experiencia ganada, y con el soporte del proyecto basal ANID &#8211; PATSER (Ecosystem, climate change and socio-environmental linkages along the continental-ocean continuum. Long-term socio-ecological research in Patagonia), se aplicaron las dos experiencias previas y el r\u00e1pido avance computacional, para proponer un mapeo de toda la ecorregi\u00f3n de la Patagonia usando algoritmos de inteligencia artificial para generar un gran mosaico de im\u00e1genes satelitales libre de nubes, y a partir de esto construir un mapa altamente detallado.<\/p>\n\n\n\n<p>Actualmente el producto est\u00e1 en una etapa de validaci\u00f3n, inicialmente en la regi\u00f3n de Ays\u00e9n, desde Lago Verde hasta Villa O\u2019Higgins y desde la estepa hasta los fiordos, usando como instrumentos drones para obtener informaci\u00f3n de lugares inaccesibles y georreferencia con m\u00faltiples puntos GPS en lugares d\u00f3nde se puede acceder f\u00e1cilmente. Posteriormente, se realizar\u00e1 validaci\u00f3n en el lado argentino.<\/p>\n\n\n\n<p>\u201cCon este trabajo esperamos llegar a una clasificaci\u00f3n altamente detallada que incluya por lo menos 3 niveles de informaci\u00f3n, donde el nivel m\u00e1s detallado tendr\u00e1 m\u00e1s de 50 tipos de coberturas terrestres. Este es un trabajo \u00fanico de alto costo y con alta dedicaci\u00f3n, del cual esperamos obtener un primer producto en el transcurso del a\u00f1o y validarlo con pares internacionales, para garantizar un producto de calidad que incluso pueda ser usado por los distintos tomadores de decisiones\u201d, especific\u00f3 Hern\u00e1ndez.<\/p>\n\n\n\n<p>Junto con la necesidad de crear esta l\u00ednea base de la variedad de paisajes y sus coberturas que posee la Patagonia, un segundo objetivo es evaluar la capacidad del paisaje para realizar m\u00faltiples funciones ecol\u00f3gicas, por ejemplo, el almacenamiento de agua, nutrientes del suelo, almacenamiento de carbono entre otros. Es necesario comparar la capacidad funcional de \u00e1reas en estado pr\u00edstino en relaci\u00f3n a aquellas que a\u00fan poseen los vestigios de los grandes incendios hist\u00f3ricos, muy contrastantes en sus coberturas, lo que permite cuantificar y dilucidar el impacto ecol\u00f3gico que esto conlleva.<\/p>\n\n\n\n<p>Fuente: https:\/\/www.elmostrador.cl\/dia\/2022\/04\/01\/por-primera-vez-se-realiza-mapeo-detallado-de-toda-la-ecorregion-de-la-patagonia\/<\/p>\n","protected":false},"excerpt":{"rendered":"","protected":false},"author":6,"featured_media":75616,"comment_status":"open","ping_status":"open","sticky":false,"template":"","format":"standard","meta":{"site-sidebar-layout":"default","site-content-layout":"","ast-site-content-layout":"default","site-content-style":"default","site-sidebar-style":"default","ast-global-header-display":"","ast-banner-title-visibility":"","ast-main-header-display":"","ast-hfb-above-header-display":"","ast-hfb-below-header-display":"","ast-hfb-mobile-header-display":"","site-post-title":"","ast-breadcrumbs-content":"","ast-featured-img":"","footer-sml-layout":"","ast-disable-related-posts":"","theme-transparent-header-meta":"","adv-header-id-meta":"","stick-header-meta":"","header-above-stick-meta":"","header-main-stick-meta":"","header-below-stick-meta":"","astra-migrate-meta-layouts":"default","ast-page-background-enabled":"default","ast-page-background-meta":{"desktop":{"background-color":"var(--ast-global-color-5)","background-image":"","background-repeat":"repeat","background-position":"center center","background-size":"auto","background-attachment":"scroll","background-type":"","background-media":"","overlay-type":"","overlay-color":"","overlay-opacity":"","overlay-gradient":""},"tablet":{"background-color":"","background-image":"","background-repeat":"repeat","background-position":"center center","background-size":"auto","background-attachment":"scroll","background-type":"","background-media":"","overlay-type":"","overlay-color":"","overlay-opacity":"","overlay-gradient":""},"mobile":{"background-color":"","background-image":"","background-repeat":"repeat","background-position":"center center","background-size":"auto","background-attachment":"scroll","background-type":"","background-media":"","overlay-type":"","overlay-color":"","overlay-opacity":"","overlay-gradient":""}},"ast-content-background-meta":{"desktop":{"background-color":"var(--ast-global-color-4)","background-image":"","background-repeat":"repeat","background-position":"center center","background-size":"auto","background-attachment":"scroll","background-type":"","background-media":"","overlay-type":"","overlay-color":"","overlay-opacity":"","overlay-gradient":""},"tablet":{"background-color":"var(--ast-global-color-4)","background-image":"","background-repeat":"repeat","background-position":"center center","background-size":"auto","background-attachment":"scroll","background-type":"","background-media":"","overlay-type":"","overlay-color":"","overlay-opacity":"","overlay-gradient":""},"mobile":{"background-color":"var(--ast-global-color-4)","background-image":"","background-repeat":"repeat","background-position":"center center","background-size":"auto","background-attachment":"scroll","background-type":"","background-media":"","overlay-type":"","overlay-color":"","overlay-opacity":"","overlay-gradient":""}},"footnotes":""},"categories":[23,1],"tags":[],"class_list":["post-75615","post","type-post","status-publish","format-standard","has-post-thumbnail","hentry","category-internacionales","category-noticias"],"yoast_head":"<!-- This site is optimized with the Yoast SEO Premium plugin v23.0 (Yoast SEO v27.4) - https:\/\/yoast.com\/product\/yoast-seo-premium-wordpress\/ -->\n<title>Por primera vez se realiza mapeo detallado de toda la ecorregi\u00f3n de la Patagonia<\/title>\n<meta name=\"robots\" content=\"index, follow, max-snippet:-1, max-image-preview:large, max-video-preview:-1\" \/>\n<link rel=\"canonical\" href=\"https:\/\/patagoniambiental.com.ar\/info\/por-primera-vez-se-realiza-mapeo-detallado-de-toda-la-ecorregion-de-la-patagonia\/\" \/>\n<meta property=\"og:locale\" content=\"es_ES\" \/>\n<meta property=\"og:type\" content=\"article\" \/>\n<meta property=\"og:title\" content=\"Por primera vez se realiza mapeo detallado de toda la ecorregi\u00f3n de la Patagonia\" \/>\n<meta property=\"og:url\" content=\"https:\/\/patagoniambiental.com.ar\/info\/por-primera-vez-se-realiza-mapeo-detallado-de-toda-la-ecorregion-de-la-patagonia\/\" \/>\n<meta property=\"og:site_name\" content=\"Patagonia Ambiental\" \/>\n<meta property=\"article:publisher\" content=\"https:\/\/www.facebook.com\/patagonia.ambiental\" \/>\n<meta property=\"article:published_time\" content=\"2022-04-03T10:00:00+00:00\" \/>\n<meta property=\"og:image\" content=\"https:\/\/patagoniambiental.com.ar\/info\/wp-content\/uploads\/2022\/04\/DJI_0259-700x394-1.jpg\" \/>\n\t<meta property=\"og:image:width\" content=\"700\" \/>\n\t<meta property=\"og:image:height\" content=\"394\" \/>\n\t<meta property=\"og:image:type\" content=\"image\/jpeg\" \/>\n<meta name=\"author\" content=\"BRAIAN ESTEVEZ\" \/>\n<meta name=\"twitter:card\" content=\"summary_large_image\" \/>\n<meta name=\"twitter:creator\" content=\"@PatAmb\" \/>\n<meta name=\"twitter:site\" content=\"@PatAmb\" \/>\n<script type=\"application\/ld+json\" class=\"yoast-schema-graph\">{\"@context\":\"https:\\\/\\\/schema.org\",\"@graph\":[{\"@type\":\"Article\",\"@id\":\"https:\\\/\\\/patagoniambiental.com.ar\\\/info\\\/por-primera-vez-se-realiza-mapeo-detallado-de-toda-la-ecorregion-de-la-patagonia\\\/#article\",\"isPartOf\":{\"@id\":\"https:\\\/\\\/patagoniambiental.com.ar\\\/info\\\/por-primera-vez-se-realiza-mapeo-detallado-de-toda-la-ecorregion-de-la-patagonia\\\/\"},\"author\":{\"name\":\"BRAIAN ESTEVEZ\",\"@id\":\"https:\\\/\\\/patagoniambiental.com.ar\\\/info\\\/#\\\/schema\\\/person\\\/e5af09d700b2e82cb10c6b8800e0c691\"},\"headline\":\"Por primera vez se realiza mapeo detallado de toda la ecorregi\u00f3n de la Patagonia\",\"datePublished\":\"2022-04-03T10:00:00+00:00\",\"mainEntityOfPage\":{\"@id\":\"https:\\\/\\\/patagoniambiental.com.ar\\\/info\\\/por-primera-vez-se-realiza-mapeo-detallado-de-toda-la-ecorregion-de-la-patagonia\\\/\"},\"wordCount\":1526,\"commentCount\":0,\"publisher\":{\"@id\":\"https:\\\/\\\/patagoniambiental.com.ar\\\/info\\\/#organization\"},\"image\":{\"@id\":\"https:\\\/\\\/patagoniambiental.com.ar\\\/info\\\/por-primera-vez-se-realiza-mapeo-detallado-de-toda-la-ecorregion-de-la-patagonia\\\/#primaryimage\"},\"thumbnailUrl\":\"https:\\\/\\\/patagoniambiental.com.ar\\\/info\\\/wp-content\\\/uploads\\\/2022\\\/04\\\/DJI_0259-700x394-1.jpg\",\"articleSection\":[\"Internacionales\",\"Noticias\"],\"inLanguage\":\"es\",\"potentialAction\":[{\"@type\":\"CommentAction\",\"name\":\"Comment\",\"target\":[\"https:\\\/\\\/patagoniambiental.com.ar\\\/info\\\/por-primera-vez-se-realiza-mapeo-detallado-de-toda-la-ecorregion-de-la-patagonia\\\/#respond\"]}]},{\"@type\":\"WebPage\",\"@id\":\"https:\\\/\\\/patagoniambiental.com.ar\\\/info\\\/por-primera-vez-se-realiza-mapeo-detallado-de-toda-la-ecorregion-de-la-patagonia\\\/\",\"url\":\"https:\\\/\\\/patagoniambiental.com.ar\\\/info\\\/por-primera-vez-se-realiza-mapeo-detallado-de-toda-la-ecorregion-de-la-patagonia\\\/\",\"name\":\"Por primera vez se realiza mapeo detallado de toda la ecorregi\u00f3n de la Patagonia\",\"isPartOf\":{\"@id\":\"https:\\\/\\\/patagoniambiental.com.ar\\\/info\\\/#website\"},\"primaryImageOfPage\":{\"@id\":\"https:\\\/\\\/patagoniambiental.com.ar\\\/info\\\/por-primera-vez-se-realiza-mapeo-detallado-de-toda-la-ecorregion-de-la-patagonia\\\/#primaryimage\"},\"image\":{\"@id\":\"https:\\\/\\\/patagoniambiental.com.ar\\\/info\\\/por-primera-vez-se-realiza-mapeo-detallado-de-toda-la-ecorregion-de-la-patagonia\\\/#primaryimage\"},\"thumbnailUrl\":\"https:\\\/\\\/patagoniambiental.com.ar\\\/info\\\/wp-content\\\/uploads\\\/2022\\\/04\\\/DJI_0259-700x394-1.jpg\",\"datePublished\":\"2022-04-03T10:00:00+00:00\",\"breadcrumb\":{\"@id\":\"https:\\\/\\\/patagoniambiental.com.ar\\\/info\\\/por-primera-vez-se-realiza-mapeo-detallado-de-toda-la-ecorregion-de-la-patagonia\\\/#breadcrumb\"},\"inLanguage\":\"es\",\"potentialAction\":[{\"@type\":\"ReadAction\",\"target\":[\"https:\\\/\\\/patagoniambiental.com.ar\\\/info\\\/por-primera-vez-se-realiza-mapeo-detallado-de-toda-la-ecorregion-de-la-patagonia\\\/\"]}]},{\"@type\":\"ImageObject\",\"inLanguage\":\"es\",\"@id\":\"https:\\\/\\\/patagoniambiental.com.ar\\\/info\\\/por-primera-vez-se-realiza-mapeo-detallado-de-toda-la-ecorregion-de-la-patagonia\\\/#primaryimage\",\"url\":\"https:\\\/\\\/patagoniambiental.com.ar\\\/info\\\/wp-content\\\/uploads\\\/2022\\\/04\\\/DJI_0259-700x394-1.jpg\",\"contentUrl\":\"https:\\\/\\\/patagoniambiental.com.ar\\\/info\\\/wp-content\\\/uploads\\\/2022\\\/04\\\/DJI_0259-700x394-1.jpg\",\"width\":700,\"height\":394},{\"@type\":\"BreadcrumbList\",\"@id\":\"https:\\\/\\\/patagoniambiental.com.ar\\\/info\\\/por-primera-vez-se-realiza-mapeo-detallado-de-toda-la-ecorregion-de-la-patagonia\\\/#breadcrumb\",\"itemListElement\":[{\"@type\":\"ListItem\",\"position\":1,\"name\":\"Inicio\",\"item\":\"https:\\\/\\\/patagoniambiental.com.ar\\\/info\\\/\"},{\"@type\":\"ListItem\",\"position\":2,\"name\":\"Por primera vez se realiza mapeo detallado de toda la ecorregi\u00f3n de la Patagonia\"}]},{\"@type\":\"WebSite\",\"@id\":\"https:\\\/\\\/patagoniambiental.com.ar\\\/info\\\/#website\",\"url\":\"https:\\\/\\\/patagoniambiental.com.ar\\\/info\\\/\",\"name\":\"Patagonia Ambiental\",\"description\":\"Monitoreo y an\u00e1lisis de la situaci\u00f3n geopol\u00edtica en el mundo y su implicancia en la Patagonia\",\"publisher\":{\"@id\":\"https:\\\/\\\/patagoniambiental.com.ar\\\/info\\\/#organization\"},\"potentialAction\":[{\"@type\":\"SearchAction\",\"target\":{\"@type\":\"EntryPoint\",\"urlTemplate\":\"https:\\\/\\\/patagoniambiental.com.ar\\\/info\\\/?s={search_term_string}\"},\"query-input\":{\"@type\":\"PropertyValueSpecification\",\"valueRequired\":true,\"valueName\":\"search_term_string\"}}],\"inLanguage\":\"es\"},{\"@type\":\"Organization\",\"@id\":\"https:\\\/\\\/patagoniambiental.com.ar\\\/info\\\/#organization\",\"name\":\"Patagonia Ambiental\",\"url\":\"https:\\\/\\\/patagoniambiental.com.ar\\\/info\\\/\",\"logo\":{\"@type\":\"ImageObject\",\"inLanguage\":\"es\",\"@id\":\"https:\\\/\\\/patagoniambiental.com.ar\\\/info\\\/#\\\/schema\\\/logo\\\/image\\\/\",\"url\":\"https:\\\/\\\/patagoniambiental.com.ar\\\/info\\\/wp-content\\\/uploads\\\/2025\\\/05\\\/LOGO-PATAGONIA-AMBIENTAL.png\",\"contentUrl\":\"https:\\\/\\\/patagoniambiental.com.ar\\\/info\\\/wp-content\\\/uploads\\\/2025\\\/05\\\/LOGO-PATAGONIA-AMBIENTAL.png\",\"width\":433,\"height\":250,\"caption\":\"Patagonia Ambiental\"},\"image\":{\"@id\":\"https:\\\/\\\/patagoniambiental.com.ar\\\/info\\\/#\\\/schema\\\/logo\\\/image\\\/\"},\"sameAs\":[\"https:\\\/\\\/www.facebook.com\\\/patagonia.ambiental\",\"https:\\\/\\\/x.com\\\/PatAmb\"]},{\"@type\":\"Person\",\"@id\":\"https:\\\/\\\/patagoniambiental.com.ar\\\/info\\\/#\\\/schema\\\/person\\\/e5af09d700b2e82cb10c6b8800e0c691\",\"name\":\"BRAIAN ESTEVEZ\",\"sameAs\":[\"http:\\\/\\\/www.patagoniambiental.com.ar\"]}]}<\/script>\n<!-- \/ Yoast SEO Premium plugin. -->","yoast_head_json":{"title":"Por primera vez se realiza mapeo detallado de toda la ecorregi\u00f3n de la Patagonia","robots":{"index":"index","follow":"follow","max-snippet":"max-snippet:-1","max-image-preview":"max-image-preview:large","max-video-preview":"max-video-preview:-1"},"canonical":"https:\/\/patagoniambiental.com.ar\/info\/por-primera-vez-se-realiza-mapeo-detallado-de-toda-la-ecorregion-de-la-patagonia\/","og_locale":"es_ES","og_type":"article","og_title":"Por primera vez se realiza mapeo detallado de toda la ecorregi\u00f3n de la Patagonia","og_url":"https:\/\/patagoniambiental.com.ar\/info\/por-primera-vez-se-realiza-mapeo-detallado-de-toda-la-ecorregion-de-la-patagonia\/","og_site_name":"Patagonia Ambiental","article_publisher":"https:\/\/www.facebook.com\/patagonia.ambiental","article_published_time":"2022-04-03T10:00:00+00:00","og_image":[{"width":700,"height":394,"url":"https:\/\/patagoniambiental.com.ar\/info\/wp-content\/uploads\/2022\/04\/DJI_0259-700x394-1.jpg","type":"image\/jpeg"}],"author":"BRAIAN ESTEVEZ","twitter_card":"summary_large_image","twitter_creator":"@PatAmb","twitter_site":"@PatAmb","schema":{"@context":"https:\/\/schema.org","@graph":[{"@type":"Article","@id":"https:\/\/patagoniambiental.com.ar\/info\/por-primera-vez-se-realiza-mapeo-detallado-de-toda-la-ecorregion-de-la-patagonia\/#article","isPartOf":{"@id":"https:\/\/patagoniambiental.com.ar\/info\/por-primera-vez-se-realiza-mapeo-detallado-de-toda-la-ecorregion-de-la-patagonia\/"},"author":{"name":"BRAIAN ESTEVEZ","@id":"https:\/\/patagoniambiental.com.ar\/info\/#\/schema\/person\/e5af09d700b2e82cb10c6b8800e0c691"},"headline":"Por primera vez se realiza mapeo detallado de toda la ecorregi\u00f3n de la Patagonia","datePublished":"2022-04-03T10:00:00+00:00","mainEntityOfPage":{"@id":"https:\/\/patagoniambiental.com.ar\/info\/por-primera-vez-se-realiza-mapeo-detallado-de-toda-la-ecorregion-de-la-patagonia\/"},"wordCount":1526,"commentCount":0,"publisher":{"@id":"https:\/\/patagoniambiental.com.ar\/info\/#organization"},"image":{"@id":"https:\/\/patagoniambiental.com.ar\/info\/por-primera-vez-se-realiza-mapeo-detallado-de-toda-la-ecorregion-de-la-patagonia\/#primaryimage"},"thumbnailUrl":"https:\/\/patagoniambiental.com.ar\/info\/wp-content\/uploads\/2022\/04\/DJI_0259-700x394-1.jpg","articleSection":["Internacionales","Noticias"],"inLanguage":"es","potentialAction":[{"@type":"CommentAction","name":"Comment","target":["https:\/\/patagoniambiental.com.ar\/info\/por-primera-vez-se-realiza-mapeo-detallado-de-toda-la-ecorregion-de-la-patagonia\/#respond"]}]},{"@type":"WebPage","@id":"https:\/\/patagoniambiental.com.ar\/info\/por-primera-vez-se-realiza-mapeo-detallado-de-toda-la-ecorregion-de-la-patagonia\/","url":"https:\/\/patagoniambiental.com.ar\/info\/por-primera-vez-se-realiza-mapeo-detallado-de-toda-la-ecorregion-de-la-patagonia\/","name":"Por primera vez se realiza mapeo detallado de toda la ecorregi\u00f3n de la Patagonia","isPartOf":{"@id":"https:\/\/patagoniambiental.com.ar\/info\/#website"},"primaryImageOfPage":{"@id":"https:\/\/patagoniambiental.com.ar\/info\/por-primera-vez-se-realiza-mapeo-detallado-de-toda-la-ecorregion-de-la-patagonia\/#primaryimage"},"image":{"@id":"https:\/\/patagoniambiental.com.ar\/info\/por-primera-vez-se-realiza-mapeo-detallado-de-toda-la-ecorregion-de-la-patagonia\/#primaryimage"},"thumbnailUrl":"https:\/\/patagoniambiental.com.ar\/info\/wp-content\/uploads\/2022\/04\/DJI_0259-700x394-1.jpg","datePublished":"2022-04-03T10:00:00+00:00","breadcrumb":{"@id":"https:\/\/patagoniambiental.com.ar\/info\/por-primera-vez-se-realiza-mapeo-detallado-de-toda-la-ecorregion-de-la-patagonia\/#breadcrumb"},"inLanguage":"es","potentialAction":[{"@type":"ReadAction","target":["https:\/\/patagoniambiental.com.ar\/info\/por-primera-vez-se-realiza-mapeo-detallado-de-toda-la-ecorregion-de-la-patagonia\/"]}]},{"@type":"ImageObject","inLanguage":"es","@id":"https:\/\/patagoniambiental.com.ar\/info\/por-primera-vez-se-realiza-mapeo-detallado-de-toda-la-ecorregion-de-la-patagonia\/#primaryimage","url":"https:\/\/patagoniambiental.com.ar\/info\/wp-content\/uploads\/2022\/04\/DJI_0259-700x394-1.jpg","contentUrl":"https:\/\/patagoniambiental.com.ar\/info\/wp-content\/uploads\/2022\/04\/DJI_0259-700x394-1.jpg","width":700,"height":394},{"@type":"BreadcrumbList","@id":"https:\/\/patagoniambiental.com.ar\/info\/por-primera-vez-se-realiza-mapeo-detallado-de-toda-la-ecorregion-de-la-patagonia\/#breadcrumb","itemListElement":[{"@type":"ListItem","position":1,"name":"Inicio","item":"https:\/\/patagoniambiental.com.ar\/info\/"},{"@type":"ListItem","position":2,"name":"Por primera vez se realiza mapeo detallado de toda la ecorregi\u00f3n de la Patagonia"}]},{"@type":"WebSite","@id":"https:\/\/patagoniambiental.com.ar\/info\/#website","url":"https:\/\/patagoniambiental.com.ar\/info\/","name":"Patagonia Ambiental","description":"Monitoreo y an\u00e1lisis de la situaci\u00f3n geopol\u00edtica en el mundo y su implicancia en la Patagonia","publisher":{"@id":"https:\/\/patagoniambiental.com.ar\/info\/#organization"},"potentialAction":[{"@type":"SearchAction","target":{"@type":"EntryPoint","urlTemplate":"https:\/\/patagoniambiental.com.ar\/info\/?s={search_term_string}"},"query-input":{"@type":"PropertyValueSpecification","valueRequired":true,"valueName":"search_term_string"}}],"inLanguage":"es"},{"@type":"Organization","@id":"https:\/\/patagoniambiental.com.ar\/info\/#organization","name":"Patagonia Ambiental","url":"https:\/\/patagoniambiental.com.ar\/info\/","logo":{"@type":"ImageObject","inLanguage":"es","@id":"https:\/\/patagoniambiental.com.ar\/info\/#\/schema\/logo\/image\/","url":"https:\/\/patagoniambiental.com.ar\/info\/wp-content\/uploads\/2025\/05\/LOGO-PATAGONIA-AMBIENTAL.png","contentUrl":"https:\/\/patagoniambiental.com.ar\/info\/wp-content\/uploads\/2025\/05\/LOGO-PATAGONIA-AMBIENTAL.png","width":433,"height":250,"caption":"Patagonia Ambiental"},"image":{"@id":"https:\/\/patagoniambiental.com.ar\/info\/#\/schema\/logo\/image\/"},"sameAs":["https:\/\/www.facebook.com\/patagonia.ambiental","https:\/\/x.com\/PatAmb"]},{"@type":"Person","@id":"https:\/\/patagoniambiental.com.ar\/info\/#\/schema\/person\/e5af09d700b2e82cb10c6b8800e0c691","name":"BRAIAN ESTEVEZ","sameAs":["http:\/\/www.patagoniambiental.com.ar"]}]}},"_links":{"self":[{"href":"https:\/\/patagoniambiental.com.ar\/info\/wp-json\/wp\/v2\/posts\/75615","targetHints":{"allow":["GET"]}}],"collection":[{"href":"https:\/\/patagoniambiental.com.ar\/info\/wp-json\/wp\/v2\/posts"}],"about":[{"href":"https:\/\/patagoniambiental.com.ar\/info\/wp-json\/wp\/v2\/types\/post"}],"author":[{"embeddable":true,"href":"https:\/\/patagoniambiental.com.ar\/info\/wp-json\/wp\/v2\/users\/6"}],"replies":[{"embeddable":true,"href":"https:\/\/patagoniambiental.com.ar\/info\/wp-json\/wp\/v2\/comments?post=75615"}],"version-history":[{"count":0,"href":"https:\/\/patagoniambiental.com.ar\/info\/wp-json\/wp\/v2\/posts\/75615\/revisions"}],"wp:featuredmedia":[{"embeddable":true,"href":"https:\/\/patagoniambiental.com.ar\/info\/wp-json\/wp\/v2\/media\/75616"}],"wp:attachment":[{"href":"https:\/\/patagoniambiental.com.ar\/info\/wp-json\/wp\/v2\/media?parent=75615"}],"wp:term":[{"taxonomy":"category","embeddable":true,"href":"https:\/\/patagoniambiental.com.ar\/info\/wp-json\/wp\/v2\/categories?post=75615"},{"taxonomy":"post_tag","embeddable":true,"href":"https:\/\/patagoniambiental.com.ar\/info\/wp-json\/wp\/v2\/tags?post=75615"}],"curies":[{"name":"wp","href":"https:\/\/api.w.org\/{rel}","templated":true}]}}