{"id":75618,"date":"2022-04-03T19:00:00","date_gmt":"2022-04-03T22:00:00","guid":{"rendered":"http:\/\/patagoniambiental.com.ar\/info\/?p=75618"},"modified":"2022-04-01T23:57:05","modified_gmt":"2022-04-02T02:57:05","slug":"se-financiaran-siete-iniciativas-para-producir-conocimiento-en-torno-a-malvinas-antartida-y-atlantico-sur","status":"publish","type":"post","link":"https:\/\/patagoniambiental.com.ar\/info\/se-financiaran-siete-iniciativas-para-producir-conocimiento-en-torno-a-malvinas-antartida-y-atlantico-sur\/","title":{"rendered":"Se financiar\u00e1n siete iniciativas para producir conocimiento en torno a Malvinas, Ant\u00e1rtida y Atl\u00e1ntico Sur"},"content":{"rendered":"\n<!--more-->\n\n\n\n<p>Se trata de una inversi\u00f3n de $24.975.000 aportados por la Agencia I+D+i. El anuncio de los proyectos seleccionados fue realizado en Ushuaia por el ministro de Ciencia, Tecnolog\u00eda e Innovaci\u00f3n de la Naci\u00f3n, Daniel Filmus.<\/p>\n\n\n\n<p>Compartir en<br>redes sociales<\/p>\n\n\n\n<ul class=\"wp-block-list\"><li><a href=\"https:\/\/www.facebook.com\/sharer\/sharer.php?u=https%3A%2F%2Fwww.argentina.gob.ar%2Fnoticias%2Fse-financiaran-siete-iniciativas-para-producir-conocimiento-en-torno-malvinas-antartida-y&amp;title=Se+financiar%C3%A1n+siete+iniciativas+para+producir+conocimiento+en+torno+a+Malvinas%2C+Ant%C3%A1rtida+y+Atl%C3%A1ntico+Sur\" target=\"_blank\" rel=\"noreferrer noopener\">Compartir en Facebook<\/a><\/li><li><a href=\"https:\/\/twitter.com\/share?url=https:\/\/www.argentina.gob.ar\/noticias\/se-financiaran-siete-iniciativas-para-producir-conocimiento-en-torno-malvinas-antartida-y&amp;text=Se%20financiar%C3%A1n%20siete%20iniciativas%20para%20producir%20conocimiento%20en%20torno%20a%20Malvinas,%20Ant%C3%A1rtida%20y%20Atl%C3%A1ntico%20Sur\" target=\"_blank\" rel=\"noreferrer noopener\">Compartir en Twitter<\/a><\/li><li><a href=\"https:\/\/www.linkedin.com\/shareArticle?mini=true&amp;url=https%3A%2F%2Fwww.argentina.gob.ar%2Fnoticias%2Fse-financiaran-siete-iniciativas-para-producir-conocimiento-en-torno-malvinas-antartida-y\" target=\"_blank\" rel=\"noreferrer noopener\">Compartir en Linkedin<\/a><\/li><li><a href=\"https:\/\/web.whatsapp.com\/send?text=https%3A%2F%2Fwww.argentina.gob.ar%2Fnoticias%2Fse-financiaran-siete-iniciativas-para-producir-conocimiento-en-torno-malvinas-antartida-y&amp;title=Se+financiar%C3%A1n+siete+iniciativas+para+producir+conocimiento+en+torno+a+Malvinas%2C+Ant%C3%A1rtida+y+Atl%C3%A1ntico+Sur\" target=\"_blank\" rel=\"noreferrer noopener\">Compartir en Whatsapp<\/a><\/li><li><a href=\"https:\/\/t.me\/share\/url?url=https%3A%2F%2Fwww.argentina.gob.ar%2Fnoticias%2Fse-financiaran-siete-iniciativas-para-producir-conocimiento-en-torno-malvinas-antartida-y&amp;text=Se%20financiar%C3%A1n%20siete%20iniciativas%20para%20producir%20conocimiento%20en%20torno%20a%20Malvinas,%20Ant%C3%A1rtida%20y%20Atl%C3%A1ntico%20Sur\" target=\"_blank\" rel=\"noreferrer noopener\">Compartir en Telegram<\/a><\/li><\/ul>\n\n\n\n<p>Publicado el viernes 01 de abril de 2022<\/p>\n\n\n\n<hr class=\"wp-block-separator\"\/>\n\n\n\n<p>La convocatoria PICTO Malvinas, Ant\u00e1rtida y Atl\u00e1ntico Sur es un instrumento de promoci\u00f3n de proyectos cient\u00edfico-tecnol\u00f3gicos que aporten a la defensa de los derechos soberanos argentinos dise\u00f1ado por la Agencia Nacional de Promoci\u00f3n de la Investigaci\u00f3n, el Desarrollo Tecnol\u00f3gico y la Innovaci\u00f3n (Agencia I+D+i) y la Secretar\u00eda de Malvinas, Ant\u00e1rtida y Atl\u00e1ntico Sur. Hab\u00eda sido abierta en agosto de 2021 a partir de una iniciativa conjunta del entonces secretario de Malvinas, Ant\u00e1rtida y Atl\u00e1ntico Sur y actual ministro de Ciencia, Tecnolog\u00eda e Innovaci\u00f3n de la Naci\u00f3n, Daniel Filmus, y el presidente de la Agencia I+D+i, Fernando Peirano.<\/p>\n\n\n\n<p>En la ciudad de Ushuaia, Tierra del Fuego, Filmus anunci\u00f3 al conjunto de las propuestas que ser\u00e1n financiadas y se reuni\u00f3 con Ricardo Andr\u00e9s Fr\u00edas, responsable del equipo conformado por profesionales de la Universidad Nacional de Tierra del Fuego, la Universidad Abierta Interamericana, la Universidad de la Defensa Nacional, la Universidad Nacional de C\u00f3rdoba, la Universidad de la Marina Mercante y la Universidad del Salvador que lleva a adelante el proyecto. A prop\u00f3sito, el ministro destac\u00f3 que desde el MINCyT&nbsp;<em>\u201cen conjunto con la Secretar\u00eda de Malvinas, Ant\u00e1rtida y Atl\u00e1ntico Sur y la Agencia I+D+i, lanzamos la convocatoria PICTO exclusivamente para Malvinas, Ant\u00e1rtida y Atl\u00e1ntico Sur donde ya est\u00e1n seleccionados los siete proyectos ganadores que se van a financiar. En el a\u00f1o 2014 hab\u00edamos comenzado un conjunto de redes y de apoyos y de m\u00e1s de 70 investigaciones, que luego no se continuaron y que con este gobierno estamos recuperando como estamos recuperando la fuerza del reclamo por Malvinas. El acto de hoy tiene el sentido de rendir homenaje a los que combatieron, a los que lucharon, a los que quedaron all\u00ed, a los que volvieron. Todo nuestro reconcomiendo y nuestra memoria activa para ellos. El mejor homenaje que les podemos rendir es construir todos los d\u00edas el camino de la soberan\u00eda para que vuelva a flamear la bandera argentina en Malvinas\u201d.<\/em><\/p>\n\n\n\n<p>Por su parte, el presidente de la Agencia I+D+i, Fernando Peirano, se\u00f1al\u00f3 que este instrumento permite, desde la promoci\u00f3n cient\u00edfica y tecnol\u00f3gica, honrar la memoria de los veteranos y de los ca\u00eddos en la guerra de Malvinas y afirmar los derechos argentinos.<\/p>\n\n\n\n<p>El ministro mantuvo una reuni\u00f3n con Ricardo Andr\u00e9s Fr\u00edas, responsable del equipo conformado por profesionales de la Universidad Nacional de Tierra del Fuego, la Universidad Abierta Interamericana, la Universidad de la Defensa Nacional, la Universidad Nacional de C\u00f3rdoba, la Universidad de la Marina Mercante y la Universidad del Salvador que lleva a adelante el proyecto \u201cPoder infraestructural aplicable a la soberan\u00eda en el Atl\u00e1ntico Sur\u201d, una de las iniciativas seleccionadas en la convocatoria.<\/p>\n\n\n\n<p>En total se seleccionaron siete iniciativas por un total de $24.975.000 que se distribuyen dentro de los cuatro ejes tem\u00e1ticos de la convocatoria:<br>* Relaciones Internacionales y Asuntos Jur\u00eddicos<br>* Ciencias Sociales y Humanas<br>* Ciencias Naturales y Medio Ambiente<br>* Econom\u00eda y Recursos Naturales<\/p>\n\n\n\n<p>Adem\u00e1s, se contempla un refuerzo de $8.000.000 para aquellos proyectos que prevean la realizaci\u00f3n de trabajo de campo en la Patagonia, Ant\u00e1rtida e Islas del Atl\u00e1ntico Sur como as\u00ed tambi\u00e9n en los espacios mar\u00edtimos correspondientes.<\/p>\n\n\n\n<p><strong>\u00bfCu\u00e1l es el objetivo de la Convocatoria PICTO Malvinas, Ant\u00e1rtida y Atl\u00e1ntico Sur?<\/strong><\/p>\n\n\n\n<p>La convocatoria tiene el objetivo de colaborar en la construcci\u00f3n de una pol\u00edtica bi-continental y oce\u00e1nica para nuestro pa\u00eds y tiende a promover el desarrollo del conocimiento multidisciplinar sobre las Islas Malvinas, Georgias del Sur, S\u00e1ndwich del Sur y los espacios mar\u00edtimos correspondientes, seg\u00fan lo prescripto por la Disposici\u00f3n Transitoria Primera de la Constituci\u00f3n Nacional, as\u00ed como de la Ant\u00e1rtida y el Atl\u00e1ntico Sur, tanto en t\u00e9rminos de soberan\u00eda como en lo relativo a su potencialidad para el desarrollo y a la consideraci\u00f3n de su importancia geoestrat\u00e9gica. El financiamiento es gestionado a trav\u00e9s del Fondo para la Investigaci\u00f3n Cient\u00edfica y Tecnol\u00f3gica (FONCyT) dependiente de la Agencia I+D+i.<\/p>\n\n\n\n<p>Fuente: argentina.gob.ar <\/p>\n","protected":false},"excerpt":{"rendered":"","protected":false},"author":6,"featured_media":65865,"comment_status":"open","ping_status":"open","sticky":false,"template":"","format":"standard","meta":{"site-sidebar-layout":"default","site-content-layout":"","ast-site-content-layout":"default","site-content-style":"default","site-sidebar-style":"default","ast-global-header-display":"","ast-banner-title-visibility":"","ast-main-header-display":"","ast-hfb-above-header-display":"","ast-hfb-below-header-display":"","ast-hfb-mobile-header-display":"","site-post-title":"","ast-breadcrumbs-content":"","ast-featured-img":"","footer-sml-layout":"","ast-disable-related-posts":"","theme-transparent-header-meta":"","adv-header-id-meta":"","stick-header-meta":"","header-above-stick-meta":"","header-main-stick-meta":"","header-below-stick-meta":"","astra-migrate-meta-layouts":"default","ast-page-background-enabled":"default","ast-page-background-meta":{"desktop":{"background-color":"var(--ast-global-color-5)","background-image":"","background-repeat":"repeat","background-position":"center center","background-size":"auto","background-attachment":"scroll","background-type":"","background-media":"","overlay-type":"","overlay-color":"","overlay-opacity":"","overlay-gradient":""},"tablet":{"background-color":"","background-image":"","background-repeat":"repeat","background-position":"center center","background-size":"auto","background-attachment":"scroll","background-type":"","background-media":"","overlay-type":"","overlay-color":"","overlay-opacity":"","overlay-gradient":""},"mobile":{"background-color":"","background-image":"","background-repeat":"repeat","background-position":"center center","background-size":"auto","background-attachment":"scroll","background-type":"","background-media":"","overlay-type":"","overlay-color":"","overlay-opacity":"","overlay-gradient":""}},"ast-content-background-meta":{"desktop":{"background-color":"var(--ast-global-color-4)","background-image":"","background-repeat":"repeat","background-position":"center center","background-size":"auto","background-attachment":"scroll","background-type":"","background-media":"","overlay-type":"","overlay-color":"","overlay-opacity":"","overlay-gradient":""},"tablet":{"background-color":"var(--ast-global-color-4)","background-image":"","background-repeat":"repeat","background-position":"center center","background-size":"auto","background-attachment":"scroll","background-type":"","background-media":"","overlay-type":"","overlay-color":"","overlay-opacity":"","overlay-gradient":""},"mobile":{"background-color":"var(--ast-global-color-4)","background-image":"","background-repeat":"repeat","background-position":"center center","background-size":"auto","background-attachment":"scroll","background-type":"","background-media":"","overlay-type":"","overlay-color":"","overlay-opacity":"","overlay-gradient":""}},"footnotes":""},"categories":[11,19,1,10],"tags":[],"class_list":["post-75618","post","type-post","status-publish","format-standard","has-post-thumbnail","hentry","category-boletin","category-nacionales","category-noticias","category-rotador"],"yoast_head":"<!-- This site is optimized with the Yoast SEO Premium plugin v23.0 (Yoast SEO v27.4) - https:\/\/yoast.com\/product\/yoast-seo-premium-wordpress\/ -->\n<title>Se financiar\u00e1n siete iniciativas para producir conocimiento en torno a Malvinas, Ant\u00e1rtida y Atl\u00e1ntico Sur<\/title>\n<meta name=\"robots\" content=\"index, follow, max-snippet:-1, max-image-preview:large, max-video-preview:-1\" \/>\n<link rel=\"canonical\" href=\"https:\/\/patagoniambiental.com.ar\/info\/se-financiaran-siete-iniciativas-para-producir-conocimiento-en-torno-a-malvinas-antartida-y-atlantico-sur\/\" \/>\n<meta property=\"og:locale\" content=\"es_ES\" \/>\n<meta property=\"og:type\" content=\"article\" \/>\n<meta property=\"og:title\" content=\"Se financiar\u00e1n siete iniciativas para producir conocimiento en torno a Malvinas, Ant\u00e1rtida y Atl\u00e1ntico Sur\" \/>\n<meta property=\"og:url\" content=\"https:\/\/patagoniambiental.com.ar\/info\/se-financiaran-siete-iniciativas-para-producir-conocimiento-en-torno-a-malvinas-antartida-y-atlantico-sur\/\" \/>\n<meta property=\"og:site_name\" content=\"Patagonia Ambiental\" \/>\n<meta property=\"article:publisher\" content=\"https:\/\/www.facebook.com\/patagonia.ambiental\" \/>\n<meta property=\"article:published_time\" content=\"2022-04-03T22:00:00+00:00\" \/>\n<meta property=\"og:image\" content=\"https:\/\/patagoniambiental.com.ar\/info\/wp-content\/uploads\/2020\/04\/placa_malvinas_a_fb.jpg\" \/>\n\t<meta property=\"og:image:width\" content=\"1200\" \/>\n\t<meta property=\"og:image:height\" content=\"630\" \/>\n\t<meta property=\"og:image:type\" content=\"image\/jpeg\" \/>\n<meta name=\"author\" content=\"BRAIAN ESTEVEZ\" \/>\n<meta name=\"twitter:card\" content=\"summary_large_image\" \/>\n<meta name=\"twitter:creator\" content=\"@PatAmb\" \/>\n<meta name=\"twitter:site\" content=\"@PatAmb\" \/>\n<script type=\"application\/ld+json\" class=\"yoast-schema-graph\">{\"@context\":\"https:\\\/\\\/schema.org\",\"@graph\":[{\"@type\":\"Article\",\"@id\":\"https:\\\/\\\/patagoniambiental.com.ar\\\/info\\\/se-financiaran-siete-iniciativas-para-producir-conocimiento-en-torno-a-malvinas-antartida-y-atlantico-sur\\\/#article\",\"isPartOf\":{\"@id\":\"https:\\\/\\\/patagoniambiental.com.ar\\\/info\\\/se-financiaran-siete-iniciativas-para-producir-conocimiento-en-torno-a-malvinas-antartida-y-atlantico-sur\\\/\"},\"author\":{\"name\":\"BRAIAN ESTEVEZ\",\"@id\":\"https:\\\/\\\/patagoniambiental.com.ar\\\/info\\\/#\\\/schema\\\/person\\\/e5af09d700b2e82cb10c6b8800e0c691\"},\"headline\":\"Se financiar\u00e1n siete iniciativas para producir conocimiento en torno a Malvinas, Ant\u00e1rtida y Atl\u00e1ntico Sur\",\"datePublished\":\"2022-04-03T22:00:00+00:00\",\"mainEntityOfPage\":{\"@id\":\"https:\\\/\\\/patagoniambiental.com.ar\\\/info\\\/se-financiaran-siete-iniciativas-para-producir-conocimiento-en-torno-a-malvinas-antartida-y-atlantico-sur\\\/\"},\"wordCount\":799,\"commentCount\":0,\"publisher\":{\"@id\":\"https:\\\/\\\/patagoniambiental.com.ar\\\/info\\\/#organization\"},\"image\":{\"@id\":\"https:\\\/\\\/patagoniambiental.com.ar\\\/info\\\/se-financiaran-siete-iniciativas-para-producir-conocimiento-en-torno-a-malvinas-antartida-y-atlantico-sur\\\/#primaryimage\"},\"thumbnailUrl\":\"https:\\\/\\\/patagoniambiental.com.ar\\\/info\\\/wp-content\\\/uploads\\\/2020\\\/04\\\/placa_malvinas_a_fb.jpg\",\"articleSection\":[\"Bolet\u00edn\",\"Nacionales\",\"Noticias\",\"Rotador\"],\"inLanguage\":\"es\",\"potentialAction\":[{\"@type\":\"CommentAction\",\"name\":\"Comment\",\"target\":[\"https:\\\/\\\/patagoniambiental.com.ar\\\/info\\\/se-financiaran-siete-iniciativas-para-producir-conocimiento-en-torno-a-malvinas-antartida-y-atlantico-sur\\\/#respond\"]}]},{\"@type\":\"WebPage\",\"@id\":\"https:\\\/\\\/patagoniambiental.com.ar\\\/info\\\/se-financiaran-siete-iniciativas-para-producir-conocimiento-en-torno-a-malvinas-antartida-y-atlantico-sur\\\/\",\"url\":\"https:\\\/\\\/patagoniambiental.com.ar\\\/info\\\/se-financiaran-siete-iniciativas-para-producir-conocimiento-en-torno-a-malvinas-antartida-y-atlantico-sur\\\/\",\"name\":\"Se financiar\u00e1n siete iniciativas para producir conocimiento en torno a Malvinas, Ant\u00e1rtida y Atl\u00e1ntico Sur\",\"isPartOf\":{\"@id\":\"https:\\\/\\\/patagoniambiental.com.ar\\\/info\\\/#website\"},\"primaryImageOfPage\":{\"@id\":\"https:\\\/\\\/patagoniambiental.com.ar\\\/info\\\/se-financiaran-siete-iniciativas-para-producir-conocimiento-en-torno-a-malvinas-antartida-y-atlantico-sur\\\/#primaryimage\"},\"image\":{\"@id\":\"https:\\\/\\\/patagoniambiental.com.ar\\\/info\\\/se-financiaran-siete-iniciativas-para-producir-conocimiento-en-torno-a-malvinas-antartida-y-atlantico-sur\\\/#primaryimage\"},\"thumbnailUrl\":\"https:\\\/\\\/patagoniambiental.com.ar\\\/info\\\/wp-content\\\/uploads\\\/2020\\\/04\\\/placa_malvinas_a_fb.jpg\",\"datePublished\":\"2022-04-03T22:00:00+00:00\",\"breadcrumb\":{\"@id\":\"https:\\\/\\\/patagoniambiental.com.ar\\\/info\\\/se-financiaran-siete-iniciativas-para-producir-conocimiento-en-torno-a-malvinas-antartida-y-atlantico-sur\\\/#breadcrumb\"},\"inLanguage\":\"es\",\"potentialAction\":[{\"@type\":\"ReadAction\",\"target\":[\"https:\\\/\\\/patagoniambiental.com.ar\\\/info\\\/se-financiaran-siete-iniciativas-para-producir-conocimiento-en-torno-a-malvinas-antartida-y-atlantico-sur\\\/\"]}]},{\"@type\":\"ImageObject\",\"inLanguage\":\"es\",\"@id\":\"https:\\\/\\\/patagoniambiental.com.ar\\\/info\\\/se-financiaran-siete-iniciativas-para-producir-conocimiento-en-torno-a-malvinas-antartida-y-atlantico-sur\\\/#primaryimage\",\"url\":\"https:\\\/\\\/patagoniambiental.com.ar\\\/info\\\/wp-content\\\/uploads\\\/2020\\\/04\\\/placa_malvinas_a_fb.jpg\",\"contentUrl\":\"https:\\\/\\\/patagoniambiental.com.ar\\\/info\\\/wp-content\\\/uploads\\\/2020\\\/04\\\/placa_malvinas_a_fb.jpg\",\"width\":1143,\"height\":600},{\"@type\":\"BreadcrumbList\",\"@id\":\"https:\\\/\\\/patagoniambiental.com.ar\\\/info\\\/se-financiaran-siete-iniciativas-para-producir-conocimiento-en-torno-a-malvinas-antartida-y-atlantico-sur\\\/#breadcrumb\",\"itemListElement\":[{\"@type\":\"ListItem\",\"position\":1,\"name\":\"Inicio\",\"item\":\"https:\\\/\\\/patagoniambiental.com.ar\\\/info\\\/\"},{\"@type\":\"ListItem\",\"position\":2,\"name\":\"Se financiar\u00e1n siete iniciativas para producir conocimiento en torno a Malvinas, Ant\u00e1rtida y Atl\u00e1ntico Sur\"}]},{\"@type\":\"WebSite\",\"@id\":\"https:\\\/\\\/patagoniambiental.com.ar\\\/info\\\/#website\",\"url\":\"https:\\\/\\\/patagoniambiental.com.ar\\\/info\\\/\",\"name\":\"Patagonia Ambiental\",\"description\":\"Monitoreo y an\u00e1lisis de la situaci\u00f3n geopol\u00edtica en el mundo y su implicancia en la Patagonia\",\"publisher\":{\"@id\":\"https:\\\/\\\/patagoniambiental.com.ar\\\/info\\\/#organization\"},\"potentialAction\":[{\"@type\":\"SearchAction\",\"target\":{\"@type\":\"EntryPoint\",\"urlTemplate\":\"https:\\\/\\\/patagoniambiental.com.ar\\\/info\\\/?s={search_term_string}\"},\"query-input\":{\"@type\":\"PropertyValueSpecification\",\"valueRequired\":true,\"valueName\":\"search_term_string\"}}],\"inLanguage\":\"es\"},{\"@type\":\"Organization\",\"@id\":\"https:\\\/\\\/patagoniambiental.com.ar\\\/info\\\/#organization\",\"name\":\"Patagonia Ambiental\",\"url\":\"https:\\\/\\\/patagoniambiental.com.ar\\\/info\\\/\",\"logo\":{\"@type\":\"ImageObject\",\"inLanguage\":\"es\",\"@id\":\"https:\\\/\\\/patagoniambiental.com.ar\\\/info\\\/#\\\/schema\\\/logo\\\/image\\\/\",\"url\":\"https:\\\/\\\/patagoniambiental.com.ar\\\/info\\\/wp-content\\\/uploads\\\/2025\\\/05\\\/LOGO-PATAGONIA-AMBIENTAL.png\",\"contentUrl\":\"https:\\\/\\\/patagoniambiental.com.ar\\\/info\\\/wp-content\\\/uploads\\\/2025\\\/05\\\/LOGO-PATAGONIA-AMBIENTAL.png\",\"width\":433,\"height\":250,\"caption\":\"Patagonia Ambiental\"},\"image\":{\"@id\":\"https:\\\/\\\/patagoniambiental.com.ar\\\/info\\\/#\\\/schema\\\/logo\\\/image\\\/\"},\"sameAs\":[\"https:\\\/\\\/www.facebook.com\\\/patagonia.ambiental\",\"https:\\\/\\\/x.com\\\/PatAmb\"]},{\"@type\":\"Person\",\"@id\":\"https:\\\/\\\/patagoniambiental.com.ar\\\/info\\\/#\\\/schema\\\/person\\\/e5af09d700b2e82cb10c6b8800e0c691\",\"name\":\"BRAIAN ESTEVEZ\",\"sameAs\":[\"http:\\\/\\\/www.patagoniambiental.com.ar\"]}]}<\/script>\n<!-- \/ Yoast SEO Premium plugin. -->","yoast_head_json":{"title":"Se financiar\u00e1n siete iniciativas para producir conocimiento en torno a Malvinas, Ant\u00e1rtida y Atl\u00e1ntico Sur","robots":{"index":"index","follow":"follow","max-snippet":"max-snippet:-1","max-image-preview":"max-image-preview:large","max-video-preview":"max-video-preview:-1"},"canonical":"https:\/\/patagoniambiental.com.ar\/info\/se-financiaran-siete-iniciativas-para-producir-conocimiento-en-torno-a-malvinas-antartida-y-atlantico-sur\/","og_locale":"es_ES","og_type":"article","og_title":"Se financiar\u00e1n siete iniciativas para producir conocimiento en torno a Malvinas, Ant\u00e1rtida y Atl\u00e1ntico Sur","og_url":"https:\/\/patagoniambiental.com.ar\/info\/se-financiaran-siete-iniciativas-para-producir-conocimiento-en-torno-a-malvinas-antartida-y-atlantico-sur\/","og_site_name":"Patagonia Ambiental","article_publisher":"https:\/\/www.facebook.com\/patagonia.ambiental","article_published_time":"2022-04-03T22:00:00+00:00","og_image":[{"width":1200,"height":630,"url":"https:\/\/patagoniambiental.com.ar\/info\/wp-content\/uploads\/2020\/04\/placa_malvinas_a_fb.jpg","type":"image\/jpeg"}],"author":"BRAIAN ESTEVEZ","twitter_card":"summary_large_image","twitter_creator":"@PatAmb","twitter_site":"@PatAmb","schema":{"@context":"https:\/\/schema.org","@graph":[{"@type":"Article","@id":"https:\/\/patagoniambiental.com.ar\/info\/se-financiaran-siete-iniciativas-para-producir-conocimiento-en-torno-a-malvinas-antartida-y-atlantico-sur\/#article","isPartOf":{"@id":"https:\/\/patagoniambiental.com.ar\/info\/se-financiaran-siete-iniciativas-para-producir-conocimiento-en-torno-a-malvinas-antartida-y-atlantico-sur\/"},"author":{"name":"BRAIAN ESTEVEZ","@id":"https:\/\/patagoniambiental.com.ar\/info\/#\/schema\/person\/e5af09d700b2e82cb10c6b8800e0c691"},"headline":"Se financiar\u00e1n siete iniciativas para producir conocimiento en torno a Malvinas, Ant\u00e1rtida y Atl\u00e1ntico Sur","datePublished":"2022-04-03T22:00:00+00:00","mainEntityOfPage":{"@id":"https:\/\/patagoniambiental.com.ar\/info\/se-financiaran-siete-iniciativas-para-producir-conocimiento-en-torno-a-malvinas-antartida-y-atlantico-sur\/"},"wordCount":799,"commentCount":0,"publisher":{"@id":"https:\/\/patagoniambiental.com.ar\/info\/#organization"},"image":{"@id":"https:\/\/patagoniambiental.com.ar\/info\/se-financiaran-siete-iniciativas-para-producir-conocimiento-en-torno-a-malvinas-antartida-y-atlantico-sur\/#primaryimage"},"thumbnailUrl":"https:\/\/patagoniambiental.com.ar\/info\/wp-content\/uploads\/2020\/04\/placa_malvinas_a_fb.jpg","articleSection":["Bolet\u00edn","Nacionales","Noticias","Rotador"],"inLanguage":"es","potentialAction":[{"@type":"CommentAction","name":"Comment","target":["https:\/\/patagoniambiental.com.ar\/info\/se-financiaran-siete-iniciativas-para-producir-conocimiento-en-torno-a-malvinas-antartida-y-atlantico-sur\/#respond"]}]},{"@type":"WebPage","@id":"https:\/\/patagoniambiental.com.ar\/info\/se-financiaran-siete-iniciativas-para-producir-conocimiento-en-torno-a-malvinas-antartida-y-atlantico-sur\/","url":"https:\/\/patagoniambiental.com.ar\/info\/se-financiaran-siete-iniciativas-para-producir-conocimiento-en-torno-a-malvinas-antartida-y-atlantico-sur\/","name":"Se financiar\u00e1n siete iniciativas para producir conocimiento en torno a Malvinas, Ant\u00e1rtida y Atl\u00e1ntico Sur","isPartOf":{"@id":"https:\/\/patagoniambiental.com.ar\/info\/#website"},"primaryImageOfPage":{"@id":"https:\/\/patagoniambiental.com.ar\/info\/se-financiaran-siete-iniciativas-para-producir-conocimiento-en-torno-a-malvinas-antartida-y-atlantico-sur\/#primaryimage"},"image":{"@id":"https:\/\/patagoniambiental.com.ar\/info\/se-financiaran-siete-iniciativas-para-producir-conocimiento-en-torno-a-malvinas-antartida-y-atlantico-sur\/#primaryimage"},"thumbnailUrl":"https:\/\/patagoniambiental.com.ar\/info\/wp-content\/uploads\/2020\/04\/placa_malvinas_a_fb.jpg","datePublished":"2022-04-03T22:00:00+00:00","breadcrumb":{"@id":"https:\/\/patagoniambiental.com.ar\/info\/se-financiaran-siete-iniciativas-para-producir-conocimiento-en-torno-a-malvinas-antartida-y-atlantico-sur\/#breadcrumb"},"inLanguage":"es","potentialAction":[{"@type":"ReadAction","target":["https:\/\/patagoniambiental.com.ar\/info\/se-financiaran-siete-iniciativas-para-producir-conocimiento-en-torno-a-malvinas-antartida-y-atlantico-sur\/"]}]},{"@type":"ImageObject","inLanguage":"es","@id":"https:\/\/patagoniambiental.com.ar\/info\/se-financiaran-siete-iniciativas-para-producir-conocimiento-en-torno-a-malvinas-antartida-y-atlantico-sur\/#primaryimage","url":"https:\/\/patagoniambiental.com.ar\/info\/wp-content\/uploads\/2020\/04\/placa_malvinas_a_fb.jpg","contentUrl":"https:\/\/patagoniambiental.com.ar\/info\/wp-content\/uploads\/2020\/04\/placa_malvinas_a_fb.jpg","width":1143,"height":600},{"@type":"BreadcrumbList","@id":"https:\/\/patagoniambiental.com.ar\/info\/se-financiaran-siete-iniciativas-para-producir-conocimiento-en-torno-a-malvinas-antartida-y-atlantico-sur\/#breadcrumb","itemListElement":[{"@type":"ListItem","position":1,"name":"Inicio","item":"https:\/\/patagoniambiental.com.ar\/info\/"},{"@type":"ListItem","position":2,"name":"Se financiar\u00e1n siete iniciativas para producir conocimiento en torno a Malvinas, Ant\u00e1rtida y Atl\u00e1ntico Sur"}]},{"@type":"WebSite","@id":"https:\/\/patagoniambiental.com.ar\/info\/#website","url":"https:\/\/patagoniambiental.com.ar\/info\/","name":"Patagonia Ambiental","description":"Monitoreo y an\u00e1lisis de la situaci\u00f3n geopol\u00edtica en el mundo y su implicancia en la Patagonia","publisher":{"@id":"https:\/\/patagoniambiental.com.ar\/info\/#organization"},"potentialAction":[{"@type":"SearchAction","target":{"@type":"EntryPoint","urlTemplate":"https:\/\/patagoniambiental.com.ar\/info\/?s={search_term_string}"},"query-input":{"@type":"PropertyValueSpecification","valueRequired":true,"valueName":"search_term_string"}}],"inLanguage":"es"},{"@type":"Organization","@id":"https:\/\/patagoniambiental.com.ar\/info\/#organization","name":"Patagonia Ambiental","url":"https:\/\/patagoniambiental.com.ar\/info\/","logo":{"@type":"ImageObject","inLanguage":"es","@id":"https:\/\/patagoniambiental.com.ar\/info\/#\/schema\/logo\/image\/","url":"https:\/\/patagoniambiental.com.ar\/info\/wp-content\/uploads\/2025\/05\/LOGO-PATAGONIA-AMBIENTAL.png","contentUrl":"https:\/\/patagoniambiental.com.ar\/info\/wp-content\/uploads\/2025\/05\/LOGO-PATAGONIA-AMBIENTAL.png","width":433,"height":250,"caption":"Patagonia Ambiental"},"image":{"@id":"https:\/\/patagoniambiental.com.ar\/info\/#\/schema\/logo\/image\/"},"sameAs":["https:\/\/www.facebook.com\/patagonia.ambiental","https:\/\/x.com\/PatAmb"]},{"@type":"Person","@id":"https:\/\/patagoniambiental.com.ar\/info\/#\/schema\/person\/e5af09d700b2e82cb10c6b8800e0c691","name":"BRAIAN ESTEVEZ","sameAs":["http:\/\/www.patagoniambiental.com.ar"]}]}},"_links":{"self":[{"href":"https:\/\/patagoniambiental.com.ar\/info\/wp-json\/wp\/v2\/posts\/75618","targetHints":{"allow":["GET"]}}],"collection":[{"href":"https:\/\/patagoniambiental.com.ar\/info\/wp-json\/wp\/v2\/posts"}],"about":[{"href":"https:\/\/patagoniambiental.com.ar\/info\/wp-json\/wp\/v2\/types\/post"}],"author":[{"embeddable":true,"href":"https:\/\/patagoniambiental.com.ar\/info\/wp-json\/wp\/v2\/users\/6"}],"replies":[{"embeddable":true,"href":"https:\/\/patagoniambiental.com.ar\/info\/wp-json\/wp\/v2\/comments?post=75618"}],"version-history":[{"count":0,"href":"https:\/\/patagoniambiental.com.ar\/info\/wp-json\/wp\/v2\/posts\/75618\/revisions"}],"wp:featuredmedia":[{"embeddable":true,"href":"https:\/\/patagoniambiental.com.ar\/info\/wp-json\/wp\/v2\/media\/65865"}],"wp:attachment":[{"href":"https:\/\/patagoniambiental.com.ar\/info\/wp-json\/wp\/v2\/media?parent=75618"}],"wp:term":[{"taxonomy":"category","embeddable":true,"href":"https:\/\/patagoniambiental.com.ar\/info\/wp-json\/wp\/v2\/categories?post=75618"},{"taxonomy":"post_tag","embeddable":true,"href":"https:\/\/patagoniambiental.com.ar\/info\/wp-json\/wp\/v2\/tags?post=75618"}],"curies":[{"name":"wp","href":"https:\/\/api.w.org\/{rel}","templated":true}]}}